{"id":27581,"date":"2018-12-17T13:00:05","date_gmt":"2018-12-17T12:00:05","guid":{"rendered":"https:\/\/guineediversite.com\/?p=27581"},"modified":"2018-12-17T13:00:05","modified_gmt":"2018-12-17T12:00:05","slug":"mali-les-affrontements-communautaires-se-multiplient-dans-le-centre-du-pays","status":"publish","type":"post","link":"https:\/\/guineediversite.com\/index.php\/2018\/12\/17\/mali-les-affrontements-communautaires-se-multiplient-dans-le-centre-du-pays\/","title":{"rendered":"Mali: les affrontements communautaires se multiplient dans le centre du pays"},"content":{"rendered":"<h2>Au Mali, dans le centre du pays, les \u00ab\u00a0affrontements communautaires se sont multipli\u00e9s\u00a0\u00bb, selon un communiqu\u00e9 de l\u2019arm\u00e9e malienne. Les Famas annoncent ce week-end avoir arr\u00eat\u00e9 quatre chasseurs dozos la semaine derni\u00e8re. Car, en plus de la menace jihadiste qui p\u00e8se sur cette r\u00e9gion, les affrontements communautaires opposent surtout les \u00e9leveurs peuls aux cultivateurs dogons et aux dozos, les chasseurs traditionnels. Chaque ethnie, regroup\u00e9e en groupes d\u2019autod\u00e9fense ou milices arm\u00e9es, continue de multiplier les exactions.<\/h2>\n<p>Ce jeudi 13 d\u00e9cembre, l\u2019arm\u00e9e intervient \u00e0 Sadia-Peulh, un village du cercle de Bankass au centre du Mali. Des chasseurs dozos y incendient des habitations et s\u2019en prennent au b\u00e9tail. Quatre d\u2019entre eux sont interpell\u00e9s par les militaires puis transf\u00e9r\u00e9s dans la ville de S\u00e9var\u00e9, indique un communiqu\u00e9 des forces maliennes.<\/p>\n<p><strong>\u00ab\u00a0<em>Propagande<\/em>\u00a0\u00bb<\/strong><\/p>\n<p>Fait nouveau\u00a0: ce document officiel confirme que les chasseurs dozos ont attaqu\u00e9 un village peul. De son c\u00f4t\u00e9, Tabital Pulaku, une association de d\u00e9fense de cette communaut\u00e9, consid\u00e8re ces arrestations en conf\u00e9rence de presse ce dimanche comme une \u00ab\u00a0<em>propagande<\/em>\u00a0\u00bb, car \u00ab\u00a0<em>l\u2019\u00c9tat soutient les milices dozos ou dogon<\/em>\u00a0\u00bb affirme Hamadoune Dicko, le pr\u00e9sident de l\u2019organisation.<\/p>\n<p><strong>Les affrontements s&rsquo;intensifient<\/strong><\/p>\n<p>Un r\u00e9cent rapport de Human Rights Watch (HRW) assure que les victimes des affrontements sont souvent des peuls cibl\u00e9s par les groupes d\u2019autod\u00e9fense dogon \u00ab\u00a0<em>au motif qu\u2019ils soutiendraient des islamistes arm\u00e9s en lien avec al-Qa\u00efda<\/em>\u00a0\u00bb. Ce communiqu\u00e9 reconna\u00eet \u00e9galement que les affrontements entre communaut\u00e9s s\u2019intensifient dans le centre du pays. Le 5 d\u00e9cembre, une attaque du village de Lessagou, toujours dans le cercle de Bankass, a fait quinze morts selon le gouverneur de Mopti. Sur place, il assure qu\u2019une enqu\u00eate est ouverte.<\/p>\n<p>RFI<\/p>\n","protected":false},"excerpt":{"rendered":"<p>Au Mali, dans le centre du pays, les \u00ab\u00a0affrontements communautaires se sont multipli\u00e9s\u00a0\u00bb, selon un communiqu\u00e9 de l\u2019arm\u00e9e malienne. Les Famas annoncent ce week-end avoir arr\u00eat\u00e9 quatre chasseurs dozos la semaine derni\u00e8re. Car, en plus de la menace jihadiste qui p\u00e8se sur cette r\u00e9gion, les affrontements communautaires opposent surtout les \u00e9leveurs peuls aux cultivateurs dogons [&hellip;]<\/p>\n","protected":false},"author":12,"featured_media":27582,"comment_status":"closed","ping_status":"closed","sticky":false,"template":"","format":"standard","meta":{"_exactmetrics_skip_tracking":false,"_exactmetrics_sitenote_active":false,"_exactmetrics_sitenote_note":"","_exactmetrics_sitenote_category":0,"tdm_status":"","tdm_grid_status":"","footnotes":""},"categories":[21],"tags":[],"class_list":{"0":"post-27581","1":"post","2":"type-post","3":"status-publish","4":"format-standard","5":"has-post-thumbnail","7":"category-international"},"yoast_head":"<!-- This site is optimized with the Yoast SEO plugin v24.2 - https:\/\/yoast.com\/wordpress\/plugins\/seo\/ -->\n<title>Mali: les affrontements communautaires se multiplient dans le centre du pays | Guin\u00e9e Diversit\u00e9<\/title>\n<meta name=\"robots\" content=\"index, follow, max-snippet:-1, max-image-preview:large, max-video-preview:-1\" \/>\n<link rel=\"canonical\" href=\"https:\/\/guineediversite.com\/index.php\/2018\/12\/17\/mali-les-affrontements-communautaires-se-multiplient-dans-le-centre-du-pays\/\" \/>\n<meta property=\"og:locale\" content=\"fr_FR\" \/>\n<meta property=\"og:type\" content=\"article\" \/>\n<meta property=\"og:title\" content=\"Mali: les affrontements communautaires se multiplient dans le centre du pays | Guin\u00e9e Diversit\u00e9\" \/>\n<meta property=\"og:description\" content=\"Au Mali, dans le centre du pays, les \u00ab\u00a0affrontements communautaires se sont multipli\u00e9s\u00a0\u00bb, selon un communiqu\u00e9 de l\u2019arm\u00e9e malienne. Les Famas annoncent ce week-end avoir arr\u00eat\u00e9 quatre chasseurs dozos la semaine derni\u00e8re. Car, en plus de la menace jihadiste qui p\u00e8se sur cette r\u00e9gion, les affrontements communautaires opposent surtout les \u00e9leveurs peuls aux cultivateurs dogons [&hellip;]\" \/>\n<meta property=\"og:url\" content=\"https:\/\/guineediversite.com\/index.php\/2018\/12\/17\/mali-les-affrontements-communautaires-se-multiplient-dans-le-centre-du-pays\/\" \/>\n<meta property=\"og:site_name\" content=\"Guin\u00e9e Diversit\u00e9\" \/>\n<meta property=\"article:publisher\" content=\"https:\/\/www.facebook.com\/guineediversite\/\" \/>\n<meta property=\"article:published_time\" content=\"2018-12-17T12:00:05+00:00\" \/>\n<meta property=\"og:image\" content=\"https:\/\/guineediversite.com\/wp-content\/uploads\/2018\/12\/village_peul_mopti_konna_0.jpg\" \/>\n\t<meta property=\"og:image:width\" content=\"1024\" \/>\n\t<meta property=\"og:image:height\" content=\"578\" \/>\n\t<meta property=\"og:image:type\" content=\"image\/jpeg\" \/>\n<meta name=\"author\" content=\"Guin\u00e9e Diversit\u00e9\" \/>\n<meta name=\"twitter:card\" content=\"summary_large_image\" \/>\n<meta name=\"twitter:creator\" content=\"@GuineeDiversite\" \/>\n<meta name=\"twitter:site\" content=\"@GuineeDiversite\" \/>\n<meta name=\"twitter:label1\" content=\"\u00c9crit par\" \/>\n\t<meta name=\"twitter:data1\" content=\"Guin\u00e9e Diversit\u00e9\" \/>\n\t<meta name=\"twitter:label2\" content=\"Dur\u00e9e de lecture estim\u00e9e\" \/>\n\t<meta name=\"twitter:data2\" content=\"2 minutes\" \/>\n<script type=\"application\/ld+json\" class=\"yoast-schema-graph\">{\"@context\":\"https:\/\/schema.org\",\"@graph\":[{\"@type\":\"Article\",\"@id\":\"https:\/\/guineediversite.com\/index.php\/2018\/12\/17\/mali-les-affrontements-communautaires-se-multiplient-dans-le-centre-du-pays\/#article\",\"isPartOf\":{\"@id\":\"https:\/\/guineediversite.com\/index.php\/2018\/12\/17\/mali-les-affrontements-communautaires-se-multiplient-dans-le-centre-du-pays\/\"},\"author\":{\"name\":\"Guin\u00e9e Diversit\u00e9\",\"@id\":\"https:\/\/guineediversite.com\/#\/schema\/person\/afa08fb34e7fc6e1feafc892612bc836\"},\"headline\":\"Mali: les affrontements communautaires se multiplient dans le centre du pays\",\"datePublished\":\"2018-12-17T12:00:05+00:00\",\"dateModified\":\"2018-12-17T12:00:05+00:00\",\"mainEntityOfPage\":{\"@id\":\"https:\/\/guineediversite.com\/index.php\/2018\/12\/17\/mali-les-affrontements-communautaires-se-multiplient-dans-le-centre-du-pays\/\"},\"wordCount\":317,\"publisher\":{\"@id\":\"https:\/\/guineediversite.com\/#organization\"},\"image\":{\"@id\":\"https:\/\/guineediversite.com\/index.php\/2018\/12\/17\/mali-les-affrontements-communautaires-se-multiplient-dans-le-centre-du-pays\/#primaryimage\"},\"thumbnailUrl\":\"https:\/\/guineediversite.com\/wp-content\/uploads\/2018\/12\/village_peul_mopti_konna_0.jpg\",\"articleSection\":[\"International\"],\"inLanguage\":\"fr-FR\"},{\"@type\":\"WebPage\",\"@id\":\"https:\/\/guineediversite.com\/index.php\/2018\/12\/17\/mali-les-affrontements-communautaires-se-multiplient-dans-le-centre-du-pays\/\",\"url\":\"https:\/\/guineediversite.com\/index.php\/2018\/12\/17\/mali-les-affrontements-communautaires-se-multiplient-dans-le-centre-du-pays\/\",\"name\":\"Mali: les affrontements communautaires se multiplient dans le centre du pays | Guin\u00e9e Diversit\u00e9\",\"isPartOf\":{\"@id\":\"https:\/\/guineediversite.com\/#website\"},\"primaryImageOfPage\":{\"@id\":\"https:\/\/guineediversite.com\/index.php\/2018\/12\/17\/mali-les-affrontements-communautaires-se-multiplient-dans-le-centre-du-pays\/#primaryimage\"},\"image\":{\"@id\":\"https:\/\/guineediversite.com\/index.php\/2018\/12\/17\/mali-les-affrontements-communautaires-se-multiplient-dans-le-centre-du-pays\/#primaryimage\"},\"thumbnailUrl\":\"https:\/\/guineediversite.com\/wp-content\/uploads\/2018\/12\/village_peul_mopti_konna_0.jpg\",\"datePublished\":\"2018-12-17T12:00:05+00:00\",\"dateModified\":\"2018-12-17T12:00:05+00:00\",\"breadcrumb\":{\"@id\":\"https:\/\/guineediversite.com\/index.php\/2018\/12\/17\/mali-les-affrontements-communautaires-se-multiplient-dans-le-centre-du-pays\/#breadcrumb\"},\"inLanguage\":\"fr-FR\",\"potentialAction\":[{\"@type\":\"ReadAction\",\"target\":[\"https:\/\/guineediversite.com\/index.php\/2018\/12\/17\/mali-les-affrontements-communautaires-se-multiplient-dans-le-centre-du-pays\/\"]}]},{\"@type\":\"ImageObject\",\"inLanguage\":\"fr-FR\",\"@id\":\"https:\/\/guineediversite.com\/index.php\/2018\/12\/17\/mali-les-affrontements-communautaires-se-multiplient-dans-le-centre-du-pays\/#primaryimage\",\"url\":\"https:\/\/guineediversite.com\/wp-content\/uploads\/2018\/12\/village_peul_mopti_konna_0.jpg\",\"contentUrl\":\"https:\/\/guineediversite.com\/wp-content\/uploads\/2018\/12\/village_peul_mopti_konna_0.jpg\",\"width\":1024,\"height\":578},{\"@type\":\"BreadcrumbList\",\"@id\":\"https:\/\/guineediversite.com\/index.php\/2018\/12\/17\/mali-les-affrontements-communautaires-se-multiplient-dans-le-centre-du-pays\/#breadcrumb\",\"itemListElement\":[{\"@type\":\"ListItem\",\"position\":1,\"name\":\"Accueil\",\"item\":\"https:\/\/guineediversite.com\/\"},{\"@type\":\"ListItem\",\"position\":2,\"name\":\"Mali: les affrontements communautaires se multiplient dans le centre du pays\"}]},{\"@type\":\"WebSite\",\"@id\":\"https:\/\/guineediversite.com\/#website\",\"url\":\"https:\/\/guineediversite.com\/\",\"name\":\"Guin\u00e9e Diversit\u00e9\",\"description\":\"L&#039;Info dans toute sa diversit\u00e9\",\"publisher\":{\"@id\":\"https:\/\/guineediversite.com\/#organization\"},\"potentialAction\":[{\"@type\":\"SearchAction\",\"target\":{\"@type\":\"EntryPoint\",\"urlTemplate\":\"https:\/\/guineediversite.com\/?s={search_term_string}\"},\"query-input\":{\"@type\":\"PropertyValueSpecification\",\"valueRequired\":true,\"valueName\":\"search_term_string\"}}],\"inLanguage\":\"fr-FR\"},{\"@type\":\"Organization\",\"@id\":\"https:\/\/guineediversite.com\/#organization\",\"name\":\"Guin\u00e9e Diversit\u00e9\",\"url\":\"https:\/\/guineediversite.com\/\",\"logo\":{\"@type\":\"ImageObject\",\"inLanguage\":\"fr-FR\",\"@id\":\"https:\/\/guineediversite.com\/#\/schema\/logo\/image\/\",\"url\":\"https:\/\/guineediversite.com\/wp-content\/uploads\/2017\/04\/cropped-1jojlxEOMkX9Wyqfhe43D6kjPOGqBBKmx3EwWJqZ0cMrFF54yM49.png\",\"contentUrl\":\"https:\/\/guineediversite.com\/wp-content\/uploads\/2017\/04\/cropped-1jojlxEOMkX9Wyqfhe43D6kjPOGqBBKmx3EwWJqZ0cMrFF54yM49.png\",\"width\":186,\"height\":112,\"caption\":\"Guin\u00e9e Diversit\u00e9\"},\"image\":{\"@id\":\"https:\/\/guineediversite.com\/#\/schema\/logo\/image\/\"},\"sameAs\":[\"https:\/\/www.facebook.com\/guineediversite\/\",\"https:\/\/x.com\/GuineeDiversite\",\"https:\/\/www.youtube.com\/channel\/UC8sUY16qelG5ge6_D5SB83g\"]},{\"@type\":\"Person\",\"@id\":\"https:\/\/guineediversite.com\/#\/schema\/person\/afa08fb34e7fc6e1feafc892612bc836\",\"name\":\"Guin\u00e9e Diversit\u00e9\",\"image\":{\"@type\":\"ImageObject\",\"inLanguage\":\"fr-FR\",\"@id\":\"https:\/\/guineediversite.com\/#\/schema\/person\/image\/\",\"url\":\"https:\/\/secure.gravatar.com\/avatar\/50d5eb5b390f8b65ac30ac6f898eb83a?s=96&d=mm&r=g\",\"contentUrl\":\"https:\/\/secure.gravatar.com\/avatar\/50d5eb5b390f8b65ac30ac6f898eb83a?s=96&d=mm&r=g\",\"caption\":\"Guin\u00e9e Diversit\u00e9\"},\"url\":\"https:\/\/guineediversite.com\/index.php\/author\/guineediversite\/\"}]}<\/script>\n<!-- \/ Yoast SEO plugin. -->","yoast_head_json":{"title":"Mali: les affrontements communautaires se multiplient dans le centre du pays | Guin\u00e9e Diversit\u00e9","robots":{"index":"index","follow":"follow","max-snippet":"max-snippet:-1","max-image-preview":"max-image-preview:large","max-video-preview":"max-video-preview:-1"},"canonical":"https:\/\/guineediversite.com\/index.php\/2018\/12\/17\/mali-les-affrontements-communautaires-se-multiplient-dans-le-centre-du-pays\/","og_locale":"fr_FR","og_type":"article","og_title":"Mali: les affrontements communautaires se multiplient dans le centre du pays | Guin\u00e9e Diversit\u00e9","og_description":"Au Mali, dans le centre du pays, les \u00ab\u00a0affrontements communautaires se sont multipli\u00e9s\u00a0\u00bb, selon un communiqu\u00e9 de l\u2019arm\u00e9e malienne. Les Famas annoncent ce week-end avoir arr\u00eat\u00e9 quatre chasseurs dozos la semaine derni\u00e8re. Car, en plus de la menace jihadiste qui p\u00e8se sur cette r\u00e9gion, les affrontements communautaires opposent surtout les \u00e9leveurs peuls aux cultivateurs dogons [&hellip;]","og_url":"https:\/\/guineediversite.com\/index.php\/2018\/12\/17\/mali-les-affrontements-communautaires-se-multiplient-dans-le-centre-du-pays\/","og_site_name":"Guin\u00e9e Diversit\u00e9","article_publisher":"https:\/\/www.facebook.com\/guineediversite\/","article_published_time":"2018-12-17T12:00:05+00:00","og_image":[{"width":1024,"height":578,"url":"https:\/\/guineediversite.com\/wp-content\/uploads\/2018\/12\/village_peul_mopti_konna_0.jpg","type":"image\/jpeg"}],"author":"Guin\u00e9e Diversit\u00e9","twitter_card":"summary_large_image","twitter_creator":"@GuineeDiversite","twitter_site":"@GuineeDiversite","twitter_misc":{"\u00c9crit par":"Guin\u00e9e Diversit\u00e9","Dur\u00e9e de lecture estim\u00e9e":"2 minutes"},"schema":{"@context":"https:\/\/schema.org","@graph":[{"@type":"Article","@id":"https:\/\/guineediversite.com\/index.php\/2018\/12\/17\/mali-les-affrontements-communautaires-se-multiplient-dans-le-centre-du-pays\/#article","isPartOf":{"@id":"https:\/\/guineediversite.com\/index.php\/2018\/12\/17\/mali-les-affrontements-communautaires-se-multiplient-dans-le-centre-du-pays\/"},"author":{"name":"Guin\u00e9e Diversit\u00e9","@id":"https:\/\/guineediversite.com\/#\/schema\/person\/afa08fb34e7fc6e1feafc892612bc836"},"headline":"Mali: les affrontements communautaires se multiplient dans le centre du pays","datePublished":"2018-12-17T12:00:05+00:00","dateModified":"2018-12-17T12:00:05+00:00","mainEntityOfPage":{"@id":"https:\/\/guineediversite.com\/index.php\/2018\/12\/17\/mali-les-affrontements-communautaires-se-multiplient-dans-le-centre-du-pays\/"},"wordCount":317,"publisher":{"@id":"https:\/\/guineediversite.com\/#organization"},"image":{"@id":"https:\/\/guineediversite.com\/index.php\/2018\/12\/17\/mali-les-affrontements-communautaires-se-multiplient-dans-le-centre-du-pays\/#primaryimage"},"thumbnailUrl":"https:\/\/guineediversite.com\/wp-content\/uploads\/2018\/12\/village_peul_mopti_konna_0.jpg","articleSection":["International"],"inLanguage":"fr-FR"},{"@type":"WebPage","@id":"https:\/\/guineediversite.com\/index.php\/2018\/12\/17\/mali-les-affrontements-communautaires-se-multiplient-dans-le-centre-du-pays\/","url":"https:\/\/guineediversite.com\/index.php\/2018\/12\/17\/mali-les-affrontements-communautaires-se-multiplient-dans-le-centre-du-pays\/","name":"Mali: les affrontements communautaires se multiplient dans le centre du pays | Guin\u00e9e Diversit\u00e9","isPartOf":{"@id":"https:\/\/guineediversite.com\/#website"},"primaryImageOfPage":{"@id":"https:\/\/guineediversite.com\/index.php\/2018\/12\/17\/mali-les-affrontements-communautaires-se-multiplient-dans-le-centre-du-pays\/#primaryimage"},"image":{"@id":"https:\/\/guineediversite.com\/index.php\/2018\/12\/17\/mali-les-affrontements-communautaires-se-multiplient-dans-le-centre-du-pays\/#primaryimage"},"thumbnailUrl":"https:\/\/guineediversite.com\/wp-content\/uploads\/2018\/12\/village_peul_mopti_konna_0.jpg","datePublished":"2018-12-17T12:00:05+00:00","dateModified":"2018-12-17T12:00:05+00:00","breadcrumb":{"@id":"https:\/\/guineediversite.com\/index.php\/2018\/12\/17\/mali-les-affrontements-communautaires-se-multiplient-dans-le-centre-du-pays\/#breadcrumb"},"inLanguage":"fr-FR","potentialAction":[{"@type":"ReadAction","target":["https:\/\/guineediversite.com\/index.php\/2018\/12\/17\/mali-les-affrontements-communautaires-se-multiplient-dans-le-centre-du-pays\/"]}]},{"@type":"ImageObject","inLanguage":"fr-FR","@id":"https:\/\/guineediversite.com\/index.php\/2018\/12\/17\/mali-les-affrontements-communautaires-se-multiplient-dans-le-centre-du-pays\/#primaryimage","url":"https:\/\/guineediversite.com\/wp-content\/uploads\/2018\/12\/village_peul_mopti_konna_0.jpg","contentUrl":"https:\/\/guineediversite.com\/wp-content\/uploads\/2018\/12\/village_peul_mopti_konna_0.jpg","width":1024,"height":578},{"@type":"BreadcrumbList","@id":"https:\/\/guineediversite.com\/index.php\/2018\/12\/17\/mali-les-affrontements-communautaires-se-multiplient-dans-le-centre-du-pays\/#breadcrumb","itemListElement":[{"@type":"ListItem","position":1,"name":"Accueil","item":"https:\/\/guineediversite.com\/"},{"@type":"ListItem","position":2,"name":"Mali: les affrontements communautaires se multiplient dans le centre du pays"}]},{"@type":"WebSite","@id":"https:\/\/guineediversite.com\/#website","url":"https:\/\/guineediversite.com\/","name":"Guin\u00e9e Diversit\u00e9","description":"L&#039;Info dans toute sa diversit\u00e9","publisher":{"@id":"https:\/\/guineediversite.com\/#organization"},"potentialAction":[{"@type":"SearchAction","target":{"@type":"EntryPoint","urlTemplate":"https:\/\/guineediversite.com\/?s={search_term_string}"},"query-input":{"@type":"PropertyValueSpecification","valueRequired":true,"valueName":"search_term_string"}}],"inLanguage":"fr-FR"},{"@type":"Organization","@id":"https:\/\/guineediversite.com\/#organization","name":"Guin\u00e9e Diversit\u00e9","url":"https:\/\/guineediversite.com\/","logo":{"@type":"ImageObject","inLanguage":"fr-FR","@id":"https:\/\/guineediversite.com\/#\/schema\/logo\/image\/","url":"https:\/\/guineediversite.com\/wp-content\/uploads\/2017\/04\/cropped-1jojlxEOMkX9Wyqfhe43D6kjPOGqBBKmx3EwWJqZ0cMrFF54yM49.png","contentUrl":"https:\/\/guineediversite.com\/wp-content\/uploads\/2017\/04\/cropped-1jojlxEOMkX9Wyqfhe43D6kjPOGqBBKmx3EwWJqZ0cMrFF54yM49.png","width":186,"height":112,"caption":"Guin\u00e9e Diversit\u00e9"},"image":{"@id":"https:\/\/guineediversite.com\/#\/schema\/logo\/image\/"},"sameAs":["https:\/\/www.facebook.com\/guineediversite\/","https:\/\/x.com\/GuineeDiversite","https:\/\/www.youtube.com\/channel\/UC8sUY16qelG5ge6_D5SB83g"]},{"@type":"Person","@id":"https:\/\/guineediversite.com\/#\/schema\/person\/afa08fb34e7fc6e1feafc892612bc836","name":"Guin\u00e9e Diversit\u00e9","image":{"@type":"ImageObject","inLanguage":"fr-FR","@id":"https:\/\/guineediversite.com\/#\/schema\/person\/image\/","url":"https:\/\/secure.gravatar.com\/avatar\/50d5eb5b390f8b65ac30ac6f898eb83a?s=96&d=mm&r=g","contentUrl":"https:\/\/secure.gravatar.com\/avatar\/50d5eb5b390f8b65ac30ac6f898eb83a?s=96&d=mm&r=g","caption":"Guin\u00e9e Diversit\u00e9"},"url":"https:\/\/guineediversite.com\/index.php\/author\/guineediversite\/"}]}},"_links":{"self":[{"href":"https:\/\/guineediversite.com\/index.php\/wp-json\/wp\/v2\/posts\/27581"}],"collection":[{"href":"https:\/\/guineediversite.com\/index.php\/wp-json\/wp\/v2\/posts"}],"about":[{"href":"https:\/\/guineediversite.com\/index.php\/wp-json\/wp\/v2\/types\/post"}],"author":[{"embeddable":true,"href":"https:\/\/guineediversite.com\/index.php\/wp-json\/wp\/v2\/users\/12"}],"replies":[{"embeddable":true,"href":"https:\/\/guineediversite.com\/index.php\/wp-json\/wp\/v2\/comments?post=27581"}],"version-history":[{"count":0,"href":"https:\/\/guineediversite.com\/index.php\/wp-json\/wp\/v2\/posts\/27581\/revisions"}],"wp:featuredmedia":[{"embeddable":true,"href":"https:\/\/guineediversite.com\/index.php\/wp-json\/wp\/v2\/media\/27582"}],"wp:attachment":[{"href":"https:\/\/guineediversite.com\/index.php\/wp-json\/wp\/v2\/media?parent=27581"}],"wp:term":[{"taxonomy":"category","embeddable":true,"href":"https:\/\/guineediversite.com\/index.php\/wp-json\/wp\/v2\/categories?post=27581"},{"taxonomy":"post_tag","embeddable":true,"href":"https:\/\/guineediversite.com\/index.php\/wp-json\/wp\/v2\/tags?post=27581"}],"curies":[{"name":"wp","href":"https:\/\/api.w.org\/{rel}","templated":true}]}}