{"id":27572,"date":"2018-12-14T15:52:02","date_gmt":"2018-12-14T14:52:02","guid":{"rendered":"https:\/\/guineediversite.com\/?p=27572"},"modified":"2018-12-14T15:52:02","modified_gmt":"2018-12-14T14:52:02","slug":"conakry-revision-de-la-loi-l002-le-ministre-sompare-arrogant-devant-les-representants-des-associations-de-presse","status":"publish","type":"post","link":"https:\/\/guineediversite.com\/index.php\/2018\/12\/14\/conakry-revision-de-la-loi-l002-le-ministre-sompare-arrogant-devant-les-representants-des-associations-de-presse\/","title":{"rendered":"Conakry\/R\u00e9vision de la loi L002 : Le ministre Sompar\u00e9 arrogant devant les repr\u00e9sentants des associations de presse"},"content":{"rendered":"<p>Le ministre de la communication \u00e9tait en conclave ce vendredi avec les repr\u00e9sentants des associations de presse sur le projet de r\u00e9vision de la loi L002 relative \u00e0 la libert\u00e9 de la presse.<\/p>\n<p>D\u2019entr\u00e9e,\u00a0 le ministre Amara Sompar\u00e9 s\u2019est dit choqu\u00e9 de la r\u00e9action des journalistes apr\u00e8s qu\u2019il ait annonc\u00e9 le projet de r\u00e9vision de la loi sur la libert\u00e9 de la presse en Guin\u00e9e lors de son passage \u00e0 l\u2019Assembl\u00e9e Nationale. Des journalistes qu\u2019il a qualifi\u00e9 d\u2019excit\u00e9s\u00a0 pour la simple raison que ces derniers ne l\u2019ont pas contact\u00e9, ne serait-ce qu\u2019au t\u00e9l\u00e9phone, avant de reprendre la \u2018\u2019balle\u2019\u2019 au rebond dans des \u00e9missions et autres \u00e9ditions d\u2019information.<\/p>\n<p>Dans un ton arrogant et m\u00e9prisant, Amara Sompar\u00e9 est all\u00e9 jusqu\u2019\u00e0 fustiger, selon nos informations,\u00a0 le comportement de certains responsables des associations de presse pr\u00e9sents qui, \u00e0 l\u2019instar des journalistes \u2018\u2019excit\u00e9s\u2019\u2019, n\u2019ont pas pris langue avec lui avant de se saisir de cette \u2018\u2019affaire\u2019\u2019. S\u00e9ance tenante, il a dit \u00e0 qui veut l\u2019entendre qu\u2019il est pourtant permanemment en contact avec ces derniers m\u00eame lors de sa r\u00e9cente mission aux Etats Unis d\u2019Am\u00e9rique. \u00ab\u00a0<em>Quand j\u2019ai annonc\u00e9 la r\u00e9vision de la loi sur la libert\u00e9 de la presse, par magie,personne ne m\u2019a appel\u00e9. Quand il s\u2019agit d\u2019autres affaires, vous m\u2019appelez n\u2019est-ce pas<\/em>\u00a0?\u00a0\u00bb.<\/p>\n<p>Assis confortement dans son fauteuil et pieds crois\u00e9s,\u00a0 Amara Sompar\u00e9 a pris \u00e0 t\u00e9moin un des responsables des associations de presse \u00e0 qui il a dit\u00a0:\u00ab\u00a0<em>Quand la subvention a \u00e9t\u00e9 bloqu\u00e9e, on \u00e9tait en contact non\u00a0? Vous m\u2019avez m\u00eame appelez pour que je puisse faire quelques chose pour d\u00e9bloquer la situation\u2026Mais comme par magie, personne ne m\u2019a appel\u00e9 comme il s\u2019agit de la r\u00e9vision de la loi sur la libert\u00e9 de la presse<\/em>\u00a0\u00bb.<\/p>\n<p>Selon des sources concordantes, le ministre Sompar\u00e9 a refus\u00e9 d\u2019acc\u00e9der \u00e0 la demande des repr\u00e9sentants des associations de presse\u00a0 d\u2019avoir une copie de son fameux projet de r\u00e9vision de la loi L002. Mais il leur a tout de m\u00eame demand\u00e9 de\u00a0 formuler leurs recommandations dans un m\u00e9morandum.<\/p>\n<p>A signaler qu\u2019aucune association de presse en Guin\u00e9e n\u2019a \u00e9t\u00e9 associ\u00e9e \u00e0 la r\u00e9daction de ce projet de la loi L002. Et pourtant, le \u2018\u2019travail\u2019\u2019 a \u00e9t\u00e9 fait dans un h\u00f4tel de Conakry pr\u00e9cis\u00e9ment dans la commune de Kaloum.<\/p>\n<p><strong>KALENEWS<\/strong><\/p>\n","protected":false},"excerpt":{"rendered":"<p>Le ministre de la communication \u00e9tait en conclave ce vendredi avec les repr\u00e9sentants des associations de presse sur le projet de r\u00e9vision de la loi L002 relative \u00e0 la libert\u00e9 de la presse. D\u2019entr\u00e9e,\u00a0 le ministre Amara Sompar\u00e9 s\u2019est dit choqu\u00e9 de la r\u00e9action des journalistes apr\u00e8s qu\u2019il ait annonc\u00e9 le projet de r\u00e9vision de [&hellip;]<\/p>\n","protected":false},"author":7,"featured_media":27573,"comment_status":"closed","ping_status":"closed","sticky":false,"template":"","format":"standard","meta":{"_exactmetrics_skip_tracking":false,"_exactmetrics_sitenote_active":false,"_exactmetrics_sitenote_note":"","_exactmetrics_sitenote_category":0,"tdm_status":"","tdm_grid_status":"","footnotes":""},"categories":[1],"tags":[],"class_list":{"0":"post-27572","1":"post","2":"type-post","3":"status-publish","4":"format-standard","5":"has-post-thumbnail","7":"category-non-classe"},"yoast_head":"<!-- This site is optimized with the Yoast SEO plugin v24.2 - https:\/\/yoast.com\/wordpress\/plugins\/seo\/ -->\n<title>Conakry\/R\u00e9vision de la loi L002 : Le ministre Sompar\u00e9 arrogant devant les repr\u00e9sentants des associations de presse | Guin\u00e9e Diversit\u00e9<\/title>\n<meta name=\"robots\" content=\"index, follow, max-snippet:-1, max-image-preview:large, max-video-preview:-1\" \/>\n<link rel=\"canonical\" href=\"https:\/\/guineediversite.com\/index.php\/2018\/12\/14\/conakry-revision-de-la-loi-l002-le-ministre-sompare-arrogant-devant-les-representants-des-associations-de-presse\/\" \/>\n<meta property=\"og:locale\" content=\"fr_FR\" \/>\n<meta property=\"og:type\" content=\"article\" \/>\n<meta property=\"og:title\" content=\"Conakry\/R\u00e9vision de la loi L002 : Le ministre Sompar\u00e9 arrogant devant les repr\u00e9sentants des associations de presse | Guin\u00e9e Diversit\u00e9\" \/>\n<meta property=\"og:description\" content=\"Le ministre de la communication \u00e9tait en conclave ce vendredi avec les repr\u00e9sentants des associations de presse sur le projet de r\u00e9vision de la loi L002 relative \u00e0 la libert\u00e9 de la presse. D\u2019entr\u00e9e,\u00a0 le ministre Amara Sompar\u00e9 s\u2019est dit choqu\u00e9 de la r\u00e9action des journalistes apr\u00e8s qu\u2019il ait annonc\u00e9 le projet de r\u00e9vision de [&hellip;]\" \/>\n<meta property=\"og:url\" content=\"https:\/\/guineediversite.com\/index.php\/2018\/12\/14\/conakry-revision-de-la-loi-l002-le-ministre-sompare-arrogant-devant-les-representants-des-associations-de-presse\/\" \/>\n<meta property=\"og:site_name\" content=\"Guin\u00e9e Diversit\u00e9\" \/>\n<meta property=\"article:publisher\" content=\"https:\/\/www.facebook.com\/guineediversite\/\" \/>\n<meta property=\"article:published_time\" content=\"2018-12-14T14:52:02+00:00\" \/>\n<meta property=\"og:image\" content=\"https:\/\/guineediversite.com\/wp-content\/uploads\/2018\/12\/48356747_2055970041157096_4450824495166390272_n.jpg\" \/>\n\t<meta property=\"og:image:width\" content=\"1024\" \/>\n\t<meta property=\"og:image:height\" content=\"768\" \/>\n\t<meta property=\"og:image:type\" content=\"image\/jpeg\" \/>\n<meta name=\"author\" content=\"Bilguissa Diallo\" \/>\n<meta name=\"twitter:card\" content=\"summary_large_image\" \/>\n<meta name=\"twitter:creator\" content=\"@GuineeDiversite\" \/>\n<meta name=\"twitter:site\" content=\"@GuineeDiversite\" \/>\n<meta name=\"twitter:label1\" content=\"\u00c9crit par\" \/>\n\t<meta name=\"twitter:data1\" content=\"Bilguissa Diallo\" \/>\n\t<meta name=\"twitter:label2\" content=\"Dur\u00e9e de lecture estim\u00e9e\" \/>\n\t<meta name=\"twitter:data2\" content=\"2 minutes\" \/>\n<script type=\"application\/ld+json\" class=\"yoast-schema-graph\">{\"@context\":\"https:\/\/schema.org\",\"@graph\":[{\"@type\":\"Article\",\"@id\":\"https:\/\/guineediversite.com\/index.php\/2018\/12\/14\/conakry-revision-de-la-loi-l002-le-ministre-sompare-arrogant-devant-les-representants-des-associations-de-presse\/#article\",\"isPartOf\":{\"@id\":\"https:\/\/guineediversite.com\/index.php\/2018\/12\/14\/conakry-revision-de-la-loi-l002-le-ministre-sompare-arrogant-devant-les-representants-des-associations-de-presse\/\"},\"author\":{\"name\":\"Bilguissa Diallo\",\"@id\":\"https:\/\/guineediversite.com\/#\/schema\/person\/0e0e3e424768a50d025ac2218ccca73f\"},\"headline\":\"Conakry\/R\u00e9vision de la loi L002 : Le ministre Sompar\u00e9 arrogant devant les repr\u00e9sentants des associations de presse\",\"datePublished\":\"2018-12-14T14:52:02+00:00\",\"dateModified\":\"2018-12-14T14:52:02+00:00\",\"mainEntityOfPage\":{\"@id\":\"https:\/\/guineediversite.com\/index.php\/2018\/12\/14\/conakry-revision-de-la-loi-l002-le-ministre-sompare-arrogant-devant-les-representants-des-associations-de-presse\/\"},\"wordCount\":444,\"publisher\":{\"@id\":\"https:\/\/guineediversite.com\/#organization\"},\"image\":{\"@id\":\"https:\/\/guineediversite.com\/index.php\/2018\/12\/14\/conakry-revision-de-la-loi-l002-le-ministre-sompare-arrogant-devant-les-representants-des-associations-de-presse\/#primaryimage\"},\"thumbnailUrl\":\"https:\/\/guineediversite.com\/wp-content\/uploads\/2018\/12\/48356747_2055970041157096_4450824495166390272_n.jpg\",\"inLanguage\":\"fr-FR\"},{\"@type\":\"WebPage\",\"@id\":\"https:\/\/guineediversite.com\/index.php\/2018\/12\/14\/conakry-revision-de-la-loi-l002-le-ministre-sompare-arrogant-devant-les-representants-des-associations-de-presse\/\",\"url\":\"https:\/\/guineediversite.com\/index.php\/2018\/12\/14\/conakry-revision-de-la-loi-l002-le-ministre-sompare-arrogant-devant-les-representants-des-associations-de-presse\/\",\"name\":\"Conakry\/R\u00e9vision de la loi L002 : Le ministre Sompar\u00e9 arrogant devant les repr\u00e9sentants des associations de presse | Guin\u00e9e Diversit\u00e9\",\"isPartOf\":{\"@id\":\"https:\/\/guineediversite.com\/#website\"},\"primaryImageOfPage\":{\"@id\":\"https:\/\/guineediversite.com\/index.php\/2018\/12\/14\/conakry-revision-de-la-loi-l002-le-ministre-sompare-arrogant-devant-les-representants-des-associations-de-presse\/#primaryimage\"},\"image\":{\"@id\":\"https:\/\/guineediversite.com\/index.php\/2018\/12\/14\/conakry-revision-de-la-loi-l002-le-ministre-sompare-arrogant-devant-les-representants-des-associations-de-presse\/#primaryimage\"},\"thumbnailUrl\":\"https:\/\/guineediversite.com\/wp-content\/uploads\/2018\/12\/48356747_2055970041157096_4450824495166390272_n.jpg\",\"datePublished\":\"2018-12-14T14:52:02+00:00\",\"dateModified\":\"2018-12-14T14:52:02+00:00\",\"breadcrumb\":{\"@id\":\"https:\/\/guineediversite.com\/index.php\/2018\/12\/14\/conakry-revision-de-la-loi-l002-le-ministre-sompare-arrogant-devant-les-representants-des-associations-de-presse\/#breadcrumb\"},\"inLanguage\":\"fr-FR\",\"potentialAction\":[{\"@type\":\"ReadAction\",\"target\":[\"https:\/\/guineediversite.com\/index.php\/2018\/12\/14\/conakry-revision-de-la-loi-l002-le-ministre-sompare-arrogant-devant-les-representants-des-associations-de-presse\/\"]}]},{\"@type\":\"ImageObject\",\"inLanguage\":\"fr-FR\",\"@id\":\"https:\/\/guineediversite.com\/index.php\/2018\/12\/14\/conakry-revision-de-la-loi-l002-le-ministre-sompare-arrogant-devant-les-representants-des-associations-de-presse\/#primaryimage\",\"url\":\"https:\/\/guineediversite.com\/wp-content\/uploads\/2018\/12\/48356747_2055970041157096_4450824495166390272_n.jpg\",\"contentUrl\":\"https:\/\/guineediversite.com\/wp-content\/uploads\/2018\/12\/48356747_2055970041157096_4450824495166390272_n.jpg\",\"width\":1024,\"height\":768},{\"@type\":\"BreadcrumbList\",\"@id\":\"https:\/\/guineediversite.com\/index.php\/2018\/12\/14\/conakry-revision-de-la-loi-l002-le-ministre-sompare-arrogant-devant-les-representants-des-associations-de-presse\/#breadcrumb\",\"itemListElement\":[{\"@type\":\"ListItem\",\"position\":1,\"name\":\"Accueil\",\"item\":\"https:\/\/guineediversite.com\/\"},{\"@type\":\"ListItem\",\"position\":2,\"name\":\"Conakry\/R\u00e9vision de la loi L002 : Le ministre Sompar\u00e9 arrogant devant les repr\u00e9sentants des associations de presse\"}]},{\"@type\":\"WebSite\",\"@id\":\"https:\/\/guineediversite.com\/#website\",\"url\":\"https:\/\/guineediversite.com\/\",\"name\":\"Guin\u00e9e Diversit\u00e9\",\"description\":\"L&#039;Info dans toute sa diversit\u00e9\",\"publisher\":{\"@id\":\"https:\/\/guineediversite.com\/#organization\"},\"potentialAction\":[{\"@type\":\"SearchAction\",\"target\":{\"@type\":\"EntryPoint\",\"urlTemplate\":\"https:\/\/guineediversite.com\/?s={search_term_string}\"},\"query-input\":{\"@type\":\"PropertyValueSpecification\",\"valueRequired\":true,\"valueName\":\"search_term_string\"}}],\"inLanguage\":\"fr-FR\"},{\"@type\":\"Organization\",\"@id\":\"https:\/\/guineediversite.com\/#organization\",\"name\":\"Guin\u00e9e Diversit\u00e9\",\"url\":\"https:\/\/guineediversite.com\/\",\"logo\":{\"@type\":\"ImageObject\",\"inLanguage\":\"fr-FR\",\"@id\":\"https:\/\/guineediversite.com\/#\/schema\/logo\/image\/\",\"url\":\"https:\/\/guineediversite.com\/wp-content\/uploads\/2017\/04\/cropped-1jojlxEOMkX9Wyqfhe43D6kjPOGqBBKmx3EwWJqZ0cMrFF54yM49.png\",\"contentUrl\":\"https:\/\/guineediversite.com\/wp-content\/uploads\/2017\/04\/cropped-1jojlxEOMkX9Wyqfhe43D6kjPOGqBBKmx3EwWJqZ0cMrFF54yM49.png\",\"width\":186,\"height\":112,\"caption\":\"Guin\u00e9e Diversit\u00e9\"},\"image\":{\"@id\":\"https:\/\/guineediversite.com\/#\/schema\/logo\/image\/\"},\"sameAs\":[\"https:\/\/www.facebook.com\/guineediversite\/\",\"https:\/\/x.com\/GuineeDiversite\",\"https:\/\/www.youtube.com\/channel\/UC8sUY16qelG5ge6_D5SB83g\"]},{\"@type\":\"Person\",\"@id\":\"https:\/\/guineediversite.com\/#\/schema\/person\/0e0e3e424768a50d025ac2218ccca73f\",\"name\":\"Bilguissa Diallo\",\"image\":{\"@type\":\"ImageObject\",\"inLanguage\":\"fr-FR\",\"@id\":\"https:\/\/guineediversite.com\/#\/schema\/person\/image\/\",\"url\":\"https:\/\/secure.gravatar.com\/avatar\/49bbbd2420ee34d62b1b191791f4b5df?s=96&d=mm&r=g\",\"contentUrl\":\"https:\/\/secure.gravatar.com\/avatar\/49bbbd2420ee34d62b1b191791f4b5df?s=96&d=mm&r=g\",\"caption\":\"Bilguissa Diallo\"},\"url\":\"https:\/\/guineediversite.com\/index.php\/author\/bilguissa\/\"}]}<\/script>\n<!-- \/ Yoast SEO plugin. -->","yoast_head_json":{"title":"Conakry\/R\u00e9vision de la loi L002 : Le ministre Sompar\u00e9 arrogant devant les repr\u00e9sentants des associations de presse | Guin\u00e9e Diversit\u00e9","robots":{"index":"index","follow":"follow","max-snippet":"max-snippet:-1","max-image-preview":"max-image-preview:large","max-video-preview":"max-video-preview:-1"},"canonical":"https:\/\/guineediversite.com\/index.php\/2018\/12\/14\/conakry-revision-de-la-loi-l002-le-ministre-sompare-arrogant-devant-les-representants-des-associations-de-presse\/","og_locale":"fr_FR","og_type":"article","og_title":"Conakry\/R\u00e9vision de la loi L002 : Le ministre Sompar\u00e9 arrogant devant les repr\u00e9sentants des associations de presse | Guin\u00e9e Diversit\u00e9","og_description":"Le ministre de la communication \u00e9tait en conclave ce vendredi avec les repr\u00e9sentants des associations de presse sur le projet de r\u00e9vision de la loi L002 relative \u00e0 la libert\u00e9 de la presse. D\u2019entr\u00e9e,\u00a0 le ministre Amara Sompar\u00e9 s\u2019est dit choqu\u00e9 de la r\u00e9action des journalistes apr\u00e8s qu\u2019il ait annonc\u00e9 le projet de r\u00e9vision de [&hellip;]","og_url":"https:\/\/guineediversite.com\/index.php\/2018\/12\/14\/conakry-revision-de-la-loi-l002-le-ministre-sompare-arrogant-devant-les-representants-des-associations-de-presse\/","og_site_name":"Guin\u00e9e Diversit\u00e9","article_publisher":"https:\/\/www.facebook.com\/guineediversite\/","article_published_time":"2018-12-14T14:52:02+00:00","og_image":[{"width":1024,"height":768,"url":"https:\/\/guineediversite.com\/wp-content\/uploads\/2018\/12\/48356747_2055970041157096_4450824495166390272_n.jpg","type":"image\/jpeg"}],"author":"Bilguissa Diallo","twitter_card":"summary_large_image","twitter_creator":"@GuineeDiversite","twitter_site":"@GuineeDiversite","twitter_misc":{"\u00c9crit par":"Bilguissa Diallo","Dur\u00e9e de lecture estim\u00e9e":"2 minutes"},"schema":{"@context":"https:\/\/schema.org","@graph":[{"@type":"Article","@id":"https:\/\/guineediversite.com\/index.php\/2018\/12\/14\/conakry-revision-de-la-loi-l002-le-ministre-sompare-arrogant-devant-les-representants-des-associations-de-presse\/#article","isPartOf":{"@id":"https:\/\/guineediversite.com\/index.php\/2018\/12\/14\/conakry-revision-de-la-loi-l002-le-ministre-sompare-arrogant-devant-les-representants-des-associations-de-presse\/"},"author":{"name":"Bilguissa Diallo","@id":"https:\/\/guineediversite.com\/#\/schema\/person\/0e0e3e424768a50d025ac2218ccca73f"},"headline":"Conakry\/R\u00e9vision de la loi L002 : Le ministre Sompar\u00e9 arrogant devant les repr\u00e9sentants des associations de presse","datePublished":"2018-12-14T14:52:02+00:00","dateModified":"2018-12-14T14:52:02+00:00","mainEntityOfPage":{"@id":"https:\/\/guineediversite.com\/index.php\/2018\/12\/14\/conakry-revision-de-la-loi-l002-le-ministre-sompare-arrogant-devant-les-representants-des-associations-de-presse\/"},"wordCount":444,"publisher":{"@id":"https:\/\/guineediversite.com\/#organization"},"image":{"@id":"https:\/\/guineediversite.com\/index.php\/2018\/12\/14\/conakry-revision-de-la-loi-l002-le-ministre-sompare-arrogant-devant-les-representants-des-associations-de-presse\/#primaryimage"},"thumbnailUrl":"https:\/\/guineediversite.com\/wp-content\/uploads\/2018\/12\/48356747_2055970041157096_4450824495166390272_n.jpg","inLanguage":"fr-FR"},{"@type":"WebPage","@id":"https:\/\/guineediversite.com\/index.php\/2018\/12\/14\/conakry-revision-de-la-loi-l002-le-ministre-sompare-arrogant-devant-les-representants-des-associations-de-presse\/","url":"https:\/\/guineediversite.com\/index.php\/2018\/12\/14\/conakry-revision-de-la-loi-l002-le-ministre-sompare-arrogant-devant-les-representants-des-associations-de-presse\/","name":"Conakry\/R\u00e9vision de la loi L002 : Le ministre Sompar\u00e9 arrogant devant les repr\u00e9sentants des associations de presse | Guin\u00e9e Diversit\u00e9","isPartOf":{"@id":"https:\/\/guineediversite.com\/#website"},"primaryImageOfPage":{"@id":"https:\/\/guineediversite.com\/index.php\/2018\/12\/14\/conakry-revision-de-la-loi-l002-le-ministre-sompare-arrogant-devant-les-representants-des-associations-de-presse\/#primaryimage"},"image":{"@id":"https:\/\/guineediversite.com\/index.php\/2018\/12\/14\/conakry-revision-de-la-loi-l002-le-ministre-sompare-arrogant-devant-les-representants-des-associations-de-presse\/#primaryimage"},"thumbnailUrl":"https:\/\/guineediversite.com\/wp-content\/uploads\/2018\/12\/48356747_2055970041157096_4450824495166390272_n.jpg","datePublished":"2018-12-14T14:52:02+00:00","dateModified":"2018-12-14T14:52:02+00:00","breadcrumb":{"@id":"https:\/\/guineediversite.com\/index.php\/2018\/12\/14\/conakry-revision-de-la-loi-l002-le-ministre-sompare-arrogant-devant-les-representants-des-associations-de-presse\/#breadcrumb"},"inLanguage":"fr-FR","potentialAction":[{"@type":"ReadAction","target":["https:\/\/guineediversite.com\/index.php\/2018\/12\/14\/conakry-revision-de-la-loi-l002-le-ministre-sompare-arrogant-devant-les-representants-des-associations-de-presse\/"]}]},{"@type":"ImageObject","inLanguage":"fr-FR","@id":"https:\/\/guineediversite.com\/index.php\/2018\/12\/14\/conakry-revision-de-la-loi-l002-le-ministre-sompare-arrogant-devant-les-representants-des-associations-de-presse\/#primaryimage","url":"https:\/\/guineediversite.com\/wp-content\/uploads\/2018\/12\/48356747_2055970041157096_4450824495166390272_n.jpg","contentUrl":"https:\/\/guineediversite.com\/wp-content\/uploads\/2018\/12\/48356747_2055970041157096_4450824495166390272_n.jpg","width":1024,"height":768},{"@type":"BreadcrumbList","@id":"https:\/\/guineediversite.com\/index.php\/2018\/12\/14\/conakry-revision-de-la-loi-l002-le-ministre-sompare-arrogant-devant-les-representants-des-associations-de-presse\/#breadcrumb","itemListElement":[{"@type":"ListItem","position":1,"name":"Accueil","item":"https:\/\/guineediversite.com\/"},{"@type":"ListItem","position":2,"name":"Conakry\/R\u00e9vision de la loi L002 : Le ministre Sompar\u00e9 arrogant devant les repr\u00e9sentants des associations de presse"}]},{"@type":"WebSite","@id":"https:\/\/guineediversite.com\/#website","url":"https:\/\/guineediversite.com\/","name":"Guin\u00e9e Diversit\u00e9","description":"L&#039;Info dans toute sa diversit\u00e9","publisher":{"@id":"https:\/\/guineediversite.com\/#organization"},"potentialAction":[{"@type":"SearchAction","target":{"@type":"EntryPoint","urlTemplate":"https:\/\/guineediversite.com\/?s={search_term_string}"},"query-input":{"@type":"PropertyValueSpecification","valueRequired":true,"valueName":"search_term_string"}}],"inLanguage":"fr-FR"},{"@type":"Organization","@id":"https:\/\/guineediversite.com\/#organization","name":"Guin\u00e9e Diversit\u00e9","url":"https:\/\/guineediversite.com\/","logo":{"@type":"ImageObject","inLanguage":"fr-FR","@id":"https:\/\/guineediversite.com\/#\/schema\/logo\/image\/","url":"https:\/\/guineediversite.com\/wp-content\/uploads\/2017\/04\/cropped-1jojlxEOMkX9Wyqfhe43D6kjPOGqBBKmx3EwWJqZ0cMrFF54yM49.png","contentUrl":"https:\/\/guineediversite.com\/wp-content\/uploads\/2017\/04\/cropped-1jojlxEOMkX9Wyqfhe43D6kjPOGqBBKmx3EwWJqZ0cMrFF54yM49.png","width":186,"height":112,"caption":"Guin\u00e9e Diversit\u00e9"},"image":{"@id":"https:\/\/guineediversite.com\/#\/schema\/logo\/image\/"},"sameAs":["https:\/\/www.facebook.com\/guineediversite\/","https:\/\/x.com\/GuineeDiversite","https:\/\/www.youtube.com\/channel\/UC8sUY16qelG5ge6_D5SB83g"]},{"@type":"Person","@id":"https:\/\/guineediversite.com\/#\/schema\/person\/0e0e3e424768a50d025ac2218ccca73f","name":"Bilguissa Diallo","image":{"@type":"ImageObject","inLanguage":"fr-FR","@id":"https:\/\/guineediversite.com\/#\/schema\/person\/image\/","url":"https:\/\/secure.gravatar.com\/avatar\/49bbbd2420ee34d62b1b191791f4b5df?s=96&d=mm&r=g","contentUrl":"https:\/\/secure.gravatar.com\/avatar\/49bbbd2420ee34d62b1b191791f4b5df?s=96&d=mm&r=g","caption":"Bilguissa Diallo"},"url":"https:\/\/guineediversite.com\/index.php\/author\/bilguissa\/"}]}},"_links":{"self":[{"href":"https:\/\/guineediversite.com\/index.php\/wp-json\/wp\/v2\/posts\/27572"}],"collection":[{"href":"https:\/\/guineediversite.com\/index.php\/wp-json\/wp\/v2\/posts"}],"about":[{"href":"https:\/\/guineediversite.com\/index.php\/wp-json\/wp\/v2\/types\/post"}],"author":[{"embeddable":true,"href":"https:\/\/guineediversite.com\/index.php\/wp-json\/wp\/v2\/users\/7"}],"replies":[{"embeddable":true,"href":"https:\/\/guineediversite.com\/index.php\/wp-json\/wp\/v2\/comments?post=27572"}],"version-history":[{"count":0,"href":"https:\/\/guineediversite.com\/index.php\/wp-json\/wp\/v2\/posts\/27572\/revisions"}],"wp:featuredmedia":[{"embeddable":true,"href":"https:\/\/guineediversite.com\/index.php\/wp-json\/wp\/v2\/media\/27573"}],"wp:attachment":[{"href":"https:\/\/guineediversite.com\/index.php\/wp-json\/wp\/v2\/media?parent=27572"}],"wp:term":[{"taxonomy":"category","embeddable":true,"href":"https:\/\/guineediversite.com\/index.php\/wp-json\/wp\/v2\/categories?post=27572"},{"taxonomy":"post_tag","embeddable":true,"href":"https:\/\/guineediversite.com\/index.php\/wp-json\/wp\/v2\/tags?post=27572"}],"curies":[{"name":"wp","href":"https:\/\/api.w.org\/{rel}","templated":true}]}}