{"id":27570,"date":"2018-12-14T14:28:32","date_gmt":"2018-12-14T13:28:32","guid":{"rendered":"https:\/\/guineediversite.com\/?p=27570"},"modified":"2018-12-14T14:28:32","modified_gmt":"2018-12-14T13:28:32","slug":"foot-confusion-autour-de-la-reattribution-des-can-2019-2021-2023","status":"publish","type":"post","link":"https:\/\/guineediversite.com\/index.php\/2018\/12\/14\/foot-confusion-autour-de-la-reattribution-des-can-2019-2021-2023\/","title":{"rendered":"Foot: Confusion autour de la r\u00e9attribution des CAN 2019, 2021, 2023"},"content":{"rendered":"<div class=\"intro\">\n<p>La F\u00e9d\u00e9ration ivoirienne de football a saisi ce 13 d\u00e9cembre 2018 le Tribunal arbitral du sport (TAS) contre l\u2019attribution au Cameroun de l\u2019organisation d\u2019une Coupe d\u2019Afrique des nations 2021 pourtant promise \u00e0 la C\u00f4te d\u2019Ivoire. Ce bras de fer engag\u00e9 devant le TAS n\u2019est que le dernier \u00e9pisode d\u2019un dossier complexe concernant la r\u00e9attribution des CAN 2019, 2021 et 2023.<\/p>\n<\/div>\n<div>\n<p>Le 30 novembre 2018, en\u00a0<strong><a href=\"http:\/\/afriquefoot.rfi.fr\/afrique-foot\/20181130-football-can-2019-aura-pas-lieu-cameroun\" target=\"_blank\" rel=\"noopener\">retirant l\u2019organisation de la Coupe d\u2019Afrique des nations 2019 au Cameroun<\/a><\/strong>, la Conf\u00e9d\u00e9ration africaine de football (CAF) a-t-elle ouvert la bo\u00eete de Pandore ?<\/p>\n<p>Deux semaines apr\u00e8s cette d\u00e9cision attendue<strong><a href=\"http:\/\/afriquefoot.rfi.fr\/afrique-foot\/20181130-deception-urgence-incertitudes-apres-le-retrait-can-2019-cameroun\" target=\"_blank\" rel=\"noopener\">\u00a0mais n\u00e9anmoins lourdes de cons\u00e9quences<\/a><\/strong>, une seule chose est certaine : les Camerounais \u00e9taient loin d\u2019\u00eatre pr\u00eats \u00e0 organiser la phase finale de la CAN 2019, pr\u00e9vue du 15 juin au 13 juillet. Les premiers\u00a0<strong><a href=\"http:\/\/afriquefoot.rfi.fr\/afrique\/20181206-cameroun-reunion-analyse-raisons-retrait-can2019-caf\" target=\"_blank\" rel=\"noopener\">concern\u00e9s commencent \u00e0 l\u2019admettre<\/a><\/strong>. Mais, pour le reste, le dossier ne cesse de se complexifier.<\/p>\n<p><strong>Organisation de la CAN 2019 : qui est candidat ?<\/strong><\/p>\n<p>C\u2019est ce 14 d\u00e9cembre \u00e0 minuit que l\u2019appel \u00e0 candidature pour remplacer le Cameroun s\u2019ach\u00e8ve.\u00a0<strong><a href=\"https:\/\/www.lequipe.fr\/Football\/Actualites\/Can-2019-l-afrique-du-sud-officiellement-candidate\/968376\" target=\"_blank\" rel=\"noopener\">L\u2019Afrique du Sud<\/a><\/strong>\u00a0et\u00a0<strong><a href=\"http:\/\/www.rfi.fr\/depeche\/can-2019-egypte-candidate-autres-recours-cites\" target=\"_blank\" rel=\"noopener\">l\u2019Egypte\u00a0<\/a><\/strong>ont officiellement d\u00e9pos\u00e9 leurs dossiers, ou tout du moins une lettre d&rsquo;intention. C\u2019est une bonne nouvelle pour la CAF car ces deux pays disposent des infrastructures et des moyens n\u00e9cessaires pour abriter la\u00a0<strong><a href=\"http:\/\/afriquefoot.rfi.fr\/20170720-une-can-24-2019-ete\" target=\"_blank\" rel=\"noopener\">premi\u00e8re CAN \u00e0 24 \u00e9quipes de l\u2019histoire<\/a><\/strong>\u00a0dans des conditions d\u00e9centes. Ce n\u2019est en revanche pas une surprise : ces derniers mois, Sud-Africains et \u00c9gyptiens ont manifest\u00e9 de mani\u00e8re informelle leur souhait d\u2019organiser la CAN 2019 en cas de d\u00e9faillance camerounaise. Le pr\u00e9sident de la CAF lui-m\u00eame<strong><a href=\"http:\/\/afriquefoot.rfi.fr\/20181129-can-2019-cameroun-caf-doit-faire-choix-tres-delicat-ahmad-accra\" target=\"_blank\" rel=\"noopener\">\u00a0avait cit\u00e9 ces deux pays comme des recours possibles<\/a><\/strong>.<\/p>\n<p>La surprise est plut\u00f4t venue du Maroc, accus\u00e9 par la presse camerounaise de faire du lobbying depuis 2017 pour r\u00e9cup\u00e9rer l\u2019organisation du tournoi. Le ministre de la Jeunesse et des Sports du Royaume a assur\u00e9\u00a0<strong><a href=\"http:\/\/afriquefoot.rfi.fr\/20181212-le-maroc-est-pas-candidat-organisation-can-2019\" target=\"_blank\" rel=\"noopener\">que son pays ne se pr\u00e9senterait pas<\/a><\/strong>. Une annonce qui semble avoir surpris au sein de la f\u00e9d\u00e9ration marocaine de football, assurent des m\u00e9dias locaux. L&rsquo;hypoth\u00e8se d&rsquo;une CAF sollicitant l&rsquo;aide marocaine pour abriter la CAN 2019 est-elle d&rsquo;actualit\u00e9 ?<\/p>\n<p>Pas de Maroc pour le moment, en tout cas, et des doutes au sujet d\u2019autres candidatures pour la CAN 2019. La f\u00e9d\u00e9ration congolaise a certes envoy\u00e9 une lettre d\u2019intention mais\u00a0<strong><a href=\"http:\/\/afriquefoot.rfi.fr\/20181208-can-2019-le-congo-brazzaville-est-pas-candidat-organisation\" target=\"_blank\" rel=\"noopener\">sans l\u2019aval (indispensable) du gouvernement de Brazzaville<\/a><\/strong>. Une source bien introduite \u00e0 la CAF assure par ailleurs que le Kenya, l\u2019Ouganda et la Tanzanie ont s\u00e9rieusement song\u00e9 \u00e0 proposer une coorganisation.<\/p>\n<p><strong>CAN 2021 : la F\u00e9d\u00e9ration ivoirienne contre-attaque<\/strong><\/p>\n<p>Le deuxi\u00e8me versant de l\u2019affaire concerne la CAN 2021 et c\u2019est celui qui semble poser le plus de probl\u00e8mes. Au vu des immenses investissements consentis par le Cameroun, la CAF a d\u00e9cid\u00e9 de lui confier une \u00e9dition promise \u00e0 la C\u00f4te d\u2019Ivoire. Si\u00a0<strong><a href=\"http:\/\/afriquefoot.rfi.fr\/afrique-foot\/20181210-ahmad-camerounais-sont-accord-organiser-can-2021\" target=\"_blank\" rel=\"noopener\">les Camerounais semblent s\u2019\u00eatre r\u00e9solus<\/a><\/strong>\u00a0\u00e0 organiser le tournoi dans deux ans et demi, la f\u00e9d\u00e9ration ivoirienne (FIF) refuse, elle, en contrepartie d\u2019accueillir la CAN 2023 et veut conserver la CAN 2021.<\/p>\n<p><strong><a href=\"http:\/\/www.rfi.fr\/depeche\/retrait-can-2021-federation-ivoirienne-foot-saisit-le-tas\" target=\"_blank\" rel=\"noopener\">La FIF a donc contre-attaqu\u00e9<\/a><\/strong>\u00a0ce 13 d\u00e9cembre 2018 en saisissant le Tribunal arbitral du sport (TAS), l\u2019instance supr\u00eame en mati\u00e8re de litiges sportifs. Ce ne sont pas les autorit\u00e9s politiques mais footballistiques de C\u00f4te d\u2019Ivoire qui ont d\u00e9cid\u00e9 d\u2019entamer un bras-de-fer avec la CAF. Ces derni\u00e8res n\u2019ont pas appr\u00e9ci\u00e9 d\u2019avoir \u00e9t\u00e9 mises devant le fait accompli et d\u2019avoir \u00e9t\u00e9 s\u00e9v\u00e8rement critiqu\u00e9es. Elles r\u00e9futent l\u2019argument selon lequel leur pays ne sera pas pr\u00eat pour accueillir la phase finale en juin-juillet 2021.<\/p>\n<p><strong>CAN 2021 et 2023 : cacophonie au sujet des pays-h\u00f4tes<\/strong><\/p>\n<p>La confusion au sujet de ce \u00ab glissement \u00bb d\u2019un pays-h\u00f4te \u00e0 l\u2019autre est mont\u00e9 d\u2019un cran lorsque Musa Bility, un des membres du \u00ab gouvernement \u00bb (le Comit\u00e9 ex\u00e9cutif) de la CAF, a assur\u00e9 que jamais le Comit\u00e9 ex\u00e9cutif (ComEx) n\u2019avait jamais d\u00e9cid\u00e9 de confier la CAN 2021 au Cameroun et la CAN 2023 \u00e0 la C\u00f4te d\u2019Ivoire, lors de sa r\u00e9union \u00e0 Accra. \u00ab\u00a0<em>On a pris la d\u00e9cision pour le Cameroun \u00e0 six mois de la comp\u00e9tition, on ne peut pas d\u00e9cider deux ans avant pour la C\u00f4te d\u2019Ivoire<\/em>, a affirm\u00e9 le Lib\u00e9rien au micro de la Radio t\u00e9l\u00e9vision ivoirienne (RTI).<em>\u00a0Notre position aujourd\u2019hui est tr\u00e8s claire : le pays-h\u00f4te pour 2021, c\u2019est la C\u00f4te d\u2019Ivoire et la Guin\u00e9e pour 2023. Tout autre chose qui a \u00e9t\u00e9 dite n\u2019implique pas le Comit\u00e9 ex\u00e9cutif. Il n\u2019a jamais d\u00e9cid\u00e9 d\u2019arracher la CAN \u00e0 la C\u00f4te d\u2019Ivoire<\/em>\u00a0\u00bb. Des propos que Musa Bility a confirm\u00e9 \u00e0 rfi.fr avoir tenu.<\/p>\n<p>Ahmad, le patron de la CAF, et son 2e vice-pr\u00e9sident, Constant Omari, ont pourtant \u00e9t\u00e9 tr\u00e8s clairs \u00e0 ce sujet, au micro de RFI. Ils se sont montr\u00e9s en revanche tr\u00e8s \u00e9vasifs sur le sort de la Guin\u00e9e. Le Congolais notamment a indiqu\u00e9 que\u00a0<strong><a href=\"http:\/\/afriquefoot.rfi.fr\/20181207-coupes-afrique-nations-2019-2021-2023-principales-declarations-omari-rfi\" target=\"_blank\" rel=\"noopener\">le dossier guin\u00e9en pour la CAN 2023<\/a><\/strong>\u00e9tait introuvable et que les Guin\u00e9ens n&rsquo;avaient aucune garantie d&rsquo;avoir la CAN 2025. Cette \u00e9dition 2023, il est vrai, avait \u00e9t\u00e9\u00a0<strong><a href=\"http:\/\/afriquefoot.rfi.fr\/20170421-pourquoi-guinee-peut-inquieter-sujet-can-2023-coupe-afrique-nations\" target=\"_blank\" rel=\"noopener\">attribu\u00e9e \u00e0 la surprise g\u00e9n\u00e9rale<\/a><\/strong>\u00a0par la pr\u00e9c\u00e9dente direction de la CAF. Elle n\u2019avait fait l\u2019objet d\u2019aucun appel \u00e0 candidatures, contrairement aux CAN 2019 et 2021, confi\u00e9es au Cameroun et \u00e0 la C\u00f4te d\u2019Ivoire\u00a0<strong><a href=\"http:\/\/afriquefoot.rfi.fr\/20140920-attributions-can-2019-2021-2023-surprises-gogo\" target=\"_blank\" rel=\"noopener\">en septembre 2014. Des d\u00e9cisions<\/a><\/strong>\u00a0qui font aujourd\u2019hui l\u2019objet de remises en cause aux multiples cons\u00e9quences\u2026<\/p>\n<p>RFI<\/p>\n<\/div>\n","protected":false},"excerpt":{"rendered":"<p>La F\u00e9d\u00e9ration ivoirienne de football a saisi ce 13 d\u00e9cembre 2018 le Tribunal arbitral du sport (TAS) contre l\u2019attribution au Cameroun de l\u2019organisation d\u2019une Coupe d\u2019Afrique des nations 2021 pourtant promise \u00e0 la C\u00f4te d\u2019Ivoire. Ce bras de fer engag\u00e9 devant le TAS n\u2019est que le dernier \u00e9pisode d\u2019un dossier complexe concernant la r\u00e9attribution des [&hellip;]<\/p>\n","protected":false},"author":12,"featured_media":27463,"comment_status":"closed","ping_status":"closed","sticky":false,"template":"","format":"standard","meta":{"_exactmetrics_skip_tracking":false,"_exactmetrics_sitenote_active":false,"_exactmetrics_sitenote_note":"","_exactmetrics_sitenote_category":0,"tdm_status":"","tdm_grid_status":"","footnotes":""},"categories":[18],"tags":[],"class_list":{"0":"post-27570","1":"post","2":"type-post","3":"status-publish","4":"format-standard","5":"has-post-thumbnail","7":"category-sport"},"yoast_head":"<!-- This site is optimized with the Yoast SEO plugin v24.2 - https:\/\/yoast.com\/wordpress\/plugins\/seo\/ -->\n<title>Foot: Confusion autour de la r\u00e9attribution des CAN 2019, 2021, 2023 | Guin\u00e9e Diversit\u00e9<\/title>\n<meta name=\"robots\" content=\"index, follow, max-snippet:-1, max-image-preview:large, max-video-preview:-1\" \/>\n<link rel=\"canonical\" href=\"https:\/\/guineediversite.com\/index.php\/2018\/12\/14\/foot-confusion-autour-de-la-reattribution-des-can-2019-2021-2023\/\" \/>\n<meta property=\"og:locale\" content=\"fr_FR\" \/>\n<meta property=\"og:type\" content=\"article\" \/>\n<meta property=\"og:title\" content=\"Foot: Confusion autour de la r\u00e9attribution des CAN 2019, 2021, 2023 | Guin\u00e9e Diversit\u00e9\" \/>\n<meta property=\"og:description\" content=\"La F\u00e9d\u00e9ration ivoirienne de football a saisi ce 13 d\u00e9cembre 2018 le Tribunal arbitral du sport (TAS) contre l\u2019attribution au Cameroun de l\u2019organisation d\u2019une Coupe d\u2019Afrique des nations 2021 pourtant promise \u00e0 la C\u00f4te d\u2019Ivoire. Ce bras de fer engag\u00e9 devant le TAS n\u2019est que le dernier \u00e9pisode d\u2019un dossier complexe concernant la r\u00e9attribution des [&hellip;]\" \/>\n<meta property=\"og:url\" content=\"https:\/\/guineediversite.com\/index.php\/2018\/12\/14\/foot-confusion-autour-de-la-reattribution-des-can-2019-2021-2023\/\" \/>\n<meta property=\"og:site_name\" content=\"Guin\u00e9e Diversit\u00e9\" \/>\n<meta property=\"article:publisher\" content=\"https:\/\/www.facebook.com\/guineediversite\/\" \/>\n<meta property=\"article:published_time\" content=\"2018-12-14T13:28:32+00:00\" \/>\n<meta property=\"og:image\" content=\"https:\/\/guineediversite.com\/wp-content\/uploads\/2018\/12\/000_ARP3439415_0.jpg\" \/>\n\t<meta property=\"og:image:width\" content=\"1024\" \/>\n\t<meta property=\"og:image:height\" content=\"578\" \/>\n\t<meta property=\"og:image:type\" content=\"image\/jpeg\" \/>\n<meta name=\"author\" content=\"Guin\u00e9e Diversit\u00e9\" \/>\n<meta name=\"twitter:card\" content=\"summary_large_image\" \/>\n<meta name=\"twitter:creator\" content=\"@GuineeDiversite\" \/>\n<meta name=\"twitter:site\" content=\"@GuineeDiversite\" \/>\n<meta name=\"twitter:label1\" content=\"\u00c9crit par\" \/>\n\t<meta name=\"twitter:data1\" content=\"Guin\u00e9e Diversit\u00e9\" \/>\n\t<meta name=\"twitter:label2\" content=\"Dur\u00e9e de lecture estim\u00e9e\" \/>\n\t<meta name=\"twitter:data2\" content=\"5 minutes\" \/>\n<script type=\"application\/ld+json\" class=\"yoast-schema-graph\">{\"@context\":\"https:\/\/schema.org\",\"@graph\":[{\"@type\":\"Article\",\"@id\":\"https:\/\/guineediversite.com\/index.php\/2018\/12\/14\/foot-confusion-autour-de-la-reattribution-des-can-2019-2021-2023\/#article\",\"isPartOf\":{\"@id\":\"https:\/\/guineediversite.com\/index.php\/2018\/12\/14\/foot-confusion-autour-de-la-reattribution-des-can-2019-2021-2023\/\"},\"author\":{\"name\":\"Guin\u00e9e Diversit\u00e9\",\"@id\":\"https:\/\/guineediversite.com\/#\/schema\/person\/afa08fb34e7fc6e1feafc892612bc836\"},\"headline\":\"Foot: Confusion autour de la r\u00e9attribution des CAN 2019, 2021, 2023\",\"datePublished\":\"2018-12-14T13:28:32+00:00\",\"dateModified\":\"2018-12-14T13:28:32+00:00\",\"mainEntityOfPage\":{\"@id\":\"https:\/\/guineediversite.com\/index.php\/2018\/12\/14\/foot-confusion-autour-de-la-reattribution-des-can-2019-2021-2023\/\"},\"wordCount\":949,\"publisher\":{\"@id\":\"https:\/\/guineediversite.com\/#organization\"},\"image\":{\"@id\":\"https:\/\/guineediversite.com\/index.php\/2018\/12\/14\/foot-confusion-autour-de-la-reattribution-des-can-2019-2021-2023\/#primaryimage\"},\"thumbnailUrl\":\"https:\/\/guineediversite.com\/wp-content\/uploads\/2018\/12\/000_ARP3439415_0.jpg\",\"articleSection\":[\"Sport\"],\"inLanguage\":\"fr-FR\"},{\"@type\":\"WebPage\",\"@id\":\"https:\/\/guineediversite.com\/index.php\/2018\/12\/14\/foot-confusion-autour-de-la-reattribution-des-can-2019-2021-2023\/\",\"url\":\"https:\/\/guineediversite.com\/index.php\/2018\/12\/14\/foot-confusion-autour-de-la-reattribution-des-can-2019-2021-2023\/\",\"name\":\"Foot: Confusion autour de la r\u00e9attribution des CAN 2019, 2021, 2023 | Guin\u00e9e Diversit\u00e9\",\"isPartOf\":{\"@id\":\"https:\/\/guineediversite.com\/#website\"},\"primaryImageOfPage\":{\"@id\":\"https:\/\/guineediversite.com\/index.php\/2018\/12\/14\/foot-confusion-autour-de-la-reattribution-des-can-2019-2021-2023\/#primaryimage\"},\"image\":{\"@id\":\"https:\/\/guineediversite.com\/index.php\/2018\/12\/14\/foot-confusion-autour-de-la-reattribution-des-can-2019-2021-2023\/#primaryimage\"},\"thumbnailUrl\":\"https:\/\/guineediversite.com\/wp-content\/uploads\/2018\/12\/000_ARP3439415_0.jpg\",\"datePublished\":\"2018-12-14T13:28:32+00:00\",\"dateModified\":\"2018-12-14T13:28:32+00:00\",\"breadcrumb\":{\"@id\":\"https:\/\/guineediversite.com\/index.php\/2018\/12\/14\/foot-confusion-autour-de-la-reattribution-des-can-2019-2021-2023\/#breadcrumb\"},\"inLanguage\":\"fr-FR\",\"potentialAction\":[{\"@type\":\"ReadAction\",\"target\":[\"https:\/\/guineediversite.com\/index.php\/2018\/12\/14\/foot-confusion-autour-de-la-reattribution-des-can-2019-2021-2023\/\"]}]},{\"@type\":\"ImageObject\",\"inLanguage\":\"fr-FR\",\"@id\":\"https:\/\/guineediversite.com\/index.php\/2018\/12\/14\/foot-confusion-autour-de-la-reattribution-des-can-2019-2021-2023\/#primaryimage\",\"url\":\"https:\/\/guineediversite.com\/wp-content\/uploads\/2018\/12\/000_ARP3439415_0.jpg\",\"contentUrl\":\"https:\/\/guineediversite.com\/wp-content\/uploads\/2018\/12\/000_ARP3439415_0.jpg\",\"width\":1024,\"height\":578},{\"@type\":\"BreadcrumbList\",\"@id\":\"https:\/\/guineediversite.com\/index.php\/2018\/12\/14\/foot-confusion-autour-de-la-reattribution-des-can-2019-2021-2023\/#breadcrumb\",\"itemListElement\":[{\"@type\":\"ListItem\",\"position\":1,\"name\":\"Accueil\",\"item\":\"https:\/\/guineediversite.com\/\"},{\"@type\":\"ListItem\",\"position\":2,\"name\":\"Foot: Confusion autour de la r\u00e9attribution des CAN 2019, 2021, 2023\"}]},{\"@type\":\"WebSite\",\"@id\":\"https:\/\/guineediversite.com\/#website\",\"url\":\"https:\/\/guineediversite.com\/\",\"name\":\"Guin\u00e9e Diversit\u00e9\",\"description\":\"L&#039;Info dans toute sa diversit\u00e9\",\"publisher\":{\"@id\":\"https:\/\/guineediversite.com\/#organization\"},\"potentialAction\":[{\"@type\":\"SearchAction\",\"target\":{\"@type\":\"EntryPoint\",\"urlTemplate\":\"https:\/\/guineediversite.com\/?s={search_term_string}\"},\"query-input\":{\"@type\":\"PropertyValueSpecification\",\"valueRequired\":true,\"valueName\":\"search_term_string\"}}],\"inLanguage\":\"fr-FR\"},{\"@type\":\"Organization\",\"@id\":\"https:\/\/guineediversite.com\/#organization\",\"name\":\"Guin\u00e9e Diversit\u00e9\",\"url\":\"https:\/\/guineediversite.com\/\",\"logo\":{\"@type\":\"ImageObject\",\"inLanguage\":\"fr-FR\",\"@id\":\"https:\/\/guineediversite.com\/#\/schema\/logo\/image\/\",\"url\":\"https:\/\/guineediversite.com\/wp-content\/uploads\/2017\/04\/cropped-1jojlxEOMkX9Wyqfhe43D6kjPOGqBBKmx3EwWJqZ0cMrFF54yM49.png\",\"contentUrl\":\"https:\/\/guineediversite.com\/wp-content\/uploads\/2017\/04\/cropped-1jojlxEOMkX9Wyqfhe43D6kjPOGqBBKmx3EwWJqZ0cMrFF54yM49.png\",\"width\":186,\"height\":112,\"caption\":\"Guin\u00e9e Diversit\u00e9\"},\"image\":{\"@id\":\"https:\/\/guineediversite.com\/#\/schema\/logo\/image\/\"},\"sameAs\":[\"https:\/\/www.facebook.com\/guineediversite\/\",\"https:\/\/x.com\/GuineeDiversite\",\"https:\/\/www.youtube.com\/channel\/UC8sUY16qelG5ge6_D5SB83g\"]},{\"@type\":\"Person\",\"@id\":\"https:\/\/guineediversite.com\/#\/schema\/person\/afa08fb34e7fc6e1feafc892612bc836\",\"name\":\"Guin\u00e9e Diversit\u00e9\",\"image\":{\"@type\":\"ImageObject\",\"inLanguage\":\"fr-FR\",\"@id\":\"https:\/\/guineediversite.com\/#\/schema\/person\/image\/\",\"url\":\"https:\/\/secure.gravatar.com\/avatar\/50d5eb5b390f8b65ac30ac6f898eb83a?s=96&d=mm&r=g\",\"contentUrl\":\"https:\/\/secure.gravatar.com\/avatar\/50d5eb5b390f8b65ac30ac6f898eb83a?s=96&d=mm&r=g\",\"caption\":\"Guin\u00e9e Diversit\u00e9\"},\"url\":\"https:\/\/guineediversite.com\/index.php\/author\/guineediversite\/\"}]}<\/script>\n<!-- \/ Yoast SEO plugin. -->","yoast_head_json":{"title":"Foot: Confusion autour de la r\u00e9attribution des CAN 2019, 2021, 2023 | Guin\u00e9e Diversit\u00e9","robots":{"index":"index","follow":"follow","max-snippet":"max-snippet:-1","max-image-preview":"max-image-preview:large","max-video-preview":"max-video-preview:-1"},"canonical":"https:\/\/guineediversite.com\/index.php\/2018\/12\/14\/foot-confusion-autour-de-la-reattribution-des-can-2019-2021-2023\/","og_locale":"fr_FR","og_type":"article","og_title":"Foot: Confusion autour de la r\u00e9attribution des CAN 2019, 2021, 2023 | Guin\u00e9e Diversit\u00e9","og_description":"La F\u00e9d\u00e9ration ivoirienne de football a saisi ce 13 d\u00e9cembre 2018 le Tribunal arbitral du sport (TAS) contre l\u2019attribution au Cameroun de l\u2019organisation d\u2019une Coupe d\u2019Afrique des nations 2021 pourtant promise \u00e0 la C\u00f4te d\u2019Ivoire. Ce bras de fer engag\u00e9 devant le TAS n\u2019est que le dernier \u00e9pisode d\u2019un dossier complexe concernant la r\u00e9attribution des [&hellip;]","og_url":"https:\/\/guineediversite.com\/index.php\/2018\/12\/14\/foot-confusion-autour-de-la-reattribution-des-can-2019-2021-2023\/","og_site_name":"Guin\u00e9e Diversit\u00e9","article_publisher":"https:\/\/www.facebook.com\/guineediversite\/","article_published_time":"2018-12-14T13:28:32+00:00","og_image":[{"width":1024,"height":578,"url":"https:\/\/guineediversite.com\/wp-content\/uploads\/2018\/12\/000_ARP3439415_0.jpg","type":"image\/jpeg"}],"author":"Guin\u00e9e Diversit\u00e9","twitter_card":"summary_large_image","twitter_creator":"@GuineeDiversite","twitter_site":"@GuineeDiversite","twitter_misc":{"\u00c9crit par":"Guin\u00e9e Diversit\u00e9","Dur\u00e9e de lecture estim\u00e9e":"5 minutes"},"schema":{"@context":"https:\/\/schema.org","@graph":[{"@type":"Article","@id":"https:\/\/guineediversite.com\/index.php\/2018\/12\/14\/foot-confusion-autour-de-la-reattribution-des-can-2019-2021-2023\/#article","isPartOf":{"@id":"https:\/\/guineediversite.com\/index.php\/2018\/12\/14\/foot-confusion-autour-de-la-reattribution-des-can-2019-2021-2023\/"},"author":{"name":"Guin\u00e9e Diversit\u00e9","@id":"https:\/\/guineediversite.com\/#\/schema\/person\/afa08fb34e7fc6e1feafc892612bc836"},"headline":"Foot: Confusion autour de la r\u00e9attribution des CAN 2019, 2021, 2023","datePublished":"2018-12-14T13:28:32+00:00","dateModified":"2018-12-14T13:28:32+00:00","mainEntityOfPage":{"@id":"https:\/\/guineediversite.com\/index.php\/2018\/12\/14\/foot-confusion-autour-de-la-reattribution-des-can-2019-2021-2023\/"},"wordCount":949,"publisher":{"@id":"https:\/\/guineediversite.com\/#organization"},"image":{"@id":"https:\/\/guineediversite.com\/index.php\/2018\/12\/14\/foot-confusion-autour-de-la-reattribution-des-can-2019-2021-2023\/#primaryimage"},"thumbnailUrl":"https:\/\/guineediversite.com\/wp-content\/uploads\/2018\/12\/000_ARP3439415_0.jpg","articleSection":["Sport"],"inLanguage":"fr-FR"},{"@type":"WebPage","@id":"https:\/\/guineediversite.com\/index.php\/2018\/12\/14\/foot-confusion-autour-de-la-reattribution-des-can-2019-2021-2023\/","url":"https:\/\/guineediversite.com\/index.php\/2018\/12\/14\/foot-confusion-autour-de-la-reattribution-des-can-2019-2021-2023\/","name":"Foot: Confusion autour de la r\u00e9attribution des CAN 2019, 2021, 2023 | Guin\u00e9e Diversit\u00e9","isPartOf":{"@id":"https:\/\/guineediversite.com\/#website"},"primaryImageOfPage":{"@id":"https:\/\/guineediversite.com\/index.php\/2018\/12\/14\/foot-confusion-autour-de-la-reattribution-des-can-2019-2021-2023\/#primaryimage"},"image":{"@id":"https:\/\/guineediversite.com\/index.php\/2018\/12\/14\/foot-confusion-autour-de-la-reattribution-des-can-2019-2021-2023\/#primaryimage"},"thumbnailUrl":"https:\/\/guineediversite.com\/wp-content\/uploads\/2018\/12\/000_ARP3439415_0.jpg","datePublished":"2018-12-14T13:28:32+00:00","dateModified":"2018-12-14T13:28:32+00:00","breadcrumb":{"@id":"https:\/\/guineediversite.com\/index.php\/2018\/12\/14\/foot-confusion-autour-de-la-reattribution-des-can-2019-2021-2023\/#breadcrumb"},"inLanguage":"fr-FR","potentialAction":[{"@type":"ReadAction","target":["https:\/\/guineediversite.com\/index.php\/2018\/12\/14\/foot-confusion-autour-de-la-reattribution-des-can-2019-2021-2023\/"]}]},{"@type":"ImageObject","inLanguage":"fr-FR","@id":"https:\/\/guineediversite.com\/index.php\/2018\/12\/14\/foot-confusion-autour-de-la-reattribution-des-can-2019-2021-2023\/#primaryimage","url":"https:\/\/guineediversite.com\/wp-content\/uploads\/2018\/12\/000_ARP3439415_0.jpg","contentUrl":"https:\/\/guineediversite.com\/wp-content\/uploads\/2018\/12\/000_ARP3439415_0.jpg","width":1024,"height":578},{"@type":"BreadcrumbList","@id":"https:\/\/guineediversite.com\/index.php\/2018\/12\/14\/foot-confusion-autour-de-la-reattribution-des-can-2019-2021-2023\/#breadcrumb","itemListElement":[{"@type":"ListItem","position":1,"name":"Accueil","item":"https:\/\/guineediversite.com\/"},{"@type":"ListItem","position":2,"name":"Foot: Confusion autour de la r\u00e9attribution des CAN 2019, 2021, 2023"}]},{"@type":"WebSite","@id":"https:\/\/guineediversite.com\/#website","url":"https:\/\/guineediversite.com\/","name":"Guin\u00e9e Diversit\u00e9","description":"L&#039;Info dans toute sa diversit\u00e9","publisher":{"@id":"https:\/\/guineediversite.com\/#organization"},"potentialAction":[{"@type":"SearchAction","target":{"@type":"EntryPoint","urlTemplate":"https:\/\/guineediversite.com\/?s={search_term_string}"},"query-input":{"@type":"PropertyValueSpecification","valueRequired":true,"valueName":"search_term_string"}}],"inLanguage":"fr-FR"},{"@type":"Organization","@id":"https:\/\/guineediversite.com\/#organization","name":"Guin\u00e9e Diversit\u00e9","url":"https:\/\/guineediversite.com\/","logo":{"@type":"ImageObject","inLanguage":"fr-FR","@id":"https:\/\/guineediversite.com\/#\/schema\/logo\/image\/","url":"https:\/\/guineediversite.com\/wp-content\/uploads\/2017\/04\/cropped-1jojlxEOMkX9Wyqfhe43D6kjPOGqBBKmx3EwWJqZ0cMrFF54yM49.png","contentUrl":"https:\/\/guineediversite.com\/wp-content\/uploads\/2017\/04\/cropped-1jojlxEOMkX9Wyqfhe43D6kjPOGqBBKmx3EwWJqZ0cMrFF54yM49.png","width":186,"height":112,"caption":"Guin\u00e9e Diversit\u00e9"},"image":{"@id":"https:\/\/guineediversite.com\/#\/schema\/logo\/image\/"},"sameAs":["https:\/\/www.facebook.com\/guineediversite\/","https:\/\/x.com\/GuineeDiversite","https:\/\/www.youtube.com\/channel\/UC8sUY16qelG5ge6_D5SB83g"]},{"@type":"Person","@id":"https:\/\/guineediversite.com\/#\/schema\/person\/afa08fb34e7fc6e1feafc892612bc836","name":"Guin\u00e9e Diversit\u00e9","image":{"@type":"ImageObject","inLanguage":"fr-FR","@id":"https:\/\/guineediversite.com\/#\/schema\/person\/image\/","url":"https:\/\/secure.gravatar.com\/avatar\/50d5eb5b390f8b65ac30ac6f898eb83a?s=96&d=mm&r=g","contentUrl":"https:\/\/secure.gravatar.com\/avatar\/50d5eb5b390f8b65ac30ac6f898eb83a?s=96&d=mm&r=g","caption":"Guin\u00e9e Diversit\u00e9"},"url":"https:\/\/guineediversite.com\/index.php\/author\/guineediversite\/"}]}},"_links":{"self":[{"href":"https:\/\/guineediversite.com\/index.php\/wp-json\/wp\/v2\/posts\/27570"}],"collection":[{"href":"https:\/\/guineediversite.com\/index.php\/wp-json\/wp\/v2\/posts"}],"about":[{"href":"https:\/\/guineediversite.com\/index.php\/wp-json\/wp\/v2\/types\/post"}],"author":[{"embeddable":true,"href":"https:\/\/guineediversite.com\/index.php\/wp-json\/wp\/v2\/users\/12"}],"replies":[{"embeddable":true,"href":"https:\/\/guineediversite.com\/index.php\/wp-json\/wp\/v2\/comments?post=27570"}],"version-history":[{"count":0,"href":"https:\/\/guineediversite.com\/index.php\/wp-json\/wp\/v2\/posts\/27570\/revisions"}],"wp:featuredmedia":[{"embeddable":true,"href":"https:\/\/guineediversite.com\/index.php\/wp-json\/wp\/v2\/media\/27463"}],"wp:attachment":[{"href":"https:\/\/guineediversite.com\/index.php\/wp-json\/wp\/v2\/media?parent=27570"}],"wp:term":[{"taxonomy":"category","embeddable":true,"href":"https:\/\/guineediversite.com\/index.php\/wp-json\/wp\/v2\/categories?post=27570"},{"taxonomy":"post_tag","embeddable":true,"href":"https:\/\/guineediversite.com\/index.php\/wp-json\/wp\/v2\/tags?post=27570"}],"curies":[{"name":"wp","href":"https:\/\/api.w.org\/{rel}","templated":true}]}}