{"id":27567,"date":"2018-12-14T14:24:20","date_gmt":"2018-12-14T13:24:20","guid":{"rendered":"https:\/\/guineediversite.com\/?p=27567"},"modified":"2018-12-14T14:24:20","modified_gmt":"2018-12-14T13:24:20","slug":"proces-gbagbo-la-cote-divoire-suspendue-a-la-decision-de-la-cpi","status":"publish","type":"post","link":"https:\/\/guineediversite.com\/index.php\/2018\/12\/14\/proces-gbagbo-la-cote-divoire-suspendue-a-la-decision-de-la-cpi\/","title":{"rendered":"Proc\u00e8s Gbagbo: la C\u00f4te d&rsquo;Ivoire suspendue \u00e0 la d\u00e9cision de la CPI"},"content":{"rendered":"<h2>Laurent Gbagbo et Charles Bl\u00e9 Goud\u00e9 vont-ils \u00eatre mis en libert\u00e9 provisoire\u00a0? A La Haye, la chambre d&rsquo;instruction de la Cour p\u00e9nale internationale (CPI) d\u00e9lib\u00e8re en ce moment sur une \u00e9ventuelle remise en libert\u00e9 provisoire. L&rsquo;ex-chef de l&rsquo;Etat ivoirien et l&rsquo;ancien leader des Jeunes patriotes sont tous deux poursuivis pour crime contre l&rsquo;humanit\u00e9 pour les violences post-\u00e9lectorales de 2010-2011 dans leur pays.<\/h2>\n<p>Hier soir, les juges avaient clos\u00a0<strong><a href=\"http:\/\/www.rfi.fr\/afrique\/20181213-proces-gbagbo-conditions-une-remise-liberte-examinees-devant-cpi\" target=\"_blank\" rel=\"noopener\">les discussions<\/a><\/strong>\u00a0en donnant rendez-vous pour une audience ouverte au public. Seulement cette audience n\u2019a pas eu lieu. On attend donc maintenant une d\u00e9cision \u00e9crite.<\/p>\n<p>Il faut dire que les juges ont pris de court un peu tout le monde en ouvrant hier au public l\u2019audience qui \u00e9tait pr\u00e9vue autour de ces d\u00e9bats-l\u00e0. Ces discussions \u00e9taient pr\u00e9vues \u00e0 huis clos \u00e0 l\u2019origine. Et du coup, les repr\u00e9sentants du Front populaire ivoirien (FPI), les fid\u00e8les parmi les fid\u00e8les de Laurent Gbagbo qui ont l\u2019habitude de suivre le proc\u00e8s n\u2019ont pas fait le d\u00e9placement cette fois-ci.<\/p>\n<p>Sur le fond, les juges ont deux options face \u00e0 eux\u00a0: le maintien en d\u00e9tention ou tout simplement la remise en libert\u00e9 provisoire dans un Etat qui offre des garanties vis-\u00e0-vis de la Cour. Aucun pays n\u2019a \u00e9t\u00e9 cit\u00e9, mais hier le repr\u00e9sentant du greffe a expliqu\u00e9 \u00ab\u00a0<em>avoir d\u00e9j\u00e0 consult\u00e9 un Etat qui coop\u00e8re de mani\u00e8re positive avec la CPI<\/em>\u00a0\u00bb.<\/p>\n<p>En attendant, \u00e0 Yopougon, o\u00f9 r\u00e9sident de nombreux sympathisants de Laurent Gabgbo, le suspens domine, les discussions vont bon train.<\/p>\n<p>\u25a0\u00a0<strong>Que compte faire Laurent Gbagbo s&rsquo;il venait \u00e0 \u00eatre d\u00e9finitivement lib\u00e9r\u00e9 ?<\/strong><\/p>\n<p>Alors on ne parle pour le moment que d&rsquo;une lib\u00e9ration provisoire, on ne parle pas encore d&rsquo;acquittement. Le proc\u00e8s, lui, a \u00e9t\u00e9 suspendu. La CPI doit se r\u00e9unir d\u00e9but 2019 pour annoncer si Laurent Gbagbo sera ou non acquitt\u00e9.<\/p>\n<p>On sait en tout cas que depuis sa cellule de Scheveningen, Laurent Gbagbo a repris la direction de son parti le FPI. Dans un livre,\u00a0<strong><a href=\"http:\/\/www.rfi.fr\/afrique\/20181212-gbagbo-politique-cpi-cote-ivoire-mattei-libre-verite-justice\" target=\"_blank\" rel=\"noopener\">l&rsquo;ancien chef d&rsquo;Etat ne cache pas non plus ses ambitions<\/a><\/strong>\u00a0de revenir un jour sur le devant de la sc\u00e8ne politique.<\/p>\n<p>Certains se projettent d\u00e9j\u00e0 quoi qu&rsquo;il en soit. C&rsquo;est le cas d&rsquo;Henri Konan B\u00e9di\u00e9 du PDCI par exemple. Chez nos confr\u00e8res de France 24, il a affirm\u00e9 avoir l&rsquo;accord de Laurent Gbagbo pour une alliance en vue de l&rsquo;\u00e9lection pr\u00e9sidentielle de 2020.<\/p>\n<p>RFI<\/p>\n","protected":false},"excerpt":{"rendered":"<p>Laurent Gbagbo et Charles Bl\u00e9 Goud\u00e9 vont-ils \u00eatre mis en libert\u00e9 provisoire\u00a0? A La Haye, la chambre d&rsquo;instruction de la Cour p\u00e9nale internationale (CPI) d\u00e9lib\u00e8re en ce moment sur une \u00e9ventuelle remise en libert\u00e9 provisoire. L&rsquo;ex-chef de l&rsquo;Etat ivoirien et l&rsquo;ancien leader des Jeunes patriotes sont tous deux poursuivis pour crime contre l&rsquo;humanit\u00e9 pour les [&hellip;]<\/p>\n","protected":false},"author":12,"featured_media":27568,"comment_status":"closed","ping_status":"closed","sticky":false,"template":"","format":"standard","meta":{"_exactmetrics_skip_tracking":false,"_exactmetrics_sitenote_active":false,"_exactmetrics_sitenote_note":"","_exactmetrics_sitenote_category":0,"tdm_status":"","tdm_grid_status":"","footnotes":""},"categories":[21],"tags":[],"class_list":{"0":"post-27567","1":"post","2":"type-post","3":"status-publish","4":"format-standard","5":"has-post-thumbnail","7":"category-international"},"yoast_head":"<!-- This site is optimized with the Yoast SEO plugin v24.2 - https:\/\/yoast.com\/wordpress\/plugins\/seo\/ -->\n<title>Proc\u00e8s Gbagbo: la C\u00f4te d&#039;Ivoire suspendue \u00e0 la d\u00e9cision de la CPI | Guin\u00e9e Diversit\u00e9<\/title>\n<meta name=\"robots\" content=\"index, follow, max-snippet:-1, max-image-preview:large, max-video-preview:-1\" \/>\n<link rel=\"canonical\" href=\"https:\/\/guineediversite.com\/index.php\/2018\/12\/14\/proces-gbagbo-la-cote-divoire-suspendue-a-la-decision-de-la-cpi\/\" \/>\n<meta property=\"og:locale\" content=\"fr_FR\" \/>\n<meta property=\"og:type\" content=\"article\" \/>\n<meta property=\"og:title\" content=\"Proc\u00e8s Gbagbo: la C\u00f4te d&#039;Ivoire suspendue \u00e0 la d\u00e9cision de la CPI | Guin\u00e9e Diversit\u00e9\" \/>\n<meta property=\"og:description\" content=\"Laurent Gbagbo et Charles Bl\u00e9 Goud\u00e9 vont-ils \u00eatre mis en libert\u00e9 provisoire\u00a0? A La Haye, la chambre d&rsquo;instruction de la Cour p\u00e9nale internationale (CPI) d\u00e9lib\u00e8re en ce moment sur une \u00e9ventuelle remise en libert\u00e9 provisoire. L&rsquo;ex-chef de l&rsquo;Etat ivoirien et l&rsquo;ancien leader des Jeunes patriotes sont tous deux poursuivis pour crime contre l&rsquo;humanit\u00e9 pour les [&hellip;]\" \/>\n<meta property=\"og:url\" content=\"https:\/\/guineediversite.com\/index.php\/2018\/12\/14\/proces-gbagbo-la-cote-divoire-suspendue-a-la-decision-de-la-cpi\/\" \/>\n<meta property=\"og:site_name\" content=\"Guin\u00e9e Diversit\u00e9\" \/>\n<meta property=\"article:publisher\" content=\"https:\/\/www.facebook.com\/guineediversite\/\" \/>\n<meta property=\"article:published_time\" content=\"2018-12-14T13:24:20+00:00\" \/>\n<meta property=\"og:image\" content=\"https:\/\/guineediversite.com\/wp-content\/uploads\/2018\/12\/2013-02-19T140145Z_1734360777_GM1E92J1P5301_RTRMADP_3_ICC-GBAGBO_0.jpg\" \/>\n\t<meta property=\"og:image:width\" content=\"1024\" \/>\n\t<meta property=\"og:image:height\" content=\"578\" \/>\n\t<meta property=\"og:image:type\" content=\"image\/jpeg\" \/>\n<meta name=\"author\" content=\"Guin\u00e9e Diversit\u00e9\" \/>\n<meta name=\"twitter:card\" content=\"summary_large_image\" \/>\n<meta name=\"twitter:creator\" content=\"@GuineeDiversite\" \/>\n<meta name=\"twitter:site\" content=\"@GuineeDiversite\" \/>\n<meta name=\"twitter:label1\" content=\"\u00c9crit par\" \/>\n\t<meta name=\"twitter:data1\" content=\"Guin\u00e9e Diversit\u00e9\" \/>\n\t<meta name=\"twitter:label2\" content=\"Dur\u00e9e de lecture estim\u00e9e\" \/>\n\t<meta name=\"twitter:data2\" content=\"2 minutes\" \/>\n<script type=\"application\/ld+json\" class=\"yoast-schema-graph\">{\"@context\":\"https:\/\/schema.org\",\"@graph\":[{\"@type\":\"Article\",\"@id\":\"https:\/\/guineediversite.com\/index.php\/2018\/12\/14\/proces-gbagbo-la-cote-divoire-suspendue-a-la-decision-de-la-cpi\/#article\",\"isPartOf\":{\"@id\":\"https:\/\/guineediversite.com\/index.php\/2018\/12\/14\/proces-gbagbo-la-cote-divoire-suspendue-a-la-decision-de-la-cpi\/\"},\"author\":{\"name\":\"Guin\u00e9e Diversit\u00e9\",\"@id\":\"https:\/\/guineediversite.com\/#\/schema\/person\/afa08fb34e7fc6e1feafc892612bc836\"},\"headline\":\"Proc\u00e8s Gbagbo: la C\u00f4te d&rsquo;Ivoire suspendue \u00e0 la d\u00e9cision de la CPI\",\"datePublished\":\"2018-12-14T13:24:20+00:00\",\"dateModified\":\"2018-12-14T13:24:20+00:00\",\"mainEntityOfPage\":{\"@id\":\"https:\/\/guineediversite.com\/index.php\/2018\/12\/14\/proces-gbagbo-la-cote-divoire-suspendue-a-la-decision-de-la-cpi\/\"},\"wordCount\":440,\"publisher\":{\"@id\":\"https:\/\/guineediversite.com\/#organization\"},\"image\":{\"@id\":\"https:\/\/guineediversite.com\/index.php\/2018\/12\/14\/proces-gbagbo-la-cote-divoire-suspendue-a-la-decision-de-la-cpi\/#primaryimage\"},\"thumbnailUrl\":\"https:\/\/guineediversite.com\/wp-content\/uploads\/2018\/12\/2013-02-19T140145Z_1734360777_GM1E92J1P5301_RTRMADP_3_ICC-GBAGBO_0.jpg\",\"articleSection\":[\"International\"],\"inLanguage\":\"fr-FR\"},{\"@type\":\"WebPage\",\"@id\":\"https:\/\/guineediversite.com\/index.php\/2018\/12\/14\/proces-gbagbo-la-cote-divoire-suspendue-a-la-decision-de-la-cpi\/\",\"url\":\"https:\/\/guineediversite.com\/index.php\/2018\/12\/14\/proces-gbagbo-la-cote-divoire-suspendue-a-la-decision-de-la-cpi\/\",\"name\":\"Proc\u00e8s Gbagbo: la C\u00f4te d'Ivoire suspendue \u00e0 la d\u00e9cision de la CPI | Guin\u00e9e Diversit\u00e9\",\"isPartOf\":{\"@id\":\"https:\/\/guineediversite.com\/#website\"},\"primaryImageOfPage\":{\"@id\":\"https:\/\/guineediversite.com\/index.php\/2018\/12\/14\/proces-gbagbo-la-cote-divoire-suspendue-a-la-decision-de-la-cpi\/#primaryimage\"},\"image\":{\"@id\":\"https:\/\/guineediversite.com\/index.php\/2018\/12\/14\/proces-gbagbo-la-cote-divoire-suspendue-a-la-decision-de-la-cpi\/#primaryimage\"},\"thumbnailUrl\":\"https:\/\/guineediversite.com\/wp-content\/uploads\/2018\/12\/2013-02-19T140145Z_1734360777_GM1E92J1P5301_RTRMADP_3_ICC-GBAGBO_0.jpg\",\"datePublished\":\"2018-12-14T13:24:20+00:00\",\"dateModified\":\"2018-12-14T13:24:20+00:00\",\"breadcrumb\":{\"@id\":\"https:\/\/guineediversite.com\/index.php\/2018\/12\/14\/proces-gbagbo-la-cote-divoire-suspendue-a-la-decision-de-la-cpi\/#breadcrumb\"},\"inLanguage\":\"fr-FR\",\"potentialAction\":[{\"@type\":\"ReadAction\",\"target\":[\"https:\/\/guineediversite.com\/index.php\/2018\/12\/14\/proces-gbagbo-la-cote-divoire-suspendue-a-la-decision-de-la-cpi\/\"]}]},{\"@type\":\"ImageObject\",\"inLanguage\":\"fr-FR\",\"@id\":\"https:\/\/guineediversite.com\/index.php\/2018\/12\/14\/proces-gbagbo-la-cote-divoire-suspendue-a-la-decision-de-la-cpi\/#primaryimage\",\"url\":\"https:\/\/guineediversite.com\/wp-content\/uploads\/2018\/12\/2013-02-19T140145Z_1734360777_GM1E92J1P5301_RTRMADP_3_ICC-GBAGBO_0.jpg\",\"contentUrl\":\"https:\/\/guineediversite.com\/wp-content\/uploads\/2018\/12\/2013-02-19T140145Z_1734360777_GM1E92J1P5301_RTRMADP_3_ICC-GBAGBO_0.jpg\",\"width\":1024,\"height\":578},{\"@type\":\"BreadcrumbList\",\"@id\":\"https:\/\/guineediversite.com\/index.php\/2018\/12\/14\/proces-gbagbo-la-cote-divoire-suspendue-a-la-decision-de-la-cpi\/#breadcrumb\",\"itemListElement\":[{\"@type\":\"ListItem\",\"position\":1,\"name\":\"Accueil\",\"item\":\"https:\/\/guineediversite.com\/\"},{\"@type\":\"ListItem\",\"position\":2,\"name\":\"Proc\u00e8s Gbagbo: la C\u00f4te d&rsquo;Ivoire suspendue \u00e0 la d\u00e9cision de la CPI\"}]},{\"@type\":\"WebSite\",\"@id\":\"https:\/\/guineediversite.com\/#website\",\"url\":\"https:\/\/guineediversite.com\/\",\"name\":\"Guin\u00e9e Diversit\u00e9\",\"description\":\"L&#039;Info dans toute sa diversit\u00e9\",\"publisher\":{\"@id\":\"https:\/\/guineediversite.com\/#organization\"},\"potentialAction\":[{\"@type\":\"SearchAction\",\"target\":{\"@type\":\"EntryPoint\",\"urlTemplate\":\"https:\/\/guineediversite.com\/?s={search_term_string}\"},\"query-input\":{\"@type\":\"PropertyValueSpecification\",\"valueRequired\":true,\"valueName\":\"search_term_string\"}}],\"inLanguage\":\"fr-FR\"},{\"@type\":\"Organization\",\"@id\":\"https:\/\/guineediversite.com\/#organization\",\"name\":\"Guin\u00e9e Diversit\u00e9\",\"url\":\"https:\/\/guineediversite.com\/\",\"logo\":{\"@type\":\"ImageObject\",\"inLanguage\":\"fr-FR\",\"@id\":\"https:\/\/guineediversite.com\/#\/schema\/logo\/image\/\",\"url\":\"https:\/\/guineediversite.com\/wp-content\/uploads\/2017\/04\/cropped-1jojlxEOMkX9Wyqfhe43D6kjPOGqBBKmx3EwWJqZ0cMrFF54yM49.png\",\"contentUrl\":\"https:\/\/guineediversite.com\/wp-content\/uploads\/2017\/04\/cropped-1jojlxEOMkX9Wyqfhe43D6kjPOGqBBKmx3EwWJqZ0cMrFF54yM49.png\",\"width\":186,\"height\":112,\"caption\":\"Guin\u00e9e Diversit\u00e9\"},\"image\":{\"@id\":\"https:\/\/guineediversite.com\/#\/schema\/logo\/image\/\"},\"sameAs\":[\"https:\/\/www.facebook.com\/guineediversite\/\",\"https:\/\/x.com\/GuineeDiversite\",\"https:\/\/www.youtube.com\/channel\/UC8sUY16qelG5ge6_D5SB83g\"]},{\"@type\":\"Person\",\"@id\":\"https:\/\/guineediversite.com\/#\/schema\/person\/afa08fb34e7fc6e1feafc892612bc836\",\"name\":\"Guin\u00e9e Diversit\u00e9\",\"image\":{\"@type\":\"ImageObject\",\"inLanguage\":\"fr-FR\",\"@id\":\"https:\/\/guineediversite.com\/#\/schema\/person\/image\/\",\"url\":\"https:\/\/secure.gravatar.com\/avatar\/50d5eb5b390f8b65ac30ac6f898eb83a?s=96&d=mm&r=g\",\"contentUrl\":\"https:\/\/secure.gravatar.com\/avatar\/50d5eb5b390f8b65ac30ac6f898eb83a?s=96&d=mm&r=g\",\"caption\":\"Guin\u00e9e Diversit\u00e9\"},\"url\":\"https:\/\/guineediversite.com\/index.php\/author\/guineediversite\/\"}]}<\/script>\n<!-- \/ Yoast SEO plugin. -->","yoast_head_json":{"title":"Proc\u00e8s Gbagbo: la C\u00f4te d'Ivoire suspendue \u00e0 la d\u00e9cision de la CPI | Guin\u00e9e Diversit\u00e9","robots":{"index":"index","follow":"follow","max-snippet":"max-snippet:-1","max-image-preview":"max-image-preview:large","max-video-preview":"max-video-preview:-1"},"canonical":"https:\/\/guineediversite.com\/index.php\/2018\/12\/14\/proces-gbagbo-la-cote-divoire-suspendue-a-la-decision-de-la-cpi\/","og_locale":"fr_FR","og_type":"article","og_title":"Proc\u00e8s Gbagbo: la C\u00f4te d'Ivoire suspendue \u00e0 la d\u00e9cision de la CPI | Guin\u00e9e Diversit\u00e9","og_description":"Laurent Gbagbo et Charles Bl\u00e9 Goud\u00e9 vont-ils \u00eatre mis en libert\u00e9 provisoire\u00a0? A La Haye, la chambre d&rsquo;instruction de la Cour p\u00e9nale internationale (CPI) d\u00e9lib\u00e8re en ce moment sur une \u00e9ventuelle remise en libert\u00e9 provisoire. L&rsquo;ex-chef de l&rsquo;Etat ivoirien et l&rsquo;ancien leader des Jeunes patriotes sont tous deux poursuivis pour crime contre l&rsquo;humanit\u00e9 pour les [&hellip;]","og_url":"https:\/\/guineediversite.com\/index.php\/2018\/12\/14\/proces-gbagbo-la-cote-divoire-suspendue-a-la-decision-de-la-cpi\/","og_site_name":"Guin\u00e9e Diversit\u00e9","article_publisher":"https:\/\/www.facebook.com\/guineediversite\/","article_published_time":"2018-12-14T13:24:20+00:00","og_image":[{"width":1024,"height":578,"url":"https:\/\/guineediversite.com\/wp-content\/uploads\/2018\/12\/2013-02-19T140145Z_1734360777_GM1E92J1P5301_RTRMADP_3_ICC-GBAGBO_0.jpg","type":"image\/jpeg"}],"author":"Guin\u00e9e Diversit\u00e9","twitter_card":"summary_large_image","twitter_creator":"@GuineeDiversite","twitter_site":"@GuineeDiversite","twitter_misc":{"\u00c9crit par":"Guin\u00e9e Diversit\u00e9","Dur\u00e9e de lecture estim\u00e9e":"2 minutes"},"schema":{"@context":"https:\/\/schema.org","@graph":[{"@type":"Article","@id":"https:\/\/guineediversite.com\/index.php\/2018\/12\/14\/proces-gbagbo-la-cote-divoire-suspendue-a-la-decision-de-la-cpi\/#article","isPartOf":{"@id":"https:\/\/guineediversite.com\/index.php\/2018\/12\/14\/proces-gbagbo-la-cote-divoire-suspendue-a-la-decision-de-la-cpi\/"},"author":{"name":"Guin\u00e9e Diversit\u00e9","@id":"https:\/\/guineediversite.com\/#\/schema\/person\/afa08fb34e7fc6e1feafc892612bc836"},"headline":"Proc\u00e8s Gbagbo: la C\u00f4te d&rsquo;Ivoire suspendue \u00e0 la d\u00e9cision de la CPI","datePublished":"2018-12-14T13:24:20+00:00","dateModified":"2018-12-14T13:24:20+00:00","mainEntityOfPage":{"@id":"https:\/\/guineediversite.com\/index.php\/2018\/12\/14\/proces-gbagbo-la-cote-divoire-suspendue-a-la-decision-de-la-cpi\/"},"wordCount":440,"publisher":{"@id":"https:\/\/guineediversite.com\/#organization"},"image":{"@id":"https:\/\/guineediversite.com\/index.php\/2018\/12\/14\/proces-gbagbo-la-cote-divoire-suspendue-a-la-decision-de-la-cpi\/#primaryimage"},"thumbnailUrl":"https:\/\/guineediversite.com\/wp-content\/uploads\/2018\/12\/2013-02-19T140145Z_1734360777_GM1E92J1P5301_RTRMADP_3_ICC-GBAGBO_0.jpg","articleSection":["International"],"inLanguage":"fr-FR"},{"@type":"WebPage","@id":"https:\/\/guineediversite.com\/index.php\/2018\/12\/14\/proces-gbagbo-la-cote-divoire-suspendue-a-la-decision-de-la-cpi\/","url":"https:\/\/guineediversite.com\/index.php\/2018\/12\/14\/proces-gbagbo-la-cote-divoire-suspendue-a-la-decision-de-la-cpi\/","name":"Proc\u00e8s Gbagbo: la C\u00f4te d'Ivoire suspendue \u00e0 la d\u00e9cision de la CPI | Guin\u00e9e Diversit\u00e9","isPartOf":{"@id":"https:\/\/guineediversite.com\/#website"},"primaryImageOfPage":{"@id":"https:\/\/guineediversite.com\/index.php\/2018\/12\/14\/proces-gbagbo-la-cote-divoire-suspendue-a-la-decision-de-la-cpi\/#primaryimage"},"image":{"@id":"https:\/\/guineediversite.com\/index.php\/2018\/12\/14\/proces-gbagbo-la-cote-divoire-suspendue-a-la-decision-de-la-cpi\/#primaryimage"},"thumbnailUrl":"https:\/\/guineediversite.com\/wp-content\/uploads\/2018\/12\/2013-02-19T140145Z_1734360777_GM1E92J1P5301_RTRMADP_3_ICC-GBAGBO_0.jpg","datePublished":"2018-12-14T13:24:20+00:00","dateModified":"2018-12-14T13:24:20+00:00","breadcrumb":{"@id":"https:\/\/guineediversite.com\/index.php\/2018\/12\/14\/proces-gbagbo-la-cote-divoire-suspendue-a-la-decision-de-la-cpi\/#breadcrumb"},"inLanguage":"fr-FR","potentialAction":[{"@type":"ReadAction","target":["https:\/\/guineediversite.com\/index.php\/2018\/12\/14\/proces-gbagbo-la-cote-divoire-suspendue-a-la-decision-de-la-cpi\/"]}]},{"@type":"ImageObject","inLanguage":"fr-FR","@id":"https:\/\/guineediversite.com\/index.php\/2018\/12\/14\/proces-gbagbo-la-cote-divoire-suspendue-a-la-decision-de-la-cpi\/#primaryimage","url":"https:\/\/guineediversite.com\/wp-content\/uploads\/2018\/12\/2013-02-19T140145Z_1734360777_GM1E92J1P5301_RTRMADP_3_ICC-GBAGBO_0.jpg","contentUrl":"https:\/\/guineediversite.com\/wp-content\/uploads\/2018\/12\/2013-02-19T140145Z_1734360777_GM1E92J1P5301_RTRMADP_3_ICC-GBAGBO_0.jpg","width":1024,"height":578},{"@type":"BreadcrumbList","@id":"https:\/\/guineediversite.com\/index.php\/2018\/12\/14\/proces-gbagbo-la-cote-divoire-suspendue-a-la-decision-de-la-cpi\/#breadcrumb","itemListElement":[{"@type":"ListItem","position":1,"name":"Accueil","item":"https:\/\/guineediversite.com\/"},{"@type":"ListItem","position":2,"name":"Proc\u00e8s Gbagbo: la C\u00f4te d&rsquo;Ivoire suspendue \u00e0 la d\u00e9cision de la CPI"}]},{"@type":"WebSite","@id":"https:\/\/guineediversite.com\/#website","url":"https:\/\/guineediversite.com\/","name":"Guin\u00e9e Diversit\u00e9","description":"L&#039;Info dans toute sa diversit\u00e9","publisher":{"@id":"https:\/\/guineediversite.com\/#organization"},"potentialAction":[{"@type":"SearchAction","target":{"@type":"EntryPoint","urlTemplate":"https:\/\/guineediversite.com\/?s={search_term_string}"},"query-input":{"@type":"PropertyValueSpecification","valueRequired":true,"valueName":"search_term_string"}}],"inLanguage":"fr-FR"},{"@type":"Organization","@id":"https:\/\/guineediversite.com\/#organization","name":"Guin\u00e9e Diversit\u00e9","url":"https:\/\/guineediversite.com\/","logo":{"@type":"ImageObject","inLanguage":"fr-FR","@id":"https:\/\/guineediversite.com\/#\/schema\/logo\/image\/","url":"https:\/\/guineediversite.com\/wp-content\/uploads\/2017\/04\/cropped-1jojlxEOMkX9Wyqfhe43D6kjPOGqBBKmx3EwWJqZ0cMrFF54yM49.png","contentUrl":"https:\/\/guineediversite.com\/wp-content\/uploads\/2017\/04\/cropped-1jojlxEOMkX9Wyqfhe43D6kjPOGqBBKmx3EwWJqZ0cMrFF54yM49.png","width":186,"height":112,"caption":"Guin\u00e9e Diversit\u00e9"},"image":{"@id":"https:\/\/guineediversite.com\/#\/schema\/logo\/image\/"},"sameAs":["https:\/\/www.facebook.com\/guineediversite\/","https:\/\/x.com\/GuineeDiversite","https:\/\/www.youtube.com\/channel\/UC8sUY16qelG5ge6_D5SB83g"]},{"@type":"Person","@id":"https:\/\/guineediversite.com\/#\/schema\/person\/afa08fb34e7fc6e1feafc892612bc836","name":"Guin\u00e9e Diversit\u00e9","image":{"@type":"ImageObject","inLanguage":"fr-FR","@id":"https:\/\/guineediversite.com\/#\/schema\/person\/image\/","url":"https:\/\/secure.gravatar.com\/avatar\/50d5eb5b390f8b65ac30ac6f898eb83a?s=96&d=mm&r=g","contentUrl":"https:\/\/secure.gravatar.com\/avatar\/50d5eb5b390f8b65ac30ac6f898eb83a?s=96&d=mm&r=g","caption":"Guin\u00e9e Diversit\u00e9"},"url":"https:\/\/guineediversite.com\/index.php\/author\/guineediversite\/"}]}},"_links":{"self":[{"href":"https:\/\/guineediversite.com\/index.php\/wp-json\/wp\/v2\/posts\/27567"}],"collection":[{"href":"https:\/\/guineediversite.com\/index.php\/wp-json\/wp\/v2\/posts"}],"about":[{"href":"https:\/\/guineediversite.com\/index.php\/wp-json\/wp\/v2\/types\/post"}],"author":[{"embeddable":true,"href":"https:\/\/guineediversite.com\/index.php\/wp-json\/wp\/v2\/users\/12"}],"replies":[{"embeddable":true,"href":"https:\/\/guineediversite.com\/index.php\/wp-json\/wp\/v2\/comments?post=27567"}],"version-history":[{"count":0,"href":"https:\/\/guineediversite.com\/index.php\/wp-json\/wp\/v2\/posts\/27567\/revisions"}],"wp:featuredmedia":[{"embeddable":true,"href":"https:\/\/guineediversite.com\/index.php\/wp-json\/wp\/v2\/media\/27568"}],"wp:attachment":[{"href":"https:\/\/guineediversite.com\/index.php\/wp-json\/wp\/v2\/media?parent=27567"}],"wp:term":[{"taxonomy":"category","embeddable":true,"href":"https:\/\/guineediversite.com\/index.php\/wp-json\/wp\/v2\/categories?post=27567"},{"taxonomy":"post_tag","embeddable":true,"href":"https:\/\/guineediversite.com\/index.php\/wp-json\/wp\/v2\/tags?post=27567"}],"curies":[{"name":"wp","href":"https:\/\/api.w.org\/{rel}","templated":true}]}}