{"id":27561,"date":"2018-12-14T12:58:18","date_gmt":"2018-12-14T11:58:18","guid":{"rendered":"https:\/\/guineediversite.com\/?p=27561"},"modified":"2018-12-14T12:58:18","modified_gmt":"2018-12-14T11:58:18","slug":"apres-legypte-lafrique-du-sud-egalement-candidate-a-lorganisation-de-la-can-2019","status":"publish","type":"post","link":"https:\/\/guineediversite.com\/index.php\/2018\/12\/14\/apres-legypte-lafrique-du-sud-egalement-candidate-a-lorganisation-de-la-can-2019\/","title":{"rendered":"Apr\u00e8s l\u2019\u00c9gypte, l\u2019Afrique du Sud \u00e9galement candidate \u00e0 l\u2019organisation de la CAN 2019"},"content":{"rendered":"<p class=\"lead\">L&rsquo;Afrique du Sud s&rsquo;est officiellement port\u00e9e candidate \u00e0 l&rsquo;organisation de la Coupe d&rsquo;Afrique des nations 2019 pr\u00e9vue en juin, \u00e0 la place du Cameroun, a confirm\u00e9 jeudi 13 d\u00e9cembre la F\u00e9d\u00e9ration sud-africaine de football (Safa).<\/p>\n<p>\u00ab\u00a0Nous avons soumis notre candidature\u00a0\u00bb, a affirm\u00e9 un porte-parole de la Safa dans un courriel adress\u00e9 \u00e0 l\u2019AFP, alors que\u00a0<a href=\"https:\/\/www.jeuneafrique.com\/679961\/societe\/can-2019-lappel-a-candidatures-officiellement-lance-pour-remplacer-le-cameroun\/\">les nations souhaitant organiser l\u2019\u00e9v\u00e9nement ont jusqu\u2019\u00e0 vendredi pour candidater officiellement.<\/a>\u00a0\u00ab\u00a0C\u2019est maintenant \u00e0 la Conf\u00e9d\u00e9ration africaine de football (CAF) de d\u00e9cider.\u00a0\u00bb<\/p>\n<p>L\u2019Afrique du Sud rejoint\u00a0<a href=\"https:\/\/www.jeuneafrique.com\/685709\/societe\/legypte-officiellement-candidate-a-lorganisation-de-la-can-2019\/\">l\u2019\u00c9gypte, seul autre candidat officiel jeudi soir.<\/a>Le Maroc avait lui cr\u00e9\u00e9 la surprise,\u00a0<a href=\"https:\/\/www.jeuneafrique.com\/685032\/societe\/can-2019-le-maroc-nest-pas-candidat\/\">lorsque le ministre des Sports du royaume a d\u00e9clar\u00e9 qu\u2019il ne serait pas candidat.<\/a>\u00a0Le Ghana, qui vient d\u2019organiser la CAN f\u00e9minine en novembre, s\u2019est de son c\u00f4t\u00e9 dit, par la voix de son ministre des Sports \u00e9galement, pr\u00eat \u00e0 accueillir la comp\u00e9tition, si aucun autre pays n\u2019est finalement retenu.<\/p>\n<h2>D\u00e9j\u00e0 un Mondial et deux CAN \u00e0 son actif<\/h2>\n<p>L\u2019Afrique du Sud, seul pays africain \u00e0 avoir accueilli une Coupe du monde (en 2010), a d\u00e9j\u00e0 organis\u00e9 la CAN \u00e0 deux reprises, en 1996 et en 2013, ann\u00e9e o\u00f9 elle avait d\u00e9j\u00e0 remplac\u00e9 la Libye, organisatrice initiale mais qui s\u2019\u00e9tait retir\u00e9e en raison de sa<a href=\"https:\/\/www.jeuneafrique.com\/563496\/politique\/crise-en-libye-accord-sur-des-elections-presidentielle-et-legislatives-le-10-decembre\/\">\u00a0grande instabilit\u00e9 politique et s\u00e9curitaire.<\/a><\/p>\n<p><a href=\"https:\/\/www.jeuneafrique.com\/674970\/societe\/football-la-can-2019-officiellement-retiree-au-cameroun-par-la-caf\/\">L\u2019organisation de la CAN 2019 a \u00e9t\u00e9 retir\u00e9e au Cameroun le 30 novembre<\/a>\u00a0pour cause de retards dans les travaux d\u2019infrastructures et en raison d\u2019une situation fragile sur le plan s\u00e9curitaire. Le pays h\u00f4te de la CAN, pr\u00e9vue du 15 juin au 13 juillet, sera connu le 9 janvier.<\/p>\n<p>JA<\/p>\n","protected":false},"excerpt":{"rendered":"<p>L&rsquo;Afrique du Sud s&rsquo;est officiellement port\u00e9e candidate \u00e0 l&rsquo;organisation de la Coupe d&rsquo;Afrique des nations 2019 pr\u00e9vue en juin, \u00e0 la place du Cameroun, a confirm\u00e9 jeudi 13 d\u00e9cembre la F\u00e9d\u00e9ration sud-africaine de football (Safa). \u00ab\u00a0Nous avons soumis notre candidature\u00a0\u00bb, a affirm\u00e9 un porte-parole de la Safa dans un courriel adress\u00e9 \u00e0 l\u2019AFP, alors que\u00a0les [&hellip;]<\/p>\n","protected":false},"author":12,"featured_media":27563,"comment_status":"closed","ping_status":"closed","sticky":false,"template":"","format":"standard","meta":{"_exactmetrics_skip_tracking":false,"_exactmetrics_sitenote_active":false,"_exactmetrics_sitenote_note":"","_exactmetrics_sitenote_category":0,"tdm_status":"","tdm_grid_status":"","footnotes":""},"categories":[18],"tags":[],"class_list":{"0":"post-27561","1":"post","2":"type-post","3":"status-publish","4":"format-standard","5":"has-post-thumbnail","7":"category-sport"},"yoast_head":"<!-- This site is optimized with the Yoast SEO plugin v24.2 - https:\/\/yoast.com\/wordpress\/plugins\/seo\/ -->\n<title>Apr\u00e8s l\u2019\u00c9gypte, l\u2019Afrique du Sud \u00e9galement candidate \u00e0 l\u2019organisation de la CAN 2019 | Guin\u00e9e Diversit\u00e9<\/title>\n<meta name=\"robots\" content=\"index, follow, max-snippet:-1, max-image-preview:large, max-video-preview:-1\" \/>\n<link rel=\"canonical\" href=\"https:\/\/guineediversite.com\/index.php\/2018\/12\/14\/apres-legypte-lafrique-du-sud-egalement-candidate-a-lorganisation-de-la-can-2019\/\" \/>\n<meta property=\"og:locale\" content=\"fr_FR\" \/>\n<meta property=\"og:type\" content=\"article\" \/>\n<meta property=\"og:title\" content=\"Apr\u00e8s l\u2019\u00c9gypte, l\u2019Afrique du Sud \u00e9galement candidate \u00e0 l\u2019organisation de la CAN 2019 | Guin\u00e9e Diversit\u00e9\" \/>\n<meta property=\"og:description\" content=\"L&rsquo;Afrique du Sud s&rsquo;est officiellement port\u00e9e candidate \u00e0 l&rsquo;organisation de la Coupe d&rsquo;Afrique des nations 2019 pr\u00e9vue en juin, \u00e0 la place du Cameroun, a confirm\u00e9 jeudi 13 d\u00e9cembre la F\u00e9d\u00e9ration sud-africaine de football (Safa). \u00ab\u00a0Nous avons soumis notre candidature\u00a0\u00bb, a affirm\u00e9 un porte-parole de la Safa dans un courriel adress\u00e9 \u00e0 l\u2019AFP, alors que\u00a0les [&hellip;]\" \/>\n<meta property=\"og:url\" content=\"https:\/\/guineediversite.com\/index.php\/2018\/12\/14\/apres-legypte-lafrique-du-sud-egalement-candidate-a-lorganisation-de-la-can-2019\/\" \/>\n<meta property=\"og:site_name\" content=\"Guin\u00e9e Diversit\u00e9\" \/>\n<meta property=\"article:publisher\" content=\"https:\/\/www.facebook.com\/guineediversite\/\" \/>\n<meta property=\"article:published_time\" content=\"2018-12-14T11:58:18+00:00\" \/>\n<meta property=\"og:image\" content=\"https:\/\/guineediversite.com\/wp-content\/uploads\/2018\/12\/bafan-bafana-592x296.jpg\" \/>\n\t<meta property=\"og:image:width\" content=\"1024\" \/>\n\t<meta property=\"og:image:height\" content=\"512\" \/>\n\t<meta property=\"og:image:type\" content=\"image\/jpeg\" \/>\n<meta name=\"author\" content=\"Guin\u00e9e Diversit\u00e9\" \/>\n<meta name=\"twitter:card\" content=\"summary_large_image\" \/>\n<meta name=\"twitter:creator\" content=\"@GuineeDiversite\" \/>\n<meta name=\"twitter:site\" content=\"@GuineeDiversite\" \/>\n<meta name=\"twitter:label1\" content=\"\u00c9crit par\" \/>\n\t<meta name=\"twitter:data1\" content=\"Guin\u00e9e Diversit\u00e9\" \/>\n\t<meta name=\"twitter:label2\" content=\"Dur\u00e9e de lecture estim\u00e9e\" \/>\n\t<meta name=\"twitter:data2\" content=\"1 minute\" \/>\n<script type=\"application\/ld+json\" class=\"yoast-schema-graph\">{\"@context\":\"https:\/\/schema.org\",\"@graph\":[{\"@type\":\"Article\",\"@id\":\"https:\/\/guineediversite.com\/index.php\/2018\/12\/14\/apres-legypte-lafrique-du-sud-egalement-candidate-a-lorganisation-de-la-can-2019\/#article\",\"isPartOf\":{\"@id\":\"https:\/\/guineediversite.com\/index.php\/2018\/12\/14\/apres-legypte-lafrique-du-sud-egalement-candidate-a-lorganisation-de-la-can-2019\/\"},\"author\":{\"name\":\"Guin\u00e9e Diversit\u00e9\",\"@id\":\"https:\/\/guineediversite.com\/#\/schema\/person\/afa08fb34e7fc6e1feafc892612bc836\"},\"headline\":\"Apr\u00e8s l\u2019\u00c9gypte, l\u2019Afrique du Sud \u00e9galement candidate \u00e0 l\u2019organisation de la CAN 2019\",\"datePublished\":\"2018-12-14T11:58:18+00:00\",\"dateModified\":\"2018-12-14T11:58:18+00:00\",\"mainEntityOfPage\":{\"@id\":\"https:\/\/guineediversite.com\/index.php\/2018\/12\/14\/apres-legypte-lafrique-du-sud-egalement-candidate-a-lorganisation-de-la-can-2019\/\"},\"wordCount\":294,\"publisher\":{\"@id\":\"https:\/\/guineediversite.com\/#organization\"},\"image\":{\"@id\":\"https:\/\/guineediversite.com\/index.php\/2018\/12\/14\/apres-legypte-lafrique-du-sud-egalement-candidate-a-lorganisation-de-la-can-2019\/#primaryimage\"},\"thumbnailUrl\":\"https:\/\/guineediversite.com\/wp-content\/uploads\/2018\/12\/bafan-bafana-592x296.jpg\",\"articleSection\":[\"Sport\"],\"inLanguage\":\"fr-FR\"},{\"@type\":\"WebPage\",\"@id\":\"https:\/\/guineediversite.com\/index.php\/2018\/12\/14\/apres-legypte-lafrique-du-sud-egalement-candidate-a-lorganisation-de-la-can-2019\/\",\"url\":\"https:\/\/guineediversite.com\/index.php\/2018\/12\/14\/apres-legypte-lafrique-du-sud-egalement-candidate-a-lorganisation-de-la-can-2019\/\",\"name\":\"Apr\u00e8s l\u2019\u00c9gypte, l\u2019Afrique du Sud \u00e9galement candidate \u00e0 l\u2019organisation de la CAN 2019 | Guin\u00e9e Diversit\u00e9\",\"isPartOf\":{\"@id\":\"https:\/\/guineediversite.com\/#website\"},\"primaryImageOfPage\":{\"@id\":\"https:\/\/guineediversite.com\/index.php\/2018\/12\/14\/apres-legypte-lafrique-du-sud-egalement-candidate-a-lorganisation-de-la-can-2019\/#primaryimage\"},\"image\":{\"@id\":\"https:\/\/guineediversite.com\/index.php\/2018\/12\/14\/apres-legypte-lafrique-du-sud-egalement-candidate-a-lorganisation-de-la-can-2019\/#primaryimage\"},\"thumbnailUrl\":\"https:\/\/guineediversite.com\/wp-content\/uploads\/2018\/12\/bafan-bafana-592x296.jpg\",\"datePublished\":\"2018-12-14T11:58:18+00:00\",\"dateModified\":\"2018-12-14T11:58:18+00:00\",\"breadcrumb\":{\"@id\":\"https:\/\/guineediversite.com\/index.php\/2018\/12\/14\/apres-legypte-lafrique-du-sud-egalement-candidate-a-lorganisation-de-la-can-2019\/#breadcrumb\"},\"inLanguage\":\"fr-FR\",\"potentialAction\":[{\"@type\":\"ReadAction\",\"target\":[\"https:\/\/guineediversite.com\/index.php\/2018\/12\/14\/apres-legypte-lafrique-du-sud-egalement-candidate-a-lorganisation-de-la-can-2019\/\"]}]},{\"@type\":\"ImageObject\",\"inLanguage\":\"fr-FR\",\"@id\":\"https:\/\/guineediversite.com\/index.php\/2018\/12\/14\/apres-legypte-lafrique-du-sud-egalement-candidate-a-lorganisation-de-la-can-2019\/#primaryimage\",\"url\":\"https:\/\/guineediversite.com\/wp-content\/uploads\/2018\/12\/bafan-bafana-592x296.jpg\",\"contentUrl\":\"https:\/\/guineediversite.com\/wp-content\/uploads\/2018\/12\/bafan-bafana-592x296.jpg\",\"width\":1024,\"height\":512},{\"@type\":\"BreadcrumbList\",\"@id\":\"https:\/\/guineediversite.com\/index.php\/2018\/12\/14\/apres-legypte-lafrique-du-sud-egalement-candidate-a-lorganisation-de-la-can-2019\/#breadcrumb\",\"itemListElement\":[{\"@type\":\"ListItem\",\"position\":1,\"name\":\"Accueil\",\"item\":\"https:\/\/guineediversite.com\/\"},{\"@type\":\"ListItem\",\"position\":2,\"name\":\"Apr\u00e8s l\u2019\u00c9gypte, l\u2019Afrique du Sud \u00e9galement candidate \u00e0 l\u2019organisation de la CAN 2019\"}]},{\"@type\":\"WebSite\",\"@id\":\"https:\/\/guineediversite.com\/#website\",\"url\":\"https:\/\/guineediversite.com\/\",\"name\":\"Guin\u00e9e Diversit\u00e9\",\"description\":\"L&#039;Info dans toute sa diversit\u00e9\",\"publisher\":{\"@id\":\"https:\/\/guineediversite.com\/#organization\"},\"potentialAction\":[{\"@type\":\"SearchAction\",\"target\":{\"@type\":\"EntryPoint\",\"urlTemplate\":\"https:\/\/guineediversite.com\/?s={search_term_string}\"},\"query-input\":{\"@type\":\"PropertyValueSpecification\",\"valueRequired\":true,\"valueName\":\"search_term_string\"}}],\"inLanguage\":\"fr-FR\"},{\"@type\":\"Organization\",\"@id\":\"https:\/\/guineediversite.com\/#organization\",\"name\":\"Guin\u00e9e Diversit\u00e9\",\"url\":\"https:\/\/guineediversite.com\/\",\"logo\":{\"@type\":\"ImageObject\",\"inLanguage\":\"fr-FR\",\"@id\":\"https:\/\/guineediversite.com\/#\/schema\/logo\/image\/\",\"url\":\"https:\/\/guineediversite.com\/wp-content\/uploads\/2017\/04\/cropped-1jojlxEOMkX9Wyqfhe43D6kjPOGqBBKmx3EwWJqZ0cMrFF54yM49.png\",\"contentUrl\":\"https:\/\/guineediversite.com\/wp-content\/uploads\/2017\/04\/cropped-1jojlxEOMkX9Wyqfhe43D6kjPOGqBBKmx3EwWJqZ0cMrFF54yM49.png\",\"width\":186,\"height\":112,\"caption\":\"Guin\u00e9e Diversit\u00e9\"},\"image\":{\"@id\":\"https:\/\/guineediversite.com\/#\/schema\/logo\/image\/\"},\"sameAs\":[\"https:\/\/www.facebook.com\/guineediversite\/\",\"https:\/\/x.com\/GuineeDiversite\",\"https:\/\/www.youtube.com\/channel\/UC8sUY16qelG5ge6_D5SB83g\"]},{\"@type\":\"Person\",\"@id\":\"https:\/\/guineediversite.com\/#\/schema\/person\/afa08fb34e7fc6e1feafc892612bc836\",\"name\":\"Guin\u00e9e Diversit\u00e9\",\"image\":{\"@type\":\"ImageObject\",\"inLanguage\":\"fr-FR\",\"@id\":\"https:\/\/guineediversite.com\/#\/schema\/person\/image\/\",\"url\":\"https:\/\/secure.gravatar.com\/avatar\/50d5eb5b390f8b65ac30ac6f898eb83a?s=96&d=mm&r=g\",\"contentUrl\":\"https:\/\/secure.gravatar.com\/avatar\/50d5eb5b390f8b65ac30ac6f898eb83a?s=96&d=mm&r=g\",\"caption\":\"Guin\u00e9e Diversit\u00e9\"},\"url\":\"https:\/\/guineediversite.com\/index.php\/author\/guineediversite\/\"}]}<\/script>\n<!-- \/ Yoast SEO plugin. -->","yoast_head_json":{"title":"Apr\u00e8s l\u2019\u00c9gypte, l\u2019Afrique du Sud \u00e9galement candidate \u00e0 l\u2019organisation de la CAN 2019 | Guin\u00e9e Diversit\u00e9","robots":{"index":"index","follow":"follow","max-snippet":"max-snippet:-1","max-image-preview":"max-image-preview:large","max-video-preview":"max-video-preview:-1"},"canonical":"https:\/\/guineediversite.com\/index.php\/2018\/12\/14\/apres-legypte-lafrique-du-sud-egalement-candidate-a-lorganisation-de-la-can-2019\/","og_locale":"fr_FR","og_type":"article","og_title":"Apr\u00e8s l\u2019\u00c9gypte, l\u2019Afrique du Sud \u00e9galement candidate \u00e0 l\u2019organisation de la CAN 2019 | Guin\u00e9e Diversit\u00e9","og_description":"L&rsquo;Afrique du Sud s&rsquo;est officiellement port\u00e9e candidate \u00e0 l&rsquo;organisation de la Coupe d&rsquo;Afrique des nations 2019 pr\u00e9vue en juin, \u00e0 la place du Cameroun, a confirm\u00e9 jeudi 13 d\u00e9cembre la F\u00e9d\u00e9ration sud-africaine de football (Safa). \u00ab\u00a0Nous avons soumis notre candidature\u00a0\u00bb, a affirm\u00e9 un porte-parole de la Safa dans un courriel adress\u00e9 \u00e0 l\u2019AFP, alors que\u00a0les [&hellip;]","og_url":"https:\/\/guineediversite.com\/index.php\/2018\/12\/14\/apres-legypte-lafrique-du-sud-egalement-candidate-a-lorganisation-de-la-can-2019\/","og_site_name":"Guin\u00e9e Diversit\u00e9","article_publisher":"https:\/\/www.facebook.com\/guineediversite\/","article_published_time":"2018-12-14T11:58:18+00:00","og_image":[{"width":1024,"height":512,"url":"https:\/\/guineediversite.com\/wp-content\/uploads\/2018\/12\/bafan-bafana-592x296.jpg","type":"image\/jpeg"}],"author":"Guin\u00e9e Diversit\u00e9","twitter_card":"summary_large_image","twitter_creator":"@GuineeDiversite","twitter_site":"@GuineeDiversite","twitter_misc":{"\u00c9crit par":"Guin\u00e9e Diversit\u00e9","Dur\u00e9e de lecture estim\u00e9e":"1 minute"},"schema":{"@context":"https:\/\/schema.org","@graph":[{"@type":"Article","@id":"https:\/\/guineediversite.com\/index.php\/2018\/12\/14\/apres-legypte-lafrique-du-sud-egalement-candidate-a-lorganisation-de-la-can-2019\/#article","isPartOf":{"@id":"https:\/\/guineediversite.com\/index.php\/2018\/12\/14\/apres-legypte-lafrique-du-sud-egalement-candidate-a-lorganisation-de-la-can-2019\/"},"author":{"name":"Guin\u00e9e Diversit\u00e9","@id":"https:\/\/guineediversite.com\/#\/schema\/person\/afa08fb34e7fc6e1feafc892612bc836"},"headline":"Apr\u00e8s l\u2019\u00c9gypte, l\u2019Afrique du Sud \u00e9galement candidate \u00e0 l\u2019organisation de la CAN 2019","datePublished":"2018-12-14T11:58:18+00:00","dateModified":"2018-12-14T11:58:18+00:00","mainEntityOfPage":{"@id":"https:\/\/guineediversite.com\/index.php\/2018\/12\/14\/apres-legypte-lafrique-du-sud-egalement-candidate-a-lorganisation-de-la-can-2019\/"},"wordCount":294,"publisher":{"@id":"https:\/\/guineediversite.com\/#organization"},"image":{"@id":"https:\/\/guineediversite.com\/index.php\/2018\/12\/14\/apres-legypte-lafrique-du-sud-egalement-candidate-a-lorganisation-de-la-can-2019\/#primaryimage"},"thumbnailUrl":"https:\/\/guineediversite.com\/wp-content\/uploads\/2018\/12\/bafan-bafana-592x296.jpg","articleSection":["Sport"],"inLanguage":"fr-FR"},{"@type":"WebPage","@id":"https:\/\/guineediversite.com\/index.php\/2018\/12\/14\/apres-legypte-lafrique-du-sud-egalement-candidate-a-lorganisation-de-la-can-2019\/","url":"https:\/\/guineediversite.com\/index.php\/2018\/12\/14\/apres-legypte-lafrique-du-sud-egalement-candidate-a-lorganisation-de-la-can-2019\/","name":"Apr\u00e8s l\u2019\u00c9gypte, l\u2019Afrique du Sud \u00e9galement candidate \u00e0 l\u2019organisation de la CAN 2019 | Guin\u00e9e Diversit\u00e9","isPartOf":{"@id":"https:\/\/guineediversite.com\/#website"},"primaryImageOfPage":{"@id":"https:\/\/guineediversite.com\/index.php\/2018\/12\/14\/apres-legypte-lafrique-du-sud-egalement-candidate-a-lorganisation-de-la-can-2019\/#primaryimage"},"image":{"@id":"https:\/\/guineediversite.com\/index.php\/2018\/12\/14\/apres-legypte-lafrique-du-sud-egalement-candidate-a-lorganisation-de-la-can-2019\/#primaryimage"},"thumbnailUrl":"https:\/\/guineediversite.com\/wp-content\/uploads\/2018\/12\/bafan-bafana-592x296.jpg","datePublished":"2018-12-14T11:58:18+00:00","dateModified":"2018-12-14T11:58:18+00:00","breadcrumb":{"@id":"https:\/\/guineediversite.com\/index.php\/2018\/12\/14\/apres-legypte-lafrique-du-sud-egalement-candidate-a-lorganisation-de-la-can-2019\/#breadcrumb"},"inLanguage":"fr-FR","potentialAction":[{"@type":"ReadAction","target":["https:\/\/guineediversite.com\/index.php\/2018\/12\/14\/apres-legypte-lafrique-du-sud-egalement-candidate-a-lorganisation-de-la-can-2019\/"]}]},{"@type":"ImageObject","inLanguage":"fr-FR","@id":"https:\/\/guineediversite.com\/index.php\/2018\/12\/14\/apres-legypte-lafrique-du-sud-egalement-candidate-a-lorganisation-de-la-can-2019\/#primaryimage","url":"https:\/\/guineediversite.com\/wp-content\/uploads\/2018\/12\/bafan-bafana-592x296.jpg","contentUrl":"https:\/\/guineediversite.com\/wp-content\/uploads\/2018\/12\/bafan-bafana-592x296.jpg","width":1024,"height":512},{"@type":"BreadcrumbList","@id":"https:\/\/guineediversite.com\/index.php\/2018\/12\/14\/apres-legypte-lafrique-du-sud-egalement-candidate-a-lorganisation-de-la-can-2019\/#breadcrumb","itemListElement":[{"@type":"ListItem","position":1,"name":"Accueil","item":"https:\/\/guineediversite.com\/"},{"@type":"ListItem","position":2,"name":"Apr\u00e8s l\u2019\u00c9gypte, l\u2019Afrique du Sud \u00e9galement candidate \u00e0 l\u2019organisation de la CAN 2019"}]},{"@type":"WebSite","@id":"https:\/\/guineediversite.com\/#website","url":"https:\/\/guineediversite.com\/","name":"Guin\u00e9e Diversit\u00e9","description":"L&#039;Info dans toute sa diversit\u00e9","publisher":{"@id":"https:\/\/guineediversite.com\/#organization"},"potentialAction":[{"@type":"SearchAction","target":{"@type":"EntryPoint","urlTemplate":"https:\/\/guineediversite.com\/?s={search_term_string}"},"query-input":{"@type":"PropertyValueSpecification","valueRequired":true,"valueName":"search_term_string"}}],"inLanguage":"fr-FR"},{"@type":"Organization","@id":"https:\/\/guineediversite.com\/#organization","name":"Guin\u00e9e Diversit\u00e9","url":"https:\/\/guineediversite.com\/","logo":{"@type":"ImageObject","inLanguage":"fr-FR","@id":"https:\/\/guineediversite.com\/#\/schema\/logo\/image\/","url":"https:\/\/guineediversite.com\/wp-content\/uploads\/2017\/04\/cropped-1jojlxEOMkX9Wyqfhe43D6kjPOGqBBKmx3EwWJqZ0cMrFF54yM49.png","contentUrl":"https:\/\/guineediversite.com\/wp-content\/uploads\/2017\/04\/cropped-1jojlxEOMkX9Wyqfhe43D6kjPOGqBBKmx3EwWJqZ0cMrFF54yM49.png","width":186,"height":112,"caption":"Guin\u00e9e Diversit\u00e9"},"image":{"@id":"https:\/\/guineediversite.com\/#\/schema\/logo\/image\/"},"sameAs":["https:\/\/www.facebook.com\/guineediversite\/","https:\/\/x.com\/GuineeDiversite","https:\/\/www.youtube.com\/channel\/UC8sUY16qelG5ge6_D5SB83g"]},{"@type":"Person","@id":"https:\/\/guineediversite.com\/#\/schema\/person\/afa08fb34e7fc6e1feafc892612bc836","name":"Guin\u00e9e Diversit\u00e9","image":{"@type":"ImageObject","inLanguage":"fr-FR","@id":"https:\/\/guineediversite.com\/#\/schema\/person\/image\/","url":"https:\/\/secure.gravatar.com\/avatar\/50d5eb5b390f8b65ac30ac6f898eb83a?s=96&d=mm&r=g","contentUrl":"https:\/\/secure.gravatar.com\/avatar\/50d5eb5b390f8b65ac30ac6f898eb83a?s=96&d=mm&r=g","caption":"Guin\u00e9e Diversit\u00e9"},"url":"https:\/\/guineediversite.com\/index.php\/author\/guineediversite\/"}]}},"_links":{"self":[{"href":"https:\/\/guineediversite.com\/index.php\/wp-json\/wp\/v2\/posts\/27561"}],"collection":[{"href":"https:\/\/guineediversite.com\/index.php\/wp-json\/wp\/v2\/posts"}],"about":[{"href":"https:\/\/guineediversite.com\/index.php\/wp-json\/wp\/v2\/types\/post"}],"author":[{"embeddable":true,"href":"https:\/\/guineediversite.com\/index.php\/wp-json\/wp\/v2\/users\/12"}],"replies":[{"embeddable":true,"href":"https:\/\/guineediversite.com\/index.php\/wp-json\/wp\/v2\/comments?post=27561"}],"version-history":[{"count":0,"href":"https:\/\/guineediversite.com\/index.php\/wp-json\/wp\/v2\/posts\/27561\/revisions"}],"wp:featuredmedia":[{"embeddable":true,"href":"https:\/\/guineediversite.com\/index.php\/wp-json\/wp\/v2\/media\/27563"}],"wp:attachment":[{"href":"https:\/\/guineediversite.com\/index.php\/wp-json\/wp\/v2\/media?parent=27561"}],"wp:term":[{"taxonomy":"category","embeddable":true,"href":"https:\/\/guineediversite.com\/index.php\/wp-json\/wp\/v2\/categories?post=27561"},{"taxonomy":"post_tag","embeddable":true,"href":"https:\/\/guineediversite.com\/index.php\/wp-json\/wp\/v2\/tags?post=27561"}],"curies":[{"name":"wp","href":"https:\/\/api.w.org\/{rel}","templated":true}]}}