{"id":27558,"date":"2018-12-14T11:14:53","date_gmt":"2018-12-14T10:14:53","guid":{"rendered":"https:\/\/guineediversite.com\/?p=27558"},"modified":"2018-12-14T11:14:53","modified_gmt":"2018-12-14T10:14:53","slug":"compte-rendu-du-conseil-des-ministres-du-13-decembre-2018","status":"publish","type":"post","link":"https:\/\/guineediversite.com\/index.php\/2018\/12\/14\/compte-rendu-du-conseil-des-ministres-du-13-decembre-2018\/","title":{"rendered":"Compte rendu du conseil des ministres du 13 d\u00e9cembre 2018"},"content":{"rendered":"<p align=\"JUSTIFY\"><span style=\"font-family: Calibri, sans-serif; font-size: large;\">Sous la pr\u00e9sidence de son Excellence Monsieur le Pr\u00e9sident de la R\u00e9publique, le Conseil des Ministres a tenu sa session ordinaire ce jeudi 13 d\u00e9cembre\u00a02018 de 10h \u00e0 12h\u00a0; avec l\u2019ordre du jour suivant\u00a0:<\/span><\/p>\n<p><span style=\"font-family: Calibri, sans-serif;\"><span style=\"font-size: large;\"><b>Message de Son Excellence Monsieur le Pr\u00e9sident de la R\u00e9publique\u00a0;<br \/>\n<\/b><\/span><\/span><b style=\"font-family: Calibri, sans-serif; font-size: large;\">Compte rendu des sessions ordinaires du Conseil Interminist\u00e9riel du 27 Novembre, du 04 <\/b><span style=\"font-family: Calibri, sans-serif; font-size: large;\"><b>D\u00e9cembre<\/b><\/span><b style=\"font-family: Calibri, sans-serif; font-size: large;\">\u00a0et du 11 <\/b><span style=\"font-family: Calibri, sans-serif; font-size: large;\"><b>D\u00e9cembre<\/b><\/span><b style=\"font-family: Calibri, sans-serif; font-size: large;\">\u00a02018\u00a0;<\/b><br \/>\n<span style=\"font-family: Calibri, sans-serif;\"><span style=\"font-size: large;\"><b>Questions diverses<\/b><\/span><\/span><\/p>\n<p align=\"JUSTIFY\"><span style=\"font-family: Calibri, sans-serif;\"><span style=\"font-size: large;\"><b>Au titre du premier point de l\u2019ordre du jour\u00a0;<\/b><\/span><\/span><\/p>\n<p align=\"JUSTIFY\"><span style=\"font-family: Calibri, sans-serif;\"><span style=\"font-size: large;\">Le Pr\u00e9sident de la R\u00e9publique a instruit les services comp\u00e9tents de veiller au r\u00e8glement \u00e0 temps des cotisations dues par notre pays au titre de sa participation aux organisations internationales<\/span><\/span><\/p>\n<p align=\"JUSTIFY\"><span style=\"font-family: Calibri, sans-serif;\"><span style=\"font-size: large;\">Le Chef de l\u2019Etat a rappel\u00e9 les dispositions du Code Minier attribuant \u00e0 la R\u00e9publique de Guin\u00e9e le droit de transport et de commercialisation de la moiti\u00e9 des productions mini\u00e8res extraites pour autant qu\u2019elle en manifeste le d\u00e9sir et dispose des moyens et de l\u2019armement maritime pr\u00e9vu \u00e0 cet effet<\/span><\/span><\/p>\n<p align=\"JUSTIFY\"><span style=\"font-family: Calibri, sans-serif;\"><span style=\"font-size: large;\">Le Pr\u00e9sident de la R\u00e9publique a invit\u00e9 le Ministre en charge du secteur minier \u00e0 veiller \u00e0 ce que les activit\u00e9s de sous-traitance relatives au transport de bauxite par v\u00e9hicules routiers soient principalement exerc\u00e9es par les jeunes encourag\u00e9s \u00e0 s\u2019associer pour la cr\u00e9ation de Groupements d\u2019Int\u00e9r\u00eat Economiques (G.I.E.)<\/span><\/span><\/p>\n<p align=\"JUSTIFY\"><span style=\"font-family: Calibri, sans-serif;\"><span style=\"font-size: large;\">Le Chef de l\u2019Etat a ordonn\u00e9 le recrutement massif de jeunes dans la r\u00e9alisation des travaux \u00e0 Haute Intensit\u00e9 de Main d\u2019\u0153uvre, notamment dans les travaux de r\u00e9habilitation de voiries urbaines en cours d\u2019ex\u00e9cution afin de promouvoir en tout temps et en tout lieu l\u2019emploi jeunes<\/span><\/span><\/p>\n<p align=\"JUSTIFY\"><span style=\"font-family: Calibri, sans-serif;\"><span style=\"font-size: large;\">Le Pr\u00e9sident de la R\u00e9publique a demand\u00e9 aux autorit\u00e9s concern\u00e9es de faire respecter strictement la r\u00e9glementation en vigueur dans le secteur artisanal de l\u2019orpaillage en prenant entre autres dispositions, les mesures relatives \u00e0 la fermeture des sites d\u2019exploitation durant la p\u00e9riode des cultures ainsi que celles permettant d\u2019\u00e9viter l\u2019envahissement des lieux par des exploitants clandestins \u00e9trangers<\/span><\/span><\/p>\n<p align=\"JUSTIFY\"><span style=\"font-family: Calibri, sans-serif; font-size: large;\">Le Chef de l\u2019Etat a instruit les Ministres de la n\u00e9cessit\u00e9 de communiquer assid\u00fbment\u00a0pour mieux informer l\u2019opinion sur les r\u00e9alisations du Gouvernement et les perspectives de d\u00e9veloppent r\u00e9sultant des programmes gouvernementaux. En particulier, chaque Ministre se doit de pr\u00e9senter par voie m\u00e9diatique le bilan de son action \u00e0 la t\u00eate du secteur dont il a la charge afin de bien situer les populations sur les performances r\u00e9elles de son d\u00e9partement<\/span><\/p>\n<p align=\"JUSTIFY\"><span style=\"font-family: Calibri, sans-serif;\"><span style=\"font-size: large;\"><b>Au titre du deuxi\u00e8me point de l\u2019ordre du jour<\/b>,<\/span><\/span><\/p>\n<p align=\"JUSTIFY\"><span style=\"font-family: Calibri, sans-serif;\"><span style=\"font-size: large;\">Monsieur le Premier Ministre a fait le compte rendu des sessions ordinaires du Conseil Interminist\u00e9riel tenues le 27 novembre, le 04 d\u00e9cembre et le 11 d\u00e9cembre 2018.<\/span><\/span><\/p>\n<p align=\"JUSTIFY\"><span style=\"font-family: Calibri, sans-serif;\"><span style=\"font-size: large;\">Le Conseil a entendu successivement<\/span><\/span><\/p>\n<p align=\"JUSTIFY\"><span style=\"font-family: Calibri, sans-serif;\"><span style=\"font-size: large;\"><u><b>Lors la Session du 27 Novembre 2018<\/b><\/u><\/span><\/span><\/p>\n<p align=\"JUSTIFY\"><span style=\"font-family: Calibri, sans-serif;\"><span style=\"font-size: large;\"><b>Le Ministre de l\u2019Administration du Territoire et de la D\u00e9centralisation qui<\/b>a fait une communication relative aux termes de r\u00e9f\u00e9rences de la mission d\u2019information et de sensibilisation des Membres du Gouvernement dans les collectivit\u00e9s.<\/span><\/span><\/p>\n<p align=\"JUSTIFY\"><span style=\"color: #000000;\"><span style=\"font-family: Calibri, sans-serif;\"><span style=\"font-size: large;\">Il a indiqu\u00e9 que l\u2019objectif principal est d\u2019organiser une Campagne d\u2019information et de sensibilisation de proximit\u00e9 des populations dans les pr\u00e9fectures et communes de Conakry sur le contexte actuel marqu\u00e9 par\u00a0:<\/span><\/span><\/span><\/p>\n<p><span style=\"color: #000000;\"><span style=\"font-family: Calibri, sans-serif;\"><span style=\"font-size: large;\">de grandes avanc\u00e9es que connait le pays avec les bonnes perspectives contenues dans le PNDES\u00a0;<\/span><\/span><\/span><span style=\"color: #000000;\"><span style=\"font-family: Calibri, sans-serif;\"><span style=\"font-size: large;\">l\u2019ins\u00e9curit\u00e9 grandissante et la d\u00e9sinformation susceptibles de compromettre dangereusement l\u2019\u00e9lan d\u00e9j\u00e0 amorc\u00e9.<\/span><\/span><\/span><\/p>\n<p align=\"JUSTIFY\"><span style=\"color: #000000;\"><span style=\"font-family: Calibri, sans-serif;\"><span style=\"font-size: large;\">Le Ministre a soutenu que les principaux th\u00e8mes \u00e0 aborder porteront sur\u00a0:<\/span><\/span><\/span><\/p>\n<p><span style=\"color: #000000;\"><span style=\"font-family: Calibri, sans-serif;\"><span style=\"font-size: large;\">la sensibilisation pour le renforcement de l\u2019Unit\u00e9 nationale, de la Paix et de la S\u00e9curit\u00e9\u00a0;<\/span><\/span><\/span><span style=\"color: #000000;\"><span style=\"font-family: Calibri, sans-serif;\"><span style=\"font-size: large;\">la situation sociopolitique ( s\u00e9curisation des personnes et de leurs biens\u00a0; lutte contre le grand banditisme, instauration d\u2019une collaboration citoyenne avec les forces de d\u00e9fense et de s\u00e9curit\u00e9, etc.)\u00a0;<\/span><\/span><\/span><span style=\"color: #000000;\"><span style=\"font-family: Calibri, sans-serif;\"><span style=\"font-size: large;\">Le respect scrupuleux de la loi\u00a0;<\/span><\/span><\/span><span style=\"color: #000000;\"><span style=\"font-family: Calibri, sans-serif;\"><span style=\"font-size: large;\">La lutte contre l\u2019impunit\u00e9\u00a0sous toutes ses formes ;<\/span><\/span><\/span><span style=\"color: #000000;\"><span style=\"font-family: Calibri, sans-serif;\"><span style=\"font-size: large;\">La promotion de la bonne gouvernance locale\u00a0;<\/span><\/span><\/span><span style=\"color: #000000;\"><span style=\"font-family: Calibri, sans-serif;\"><span style=\"font-size: large;\">Les acquis et les perspectives de la 3<sup>\u00e8me<\/sup>\u00a0R\u00e9publique.<\/span><\/span><\/span><\/p>\n<p align=\"JUSTIFY\"><span style=\"font-family: Calibri, sans-serif;\"><span style=\"font-size: large;\"><b>Au terme des d\u00e9bats,<\/b>\u00a0le conseil a apport\u00e9 son soutien au Ministre et autoris\u00e9 la r\u00e9alisation de la mission gouvernementale d\u2019informations et de sensibilisation des populations dans les pr\u00e9fectures et communes de Conakry<\/span><\/span><\/p>\n<p align=\"JUSTIFY\"><span style=\"font-family: Calibri, sans-serif;\"><span style=\"font-size: large;\"><b>Le Ministre des Affaires Etrang\u00e8res et des Guin\u00e9ens de l\u2019Etranger\u00a0<\/b>a fait deux communications :<\/span><\/span><\/p>\n<p><span style=\"font-family: Calibri, sans-serif;\"><span style=\"font-size: large;\">la premi\u00e8re relative aux contributions de la R\u00e9publique de Guin\u00e9e au niveau des Organisations et Institutions Internationales.<\/span><\/span><\/p>\n<p align=\"JUSTIFY\"><span style=\"font-family: Calibri, sans-serif;\"><span style=\"font-size: large;\">Il a inform\u00e9 qu\u2019\u00e0 date, la Guin\u00e9e est affili\u00e9e \u00e0 250 organisations internationales pour une contribution globale de 129 milliards de francs guin\u00e9ens par an, et 385 milliards de francs guin\u00e9ens d\u2019impay\u00e9s.<\/span><\/span><\/p>\n<p><span style=\"font-family: Calibri, sans-serif;\"><span style=\"font-size: large;\">Le ministre a d\u00e9plor\u00e9 cet \u00e9tat de fait tout en relevant l\u2019insoutenabilit\u00e9 budg\u00e9taire d\u2019une telle situation.<\/span><\/span><\/p>\n<p align=\"JUSTIFY\"><span style=\"font-family: Calibri, sans-serif;\"><span style=\"font-size: large;\">Il a toutefois relev\u00e9 que depuis le d\u00e9but du premier mandat du Pr\u00e9sident Alpha CONDE, des efforts significatifs ont \u00e9t\u00e9 enregistr\u00e9s dans le r\u00e8glement des arri\u00e9r\u00e9s de cotisations accumul\u00e9es durant plusieurs ann\u00e9es. Cette r\u00e9gularisation a notamment permis \u00e0 la Guin\u00e9e de recouvrer la pl\u00e9nitude de ses droits (vote, pr\u00e9sentation de candidatures ou autres) dans les principales organisations internationales.<\/span><\/span><\/p>\n<p align=\"JUSTIFY\"><span style=\"font-family: Calibri, sans-serif;\"><span style=\"font-size: large;\"><b>Au terme de l\u2019expos\u00e9,<\/b>\u00a0le conseil a mis en place une commission interminist\u00e9rielle pour lancer une r\u00e9flexion sur la pertinence pour notre pays d\u2019appartenir \u00e0 toutes ces institutions, et d\u00e9finir les crit\u00e8res d\u2019adh\u00e9sion de la Guin\u00e9e aux organisations internationales.<\/span><\/span><\/p>\n<p><span style=\"font-family: Calibri, sans-serif;\"><span style=\"font-size: large;\"><b>Dans sa seconde communication, le Ministre\u00a0<\/b>a fait le compte rendu de la 11<sup>\u00e8me<\/sup>\u00a0Session Extraordinaire de la Conf\u00e9rence des Chefs d\u2019Etat et de Gouvernement de l\u2019Union Africaine sur la R\u00e9forme Institutionnelle de l\u2019Union Africaine, qui s\u2019est tenue du 17 au 18 Novembre 2018 \u00e0 Addis-Abeba (Ethiopie).<\/span><\/span><\/p>\n<p align=\"JUSTIFY\"><span style=\"font-family: Calibri, sans-serif;\"><span style=\"font-size: large;\">Il a inform\u00e9 que\u00a0les travaux ont port\u00e9 essentiellement sur l\u2019examen des recommandations du Conseil Ex\u00e9cutif sur la r\u00e9forme institutionnelle de l\u2019UA<\/span><\/span><\/p>\n<p align=\"JUSTIFY\"><span style=\"font-family: Calibri, sans-serif;\"><span style=\"font-size: large;\">Le Ministre a soutenu que la participation au plus haut niveau de notre pays a \u00e9t\u00e9 hautement appr\u00e9ci\u00e9e de par la qualit\u00e9 de sa contribution aux d\u00e9bats et une \u00e9tape cruciale a \u00e9t\u00e9 amorc\u00e9e dans la mise en \u0153uvre de la r\u00e9forme institutionnelle de l\u2019Union Africaine.<\/span><\/span><\/p>\n<p align=\"JUSTIFY\"><span style=\"font-family: Calibri, sans-serif;\"><span style=\"font-size: large;\"><u><b>Pour la session du 04 D\u00e9cembre 2018:<\/b><\/u><\/span><\/span><\/p>\n<p align=\"JUSTIFY\"><span style=\"font-family: Calibri, sans-serif;\"><span style=\"font-size: large;\"><b>La Ministre de l\u2019Action Sociale, de la Promotion F\u00e9minine et de l\u2019Enfance<\/b>\u00a0a soumis pour examen le projet de D\u00e9cret portant cr\u00e9ation, attributions, organisation et fonctionnement du Registre Social Unifi\u00e9 en R\u00e9publique de Guin\u00e9e.<\/span><\/span><\/p>\n<p align=\"JUSTIFY\"><span style=\"font-family: Calibri, sans-serif;\"><span style=\"font-size: large;\">Elle a expliqu\u00e9 que le Registre Social Unifi\u00e9 (RSU) est un syst\u00e8me robuste de base de donn\u00e9es utilis\u00e9 pour l\u2019identification, l\u2019enregistrement des personnes physiques et le suivi des b\u00e9n\u00e9ficiaires des programmes d\u2019aides sociales. Il permet d\u2019assurer une coordination efficace des interventions en mati\u00e8re de protection sociale.<\/span><\/span><\/p>\n<p align=\"JUSTIFY\"><span style=\"font-family: Calibri, sans-serif;\"><span style=\"font-size: large;\">La Ministre a rassur\u00e9 que ce registre contiendra des donn\u00e9es biom\u00e9triques s\u00e9curis\u00e9es et crypt\u00e9es pour en garantir la confidentialit\u00e9<\/span><\/span><\/p>\n<p align=\"JUSTIFY\"><span style=\"font-family: Calibri, sans-serif;\"><span style=\"font-size: large;\">Le R\u00e9gime Social Unifi\u00e9 sera mis en place, sous l\u2019autorit\u00e9 du Ministre de l\u2019Action Sociale, un Comit\u00e9 Technique National du Registre Social Unifi\u00e9 (RSU), compos\u00e9 des repr\u00e9sentants des d\u00e9partements minist\u00e9riels, du Syst\u00e8me des Nations Unies et des Partenaires Techniques et Financiers.<\/span><\/span><\/p>\n<p align=\"JUSTIFY\"><span style=\"font-family: Calibri, sans-serif;\"><span style=\"font-size: large;\"><b>Au terme des d\u00e9bats,<\/b>le Conseil a adopt\u00e9 le projet de D\u00e9cret portant cr\u00e9ation, attributions, organisation et fonctionnement du Registre Social Unifi\u00e9 en R\u00e9publique de Guin\u00e9e.<\/span><\/span><\/p>\n<p><span style=\"font-family: Calibri, sans-serif;\"><span style=\"font-size: large;\"><u><b>Pour la session ordinaire du mardi 11 d\u00e9cembre 2018<\/b><\/u><\/span><\/span><\/p>\n<p><span style=\"font-family: Calibri, sans-serif;\"><span style=\"font-size: large;\"><b>Le Ministre de la Justice\u00a0<\/b>a soumis pour examen les projets de D\u00e9crets portant\u00a0:<\/span><\/span><\/p>\n<p><span style=\"font-family: Calibri, sans-serif;\"><span style=\"font-size: large;\">Modalit\u00e9s d\u2019organisation et de fonctionnement du Casier Judiciaire Central\u00a0;<br \/>\n<\/span><\/span><span style=\"font-family: Calibri, sans-serif;\"><span style=\"font-size: large;\">Modalit\u00e9s de fonctionnement du R\u00e9pertoire des donn\u00e9es \u00e0 caract\u00e8re personnel collect\u00e9es dans le cadre des processus judiciaires\u00a0;<br \/>\n<\/span><\/span><span style=\"font-family: Calibri, sans-serif;\"><span style=\"font-size: large;\">Conditions et modalit\u00e9s de gestion et de conservation du Fichier Judiciaire National automatis\u00e9 des auteurs d\u2019infraction sexuelles ou violentes.<\/span><\/span><\/p>\n<p align=\"JUSTIFY\"><span style=\"font-family: Calibri, sans-serif;\"><span style=\"font-size: large;\">Il a indiqu\u00e9 que le syst\u00e8me judiciaire guin\u00e9en est confront\u00e9 depuis de nombreuses ann\u00e9es \u00e0 des difficult\u00e9s majeures qui affectent notamment le fonctionnement de la cha\u00eene p\u00e9nale, depuis la constatation de l\u2019infraction jusqu\u2019\u00e0 l\u2019ex\u00e9cution de la d\u00e9cision de justice.En effet, la chaine p\u00e9nale, pour \u00eatre fiable et juste, doit comporter des pi\u00e8ces essentielles notamment, le casier judiciaire.<\/span><\/span><\/p>\n<p align=\"JUSTIFY\"><span style=\"font-family: Calibri, sans-serif;\"><span style=\"font-size: large;\">Le Ministre a soutenu qu\u2019actuellement, la d\u00e9livrance des diff\u00e9rents bulletins de casiers judiciaires s\u2019effectue dans des conditions qui ne garantissent pas leur fiabilit\u00e9. Pour am\u00e9liorer cette situation le minist\u00e8re, dans le cadre du Programme d\u2019Appui \u00e0 la R\u00e9forme de la Justice (PARJU) a r\u00e9alis\u00e9 une \u00e9tude bas\u00e9e sur un \u00e9chantillon de sept juridictions \u00e0 Conakry et l\u2019int\u00e9rieur du pays. Cette \u00e9tude a \u00e9t\u00e9 sanctionn\u00e9e par un atelier de restitution dont les recommandations consign\u00e9es dans les pr\u00e9sents projets de D\u00e9crets d\u2019application portent sur le renforcement du fonctionnement du casier judiciaire en Guin\u00e9e et la modernisation de son fonctionnement.<\/span><\/span><\/p>\n<p align=\"JUSTIFY\"><span style=\"font-family: Calibri, sans-serif;\"><span style=\"font-size: large;\"><b>Au terme des d\u00e9bats,<\/b>\u00a0le conseil a proc\u00e9d\u00e9 \u00e0 l\u2019adoption des trois projets de D\u00e9cret tout en invitant \u00e0 la mise en place d\u2019un Comit\u00e9 National des Donn\u00e9es<\/span><\/span><\/p>\n<p align=\"JUSTIFY\"><span style=\"font-family: Calibri, sans-serif;\"><span style=\"font-size: large;\"><b>Le Ministre des Sports, de la Culture et du Patrimoine Historique\u00a0<\/b>a soumis pour examen le projet de Loi portant protection des \u0153uvres litt\u00e9raires et artistiques en R\u00e9publique de Guin\u00e9e.<\/span><\/span><\/p>\n<p align=\"JUSTIFY\"><span style=\"font-family: Calibri, sans-serif;\"><span style=\"font-size: large;\"><span style=\"color: #000000;\">Il a rappel\u00e9 que depuis 1980, la Guin\u00e9e s\u2019est dot\u00e9e de la loi 043\/APN\/CP\/80, portant adoption et protection des droits d\u2019auteurs et des droits voisins avec les D\u00e9crets 446 et 447 du 15\/09\/1980 fixant le statut du Bureau Guin\u00e9en du Droit d\u2019Auteur (BGDA).<\/span><\/span><\/span><\/p>\n<p align=\"JUSTIFY\"><span style=\"font-family: Calibri, sans-serif;\"><span style=\"font-size: large;\"><span style=\"color: #000000;\">Le Ministre a indiqu\u00e9 qu\u2019avec l\u2019av\u00e8nement des nouvelles technologies de l\u2019information et de la communication (NTIC), y compris le commerce \u00e9lectronique, cette loi est tomb\u00e9e en d\u00e9su\u00e9tude<\/span><\/span><\/span><\/p>\n<p align=\"JUSTIFY\"><span style=\"font-family: Calibri, sans-serif;\"><span style=\"font-size: large;\">Il a soutenu que ce nouveau projet de loi r\u00e9vis\u00e9 fixe le r\u00e9gime de la propri\u00e9t\u00e9 litt\u00e9raire et artistique en R\u00e9publique de Guin\u00e9e et comporte les grandes innovations suivantes :<\/span><\/span><\/p>\n<p><span style=\"font-family: Calibri, sans-serif;\"><span style=\"font-size: large;\">Le droit de location\u00a0;<br \/>\n<\/span><\/span><span style=\"font-family: Calibri, sans-serif;\"><span style=\"font-size: large;\">Le droit de distribution ;<br \/>\n<\/span><\/span><span style=\"font-family: Calibri, sans-serif;\"><span style=\"font-size: large;\">Le droit d\u2019importation ;<br \/>\n<\/span><\/span><span style=\"font-family: Calibri, sans-serif;\"><span style=\"font-size: large;\">La communication au public par c\u00e2ble ou par tout autre moyen de mise \u00e0 disposition ;<br \/>\n<\/span><\/span><span style=\"font-family: Calibri, sans-serif;\"><span style=\"font-size: large;\">La copie priv\u00e9e.<\/span><\/span><\/p>\n<p align=\"JUSTIFY\"><span style=\"font-family: Calibri, sans-serif;\"><span style=\"font-size: large;\">Le Ministre a affirm\u00e9 que ce projet de Loi est en ad\u00e9quation avec les conventions et trait\u00e9s internationaux relatifs au droit d\u2019auteur, ce qui le met en coh\u00e9rence avec les nouveaux trait\u00e9s dont notre pays est signataire.<\/span><\/span><\/p>\n<p align=\"JUSTIFY\"><span style=\"font-family: Calibri, sans-serif;\"><span style=\"font-size: large;\"><b>Au terme de l\u2019expos\u00e9,<\/b>\u00a0le conseil a adopt\u00e9 le projet de Loi portant protection des \u0153uvres litt\u00e9raires et artistiques en R\u00e9publique de Guin\u00e9e.<\/span><\/span><\/p>\n<p align=\"JUSTIFY\"><span style=\"font-family: Calibri, sans-serif;\"><span style=\"font-size: large;\"><b>Le Ministre de l\u2019Information et de la Communication\u00a0<\/b>a soumis pour examen en 2<sup>nde<\/sup>\u00a0lecture, le projet de D\u00e9cret fixant les Statuts de l\u2019Institut National de l\u2019Audiovisuel de Guin\u00e9e.<\/span><\/span><\/p>\n<p align=\"JUSTIFY\"><span style=\"font-family: Calibri, sans-serif;\"><span style=\"font-size: large;\">Il a r\u00e9v\u00e9l\u00e9 que les archives audiovisuelles (bandes magn\u00e9tiques, disques, photographies) de notre pays sont dans un \u00e9tat de d\u00e9gradation avanc\u00e9.<\/span><\/span><\/p>\n<p align=\"JUSTIFY\"><span style=\"font-family: Calibri, sans-serif;\"><span style=\"font-size: large;\">Il a soutenu que face aux diff\u00e9rentes menaces qui planent sur le patrimoine audiovisuel de la Guin\u00e9e, il y\u2019a lieu de mettre urgemment en place une nouvelle politique de gestion efficace et adapt\u00e9e de nos archives, car les enjeux culturels et historiques qui s\u2019y rattachent sont \u00e9normes. A cela s\u2019ajoute la p\u00e9n\u00e9tration de notre espace m\u00e9diatique dans l\u2019air du num\u00e9rique qui constitue un d\u00e9fi suppl\u00e9mentaire n\u00e9cessitant la mise en place de syst\u00e8mes plus performants sur le plan logistique et celui des ressources humaines.<\/span><\/span><\/p>\n<p align=\"JUSTIFY\"><span style=\"font-family: Calibri, sans-serif;\"><span style=\"font-size: large;\">D\u2019o\u00f9 la proposition de cr\u00e9ation d\u2019un Etablissement Public \u00e0 Caract\u00e8re Administratif d\u00e9nomm\u00e9 \u00abInstitut National de l\u2019Audiovisuel\u00bb, qui est dot\u00e9 d\u2019une autonomie de gestion administrative et financi\u00e8re.<\/span><\/span><\/p>\n<p align=\"JUSTIFY\"><span style=\"font-family: Calibri, sans-serif;\"><span style=\"font-size: large;\"><b>Au terme de l\u2019expos\u00e9,<\/b>\u00a0le conseil a d\u00e9cid\u00e9 de l\u2019adoption du projet de D\u00e9cret fixant les Statuts de l\u2019Institut National de l\u2019Audiovisuel de Guin\u00e9e.<\/span><\/span><\/p>\n<p align=\"JUSTIFY\"><span style=\"font-family: Calibri, sans-serif;\"><span style=\"font-size: large;\"><b>Le Ministre des Mines et de G\u00e9ologie\u00a0<\/b>a fait une<b>\u00a0c<\/b>ommunication relative \u00e0 la Convention de Base amend\u00e9e et consolid\u00e9e entre la R\u00e9publique de Guin\u00e9e et les Soci\u00e9t\u00e9s de D\u00e9veloppement des Mines Internationales du Henan S.Aet la Compagnie de D\u00e9veloppement des Mines Internationales Henan-Chine Guin\u00e9e S.A, pour la construction et l\u2019exploitation\u00a0 d\u2019une mine de bauxite, d\u2019une usine d\u2019alumine et d\u2019un chemin de fer, dans les Pr\u00e9fectures de Bok\u00e9 et T\u00e9limel\u00e9.<\/span><\/span><\/p>\n<p align=\"JUSTIFY\"><span style=\"font-family: Calibri, sans-serif;\"><span style=\"font-size: large;\">Il a rappel\u00e9 que la R\u00e9publique de Guin\u00e9e et la soci\u00e9t\u00e9 de d\u00e9veloppement des Mines internationales du HENAN CHINE et sa filiale de droit guin\u00e9en HENAN-CHINE-Guin\u00e9e ont sign\u00e9 le 24 Novembre 2008 une Convention de base afin de fixer les modalit\u00e9s d\u2019octroi d\u2019une concession mini\u00e8re accord\u00e9e par D\u00e9cret D\/245\/PRG\/SGG du 25 octobre 2010.<\/span><\/span><\/p>\n<p align=\"JUSTIFY\"><span style=\"font-family: Calibri, sans-serif;\"><span style=\"font-size: large;\">Le Ministre a justifi\u00e9 que c\u2019est suite au processus de revue des titres et convention miniers de toutes les soci\u00e9t\u00e9s en phase de d\u00e9veloppement et de construction que le CTRCTN a recommand\u00e9 la conformit\u00e9 du projet de convention HENAN-CHINE, ce qui lui vaut le titre de convention amend\u00e9e et consolid\u00e9e.<\/span><\/span><\/p>\n<p align=\"JUSTIFY\"><span style=\"font-family: Calibri, sans-serif;\"><span style=\"font-size: large;\">Il a indiqu\u00e9 que le projet est d\u00e9clin\u00e9 en plusieurs phases\u00a0:<\/span><\/span><\/p>\n<p><span style=\"font-family: Calibri, sans-serif;\"><span style=\"font-size: large;\">La premi\u00e8re concerne la production de dix millions (10.000 000) de tonnes de bauxite par an\u00a0<\/span><\/span><span style=\"font-family: Calibri, sans-serif;\"><span style=\"font-size: large;\">La deuxi\u00e8me\u00a0porte sur la r\u00e9alisation des infrastructures de transport de construction d\u2019une ligne de chemin de fer, \u00e0 multi usages et multi services.<\/span><\/span><span style=\"font-family: Calibri, sans-serif;\"><span style=\"font-size: large;\">La troisi\u00e8me\u00a0consiste \u00e0 la construction d\u2019une raffinerie<\/span><\/span><\/p>\n<p align=\"JUSTIFY\"><span style=\"font-family: Calibri, sans-serif;\"><span style=\"font-size: large;\"><b>Au terme des d\u00e9bats,<\/b>\u00a0le conseil a adopt\u00e9 projet de Convention de base amend\u00e9e et consolid\u00e9e de la soci\u00e9t\u00e9 CDM HENAN CHINE<\/span><\/span><\/p>\n<p><span style=\"font-family: Calibri, sans-serif;\"><span style=\"font-size: large;\"><b>Le Ministre des Mines et de la G\u00e9ologie\u00a0<\/b>a \u00e9galement soumis pour examen le projet de Convention mini\u00e8re pour l\u2019exploitation de gisements de bauxite dans la pr\u00e9fecture de Fria (Kimbo Bauxite).<\/span><\/span><\/p>\n<p align=\"JUSTIFY\"><span style=\"font-family: Calibri, sans-serif;\"><span style=\"font-size: large;\">Il a indiqu\u00e9 que le projet Kimbo Bauxite est un projet int\u00e9gr\u00e9 promu par des op\u00e9rateurs guin\u00e9ens et qui consiste en l\u2019extraction de la bauxite, sa commercialisation puis la construction et l\u2019exploitation d\u2019une raffinerie d\u2019alumine ainsi que les infrastructures y aff\u00e9rentes.<\/span><\/span><\/p>\n<p align=\"JUSTIFY\"><span style=\"font-family: Calibri, sans-serif;\"><span style=\"font-size: large;\">L\u2019investissement pour la phase bauxite est estim\u00e9 \u00e0 358 millions US$ et la phase raffinerie \u00e0 environ 3 milliards US$. Le Ministre a affirm\u00e9 que le co\u00fbt de r\u00e9alisation du projet dans les composantes fondamentales s\u2019\u00e9l\u00e8ve \u00e0 trois milliards quatre cent vingt et neuf millions dollars US<\/span><\/span><\/p>\n<p align=\"JUSTIFY\"><span style=\"font-family: Calibri, sans-serif;\"><span style=\"font-size: large;\">Il a soutenu que la r\u00e9alisation de ce projet n\u00e9cessitera la construction d\u2019une route pav\u00e9e de 90 Km, d\u2019une ligne de chemin de fer et d\u2019un port \u00e0 Kokaya sur la rivi\u00e8re Pongo, conform\u00e9ment au sch\u00e9ma directeur des infrastructures mini\u00e8res.<\/span><\/span><\/p>\n<p align=\"JUSTIFY\"><span style=\"font-family: Calibri, sans-serif;\"><span style=\"font-size: large;\"><b>Au terme de l\u2019expos\u00e9,<\/b>\u00a0le conseil a adopt\u00e9 la Convention sur Kimbo Bauxite.<\/span><\/span><\/p>\n<p align=\"JUSTIFY\"><span style=\"font-family: Calibri, sans-serif;\"><span style=\"font-size: large;\"><b>Le Ministre de l\u2019Economie et des Finances\u00a0<\/b>a fait une communication relative au Plan Strat\u00e9gique de R\u00e9forme des Finances Publiques R\u00e9vis\u00e9.<\/span><\/span><\/p>\n<p align=\"JUSTIFY\"><span style=\"font-family: Calibri, sans-serif;\"><span style=\"font-size: large;\"><span style=\"color: #000000;\"><span lang=\"fr-CA\">Le Ministre a soutenu que le\u00a0<\/span><\/span><span style=\"color: #000000;\">Plan Strat\u00e9gique de R\u00e9forme des Finances Publiques<\/span><span style=\"color: #000000;\"><span lang=\"fr-CA\">\u00a0actualis\u00e9 traduit la volont\u00e9 du Gouvernement d\u2019am\u00e9liorer durablement la gouvernance \u00e9conomique et financi\u00e8re du pays.<\/span><\/span><\/span><\/span><\/p>\n<p align=\"JUSTIFY\"><span style=\"font-family: Calibri, sans-serif;\"><span style=\"font-size: large;\"><span style=\"color: #000000;\"><span lang=\"fr-CA\">L\u2019objectif global est de mettre en place un syst\u00e8me de gestion des finances publiques performant en vue de contribuer \u00e0 l\u2019atteinte des objectifs de politiques publiques.<\/span><\/span><\/span><\/span><\/p>\n<p align=\"JUSTIFY\"><span style=\"font-family: Calibri, sans-serif;\"><span style=\"font-size: large;\"><span style=\"color: #000000;\">Par son caract\u00e8re int\u00e9grateur des autres plans d\u2019actions sp\u00e9cifiques sur des aspects de la gestion financi\u00e8re publique, le Plan Strat\u00e9gique de R\u00e9forme des Finances Publiques (PREFIP) actualis\u00e9 constitue un document de r\u00e9f\u00e9rence pour l\u2019Administration centrale<\/span><span style=\"color: #000000;\">.<\/span><\/span><\/span><\/p>\n<p align=\"JUSTIFY\"><span style=\"font-family: Calibri, sans-serif;\"><span style=\"font-size: large;\"><b>Au terme de l\u2019expos\u00e9,<\/b>\u00a0le conseil a proc\u00e9d\u00e9 \u00e0 l\u2019adoption du Plan Strat\u00e9gique de R\u00e9forme des Finances Publiques(PREFIP) R\u00e9vis\u00e9.<\/span><\/span><\/p>\n<p align=\"JUSTIFY\"><span style=\"font-family: Calibri, sans-serif;\"><span style=\"font-size: large;\"><b>Au titre des questions diverses<\/b><\/span><\/span><\/p>\n<p align=\"JUSTIFY\"><span style=\"font-family: Calibri, sans-serif;\"><span style=\"font-size: large;\"><b>Le ministre des Transports\u00a0<\/b>a fait une communication informant le Conseil de la r\u00e9cup\u00e9ration par les autorit\u00e9s guin\u00e9ennes du domaine du crash survenu \u00e0 Monrovia le 11 f\u00e9vrier 2013, de l\u2019avion transportant des soldats de notre arm\u00e9e nationale. Il a propos\u00e9 qu\u2019une st\u00e8le y soit \u00e9rig\u00e9e \u00e0 la m\u00e9moire des soldats qui y ont p\u00e9ri. Le Conseil a donn\u00e9 son accord pour cette initiative.<\/span><\/span><\/p>\n<p align=\"JUSTIFY\"><span style=\"font-family: Calibri, sans-serif;\"><span style=\"font-size: large;\"><b>La Ministre de la Coop\u00e9ration et de l\u2019Int\u00e9gration Africaine<\/b>\u00a0a inform\u00e9 de la tenue du Sommet des Chefs d\u2019Etat de la CEDEAO, le samedi 22 d\u00e9cembre 2018.<\/span><\/span><\/p>\n<p align=\"JUSTIFY\"><b style=\"font-family: Calibri, sans-serif; font-size: large;\">Le Ministre des Affaires <\/b><span style=\"font-family: Calibri, sans-serif; font-size: large;\"><b>Etrang\u00e8res<\/b><\/span><b style=\"font-family: Calibri, sans-serif; font-size: large;\">\u00a0et des Guin\u00e9ens de l\u2019Etranger<\/b><span style=\"font-family: Calibri, sans-serif; font-size: large;\">\u00a0a inform\u00e9 que le Chef de l\u2019Etat a re\u00e7u une distinction pour son implication personnelle dans le redressement du secteur de la p\u00eache en Guin\u00e9e, lors du forum sur l\u2019\u00e9conomie bleue.<\/span><\/p>\n<p align=\"JUSTIFY\"><span style=\"font-family: Calibri, sans-serif;\"><span style=\"font-size: large;\"><b>Le Ministre en charge de la Culture<\/b>\u00a0a inform\u00e9 de la tenue prochaine de la quinzaine artistique nationale<\/span><\/span><\/p>\n<p align=\"JUSTIFY\"><span style=\"font-family: Calibri, sans-serif;\"><span style=\"font-size: large;\">Enfin, le Conseil a appr\u00e9ci\u00e9 vivement le fait que le taux de fr\u00e9quentation des structures scolaires s\u2019am\u00e9liore progressivement gr\u00e2ce aux actions de sensibilisation des \u00e9l\u00e8ves et enseignants initi\u00e9es de part et d\u2019autre par les diff\u00e9rentes autorit\u00e9s \u00e0 savoir les Chefs d\u2019Etablissement Scolaires, Directions Pr\u00e9fectorales et Communales, Inspections R\u00e9gionales d\u2019Education, Associations de parents d\u2019\u00e9l\u00e8ves, Administrateurs Territoriaux, Maires, Chefs de Quartiers. Le Conseil salue les efforts consentis par les diff\u00e9rents acteurs dans l\u2019atteinte de ces r\u00e9sultats.<\/span><\/span><\/p>\n<p align=\"JUSTIFY\"><span style=\"font-family: Calibri, sans-serif;\"><span style=\"font-size: large;\">Avant de lever la seance le Pr\u00e9sident de la r\u00e9publique a donn\u00e9 de larges informations sur la situation nationale, africaine et internationale.<\/span><\/span><\/p>\n<p align=\"JUSTIFY\"><span style=\"font-family: Calibri, sans-serif;\"><span style=\"font-size: large;\"><b>Le Conseil des Ministres<\/b><\/span><\/span><\/p>\n<p align=\"JUSTIFY\"><span style=\"font-family: Calibri, sans-serif;\"><span style=\"font-size: large;\"><b>Transmis par la Cellule de Communication du Gouvernement<\/b><\/span><\/span><\/p>\n","protected":false},"excerpt":{"rendered":"<p>Sous la pr\u00e9sidence de son Excellence Monsieur le Pr\u00e9sident de la R\u00e9publique, le Conseil des Ministres a tenu sa session ordinaire ce jeudi 13 d\u00e9cembre\u00a02018 de 10h \u00e0 12h\u00a0; avec l\u2019ordre du jour suivant\u00a0: Message de Son Excellence Monsieur le Pr\u00e9sident de la R\u00e9publique\u00a0; Compte rendu des sessions ordinaires du Conseil Interminist\u00e9riel du 27 Novembre, [&hellip;]<\/p>\n","protected":false},"author":12,"featured_media":27559,"comment_status":"closed","ping_status":"closed","sticky":false,"template":"","format":"standard","meta":{"_exactmetrics_skip_tracking":false,"_exactmetrics_sitenote_active":false,"_exactmetrics_sitenote_note":"","_exactmetrics_sitenote_category":0,"tdm_status":"","tdm_grid_status":"","footnotes":""},"categories":[1],"tags":[],"class_list":{"0":"post-27558","1":"post","2":"type-post","3":"status-publish","4":"format-standard","5":"has-post-thumbnail","7":"category-non-classe"},"yoast_head":"<!-- This site is optimized with the Yoast SEO plugin v24.2 - https:\/\/yoast.com\/wordpress\/plugins\/seo\/ -->\n<title>Compte rendu du conseil des ministres du 13 d\u00e9cembre 2018 | Guin\u00e9e Diversit\u00e9<\/title>\n<meta name=\"robots\" content=\"index, follow, max-snippet:-1, max-image-preview:large, max-video-preview:-1\" \/>\n<link rel=\"canonical\" href=\"https:\/\/guineediversite.com\/index.php\/2018\/12\/14\/compte-rendu-du-conseil-des-ministres-du-13-decembre-2018\/\" \/>\n<meta property=\"og:locale\" content=\"fr_FR\" \/>\n<meta property=\"og:type\" content=\"article\" \/>\n<meta property=\"og:title\" content=\"Compte rendu du conseil des ministres du 13 d\u00e9cembre 2018 | Guin\u00e9e Diversit\u00e9\" \/>\n<meta property=\"og:description\" content=\"Sous la pr\u00e9sidence de son Excellence Monsieur le Pr\u00e9sident de la R\u00e9publique, le Conseil des Ministres a tenu sa session ordinaire ce jeudi 13 d\u00e9cembre\u00a02018 de 10h \u00e0 12h\u00a0; avec l\u2019ordre du jour suivant\u00a0: Message de Son Excellence Monsieur le Pr\u00e9sident de la R\u00e9publique\u00a0; Compte rendu des sessions ordinaires du Conseil Interminist\u00e9riel du 27 Novembre, [&hellip;]\" \/>\n<meta property=\"og:url\" content=\"https:\/\/guineediversite.com\/index.php\/2018\/12\/14\/compte-rendu-du-conseil-des-ministres-du-13-decembre-2018\/\" \/>\n<meta property=\"og:site_name\" content=\"Guin\u00e9e Diversit\u00e9\" \/>\n<meta property=\"article:publisher\" content=\"https:\/\/www.facebook.com\/guineediversite\/\" \/>\n<meta property=\"article:published_time\" content=\"2018-12-14T10:14:53+00:00\" \/>\n<meta property=\"og:image\" content=\"https:\/\/guineediversite.com\/wp-content\/uploads\/2018\/12\/CRCM13.jpg\" \/>\n\t<meta property=\"og:image:width\" content=\"1024\" \/>\n\t<meta property=\"og:image:height\" content=\"574\" \/>\n\t<meta property=\"og:image:type\" content=\"image\/jpeg\" \/>\n<meta name=\"author\" content=\"Guin\u00e9e Diversit\u00e9\" \/>\n<meta name=\"twitter:card\" content=\"summary_large_image\" \/>\n<meta name=\"twitter:creator\" content=\"@GuineeDiversite\" \/>\n<meta name=\"twitter:site\" content=\"@GuineeDiversite\" \/>\n<meta name=\"twitter:label1\" content=\"\u00c9crit par\" \/>\n\t<meta name=\"twitter:data1\" content=\"Guin\u00e9e Diversit\u00e9\" \/>\n\t<meta name=\"twitter:label2\" content=\"Dur\u00e9e de lecture estim\u00e9e\" \/>\n\t<meta name=\"twitter:data2\" content=\"15 minutes\" \/>\n<script type=\"application\/ld+json\" class=\"yoast-schema-graph\">{\"@context\":\"https:\/\/schema.org\",\"@graph\":[{\"@type\":\"Article\",\"@id\":\"https:\/\/guineediversite.com\/index.php\/2018\/12\/14\/compte-rendu-du-conseil-des-ministres-du-13-decembre-2018\/#article\",\"isPartOf\":{\"@id\":\"https:\/\/guineediversite.com\/index.php\/2018\/12\/14\/compte-rendu-du-conseil-des-ministres-du-13-decembre-2018\/\"},\"author\":{\"name\":\"Guin\u00e9e Diversit\u00e9\",\"@id\":\"https:\/\/guineediversite.com\/#\/schema\/person\/afa08fb34e7fc6e1feafc892612bc836\"},\"headline\":\"Compte rendu du conseil des ministres du 13 d\u00e9cembre 2018\",\"datePublished\":\"2018-12-14T10:14:53+00:00\",\"dateModified\":\"2018-12-14T10:14:53+00:00\",\"mainEntityOfPage\":{\"@id\":\"https:\/\/guineediversite.com\/index.php\/2018\/12\/14\/compte-rendu-du-conseil-des-ministres-du-13-decembre-2018\/\"},\"wordCount\":2963,\"publisher\":{\"@id\":\"https:\/\/guineediversite.com\/#organization\"},\"image\":{\"@id\":\"https:\/\/guineediversite.com\/index.php\/2018\/12\/14\/compte-rendu-du-conseil-des-ministres-du-13-decembre-2018\/#primaryimage\"},\"thumbnailUrl\":\"https:\/\/guineediversite.com\/wp-content\/uploads\/2018\/12\/CRCM13.jpg\",\"inLanguage\":\"fr-FR\"},{\"@type\":\"WebPage\",\"@id\":\"https:\/\/guineediversite.com\/index.php\/2018\/12\/14\/compte-rendu-du-conseil-des-ministres-du-13-decembre-2018\/\",\"url\":\"https:\/\/guineediversite.com\/index.php\/2018\/12\/14\/compte-rendu-du-conseil-des-ministres-du-13-decembre-2018\/\",\"name\":\"Compte rendu du conseil des ministres du 13 d\u00e9cembre 2018 | Guin\u00e9e Diversit\u00e9\",\"isPartOf\":{\"@id\":\"https:\/\/guineediversite.com\/#website\"},\"primaryImageOfPage\":{\"@id\":\"https:\/\/guineediversite.com\/index.php\/2018\/12\/14\/compte-rendu-du-conseil-des-ministres-du-13-decembre-2018\/#primaryimage\"},\"image\":{\"@id\":\"https:\/\/guineediversite.com\/index.php\/2018\/12\/14\/compte-rendu-du-conseil-des-ministres-du-13-decembre-2018\/#primaryimage\"},\"thumbnailUrl\":\"https:\/\/guineediversite.com\/wp-content\/uploads\/2018\/12\/CRCM13.jpg\",\"datePublished\":\"2018-12-14T10:14:53+00:00\",\"dateModified\":\"2018-12-14T10:14:53+00:00\",\"breadcrumb\":{\"@id\":\"https:\/\/guineediversite.com\/index.php\/2018\/12\/14\/compte-rendu-du-conseil-des-ministres-du-13-decembre-2018\/#breadcrumb\"},\"inLanguage\":\"fr-FR\",\"potentialAction\":[{\"@type\":\"ReadAction\",\"target\":[\"https:\/\/guineediversite.com\/index.php\/2018\/12\/14\/compte-rendu-du-conseil-des-ministres-du-13-decembre-2018\/\"]}]},{\"@type\":\"ImageObject\",\"inLanguage\":\"fr-FR\",\"@id\":\"https:\/\/guineediversite.com\/index.php\/2018\/12\/14\/compte-rendu-du-conseil-des-ministres-du-13-decembre-2018\/#primaryimage\",\"url\":\"https:\/\/guineediversite.com\/wp-content\/uploads\/2018\/12\/CRCM13.jpg\",\"contentUrl\":\"https:\/\/guineediversite.com\/wp-content\/uploads\/2018\/12\/CRCM13.jpg\",\"width\":1024,\"height\":574},{\"@type\":\"BreadcrumbList\",\"@id\":\"https:\/\/guineediversite.com\/index.php\/2018\/12\/14\/compte-rendu-du-conseil-des-ministres-du-13-decembre-2018\/#breadcrumb\",\"itemListElement\":[{\"@type\":\"ListItem\",\"position\":1,\"name\":\"Accueil\",\"item\":\"https:\/\/guineediversite.com\/\"},{\"@type\":\"ListItem\",\"position\":2,\"name\":\"Compte rendu du conseil des ministres du 13 d\u00e9cembre 2018\"}]},{\"@type\":\"WebSite\",\"@id\":\"https:\/\/guineediversite.com\/#website\",\"url\":\"https:\/\/guineediversite.com\/\",\"name\":\"Guin\u00e9e Diversit\u00e9\",\"description\":\"L&#039;Info dans toute sa diversit\u00e9\",\"publisher\":{\"@id\":\"https:\/\/guineediversite.com\/#organization\"},\"potentialAction\":[{\"@type\":\"SearchAction\",\"target\":{\"@type\":\"EntryPoint\",\"urlTemplate\":\"https:\/\/guineediversite.com\/?s={search_term_string}\"},\"query-input\":{\"@type\":\"PropertyValueSpecification\",\"valueRequired\":true,\"valueName\":\"search_term_string\"}}],\"inLanguage\":\"fr-FR\"},{\"@type\":\"Organization\",\"@id\":\"https:\/\/guineediversite.com\/#organization\",\"name\":\"Guin\u00e9e Diversit\u00e9\",\"url\":\"https:\/\/guineediversite.com\/\",\"logo\":{\"@type\":\"ImageObject\",\"inLanguage\":\"fr-FR\",\"@id\":\"https:\/\/guineediversite.com\/#\/schema\/logo\/image\/\",\"url\":\"https:\/\/guineediversite.com\/wp-content\/uploads\/2017\/04\/cropped-1jojlxEOMkX9Wyqfhe43D6kjPOGqBBKmx3EwWJqZ0cMrFF54yM49.png\",\"contentUrl\":\"https:\/\/guineediversite.com\/wp-content\/uploads\/2017\/04\/cropped-1jojlxEOMkX9Wyqfhe43D6kjPOGqBBKmx3EwWJqZ0cMrFF54yM49.png\",\"width\":186,\"height\":112,\"caption\":\"Guin\u00e9e Diversit\u00e9\"},\"image\":{\"@id\":\"https:\/\/guineediversite.com\/#\/schema\/logo\/image\/\"},\"sameAs\":[\"https:\/\/www.facebook.com\/guineediversite\/\",\"https:\/\/x.com\/GuineeDiversite\",\"https:\/\/www.youtube.com\/channel\/UC8sUY16qelG5ge6_D5SB83g\"]},{\"@type\":\"Person\",\"@id\":\"https:\/\/guineediversite.com\/#\/schema\/person\/afa08fb34e7fc6e1feafc892612bc836\",\"name\":\"Guin\u00e9e Diversit\u00e9\",\"image\":{\"@type\":\"ImageObject\",\"inLanguage\":\"fr-FR\",\"@id\":\"https:\/\/guineediversite.com\/#\/schema\/person\/image\/\",\"url\":\"https:\/\/secure.gravatar.com\/avatar\/50d5eb5b390f8b65ac30ac6f898eb83a?s=96&d=mm&r=g\",\"contentUrl\":\"https:\/\/secure.gravatar.com\/avatar\/50d5eb5b390f8b65ac30ac6f898eb83a?s=96&d=mm&r=g\",\"caption\":\"Guin\u00e9e Diversit\u00e9\"},\"url\":\"https:\/\/guineediversite.com\/index.php\/author\/guineediversite\/\"}]}<\/script>\n<!-- \/ Yoast SEO plugin. -->","yoast_head_json":{"title":"Compte rendu du conseil des ministres du 13 d\u00e9cembre 2018 | Guin\u00e9e Diversit\u00e9","robots":{"index":"index","follow":"follow","max-snippet":"max-snippet:-1","max-image-preview":"max-image-preview:large","max-video-preview":"max-video-preview:-1"},"canonical":"https:\/\/guineediversite.com\/index.php\/2018\/12\/14\/compte-rendu-du-conseil-des-ministres-du-13-decembre-2018\/","og_locale":"fr_FR","og_type":"article","og_title":"Compte rendu du conseil des ministres du 13 d\u00e9cembre 2018 | Guin\u00e9e Diversit\u00e9","og_description":"Sous la pr\u00e9sidence de son Excellence Monsieur le Pr\u00e9sident de la R\u00e9publique, le Conseil des Ministres a tenu sa session ordinaire ce jeudi 13 d\u00e9cembre\u00a02018 de 10h \u00e0 12h\u00a0; avec l\u2019ordre du jour suivant\u00a0: Message de Son Excellence Monsieur le Pr\u00e9sident de la R\u00e9publique\u00a0; Compte rendu des sessions ordinaires du Conseil Interminist\u00e9riel du 27 Novembre, [&hellip;]","og_url":"https:\/\/guineediversite.com\/index.php\/2018\/12\/14\/compte-rendu-du-conseil-des-ministres-du-13-decembre-2018\/","og_site_name":"Guin\u00e9e Diversit\u00e9","article_publisher":"https:\/\/www.facebook.com\/guineediversite\/","article_published_time":"2018-12-14T10:14:53+00:00","og_image":[{"width":1024,"height":574,"url":"https:\/\/guineediversite.com\/wp-content\/uploads\/2018\/12\/CRCM13.jpg","type":"image\/jpeg"}],"author":"Guin\u00e9e Diversit\u00e9","twitter_card":"summary_large_image","twitter_creator":"@GuineeDiversite","twitter_site":"@GuineeDiversite","twitter_misc":{"\u00c9crit par":"Guin\u00e9e Diversit\u00e9","Dur\u00e9e de lecture estim\u00e9e":"15 minutes"},"schema":{"@context":"https:\/\/schema.org","@graph":[{"@type":"Article","@id":"https:\/\/guineediversite.com\/index.php\/2018\/12\/14\/compte-rendu-du-conseil-des-ministres-du-13-decembre-2018\/#article","isPartOf":{"@id":"https:\/\/guineediversite.com\/index.php\/2018\/12\/14\/compte-rendu-du-conseil-des-ministres-du-13-decembre-2018\/"},"author":{"name":"Guin\u00e9e Diversit\u00e9","@id":"https:\/\/guineediversite.com\/#\/schema\/person\/afa08fb34e7fc6e1feafc892612bc836"},"headline":"Compte rendu du conseil des ministres du 13 d\u00e9cembre 2018","datePublished":"2018-12-14T10:14:53+00:00","dateModified":"2018-12-14T10:14:53+00:00","mainEntityOfPage":{"@id":"https:\/\/guineediversite.com\/index.php\/2018\/12\/14\/compte-rendu-du-conseil-des-ministres-du-13-decembre-2018\/"},"wordCount":2963,"publisher":{"@id":"https:\/\/guineediversite.com\/#organization"},"image":{"@id":"https:\/\/guineediversite.com\/index.php\/2018\/12\/14\/compte-rendu-du-conseil-des-ministres-du-13-decembre-2018\/#primaryimage"},"thumbnailUrl":"https:\/\/guineediversite.com\/wp-content\/uploads\/2018\/12\/CRCM13.jpg","inLanguage":"fr-FR"},{"@type":"WebPage","@id":"https:\/\/guineediversite.com\/index.php\/2018\/12\/14\/compte-rendu-du-conseil-des-ministres-du-13-decembre-2018\/","url":"https:\/\/guineediversite.com\/index.php\/2018\/12\/14\/compte-rendu-du-conseil-des-ministres-du-13-decembre-2018\/","name":"Compte rendu du conseil des ministres du 13 d\u00e9cembre 2018 | Guin\u00e9e Diversit\u00e9","isPartOf":{"@id":"https:\/\/guineediversite.com\/#website"},"primaryImageOfPage":{"@id":"https:\/\/guineediversite.com\/index.php\/2018\/12\/14\/compte-rendu-du-conseil-des-ministres-du-13-decembre-2018\/#primaryimage"},"image":{"@id":"https:\/\/guineediversite.com\/index.php\/2018\/12\/14\/compte-rendu-du-conseil-des-ministres-du-13-decembre-2018\/#primaryimage"},"thumbnailUrl":"https:\/\/guineediversite.com\/wp-content\/uploads\/2018\/12\/CRCM13.jpg","datePublished":"2018-12-14T10:14:53+00:00","dateModified":"2018-12-14T10:14:53+00:00","breadcrumb":{"@id":"https:\/\/guineediversite.com\/index.php\/2018\/12\/14\/compte-rendu-du-conseil-des-ministres-du-13-decembre-2018\/#breadcrumb"},"inLanguage":"fr-FR","potentialAction":[{"@type":"ReadAction","target":["https:\/\/guineediversite.com\/index.php\/2018\/12\/14\/compte-rendu-du-conseil-des-ministres-du-13-decembre-2018\/"]}]},{"@type":"ImageObject","inLanguage":"fr-FR","@id":"https:\/\/guineediversite.com\/index.php\/2018\/12\/14\/compte-rendu-du-conseil-des-ministres-du-13-decembre-2018\/#primaryimage","url":"https:\/\/guineediversite.com\/wp-content\/uploads\/2018\/12\/CRCM13.jpg","contentUrl":"https:\/\/guineediversite.com\/wp-content\/uploads\/2018\/12\/CRCM13.jpg","width":1024,"height":574},{"@type":"BreadcrumbList","@id":"https:\/\/guineediversite.com\/index.php\/2018\/12\/14\/compte-rendu-du-conseil-des-ministres-du-13-decembre-2018\/#breadcrumb","itemListElement":[{"@type":"ListItem","position":1,"name":"Accueil","item":"https:\/\/guineediversite.com\/"},{"@type":"ListItem","position":2,"name":"Compte rendu du conseil des ministres du 13 d\u00e9cembre 2018"}]},{"@type":"WebSite","@id":"https:\/\/guineediversite.com\/#website","url":"https:\/\/guineediversite.com\/","name":"Guin\u00e9e Diversit\u00e9","description":"L&#039;Info dans toute sa diversit\u00e9","publisher":{"@id":"https:\/\/guineediversite.com\/#organization"},"potentialAction":[{"@type":"SearchAction","target":{"@type":"EntryPoint","urlTemplate":"https:\/\/guineediversite.com\/?s={search_term_string}"},"query-input":{"@type":"PropertyValueSpecification","valueRequired":true,"valueName":"search_term_string"}}],"inLanguage":"fr-FR"},{"@type":"Organization","@id":"https:\/\/guineediversite.com\/#organization","name":"Guin\u00e9e Diversit\u00e9","url":"https:\/\/guineediversite.com\/","logo":{"@type":"ImageObject","inLanguage":"fr-FR","@id":"https:\/\/guineediversite.com\/#\/schema\/logo\/image\/","url":"https:\/\/guineediversite.com\/wp-content\/uploads\/2017\/04\/cropped-1jojlxEOMkX9Wyqfhe43D6kjPOGqBBKmx3EwWJqZ0cMrFF54yM49.png","contentUrl":"https:\/\/guineediversite.com\/wp-content\/uploads\/2017\/04\/cropped-1jojlxEOMkX9Wyqfhe43D6kjPOGqBBKmx3EwWJqZ0cMrFF54yM49.png","width":186,"height":112,"caption":"Guin\u00e9e Diversit\u00e9"},"image":{"@id":"https:\/\/guineediversite.com\/#\/schema\/logo\/image\/"},"sameAs":["https:\/\/www.facebook.com\/guineediversite\/","https:\/\/x.com\/GuineeDiversite","https:\/\/www.youtube.com\/channel\/UC8sUY16qelG5ge6_D5SB83g"]},{"@type":"Person","@id":"https:\/\/guineediversite.com\/#\/schema\/person\/afa08fb34e7fc6e1feafc892612bc836","name":"Guin\u00e9e Diversit\u00e9","image":{"@type":"ImageObject","inLanguage":"fr-FR","@id":"https:\/\/guineediversite.com\/#\/schema\/person\/image\/","url":"https:\/\/secure.gravatar.com\/avatar\/50d5eb5b390f8b65ac30ac6f898eb83a?s=96&d=mm&r=g","contentUrl":"https:\/\/secure.gravatar.com\/avatar\/50d5eb5b390f8b65ac30ac6f898eb83a?s=96&d=mm&r=g","caption":"Guin\u00e9e Diversit\u00e9"},"url":"https:\/\/guineediversite.com\/index.php\/author\/guineediversite\/"}]}},"_links":{"self":[{"href":"https:\/\/guineediversite.com\/index.php\/wp-json\/wp\/v2\/posts\/27558"}],"collection":[{"href":"https:\/\/guineediversite.com\/index.php\/wp-json\/wp\/v2\/posts"}],"about":[{"href":"https:\/\/guineediversite.com\/index.php\/wp-json\/wp\/v2\/types\/post"}],"author":[{"embeddable":true,"href":"https:\/\/guineediversite.com\/index.php\/wp-json\/wp\/v2\/users\/12"}],"replies":[{"embeddable":true,"href":"https:\/\/guineediversite.com\/index.php\/wp-json\/wp\/v2\/comments?post=27558"}],"version-history":[{"count":0,"href":"https:\/\/guineediversite.com\/index.php\/wp-json\/wp\/v2\/posts\/27558\/revisions"}],"wp:featuredmedia":[{"embeddable":true,"href":"https:\/\/guineediversite.com\/index.php\/wp-json\/wp\/v2\/media\/27559"}],"wp:attachment":[{"href":"https:\/\/guineediversite.com\/index.php\/wp-json\/wp\/v2\/media?parent=27558"}],"wp:term":[{"taxonomy":"category","embeddable":true,"href":"https:\/\/guineediversite.com\/index.php\/wp-json\/wp\/v2\/categories?post=27558"},{"taxonomy":"post_tag","embeddable":true,"href":"https:\/\/guineediversite.com\/index.php\/wp-json\/wp\/v2\/tags?post=27558"}],"curies":[{"name":"wp","href":"https:\/\/api.w.org\/{rel}","templated":true}]}}