{"id":27555,"date":"2018-12-13T13:43:25","date_gmt":"2018-12-13T12:43:25","guid":{"rendered":"https:\/\/guineediversite.com\/?p=27555"},"modified":"2018-12-13T13:43:25","modified_gmt":"2018-12-13T12:43:25","slug":"proces-gbagbo-la-cpi-examine-une-nouvelle-demande-de-liberation-des-accuses","status":"publish","type":"post","link":"https:\/\/guineediversite.com\/index.php\/2018\/12\/13\/proces-gbagbo-la-cpi-examine-une-nouvelle-demande-de-liberation-des-accuses\/","title":{"rendered":"Proc\u00e8s Gbagbo: la CPI examine une nouvelle demande de lib\u00e9ration des accus\u00e9s"},"content":{"rendered":"<h2>Audience \u00e0 huis clos, ce jeudi \u00e0 La Haye, pour d\u00e9battre de la d\u00e9tention de l&rsquo;ex-pr\u00e9sident ivoirien, Laurent Gbagbo, et de Charles Bl\u00e9 Goud\u00e9, ancien leader des Jeunes patriotes. La chambre d&rsquo;instruction de la Cour p\u00e9nale internationale veut \u00e9valuer les risques que pr\u00e9senterait une \u00e9ventuelle remise en libert\u00e9 provisoire de ces deux responsables politiques ivoiriens. Tous les deux sont en d\u00e9tention dans la prison de Scheveningen, depuis 2011 pour Laurent Gbagbo et depuis mars 2014 pour Charles Bl\u00e9 Goud\u00e9. Ils sont poursuivis pour crimes contre l&rsquo;humanit\u00e9 concernant les violences post\u00e9lectorales de 2010-2011 en C\u00f4te d&rsquo;Ivoire.<\/h2>\n<p>Faut-il maintenir Laurent Gbagbo en d\u00e9tention\u00a0?\u00a0<strong><a href=\"http:\/\/www.rfi.fr\/afrique\/20181212-gbagbo-politique-cpi-cote-ivoire-mattei-libre-verite-justice\" target=\"_blank\" rel=\"noopener\">Son \u00e9ventuelle lib\u00e9ration provisoire pr\u00e9sente-t-elle des risques\u00a0?\u00a0<\/a><\/strong>Ces questions vont animer les d\u00e9bats entre les juges, le bureau du procureur et la d\u00e9fense. Depuis le d\u00e9but du proc\u00e8s, les nombreuses demandes de remise en libert\u00e9 provisoire \u00e9mises par les conseils de l\u2019ex-pr\u00e9sident ivoirien ont \u00e9t\u00e9 rejet\u00e9es.<\/p>\n<p>Jusque-l\u00e0, la chambre d\u2019accusation justifiait ses refus par l\u2019existence d\u2019un \u00ab\u00a0<em>un vaste r\u00e9seau de supporters<\/em>\u00a0\u00bb pouvant aider Laurent Gbagbo \u00e0 fuir le proc\u00e8s. Mais cette fois, la donne est diff\u00e9rente\u00a0: la chambre se saisit de sa propre initiative afin d\u2019\u00e9valuer les conditions de d\u00e9tention de Laurent Gbagbo\u00a0<strong><a href=\"http:\/\/www.rfi.fr\/afrique\/20181127-cote-ivoire-guillaume-soro-liberation-charles-ble-goude\" target=\"_blank\" rel=\"noopener\">et de Charles Bl\u00e9 Goud\u00e9.<\/a><\/strong><\/p>\n<p>Par ailleurs, cette audience intervient apr\u00e8s que la d\u00e9fense a plaid\u00e9 l\u2019acquittement. Les juges ont demand\u00e9 aux avocats de la d\u00e9fense de proposer des pays pouvant accueillir leurs clients en cas de remise en libert\u00e9 provisoire. Des lieux assurant des garanties de repr\u00e9sentation lors des prochaines audiences du proc\u00e8s.<\/p>\n<p>RFI<\/p>\n","protected":false},"excerpt":{"rendered":"<p>Audience \u00e0 huis clos, ce jeudi \u00e0 La Haye, pour d\u00e9battre de la d\u00e9tention de l&rsquo;ex-pr\u00e9sident ivoirien, Laurent Gbagbo, et de Charles Bl\u00e9 Goud\u00e9, ancien leader des Jeunes patriotes. La chambre d&rsquo;instruction de la Cour p\u00e9nale internationale veut \u00e9valuer les risques que pr\u00e9senterait une \u00e9ventuelle remise en libert\u00e9 provisoire de ces deux responsables politiques ivoiriens. [&hellip;]<\/p>\n","protected":false},"author":12,"featured_media":27556,"comment_status":"closed","ping_status":"closed","sticky":false,"template":"","format":"standard","meta":{"_exactmetrics_skip_tracking":false,"_exactmetrics_sitenote_active":false,"_exactmetrics_sitenote_note":"","_exactmetrics_sitenote_category":0,"tdm_status":"","tdm_grid_status":"","footnotes":""},"categories":[21],"tags":[],"class_list":{"0":"post-27555","1":"post","2":"type-post","3":"status-publish","4":"format-standard","5":"has-post-thumbnail","7":"category-international"},"yoast_head":"<!-- This site is optimized with the Yoast SEO plugin v24.2 - https:\/\/yoast.com\/wordpress\/plugins\/seo\/ -->\n<title>Proc\u00e8s Gbagbo: la CPI examine une nouvelle demande de lib\u00e9ration des accus\u00e9s | Guin\u00e9e Diversit\u00e9<\/title>\n<meta name=\"robots\" content=\"index, follow, max-snippet:-1, max-image-preview:large, max-video-preview:-1\" \/>\n<link rel=\"canonical\" href=\"https:\/\/guineediversite.com\/index.php\/2018\/12\/13\/proces-gbagbo-la-cpi-examine-une-nouvelle-demande-de-liberation-des-accuses\/\" \/>\n<meta property=\"og:locale\" content=\"fr_FR\" \/>\n<meta property=\"og:type\" content=\"article\" \/>\n<meta property=\"og:title\" content=\"Proc\u00e8s Gbagbo: la CPI examine une nouvelle demande de lib\u00e9ration des accus\u00e9s | Guin\u00e9e Diversit\u00e9\" \/>\n<meta property=\"og:description\" content=\"Audience \u00e0 huis clos, ce jeudi \u00e0 La Haye, pour d\u00e9battre de la d\u00e9tention de l&rsquo;ex-pr\u00e9sident ivoirien, Laurent Gbagbo, et de Charles Bl\u00e9 Goud\u00e9, ancien leader des Jeunes patriotes. La chambre d&rsquo;instruction de la Cour p\u00e9nale internationale veut \u00e9valuer les risques que pr\u00e9senterait une \u00e9ventuelle remise en libert\u00e9 provisoire de ces deux responsables politiques ivoiriens. [&hellip;]\" \/>\n<meta property=\"og:url\" content=\"https:\/\/guineediversite.com\/index.php\/2018\/12\/13\/proces-gbagbo-la-cpi-examine-une-nouvelle-demande-de-liberation-des-accuses\/\" \/>\n<meta property=\"og:site_name\" content=\"Guin\u00e9e Diversit\u00e9\" \/>\n<meta property=\"article:publisher\" content=\"https:\/\/www.facebook.com\/guineediversite\/\" \/>\n<meta property=\"article:published_time\" content=\"2018-12-13T12:43:25+00:00\" \/>\n<meta property=\"og:image\" content=\"https:\/\/guineediversite.com\/wp-content\/uploads\/2018\/12\/160128-gbagbo_ble_goude-ot-16_0.jpg\" \/>\n\t<meta property=\"og:image:width\" content=\"1024\" \/>\n\t<meta property=\"og:image:height\" content=\"578\" \/>\n\t<meta property=\"og:image:type\" content=\"image\/jpeg\" \/>\n<meta name=\"author\" content=\"Guin\u00e9e Diversit\u00e9\" \/>\n<meta name=\"twitter:card\" content=\"summary_large_image\" \/>\n<meta name=\"twitter:creator\" content=\"@GuineeDiversite\" \/>\n<meta name=\"twitter:site\" content=\"@GuineeDiversite\" \/>\n<meta name=\"twitter:label1\" content=\"\u00c9crit par\" \/>\n\t<meta name=\"twitter:data1\" content=\"Guin\u00e9e Diversit\u00e9\" \/>\n\t<meta name=\"twitter:label2\" content=\"Dur\u00e9e de lecture estim\u00e9e\" \/>\n\t<meta name=\"twitter:data2\" content=\"1 minute\" \/>\n<script type=\"application\/ld+json\" class=\"yoast-schema-graph\">{\"@context\":\"https:\/\/schema.org\",\"@graph\":[{\"@type\":\"Article\",\"@id\":\"https:\/\/guineediversite.com\/index.php\/2018\/12\/13\/proces-gbagbo-la-cpi-examine-une-nouvelle-demande-de-liberation-des-accuses\/#article\",\"isPartOf\":{\"@id\":\"https:\/\/guineediversite.com\/index.php\/2018\/12\/13\/proces-gbagbo-la-cpi-examine-une-nouvelle-demande-de-liberation-des-accuses\/\"},\"author\":{\"name\":\"Guin\u00e9e Diversit\u00e9\",\"@id\":\"https:\/\/guineediversite.com\/#\/schema\/person\/afa08fb34e7fc6e1feafc892612bc836\"},\"headline\":\"Proc\u00e8s Gbagbo: la CPI examine une nouvelle demande de lib\u00e9ration des accus\u00e9s\",\"datePublished\":\"2018-12-13T12:43:25+00:00\",\"dateModified\":\"2018-12-13T12:43:25+00:00\",\"mainEntityOfPage\":{\"@id\":\"https:\/\/guineediversite.com\/index.php\/2018\/12\/13\/proces-gbagbo-la-cpi-examine-une-nouvelle-demande-de-liberation-des-accuses\/\"},\"wordCount\":295,\"publisher\":{\"@id\":\"https:\/\/guineediversite.com\/#organization\"},\"image\":{\"@id\":\"https:\/\/guineediversite.com\/index.php\/2018\/12\/13\/proces-gbagbo-la-cpi-examine-une-nouvelle-demande-de-liberation-des-accuses\/#primaryimage\"},\"thumbnailUrl\":\"https:\/\/guineediversite.com\/wp-content\/uploads\/2018\/12\/160128-gbagbo_ble_goude-ot-16_0.jpg\",\"articleSection\":[\"International\"],\"inLanguage\":\"fr-FR\"},{\"@type\":\"WebPage\",\"@id\":\"https:\/\/guineediversite.com\/index.php\/2018\/12\/13\/proces-gbagbo-la-cpi-examine-une-nouvelle-demande-de-liberation-des-accuses\/\",\"url\":\"https:\/\/guineediversite.com\/index.php\/2018\/12\/13\/proces-gbagbo-la-cpi-examine-une-nouvelle-demande-de-liberation-des-accuses\/\",\"name\":\"Proc\u00e8s Gbagbo: la CPI examine une nouvelle demande de lib\u00e9ration des accus\u00e9s | Guin\u00e9e Diversit\u00e9\",\"isPartOf\":{\"@id\":\"https:\/\/guineediversite.com\/#website\"},\"primaryImageOfPage\":{\"@id\":\"https:\/\/guineediversite.com\/index.php\/2018\/12\/13\/proces-gbagbo-la-cpi-examine-une-nouvelle-demande-de-liberation-des-accuses\/#primaryimage\"},\"image\":{\"@id\":\"https:\/\/guineediversite.com\/index.php\/2018\/12\/13\/proces-gbagbo-la-cpi-examine-une-nouvelle-demande-de-liberation-des-accuses\/#primaryimage\"},\"thumbnailUrl\":\"https:\/\/guineediversite.com\/wp-content\/uploads\/2018\/12\/160128-gbagbo_ble_goude-ot-16_0.jpg\",\"datePublished\":\"2018-12-13T12:43:25+00:00\",\"dateModified\":\"2018-12-13T12:43:25+00:00\",\"breadcrumb\":{\"@id\":\"https:\/\/guineediversite.com\/index.php\/2018\/12\/13\/proces-gbagbo-la-cpi-examine-une-nouvelle-demande-de-liberation-des-accuses\/#breadcrumb\"},\"inLanguage\":\"fr-FR\",\"potentialAction\":[{\"@type\":\"ReadAction\",\"target\":[\"https:\/\/guineediversite.com\/index.php\/2018\/12\/13\/proces-gbagbo-la-cpi-examine-une-nouvelle-demande-de-liberation-des-accuses\/\"]}]},{\"@type\":\"ImageObject\",\"inLanguage\":\"fr-FR\",\"@id\":\"https:\/\/guineediversite.com\/index.php\/2018\/12\/13\/proces-gbagbo-la-cpi-examine-une-nouvelle-demande-de-liberation-des-accuses\/#primaryimage\",\"url\":\"https:\/\/guineediversite.com\/wp-content\/uploads\/2018\/12\/160128-gbagbo_ble_goude-ot-16_0.jpg\",\"contentUrl\":\"https:\/\/guineediversite.com\/wp-content\/uploads\/2018\/12\/160128-gbagbo_ble_goude-ot-16_0.jpg\",\"width\":1024,\"height\":578},{\"@type\":\"BreadcrumbList\",\"@id\":\"https:\/\/guineediversite.com\/index.php\/2018\/12\/13\/proces-gbagbo-la-cpi-examine-une-nouvelle-demande-de-liberation-des-accuses\/#breadcrumb\",\"itemListElement\":[{\"@type\":\"ListItem\",\"position\":1,\"name\":\"Accueil\",\"item\":\"https:\/\/guineediversite.com\/\"},{\"@type\":\"ListItem\",\"position\":2,\"name\":\"Proc\u00e8s Gbagbo: la CPI examine une nouvelle demande de lib\u00e9ration des accus\u00e9s\"}]},{\"@type\":\"WebSite\",\"@id\":\"https:\/\/guineediversite.com\/#website\",\"url\":\"https:\/\/guineediversite.com\/\",\"name\":\"Guin\u00e9e Diversit\u00e9\",\"description\":\"L&#039;Info dans toute sa diversit\u00e9\",\"publisher\":{\"@id\":\"https:\/\/guineediversite.com\/#organization\"},\"potentialAction\":[{\"@type\":\"SearchAction\",\"target\":{\"@type\":\"EntryPoint\",\"urlTemplate\":\"https:\/\/guineediversite.com\/?s={search_term_string}\"},\"query-input\":{\"@type\":\"PropertyValueSpecification\",\"valueRequired\":true,\"valueName\":\"search_term_string\"}}],\"inLanguage\":\"fr-FR\"},{\"@type\":\"Organization\",\"@id\":\"https:\/\/guineediversite.com\/#organization\",\"name\":\"Guin\u00e9e Diversit\u00e9\",\"url\":\"https:\/\/guineediversite.com\/\",\"logo\":{\"@type\":\"ImageObject\",\"inLanguage\":\"fr-FR\",\"@id\":\"https:\/\/guineediversite.com\/#\/schema\/logo\/image\/\",\"url\":\"https:\/\/guineediversite.com\/wp-content\/uploads\/2017\/04\/cropped-1jojlxEOMkX9Wyqfhe43D6kjPOGqBBKmx3EwWJqZ0cMrFF54yM49.png\",\"contentUrl\":\"https:\/\/guineediversite.com\/wp-content\/uploads\/2017\/04\/cropped-1jojlxEOMkX9Wyqfhe43D6kjPOGqBBKmx3EwWJqZ0cMrFF54yM49.png\",\"width\":186,\"height\":112,\"caption\":\"Guin\u00e9e Diversit\u00e9\"},\"image\":{\"@id\":\"https:\/\/guineediversite.com\/#\/schema\/logo\/image\/\"},\"sameAs\":[\"https:\/\/www.facebook.com\/guineediversite\/\",\"https:\/\/x.com\/GuineeDiversite\",\"https:\/\/www.youtube.com\/channel\/UC8sUY16qelG5ge6_D5SB83g\"]},{\"@type\":\"Person\",\"@id\":\"https:\/\/guineediversite.com\/#\/schema\/person\/afa08fb34e7fc6e1feafc892612bc836\",\"name\":\"Guin\u00e9e Diversit\u00e9\",\"image\":{\"@type\":\"ImageObject\",\"inLanguage\":\"fr-FR\",\"@id\":\"https:\/\/guineediversite.com\/#\/schema\/person\/image\/\",\"url\":\"https:\/\/secure.gravatar.com\/avatar\/50d5eb5b390f8b65ac30ac6f898eb83a?s=96&d=mm&r=g\",\"contentUrl\":\"https:\/\/secure.gravatar.com\/avatar\/50d5eb5b390f8b65ac30ac6f898eb83a?s=96&d=mm&r=g\",\"caption\":\"Guin\u00e9e Diversit\u00e9\"},\"url\":\"https:\/\/guineediversite.com\/index.php\/author\/guineediversite\/\"}]}<\/script>\n<!-- \/ Yoast SEO plugin. -->","yoast_head_json":{"title":"Proc\u00e8s Gbagbo: la CPI examine une nouvelle demande de lib\u00e9ration des accus\u00e9s | Guin\u00e9e Diversit\u00e9","robots":{"index":"index","follow":"follow","max-snippet":"max-snippet:-1","max-image-preview":"max-image-preview:large","max-video-preview":"max-video-preview:-1"},"canonical":"https:\/\/guineediversite.com\/index.php\/2018\/12\/13\/proces-gbagbo-la-cpi-examine-une-nouvelle-demande-de-liberation-des-accuses\/","og_locale":"fr_FR","og_type":"article","og_title":"Proc\u00e8s Gbagbo: la CPI examine une nouvelle demande de lib\u00e9ration des accus\u00e9s | Guin\u00e9e Diversit\u00e9","og_description":"Audience \u00e0 huis clos, ce jeudi \u00e0 La Haye, pour d\u00e9battre de la d\u00e9tention de l&rsquo;ex-pr\u00e9sident ivoirien, Laurent Gbagbo, et de Charles Bl\u00e9 Goud\u00e9, ancien leader des Jeunes patriotes. La chambre d&rsquo;instruction de la Cour p\u00e9nale internationale veut \u00e9valuer les risques que pr\u00e9senterait une \u00e9ventuelle remise en libert\u00e9 provisoire de ces deux responsables politiques ivoiriens. [&hellip;]","og_url":"https:\/\/guineediversite.com\/index.php\/2018\/12\/13\/proces-gbagbo-la-cpi-examine-une-nouvelle-demande-de-liberation-des-accuses\/","og_site_name":"Guin\u00e9e Diversit\u00e9","article_publisher":"https:\/\/www.facebook.com\/guineediversite\/","article_published_time":"2018-12-13T12:43:25+00:00","og_image":[{"width":1024,"height":578,"url":"https:\/\/guineediversite.com\/wp-content\/uploads\/2018\/12\/160128-gbagbo_ble_goude-ot-16_0.jpg","type":"image\/jpeg"}],"author":"Guin\u00e9e Diversit\u00e9","twitter_card":"summary_large_image","twitter_creator":"@GuineeDiversite","twitter_site":"@GuineeDiversite","twitter_misc":{"\u00c9crit par":"Guin\u00e9e Diversit\u00e9","Dur\u00e9e de lecture estim\u00e9e":"1 minute"},"schema":{"@context":"https:\/\/schema.org","@graph":[{"@type":"Article","@id":"https:\/\/guineediversite.com\/index.php\/2018\/12\/13\/proces-gbagbo-la-cpi-examine-une-nouvelle-demande-de-liberation-des-accuses\/#article","isPartOf":{"@id":"https:\/\/guineediversite.com\/index.php\/2018\/12\/13\/proces-gbagbo-la-cpi-examine-une-nouvelle-demande-de-liberation-des-accuses\/"},"author":{"name":"Guin\u00e9e Diversit\u00e9","@id":"https:\/\/guineediversite.com\/#\/schema\/person\/afa08fb34e7fc6e1feafc892612bc836"},"headline":"Proc\u00e8s Gbagbo: la CPI examine une nouvelle demande de lib\u00e9ration des accus\u00e9s","datePublished":"2018-12-13T12:43:25+00:00","dateModified":"2018-12-13T12:43:25+00:00","mainEntityOfPage":{"@id":"https:\/\/guineediversite.com\/index.php\/2018\/12\/13\/proces-gbagbo-la-cpi-examine-une-nouvelle-demande-de-liberation-des-accuses\/"},"wordCount":295,"publisher":{"@id":"https:\/\/guineediversite.com\/#organization"},"image":{"@id":"https:\/\/guineediversite.com\/index.php\/2018\/12\/13\/proces-gbagbo-la-cpi-examine-une-nouvelle-demande-de-liberation-des-accuses\/#primaryimage"},"thumbnailUrl":"https:\/\/guineediversite.com\/wp-content\/uploads\/2018\/12\/160128-gbagbo_ble_goude-ot-16_0.jpg","articleSection":["International"],"inLanguage":"fr-FR"},{"@type":"WebPage","@id":"https:\/\/guineediversite.com\/index.php\/2018\/12\/13\/proces-gbagbo-la-cpi-examine-une-nouvelle-demande-de-liberation-des-accuses\/","url":"https:\/\/guineediversite.com\/index.php\/2018\/12\/13\/proces-gbagbo-la-cpi-examine-une-nouvelle-demande-de-liberation-des-accuses\/","name":"Proc\u00e8s Gbagbo: la CPI examine une nouvelle demande de lib\u00e9ration des accus\u00e9s | Guin\u00e9e Diversit\u00e9","isPartOf":{"@id":"https:\/\/guineediversite.com\/#website"},"primaryImageOfPage":{"@id":"https:\/\/guineediversite.com\/index.php\/2018\/12\/13\/proces-gbagbo-la-cpi-examine-une-nouvelle-demande-de-liberation-des-accuses\/#primaryimage"},"image":{"@id":"https:\/\/guineediversite.com\/index.php\/2018\/12\/13\/proces-gbagbo-la-cpi-examine-une-nouvelle-demande-de-liberation-des-accuses\/#primaryimage"},"thumbnailUrl":"https:\/\/guineediversite.com\/wp-content\/uploads\/2018\/12\/160128-gbagbo_ble_goude-ot-16_0.jpg","datePublished":"2018-12-13T12:43:25+00:00","dateModified":"2018-12-13T12:43:25+00:00","breadcrumb":{"@id":"https:\/\/guineediversite.com\/index.php\/2018\/12\/13\/proces-gbagbo-la-cpi-examine-une-nouvelle-demande-de-liberation-des-accuses\/#breadcrumb"},"inLanguage":"fr-FR","potentialAction":[{"@type":"ReadAction","target":["https:\/\/guineediversite.com\/index.php\/2018\/12\/13\/proces-gbagbo-la-cpi-examine-une-nouvelle-demande-de-liberation-des-accuses\/"]}]},{"@type":"ImageObject","inLanguage":"fr-FR","@id":"https:\/\/guineediversite.com\/index.php\/2018\/12\/13\/proces-gbagbo-la-cpi-examine-une-nouvelle-demande-de-liberation-des-accuses\/#primaryimage","url":"https:\/\/guineediversite.com\/wp-content\/uploads\/2018\/12\/160128-gbagbo_ble_goude-ot-16_0.jpg","contentUrl":"https:\/\/guineediversite.com\/wp-content\/uploads\/2018\/12\/160128-gbagbo_ble_goude-ot-16_0.jpg","width":1024,"height":578},{"@type":"BreadcrumbList","@id":"https:\/\/guineediversite.com\/index.php\/2018\/12\/13\/proces-gbagbo-la-cpi-examine-une-nouvelle-demande-de-liberation-des-accuses\/#breadcrumb","itemListElement":[{"@type":"ListItem","position":1,"name":"Accueil","item":"https:\/\/guineediversite.com\/"},{"@type":"ListItem","position":2,"name":"Proc\u00e8s Gbagbo: la CPI examine une nouvelle demande de lib\u00e9ration des accus\u00e9s"}]},{"@type":"WebSite","@id":"https:\/\/guineediversite.com\/#website","url":"https:\/\/guineediversite.com\/","name":"Guin\u00e9e Diversit\u00e9","description":"L&#039;Info dans toute sa diversit\u00e9","publisher":{"@id":"https:\/\/guineediversite.com\/#organization"},"potentialAction":[{"@type":"SearchAction","target":{"@type":"EntryPoint","urlTemplate":"https:\/\/guineediversite.com\/?s={search_term_string}"},"query-input":{"@type":"PropertyValueSpecification","valueRequired":true,"valueName":"search_term_string"}}],"inLanguage":"fr-FR"},{"@type":"Organization","@id":"https:\/\/guineediversite.com\/#organization","name":"Guin\u00e9e Diversit\u00e9","url":"https:\/\/guineediversite.com\/","logo":{"@type":"ImageObject","inLanguage":"fr-FR","@id":"https:\/\/guineediversite.com\/#\/schema\/logo\/image\/","url":"https:\/\/guineediversite.com\/wp-content\/uploads\/2017\/04\/cropped-1jojlxEOMkX9Wyqfhe43D6kjPOGqBBKmx3EwWJqZ0cMrFF54yM49.png","contentUrl":"https:\/\/guineediversite.com\/wp-content\/uploads\/2017\/04\/cropped-1jojlxEOMkX9Wyqfhe43D6kjPOGqBBKmx3EwWJqZ0cMrFF54yM49.png","width":186,"height":112,"caption":"Guin\u00e9e Diversit\u00e9"},"image":{"@id":"https:\/\/guineediversite.com\/#\/schema\/logo\/image\/"},"sameAs":["https:\/\/www.facebook.com\/guineediversite\/","https:\/\/x.com\/GuineeDiversite","https:\/\/www.youtube.com\/channel\/UC8sUY16qelG5ge6_D5SB83g"]},{"@type":"Person","@id":"https:\/\/guineediversite.com\/#\/schema\/person\/afa08fb34e7fc6e1feafc892612bc836","name":"Guin\u00e9e Diversit\u00e9","image":{"@type":"ImageObject","inLanguage":"fr-FR","@id":"https:\/\/guineediversite.com\/#\/schema\/person\/image\/","url":"https:\/\/secure.gravatar.com\/avatar\/50d5eb5b390f8b65ac30ac6f898eb83a?s=96&d=mm&r=g","contentUrl":"https:\/\/secure.gravatar.com\/avatar\/50d5eb5b390f8b65ac30ac6f898eb83a?s=96&d=mm&r=g","caption":"Guin\u00e9e Diversit\u00e9"},"url":"https:\/\/guineediversite.com\/index.php\/author\/guineediversite\/"}]}},"_links":{"self":[{"href":"https:\/\/guineediversite.com\/index.php\/wp-json\/wp\/v2\/posts\/27555"}],"collection":[{"href":"https:\/\/guineediversite.com\/index.php\/wp-json\/wp\/v2\/posts"}],"about":[{"href":"https:\/\/guineediversite.com\/index.php\/wp-json\/wp\/v2\/types\/post"}],"author":[{"embeddable":true,"href":"https:\/\/guineediversite.com\/index.php\/wp-json\/wp\/v2\/users\/12"}],"replies":[{"embeddable":true,"href":"https:\/\/guineediversite.com\/index.php\/wp-json\/wp\/v2\/comments?post=27555"}],"version-history":[{"count":0,"href":"https:\/\/guineediversite.com\/index.php\/wp-json\/wp\/v2\/posts\/27555\/revisions"}],"wp:featuredmedia":[{"embeddable":true,"href":"https:\/\/guineediversite.com\/index.php\/wp-json\/wp\/v2\/media\/27556"}],"wp:attachment":[{"href":"https:\/\/guineediversite.com\/index.php\/wp-json\/wp\/v2\/media?parent=27555"}],"wp:term":[{"taxonomy":"category","embeddable":true,"href":"https:\/\/guineediversite.com\/index.php\/wp-json\/wp\/v2\/categories?post=27555"},{"taxonomy":"post_tag","embeddable":true,"href":"https:\/\/guineediversite.com\/index.php\/wp-json\/wp\/v2\/tags?post=27555"}],"curies":[{"name":"wp","href":"https:\/\/api.w.org\/{rel}","templated":true}]}}