{"id":27546,"date":"2018-12-13T13:27:16","date_gmt":"2018-12-13T12:27:16","guid":{"rendered":"https:\/\/guineediversite.com\/?p=27546"},"modified":"2018-12-13T13:41:05","modified_gmt":"2018-12-13T12:41:05","slug":"27546","status":"publish","type":"post","link":"https:\/\/guineediversite.com\/index.php\/2018\/12\/13\/27546\/","title":{"rendered":"COP24 en Pologne: c&rsquo;est la derni\u00e8re ligne droite et le temps est compt\u00e9"},"content":{"rendered":"<p>A la COP24 \u00e0 Katowice, en Pologne, le temps est compt\u00e9 puisque le rendez-vous pour le climat s&rsquo;ach\u00e8ve demain, vendredi 14 d\u00e9cembre. Il s&rsquo;agit de mettre en oeuvre l&rsquo;accord de Paris. C\u2019est, en ce moment, le \u00ab\u00a0segment minist\u00e9riel\u00a0\u00bb, ce sont l\u00e0 les ministres qui n\u00e9gocient; alors, vers quoi se dirige-t-on\u00a0?<\/p>\n<p>En ce moment, les financements sont au centre des discussions. Il y a d\u2019une part, l\u2019argent d\u00e9di\u00e9 \u00e0 l\u2019adaptation des pays en d\u00e9veloppement aux effets du changement climatique\u00a0; ensuite, l\u2019\u00e9valuation de ce dont les pays en d\u00e9veloppement ont besoin pour passer \u00e0 une \u00e9conomie verte\u00a0; enfin, la mise en place des r\u00e8gles techniques pour s\u2019assurer que les engagements pris seront bien respect\u00e9s, car les engagements financiers de l\u2019accord de Paris ne sont pas juridiquement contraignants.<\/p>\n<p>D\u2019autres sujets sont \u00e9galement discut\u00e9s\u00a0: les contributions nationales, c\u2019est-\u00e0-dire les actions des pays pour lutter contre le changement climatique, et tout ce qui sert \u00e0 les \u00e9valuer. Les ministres ont donc jusqu\u2019\u00e0 demain pour \u00e9laborer des solutions qui seront propos\u00e9es en s\u00e9ance pl\u00e9ni\u00e8re. Cette s\u00e9ance sera suivie d\u2019un dernier round de discussions pour qu\u2019ils arrivent \u00e0 se mettre d\u2019accord. Les n\u00e9gociateurs avouent qu\u2019il y a un manque de leaderships d\u00fb \u00e0 la situation g\u00e9opolitique, mais nous sommes dans le \u00ab\u00a0segment minist\u00e9riel\u00a0\u00bb et la diplomatie bat son plein.<\/p>\n<p>Du c\u00f4t\u00e9 des pays les plus vuln\u00e9rables, on n\u2019envisage pas qu\u2019il n\u2019y ait pas d\u2019accord, car, en 2019, un nouveau cycle de COP devrait commencer, un cycle consacr\u00e9 \u00e0 la ma\u00eetrise de la hausse de la temp\u00e9rature, car la trajectoire actuelle qui nous emm\u00e8ne vers 3\u00b0 suppl\u00e9mentaires ne sera pas supportable.<\/p>\n<div id=\"teads-2222946773261434\"><\/div>\n<p><strong>Le Br\u00e9sil sous tous les regards<\/strong><\/p>\n<p>A la COP24 \u00e0 Katowice, les regards sont notamment tourn\u00e9s vers le Br\u00e9sil, indique\u00a0<em>l&rsquo;une de nos envoy\u00e9es sp\u00e9ciales \u00e0 Katowice<\/em>,\u00a0<strong>Christine Siebert<\/strong>, puisque le nouveau pr\u00e9sident Jair Bolsonaro est tent\u00e9 de suivre l\u2019exemple am\u00e9ricain et d\u2019annoncer le retrait du Br\u00e9sil de l\u2019accord de Paris sur le climat. Le futur ministre de l\u2019Environnement Ricardo de Aquino Salles vient de qualifier le r\u00e9chauffement climatique de \u00ab\u00a0<em>question secondaire<\/em>\u00a0\u00bb et de pr\u00e9ciser que le Br\u00e9sil d\u00e9ciderait dans les prochaines semaines de rester ou non dans cet accord.<\/p>\n<p>Comme ancien d\u00e9put\u00e9, Alfredo Sirkis conna\u00eet un peu Jair Bolsonaro. Aujourd&rsquo;hui, en tant que coordinateur du Forum br\u00e9silien du changement climatique, il observe de pr\u00e8s l&rsquo;attitude du futur pr\u00e9sident br\u00e9silien en mati\u00e8re climatique\u00a0: \u00ab\u00a0<em>Je ne pense pas que le Br\u00e9sil va quitter l\u2019accord de Paris. Je crois qu\u2019il y aura une grande mobilisation au Br\u00e9sil qui touche non seulement les gens qui sont directement concern\u00e9s par la question du climat, mais aussi des groupes \u00e9conomiques qui ont peur des cons\u00e9quences \u00e9conomiques de quitter l\u2019accord de Paris.\u00a0<\/em>\u00bb<\/p>\n<p><strong>Terrible recul<\/strong><\/p>\n<p>Pour les peuples indig\u00e8nes, un retrait de l\u2019accord de Paris serait un terrible recul. S\u00f4nia Guajajara est militante environnementale du peuple Guajajara\u00a0: \u00ab\u00a0<em>L&rsquo;accord de Paris reconna\u00eet la culture des peuples indig\u00e8nes. Il faut absolument prot\u00e9ger ces peuples. Nous prot\u00e9ger, cela revient aussi \u00e0 sauvegarder les for\u00eats puisque, par notre mani\u00e8re de vivre nous pr\u00e9servons les for\u00eats amazoniennes<\/em>.\u00a0\u00bb<\/p>\n<p>Les peuples indig\u00e8nes du Br\u00e9sil sont depuis longtemps menac\u00e9s. Selon le Conseil indig\u00e8ne missionnaire, 110 indig\u00e8nes ont \u00e9t\u00e9 tu\u00e9s l&rsquo;ann\u00e9e derni\u00e8re. Mais l&rsquo;arriv\u00e9e de Jair Bolsonaro au pouvoir leur fait craindre une situation encore pire.<\/p>\n<div class=\"em-image orientation-center\">\n<div class=\"media\"><img decoding=\"async\" src=\"http:\/\/scd.rfi.fr\/sites\/filesrfi\/imagecache\/aef_image_original_format\/sites\/images.rfi.fr\/files\/aef_image\/gettyimages-120416938_0.jpg\" \/><small>L&rsquo;Afrique subsaharienne vit r\u00e9guli\u00e8rement de nouveaux \u00e9pisodes de s\u00e9cheresse (image d&rsquo;illustration).<\/small><small>Xavier TESTELIN\/Gamma-Rapho via Getty<\/small><\/div>\n<\/div>\n<p><strong>L&rsquo;Afrique subsaharienne largement touch\u00e9e<\/strong><\/p>\n<p>Mont\u00e9e de la mer, modification des saisons&#8230; de son c\u00f4t\u00e9, l&rsquo;Afrique subsaharienne est \u00e9galement largement touch\u00e9e par le changement climatique. Les maires de plusieurs villes ont d\u00e9cid\u00e9 d&rsquo;agir en rejoignant le r\u00e9seau de la Convention des maires d&rsquo;Afrique Subsaharienne. Ce r\u00e9seau a \u00e9t\u00e9 lanc\u00e9 en 2015, \u00e0 la COP21, par l&rsquo;Union europ\u00e9enne. Ce son 150 villes de 34 pays qui ont d\u00e9j\u00e0 sign\u00e9 la Convention des maires d&rsquo;Afrique Subsaharienne, souligne\u00a0<em>l&rsquo;une de nos envoy\u00e9e sp\u00e9ciale \u00e0 Katowice<\/em>,\u00a0<strong>Agn\u00e8s Rougier<\/strong>. Exemple au Togo.<\/p>\n<p>Au Togo, Bruno Loglo, le maire de Ts\u00e9vi\u00e9, une ville de 30\u00a0000 habitants, situ\u00e9e \u00e0 30 km de Lom\u00e9, est le premier \u00e0 avoir sign\u00e9 la convention\u00a0: \u00ab\u00a0<em>Le projet que nous pilotons maintenant, c\u2019est le Programme de promotion de l\u2019\u00e9nergie pour le d\u00e9veloppement qui a d\u00e9but\u00e9 en 2017 et qui finira dans un premier temps en 2019. Aujourd\u2019hui, nous avons install\u00e9 des lampadaires dans des quartiers de la ville, des kits solaires dans les m\u00e9nages \u00e0 maigres revenus. Nous mettons \u00e0 la disposition de la population 8\u00a0200 foyers am\u00e9lior\u00e9s.<\/em>\u00a0\u00bb<\/p>\n<p>Des foyers am\u00e9lior\u00e9s qui ont pour objectif de r\u00e9duire la consommation de bois et la pollution due \u00e0 la combustion. Mais ce programme demande de l&rsquo;argent. Qui paye\u00a0? \u00ab\u00a0<em>Le grand probl\u00e8me \u00e0 notre niveau<\/em>, souligne Bruno Loglo,\u00a0<em>c\u2019est le financement. Le Programme de promotion de l\u2019\u00e9nergie pour le d\u00e9veloppement a une enveloppe qui tourne autour de 625 millions de francs CFA. L\u2019Union europ\u00e9enne a une contribution de 80% dans cette enveloppe. Et la mairie de Ts\u00e9vi\u00e9 participe \u00e0 hauteur de 20%. Aussi, les 20% nous cr\u00e9ent des probl\u00e8mes. La dol\u00e9ance que nous introduisons, c\u2019est que les fonds verts soient rendus flexibles pour les collectivit\u00e9s locales.<\/em>\u00a0\u00bb<\/p>\n<p>Car le Togo n&rsquo;a pour l&rsquo;instant pas acc\u00e8s aux fonds verts pour l&rsquo;adaptation, et c&rsquo;est pourquoi une large d\u00e9l\u00e9gation togolaise est venue \u00e0 la COP24 pour plaider sa cause.<\/p>\n<p>RFI<\/p>\n","protected":false},"excerpt":{"rendered":"<p>A la COP24 \u00e0 Katowice, en Pologne, le temps est compt\u00e9 puisque le rendez-vous pour le climat s&rsquo;ach\u00e8ve demain, vendredi 14 d\u00e9cembre. Il s&rsquo;agit de mettre en oeuvre l&rsquo;accord de Paris. C\u2019est, en ce moment, le \u00ab\u00a0segment minist\u00e9riel\u00a0\u00bb, ce sont l\u00e0 les ministres qui n\u00e9gocient; alors, vers quoi se dirige-t-on\u00a0? En ce moment, les financements [&hellip;]<\/p>\n","protected":false},"author":12,"featured_media":27547,"comment_status":"closed","ping_status":"closed","sticky":false,"template":"","format":"standard","meta":{"_exactmetrics_skip_tracking":false,"_exactmetrics_sitenote_active":false,"_exactmetrics_sitenote_note":"","_exactmetrics_sitenote_category":0,"tdm_status":"","tdm_grid_status":"","footnotes":""},"categories":[21],"tags":[],"class_list":{"0":"post-27546","1":"post","2":"type-post","3":"status-publish","4":"format-standard","5":"has-post-thumbnail","7":"category-international"},"yoast_head":"<!-- This site is optimized with the Yoast SEO plugin v24.2 - https:\/\/yoast.com\/wordpress\/plugins\/seo\/ -->\n<title>COP24 en Pologne: c&#039;est la derni\u00e8re ligne droite et le temps est compt\u00e9 | Guin\u00e9e Diversit\u00e9<\/title>\n<meta name=\"robots\" content=\"index, follow, max-snippet:-1, max-image-preview:large, max-video-preview:-1\" \/>\n<link rel=\"canonical\" href=\"https:\/\/guineediversite.com\/index.php\/2018\/12\/13\/27546\/\" \/>\n<meta property=\"og:locale\" content=\"fr_FR\" \/>\n<meta property=\"og:type\" content=\"article\" \/>\n<meta property=\"og:title\" content=\"COP24 en Pologne: c&#039;est la derni\u00e8re ligne droite et le temps est compt\u00e9 | Guin\u00e9e Diversit\u00e9\" \/>\n<meta property=\"og:description\" content=\"A la COP24 \u00e0 Katowice, en Pologne, le temps est compt\u00e9 puisque le rendez-vous pour le climat s&rsquo;ach\u00e8ve demain, vendredi 14 d\u00e9cembre. Il s&rsquo;agit de mettre en oeuvre l&rsquo;accord de Paris. C\u2019est, en ce moment, le \u00ab\u00a0segment minist\u00e9riel\u00a0\u00bb, ce sont l\u00e0 les ministres qui n\u00e9gocient; alors, vers quoi se dirige-t-on\u00a0? En ce moment, les financements [&hellip;]\" \/>\n<meta property=\"og:url\" content=\"https:\/\/guineediversite.com\/index.php\/2018\/12\/13\/27546\/\" \/>\n<meta property=\"og:site_name\" content=\"Guin\u00e9e Diversit\u00e9\" \/>\n<meta property=\"article:publisher\" content=\"https:\/\/www.facebook.com\/guineediversite\/\" \/>\n<meta property=\"article:published_time\" content=\"2018-12-13T12:27:16+00:00\" \/>\n<meta property=\"article:modified_time\" content=\"2018-12-13T12:41:05+00:00\" \/>\n<meta property=\"og:image\" content=\"https:\/\/guineediversite.com\/wp-content\/uploads\/2018\/12\/2018-12-08t143111z_775800650_rc1d747a4aa0_rtrmadp_3_climate-change-accord-paris.jpg\" \/>\n\t<meta property=\"og:image:width\" content=\"1023\" \/>\n\t<meta property=\"og:image:height\" content=\"578\" \/>\n\t<meta property=\"og:image:type\" content=\"image\/jpeg\" \/>\n<meta name=\"author\" content=\"Guin\u00e9e Diversit\u00e9\" \/>\n<meta name=\"twitter:card\" content=\"summary_large_image\" \/>\n<meta name=\"twitter:creator\" content=\"@GuineeDiversite\" \/>\n<meta name=\"twitter:site\" content=\"@GuineeDiversite\" \/>\n<meta name=\"twitter:label1\" content=\"\u00c9crit par\" \/>\n\t<meta name=\"twitter:data1\" content=\"Guin\u00e9e Diversit\u00e9\" \/>\n\t<meta name=\"twitter:label2\" content=\"Dur\u00e9e de lecture estim\u00e9e\" \/>\n\t<meta name=\"twitter:data2\" content=\"5 minutes\" \/>\n<script type=\"application\/ld+json\" class=\"yoast-schema-graph\">{\"@context\":\"https:\/\/schema.org\",\"@graph\":[{\"@type\":\"Article\",\"@id\":\"https:\/\/guineediversite.com\/index.php\/2018\/12\/13\/27546\/#article\",\"isPartOf\":{\"@id\":\"https:\/\/guineediversite.com\/index.php\/2018\/12\/13\/27546\/\"},\"author\":{\"name\":\"Guin\u00e9e Diversit\u00e9\",\"@id\":\"https:\/\/guineediversite.com\/#\/schema\/person\/afa08fb34e7fc6e1feafc892612bc836\"},\"headline\":\"COP24 en Pologne: c&rsquo;est la derni\u00e8re ligne droite et le temps est compt\u00e9\",\"datePublished\":\"2018-12-13T12:27:16+00:00\",\"dateModified\":\"2018-12-13T12:41:05+00:00\",\"mainEntityOfPage\":{\"@id\":\"https:\/\/guineediversite.com\/index.php\/2018\/12\/13\/27546\/\"},\"wordCount\":996,\"publisher\":{\"@id\":\"https:\/\/guineediversite.com\/#organization\"},\"image\":{\"@id\":\"https:\/\/guineediversite.com\/index.php\/2018\/12\/13\/27546\/#primaryimage\"},\"thumbnailUrl\":\"https:\/\/guineediversite.com\/wp-content\/uploads\/2018\/12\/2018-12-08t143111z_775800650_rc1d747a4aa0_rtrmadp_3_climate-change-accord-paris.jpg\",\"articleSection\":[\"International\"],\"inLanguage\":\"fr-FR\"},{\"@type\":\"WebPage\",\"@id\":\"https:\/\/guineediversite.com\/index.php\/2018\/12\/13\/27546\/\",\"url\":\"https:\/\/guineediversite.com\/index.php\/2018\/12\/13\/27546\/\",\"name\":\"COP24 en Pologne: c'est la derni\u00e8re ligne droite et le temps est compt\u00e9 | Guin\u00e9e Diversit\u00e9\",\"isPartOf\":{\"@id\":\"https:\/\/guineediversite.com\/#website\"},\"primaryImageOfPage\":{\"@id\":\"https:\/\/guineediversite.com\/index.php\/2018\/12\/13\/27546\/#primaryimage\"},\"image\":{\"@id\":\"https:\/\/guineediversite.com\/index.php\/2018\/12\/13\/27546\/#primaryimage\"},\"thumbnailUrl\":\"https:\/\/guineediversite.com\/wp-content\/uploads\/2018\/12\/2018-12-08t143111z_775800650_rc1d747a4aa0_rtrmadp_3_climate-change-accord-paris.jpg\",\"datePublished\":\"2018-12-13T12:27:16+00:00\",\"dateModified\":\"2018-12-13T12:41:05+00:00\",\"breadcrumb\":{\"@id\":\"https:\/\/guineediversite.com\/index.php\/2018\/12\/13\/27546\/#breadcrumb\"},\"inLanguage\":\"fr-FR\",\"potentialAction\":[{\"@type\":\"ReadAction\",\"target\":[\"https:\/\/guineediversite.com\/index.php\/2018\/12\/13\/27546\/\"]}]},{\"@type\":\"ImageObject\",\"inLanguage\":\"fr-FR\",\"@id\":\"https:\/\/guineediversite.com\/index.php\/2018\/12\/13\/27546\/#primaryimage\",\"url\":\"https:\/\/guineediversite.com\/wp-content\/uploads\/2018\/12\/2018-12-08t143111z_775800650_rc1d747a4aa0_rtrmadp_3_climate-change-accord-paris.jpg\",\"contentUrl\":\"https:\/\/guineediversite.com\/wp-content\/uploads\/2018\/12\/2018-12-08t143111z_775800650_rc1d747a4aa0_rtrmadp_3_climate-change-accord-paris.jpg\",\"width\":1023,\"height\":578},{\"@type\":\"BreadcrumbList\",\"@id\":\"https:\/\/guineediversite.com\/index.php\/2018\/12\/13\/27546\/#breadcrumb\",\"itemListElement\":[{\"@type\":\"ListItem\",\"position\":1,\"name\":\"Accueil\",\"item\":\"https:\/\/guineediversite.com\/\"},{\"@type\":\"ListItem\",\"position\":2,\"name\":\"COP24 en Pologne: c&rsquo;est la derni\u00e8re ligne droite et le temps est compt\u00e9\"}]},{\"@type\":\"WebSite\",\"@id\":\"https:\/\/guineediversite.com\/#website\",\"url\":\"https:\/\/guineediversite.com\/\",\"name\":\"Guin\u00e9e Diversit\u00e9\",\"description\":\"L&#039;Info dans toute sa diversit\u00e9\",\"publisher\":{\"@id\":\"https:\/\/guineediversite.com\/#organization\"},\"potentialAction\":[{\"@type\":\"SearchAction\",\"target\":{\"@type\":\"EntryPoint\",\"urlTemplate\":\"https:\/\/guineediversite.com\/?s={search_term_string}\"},\"query-input\":{\"@type\":\"PropertyValueSpecification\",\"valueRequired\":true,\"valueName\":\"search_term_string\"}}],\"inLanguage\":\"fr-FR\"},{\"@type\":\"Organization\",\"@id\":\"https:\/\/guineediversite.com\/#organization\",\"name\":\"Guin\u00e9e Diversit\u00e9\",\"url\":\"https:\/\/guineediversite.com\/\",\"logo\":{\"@type\":\"ImageObject\",\"inLanguage\":\"fr-FR\",\"@id\":\"https:\/\/guineediversite.com\/#\/schema\/logo\/image\/\",\"url\":\"https:\/\/guineediversite.com\/wp-content\/uploads\/2017\/04\/cropped-1jojlxEOMkX9Wyqfhe43D6kjPOGqBBKmx3EwWJqZ0cMrFF54yM49.png\",\"contentUrl\":\"https:\/\/guineediversite.com\/wp-content\/uploads\/2017\/04\/cropped-1jojlxEOMkX9Wyqfhe43D6kjPOGqBBKmx3EwWJqZ0cMrFF54yM49.png\",\"width\":186,\"height\":112,\"caption\":\"Guin\u00e9e Diversit\u00e9\"},\"image\":{\"@id\":\"https:\/\/guineediversite.com\/#\/schema\/logo\/image\/\"},\"sameAs\":[\"https:\/\/www.facebook.com\/guineediversite\/\",\"https:\/\/x.com\/GuineeDiversite\",\"https:\/\/www.youtube.com\/channel\/UC8sUY16qelG5ge6_D5SB83g\"]},{\"@type\":\"Person\",\"@id\":\"https:\/\/guineediversite.com\/#\/schema\/person\/afa08fb34e7fc6e1feafc892612bc836\",\"name\":\"Guin\u00e9e Diversit\u00e9\",\"image\":{\"@type\":\"ImageObject\",\"inLanguage\":\"fr-FR\",\"@id\":\"https:\/\/guineediversite.com\/#\/schema\/person\/image\/\",\"url\":\"https:\/\/secure.gravatar.com\/avatar\/50d5eb5b390f8b65ac30ac6f898eb83a?s=96&d=mm&r=g\",\"contentUrl\":\"https:\/\/secure.gravatar.com\/avatar\/50d5eb5b390f8b65ac30ac6f898eb83a?s=96&d=mm&r=g\",\"caption\":\"Guin\u00e9e Diversit\u00e9\"},\"url\":\"https:\/\/guineediversite.com\/index.php\/author\/guineediversite\/\"}]}<\/script>\n<!-- \/ Yoast SEO plugin. -->","yoast_head_json":{"title":"COP24 en Pologne: c'est la derni\u00e8re ligne droite et le temps est compt\u00e9 | Guin\u00e9e Diversit\u00e9","robots":{"index":"index","follow":"follow","max-snippet":"max-snippet:-1","max-image-preview":"max-image-preview:large","max-video-preview":"max-video-preview:-1"},"canonical":"https:\/\/guineediversite.com\/index.php\/2018\/12\/13\/27546\/","og_locale":"fr_FR","og_type":"article","og_title":"COP24 en Pologne: c'est la derni\u00e8re ligne droite et le temps est compt\u00e9 | Guin\u00e9e Diversit\u00e9","og_description":"A la COP24 \u00e0 Katowice, en Pologne, le temps est compt\u00e9 puisque le rendez-vous pour le climat s&rsquo;ach\u00e8ve demain, vendredi 14 d\u00e9cembre. Il s&rsquo;agit de mettre en oeuvre l&rsquo;accord de Paris. C\u2019est, en ce moment, le \u00ab\u00a0segment minist\u00e9riel\u00a0\u00bb, ce sont l\u00e0 les ministres qui n\u00e9gocient; alors, vers quoi se dirige-t-on\u00a0? En ce moment, les financements [&hellip;]","og_url":"https:\/\/guineediversite.com\/index.php\/2018\/12\/13\/27546\/","og_site_name":"Guin\u00e9e Diversit\u00e9","article_publisher":"https:\/\/www.facebook.com\/guineediversite\/","article_published_time":"2018-12-13T12:27:16+00:00","article_modified_time":"2018-12-13T12:41:05+00:00","og_image":[{"width":1023,"height":578,"url":"https:\/\/guineediversite.com\/wp-content\/uploads\/2018\/12\/2018-12-08t143111z_775800650_rc1d747a4aa0_rtrmadp_3_climate-change-accord-paris.jpg","type":"image\/jpeg"}],"author":"Guin\u00e9e Diversit\u00e9","twitter_card":"summary_large_image","twitter_creator":"@GuineeDiversite","twitter_site":"@GuineeDiversite","twitter_misc":{"\u00c9crit par":"Guin\u00e9e Diversit\u00e9","Dur\u00e9e de lecture estim\u00e9e":"5 minutes"},"schema":{"@context":"https:\/\/schema.org","@graph":[{"@type":"Article","@id":"https:\/\/guineediversite.com\/index.php\/2018\/12\/13\/27546\/#article","isPartOf":{"@id":"https:\/\/guineediversite.com\/index.php\/2018\/12\/13\/27546\/"},"author":{"name":"Guin\u00e9e Diversit\u00e9","@id":"https:\/\/guineediversite.com\/#\/schema\/person\/afa08fb34e7fc6e1feafc892612bc836"},"headline":"COP24 en Pologne: c&rsquo;est la derni\u00e8re ligne droite et le temps est compt\u00e9","datePublished":"2018-12-13T12:27:16+00:00","dateModified":"2018-12-13T12:41:05+00:00","mainEntityOfPage":{"@id":"https:\/\/guineediversite.com\/index.php\/2018\/12\/13\/27546\/"},"wordCount":996,"publisher":{"@id":"https:\/\/guineediversite.com\/#organization"},"image":{"@id":"https:\/\/guineediversite.com\/index.php\/2018\/12\/13\/27546\/#primaryimage"},"thumbnailUrl":"https:\/\/guineediversite.com\/wp-content\/uploads\/2018\/12\/2018-12-08t143111z_775800650_rc1d747a4aa0_rtrmadp_3_climate-change-accord-paris.jpg","articleSection":["International"],"inLanguage":"fr-FR"},{"@type":"WebPage","@id":"https:\/\/guineediversite.com\/index.php\/2018\/12\/13\/27546\/","url":"https:\/\/guineediversite.com\/index.php\/2018\/12\/13\/27546\/","name":"COP24 en Pologne: c'est la derni\u00e8re ligne droite et le temps est compt\u00e9 | Guin\u00e9e Diversit\u00e9","isPartOf":{"@id":"https:\/\/guineediversite.com\/#website"},"primaryImageOfPage":{"@id":"https:\/\/guineediversite.com\/index.php\/2018\/12\/13\/27546\/#primaryimage"},"image":{"@id":"https:\/\/guineediversite.com\/index.php\/2018\/12\/13\/27546\/#primaryimage"},"thumbnailUrl":"https:\/\/guineediversite.com\/wp-content\/uploads\/2018\/12\/2018-12-08t143111z_775800650_rc1d747a4aa0_rtrmadp_3_climate-change-accord-paris.jpg","datePublished":"2018-12-13T12:27:16+00:00","dateModified":"2018-12-13T12:41:05+00:00","breadcrumb":{"@id":"https:\/\/guineediversite.com\/index.php\/2018\/12\/13\/27546\/#breadcrumb"},"inLanguage":"fr-FR","potentialAction":[{"@type":"ReadAction","target":["https:\/\/guineediversite.com\/index.php\/2018\/12\/13\/27546\/"]}]},{"@type":"ImageObject","inLanguage":"fr-FR","@id":"https:\/\/guineediversite.com\/index.php\/2018\/12\/13\/27546\/#primaryimage","url":"https:\/\/guineediversite.com\/wp-content\/uploads\/2018\/12\/2018-12-08t143111z_775800650_rc1d747a4aa0_rtrmadp_3_climate-change-accord-paris.jpg","contentUrl":"https:\/\/guineediversite.com\/wp-content\/uploads\/2018\/12\/2018-12-08t143111z_775800650_rc1d747a4aa0_rtrmadp_3_climate-change-accord-paris.jpg","width":1023,"height":578},{"@type":"BreadcrumbList","@id":"https:\/\/guineediversite.com\/index.php\/2018\/12\/13\/27546\/#breadcrumb","itemListElement":[{"@type":"ListItem","position":1,"name":"Accueil","item":"https:\/\/guineediversite.com\/"},{"@type":"ListItem","position":2,"name":"COP24 en Pologne: c&rsquo;est la derni\u00e8re ligne droite et le temps est compt\u00e9"}]},{"@type":"WebSite","@id":"https:\/\/guineediversite.com\/#website","url":"https:\/\/guineediversite.com\/","name":"Guin\u00e9e Diversit\u00e9","description":"L&#039;Info dans toute sa diversit\u00e9","publisher":{"@id":"https:\/\/guineediversite.com\/#organization"},"potentialAction":[{"@type":"SearchAction","target":{"@type":"EntryPoint","urlTemplate":"https:\/\/guineediversite.com\/?s={search_term_string}"},"query-input":{"@type":"PropertyValueSpecification","valueRequired":true,"valueName":"search_term_string"}}],"inLanguage":"fr-FR"},{"@type":"Organization","@id":"https:\/\/guineediversite.com\/#organization","name":"Guin\u00e9e Diversit\u00e9","url":"https:\/\/guineediversite.com\/","logo":{"@type":"ImageObject","inLanguage":"fr-FR","@id":"https:\/\/guineediversite.com\/#\/schema\/logo\/image\/","url":"https:\/\/guineediversite.com\/wp-content\/uploads\/2017\/04\/cropped-1jojlxEOMkX9Wyqfhe43D6kjPOGqBBKmx3EwWJqZ0cMrFF54yM49.png","contentUrl":"https:\/\/guineediversite.com\/wp-content\/uploads\/2017\/04\/cropped-1jojlxEOMkX9Wyqfhe43D6kjPOGqBBKmx3EwWJqZ0cMrFF54yM49.png","width":186,"height":112,"caption":"Guin\u00e9e Diversit\u00e9"},"image":{"@id":"https:\/\/guineediversite.com\/#\/schema\/logo\/image\/"},"sameAs":["https:\/\/www.facebook.com\/guineediversite\/","https:\/\/x.com\/GuineeDiversite","https:\/\/www.youtube.com\/channel\/UC8sUY16qelG5ge6_D5SB83g"]},{"@type":"Person","@id":"https:\/\/guineediversite.com\/#\/schema\/person\/afa08fb34e7fc6e1feafc892612bc836","name":"Guin\u00e9e Diversit\u00e9","image":{"@type":"ImageObject","inLanguage":"fr-FR","@id":"https:\/\/guineediversite.com\/#\/schema\/person\/image\/","url":"https:\/\/secure.gravatar.com\/avatar\/50d5eb5b390f8b65ac30ac6f898eb83a?s=96&d=mm&r=g","contentUrl":"https:\/\/secure.gravatar.com\/avatar\/50d5eb5b390f8b65ac30ac6f898eb83a?s=96&d=mm&r=g","caption":"Guin\u00e9e Diversit\u00e9"},"url":"https:\/\/guineediversite.com\/index.php\/author\/guineediversite\/"}]}},"_links":{"self":[{"href":"https:\/\/guineediversite.com\/index.php\/wp-json\/wp\/v2\/posts\/27546"}],"collection":[{"href":"https:\/\/guineediversite.com\/index.php\/wp-json\/wp\/v2\/posts"}],"about":[{"href":"https:\/\/guineediversite.com\/index.php\/wp-json\/wp\/v2\/types\/post"}],"author":[{"embeddable":true,"href":"https:\/\/guineediversite.com\/index.php\/wp-json\/wp\/v2\/users\/12"}],"replies":[{"embeddable":true,"href":"https:\/\/guineediversite.com\/index.php\/wp-json\/wp\/v2\/comments?post=27546"}],"version-history":[{"count":0,"href":"https:\/\/guineediversite.com\/index.php\/wp-json\/wp\/v2\/posts\/27546\/revisions"}],"wp:featuredmedia":[{"embeddable":true,"href":"https:\/\/guineediversite.com\/index.php\/wp-json\/wp\/v2\/media\/27547"}],"wp:attachment":[{"href":"https:\/\/guineediversite.com\/index.php\/wp-json\/wp\/v2\/media?parent=27546"}],"wp:term":[{"taxonomy":"category","embeddable":true,"href":"https:\/\/guineediversite.com\/index.php\/wp-json\/wp\/v2\/categories?post=27546"},{"taxonomy":"post_tag","embeddable":true,"href":"https:\/\/guineediversite.com\/index.php\/wp-json\/wp\/v2\/tags?post=27546"}],"curies":[{"name":"wp","href":"https:\/\/api.w.org\/{rel}","templated":true}]}}