{"id":27536,"date":"2018-12-13T11:09:52","date_gmt":"2018-12-13T10:09:52","guid":{"rendered":"https:\/\/guineediversite.com\/?p=27536"},"modified":"2018-12-13T11:09:52","modified_gmt":"2018-12-13T10:09:52","slug":"primature-le-premier-ministre-decline-ses-priorites-a-la-directrice-afrique-de-lagence-francaise-de-developpement","status":"publish","type":"post","link":"https:\/\/guineediversite.com\/index.php\/2018\/12\/13\/primature-le-premier-ministre-decline-ses-priorites-a-la-directrice-afrique-de-lagence-francaise-de-developpement\/","title":{"rendered":"Primature : le premier ministre d\u00e9cline ses priorit\u00e9s \u00e0 la directrice Afrique de l\u2019agence fran\u00e7aise de d\u00e9veloppement"},"content":{"rendered":"<p align=\"LEFT\"><span style=\"font-family: arial, sans-serif;\"><span style=\"color: #000000;\"><span style=\"font-size: large;\">Le Premier ministre, Chef du Gouvernement a re\u00e7u ce mercredi en audience la Directrice Afrique de l\u2019Agence fran\u00e7aise de D\u00e9veloppement \u2018\u2019AFD\u2019\u2019.<\/span><\/span><\/span><\/p>\n<p align=\"LEFT\"><span style=\"font-family: arial, sans-serif;\"><span style=\"color: #000000;\"><span style=\"font-size: large;\">Cette audience intervient moins de 24 heures apr\u00e8s celle avec le Pr\u00e9sident de la R\u00e9publique Alpha Cond\u00e9 et s\u2019inscrit dans le cadre de la revue des portefeuilles pour discuter avec l\u2019\u00e9quipe gouvernementale des financements \u00e0 venir mais aussi r\u00e9affirm\u00e9s aux autorit\u00e9s guin\u00e9ennes et acteurs locaux de la priorit\u00e9 africaine de la nouvelle strat\u00e9gie de l\u2019Agence Fran\u00e7aise de D\u00e9veloppement.<\/span><\/span><\/span><\/p>\n<p align=\"LEFT\"><span style=\"font-family: arial, sans-serif;\"><span style=\"color: #000000;\"><span style=\"font-size: large;\">L&rsquo;agriculture figure parmi les importants dossiers qui seront trait\u00e9s par cette mission conduite par Rima Le Coguic. La France via l&rsquo;AFD s\u2019est engag\u00e9e \u00e0 financer \u00e0 hauteur de 477 millions d\u2019euros le Plan National de d\u00e9veloppement \u00e9conomique et social (PNDES) port\u00e9 par le gouvernement guin\u00e9en d\u2019ici 2020. De nouveaux partenariats seront aussi scell\u00e9s avec des acteurs priv\u00e9s, notamment avec l\u2019institution de microfinance qui accompagne le secteur informel et les petits entrepreneurs.<\/span><\/span><\/span><\/p>\n<p align=\"LEFT\"><span style=\"color: #000000;\"><span style=\"font-family: arial, sans-serif; font-size: large;\">L&rsquo;AFD engage en moyenne 100 millions d\u2019euros par an en Guin\u00e9e dans des secteurs prioritaires : le d\u00e9veloppement local et rural, l\u2019\u00e9ducation et la formation professionnelle, l\u2019\u00e9nergie et l\u2019eau, la sant\u00e9, la pr\u00e9servation environnementale et l\u2019appui au secteur priv\u00e9. S&rsquo;agissant de l&rsquo;agriculture et du secteur rural, l\u2019AFD finance notamment le projet Saritem dont l\u2019objectif est de soutenir les fili\u00e8res rizicoles et salicoles dans les zones de mangroves en Guin\u00e9e maritime, le d\u00e9veloppement de la rizipisciculture en Guin\u00e9e foresti\u00e8re qui touche aujourd\u2019hui pr\u00e8s de 1500 producteurs, le d\u00e9senclavement des zones de productions agricoles gr\u00e2ce \u00e0 la r\u00e9habilitation de 615 km de pistes rurales.<\/span><\/span><\/p>\n<p align=\"LEFT\"><span style=\"font-family: arial, sans-serif;\"><span style=\"color: #000000;\"><span style=\"font-size: large;\">Pour la Directrice Afrique de l\u2019Agence Fran\u00e7aise de D\u00e9veloppement l\u2019objectif de leur pr\u00e9sence en Guin\u00e9e consiste \u00e0 discuter avec le Pr\u00e9sident Alpha Cond\u00e9, son Premier ministre, des diff\u00e9rentes activit\u00e9s que m\u00e8nent l\u2019AFD et des perspectives dans le cadre de l\u2019appui que son institution apporte \u00e0 la Guin\u00e9e. Selon Rima Le Coguic, la France accorde d\u00e9j\u00e0 500 millions d\u2019euros pour appuyer la mise en \u0153uvre du PNDES et \u00e9volue sur trois secteurs \u00e0 savoir l\u2019\u00e9ducation, l\u2019agriculture \u2013infrastructures, \u00e9nergie et eau avec un appui sur la gouvernance financi\u00e8re et \u00e9conomique.<\/span><\/span><\/span><\/p>\n<p align=\"LEFT\"><span style=\"color: #000000;\"><span style=\"font-family: arial, sans-serif; font-size: large;\">Pour sa part, le Premier ministre, Chef du Gouvernement a clairement pr\u00e9cis\u00e9 \u00e0 la Directrice Afrique de l\u2019AFD, ces priorit\u00e9s tourn\u00e9es vers l\u2019appui au secteur de l\u2019agriculture, \u00e0 la d\u00e9centralisation avec l\u2019ANAFIC et des actions en vue de renforcer la mobilisation des recettes int\u00e9rieures en mati\u00e8re de renforcement de capacit\u00e9s des diff\u00e9rentes institutions tout comme l\u2019appui au secteur de l\u2019\u00e9nergie et de l\u2019eau.<\/span><\/span><\/p>\n<p align=\"LEFT\"><span style=\"font-family: arial, sans-serif;\"><span style=\"color: #000000;\"><span style=\"font-size: large;\">Poursuivant, le Premier ministre, Chef du Gouvernement s\u2019est r\u00e9joui d\u2019apprendre que l\u2019Agence Fran\u00e7aise de D\u00e9veloppement compte d\u00e9caisser courant 2019, pr\u00e8s de 130 millions d\u2019euros qui seront investi dans les secteurs de la formation professionnelle, l\u2019\u00e9ducation, l\u2019\u00e9nergie et l\u2019eau principalement.<\/span><\/span><\/span><\/p>\n<p align=\"JUSTIFY\"><span style=\"font-family: arial, sans-serif; font-size: large;\"><b>Transmis par la Cellule de Communication du Gouvernement<\/b><\/span><\/p>\n","protected":false},"excerpt":{"rendered":"<p>Le Premier ministre, Chef du Gouvernement a re\u00e7u ce mercredi en audience la Directrice Afrique de l\u2019Agence fran\u00e7aise de D\u00e9veloppement \u2018\u2019AFD\u2019\u2019. Cette audience intervient moins de 24 heures apr\u00e8s celle avec le Pr\u00e9sident de la R\u00e9publique Alpha Cond\u00e9 et s\u2019inscrit dans le cadre de la revue des portefeuilles pour discuter avec l\u2019\u00e9quipe gouvernementale des financements [&hellip;]<\/p>\n","protected":false},"author":12,"featured_media":27537,"comment_status":"closed","ping_status":"closed","sticky":false,"template":"","format":"standard","meta":{"_exactmetrics_skip_tracking":false,"_exactmetrics_sitenote_active":false,"_exactmetrics_sitenote_note":"","_exactmetrics_sitenote_category":0,"tdm_status":"","tdm_grid_status":"","footnotes":""},"categories":[15,1],"tags":[],"class_list":{"0":"post-27536","1":"post","2":"type-post","3":"status-publish","4":"format-standard","5":"has-post-thumbnail","7":"category-economie","8":"category-non-classe"},"yoast_head":"<!-- This site is optimized with the Yoast SEO plugin v24.2 - https:\/\/yoast.com\/wordpress\/plugins\/seo\/ -->\n<title>Primature : le premier ministre d\u00e9cline ses priorit\u00e9s \u00e0 la directrice Afrique de l\u2019agence fran\u00e7aise de d\u00e9veloppement | Guin\u00e9e Diversit\u00e9<\/title>\n<meta name=\"robots\" content=\"index, follow, max-snippet:-1, max-image-preview:large, max-video-preview:-1\" \/>\n<link rel=\"canonical\" href=\"https:\/\/guineediversite.com\/index.php\/2018\/12\/13\/primature-le-premier-ministre-decline-ses-priorites-a-la-directrice-afrique-de-lagence-francaise-de-developpement\/\" \/>\n<meta property=\"og:locale\" content=\"fr_FR\" \/>\n<meta property=\"og:type\" content=\"article\" \/>\n<meta property=\"og:title\" content=\"Primature : le premier ministre d\u00e9cline ses priorit\u00e9s \u00e0 la directrice Afrique de l\u2019agence fran\u00e7aise de d\u00e9veloppement | Guin\u00e9e Diversit\u00e9\" \/>\n<meta property=\"og:description\" content=\"Le Premier ministre, Chef du Gouvernement a re\u00e7u ce mercredi en audience la Directrice Afrique de l\u2019Agence fran\u00e7aise de D\u00e9veloppement \u2018\u2019AFD\u2019\u2019. Cette audience intervient moins de 24 heures apr\u00e8s celle avec le Pr\u00e9sident de la R\u00e9publique Alpha Cond\u00e9 et s\u2019inscrit dans le cadre de la revue des portefeuilles pour discuter avec l\u2019\u00e9quipe gouvernementale des financements [&hellip;]\" \/>\n<meta property=\"og:url\" content=\"https:\/\/guineediversite.com\/index.php\/2018\/12\/13\/primature-le-premier-ministre-decline-ses-priorites-a-la-directrice-afrique-de-lagence-francaise-de-developpement\/\" \/>\n<meta property=\"og:site_name\" content=\"Guin\u00e9e Diversit\u00e9\" \/>\n<meta property=\"article:publisher\" content=\"https:\/\/www.facebook.com\/guineediversite\/\" \/>\n<meta property=\"article:published_time\" content=\"2018-12-13T10:09:52+00:00\" \/>\n<meta property=\"og:image\" content=\"https:\/\/guineediversite.com\/wp-content\/uploads\/2018\/12\/Primature-Audience-12-12-2018-01.jpg\" \/>\n\t<meta property=\"og:image:width\" content=\"2000\" \/>\n\t<meta property=\"og:image:height\" content=\"1333\" \/>\n\t<meta property=\"og:image:type\" content=\"image\/jpeg\" \/>\n<meta name=\"author\" content=\"Guin\u00e9e Diversit\u00e9\" \/>\n<meta name=\"twitter:card\" content=\"summary_large_image\" \/>\n<meta name=\"twitter:creator\" content=\"@GuineeDiversite\" \/>\n<meta name=\"twitter:site\" content=\"@GuineeDiversite\" \/>\n<meta name=\"twitter:label1\" content=\"\u00c9crit par\" \/>\n\t<meta name=\"twitter:data1\" content=\"Guin\u00e9e Diversit\u00e9\" \/>\n\t<meta name=\"twitter:label2\" content=\"Dur\u00e9e de lecture estim\u00e9e\" \/>\n\t<meta name=\"twitter:data2\" content=\"3 minutes\" \/>\n<script type=\"application\/ld+json\" class=\"yoast-schema-graph\">{\"@context\":\"https:\/\/schema.org\",\"@graph\":[{\"@type\":\"Article\",\"@id\":\"https:\/\/guineediversite.com\/index.php\/2018\/12\/13\/primature-le-premier-ministre-decline-ses-priorites-a-la-directrice-afrique-de-lagence-francaise-de-developpement\/#article\",\"isPartOf\":{\"@id\":\"https:\/\/guineediversite.com\/index.php\/2018\/12\/13\/primature-le-premier-ministre-decline-ses-priorites-a-la-directrice-afrique-de-lagence-francaise-de-developpement\/\"},\"author\":{\"name\":\"Guin\u00e9e Diversit\u00e9\",\"@id\":\"https:\/\/guineediversite.com\/#\/schema\/person\/afa08fb34e7fc6e1feafc892612bc836\"},\"headline\":\"Primature : le premier ministre d\u00e9cline ses priorit\u00e9s \u00e0 la directrice Afrique de l\u2019agence fran\u00e7aise de d\u00e9veloppement\",\"datePublished\":\"2018-12-13T10:09:52+00:00\",\"dateModified\":\"2018-12-13T10:09:52+00:00\",\"mainEntityOfPage\":{\"@id\":\"https:\/\/guineediversite.com\/index.php\/2018\/12\/13\/primature-le-premier-ministre-decline-ses-priorites-a-la-directrice-afrique-de-lagence-francaise-de-developpement\/\"},\"wordCount\":548,\"publisher\":{\"@id\":\"https:\/\/guineediversite.com\/#organization\"},\"image\":{\"@id\":\"https:\/\/guineediversite.com\/index.php\/2018\/12\/13\/primature-le-premier-ministre-decline-ses-priorites-a-la-directrice-afrique-de-lagence-francaise-de-developpement\/#primaryimage\"},\"thumbnailUrl\":\"https:\/\/guineediversite.com\/wp-content\/uploads\/2018\/12\/Primature-Audience-12-12-2018-01.jpg\",\"articleSection\":[\"Economie\"],\"inLanguage\":\"fr-FR\"},{\"@type\":\"WebPage\",\"@id\":\"https:\/\/guineediversite.com\/index.php\/2018\/12\/13\/primature-le-premier-ministre-decline-ses-priorites-a-la-directrice-afrique-de-lagence-francaise-de-developpement\/\",\"url\":\"https:\/\/guineediversite.com\/index.php\/2018\/12\/13\/primature-le-premier-ministre-decline-ses-priorites-a-la-directrice-afrique-de-lagence-francaise-de-developpement\/\",\"name\":\"Primature : le premier ministre d\u00e9cline ses priorit\u00e9s \u00e0 la directrice Afrique de l\u2019agence fran\u00e7aise de d\u00e9veloppement | Guin\u00e9e Diversit\u00e9\",\"isPartOf\":{\"@id\":\"https:\/\/guineediversite.com\/#website\"},\"primaryImageOfPage\":{\"@id\":\"https:\/\/guineediversite.com\/index.php\/2018\/12\/13\/primature-le-premier-ministre-decline-ses-priorites-a-la-directrice-afrique-de-lagence-francaise-de-developpement\/#primaryimage\"},\"image\":{\"@id\":\"https:\/\/guineediversite.com\/index.php\/2018\/12\/13\/primature-le-premier-ministre-decline-ses-priorites-a-la-directrice-afrique-de-lagence-francaise-de-developpement\/#primaryimage\"},\"thumbnailUrl\":\"https:\/\/guineediversite.com\/wp-content\/uploads\/2018\/12\/Primature-Audience-12-12-2018-01.jpg\",\"datePublished\":\"2018-12-13T10:09:52+00:00\",\"dateModified\":\"2018-12-13T10:09:52+00:00\",\"breadcrumb\":{\"@id\":\"https:\/\/guineediversite.com\/index.php\/2018\/12\/13\/primature-le-premier-ministre-decline-ses-priorites-a-la-directrice-afrique-de-lagence-francaise-de-developpement\/#breadcrumb\"},\"inLanguage\":\"fr-FR\",\"potentialAction\":[{\"@type\":\"ReadAction\",\"target\":[\"https:\/\/guineediversite.com\/index.php\/2018\/12\/13\/primature-le-premier-ministre-decline-ses-priorites-a-la-directrice-afrique-de-lagence-francaise-de-developpement\/\"]}]},{\"@type\":\"ImageObject\",\"inLanguage\":\"fr-FR\",\"@id\":\"https:\/\/guineediversite.com\/index.php\/2018\/12\/13\/primature-le-premier-ministre-decline-ses-priorites-a-la-directrice-afrique-de-lagence-francaise-de-developpement\/#primaryimage\",\"url\":\"https:\/\/guineediversite.com\/wp-content\/uploads\/2018\/12\/Primature-Audience-12-12-2018-01.jpg\",\"contentUrl\":\"https:\/\/guineediversite.com\/wp-content\/uploads\/2018\/12\/Primature-Audience-12-12-2018-01.jpg\",\"width\":2000,\"height\":1333},{\"@type\":\"BreadcrumbList\",\"@id\":\"https:\/\/guineediversite.com\/index.php\/2018\/12\/13\/primature-le-premier-ministre-decline-ses-priorites-a-la-directrice-afrique-de-lagence-francaise-de-developpement\/#breadcrumb\",\"itemListElement\":[{\"@type\":\"ListItem\",\"position\":1,\"name\":\"Accueil\",\"item\":\"https:\/\/guineediversite.com\/\"},{\"@type\":\"ListItem\",\"position\":2,\"name\":\"Primature : le premier ministre d\u00e9cline ses priorit\u00e9s \u00e0 la directrice Afrique de l\u2019agence fran\u00e7aise de d\u00e9veloppement\"}]},{\"@type\":\"WebSite\",\"@id\":\"https:\/\/guineediversite.com\/#website\",\"url\":\"https:\/\/guineediversite.com\/\",\"name\":\"Guin\u00e9e Diversit\u00e9\",\"description\":\"L&#039;Info dans toute sa diversit\u00e9\",\"publisher\":{\"@id\":\"https:\/\/guineediversite.com\/#organization\"},\"potentialAction\":[{\"@type\":\"SearchAction\",\"target\":{\"@type\":\"EntryPoint\",\"urlTemplate\":\"https:\/\/guineediversite.com\/?s={search_term_string}\"},\"query-input\":{\"@type\":\"PropertyValueSpecification\",\"valueRequired\":true,\"valueName\":\"search_term_string\"}}],\"inLanguage\":\"fr-FR\"},{\"@type\":\"Organization\",\"@id\":\"https:\/\/guineediversite.com\/#organization\",\"name\":\"Guin\u00e9e Diversit\u00e9\",\"url\":\"https:\/\/guineediversite.com\/\",\"logo\":{\"@type\":\"ImageObject\",\"inLanguage\":\"fr-FR\",\"@id\":\"https:\/\/guineediversite.com\/#\/schema\/logo\/image\/\",\"url\":\"https:\/\/guineediversite.com\/wp-content\/uploads\/2017\/04\/cropped-1jojlxEOMkX9Wyqfhe43D6kjPOGqBBKmx3EwWJqZ0cMrFF54yM49.png\",\"contentUrl\":\"https:\/\/guineediversite.com\/wp-content\/uploads\/2017\/04\/cropped-1jojlxEOMkX9Wyqfhe43D6kjPOGqBBKmx3EwWJqZ0cMrFF54yM49.png\",\"width\":186,\"height\":112,\"caption\":\"Guin\u00e9e Diversit\u00e9\"},\"image\":{\"@id\":\"https:\/\/guineediversite.com\/#\/schema\/logo\/image\/\"},\"sameAs\":[\"https:\/\/www.facebook.com\/guineediversite\/\",\"https:\/\/x.com\/GuineeDiversite\",\"https:\/\/www.youtube.com\/channel\/UC8sUY16qelG5ge6_D5SB83g\"]},{\"@type\":\"Person\",\"@id\":\"https:\/\/guineediversite.com\/#\/schema\/person\/afa08fb34e7fc6e1feafc892612bc836\",\"name\":\"Guin\u00e9e Diversit\u00e9\",\"image\":{\"@type\":\"ImageObject\",\"inLanguage\":\"fr-FR\",\"@id\":\"https:\/\/guineediversite.com\/#\/schema\/person\/image\/\",\"url\":\"https:\/\/secure.gravatar.com\/avatar\/50d5eb5b390f8b65ac30ac6f898eb83a?s=96&d=mm&r=g\",\"contentUrl\":\"https:\/\/secure.gravatar.com\/avatar\/50d5eb5b390f8b65ac30ac6f898eb83a?s=96&d=mm&r=g\",\"caption\":\"Guin\u00e9e Diversit\u00e9\"},\"url\":\"https:\/\/guineediversite.com\/index.php\/author\/guineediversite\/\"}]}<\/script>\n<!-- \/ Yoast SEO plugin. -->","yoast_head_json":{"title":"Primature : le premier ministre d\u00e9cline ses priorit\u00e9s \u00e0 la directrice Afrique de l\u2019agence fran\u00e7aise de d\u00e9veloppement | Guin\u00e9e Diversit\u00e9","robots":{"index":"index","follow":"follow","max-snippet":"max-snippet:-1","max-image-preview":"max-image-preview:large","max-video-preview":"max-video-preview:-1"},"canonical":"https:\/\/guineediversite.com\/index.php\/2018\/12\/13\/primature-le-premier-ministre-decline-ses-priorites-a-la-directrice-afrique-de-lagence-francaise-de-developpement\/","og_locale":"fr_FR","og_type":"article","og_title":"Primature : le premier ministre d\u00e9cline ses priorit\u00e9s \u00e0 la directrice Afrique de l\u2019agence fran\u00e7aise de d\u00e9veloppement | Guin\u00e9e Diversit\u00e9","og_description":"Le Premier ministre, Chef du Gouvernement a re\u00e7u ce mercredi en audience la Directrice Afrique de l\u2019Agence fran\u00e7aise de D\u00e9veloppement \u2018\u2019AFD\u2019\u2019. Cette audience intervient moins de 24 heures apr\u00e8s celle avec le Pr\u00e9sident de la R\u00e9publique Alpha Cond\u00e9 et s\u2019inscrit dans le cadre de la revue des portefeuilles pour discuter avec l\u2019\u00e9quipe gouvernementale des financements [&hellip;]","og_url":"https:\/\/guineediversite.com\/index.php\/2018\/12\/13\/primature-le-premier-ministre-decline-ses-priorites-a-la-directrice-afrique-de-lagence-francaise-de-developpement\/","og_site_name":"Guin\u00e9e Diversit\u00e9","article_publisher":"https:\/\/www.facebook.com\/guineediversite\/","article_published_time":"2018-12-13T10:09:52+00:00","og_image":[{"width":2000,"height":1333,"url":"https:\/\/guineediversite.com\/wp-content\/uploads\/2018\/12\/Primature-Audience-12-12-2018-01.jpg","type":"image\/jpeg"}],"author":"Guin\u00e9e Diversit\u00e9","twitter_card":"summary_large_image","twitter_creator":"@GuineeDiversite","twitter_site":"@GuineeDiversite","twitter_misc":{"\u00c9crit par":"Guin\u00e9e Diversit\u00e9","Dur\u00e9e de lecture estim\u00e9e":"3 minutes"},"schema":{"@context":"https:\/\/schema.org","@graph":[{"@type":"Article","@id":"https:\/\/guineediversite.com\/index.php\/2018\/12\/13\/primature-le-premier-ministre-decline-ses-priorites-a-la-directrice-afrique-de-lagence-francaise-de-developpement\/#article","isPartOf":{"@id":"https:\/\/guineediversite.com\/index.php\/2018\/12\/13\/primature-le-premier-ministre-decline-ses-priorites-a-la-directrice-afrique-de-lagence-francaise-de-developpement\/"},"author":{"name":"Guin\u00e9e Diversit\u00e9","@id":"https:\/\/guineediversite.com\/#\/schema\/person\/afa08fb34e7fc6e1feafc892612bc836"},"headline":"Primature : le premier ministre d\u00e9cline ses priorit\u00e9s \u00e0 la directrice Afrique de l\u2019agence fran\u00e7aise de d\u00e9veloppement","datePublished":"2018-12-13T10:09:52+00:00","dateModified":"2018-12-13T10:09:52+00:00","mainEntityOfPage":{"@id":"https:\/\/guineediversite.com\/index.php\/2018\/12\/13\/primature-le-premier-ministre-decline-ses-priorites-a-la-directrice-afrique-de-lagence-francaise-de-developpement\/"},"wordCount":548,"publisher":{"@id":"https:\/\/guineediversite.com\/#organization"},"image":{"@id":"https:\/\/guineediversite.com\/index.php\/2018\/12\/13\/primature-le-premier-ministre-decline-ses-priorites-a-la-directrice-afrique-de-lagence-francaise-de-developpement\/#primaryimage"},"thumbnailUrl":"https:\/\/guineediversite.com\/wp-content\/uploads\/2018\/12\/Primature-Audience-12-12-2018-01.jpg","articleSection":["Economie"],"inLanguage":"fr-FR"},{"@type":"WebPage","@id":"https:\/\/guineediversite.com\/index.php\/2018\/12\/13\/primature-le-premier-ministre-decline-ses-priorites-a-la-directrice-afrique-de-lagence-francaise-de-developpement\/","url":"https:\/\/guineediversite.com\/index.php\/2018\/12\/13\/primature-le-premier-ministre-decline-ses-priorites-a-la-directrice-afrique-de-lagence-francaise-de-developpement\/","name":"Primature : le premier ministre d\u00e9cline ses priorit\u00e9s \u00e0 la directrice Afrique de l\u2019agence fran\u00e7aise de d\u00e9veloppement | Guin\u00e9e Diversit\u00e9","isPartOf":{"@id":"https:\/\/guineediversite.com\/#website"},"primaryImageOfPage":{"@id":"https:\/\/guineediversite.com\/index.php\/2018\/12\/13\/primature-le-premier-ministre-decline-ses-priorites-a-la-directrice-afrique-de-lagence-francaise-de-developpement\/#primaryimage"},"image":{"@id":"https:\/\/guineediversite.com\/index.php\/2018\/12\/13\/primature-le-premier-ministre-decline-ses-priorites-a-la-directrice-afrique-de-lagence-francaise-de-developpement\/#primaryimage"},"thumbnailUrl":"https:\/\/guineediversite.com\/wp-content\/uploads\/2018\/12\/Primature-Audience-12-12-2018-01.jpg","datePublished":"2018-12-13T10:09:52+00:00","dateModified":"2018-12-13T10:09:52+00:00","breadcrumb":{"@id":"https:\/\/guineediversite.com\/index.php\/2018\/12\/13\/primature-le-premier-ministre-decline-ses-priorites-a-la-directrice-afrique-de-lagence-francaise-de-developpement\/#breadcrumb"},"inLanguage":"fr-FR","potentialAction":[{"@type":"ReadAction","target":["https:\/\/guineediversite.com\/index.php\/2018\/12\/13\/primature-le-premier-ministre-decline-ses-priorites-a-la-directrice-afrique-de-lagence-francaise-de-developpement\/"]}]},{"@type":"ImageObject","inLanguage":"fr-FR","@id":"https:\/\/guineediversite.com\/index.php\/2018\/12\/13\/primature-le-premier-ministre-decline-ses-priorites-a-la-directrice-afrique-de-lagence-francaise-de-developpement\/#primaryimage","url":"https:\/\/guineediversite.com\/wp-content\/uploads\/2018\/12\/Primature-Audience-12-12-2018-01.jpg","contentUrl":"https:\/\/guineediversite.com\/wp-content\/uploads\/2018\/12\/Primature-Audience-12-12-2018-01.jpg","width":2000,"height":1333},{"@type":"BreadcrumbList","@id":"https:\/\/guineediversite.com\/index.php\/2018\/12\/13\/primature-le-premier-ministre-decline-ses-priorites-a-la-directrice-afrique-de-lagence-francaise-de-developpement\/#breadcrumb","itemListElement":[{"@type":"ListItem","position":1,"name":"Accueil","item":"https:\/\/guineediversite.com\/"},{"@type":"ListItem","position":2,"name":"Primature : le premier ministre d\u00e9cline ses priorit\u00e9s \u00e0 la directrice Afrique de l\u2019agence fran\u00e7aise de d\u00e9veloppement"}]},{"@type":"WebSite","@id":"https:\/\/guineediversite.com\/#website","url":"https:\/\/guineediversite.com\/","name":"Guin\u00e9e Diversit\u00e9","description":"L&#039;Info dans toute sa diversit\u00e9","publisher":{"@id":"https:\/\/guineediversite.com\/#organization"},"potentialAction":[{"@type":"SearchAction","target":{"@type":"EntryPoint","urlTemplate":"https:\/\/guineediversite.com\/?s={search_term_string}"},"query-input":{"@type":"PropertyValueSpecification","valueRequired":true,"valueName":"search_term_string"}}],"inLanguage":"fr-FR"},{"@type":"Organization","@id":"https:\/\/guineediversite.com\/#organization","name":"Guin\u00e9e Diversit\u00e9","url":"https:\/\/guineediversite.com\/","logo":{"@type":"ImageObject","inLanguage":"fr-FR","@id":"https:\/\/guineediversite.com\/#\/schema\/logo\/image\/","url":"https:\/\/guineediversite.com\/wp-content\/uploads\/2017\/04\/cropped-1jojlxEOMkX9Wyqfhe43D6kjPOGqBBKmx3EwWJqZ0cMrFF54yM49.png","contentUrl":"https:\/\/guineediversite.com\/wp-content\/uploads\/2017\/04\/cropped-1jojlxEOMkX9Wyqfhe43D6kjPOGqBBKmx3EwWJqZ0cMrFF54yM49.png","width":186,"height":112,"caption":"Guin\u00e9e Diversit\u00e9"},"image":{"@id":"https:\/\/guineediversite.com\/#\/schema\/logo\/image\/"},"sameAs":["https:\/\/www.facebook.com\/guineediversite\/","https:\/\/x.com\/GuineeDiversite","https:\/\/www.youtube.com\/channel\/UC8sUY16qelG5ge6_D5SB83g"]},{"@type":"Person","@id":"https:\/\/guineediversite.com\/#\/schema\/person\/afa08fb34e7fc6e1feafc892612bc836","name":"Guin\u00e9e Diversit\u00e9","image":{"@type":"ImageObject","inLanguage":"fr-FR","@id":"https:\/\/guineediversite.com\/#\/schema\/person\/image\/","url":"https:\/\/secure.gravatar.com\/avatar\/50d5eb5b390f8b65ac30ac6f898eb83a?s=96&d=mm&r=g","contentUrl":"https:\/\/secure.gravatar.com\/avatar\/50d5eb5b390f8b65ac30ac6f898eb83a?s=96&d=mm&r=g","caption":"Guin\u00e9e Diversit\u00e9"},"url":"https:\/\/guineediversite.com\/index.php\/author\/guineediversite\/"}]}},"_links":{"self":[{"href":"https:\/\/guineediversite.com\/index.php\/wp-json\/wp\/v2\/posts\/27536"}],"collection":[{"href":"https:\/\/guineediversite.com\/index.php\/wp-json\/wp\/v2\/posts"}],"about":[{"href":"https:\/\/guineediversite.com\/index.php\/wp-json\/wp\/v2\/types\/post"}],"author":[{"embeddable":true,"href":"https:\/\/guineediversite.com\/index.php\/wp-json\/wp\/v2\/users\/12"}],"replies":[{"embeddable":true,"href":"https:\/\/guineediversite.com\/index.php\/wp-json\/wp\/v2\/comments?post=27536"}],"version-history":[{"count":0,"href":"https:\/\/guineediversite.com\/index.php\/wp-json\/wp\/v2\/posts\/27536\/revisions"}],"wp:featuredmedia":[{"embeddable":true,"href":"https:\/\/guineediversite.com\/index.php\/wp-json\/wp\/v2\/media\/27537"}],"wp:attachment":[{"href":"https:\/\/guineediversite.com\/index.php\/wp-json\/wp\/v2\/media?parent=27536"}],"wp:term":[{"taxonomy":"category","embeddable":true,"href":"https:\/\/guineediversite.com\/index.php\/wp-json\/wp\/v2\/categories?post=27536"},{"taxonomy":"post_tag","embeddable":true,"href":"https:\/\/guineediversite.com\/index.php\/wp-json\/wp\/v2\/tags?post=27536"}],"curies":[{"name":"wp","href":"https:\/\/api.w.org\/{rel}","templated":true}]}}