{"id":27529,"date":"2018-12-13T01:37:47","date_gmt":"2018-12-13T00:37:47","guid":{"rendered":"https:\/\/guineediversite.com\/?p=27529"},"modified":"2018-12-13T13:09:56","modified_gmt":"2018-12-13T12:09:56","slug":"sidya-toure-revient-sur-les-vraies-raisons-de-sa-demission","status":"publish","type":"post","link":"https:\/\/guineediversite.com\/index.php\/2018\/12\/13\/sidya-toure-revient-sur-les-vraies-raisons-de-sa-demission\/","title":{"rendered":"Sidya\u00a0Tour\u00e9 revient sur les vraies raisons de sa\u00a0d\u00e9mission"},"content":{"rendered":"<p><strong><span id=\"p1\">Le pr\u00e9sident de l\u2019Union des forces r\u00e9publicaine \u00e9tait face \u00e0 la presse mercredi 12 d\u00e9cembre 2018 pour expliquer les raisons de sa d\u00e9mission de son poste de\u00a0<span id=\"18\" class=\"s-or-t\">Haut<\/span>\u00a0repr\u00e9sentant du chef de l\u2019\u00c9tat.<\/span><span id=\"p2\"><br \/>\n<\/span><\/strong><br \/>\n<span id=\"p40\"><span id=\"42\" class=\"s-bl-t\">\u00ab <em>Je<\/em><\/span><em>\u00a0me suis engag\u00e9 en politique pour permettre aux habitants de mon pays, \u00e0 la population guin\u00e9enne d\u2019acc\u00e9der \u00e0 un niveau de vie meilleur.<\/em><\/span><em><span id=\"p4\">\u00a0Je n\u2019ai\u00a0jamais eu d\u2019autres intentions\u00a0plus importante que\u00a0celle-l\u00e0\u00a0\u00bb, <\/span><\/em><span id=\"p4\">a\u00a0 declar\u00e9\u00a0<\/span><span id=\"p4\"><span id=\"33\" class=\"s-rg-t\">Sidya<\/span><\/span><span id=\"p4\">\u00a0Tour\u00e9, avant de\u00a0d\u00e9clarer\u00a0qu\u2019il a accept\u00e9 ce poste \u00e0 titre personnel pour dit-il, <\/span><em><span id=\"p4\">\u00ab permettre \u00e0 des solutions de d\u00e9veloppement acceptable ;<\/span><\/em><span id=\"p43\"><em>\u00a0je l\u2019ai fait avec toutes les bonnes intentions du monde, si je me suis tromp\u00e9, \u00e7a, c\u2019est mon probl\u00e8me, je l\u2019<\/em><span id=\"44\" class=\"s-bl-t\"><em>accepte<\/em> \u00bb.<\/span><\/span><span id=\"p6\"><br \/>\n<\/span><br \/>\n<span id=\"p7\">C\u2019est a l\u2019issu d\u2019un constat d\u2019\u00e9chec du Gouvernance que\u00a0<span id=\"36\" class=\"s-rg-t\">Sidya<\/span>\u00a0Tour\u00e9 dit s\u2019\u00eatre engag\u00e9 dans cette collaboration afin d\u2019aider le Pr\u00e9sident\u00a0\u00e0\u00a0prendre des bonnes d\u00e9cisions.<\/span><span id=\"p8\">\u00a0\u00ab<em> Mais je me suis rendu compte que cela n\u2019aboutissait pas pour plusieurs raisons dont la plus importante est que l\u2019Administration guin\u00e9enne n\u2019existe pas \u00bb explique le pr\u00e9sident de l\u2019UFR.<\/em><\/span><em><span id=\"p46\">\u00a0Pour lui, les conditions dans lesquelles se sont d\u00e9roul\u00e9es les \u00e9lections communales sont un exemple frappant.<\/span><span id=\"p10\">\u00a0Parce que selon l\u2019ancien\u00a0<span id=\"19\" class=\"s-or-t\">Haut<\/span>\u00a0repr\u00e9sentant du Chef de l\u2019Etat, il n\u2019y avait m\u00eame pas de volont\u00e9 politique.<\/span><span id=\"p47\"><span id=\"49\" class=\"s-bl-t\">\u00a0\u00ab Voil\u00e0<\/span>\u00a0pourquoi j\u2019ai lev\u00e9 le pied.<\/span><\/em><span id=\"p12\">\u00bb<br \/>\n<\/span><br \/>\n<span id=\"p13\">Concernant l\u2019alliance avec le RPG Arc-en-ciel pour les \u00e9lections locales, le patron de l\u2019UFR annonce qu\u2019elle reste valable pour la commune de\u00a0<span id=\"21\" class=\"s-rg-t\">Matoto<\/span>\u00a0\u00ab<em> Nous avons eu un accord particulier entre le RPG et l\u2019UFR sur la commune de\u00a0<span id=\"22\" class=\"s-rg-t\">Matam<\/span>\u00a0et de\u00a0<span id=\"23\" class=\"s-rg-t\">Matoto<\/span>.<\/em><\/span><span id=\"p14\"><em>\u00a0Ceux de\u00a0<span id=\"24\" class=\"s-rg-t\">Matam<\/span>\u00a0ont \u00e9t\u00e9 respect\u00e9s et ceux de\u00a0<span id=\"25\" class=\"s-rg-t\">Matoto<\/span>\u00a0seront aussi respect\u00e9s<\/em> \u00bb a martel\u00e9\u00a0<span id=\"26\" class=\"s-rg-t\">Sidya<\/span>\u00a0<span id=\"27\" class=\"s-bl-t\">Tour\u00e9<\/span>\u00a0<\/span><\/p>\n<p>&nbsp;<\/p>\n","protected":false},"excerpt":{"rendered":"<p>Le pr\u00e9sident de l\u2019Union des forces r\u00e9publicaine \u00e9tait face \u00e0 la presse mercredi 12 d\u00e9cembre 2018 pour expliquer les raisons de sa d\u00e9mission de son poste de\u00a0Haut\u00a0repr\u00e9sentant du chef de l\u2019\u00c9tat. \u00ab Je\u00a0me suis engag\u00e9 en politique pour permettre aux habitants de mon pays, \u00e0 la population guin\u00e9enne d\u2019acc\u00e9der \u00e0 un niveau de vie meilleur.\u00a0Je [&hellip;]<\/p>\n","protected":false},"author":16,"featured_media":27530,"comment_status":"closed","ping_status":"closed","sticky":false,"template":"","format":"standard","meta":{"_exactmetrics_skip_tracking":false,"_exactmetrics_sitenote_active":false,"_exactmetrics_sitenote_note":"","_exactmetrics_sitenote_category":0,"tdm_status":"","tdm_grid_status":"","footnotes":""},"categories":[14],"tags":[],"class_list":{"0":"post-27529","1":"post","2":"type-post","3":"status-publish","4":"format-standard","5":"has-post-thumbnail","7":"category-politique"},"yoast_head":"<!-- This site is optimized with the Yoast SEO plugin v24.2 - https:\/\/yoast.com\/wordpress\/plugins\/seo\/ -->\n<title>Sidya\u00a0Tour\u00e9 revient sur les vraies raisons de sa\u00a0d\u00e9mission | Guin\u00e9e Diversit\u00e9<\/title>\n<meta name=\"robots\" content=\"index, follow, max-snippet:-1, max-image-preview:large, max-video-preview:-1\" \/>\n<link rel=\"canonical\" href=\"https:\/\/guineediversite.com\/index.php\/2018\/12\/13\/sidya-toure-revient-sur-les-vraies-raisons-de-sa-demission\/\" \/>\n<meta property=\"og:locale\" content=\"fr_FR\" \/>\n<meta property=\"og:type\" content=\"article\" \/>\n<meta property=\"og:title\" content=\"Sidya\u00a0Tour\u00e9 revient sur les vraies raisons de sa\u00a0d\u00e9mission | Guin\u00e9e Diversit\u00e9\" \/>\n<meta property=\"og:description\" content=\"Le pr\u00e9sident de l\u2019Union des forces r\u00e9publicaine \u00e9tait face \u00e0 la presse mercredi 12 d\u00e9cembre 2018 pour expliquer les raisons de sa d\u00e9mission de son poste de\u00a0Haut\u00a0repr\u00e9sentant du chef de l\u2019\u00c9tat. \u00ab Je\u00a0me suis engag\u00e9 en politique pour permettre aux habitants de mon pays, \u00e0 la population guin\u00e9enne d\u2019acc\u00e9der \u00e0 un niveau de vie meilleur.\u00a0Je [&hellip;]\" \/>\n<meta property=\"og:url\" content=\"https:\/\/guineediversite.com\/index.php\/2018\/12\/13\/sidya-toure-revient-sur-les-vraies-raisons-de-sa-demission\/\" \/>\n<meta property=\"og:site_name\" content=\"Guin\u00e9e Diversit\u00e9\" \/>\n<meta property=\"article:publisher\" content=\"https:\/\/www.facebook.com\/guineediversite\/\" \/>\n<meta property=\"article:published_time\" content=\"2018-12-13T00:37:47+00:00\" \/>\n<meta property=\"article:modified_time\" content=\"2018-12-13T12:09:56+00:00\" \/>\n<meta property=\"og:image\" content=\"https:\/\/guineediversite.com\/wp-content\/uploads\/2018\/12\/IMG_20181212_121351-1-1024x768.jpg\" \/>\n\t<meta property=\"og:image:width\" content=\"1024\" \/>\n\t<meta property=\"og:image:height\" content=\"768\" \/>\n\t<meta property=\"og:image:type\" content=\"image\/jpeg\" \/>\n<meta name=\"author\" content=\"Moussa Mo\u00efse K\u00e9ita\" \/>\n<meta name=\"twitter:card\" content=\"summary_large_image\" \/>\n<meta name=\"twitter:creator\" content=\"@GuineeDiversite\" \/>\n<meta name=\"twitter:site\" content=\"@GuineeDiversite\" \/>\n<meta name=\"twitter:label1\" content=\"\u00c9crit par\" \/>\n\t<meta name=\"twitter:data1\" content=\"Moussa Mo\u00efse K\u00e9ita\" \/>\n\t<meta name=\"twitter:label2\" content=\"Dur\u00e9e de lecture estim\u00e9e\" \/>\n\t<meta name=\"twitter:data2\" content=\"2 minutes\" \/>\n<script type=\"application\/ld+json\" class=\"yoast-schema-graph\">{\"@context\":\"https:\/\/schema.org\",\"@graph\":[{\"@type\":\"Article\",\"@id\":\"https:\/\/guineediversite.com\/index.php\/2018\/12\/13\/sidya-toure-revient-sur-les-vraies-raisons-de-sa-demission\/#article\",\"isPartOf\":{\"@id\":\"https:\/\/guineediversite.com\/index.php\/2018\/12\/13\/sidya-toure-revient-sur-les-vraies-raisons-de-sa-demission\/\"},\"author\":{\"name\":\"Moussa Mo\u00efse K\u00e9ita\",\"@id\":\"https:\/\/guineediversite.com\/#\/schema\/person\/079ec347f72d2acde4b56a50a4fd46dc\"},\"headline\":\"Sidya\u00a0Tour\u00e9 revient sur les vraies raisons de sa\u00a0d\u00e9mission\",\"datePublished\":\"2018-12-13T00:37:47+00:00\",\"dateModified\":\"2018-12-13T12:09:56+00:00\",\"mainEntityOfPage\":{\"@id\":\"https:\/\/guineediversite.com\/index.php\/2018\/12\/13\/sidya-toure-revient-sur-les-vraies-raisons-de-sa-demission\/\"},\"wordCount\":316,\"publisher\":{\"@id\":\"https:\/\/guineediversite.com\/#organization\"},\"image\":{\"@id\":\"https:\/\/guineediversite.com\/index.php\/2018\/12\/13\/sidya-toure-revient-sur-les-vraies-raisons-de-sa-demission\/#primaryimage\"},\"thumbnailUrl\":\"https:\/\/guineediversite.com\/wp-content\/uploads\/2018\/12\/IMG_20181212_121351-1.jpg\",\"articleSection\":[\"Politique\"],\"inLanguage\":\"fr-FR\"},{\"@type\":\"WebPage\",\"@id\":\"https:\/\/guineediversite.com\/index.php\/2018\/12\/13\/sidya-toure-revient-sur-les-vraies-raisons-de-sa-demission\/\",\"url\":\"https:\/\/guineediversite.com\/index.php\/2018\/12\/13\/sidya-toure-revient-sur-les-vraies-raisons-de-sa-demission\/\",\"name\":\"Sidya\u00a0Tour\u00e9 revient sur les vraies raisons de sa\u00a0d\u00e9mission | Guin\u00e9e Diversit\u00e9\",\"isPartOf\":{\"@id\":\"https:\/\/guineediversite.com\/#website\"},\"primaryImageOfPage\":{\"@id\":\"https:\/\/guineediversite.com\/index.php\/2018\/12\/13\/sidya-toure-revient-sur-les-vraies-raisons-de-sa-demission\/#primaryimage\"},\"image\":{\"@id\":\"https:\/\/guineediversite.com\/index.php\/2018\/12\/13\/sidya-toure-revient-sur-les-vraies-raisons-de-sa-demission\/#primaryimage\"},\"thumbnailUrl\":\"https:\/\/guineediversite.com\/wp-content\/uploads\/2018\/12\/IMG_20181212_121351-1.jpg\",\"datePublished\":\"2018-12-13T00:37:47+00:00\",\"dateModified\":\"2018-12-13T12:09:56+00:00\",\"breadcrumb\":{\"@id\":\"https:\/\/guineediversite.com\/index.php\/2018\/12\/13\/sidya-toure-revient-sur-les-vraies-raisons-de-sa-demission\/#breadcrumb\"},\"inLanguage\":\"fr-FR\",\"potentialAction\":[{\"@type\":\"ReadAction\",\"target\":[\"https:\/\/guineediversite.com\/index.php\/2018\/12\/13\/sidya-toure-revient-sur-les-vraies-raisons-de-sa-demission\/\"]}]},{\"@type\":\"ImageObject\",\"inLanguage\":\"fr-FR\",\"@id\":\"https:\/\/guineediversite.com\/index.php\/2018\/12\/13\/sidya-toure-revient-sur-les-vraies-raisons-de-sa-demission\/#primaryimage\",\"url\":\"https:\/\/guineediversite.com\/wp-content\/uploads\/2018\/12\/IMG_20181212_121351-1.jpg\",\"contentUrl\":\"https:\/\/guineediversite.com\/wp-content\/uploads\/2018\/12\/IMG_20181212_121351-1.jpg\",\"width\":4128,\"height\":3096},{\"@type\":\"BreadcrumbList\",\"@id\":\"https:\/\/guineediversite.com\/index.php\/2018\/12\/13\/sidya-toure-revient-sur-les-vraies-raisons-de-sa-demission\/#breadcrumb\",\"itemListElement\":[{\"@type\":\"ListItem\",\"position\":1,\"name\":\"Accueil\",\"item\":\"https:\/\/guineediversite.com\/\"},{\"@type\":\"ListItem\",\"position\":2,\"name\":\"Sidya\u00a0Tour\u00e9 revient sur les vraies raisons de sa\u00a0d\u00e9mission\"}]},{\"@type\":\"WebSite\",\"@id\":\"https:\/\/guineediversite.com\/#website\",\"url\":\"https:\/\/guineediversite.com\/\",\"name\":\"Guin\u00e9e Diversit\u00e9\",\"description\":\"L&#039;Info dans toute sa diversit\u00e9\",\"publisher\":{\"@id\":\"https:\/\/guineediversite.com\/#organization\"},\"potentialAction\":[{\"@type\":\"SearchAction\",\"target\":{\"@type\":\"EntryPoint\",\"urlTemplate\":\"https:\/\/guineediversite.com\/?s={search_term_string}\"},\"query-input\":{\"@type\":\"PropertyValueSpecification\",\"valueRequired\":true,\"valueName\":\"search_term_string\"}}],\"inLanguage\":\"fr-FR\"},{\"@type\":\"Organization\",\"@id\":\"https:\/\/guineediversite.com\/#organization\",\"name\":\"Guin\u00e9e Diversit\u00e9\",\"url\":\"https:\/\/guineediversite.com\/\",\"logo\":{\"@type\":\"ImageObject\",\"inLanguage\":\"fr-FR\",\"@id\":\"https:\/\/guineediversite.com\/#\/schema\/logo\/image\/\",\"url\":\"https:\/\/guineediversite.com\/wp-content\/uploads\/2017\/04\/cropped-1jojlxEOMkX9Wyqfhe43D6kjPOGqBBKmx3EwWJqZ0cMrFF54yM49.png\",\"contentUrl\":\"https:\/\/guineediversite.com\/wp-content\/uploads\/2017\/04\/cropped-1jojlxEOMkX9Wyqfhe43D6kjPOGqBBKmx3EwWJqZ0cMrFF54yM49.png\",\"width\":186,\"height\":112,\"caption\":\"Guin\u00e9e Diversit\u00e9\"},\"image\":{\"@id\":\"https:\/\/guineediversite.com\/#\/schema\/logo\/image\/\"},\"sameAs\":[\"https:\/\/www.facebook.com\/guineediversite\/\",\"https:\/\/x.com\/GuineeDiversite\",\"https:\/\/www.youtube.com\/channel\/UC8sUY16qelG5ge6_D5SB83g\"]},{\"@type\":\"Person\",\"@id\":\"https:\/\/guineediversite.com\/#\/schema\/person\/079ec347f72d2acde4b56a50a4fd46dc\",\"name\":\"Moussa Mo\u00efse K\u00e9ita\",\"image\":{\"@type\":\"ImageObject\",\"inLanguage\":\"fr-FR\",\"@id\":\"https:\/\/guineediversite.com\/#\/schema\/person\/image\/\",\"url\":\"https:\/\/secure.gravatar.com\/avatar\/edf1ea2cc01841e6c0b49384bcb1385b?s=96&d=mm&r=g\",\"contentUrl\":\"https:\/\/secure.gravatar.com\/avatar\/edf1ea2cc01841e6c0b49384bcb1385b?s=96&d=mm&r=g\",\"caption\":\"Moussa Mo\u00efse K\u00e9ita\"},\"url\":\"https:\/\/guineediversite.com\/index.php\/author\/moussa-moise\/\"}]}<\/script>\n<!-- \/ Yoast SEO plugin. -->","yoast_head_json":{"title":"Sidya\u00a0Tour\u00e9 revient sur les vraies raisons de sa\u00a0d\u00e9mission | Guin\u00e9e Diversit\u00e9","robots":{"index":"index","follow":"follow","max-snippet":"max-snippet:-1","max-image-preview":"max-image-preview:large","max-video-preview":"max-video-preview:-1"},"canonical":"https:\/\/guineediversite.com\/index.php\/2018\/12\/13\/sidya-toure-revient-sur-les-vraies-raisons-de-sa-demission\/","og_locale":"fr_FR","og_type":"article","og_title":"Sidya\u00a0Tour\u00e9 revient sur les vraies raisons de sa\u00a0d\u00e9mission | Guin\u00e9e Diversit\u00e9","og_description":"Le pr\u00e9sident de l\u2019Union des forces r\u00e9publicaine \u00e9tait face \u00e0 la presse mercredi 12 d\u00e9cembre 2018 pour expliquer les raisons de sa d\u00e9mission de son poste de\u00a0Haut\u00a0repr\u00e9sentant du chef de l\u2019\u00c9tat. \u00ab Je\u00a0me suis engag\u00e9 en politique pour permettre aux habitants de mon pays, \u00e0 la population guin\u00e9enne d\u2019acc\u00e9der \u00e0 un niveau de vie meilleur.\u00a0Je [&hellip;]","og_url":"https:\/\/guineediversite.com\/index.php\/2018\/12\/13\/sidya-toure-revient-sur-les-vraies-raisons-de-sa-demission\/","og_site_name":"Guin\u00e9e Diversit\u00e9","article_publisher":"https:\/\/www.facebook.com\/guineediversite\/","article_published_time":"2018-12-13T00:37:47+00:00","article_modified_time":"2018-12-13T12:09:56+00:00","og_image":[{"width":1024,"height":768,"url":"https:\/\/guineediversite.com\/wp-content\/uploads\/2018\/12\/IMG_20181212_121351-1-1024x768.jpg","type":"image\/jpeg"}],"author":"Moussa Mo\u00efse K\u00e9ita","twitter_card":"summary_large_image","twitter_creator":"@GuineeDiversite","twitter_site":"@GuineeDiversite","twitter_misc":{"\u00c9crit par":"Moussa Mo\u00efse K\u00e9ita","Dur\u00e9e de lecture estim\u00e9e":"2 minutes"},"schema":{"@context":"https:\/\/schema.org","@graph":[{"@type":"Article","@id":"https:\/\/guineediversite.com\/index.php\/2018\/12\/13\/sidya-toure-revient-sur-les-vraies-raisons-de-sa-demission\/#article","isPartOf":{"@id":"https:\/\/guineediversite.com\/index.php\/2018\/12\/13\/sidya-toure-revient-sur-les-vraies-raisons-de-sa-demission\/"},"author":{"name":"Moussa Mo\u00efse K\u00e9ita","@id":"https:\/\/guineediversite.com\/#\/schema\/person\/079ec347f72d2acde4b56a50a4fd46dc"},"headline":"Sidya\u00a0Tour\u00e9 revient sur les vraies raisons de sa\u00a0d\u00e9mission","datePublished":"2018-12-13T00:37:47+00:00","dateModified":"2018-12-13T12:09:56+00:00","mainEntityOfPage":{"@id":"https:\/\/guineediversite.com\/index.php\/2018\/12\/13\/sidya-toure-revient-sur-les-vraies-raisons-de-sa-demission\/"},"wordCount":316,"publisher":{"@id":"https:\/\/guineediversite.com\/#organization"},"image":{"@id":"https:\/\/guineediversite.com\/index.php\/2018\/12\/13\/sidya-toure-revient-sur-les-vraies-raisons-de-sa-demission\/#primaryimage"},"thumbnailUrl":"https:\/\/guineediversite.com\/wp-content\/uploads\/2018\/12\/IMG_20181212_121351-1.jpg","articleSection":["Politique"],"inLanguage":"fr-FR"},{"@type":"WebPage","@id":"https:\/\/guineediversite.com\/index.php\/2018\/12\/13\/sidya-toure-revient-sur-les-vraies-raisons-de-sa-demission\/","url":"https:\/\/guineediversite.com\/index.php\/2018\/12\/13\/sidya-toure-revient-sur-les-vraies-raisons-de-sa-demission\/","name":"Sidya\u00a0Tour\u00e9 revient sur les vraies raisons de sa\u00a0d\u00e9mission | Guin\u00e9e Diversit\u00e9","isPartOf":{"@id":"https:\/\/guineediversite.com\/#website"},"primaryImageOfPage":{"@id":"https:\/\/guineediversite.com\/index.php\/2018\/12\/13\/sidya-toure-revient-sur-les-vraies-raisons-de-sa-demission\/#primaryimage"},"image":{"@id":"https:\/\/guineediversite.com\/index.php\/2018\/12\/13\/sidya-toure-revient-sur-les-vraies-raisons-de-sa-demission\/#primaryimage"},"thumbnailUrl":"https:\/\/guineediversite.com\/wp-content\/uploads\/2018\/12\/IMG_20181212_121351-1.jpg","datePublished":"2018-12-13T00:37:47+00:00","dateModified":"2018-12-13T12:09:56+00:00","breadcrumb":{"@id":"https:\/\/guineediversite.com\/index.php\/2018\/12\/13\/sidya-toure-revient-sur-les-vraies-raisons-de-sa-demission\/#breadcrumb"},"inLanguage":"fr-FR","potentialAction":[{"@type":"ReadAction","target":["https:\/\/guineediversite.com\/index.php\/2018\/12\/13\/sidya-toure-revient-sur-les-vraies-raisons-de-sa-demission\/"]}]},{"@type":"ImageObject","inLanguage":"fr-FR","@id":"https:\/\/guineediversite.com\/index.php\/2018\/12\/13\/sidya-toure-revient-sur-les-vraies-raisons-de-sa-demission\/#primaryimage","url":"https:\/\/guineediversite.com\/wp-content\/uploads\/2018\/12\/IMG_20181212_121351-1.jpg","contentUrl":"https:\/\/guineediversite.com\/wp-content\/uploads\/2018\/12\/IMG_20181212_121351-1.jpg","width":4128,"height":3096},{"@type":"BreadcrumbList","@id":"https:\/\/guineediversite.com\/index.php\/2018\/12\/13\/sidya-toure-revient-sur-les-vraies-raisons-de-sa-demission\/#breadcrumb","itemListElement":[{"@type":"ListItem","position":1,"name":"Accueil","item":"https:\/\/guineediversite.com\/"},{"@type":"ListItem","position":2,"name":"Sidya\u00a0Tour\u00e9 revient sur les vraies raisons de sa\u00a0d\u00e9mission"}]},{"@type":"WebSite","@id":"https:\/\/guineediversite.com\/#website","url":"https:\/\/guineediversite.com\/","name":"Guin\u00e9e Diversit\u00e9","description":"L&#039;Info dans toute sa diversit\u00e9","publisher":{"@id":"https:\/\/guineediversite.com\/#organization"},"potentialAction":[{"@type":"SearchAction","target":{"@type":"EntryPoint","urlTemplate":"https:\/\/guineediversite.com\/?s={search_term_string}"},"query-input":{"@type":"PropertyValueSpecification","valueRequired":true,"valueName":"search_term_string"}}],"inLanguage":"fr-FR"},{"@type":"Organization","@id":"https:\/\/guineediversite.com\/#organization","name":"Guin\u00e9e Diversit\u00e9","url":"https:\/\/guineediversite.com\/","logo":{"@type":"ImageObject","inLanguage":"fr-FR","@id":"https:\/\/guineediversite.com\/#\/schema\/logo\/image\/","url":"https:\/\/guineediversite.com\/wp-content\/uploads\/2017\/04\/cropped-1jojlxEOMkX9Wyqfhe43D6kjPOGqBBKmx3EwWJqZ0cMrFF54yM49.png","contentUrl":"https:\/\/guineediversite.com\/wp-content\/uploads\/2017\/04\/cropped-1jojlxEOMkX9Wyqfhe43D6kjPOGqBBKmx3EwWJqZ0cMrFF54yM49.png","width":186,"height":112,"caption":"Guin\u00e9e Diversit\u00e9"},"image":{"@id":"https:\/\/guineediversite.com\/#\/schema\/logo\/image\/"},"sameAs":["https:\/\/www.facebook.com\/guineediversite\/","https:\/\/x.com\/GuineeDiversite","https:\/\/www.youtube.com\/channel\/UC8sUY16qelG5ge6_D5SB83g"]},{"@type":"Person","@id":"https:\/\/guineediversite.com\/#\/schema\/person\/079ec347f72d2acde4b56a50a4fd46dc","name":"Moussa Mo\u00efse K\u00e9ita","image":{"@type":"ImageObject","inLanguage":"fr-FR","@id":"https:\/\/guineediversite.com\/#\/schema\/person\/image\/","url":"https:\/\/secure.gravatar.com\/avatar\/edf1ea2cc01841e6c0b49384bcb1385b?s=96&d=mm&r=g","contentUrl":"https:\/\/secure.gravatar.com\/avatar\/edf1ea2cc01841e6c0b49384bcb1385b?s=96&d=mm&r=g","caption":"Moussa Mo\u00efse K\u00e9ita"},"url":"https:\/\/guineediversite.com\/index.php\/author\/moussa-moise\/"}]}},"_links":{"self":[{"href":"https:\/\/guineediversite.com\/index.php\/wp-json\/wp\/v2\/posts\/27529"}],"collection":[{"href":"https:\/\/guineediversite.com\/index.php\/wp-json\/wp\/v2\/posts"}],"about":[{"href":"https:\/\/guineediversite.com\/index.php\/wp-json\/wp\/v2\/types\/post"}],"author":[{"embeddable":true,"href":"https:\/\/guineediversite.com\/index.php\/wp-json\/wp\/v2\/users\/16"}],"replies":[{"embeddable":true,"href":"https:\/\/guineediversite.com\/index.php\/wp-json\/wp\/v2\/comments?post=27529"}],"version-history":[{"count":0,"href":"https:\/\/guineediversite.com\/index.php\/wp-json\/wp\/v2\/posts\/27529\/revisions"}],"wp:featuredmedia":[{"embeddable":true,"href":"https:\/\/guineediversite.com\/index.php\/wp-json\/wp\/v2\/media\/27530"}],"wp:attachment":[{"href":"https:\/\/guineediversite.com\/index.php\/wp-json\/wp\/v2\/media?parent=27529"}],"wp:term":[{"taxonomy":"category","embeddable":true,"href":"https:\/\/guineediversite.com\/index.php\/wp-json\/wp\/v2\/categories?post=27529"},{"taxonomy":"post_tag","embeddable":true,"href":"https:\/\/guineediversite.com\/index.php\/wp-json\/wp\/v2\/tags?post=27529"}],"curies":[{"name":"wp","href":"https:\/\/api.w.org\/{rel}","templated":true}]}}