{"id":27516,"date":"2018-12-10T16:14:07","date_gmt":"2018-12-10T15:14:07","guid":{"rendered":"https:\/\/guineediversite.com\/?p=27516"},"modified":"2018-12-10T16:14:07","modified_gmt":"2018-12-10T15:14:07","slug":"le-president-alpha-conde-lance-les-travaux-du-projet-de-construction-du-milo-et-sensibilise-la-jeunesse-du-sanakoro","status":"publish","type":"post","link":"https:\/\/guineediversite.com\/index.php\/2018\/12\/10\/le-president-alpha-conde-lance-les-travaux-du-projet-de-construction-du-milo-et-sensibilise-la-jeunesse-du-sanakoro\/","title":{"rendered":"Le pr\u00e9sident Alpha Cond\u00e9 lance les travaux du projet de construction du Milo et sensibilise la jeunesse du Sanakoro"},"content":{"rendered":"<p><span style=\"font-family: arial, sans-serif; color: #000000;\"><span style=\"font-size: large;\">24 heures apr\u00e8s le lancement des travaux de bitumage de la route nationale Kankan &#8211;\u00a0<\/span><\/span><span style=\"font-family: arial, sans-serif; color: #26282a;\"><span style=\"font-size: large;\">Mandiana, le Chef de l&rsquo;<\/span><\/span><span style=\"font-family: arial, sans-serif; color: #000000;\"><span style=\"font-size: large;\">\u00c9tatAlpha Cond\u00e9 s&rsquo;est rendu ce lundi dans la cit\u00e9 historique de\u00a0<\/span><\/span><span style=\"font-family: arial, sans-serif; color: #26282a;\"><span style=\"font-size: large;\">Sanakoro\u00a0pour \u00e9galement proc\u00e9der au lancement des travaux de bitumage des voiries et la r\u00e9habilitation du pont sur le fleuve Milo qui constitue le projet pilote.<\/span><\/span><\/p>\n<p align=\"LEFT\"><span style=\"color: #000000;\"><span style=\"font-family: arial, sans-serif; font-size: large;\">Financ\u00e9 par le\u00a0budget\u00a0National de\u00a0d\u00e9veloppement, l&rsquo;OFID et la Banque Arabe de\u00a0d\u00e9veloppement\u00a0de l&rsquo;\u00e9conomie\u00a0Africaine, l&rsquo;ex\u00e9cution des travaux du pont sur le fleuve Milo qui relie la pr\u00e9fecture de\u00a0K\u00e9rouan\u00e9 aux pr\u00e9fectures voisines sera r\u00e9alis\u00e9e \u00e0 hauteur de 70 milliards GNF par la soci\u00e9t\u00e9 SINTRAM pour une dur\u00e9e de 18 mois. Au-del\u00e0 de la construction du pont, 5 kilom\u00e8tres de voiries urbaines sont \u00e9galement pr\u00e9vus dans la pr\u00e9fecture de\u00a0K\u00e9rouan\u00e9\u00a0et sera ex\u00e9cut\u00e9 par la soci\u00e9t\u00e9 GUITER SA sur une p\u00e9riode de 12 mois gr\u00e2ce au financement du\u00a0budget\u00a0National de\u00a0d\u00e9veloppement.\u00a0<\/span><\/span><\/p>\n<p align=\"LEFT\"><span style=\"color: #000000; font-family: arial, sans-serif;\">\u00a0<\/span><span style=\"color: #26282a;\"><span style=\"font-family: arial, sans-serif; font-size: large;\"><span style=\"color: #000000;\">Le pr\u00e9fet de\u00a0<\/span>K\u00e9rouan\u00e9, Damou\u00a0Kant\u00e9 a au nom des populations de sa localit\u00e9 exprim\u00e9 toute sa reconnaissance au Pr\u00e9sident de la R\u00e9publique pour les nombreux efforts consentis dans le cadre de la r\u00e9alisation de certains ouvrages \u00e0 l&rsquo;endroit de la pr\u00e9fecture dont la fourniture de 360 lampadaires pour l&rsquo;\u00e9clairage public reparti entre les sous-pr\u00e9fectures.\u00a0<\/span><\/span><\/p>\n<p align=\"LEFT\"><span style=\"color: #26282a;\"><span style=\"font-size: large;\"><span style=\"color: #000000; font-family: arial, sans-serif;\">Pour le repr\u00e9sentant de la soci\u00e9t\u00e9 SINTRAM, la r\u00e9alisation de ce projet rev\u00eat un caract\u00e8re tout \u00e0 fait significatif pour l&rsquo;entreprise dans le cadre de la mise en \u0153uvre du programme de d\u00e9veloppement durable des \u00e9changes de connexion entre les Pr\u00e9fectures d&rsquo;une part, et entre la Guin\u00e9e et les pays voisins\u00a0d&rsquo;autre\u00a0part. Selon Samir Lasfar, la construction de ce pont est constitu\u00e9 de deux voies de 20\u00a0m\u00e8tres\u00a0de port\u00e9e chacune et de 18 centim\u00e8tres d&rsquo;\u00e9paisseurs, avec une longueur de 85 m\u00e8tres et une largeur de 10 m\u00e8tres et demi. Ce projet pr\u00e9voit \u00e9galement la mise en place de deux voies d\u2019acc\u00e8s goudronn\u00e9s pr\u00e8s de 1 kilom\u00e8tre 200 m\u00e8tres de longueur de part et d&rsquo;autre du pont explique-t-il.<\/span><\/span><\/span><\/p>\n<p align=\"LEFT\"><span style=\"color: #26282a;\"><span style=\"font-size: large;\"><span style=\"color: #000000; font-family: arial, sans-serif;\">Pour sa part, le Pr\u00e9sident de la R\u00e9publique Alpha Cond\u00e9 a r\u00e9it\u00e9r\u00e9 son engagement vis-\u00e0-vis dans la construction et le d\u00e9veloppement de la pr\u00e9fecture de K\u00e9rouan\u00e9. Il a \u00e9galement lanc\u00e9 un appel \u00e0 la jeunesse pour la conscientisation et le s\u00e9rieux dans les activit\u00e9s tout en \u00e9vitant les litiges politiques. Le chef de l&rsquo;\u00c9tat\u00a0a \u00e9galement inform\u00e9 la mise \u00e0 disposition aupr\u00e8s de la jeunesse et des femmes des machines modernes pour\u00a0leur\u00a0permettre d&rsquo;accro\u00eetre leurs activit\u00e9s.\u00a0<\/span><\/span><\/span><\/p>\n<p align=\"JUSTIFY\"><span style=\"font-family: arial, sans-serif; font-size: large;\"><b>La Cellule de Communication du Gouvernement<\/b><\/span><\/p>\n","protected":false},"excerpt":{"rendered":"<p>24 heures apr\u00e8s le lancement des travaux de bitumage de la route nationale Kankan &#8211;\u00a0Mandiana, le Chef de l&rsquo;\u00c9tatAlpha Cond\u00e9 s&rsquo;est rendu ce lundi dans la cit\u00e9 historique de\u00a0Sanakoro\u00a0pour \u00e9galement proc\u00e9der au lancement des travaux de bitumage des voiries et la r\u00e9habilitation du pont sur le fleuve Milo qui constitue le projet pilote. Financ\u00e9 par [&hellip;]<\/p>\n","protected":false},"author":12,"featured_media":27517,"comment_status":"closed","ping_status":"closed","sticky":false,"template":"","format":"standard","meta":{"_exactmetrics_skip_tracking":false,"_exactmetrics_sitenote_active":false,"_exactmetrics_sitenote_note":"","_exactmetrics_sitenote_category":0,"tdm_status":"","tdm_grid_status":"","footnotes":""},"categories":[1],"tags":[],"class_list":{"0":"post-27516","1":"post","2":"type-post","3":"status-publish","4":"format-standard","5":"has-post-thumbnail","7":"category-non-classe"},"yoast_head":"<!-- This site is optimized with the Yoast SEO plugin v24.2 - https:\/\/yoast.com\/wordpress\/plugins\/seo\/ -->\n<title>Le pr\u00e9sident Alpha Cond\u00e9 lance les travaux du projet de construction du Milo et sensibilise la jeunesse du Sanakoro | Guin\u00e9e Diversit\u00e9<\/title>\n<meta name=\"robots\" content=\"index, follow, max-snippet:-1, max-image-preview:large, max-video-preview:-1\" \/>\n<link rel=\"canonical\" href=\"https:\/\/guineediversite.com\/index.php\/2018\/12\/10\/le-president-alpha-conde-lance-les-travaux-du-projet-de-construction-du-milo-et-sensibilise-la-jeunesse-du-sanakoro\/\" \/>\n<meta property=\"og:locale\" content=\"fr_FR\" \/>\n<meta property=\"og:type\" content=\"article\" \/>\n<meta property=\"og:title\" content=\"Le pr\u00e9sident Alpha Cond\u00e9 lance les travaux du projet de construction du Milo et sensibilise la jeunesse du Sanakoro | Guin\u00e9e Diversit\u00e9\" \/>\n<meta property=\"og:description\" content=\"24 heures apr\u00e8s le lancement des travaux de bitumage de la route nationale Kankan &#8211;\u00a0Mandiana, le Chef de l&rsquo;\u00c9tatAlpha Cond\u00e9 s&rsquo;est rendu ce lundi dans la cit\u00e9 historique de\u00a0Sanakoro\u00a0pour \u00e9galement proc\u00e9der au lancement des travaux de bitumage des voiries et la r\u00e9habilitation du pont sur le fleuve Milo qui constitue le projet pilote. Financ\u00e9 par [&hellip;]\" \/>\n<meta property=\"og:url\" content=\"https:\/\/guineediversite.com\/index.php\/2018\/12\/10\/le-president-alpha-conde-lance-les-travaux-du-projet-de-construction-du-milo-et-sensibilise-la-jeunesse-du-sanakoro\/\" \/>\n<meta property=\"og:site_name\" content=\"Guin\u00e9e Diversit\u00e9\" \/>\n<meta property=\"article:publisher\" content=\"https:\/\/www.facebook.com\/guineediversite\/\" \/>\n<meta property=\"article:published_time\" content=\"2018-12-10T15:14:07+00:00\" \/>\n<meta property=\"og:image\" content=\"https:\/\/guineediversite.com\/wp-content\/uploads\/2018\/12\/10-12-18-MTP-realisation-du-pont-sur-le-fleuve-MILO-19.jpg\" \/>\n\t<meta property=\"og:image:width\" content=\"1382\" \/>\n\t<meta property=\"og:image:height\" content=\"922\" \/>\n\t<meta property=\"og:image:type\" content=\"image\/jpeg\" \/>\n<meta name=\"author\" content=\"Guin\u00e9e Diversit\u00e9\" \/>\n<meta name=\"twitter:card\" content=\"summary_large_image\" \/>\n<meta name=\"twitter:creator\" content=\"@GuineeDiversite\" \/>\n<meta name=\"twitter:site\" content=\"@GuineeDiversite\" \/>\n<meta name=\"twitter:label1\" content=\"\u00c9crit par\" \/>\n\t<meta name=\"twitter:data1\" content=\"Guin\u00e9e Diversit\u00e9\" \/>\n\t<meta name=\"twitter:label2\" content=\"Dur\u00e9e de lecture estim\u00e9e\" \/>\n\t<meta name=\"twitter:data2\" content=\"2 minutes\" \/>\n<script type=\"application\/ld+json\" class=\"yoast-schema-graph\">{\"@context\":\"https:\/\/schema.org\",\"@graph\":[{\"@type\":\"Article\",\"@id\":\"https:\/\/guineediversite.com\/index.php\/2018\/12\/10\/le-president-alpha-conde-lance-les-travaux-du-projet-de-construction-du-milo-et-sensibilise-la-jeunesse-du-sanakoro\/#article\",\"isPartOf\":{\"@id\":\"https:\/\/guineediversite.com\/index.php\/2018\/12\/10\/le-president-alpha-conde-lance-les-travaux-du-projet-de-construction-du-milo-et-sensibilise-la-jeunesse-du-sanakoro\/\"},\"author\":{\"name\":\"Guin\u00e9e Diversit\u00e9\",\"@id\":\"https:\/\/guineediversite.com\/#\/schema\/person\/afa08fb34e7fc6e1feafc892612bc836\"},\"headline\":\"Le pr\u00e9sident Alpha Cond\u00e9 lance les travaux du projet de construction du Milo et sensibilise la jeunesse du Sanakoro\",\"datePublished\":\"2018-12-10T15:14:07+00:00\",\"dateModified\":\"2018-12-10T15:14:07+00:00\",\"mainEntityOfPage\":{\"@id\":\"https:\/\/guineediversite.com\/index.php\/2018\/12\/10\/le-president-alpha-conde-lance-les-travaux-du-projet-de-construction-du-milo-et-sensibilise-la-jeunesse-du-sanakoro\/\"},\"wordCount\":486,\"publisher\":{\"@id\":\"https:\/\/guineediversite.com\/#organization\"},\"image\":{\"@id\":\"https:\/\/guineediversite.com\/index.php\/2018\/12\/10\/le-president-alpha-conde-lance-les-travaux-du-projet-de-construction-du-milo-et-sensibilise-la-jeunesse-du-sanakoro\/#primaryimage\"},\"thumbnailUrl\":\"https:\/\/guineediversite.com\/wp-content\/uploads\/2018\/12\/10-12-18-MTP-realisation-du-pont-sur-le-fleuve-MILO-19.jpg\",\"inLanguage\":\"fr-FR\"},{\"@type\":\"WebPage\",\"@id\":\"https:\/\/guineediversite.com\/index.php\/2018\/12\/10\/le-president-alpha-conde-lance-les-travaux-du-projet-de-construction-du-milo-et-sensibilise-la-jeunesse-du-sanakoro\/\",\"url\":\"https:\/\/guineediversite.com\/index.php\/2018\/12\/10\/le-president-alpha-conde-lance-les-travaux-du-projet-de-construction-du-milo-et-sensibilise-la-jeunesse-du-sanakoro\/\",\"name\":\"Le pr\u00e9sident Alpha Cond\u00e9 lance les travaux du projet de construction du Milo et sensibilise la jeunesse du Sanakoro | Guin\u00e9e Diversit\u00e9\",\"isPartOf\":{\"@id\":\"https:\/\/guineediversite.com\/#website\"},\"primaryImageOfPage\":{\"@id\":\"https:\/\/guineediversite.com\/index.php\/2018\/12\/10\/le-president-alpha-conde-lance-les-travaux-du-projet-de-construction-du-milo-et-sensibilise-la-jeunesse-du-sanakoro\/#primaryimage\"},\"image\":{\"@id\":\"https:\/\/guineediversite.com\/index.php\/2018\/12\/10\/le-president-alpha-conde-lance-les-travaux-du-projet-de-construction-du-milo-et-sensibilise-la-jeunesse-du-sanakoro\/#primaryimage\"},\"thumbnailUrl\":\"https:\/\/guineediversite.com\/wp-content\/uploads\/2018\/12\/10-12-18-MTP-realisation-du-pont-sur-le-fleuve-MILO-19.jpg\",\"datePublished\":\"2018-12-10T15:14:07+00:00\",\"dateModified\":\"2018-12-10T15:14:07+00:00\",\"breadcrumb\":{\"@id\":\"https:\/\/guineediversite.com\/index.php\/2018\/12\/10\/le-president-alpha-conde-lance-les-travaux-du-projet-de-construction-du-milo-et-sensibilise-la-jeunesse-du-sanakoro\/#breadcrumb\"},\"inLanguage\":\"fr-FR\",\"potentialAction\":[{\"@type\":\"ReadAction\",\"target\":[\"https:\/\/guineediversite.com\/index.php\/2018\/12\/10\/le-president-alpha-conde-lance-les-travaux-du-projet-de-construction-du-milo-et-sensibilise-la-jeunesse-du-sanakoro\/\"]}]},{\"@type\":\"ImageObject\",\"inLanguage\":\"fr-FR\",\"@id\":\"https:\/\/guineediversite.com\/index.php\/2018\/12\/10\/le-president-alpha-conde-lance-les-travaux-du-projet-de-construction-du-milo-et-sensibilise-la-jeunesse-du-sanakoro\/#primaryimage\",\"url\":\"https:\/\/guineediversite.com\/wp-content\/uploads\/2018\/12\/10-12-18-MTP-realisation-du-pont-sur-le-fleuve-MILO-19.jpg\",\"contentUrl\":\"https:\/\/guineediversite.com\/wp-content\/uploads\/2018\/12\/10-12-18-MTP-realisation-du-pont-sur-le-fleuve-MILO-19.jpg\",\"width\":1382,\"height\":922},{\"@type\":\"BreadcrumbList\",\"@id\":\"https:\/\/guineediversite.com\/index.php\/2018\/12\/10\/le-president-alpha-conde-lance-les-travaux-du-projet-de-construction-du-milo-et-sensibilise-la-jeunesse-du-sanakoro\/#breadcrumb\",\"itemListElement\":[{\"@type\":\"ListItem\",\"position\":1,\"name\":\"Accueil\",\"item\":\"https:\/\/guineediversite.com\/\"},{\"@type\":\"ListItem\",\"position\":2,\"name\":\"Le pr\u00e9sident Alpha Cond\u00e9 lance les travaux du projet de construction du Milo et sensibilise la jeunesse du Sanakoro\"}]},{\"@type\":\"WebSite\",\"@id\":\"https:\/\/guineediversite.com\/#website\",\"url\":\"https:\/\/guineediversite.com\/\",\"name\":\"Guin\u00e9e Diversit\u00e9\",\"description\":\"L&#039;Info dans toute sa diversit\u00e9\",\"publisher\":{\"@id\":\"https:\/\/guineediversite.com\/#organization\"},\"potentialAction\":[{\"@type\":\"SearchAction\",\"target\":{\"@type\":\"EntryPoint\",\"urlTemplate\":\"https:\/\/guineediversite.com\/?s={search_term_string}\"},\"query-input\":{\"@type\":\"PropertyValueSpecification\",\"valueRequired\":true,\"valueName\":\"search_term_string\"}}],\"inLanguage\":\"fr-FR\"},{\"@type\":\"Organization\",\"@id\":\"https:\/\/guineediversite.com\/#organization\",\"name\":\"Guin\u00e9e Diversit\u00e9\",\"url\":\"https:\/\/guineediversite.com\/\",\"logo\":{\"@type\":\"ImageObject\",\"inLanguage\":\"fr-FR\",\"@id\":\"https:\/\/guineediversite.com\/#\/schema\/logo\/image\/\",\"url\":\"https:\/\/guineediversite.com\/wp-content\/uploads\/2017\/04\/cropped-1jojlxEOMkX9Wyqfhe43D6kjPOGqBBKmx3EwWJqZ0cMrFF54yM49.png\",\"contentUrl\":\"https:\/\/guineediversite.com\/wp-content\/uploads\/2017\/04\/cropped-1jojlxEOMkX9Wyqfhe43D6kjPOGqBBKmx3EwWJqZ0cMrFF54yM49.png\",\"width\":186,\"height\":112,\"caption\":\"Guin\u00e9e Diversit\u00e9\"},\"image\":{\"@id\":\"https:\/\/guineediversite.com\/#\/schema\/logo\/image\/\"},\"sameAs\":[\"https:\/\/www.facebook.com\/guineediversite\/\",\"https:\/\/x.com\/GuineeDiversite\",\"https:\/\/www.youtube.com\/channel\/UC8sUY16qelG5ge6_D5SB83g\"]},{\"@type\":\"Person\",\"@id\":\"https:\/\/guineediversite.com\/#\/schema\/person\/afa08fb34e7fc6e1feafc892612bc836\",\"name\":\"Guin\u00e9e Diversit\u00e9\",\"image\":{\"@type\":\"ImageObject\",\"inLanguage\":\"fr-FR\",\"@id\":\"https:\/\/guineediversite.com\/#\/schema\/person\/image\/\",\"url\":\"https:\/\/secure.gravatar.com\/avatar\/50d5eb5b390f8b65ac30ac6f898eb83a?s=96&d=mm&r=g\",\"contentUrl\":\"https:\/\/secure.gravatar.com\/avatar\/50d5eb5b390f8b65ac30ac6f898eb83a?s=96&d=mm&r=g\",\"caption\":\"Guin\u00e9e Diversit\u00e9\"},\"url\":\"https:\/\/guineediversite.com\/index.php\/author\/guineediversite\/\"}]}<\/script>\n<!-- \/ Yoast SEO plugin. -->","yoast_head_json":{"title":"Le pr\u00e9sident Alpha Cond\u00e9 lance les travaux du projet de construction du Milo et sensibilise la jeunesse du Sanakoro | Guin\u00e9e Diversit\u00e9","robots":{"index":"index","follow":"follow","max-snippet":"max-snippet:-1","max-image-preview":"max-image-preview:large","max-video-preview":"max-video-preview:-1"},"canonical":"https:\/\/guineediversite.com\/index.php\/2018\/12\/10\/le-president-alpha-conde-lance-les-travaux-du-projet-de-construction-du-milo-et-sensibilise-la-jeunesse-du-sanakoro\/","og_locale":"fr_FR","og_type":"article","og_title":"Le pr\u00e9sident Alpha Cond\u00e9 lance les travaux du projet de construction du Milo et sensibilise la jeunesse du Sanakoro | Guin\u00e9e Diversit\u00e9","og_description":"24 heures apr\u00e8s le lancement des travaux de bitumage de la route nationale Kankan &#8211;\u00a0Mandiana, le Chef de l&rsquo;\u00c9tatAlpha Cond\u00e9 s&rsquo;est rendu ce lundi dans la cit\u00e9 historique de\u00a0Sanakoro\u00a0pour \u00e9galement proc\u00e9der au lancement des travaux de bitumage des voiries et la r\u00e9habilitation du pont sur le fleuve Milo qui constitue le projet pilote. Financ\u00e9 par [&hellip;]","og_url":"https:\/\/guineediversite.com\/index.php\/2018\/12\/10\/le-president-alpha-conde-lance-les-travaux-du-projet-de-construction-du-milo-et-sensibilise-la-jeunesse-du-sanakoro\/","og_site_name":"Guin\u00e9e Diversit\u00e9","article_publisher":"https:\/\/www.facebook.com\/guineediversite\/","article_published_time":"2018-12-10T15:14:07+00:00","og_image":[{"width":1382,"height":922,"url":"https:\/\/guineediversite.com\/wp-content\/uploads\/2018\/12\/10-12-18-MTP-realisation-du-pont-sur-le-fleuve-MILO-19.jpg","type":"image\/jpeg"}],"author":"Guin\u00e9e Diversit\u00e9","twitter_card":"summary_large_image","twitter_creator":"@GuineeDiversite","twitter_site":"@GuineeDiversite","twitter_misc":{"\u00c9crit par":"Guin\u00e9e Diversit\u00e9","Dur\u00e9e de lecture estim\u00e9e":"2 minutes"},"schema":{"@context":"https:\/\/schema.org","@graph":[{"@type":"Article","@id":"https:\/\/guineediversite.com\/index.php\/2018\/12\/10\/le-president-alpha-conde-lance-les-travaux-du-projet-de-construction-du-milo-et-sensibilise-la-jeunesse-du-sanakoro\/#article","isPartOf":{"@id":"https:\/\/guineediversite.com\/index.php\/2018\/12\/10\/le-president-alpha-conde-lance-les-travaux-du-projet-de-construction-du-milo-et-sensibilise-la-jeunesse-du-sanakoro\/"},"author":{"name":"Guin\u00e9e Diversit\u00e9","@id":"https:\/\/guineediversite.com\/#\/schema\/person\/afa08fb34e7fc6e1feafc892612bc836"},"headline":"Le pr\u00e9sident Alpha Cond\u00e9 lance les travaux du projet de construction du Milo et sensibilise la jeunesse du Sanakoro","datePublished":"2018-12-10T15:14:07+00:00","dateModified":"2018-12-10T15:14:07+00:00","mainEntityOfPage":{"@id":"https:\/\/guineediversite.com\/index.php\/2018\/12\/10\/le-president-alpha-conde-lance-les-travaux-du-projet-de-construction-du-milo-et-sensibilise-la-jeunesse-du-sanakoro\/"},"wordCount":486,"publisher":{"@id":"https:\/\/guineediversite.com\/#organization"},"image":{"@id":"https:\/\/guineediversite.com\/index.php\/2018\/12\/10\/le-president-alpha-conde-lance-les-travaux-du-projet-de-construction-du-milo-et-sensibilise-la-jeunesse-du-sanakoro\/#primaryimage"},"thumbnailUrl":"https:\/\/guineediversite.com\/wp-content\/uploads\/2018\/12\/10-12-18-MTP-realisation-du-pont-sur-le-fleuve-MILO-19.jpg","inLanguage":"fr-FR"},{"@type":"WebPage","@id":"https:\/\/guineediversite.com\/index.php\/2018\/12\/10\/le-president-alpha-conde-lance-les-travaux-du-projet-de-construction-du-milo-et-sensibilise-la-jeunesse-du-sanakoro\/","url":"https:\/\/guineediversite.com\/index.php\/2018\/12\/10\/le-president-alpha-conde-lance-les-travaux-du-projet-de-construction-du-milo-et-sensibilise-la-jeunesse-du-sanakoro\/","name":"Le pr\u00e9sident Alpha Cond\u00e9 lance les travaux du projet de construction du Milo et sensibilise la jeunesse du Sanakoro | Guin\u00e9e Diversit\u00e9","isPartOf":{"@id":"https:\/\/guineediversite.com\/#website"},"primaryImageOfPage":{"@id":"https:\/\/guineediversite.com\/index.php\/2018\/12\/10\/le-president-alpha-conde-lance-les-travaux-du-projet-de-construction-du-milo-et-sensibilise-la-jeunesse-du-sanakoro\/#primaryimage"},"image":{"@id":"https:\/\/guineediversite.com\/index.php\/2018\/12\/10\/le-president-alpha-conde-lance-les-travaux-du-projet-de-construction-du-milo-et-sensibilise-la-jeunesse-du-sanakoro\/#primaryimage"},"thumbnailUrl":"https:\/\/guineediversite.com\/wp-content\/uploads\/2018\/12\/10-12-18-MTP-realisation-du-pont-sur-le-fleuve-MILO-19.jpg","datePublished":"2018-12-10T15:14:07+00:00","dateModified":"2018-12-10T15:14:07+00:00","breadcrumb":{"@id":"https:\/\/guineediversite.com\/index.php\/2018\/12\/10\/le-president-alpha-conde-lance-les-travaux-du-projet-de-construction-du-milo-et-sensibilise-la-jeunesse-du-sanakoro\/#breadcrumb"},"inLanguage":"fr-FR","potentialAction":[{"@type":"ReadAction","target":["https:\/\/guineediversite.com\/index.php\/2018\/12\/10\/le-president-alpha-conde-lance-les-travaux-du-projet-de-construction-du-milo-et-sensibilise-la-jeunesse-du-sanakoro\/"]}]},{"@type":"ImageObject","inLanguage":"fr-FR","@id":"https:\/\/guineediversite.com\/index.php\/2018\/12\/10\/le-president-alpha-conde-lance-les-travaux-du-projet-de-construction-du-milo-et-sensibilise-la-jeunesse-du-sanakoro\/#primaryimage","url":"https:\/\/guineediversite.com\/wp-content\/uploads\/2018\/12\/10-12-18-MTP-realisation-du-pont-sur-le-fleuve-MILO-19.jpg","contentUrl":"https:\/\/guineediversite.com\/wp-content\/uploads\/2018\/12\/10-12-18-MTP-realisation-du-pont-sur-le-fleuve-MILO-19.jpg","width":1382,"height":922},{"@type":"BreadcrumbList","@id":"https:\/\/guineediversite.com\/index.php\/2018\/12\/10\/le-president-alpha-conde-lance-les-travaux-du-projet-de-construction-du-milo-et-sensibilise-la-jeunesse-du-sanakoro\/#breadcrumb","itemListElement":[{"@type":"ListItem","position":1,"name":"Accueil","item":"https:\/\/guineediversite.com\/"},{"@type":"ListItem","position":2,"name":"Le pr\u00e9sident Alpha Cond\u00e9 lance les travaux du projet de construction du Milo et sensibilise la jeunesse du Sanakoro"}]},{"@type":"WebSite","@id":"https:\/\/guineediversite.com\/#website","url":"https:\/\/guineediversite.com\/","name":"Guin\u00e9e Diversit\u00e9","description":"L&#039;Info dans toute sa diversit\u00e9","publisher":{"@id":"https:\/\/guineediversite.com\/#organization"},"potentialAction":[{"@type":"SearchAction","target":{"@type":"EntryPoint","urlTemplate":"https:\/\/guineediversite.com\/?s={search_term_string}"},"query-input":{"@type":"PropertyValueSpecification","valueRequired":true,"valueName":"search_term_string"}}],"inLanguage":"fr-FR"},{"@type":"Organization","@id":"https:\/\/guineediversite.com\/#organization","name":"Guin\u00e9e Diversit\u00e9","url":"https:\/\/guineediversite.com\/","logo":{"@type":"ImageObject","inLanguage":"fr-FR","@id":"https:\/\/guineediversite.com\/#\/schema\/logo\/image\/","url":"https:\/\/guineediversite.com\/wp-content\/uploads\/2017\/04\/cropped-1jojlxEOMkX9Wyqfhe43D6kjPOGqBBKmx3EwWJqZ0cMrFF54yM49.png","contentUrl":"https:\/\/guineediversite.com\/wp-content\/uploads\/2017\/04\/cropped-1jojlxEOMkX9Wyqfhe43D6kjPOGqBBKmx3EwWJqZ0cMrFF54yM49.png","width":186,"height":112,"caption":"Guin\u00e9e Diversit\u00e9"},"image":{"@id":"https:\/\/guineediversite.com\/#\/schema\/logo\/image\/"},"sameAs":["https:\/\/www.facebook.com\/guineediversite\/","https:\/\/x.com\/GuineeDiversite","https:\/\/www.youtube.com\/channel\/UC8sUY16qelG5ge6_D5SB83g"]},{"@type":"Person","@id":"https:\/\/guineediversite.com\/#\/schema\/person\/afa08fb34e7fc6e1feafc892612bc836","name":"Guin\u00e9e Diversit\u00e9","image":{"@type":"ImageObject","inLanguage":"fr-FR","@id":"https:\/\/guineediversite.com\/#\/schema\/person\/image\/","url":"https:\/\/secure.gravatar.com\/avatar\/50d5eb5b390f8b65ac30ac6f898eb83a?s=96&d=mm&r=g","contentUrl":"https:\/\/secure.gravatar.com\/avatar\/50d5eb5b390f8b65ac30ac6f898eb83a?s=96&d=mm&r=g","caption":"Guin\u00e9e Diversit\u00e9"},"url":"https:\/\/guineediversite.com\/index.php\/author\/guineediversite\/"}]}},"_links":{"self":[{"href":"https:\/\/guineediversite.com\/index.php\/wp-json\/wp\/v2\/posts\/27516"}],"collection":[{"href":"https:\/\/guineediversite.com\/index.php\/wp-json\/wp\/v2\/posts"}],"about":[{"href":"https:\/\/guineediversite.com\/index.php\/wp-json\/wp\/v2\/types\/post"}],"author":[{"embeddable":true,"href":"https:\/\/guineediversite.com\/index.php\/wp-json\/wp\/v2\/users\/12"}],"replies":[{"embeddable":true,"href":"https:\/\/guineediversite.com\/index.php\/wp-json\/wp\/v2\/comments?post=27516"}],"version-history":[{"count":0,"href":"https:\/\/guineediversite.com\/index.php\/wp-json\/wp\/v2\/posts\/27516\/revisions"}],"wp:featuredmedia":[{"embeddable":true,"href":"https:\/\/guineediversite.com\/index.php\/wp-json\/wp\/v2\/media\/27517"}],"wp:attachment":[{"href":"https:\/\/guineediversite.com\/index.php\/wp-json\/wp\/v2\/media?parent=27516"}],"wp:term":[{"taxonomy":"category","embeddable":true,"href":"https:\/\/guineediversite.com\/index.php\/wp-json\/wp\/v2\/categories?post=27516"},{"taxonomy":"post_tag","embeddable":true,"href":"https:\/\/guineediversite.com\/index.php\/wp-json\/wp\/v2\/tags?post=27516"}],"curies":[{"name":"wp","href":"https:\/\/api.w.org\/{rel}","templated":true}]}}