{"id":27509,"date":"2018-12-10T13:38:54","date_gmt":"2018-12-10T12:38:54","guid":{"rendered":"https:\/\/guineediversite.com\/?p=27509"},"modified":"2018-12-10T13:38:54","modified_gmt":"2018-12-10T12:38:54","slug":"afrique-amnesty-international-optimiste-sur-la-situation-des-droits-de-lhomme","status":"publish","type":"post","link":"https:\/\/guineediversite.com\/index.php\/2018\/12\/10\/afrique-amnesty-international-optimiste-sur-la-situation-des-droits-de-lhomme\/","title":{"rendered":"Afrique: Amnesty International optimiste sur la situation des droits de l&rsquo;homme"},"content":{"rendered":"<h2>Cette ann\u00e9e, la journ\u00e9e internationale des droits de l&rsquo;Homme co\u00efncide avec les 70\u00a0ans de la D\u00e9claration universelle des droits de l&rsquo;homme, ce 10\u00a0d\u00e9cembre. L&rsquo;occasion pour l&rsquo;ONG Amnesty International de publier son rapport annuel sur la situation des droits humains dans le monde et notamment sur le continent africain.<\/h2>\n<p>D&rsquo;extraordinaires progr\u00e8s ont \u00e9t\u00e9 accomplis ces derni\u00e8res d\u00e9cennies en Afrique, constate l&rsquo;ONG Amnesty International dans son rapport. Mais le combat pour les droits humains est encore loin d&rsquo;\u00eatre gagn\u00e9. L&rsquo;organisation cite le cas de la R\u00e9publique d\u00e9mocratique du Congo (RDC) o\u00f9 la r\u00e9pression des manifestations pacifiques a fait de nombreux morts et bless\u00e9s cette ann\u00e9e.<\/p>\n<p>Amnesty International cite \u00e9galement le Cameroun o\u00f9\u00a0<a href=\"http:\/\/www.rfi.fr\/afrique\/20180831-militant-droits-homme-disparu-cameroun-anglophone\" target=\"_blank\" rel=\"noopener\"><strong>Franklin Mowha, une figure de la soci\u00e9t\u00e9 civile<\/strong><\/a>, a \u00e9t\u00e9 victime, selon l&rsquo;organisation, d&rsquo;une \u00ab\u00a0<em>probable disparition forc\u00e9e<\/em>\u00a0\u00bb, un cas que l&rsquo;organisation juge embl\u00e9matique des pressions exerc\u00e9es par le gouvernement pour ne rien laisser filtrer de la situation en zone anglophone.<\/p>\n<p><strong>Ethiopie, Angola\u00a0: lueur d&rsquo;espoir<\/strong><\/p>\n<p>Au Togo, Amnesty International d\u00e9nonce l&rsquo;arrestation de militants pour la d\u00e9mocratie, en Mauritanie,\u00a0<a href=\"http:\/\/www.rfi.fr\/afrique\/20160817-mauritanie-blocage-proces-militants-anti-esclavage\" target=\"_blank\" rel=\"noopener\"><strong>celle de militants contre l&rsquo;esclavage<\/strong><\/a>, juste avant les l\u00e9gislatives de septembre dernier. Ces violations des droits humains n&rsquo;\u00e9pargnent pas les pays anglophones et lusophones comme la Zambie ou le Mozambique.<\/p>\n<p>L&rsquo;organisation salue n\u00e9anmoins des progr\u00e8s en Ethiopie, o\u00f9 plusieurs milliers de d\u00e9tenus ont \u00e9t\u00e9 lib\u00e9r\u00e9s au 1er semestre 2018 et o\u00f9 l&rsquo;interdiction de plusieurs partis d&rsquo;opposition a \u00e9t\u00e9 lev\u00e9e. Autre lueur d&rsquo;espoir\u00a0: l&rsquo;Angola, o\u00f9\u00a0<strong><a href=\"http:\/\/www.rfi.fr\/afrique\/20180706-angola-journaliste-rafael-marques-acquitte-justice\" target=\"_blank\" rel=\"noopener\">l&rsquo;acquittement de deux journalistes de renom<\/a>\u00a0<\/strong>en juillet permet, selon Amnesty International, d&rsquo;esp\u00e9rer une am\u00e9lioration de la protection des d\u00e9fenseurs des droits humains.<\/p>\n<p>RFI<\/p>\n","protected":false},"excerpt":{"rendered":"<p>Cette ann\u00e9e, la journ\u00e9e internationale des droits de l&rsquo;Homme co\u00efncide avec les 70\u00a0ans de la D\u00e9claration universelle des droits de l&rsquo;homme, ce 10\u00a0d\u00e9cembre. L&rsquo;occasion pour l&rsquo;ONG Amnesty International de publier son rapport annuel sur la situation des droits humains dans le monde et notamment sur le continent africain. D&rsquo;extraordinaires progr\u00e8s ont \u00e9t\u00e9 accomplis ces derni\u00e8res [&hellip;]<\/p>\n","protected":false},"author":12,"featured_media":27510,"comment_status":"closed","ping_status":"closed","sticky":false,"template":"","format":"standard","meta":{"_exactmetrics_skip_tracking":false,"_exactmetrics_sitenote_active":false,"_exactmetrics_sitenote_note":"","_exactmetrics_sitenote_category":0,"tdm_status":"","tdm_grid_status":"","footnotes":""},"categories":[21],"tags":[],"class_list":{"0":"post-27509","1":"post","2":"type-post","3":"status-publish","4":"format-standard","5":"has-post-thumbnail","7":"category-international"},"yoast_head":"<!-- This site is optimized with the Yoast SEO plugin v24.2 - https:\/\/yoast.com\/wordpress\/plugins\/seo\/ -->\n<title>Afrique: Amnesty International optimiste sur la situation des droits de l&#039;homme | Guin\u00e9e Diversit\u00e9<\/title>\n<meta name=\"robots\" content=\"index, follow, max-snippet:-1, max-image-preview:large, max-video-preview:-1\" \/>\n<link rel=\"canonical\" href=\"https:\/\/guineediversite.com\/index.php\/2018\/12\/10\/afrique-amnesty-international-optimiste-sur-la-situation-des-droits-de-lhomme\/\" \/>\n<meta property=\"og:locale\" content=\"fr_FR\" \/>\n<meta property=\"og:type\" content=\"article\" \/>\n<meta property=\"og:title\" content=\"Afrique: Amnesty International optimiste sur la situation des droits de l&#039;homme | Guin\u00e9e Diversit\u00e9\" \/>\n<meta property=\"og:description\" content=\"Cette ann\u00e9e, la journ\u00e9e internationale des droits de l&rsquo;Homme co\u00efncide avec les 70\u00a0ans de la D\u00e9claration universelle des droits de l&rsquo;homme, ce 10\u00a0d\u00e9cembre. L&rsquo;occasion pour l&rsquo;ONG Amnesty International de publier son rapport annuel sur la situation des droits humains dans le monde et notamment sur le continent africain. D&rsquo;extraordinaires progr\u00e8s ont \u00e9t\u00e9 accomplis ces derni\u00e8res [&hellip;]\" \/>\n<meta property=\"og:url\" content=\"https:\/\/guineediversite.com\/index.php\/2018\/12\/10\/afrique-amnesty-international-optimiste-sur-la-situation-des-droits-de-lhomme\/\" \/>\n<meta property=\"og:site_name\" content=\"Guin\u00e9e Diversit\u00e9\" \/>\n<meta property=\"article:publisher\" content=\"https:\/\/www.facebook.com\/guineediversite\/\" \/>\n<meta property=\"article:published_time\" content=\"2018-12-10T12:38:54+00:00\" \/>\n<meta property=\"og:image\" content=\"https:\/\/guineediversite.com\/wp-content\/uploads\/2018\/12\/2018-01-21t171546z_1254313828_rc1d3e3f6f00_rtrmadp_3_congo-protests_0.jpg\" \/>\n\t<meta property=\"og:image:width\" content=\"1024\" \/>\n\t<meta property=\"og:image:height\" content=\"578\" \/>\n\t<meta property=\"og:image:type\" content=\"image\/jpeg\" \/>\n<meta name=\"author\" content=\"Guin\u00e9e Diversit\u00e9\" \/>\n<meta name=\"twitter:card\" content=\"summary_large_image\" \/>\n<meta name=\"twitter:creator\" content=\"@GuineeDiversite\" \/>\n<meta name=\"twitter:site\" content=\"@GuineeDiversite\" \/>\n<meta name=\"twitter:label1\" content=\"\u00c9crit par\" \/>\n\t<meta name=\"twitter:data1\" content=\"Guin\u00e9e Diversit\u00e9\" \/>\n\t<meta name=\"twitter:label2\" content=\"Dur\u00e9e de lecture estim\u00e9e\" \/>\n\t<meta name=\"twitter:data2\" content=\"1 minute\" \/>\n<script type=\"application\/ld+json\" class=\"yoast-schema-graph\">{\"@context\":\"https:\/\/schema.org\",\"@graph\":[{\"@type\":\"Article\",\"@id\":\"https:\/\/guineediversite.com\/index.php\/2018\/12\/10\/afrique-amnesty-international-optimiste-sur-la-situation-des-droits-de-lhomme\/#article\",\"isPartOf\":{\"@id\":\"https:\/\/guineediversite.com\/index.php\/2018\/12\/10\/afrique-amnesty-international-optimiste-sur-la-situation-des-droits-de-lhomme\/\"},\"author\":{\"name\":\"Guin\u00e9e Diversit\u00e9\",\"@id\":\"https:\/\/guineediversite.com\/#\/schema\/person\/afa08fb34e7fc6e1feafc892612bc836\"},\"headline\":\"Afrique: Amnesty International optimiste sur la situation des droits de l&rsquo;homme\",\"datePublished\":\"2018-12-10T12:38:54+00:00\",\"dateModified\":\"2018-12-10T12:38:54+00:00\",\"mainEntityOfPage\":{\"@id\":\"https:\/\/guineediversite.com\/index.php\/2018\/12\/10\/afrique-amnesty-international-optimiste-sur-la-situation-des-droits-de-lhomme\/\"},\"wordCount\":317,\"publisher\":{\"@id\":\"https:\/\/guineediversite.com\/#organization\"},\"image\":{\"@id\":\"https:\/\/guineediversite.com\/index.php\/2018\/12\/10\/afrique-amnesty-international-optimiste-sur-la-situation-des-droits-de-lhomme\/#primaryimage\"},\"thumbnailUrl\":\"https:\/\/guineediversite.com\/wp-content\/uploads\/2018\/12\/2018-01-21t171546z_1254313828_rc1d3e3f6f00_rtrmadp_3_congo-protests_0.jpg\",\"articleSection\":[\"International\"],\"inLanguage\":\"fr-FR\"},{\"@type\":\"WebPage\",\"@id\":\"https:\/\/guineediversite.com\/index.php\/2018\/12\/10\/afrique-amnesty-international-optimiste-sur-la-situation-des-droits-de-lhomme\/\",\"url\":\"https:\/\/guineediversite.com\/index.php\/2018\/12\/10\/afrique-amnesty-international-optimiste-sur-la-situation-des-droits-de-lhomme\/\",\"name\":\"Afrique: Amnesty International optimiste sur la situation des droits de l'homme | Guin\u00e9e Diversit\u00e9\",\"isPartOf\":{\"@id\":\"https:\/\/guineediversite.com\/#website\"},\"primaryImageOfPage\":{\"@id\":\"https:\/\/guineediversite.com\/index.php\/2018\/12\/10\/afrique-amnesty-international-optimiste-sur-la-situation-des-droits-de-lhomme\/#primaryimage\"},\"image\":{\"@id\":\"https:\/\/guineediversite.com\/index.php\/2018\/12\/10\/afrique-amnesty-international-optimiste-sur-la-situation-des-droits-de-lhomme\/#primaryimage\"},\"thumbnailUrl\":\"https:\/\/guineediversite.com\/wp-content\/uploads\/2018\/12\/2018-01-21t171546z_1254313828_rc1d3e3f6f00_rtrmadp_3_congo-protests_0.jpg\",\"datePublished\":\"2018-12-10T12:38:54+00:00\",\"dateModified\":\"2018-12-10T12:38:54+00:00\",\"breadcrumb\":{\"@id\":\"https:\/\/guineediversite.com\/index.php\/2018\/12\/10\/afrique-amnesty-international-optimiste-sur-la-situation-des-droits-de-lhomme\/#breadcrumb\"},\"inLanguage\":\"fr-FR\",\"potentialAction\":[{\"@type\":\"ReadAction\",\"target\":[\"https:\/\/guineediversite.com\/index.php\/2018\/12\/10\/afrique-amnesty-international-optimiste-sur-la-situation-des-droits-de-lhomme\/\"]}]},{\"@type\":\"ImageObject\",\"inLanguage\":\"fr-FR\",\"@id\":\"https:\/\/guineediversite.com\/index.php\/2018\/12\/10\/afrique-amnesty-international-optimiste-sur-la-situation-des-droits-de-lhomme\/#primaryimage\",\"url\":\"https:\/\/guineediversite.com\/wp-content\/uploads\/2018\/12\/2018-01-21t171546z_1254313828_rc1d3e3f6f00_rtrmadp_3_congo-protests_0.jpg\",\"contentUrl\":\"https:\/\/guineediversite.com\/wp-content\/uploads\/2018\/12\/2018-01-21t171546z_1254313828_rc1d3e3f6f00_rtrmadp_3_congo-protests_0.jpg\",\"width\":1024,\"height\":578},{\"@type\":\"BreadcrumbList\",\"@id\":\"https:\/\/guineediversite.com\/index.php\/2018\/12\/10\/afrique-amnesty-international-optimiste-sur-la-situation-des-droits-de-lhomme\/#breadcrumb\",\"itemListElement\":[{\"@type\":\"ListItem\",\"position\":1,\"name\":\"Accueil\",\"item\":\"https:\/\/guineediversite.com\/\"},{\"@type\":\"ListItem\",\"position\":2,\"name\":\"Afrique: Amnesty International optimiste sur la situation des droits de l&rsquo;homme\"}]},{\"@type\":\"WebSite\",\"@id\":\"https:\/\/guineediversite.com\/#website\",\"url\":\"https:\/\/guineediversite.com\/\",\"name\":\"Guin\u00e9e Diversit\u00e9\",\"description\":\"L&#039;Info dans toute sa diversit\u00e9\",\"publisher\":{\"@id\":\"https:\/\/guineediversite.com\/#organization\"},\"potentialAction\":[{\"@type\":\"SearchAction\",\"target\":{\"@type\":\"EntryPoint\",\"urlTemplate\":\"https:\/\/guineediversite.com\/?s={search_term_string}\"},\"query-input\":{\"@type\":\"PropertyValueSpecification\",\"valueRequired\":true,\"valueName\":\"search_term_string\"}}],\"inLanguage\":\"fr-FR\"},{\"@type\":\"Organization\",\"@id\":\"https:\/\/guineediversite.com\/#organization\",\"name\":\"Guin\u00e9e Diversit\u00e9\",\"url\":\"https:\/\/guineediversite.com\/\",\"logo\":{\"@type\":\"ImageObject\",\"inLanguage\":\"fr-FR\",\"@id\":\"https:\/\/guineediversite.com\/#\/schema\/logo\/image\/\",\"url\":\"https:\/\/guineediversite.com\/wp-content\/uploads\/2017\/04\/cropped-1jojlxEOMkX9Wyqfhe43D6kjPOGqBBKmx3EwWJqZ0cMrFF54yM49.png\",\"contentUrl\":\"https:\/\/guineediversite.com\/wp-content\/uploads\/2017\/04\/cropped-1jojlxEOMkX9Wyqfhe43D6kjPOGqBBKmx3EwWJqZ0cMrFF54yM49.png\",\"width\":186,\"height\":112,\"caption\":\"Guin\u00e9e Diversit\u00e9\"},\"image\":{\"@id\":\"https:\/\/guineediversite.com\/#\/schema\/logo\/image\/\"},\"sameAs\":[\"https:\/\/www.facebook.com\/guineediversite\/\",\"https:\/\/x.com\/GuineeDiversite\",\"https:\/\/www.youtube.com\/channel\/UC8sUY16qelG5ge6_D5SB83g\"]},{\"@type\":\"Person\",\"@id\":\"https:\/\/guineediversite.com\/#\/schema\/person\/afa08fb34e7fc6e1feafc892612bc836\",\"name\":\"Guin\u00e9e Diversit\u00e9\",\"image\":{\"@type\":\"ImageObject\",\"inLanguage\":\"fr-FR\",\"@id\":\"https:\/\/guineediversite.com\/#\/schema\/person\/image\/\",\"url\":\"https:\/\/secure.gravatar.com\/avatar\/50d5eb5b390f8b65ac30ac6f898eb83a?s=96&d=mm&r=g\",\"contentUrl\":\"https:\/\/secure.gravatar.com\/avatar\/50d5eb5b390f8b65ac30ac6f898eb83a?s=96&d=mm&r=g\",\"caption\":\"Guin\u00e9e Diversit\u00e9\"},\"url\":\"https:\/\/guineediversite.com\/index.php\/author\/guineediversite\/\"}]}<\/script>\n<!-- \/ Yoast SEO plugin. -->","yoast_head_json":{"title":"Afrique: Amnesty International optimiste sur la situation des droits de l'homme | Guin\u00e9e Diversit\u00e9","robots":{"index":"index","follow":"follow","max-snippet":"max-snippet:-1","max-image-preview":"max-image-preview:large","max-video-preview":"max-video-preview:-1"},"canonical":"https:\/\/guineediversite.com\/index.php\/2018\/12\/10\/afrique-amnesty-international-optimiste-sur-la-situation-des-droits-de-lhomme\/","og_locale":"fr_FR","og_type":"article","og_title":"Afrique: Amnesty International optimiste sur la situation des droits de l'homme | Guin\u00e9e Diversit\u00e9","og_description":"Cette ann\u00e9e, la journ\u00e9e internationale des droits de l&rsquo;Homme co\u00efncide avec les 70\u00a0ans de la D\u00e9claration universelle des droits de l&rsquo;homme, ce 10\u00a0d\u00e9cembre. L&rsquo;occasion pour l&rsquo;ONG Amnesty International de publier son rapport annuel sur la situation des droits humains dans le monde et notamment sur le continent africain. D&rsquo;extraordinaires progr\u00e8s ont \u00e9t\u00e9 accomplis ces derni\u00e8res [&hellip;]","og_url":"https:\/\/guineediversite.com\/index.php\/2018\/12\/10\/afrique-amnesty-international-optimiste-sur-la-situation-des-droits-de-lhomme\/","og_site_name":"Guin\u00e9e Diversit\u00e9","article_publisher":"https:\/\/www.facebook.com\/guineediversite\/","article_published_time":"2018-12-10T12:38:54+00:00","og_image":[{"width":1024,"height":578,"url":"https:\/\/guineediversite.com\/wp-content\/uploads\/2018\/12\/2018-01-21t171546z_1254313828_rc1d3e3f6f00_rtrmadp_3_congo-protests_0.jpg","type":"image\/jpeg"}],"author":"Guin\u00e9e Diversit\u00e9","twitter_card":"summary_large_image","twitter_creator":"@GuineeDiversite","twitter_site":"@GuineeDiversite","twitter_misc":{"\u00c9crit par":"Guin\u00e9e Diversit\u00e9","Dur\u00e9e de lecture estim\u00e9e":"1 minute"},"schema":{"@context":"https:\/\/schema.org","@graph":[{"@type":"Article","@id":"https:\/\/guineediversite.com\/index.php\/2018\/12\/10\/afrique-amnesty-international-optimiste-sur-la-situation-des-droits-de-lhomme\/#article","isPartOf":{"@id":"https:\/\/guineediversite.com\/index.php\/2018\/12\/10\/afrique-amnesty-international-optimiste-sur-la-situation-des-droits-de-lhomme\/"},"author":{"name":"Guin\u00e9e Diversit\u00e9","@id":"https:\/\/guineediversite.com\/#\/schema\/person\/afa08fb34e7fc6e1feafc892612bc836"},"headline":"Afrique: Amnesty International optimiste sur la situation des droits de l&rsquo;homme","datePublished":"2018-12-10T12:38:54+00:00","dateModified":"2018-12-10T12:38:54+00:00","mainEntityOfPage":{"@id":"https:\/\/guineediversite.com\/index.php\/2018\/12\/10\/afrique-amnesty-international-optimiste-sur-la-situation-des-droits-de-lhomme\/"},"wordCount":317,"publisher":{"@id":"https:\/\/guineediversite.com\/#organization"},"image":{"@id":"https:\/\/guineediversite.com\/index.php\/2018\/12\/10\/afrique-amnesty-international-optimiste-sur-la-situation-des-droits-de-lhomme\/#primaryimage"},"thumbnailUrl":"https:\/\/guineediversite.com\/wp-content\/uploads\/2018\/12\/2018-01-21t171546z_1254313828_rc1d3e3f6f00_rtrmadp_3_congo-protests_0.jpg","articleSection":["International"],"inLanguage":"fr-FR"},{"@type":"WebPage","@id":"https:\/\/guineediversite.com\/index.php\/2018\/12\/10\/afrique-amnesty-international-optimiste-sur-la-situation-des-droits-de-lhomme\/","url":"https:\/\/guineediversite.com\/index.php\/2018\/12\/10\/afrique-amnesty-international-optimiste-sur-la-situation-des-droits-de-lhomme\/","name":"Afrique: Amnesty International optimiste sur la situation des droits de l'homme | Guin\u00e9e Diversit\u00e9","isPartOf":{"@id":"https:\/\/guineediversite.com\/#website"},"primaryImageOfPage":{"@id":"https:\/\/guineediversite.com\/index.php\/2018\/12\/10\/afrique-amnesty-international-optimiste-sur-la-situation-des-droits-de-lhomme\/#primaryimage"},"image":{"@id":"https:\/\/guineediversite.com\/index.php\/2018\/12\/10\/afrique-amnesty-international-optimiste-sur-la-situation-des-droits-de-lhomme\/#primaryimage"},"thumbnailUrl":"https:\/\/guineediversite.com\/wp-content\/uploads\/2018\/12\/2018-01-21t171546z_1254313828_rc1d3e3f6f00_rtrmadp_3_congo-protests_0.jpg","datePublished":"2018-12-10T12:38:54+00:00","dateModified":"2018-12-10T12:38:54+00:00","breadcrumb":{"@id":"https:\/\/guineediversite.com\/index.php\/2018\/12\/10\/afrique-amnesty-international-optimiste-sur-la-situation-des-droits-de-lhomme\/#breadcrumb"},"inLanguage":"fr-FR","potentialAction":[{"@type":"ReadAction","target":["https:\/\/guineediversite.com\/index.php\/2018\/12\/10\/afrique-amnesty-international-optimiste-sur-la-situation-des-droits-de-lhomme\/"]}]},{"@type":"ImageObject","inLanguage":"fr-FR","@id":"https:\/\/guineediversite.com\/index.php\/2018\/12\/10\/afrique-amnesty-international-optimiste-sur-la-situation-des-droits-de-lhomme\/#primaryimage","url":"https:\/\/guineediversite.com\/wp-content\/uploads\/2018\/12\/2018-01-21t171546z_1254313828_rc1d3e3f6f00_rtrmadp_3_congo-protests_0.jpg","contentUrl":"https:\/\/guineediversite.com\/wp-content\/uploads\/2018\/12\/2018-01-21t171546z_1254313828_rc1d3e3f6f00_rtrmadp_3_congo-protests_0.jpg","width":1024,"height":578},{"@type":"BreadcrumbList","@id":"https:\/\/guineediversite.com\/index.php\/2018\/12\/10\/afrique-amnesty-international-optimiste-sur-la-situation-des-droits-de-lhomme\/#breadcrumb","itemListElement":[{"@type":"ListItem","position":1,"name":"Accueil","item":"https:\/\/guineediversite.com\/"},{"@type":"ListItem","position":2,"name":"Afrique: Amnesty International optimiste sur la situation des droits de l&rsquo;homme"}]},{"@type":"WebSite","@id":"https:\/\/guineediversite.com\/#website","url":"https:\/\/guineediversite.com\/","name":"Guin\u00e9e Diversit\u00e9","description":"L&#039;Info dans toute sa diversit\u00e9","publisher":{"@id":"https:\/\/guineediversite.com\/#organization"},"potentialAction":[{"@type":"SearchAction","target":{"@type":"EntryPoint","urlTemplate":"https:\/\/guineediversite.com\/?s={search_term_string}"},"query-input":{"@type":"PropertyValueSpecification","valueRequired":true,"valueName":"search_term_string"}}],"inLanguage":"fr-FR"},{"@type":"Organization","@id":"https:\/\/guineediversite.com\/#organization","name":"Guin\u00e9e Diversit\u00e9","url":"https:\/\/guineediversite.com\/","logo":{"@type":"ImageObject","inLanguage":"fr-FR","@id":"https:\/\/guineediversite.com\/#\/schema\/logo\/image\/","url":"https:\/\/guineediversite.com\/wp-content\/uploads\/2017\/04\/cropped-1jojlxEOMkX9Wyqfhe43D6kjPOGqBBKmx3EwWJqZ0cMrFF54yM49.png","contentUrl":"https:\/\/guineediversite.com\/wp-content\/uploads\/2017\/04\/cropped-1jojlxEOMkX9Wyqfhe43D6kjPOGqBBKmx3EwWJqZ0cMrFF54yM49.png","width":186,"height":112,"caption":"Guin\u00e9e Diversit\u00e9"},"image":{"@id":"https:\/\/guineediversite.com\/#\/schema\/logo\/image\/"},"sameAs":["https:\/\/www.facebook.com\/guineediversite\/","https:\/\/x.com\/GuineeDiversite","https:\/\/www.youtube.com\/channel\/UC8sUY16qelG5ge6_D5SB83g"]},{"@type":"Person","@id":"https:\/\/guineediversite.com\/#\/schema\/person\/afa08fb34e7fc6e1feafc892612bc836","name":"Guin\u00e9e Diversit\u00e9","image":{"@type":"ImageObject","inLanguage":"fr-FR","@id":"https:\/\/guineediversite.com\/#\/schema\/person\/image\/","url":"https:\/\/secure.gravatar.com\/avatar\/50d5eb5b390f8b65ac30ac6f898eb83a?s=96&d=mm&r=g","contentUrl":"https:\/\/secure.gravatar.com\/avatar\/50d5eb5b390f8b65ac30ac6f898eb83a?s=96&d=mm&r=g","caption":"Guin\u00e9e Diversit\u00e9"},"url":"https:\/\/guineediversite.com\/index.php\/author\/guineediversite\/"}]}},"_links":{"self":[{"href":"https:\/\/guineediversite.com\/index.php\/wp-json\/wp\/v2\/posts\/27509"}],"collection":[{"href":"https:\/\/guineediversite.com\/index.php\/wp-json\/wp\/v2\/posts"}],"about":[{"href":"https:\/\/guineediversite.com\/index.php\/wp-json\/wp\/v2\/types\/post"}],"author":[{"embeddable":true,"href":"https:\/\/guineediversite.com\/index.php\/wp-json\/wp\/v2\/users\/12"}],"replies":[{"embeddable":true,"href":"https:\/\/guineediversite.com\/index.php\/wp-json\/wp\/v2\/comments?post=27509"}],"version-history":[{"count":0,"href":"https:\/\/guineediversite.com\/index.php\/wp-json\/wp\/v2\/posts\/27509\/revisions"}],"wp:featuredmedia":[{"embeddable":true,"href":"https:\/\/guineediversite.com\/index.php\/wp-json\/wp\/v2\/media\/27510"}],"wp:attachment":[{"href":"https:\/\/guineediversite.com\/index.php\/wp-json\/wp\/v2\/media?parent=27509"}],"wp:term":[{"taxonomy":"category","embeddable":true,"href":"https:\/\/guineediversite.com\/index.php\/wp-json\/wp\/v2\/categories?post=27509"},{"taxonomy":"post_tag","embeddable":true,"href":"https:\/\/guineediversite.com\/index.php\/wp-json\/wp\/v2\/tags?post=27509"}],"curies":[{"name":"wp","href":"https:\/\/api.w.org\/{rel}","templated":true}]}}