{"id":27506,"date":"2018-12-10T13:33:36","date_gmt":"2018-12-10T12:33:36","guid":{"rendered":"https:\/\/guineediversite.com\/?p=27506"},"modified":"2018-12-10T13:33:36","modified_gmt":"2018-12-10T12:33:36","slug":"rdc-joseph-kabila-nexclut-pas-de-se-representer-en-2023","status":"publish","type":"post","link":"https:\/\/guineediversite.com\/index.php\/2018\/12\/10\/rdc-joseph-kabila-nexclut-pas-de-se-representer-en-2023\/","title":{"rendered":"RDC: Joseph Kabila n&rsquo;exclut pas de se repr\u00e9senter en 2023"},"content":{"rendered":"<h2>En R\u00e9publique d\u00e9mocratique du Congo (RDC), le pr\u00e9sident Joseph Kabila n\u2019exclut pas de se repr\u00e9senter aux \u00e9lections de 2023, selon une interview accord\u00e9e ce 9\u00a0d\u00e9cembre \u00e0 plusieurs m\u00e9dias am\u00e9ricains. Le chef de l\u2019Etat ne peut se pr\u00e9senter \u00e0 l\u2019\u00e9lection pr\u00e9sidentielle pr\u00e9vue le 23\u00a0d\u00e9cembre prochain \u00e0 l&rsquo;issue de son deuxi\u00e8me mandat, mais pourrait bien revenir dans cinq ans.<\/h2>\n<p>\u00ab\u00a0<em>Pourquoi ne pas attendre 2023 pour envisager les choses ?\u00a0<\/em>s&rsquo;est interrog\u00e9 le pr\u00e9sident de R\u00e9publique d\u00e9mocratique du Congo (RDC), Joseph Kabila, lors d\u2019une interview \u00e0 huit m\u00e9dias internationaux.\u00a0<em>Dans la vie comme en politique, je n&rsquo;exclus rien<\/em>\u00a0\u00bb.<\/p>\n<p>Le chef de l\u2019Etat qui ne peut se pr\u00e9senter \u00e0 l\u2019\u00e9lection pr\u00e9sidentielle du 23\u00a0d\u00e9cembre prochain pourrait revenir dans cinq ans, comme l\u2019y autorise la Constitution. Entre-temps il affirme qu\u2019il va continuer \u00e0 faire de la politique. \u00ab\u00a0<em>Si quelqu\u2019un a besoin de mes conseils, j\u2019esp\u00e8re qu\u2019ils viendront me le demander<\/em>\u00a0\u00bb,\u00a0a-t-il indiqu\u00e9 lors de cette m\u00eame interview.<\/p>\n<p>Concernant ses 17\u00a0ann\u00e9es pass\u00e9es au pouvoir, Joseph Kabila dit ne rien regretter. \u00ab\u00a0<em>Nous avons de nombreuses r\u00e9alisations \u00e0 notre actif<\/em>,\u00a0a-t-il affirm\u00e9.\u00a0<em>Le plus important est d\u2019avoir r\u00e9ussi \u00e0 r\u00e9unifier le pays et de l\u2019avoir remis sur les rails<\/em>.\u00a0<em>Mais il y a encore beaucoup \u00e0 faire<\/em>\u00a0\u00bb. En attendant, il esp\u00e8re que cette pr\u00e9sidentielle sera proche de la \u00ab\u00a0<em>perfection<\/em>\u00a0\u00bb.<\/p>\n<p>RFI<\/p>\n","protected":false},"excerpt":{"rendered":"<p>En R\u00e9publique d\u00e9mocratique du Congo (RDC), le pr\u00e9sident Joseph Kabila n\u2019exclut pas de se repr\u00e9senter aux \u00e9lections de 2023, selon une interview accord\u00e9e ce 9\u00a0d\u00e9cembre \u00e0 plusieurs m\u00e9dias am\u00e9ricains. Le chef de l\u2019Etat ne peut se pr\u00e9senter \u00e0 l\u2019\u00e9lection pr\u00e9sidentielle pr\u00e9vue le 23\u00a0d\u00e9cembre prochain \u00e0 l&rsquo;issue de son deuxi\u00e8me mandat, mais pourrait bien revenir dans [&hellip;]<\/p>\n","protected":false},"author":12,"featured_media":27507,"comment_status":"closed","ping_status":"closed","sticky":false,"template":"","format":"standard","meta":{"_exactmetrics_skip_tracking":false,"_exactmetrics_sitenote_active":false,"_exactmetrics_sitenote_note":"","_exactmetrics_sitenote_category":0,"tdm_status":"","tdm_grid_status":"","footnotes":""},"categories":[21],"tags":[],"class_list":{"0":"post-27506","1":"post","2":"type-post","3":"status-publish","4":"format-standard","5":"has-post-thumbnail","7":"category-international"},"yoast_head":"<!-- This site is optimized with the Yoast SEO plugin v24.2 - https:\/\/yoast.com\/wordpress\/plugins\/seo\/ -->\n<title>RDC: Joseph Kabila n&#039;exclut pas de se repr\u00e9senter en 2023 | Guin\u00e9e Diversit\u00e9<\/title>\n<meta name=\"robots\" content=\"index, follow, max-snippet:-1, max-image-preview:large, max-video-preview:-1\" \/>\n<link rel=\"canonical\" href=\"https:\/\/guineediversite.com\/index.php\/2018\/12\/10\/rdc-joseph-kabila-nexclut-pas-de-se-representer-en-2023\/\" \/>\n<meta property=\"og:locale\" content=\"fr_FR\" \/>\n<meta property=\"og:type\" content=\"article\" \/>\n<meta property=\"og:title\" content=\"RDC: Joseph Kabila n&#039;exclut pas de se repr\u00e9senter en 2023 | Guin\u00e9e Diversit\u00e9\" \/>\n<meta property=\"og:description\" content=\"En R\u00e9publique d\u00e9mocratique du Congo (RDC), le pr\u00e9sident Joseph Kabila n\u2019exclut pas de se repr\u00e9senter aux \u00e9lections de 2023, selon une interview accord\u00e9e ce 9\u00a0d\u00e9cembre \u00e0 plusieurs m\u00e9dias am\u00e9ricains. Le chef de l\u2019Etat ne peut se pr\u00e9senter \u00e0 l\u2019\u00e9lection pr\u00e9sidentielle pr\u00e9vue le 23\u00a0d\u00e9cembre prochain \u00e0 l&rsquo;issue de son deuxi\u00e8me mandat, mais pourrait bien revenir dans [&hellip;]\" \/>\n<meta property=\"og:url\" content=\"https:\/\/guineediversite.com\/index.php\/2018\/12\/10\/rdc-joseph-kabila-nexclut-pas-de-se-representer-en-2023\/\" \/>\n<meta property=\"og:site_name\" content=\"Guin\u00e9e Diversit\u00e9\" \/>\n<meta property=\"article:publisher\" content=\"https:\/\/www.facebook.com\/guineediversite\/\" \/>\n<meta property=\"article:published_time\" content=\"2018-12-10T12:33:36+00:00\" \/>\n<meta property=\"og:image\" content=\"https:\/\/guineediversite.com\/wp-content\/uploads\/2018\/12\/000_19n9tk_0.jpg\" \/>\n\t<meta property=\"og:image:width\" content=\"1023\" \/>\n\t<meta property=\"og:image:height\" content=\"578\" \/>\n\t<meta property=\"og:image:type\" content=\"image\/jpeg\" \/>\n<meta name=\"author\" content=\"Guin\u00e9e Diversit\u00e9\" \/>\n<meta name=\"twitter:card\" content=\"summary_large_image\" \/>\n<meta name=\"twitter:creator\" content=\"@GuineeDiversite\" \/>\n<meta name=\"twitter:site\" content=\"@GuineeDiversite\" \/>\n<meta name=\"twitter:label1\" content=\"\u00c9crit par\" \/>\n\t<meta name=\"twitter:data1\" content=\"Guin\u00e9e Diversit\u00e9\" \/>\n\t<meta name=\"twitter:label2\" content=\"Dur\u00e9e de lecture estim\u00e9e\" \/>\n\t<meta name=\"twitter:data2\" content=\"1 minute\" \/>\n<script type=\"application\/ld+json\" class=\"yoast-schema-graph\">{\"@context\":\"https:\/\/schema.org\",\"@graph\":[{\"@type\":\"Article\",\"@id\":\"https:\/\/guineediversite.com\/index.php\/2018\/12\/10\/rdc-joseph-kabila-nexclut-pas-de-se-representer-en-2023\/#article\",\"isPartOf\":{\"@id\":\"https:\/\/guineediversite.com\/index.php\/2018\/12\/10\/rdc-joseph-kabila-nexclut-pas-de-se-representer-en-2023\/\"},\"author\":{\"name\":\"Guin\u00e9e Diversit\u00e9\",\"@id\":\"https:\/\/guineediversite.com\/#\/schema\/person\/afa08fb34e7fc6e1feafc892612bc836\"},\"headline\":\"RDC: Joseph Kabila n&rsquo;exclut pas de se repr\u00e9senter en 2023\",\"datePublished\":\"2018-12-10T12:33:36+00:00\",\"dateModified\":\"2018-12-10T12:33:36+00:00\",\"mainEntityOfPage\":{\"@id\":\"https:\/\/guineediversite.com\/index.php\/2018\/12\/10\/rdc-joseph-kabila-nexclut-pas-de-se-representer-en-2023\/\"},\"wordCount\":255,\"publisher\":{\"@id\":\"https:\/\/guineediversite.com\/#organization\"},\"image\":{\"@id\":\"https:\/\/guineediversite.com\/index.php\/2018\/12\/10\/rdc-joseph-kabila-nexclut-pas-de-se-representer-en-2023\/#primaryimage\"},\"thumbnailUrl\":\"https:\/\/guineediversite.com\/wp-content\/uploads\/2018\/12\/000_19n9tk_0.jpg\",\"articleSection\":[\"International\"],\"inLanguage\":\"fr-FR\"},{\"@type\":\"WebPage\",\"@id\":\"https:\/\/guineediversite.com\/index.php\/2018\/12\/10\/rdc-joseph-kabila-nexclut-pas-de-se-representer-en-2023\/\",\"url\":\"https:\/\/guineediversite.com\/index.php\/2018\/12\/10\/rdc-joseph-kabila-nexclut-pas-de-se-representer-en-2023\/\",\"name\":\"RDC: Joseph Kabila n'exclut pas de se repr\u00e9senter en 2023 | Guin\u00e9e Diversit\u00e9\",\"isPartOf\":{\"@id\":\"https:\/\/guineediversite.com\/#website\"},\"primaryImageOfPage\":{\"@id\":\"https:\/\/guineediversite.com\/index.php\/2018\/12\/10\/rdc-joseph-kabila-nexclut-pas-de-se-representer-en-2023\/#primaryimage\"},\"image\":{\"@id\":\"https:\/\/guineediversite.com\/index.php\/2018\/12\/10\/rdc-joseph-kabila-nexclut-pas-de-se-representer-en-2023\/#primaryimage\"},\"thumbnailUrl\":\"https:\/\/guineediversite.com\/wp-content\/uploads\/2018\/12\/000_19n9tk_0.jpg\",\"datePublished\":\"2018-12-10T12:33:36+00:00\",\"dateModified\":\"2018-12-10T12:33:36+00:00\",\"breadcrumb\":{\"@id\":\"https:\/\/guineediversite.com\/index.php\/2018\/12\/10\/rdc-joseph-kabila-nexclut-pas-de-se-representer-en-2023\/#breadcrumb\"},\"inLanguage\":\"fr-FR\",\"potentialAction\":[{\"@type\":\"ReadAction\",\"target\":[\"https:\/\/guineediversite.com\/index.php\/2018\/12\/10\/rdc-joseph-kabila-nexclut-pas-de-se-representer-en-2023\/\"]}]},{\"@type\":\"ImageObject\",\"inLanguage\":\"fr-FR\",\"@id\":\"https:\/\/guineediversite.com\/index.php\/2018\/12\/10\/rdc-joseph-kabila-nexclut-pas-de-se-representer-en-2023\/#primaryimage\",\"url\":\"https:\/\/guineediversite.com\/wp-content\/uploads\/2018\/12\/000_19n9tk_0.jpg\",\"contentUrl\":\"https:\/\/guineediversite.com\/wp-content\/uploads\/2018\/12\/000_19n9tk_0.jpg\",\"width\":1023,\"height\":578},{\"@type\":\"BreadcrumbList\",\"@id\":\"https:\/\/guineediversite.com\/index.php\/2018\/12\/10\/rdc-joseph-kabila-nexclut-pas-de-se-representer-en-2023\/#breadcrumb\",\"itemListElement\":[{\"@type\":\"ListItem\",\"position\":1,\"name\":\"Accueil\",\"item\":\"https:\/\/guineediversite.com\/\"},{\"@type\":\"ListItem\",\"position\":2,\"name\":\"RDC: Joseph Kabila n&rsquo;exclut pas de se repr\u00e9senter en 2023\"}]},{\"@type\":\"WebSite\",\"@id\":\"https:\/\/guineediversite.com\/#website\",\"url\":\"https:\/\/guineediversite.com\/\",\"name\":\"Guin\u00e9e Diversit\u00e9\",\"description\":\"L&#039;Info dans toute sa diversit\u00e9\",\"publisher\":{\"@id\":\"https:\/\/guineediversite.com\/#organization\"},\"potentialAction\":[{\"@type\":\"SearchAction\",\"target\":{\"@type\":\"EntryPoint\",\"urlTemplate\":\"https:\/\/guineediversite.com\/?s={search_term_string}\"},\"query-input\":{\"@type\":\"PropertyValueSpecification\",\"valueRequired\":true,\"valueName\":\"search_term_string\"}}],\"inLanguage\":\"fr-FR\"},{\"@type\":\"Organization\",\"@id\":\"https:\/\/guineediversite.com\/#organization\",\"name\":\"Guin\u00e9e Diversit\u00e9\",\"url\":\"https:\/\/guineediversite.com\/\",\"logo\":{\"@type\":\"ImageObject\",\"inLanguage\":\"fr-FR\",\"@id\":\"https:\/\/guineediversite.com\/#\/schema\/logo\/image\/\",\"url\":\"https:\/\/guineediversite.com\/wp-content\/uploads\/2017\/04\/cropped-1jojlxEOMkX9Wyqfhe43D6kjPOGqBBKmx3EwWJqZ0cMrFF54yM49.png\",\"contentUrl\":\"https:\/\/guineediversite.com\/wp-content\/uploads\/2017\/04\/cropped-1jojlxEOMkX9Wyqfhe43D6kjPOGqBBKmx3EwWJqZ0cMrFF54yM49.png\",\"width\":186,\"height\":112,\"caption\":\"Guin\u00e9e Diversit\u00e9\"},\"image\":{\"@id\":\"https:\/\/guineediversite.com\/#\/schema\/logo\/image\/\"},\"sameAs\":[\"https:\/\/www.facebook.com\/guineediversite\/\",\"https:\/\/x.com\/GuineeDiversite\",\"https:\/\/www.youtube.com\/channel\/UC8sUY16qelG5ge6_D5SB83g\"]},{\"@type\":\"Person\",\"@id\":\"https:\/\/guineediversite.com\/#\/schema\/person\/afa08fb34e7fc6e1feafc892612bc836\",\"name\":\"Guin\u00e9e Diversit\u00e9\",\"image\":{\"@type\":\"ImageObject\",\"inLanguage\":\"fr-FR\",\"@id\":\"https:\/\/guineediversite.com\/#\/schema\/person\/image\/\",\"url\":\"https:\/\/secure.gravatar.com\/avatar\/50d5eb5b390f8b65ac30ac6f898eb83a?s=96&d=mm&r=g\",\"contentUrl\":\"https:\/\/secure.gravatar.com\/avatar\/50d5eb5b390f8b65ac30ac6f898eb83a?s=96&d=mm&r=g\",\"caption\":\"Guin\u00e9e Diversit\u00e9\"},\"url\":\"https:\/\/guineediversite.com\/index.php\/author\/guineediversite\/\"}]}<\/script>\n<!-- \/ Yoast SEO plugin. -->","yoast_head_json":{"title":"RDC: Joseph Kabila n'exclut pas de se repr\u00e9senter en 2023 | Guin\u00e9e Diversit\u00e9","robots":{"index":"index","follow":"follow","max-snippet":"max-snippet:-1","max-image-preview":"max-image-preview:large","max-video-preview":"max-video-preview:-1"},"canonical":"https:\/\/guineediversite.com\/index.php\/2018\/12\/10\/rdc-joseph-kabila-nexclut-pas-de-se-representer-en-2023\/","og_locale":"fr_FR","og_type":"article","og_title":"RDC: Joseph Kabila n'exclut pas de se repr\u00e9senter en 2023 | Guin\u00e9e Diversit\u00e9","og_description":"En R\u00e9publique d\u00e9mocratique du Congo (RDC), le pr\u00e9sident Joseph Kabila n\u2019exclut pas de se repr\u00e9senter aux \u00e9lections de 2023, selon une interview accord\u00e9e ce 9\u00a0d\u00e9cembre \u00e0 plusieurs m\u00e9dias am\u00e9ricains. Le chef de l\u2019Etat ne peut se pr\u00e9senter \u00e0 l\u2019\u00e9lection pr\u00e9sidentielle pr\u00e9vue le 23\u00a0d\u00e9cembre prochain \u00e0 l&rsquo;issue de son deuxi\u00e8me mandat, mais pourrait bien revenir dans [&hellip;]","og_url":"https:\/\/guineediversite.com\/index.php\/2018\/12\/10\/rdc-joseph-kabila-nexclut-pas-de-se-representer-en-2023\/","og_site_name":"Guin\u00e9e Diversit\u00e9","article_publisher":"https:\/\/www.facebook.com\/guineediversite\/","article_published_time":"2018-12-10T12:33:36+00:00","og_image":[{"width":1023,"height":578,"url":"https:\/\/guineediversite.com\/wp-content\/uploads\/2018\/12\/000_19n9tk_0.jpg","type":"image\/jpeg"}],"author":"Guin\u00e9e Diversit\u00e9","twitter_card":"summary_large_image","twitter_creator":"@GuineeDiversite","twitter_site":"@GuineeDiversite","twitter_misc":{"\u00c9crit par":"Guin\u00e9e Diversit\u00e9","Dur\u00e9e de lecture estim\u00e9e":"1 minute"},"schema":{"@context":"https:\/\/schema.org","@graph":[{"@type":"Article","@id":"https:\/\/guineediversite.com\/index.php\/2018\/12\/10\/rdc-joseph-kabila-nexclut-pas-de-se-representer-en-2023\/#article","isPartOf":{"@id":"https:\/\/guineediversite.com\/index.php\/2018\/12\/10\/rdc-joseph-kabila-nexclut-pas-de-se-representer-en-2023\/"},"author":{"name":"Guin\u00e9e Diversit\u00e9","@id":"https:\/\/guineediversite.com\/#\/schema\/person\/afa08fb34e7fc6e1feafc892612bc836"},"headline":"RDC: Joseph Kabila n&rsquo;exclut pas de se repr\u00e9senter en 2023","datePublished":"2018-12-10T12:33:36+00:00","dateModified":"2018-12-10T12:33:36+00:00","mainEntityOfPage":{"@id":"https:\/\/guineediversite.com\/index.php\/2018\/12\/10\/rdc-joseph-kabila-nexclut-pas-de-se-representer-en-2023\/"},"wordCount":255,"publisher":{"@id":"https:\/\/guineediversite.com\/#organization"},"image":{"@id":"https:\/\/guineediversite.com\/index.php\/2018\/12\/10\/rdc-joseph-kabila-nexclut-pas-de-se-representer-en-2023\/#primaryimage"},"thumbnailUrl":"https:\/\/guineediversite.com\/wp-content\/uploads\/2018\/12\/000_19n9tk_0.jpg","articleSection":["International"],"inLanguage":"fr-FR"},{"@type":"WebPage","@id":"https:\/\/guineediversite.com\/index.php\/2018\/12\/10\/rdc-joseph-kabila-nexclut-pas-de-se-representer-en-2023\/","url":"https:\/\/guineediversite.com\/index.php\/2018\/12\/10\/rdc-joseph-kabila-nexclut-pas-de-se-representer-en-2023\/","name":"RDC: Joseph Kabila n'exclut pas de se repr\u00e9senter en 2023 | Guin\u00e9e Diversit\u00e9","isPartOf":{"@id":"https:\/\/guineediversite.com\/#website"},"primaryImageOfPage":{"@id":"https:\/\/guineediversite.com\/index.php\/2018\/12\/10\/rdc-joseph-kabila-nexclut-pas-de-se-representer-en-2023\/#primaryimage"},"image":{"@id":"https:\/\/guineediversite.com\/index.php\/2018\/12\/10\/rdc-joseph-kabila-nexclut-pas-de-se-representer-en-2023\/#primaryimage"},"thumbnailUrl":"https:\/\/guineediversite.com\/wp-content\/uploads\/2018\/12\/000_19n9tk_0.jpg","datePublished":"2018-12-10T12:33:36+00:00","dateModified":"2018-12-10T12:33:36+00:00","breadcrumb":{"@id":"https:\/\/guineediversite.com\/index.php\/2018\/12\/10\/rdc-joseph-kabila-nexclut-pas-de-se-representer-en-2023\/#breadcrumb"},"inLanguage":"fr-FR","potentialAction":[{"@type":"ReadAction","target":["https:\/\/guineediversite.com\/index.php\/2018\/12\/10\/rdc-joseph-kabila-nexclut-pas-de-se-representer-en-2023\/"]}]},{"@type":"ImageObject","inLanguage":"fr-FR","@id":"https:\/\/guineediversite.com\/index.php\/2018\/12\/10\/rdc-joseph-kabila-nexclut-pas-de-se-representer-en-2023\/#primaryimage","url":"https:\/\/guineediversite.com\/wp-content\/uploads\/2018\/12\/000_19n9tk_0.jpg","contentUrl":"https:\/\/guineediversite.com\/wp-content\/uploads\/2018\/12\/000_19n9tk_0.jpg","width":1023,"height":578},{"@type":"BreadcrumbList","@id":"https:\/\/guineediversite.com\/index.php\/2018\/12\/10\/rdc-joseph-kabila-nexclut-pas-de-se-representer-en-2023\/#breadcrumb","itemListElement":[{"@type":"ListItem","position":1,"name":"Accueil","item":"https:\/\/guineediversite.com\/"},{"@type":"ListItem","position":2,"name":"RDC: Joseph Kabila n&rsquo;exclut pas de se repr\u00e9senter en 2023"}]},{"@type":"WebSite","@id":"https:\/\/guineediversite.com\/#website","url":"https:\/\/guineediversite.com\/","name":"Guin\u00e9e Diversit\u00e9","description":"L&#039;Info dans toute sa diversit\u00e9","publisher":{"@id":"https:\/\/guineediversite.com\/#organization"},"potentialAction":[{"@type":"SearchAction","target":{"@type":"EntryPoint","urlTemplate":"https:\/\/guineediversite.com\/?s={search_term_string}"},"query-input":{"@type":"PropertyValueSpecification","valueRequired":true,"valueName":"search_term_string"}}],"inLanguage":"fr-FR"},{"@type":"Organization","@id":"https:\/\/guineediversite.com\/#organization","name":"Guin\u00e9e Diversit\u00e9","url":"https:\/\/guineediversite.com\/","logo":{"@type":"ImageObject","inLanguage":"fr-FR","@id":"https:\/\/guineediversite.com\/#\/schema\/logo\/image\/","url":"https:\/\/guineediversite.com\/wp-content\/uploads\/2017\/04\/cropped-1jojlxEOMkX9Wyqfhe43D6kjPOGqBBKmx3EwWJqZ0cMrFF54yM49.png","contentUrl":"https:\/\/guineediversite.com\/wp-content\/uploads\/2017\/04\/cropped-1jojlxEOMkX9Wyqfhe43D6kjPOGqBBKmx3EwWJqZ0cMrFF54yM49.png","width":186,"height":112,"caption":"Guin\u00e9e Diversit\u00e9"},"image":{"@id":"https:\/\/guineediversite.com\/#\/schema\/logo\/image\/"},"sameAs":["https:\/\/www.facebook.com\/guineediversite\/","https:\/\/x.com\/GuineeDiversite","https:\/\/www.youtube.com\/channel\/UC8sUY16qelG5ge6_D5SB83g"]},{"@type":"Person","@id":"https:\/\/guineediversite.com\/#\/schema\/person\/afa08fb34e7fc6e1feafc892612bc836","name":"Guin\u00e9e Diversit\u00e9","image":{"@type":"ImageObject","inLanguage":"fr-FR","@id":"https:\/\/guineediversite.com\/#\/schema\/person\/image\/","url":"https:\/\/secure.gravatar.com\/avatar\/50d5eb5b390f8b65ac30ac6f898eb83a?s=96&d=mm&r=g","contentUrl":"https:\/\/secure.gravatar.com\/avatar\/50d5eb5b390f8b65ac30ac6f898eb83a?s=96&d=mm&r=g","caption":"Guin\u00e9e Diversit\u00e9"},"url":"https:\/\/guineediversite.com\/index.php\/author\/guineediversite\/"}]}},"_links":{"self":[{"href":"https:\/\/guineediversite.com\/index.php\/wp-json\/wp\/v2\/posts\/27506"}],"collection":[{"href":"https:\/\/guineediversite.com\/index.php\/wp-json\/wp\/v2\/posts"}],"about":[{"href":"https:\/\/guineediversite.com\/index.php\/wp-json\/wp\/v2\/types\/post"}],"author":[{"embeddable":true,"href":"https:\/\/guineediversite.com\/index.php\/wp-json\/wp\/v2\/users\/12"}],"replies":[{"embeddable":true,"href":"https:\/\/guineediversite.com\/index.php\/wp-json\/wp\/v2\/comments?post=27506"}],"version-history":[{"count":0,"href":"https:\/\/guineediversite.com\/index.php\/wp-json\/wp\/v2\/posts\/27506\/revisions"}],"wp:featuredmedia":[{"embeddable":true,"href":"https:\/\/guineediversite.com\/index.php\/wp-json\/wp\/v2\/media\/27507"}],"wp:attachment":[{"href":"https:\/\/guineediversite.com\/index.php\/wp-json\/wp\/v2\/media?parent=27506"}],"wp:term":[{"taxonomy":"category","embeddable":true,"href":"https:\/\/guineediversite.com\/index.php\/wp-json\/wp\/v2\/categories?post=27506"},{"taxonomy":"post_tag","embeddable":true,"href":"https:\/\/guineediversite.com\/index.php\/wp-json\/wp\/v2\/tags?post=27506"}],"curies":[{"name":"wp","href":"https:\/\/api.w.org\/{rel}","templated":true}]}}