{"id":27501,"date":"2018-12-10T13:07:46","date_gmt":"2018-12-10T12:07:46","guid":{"rendered":"https:\/\/guineediversite.com\/?p=27501"},"modified":"2018-12-10T13:07:53","modified_gmt":"2018-12-10T12:07:53","slug":"rehabilitation-des-grandes-voies-nationales-et-des-voiries-le-president-conde-pose-la-premiere-pierre-du-projet-a-kouroussa-et-siguiri","status":"publish","type":"post","link":"https:\/\/guineediversite.com\/index.php\/2018\/12\/10\/rehabilitation-des-grandes-voies-nationales-et-des-voiries-le-president-conde-pose-la-premiere-pierre-du-projet-a-kouroussa-et-siguiri\/","title":{"rendered":"R\u00e9habilitation des grandes voies nationales et des voiries : le pr\u00e9sident Cond\u00e9 pose la premi\u00e8re pierre du projet \u00e0 Kouroussa et Siguiri"},"content":{"rendered":"<p>Dans le cadre du lancement et du d\u00e9marrage des travaux routiers\u00a0Dabola-Ciss\u00e9la\u00a0via\u00a0Kouroussa, le Pr\u00e9sident de la R\u00e9publique Alpha Cond\u00e9 a proc\u00e9d\u00e9 samedi \u00e0 la\u00a0pose\u00a0de la premi\u00e8re pierre, de la route\u00a0Kouroussa-Dabola, longue de 150\u00a0kilom\u00e8tres. Cet \u00e9v\u00e8nement marquant a connu la pr\u00e9sence de certains membres du gouvernement et des autorit\u00e9s pr\u00e9fectorales de la ville de\u00a0Kouroussa.<\/p>\n<p>Financ\u00e9 par la Banque Islamique de D\u00e9veloppement, le bitumage de la route\u00a0Dabola-Ciss\u00e9la\u00a0et\u00a0Ciss\u00e9la-Kouroussa sera r\u00e9alis\u00e9 par l\u2019entreprise chinoise CCE-CC pour un d\u00e9lai d\u2019ex\u00e9cution de 30 mois. La r\u00e9alisation de ce projet est un \u00e9l\u00e9ment d\u00e9terminant dans l\u2019int\u00e9gration sous r\u00e9gionale entre la Guin\u00e9e, le Mali, la\u00a0C\u00f4te d&rsquo;Ivoire\u00a0et le Lib\u00e9ria d\u2019une part, et d\u2019autre part, elle favorisera la croissance et la production des activit\u00e9s. Au nom des populations de\u00a0Kouroussa, Souleymane Keita a exprim\u00e9 toute sa satisfaction au Pr\u00e9sident de la R\u00e9publique Alpha Cond\u00e9 pour les nombreux efforts qu\u2019il ne cesse de d\u00e9ployer en fa Kouroussa veur du d\u00e9veloppement de sa localit\u00e9 en particulier et de la Guin\u00e9e en\u00a0g\u00e9n\u00e9ral. Selon le\u00a0pr\u00e9fet\u00a0de\u00a0Kouroussa, la mat\u00e9rialisation de ce projet est une suite logique du programme de d\u00e9veloppement de la Guin\u00e9e et rallonge la liste des initiatives en faveur des populations \u00e0 la base.<\/p>\n<p>Pour le\u00a0Repr\u00e9sentant\u00a0de la Banque Islamique de D\u00e9veloppement l\u2019appui\u00a0de son institution s\u2019inscrit dans le cadre des principes et strat\u00e9gies du\u00a0Gouvernement\u00a0qui tourne essentiellement sur les routes, l\u2019\u00e9nergie, le secteur de l\u2019eau, celui de la sant\u00e9, de l\u2019\u00e9ducation ou encore du d\u00e9veloppement rurale qui\u00a0constitue\u00a0des points forts aux yeux du Chef de l\u2019\u00c9tat\u00a0et de l\u2019\u00e9quipe gouvernementale.<\/p>\n<p>Pour sa part, le Pr\u00e9sident de la R\u00e9publique Alpha Cond\u00e9 a clairement pr\u00e9cis\u00e9 que la Guin\u00e9e a \u00e9t\u00e9 confront\u00e9e \u00e0 des difficult\u00e9s sanitaires qui ont caus\u00e9 quelques retards dans l\u2019ex\u00e9cution et le d\u00e9veloppement de certains projets, malgr\u00e9 ce retard d\u2019\u00e9normes efforts sont d\u00e9ploy\u00e9s \u00e0 l\u2019endroit de la population guin\u00e9enne\u00a0en g\u00e9n\u00e9ral\u00a0et des populations locales en particulier.<\/p>\n<p>Poursuivant le Chef de l\u2019\u00c9tat\u00a0ont\u00a0inform\u00e9 les populations de\u00a0Kouroussa de la mise \u00e0 disposition des boulangeries containers qui produiront une quantit\u00e9 de quatre milles par\u00a0jour. Pour la p\u00e9rennisation de cette activit\u00e9 le Pr\u00e9sident Alpha Cond\u00e9 a exhort\u00e9 les jeunes de\u00a0Kouroussa de s\u2019organiser en des points d\u2019int\u00e9r\u00eat \u00e9conomique.<\/p>\n<p>Il faut pr\u00e9ciser qu\u2019apr\u00e8s\u00a0la Pr\u00e9fecture de Kouroussa, le Chef de l\u2019\u00c9tat\u00a0a pris la direction de Siguiri\u00a0pour proc\u00e9der au lancement des travaux de pavages de 20 kilom\u00e8tres de voiries dans Siguiri.<\/p>\n<p><strong>La Cellule de Communication du Gouvernement<\/strong><\/p>\n","protected":false},"excerpt":{"rendered":"<p>Dans le cadre du lancement et du d\u00e9marrage des travaux routiers\u00a0Dabola-Ciss\u00e9la\u00a0via\u00a0Kouroussa, le Pr\u00e9sident de la R\u00e9publique Alpha Cond\u00e9 a proc\u00e9d\u00e9 samedi \u00e0 la\u00a0pose\u00a0de la premi\u00e8re pierre, de la route\u00a0Kouroussa-Dabola, longue de 150\u00a0kilom\u00e8tres. Cet \u00e9v\u00e8nement marquant a connu la pr\u00e9sence de certains membres du gouvernement et des autorit\u00e9s pr\u00e9fectorales de la ville de\u00a0Kouroussa. Financ\u00e9 par la [&hellip;]<\/p>\n","protected":false},"author":12,"featured_media":27502,"comment_status":"closed","ping_status":"closed","sticky":false,"template":"","format":"standard","meta":{"_exactmetrics_skip_tracking":false,"_exactmetrics_sitenote_active":false,"_exactmetrics_sitenote_note":"","_exactmetrics_sitenote_category":0,"tdm_status":"","tdm_grid_status":"","footnotes":""},"categories":[16],"tags":[],"class_list":{"0":"post-27501","1":"post","2":"type-post","3":"status-publish","4":"format-standard","5":"has-post-thumbnail","7":"category-societe"},"yoast_head":"<!-- This site is optimized with the Yoast SEO plugin v24.2 - https:\/\/yoast.com\/wordpress\/plugins\/seo\/ -->\n<title>R\u00e9habilitation des grandes voies nationales et des voiries : le pr\u00e9sident Cond\u00e9 pose la premi\u00e8re pierre du projet \u00e0 Kouroussa et Siguiri | Guin\u00e9e Diversit\u00e9<\/title>\n<meta name=\"robots\" content=\"index, follow, max-snippet:-1, max-image-preview:large, max-video-preview:-1\" \/>\n<link rel=\"canonical\" href=\"https:\/\/guineediversite.com\/index.php\/2018\/12\/10\/rehabilitation-des-grandes-voies-nationales-et-des-voiries-le-president-conde-pose-la-premiere-pierre-du-projet-a-kouroussa-et-siguiri\/\" \/>\n<meta property=\"og:locale\" content=\"fr_FR\" \/>\n<meta property=\"og:type\" content=\"article\" \/>\n<meta property=\"og:title\" content=\"R\u00e9habilitation des grandes voies nationales et des voiries : le pr\u00e9sident Cond\u00e9 pose la premi\u00e8re pierre du projet \u00e0 Kouroussa et Siguiri | Guin\u00e9e Diversit\u00e9\" \/>\n<meta property=\"og:description\" content=\"Dans le cadre du lancement et du d\u00e9marrage des travaux routiers\u00a0Dabola-Ciss\u00e9la\u00a0via\u00a0Kouroussa, le Pr\u00e9sident de la R\u00e9publique Alpha Cond\u00e9 a proc\u00e9d\u00e9 samedi \u00e0 la\u00a0pose\u00a0de la premi\u00e8re pierre, de la route\u00a0Kouroussa-Dabola, longue de 150\u00a0kilom\u00e8tres. Cet \u00e9v\u00e8nement marquant a connu la pr\u00e9sence de certains membres du gouvernement et des autorit\u00e9s pr\u00e9fectorales de la ville de\u00a0Kouroussa. Financ\u00e9 par la [&hellip;]\" \/>\n<meta property=\"og:url\" content=\"https:\/\/guineediversite.com\/index.php\/2018\/12\/10\/rehabilitation-des-grandes-voies-nationales-et-des-voiries-le-president-conde-pose-la-premiere-pierre-du-projet-a-kouroussa-et-siguiri\/\" \/>\n<meta property=\"og:site_name\" content=\"Guin\u00e9e Diversit\u00e9\" \/>\n<meta property=\"article:publisher\" content=\"https:\/\/www.facebook.com\/guineediversite\/\" \/>\n<meta property=\"article:published_time\" content=\"2018-12-10T12:07:46+00:00\" \/>\n<meta property=\"article:modified_time\" content=\"2018-12-10T12:07:53+00:00\" \/>\n<meta property=\"og:image\" content=\"https:\/\/guineediversite.com\/wp-content\/uploads\/2018\/12\/photo-Tourn\u00e9-TP-JR1-3.jpg\" \/>\n\t<meta property=\"og:image:width\" content=\"1024\" \/>\n\t<meta property=\"og:image:height\" content=\"562\" \/>\n\t<meta property=\"og:image:type\" content=\"image\/jpeg\" \/>\n<meta name=\"author\" content=\"Guin\u00e9e Diversit\u00e9\" \/>\n<meta name=\"twitter:card\" content=\"summary_large_image\" \/>\n<meta name=\"twitter:creator\" content=\"@GuineeDiversite\" \/>\n<meta name=\"twitter:site\" content=\"@GuineeDiversite\" \/>\n<meta name=\"twitter:label1\" content=\"\u00c9crit par\" \/>\n\t<meta name=\"twitter:data1\" content=\"Guin\u00e9e Diversit\u00e9\" \/>\n\t<meta name=\"twitter:label2\" content=\"Dur\u00e9e de lecture estim\u00e9e\" \/>\n\t<meta name=\"twitter:data2\" content=\"2 minutes\" \/>\n<script type=\"application\/ld+json\" class=\"yoast-schema-graph\">{\"@context\":\"https:\/\/schema.org\",\"@graph\":[{\"@type\":\"Article\",\"@id\":\"https:\/\/guineediversite.com\/index.php\/2018\/12\/10\/rehabilitation-des-grandes-voies-nationales-et-des-voiries-le-president-conde-pose-la-premiere-pierre-du-projet-a-kouroussa-et-siguiri\/#article\",\"isPartOf\":{\"@id\":\"https:\/\/guineediversite.com\/index.php\/2018\/12\/10\/rehabilitation-des-grandes-voies-nationales-et-des-voiries-le-president-conde-pose-la-premiere-pierre-du-projet-a-kouroussa-et-siguiri\/\"},\"author\":{\"name\":\"Guin\u00e9e Diversit\u00e9\",\"@id\":\"https:\/\/guineediversite.com\/#\/schema\/person\/afa08fb34e7fc6e1feafc892612bc836\"},\"headline\":\"R\u00e9habilitation des grandes voies nationales et des voiries : le pr\u00e9sident Cond\u00e9 pose la premi\u00e8re pierre du projet \u00e0 Kouroussa et Siguiri\",\"datePublished\":\"2018-12-10T12:07:46+00:00\",\"dateModified\":\"2018-12-10T12:07:53+00:00\",\"mainEntityOfPage\":{\"@id\":\"https:\/\/guineediversite.com\/index.php\/2018\/12\/10\/rehabilitation-des-grandes-voies-nationales-et-des-voiries-le-president-conde-pose-la-premiere-pierre-du-projet-a-kouroussa-et-siguiri\/\"},\"wordCount\":513,\"publisher\":{\"@id\":\"https:\/\/guineediversite.com\/#organization\"},\"image\":{\"@id\":\"https:\/\/guineediversite.com\/index.php\/2018\/12\/10\/rehabilitation-des-grandes-voies-nationales-et-des-voiries-le-president-conde-pose-la-premiere-pierre-du-projet-a-kouroussa-et-siguiri\/#primaryimage\"},\"thumbnailUrl\":\"https:\/\/guineediversite.com\/wp-content\/uploads\/2018\/12\/photo-Tourn\u00e9-TP-JR1-3.jpg\",\"articleSection\":[\"Soci\u00e9t\u00e9\"],\"inLanguage\":\"fr-FR\"},{\"@type\":\"WebPage\",\"@id\":\"https:\/\/guineediversite.com\/index.php\/2018\/12\/10\/rehabilitation-des-grandes-voies-nationales-et-des-voiries-le-president-conde-pose-la-premiere-pierre-du-projet-a-kouroussa-et-siguiri\/\",\"url\":\"https:\/\/guineediversite.com\/index.php\/2018\/12\/10\/rehabilitation-des-grandes-voies-nationales-et-des-voiries-le-president-conde-pose-la-premiere-pierre-du-projet-a-kouroussa-et-siguiri\/\",\"name\":\"R\u00e9habilitation des grandes voies nationales et des voiries : le pr\u00e9sident Cond\u00e9 pose la premi\u00e8re pierre du projet \u00e0 Kouroussa et Siguiri | Guin\u00e9e Diversit\u00e9\",\"isPartOf\":{\"@id\":\"https:\/\/guineediversite.com\/#website\"},\"primaryImageOfPage\":{\"@id\":\"https:\/\/guineediversite.com\/index.php\/2018\/12\/10\/rehabilitation-des-grandes-voies-nationales-et-des-voiries-le-president-conde-pose-la-premiere-pierre-du-projet-a-kouroussa-et-siguiri\/#primaryimage\"},\"image\":{\"@id\":\"https:\/\/guineediversite.com\/index.php\/2018\/12\/10\/rehabilitation-des-grandes-voies-nationales-et-des-voiries-le-president-conde-pose-la-premiere-pierre-du-projet-a-kouroussa-et-siguiri\/#primaryimage\"},\"thumbnailUrl\":\"https:\/\/guineediversite.com\/wp-content\/uploads\/2018\/12\/photo-Tourn\u00e9-TP-JR1-3.jpg\",\"datePublished\":\"2018-12-10T12:07:46+00:00\",\"dateModified\":\"2018-12-10T12:07:53+00:00\",\"breadcrumb\":{\"@id\":\"https:\/\/guineediversite.com\/index.php\/2018\/12\/10\/rehabilitation-des-grandes-voies-nationales-et-des-voiries-le-president-conde-pose-la-premiere-pierre-du-projet-a-kouroussa-et-siguiri\/#breadcrumb\"},\"inLanguage\":\"fr-FR\",\"potentialAction\":[{\"@type\":\"ReadAction\",\"target\":[\"https:\/\/guineediversite.com\/index.php\/2018\/12\/10\/rehabilitation-des-grandes-voies-nationales-et-des-voiries-le-president-conde-pose-la-premiere-pierre-du-projet-a-kouroussa-et-siguiri\/\"]}]},{\"@type\":\"ImageObject\",\"inLanguage\":\"fr-FR\",\"@id\":\"https:\/\/guineediversite.com\/index.php\/2018\/12\/10\/rehabilitation-des-grandes-voies-nationales-et-des-voiries-le-president-conde-pose-la-premiere-pierre-du-projet-a-kouroussa-et-siguiri\/#primaryimage\",\"url\":\"https:\/\/guineediversite.com\/wp-content\/uploads\/2018\/12\/photo-Tourn\u00e9-TP-JR1-3.jpg\",\"contentUrl\":\"https:\/\/guineediversite.com\/wp-content\/uploads\/2018\/12\/photo-Tourn\u00e9-TP-JR1-3.jpg\",\"width\":1024,\"height\":562},{\"@type\":\"BreadcrumbList\",\"@id\":\"https:\/\/guineediversite.com\/index.php\/2018\/12\/10\/rehabilitation-des-grandes-voies-nationales-et-des-voiries-le-president-conde-pose-la-premiere-pierre-du-projet-a-kouroussa-et-siguiri\/#breadcrumb\",\"itemListElement\":[{\"@type\":\"ListItem\",\"position\":1,\"name\":\"Accueil\",\"item\":\"https:\/\/guineediversite.com\/\"},{\"@type\":\"ListItem\",\"position\":2,\"name\":\"R\u00e9habilitation des grandes voies nationales et des voiries : le pr\u00e9sident Cond\u00e9 pose la premi\u00e8re pierre du projet \u00e0 Kouroussa et Siguiri\"}]},{\"@type\":\"WebSite\",\"@id\":\"https:\/\/guineediversite.com\/#website\",\"url\":\"https:\/\/guineediversite.com\/\",\"name\":\"Guin\u00e9e Diversit\u00e9\",\"description\":\"L&#039;Info dans toute sa diversit\u00e9\",\"publisher\":{\"@id\":\"https:\/\/guineediversite.com\/#organization\"},\"potentialAction\":[{\"@type\":\"SearchAction\",\"target\":{\"@type\":\"EntryPoint\",\"urlTemplate\":\"https:\/\/guineediversite.com\/?s={search_term_string}\"},\"query-input\":{\"@type\":\"PropertyValueSpecification\",\"valueRequired\":true,\"valueName\":\"search_term_string\"}}],\"inLanguage\":\"fr-FR\"},{\"@type\":\"Organization\",\"@id\":\"https:\/\/guineediversite.com\/#organization\",\"name\":\"Guin\u00e9e Diversit\u00e9\",\"url\":\"https:\/\/guineediversite.com\/\",\"logo\":{\"@type\":\"ImageObject\",\"inLanguage\":\"fr-FR\",\"@id\":\"https:\/\/guineediversite.com\/#\/schema\/logo\/image\/\",\"url\":\"https:\/\/guineediversite.com\/wp-content\/uploads\/2017\/04\/cropped-1jojlxEOMkX9Wyqfhe43D6kjPOGqBBKmx3EwWJqZ0cMrFF54yM49.png\",\"contentUrl\":\"https:\/\/guineediversite.com\/wp-content\/uploads\/2017\/04\/cropped-1jojlxEOMkX9Wyqfhe43D6kjPOGqBBKmx3EwWJqZ0cMrFF54yM49.png\",\"width\":186,\"height\":112,\"caption\":\"Guin\u00e9e Diversit\u00e9\"},\"image\":{\"@id\":\"https:\/\/guineediversite.com\/#\/schema\/logo\/image\/\"},\"sameAs\":[\"https:\/\/www.facebook.com\/guineediversite\/\",\"https:\/\/x.com\/GuineeDiversite\",\"https:\/\/www.youtube.com\/channel\/UC8sUY16qelG5ge6_D5SB83g\"]},{\"@type\":\"Person\",\"@id\":\"https:\/\/guineediversite.com\/#\/schema\/person\/afa08fb34e7fc6e1feafc892612bc836\",\"name\":\"Guin\u00e9e Diversit\u00e9\",\"image\":{\"@type\":\"ImageObject\",\"inLanguage\":\"fr-FR\",\"@id\":\"https:\/\/guineediversite.com\/#\/schema\/person\/image\/\",\"url\":\"https:\/\/secure.gravatar.com\/avatar\/50d5eb5b390f8b65ac30ac6f898eb83a?s=96&d=mm&r=g\",\"contentUrl\":\"https:\/\/secure.gravatar.com\/avatar\/50d5eb5b390f8b65ac30ac6f898eb83a?s=96&d=mm&r=g\",\"caption\":\"Guin\u00e9e Diversit\u00e9\"},\"url\":\"https:\/\/guineediversite.com\/index.php\/author\/guineediversite\/\"}]}<\/script>\n<!-- \/ Yoast SEO plugin. -->","yoast_head_json":{"title":"R\u00e9habilitation des grandes voies nationales et des voiries : le pr\u00e9sident Cond\u00e9 pose la premi\u00e8re pierre du projet \u00e0 Kouroussa et Siguiri | Guin\u00e9e Diversit\u00e9","robots":{"index":"index","follow":"follow","max-snippet":"max-snippet:-1","max-image-preview":"max-image-preview:large","max-video-preview":"max-video-preview:-1"},"canonical":"https:\/\/guineediversite.com\/index.php\/2018\/12\/10\/rehabilitation-des-grandes-voies-nationales-et-des-voiries-le-president-conde-pose-la-premiere-pierre-du-projet-a-kouroussa-et-siguiri\/","og_locale":"fr_FR","og_type":"article","og_title":"R\u00e9habilitation des grandes voies nationales et des voiries : le pr\u00e9sident Cond\u00e9 pose la premi\u00e8re pierre du projet \u00e0 Kouroussa et Siguiri | Guin\u00e9e Diversit\u00e9","og_description":"Dans le cadre du lancement et du d\u00e9marrage des travaux routiers\u00a0Dabola-Ciss\u00e9la\u00a0via\u00a0Kouroussa, le Pr\u00e9sident de la R\u00e9publique Alpha Cond\u00e9 a proc\u00e9d\u00e9 samedi \u00e0 la\u00a0pose\u00a0de la premi\u00e8re pierre, de la route\u00a0Kouroussa-Dabola, longue de 150\u00a0kilom\u00e8tres. Cet \u00e9v\u00e8nement marquant a connu la pr\u00e9sence de certains membres du gouvernement et des autorit\u00e9s pr\u00e9fectorales de la ville de\u00a0Kouroussa. Financ\u00e9 par la [&hellip;]","og_url":"https:\/\/guineediversite.com\/index.php\/2018\/12\/10\/rehabilitation-des-grandes-voies-nationales-et-des-voiries-le-president-conde-pose-la-premiere-pierre-du-projet-a-kouroussa-et-siguiri\/","og_site_name":"Guin\u00e9e Diversit\u00e9","article_publisher":"https:\/\/www.facebook.com\/guineediversite\/","article_published_time":"2018-12-10T12:07:46+00:00","article_modified_time":"2018-12-10T12:07:53+00:00","og_image":[{"width":1024,"height":562,"url":"https:\/\/guineediversite.com\/wp-content\/uploads\/2018\/12\/photo-Tourn\u00e9-TP-JR1-3.jpg","type":"image\/jpeg"}],"author":"Guin\u00e9e Diversit\u00e9","twitter_card":"summary_large_image","twitter_creator":"@GuineeDiversite","twitter_site":"@GuineeDiversite","twitter_misc":{"\u00c9crit par":"Guin\u00e9e Diversit\u00e9","Dur\u00e9e de lecture estim\u00e9e":"2 minutes"},"schema":{"@context":"https:\/\/schema.org","@graph":[{"@type":"Article","@id":"https:\/\/guineediversite.com\/index.php\/2018\/12\/10\/rehabilitation-des-grandes-voies-nationales-et-des-voiries-le-president-conde-pose-la-premiere-pierre-du-projet-a-kouroussa-et-siguiri\/#article","isPartOf":{"@id":"https:\/\/guineediversite.com\/index.php\/2018\/12\/10\/rehabilitation-des-grandes-voies-nationales-et-des-voiries-le-president-conde-pose-la-premiere-pierre-du-projet-a-kouroussa-et-siguiri\/"},"author":{"name":"Guin\u00e9e Diversit\u00e9","@id":"https:\/\/guineediversite.com\/#\/schema\/person\/afa08fb34e7fc6e1feafc892612bc836"},"headline":"R\u00e9habilitation des grandes voies nationales et des voiries : le pr\u00e9sident Cond\u00e9 pose la premi\u00e8re pierre du projet \u00e0 Kouroussa et Siguiri","datePublished":"2018-12-10T12:07:46+00:00","dateModified":"2018-12-10T12:07:53+00:00","mainEntityOfPage":{"@id":"https:\/\/guineediversite.com\/index.php\/2018\/12\/10\/rehabilitation-des-grandes-voies-nationales-et-des-voiries-le-president-conde-pose-la-premiere-pierre-du-projet-a-kouroussa-et-siguiri\/"},"wordCount":513,"publisher":{"@id":"https:\/\/guineediversite.com\/#organization"},"image":{"@id":"https:\/\/guineediversite.com\/index.php\/2018\/12\/10\/rehabilitation-des-grandes-voies-nationales-et-des-voiries-le-president-conde-pose-la-premiere-pierre-du-projet-a-kouroussa-et-siguiri\/#primaryimage"},"thumbnailUrl":"https:\/\/guineediversite.com\/wp-content\/uploads\/2018\/12\/photo-Tourn\u00e9-TP-JR1-3.jpg","articleSection":["Soci\u00e9t\u00e9"],"inLanguage":"fr-FR"},{"@type":"WebPage","@id":"https:\/\/guineediversite.com\/index.php\/2018\/12\/10\/rehabilitation-des-grandes-voies-nationales-et-des-voiries-le-president-conde-pose-la-premiere-pierre-du-projet-a-kouroussa-et-siguiri\/","url":"https:\/\/guineediversite.com\/index.php\/2018\/12\/10\/rehabilitation-des-grandes-voies-nationales-et-des-voiries-le-president-conde-pose-la-premiere-pierre-du-projet-a-kouroussa-et-siguiri\/","name":"R\u00e9habilitation des grandes voies nationales et des voiries : le pr\u00e9sident Cond\u00e9 pose la premi\u00e8re pierre du projet \u00e0 Kouroussa et Siguiri | Guin\u00e9e Diversit\u00e9","isPartOf":{"@id":"https:\/\/guineediversite.com\/#website"},"primaryImageOfPage":{"@id":"https:\/\/guineediversite.com\/index.php\/2018\/12\/10\/rehabilitation-des-grandes-voies-nationales-et-des-voiries-le-president-conde-pose-la-premiere-pierre-du-projet-a-kouroussa-et-siguiri\/#primaryimage"},"image":{"@id":"https:\/\/guineediversite.com\/index.php\/2018\/12\/10\/rehabilitation-des-grandes-voies-nationales-et-des-voiries-le-president-conde-pose-la-premiere-pierre-du-projet-a-kouroussa-et-siguiri\/#primaryimage"},"thumbnailUrl":"https:\/\/guineediversite.com\/wp-content\/uploads\/2018\/12\/photo-Tourn\u00e9-TP-JR1-3.jpg","datePublished":"2018-12-10T12:07:46+00:00","dateModified":"2018-12-10T12:07:53+00:00","breadcrumb":{"@id":"https:\/\/guineediversite.com\/index.php\/2018\/12\/10\/rehabilitation-des-grandes-voies-nationales-et-des-voiries-le-president-conde-pose-la-premiere-pierre-du-projet-a-kouroussa-et-siguiri\/#breadcrumb"},"inLanguage":"fr-FR","potentialAction":[{"@type":"ReadAction","target":["https:\/\/guineediversite.com\/index.php\/2018\/12\/10\/rehabilitation-des-grandes-voies-nationales-et-des-voiries-le-president-conde-pose-la-premiere-pierre-du-projet-a-kouroussa-et-siguiri\/"]}]},{"@type":"ImageObject","inLanguage":"fr-FR","@id":"https:\/\/guineediversite.com\/index.php\/2018\/12\/10\/rehabilitation-des-grandes-voies-nationales-et-des-voiries-le-president-conde-pose-la-premiere-pierre-du-projet-a-kouroussa-et-siguiri\/#primaryimage","url":"https:\/\/guineediversite.com\/wp-content\/uploads\/2018\/12\/photo-Tourn\u00e9-TP-JR1-3.jpg","contentUrl":"https:\/\/guineediversite.com\/wp-content\/uploads\/2018\/12\/photo-Tourn\u00e9-TP-JR1-3.jpg","width":1024,"height":562},{"@type":"BreadcrumbList","@id":"https:\/\/guineediversite.com\/index.php\/2018\/12\/10\/rehabilitation-des-grandes-voies-nationales-et-des-voiries-le-president-conde-pose-la-premiere-pierre-du-projet-a-kouroussa-et-siguiri\/#breadcrumb","itemListElement":[{"@type":"ListItem","position":1,"name":"Accueil","item":"https:\/\/guineediversite.com\/"},{"@type":"ListItem","position":2,"name":"R\u00e9habilitation des grandes voies nationales et des voiries : le pr\u00e9sident Cond\u00e9 pose la premi\u00e8re pierre du projet \u00e0 Kouroussa et Siguiri"}]},{"@type":"WebSite","@id":"https:\/\/guineediversite.com\/#website","url":"https:\/\/guineediversite.com\/","name":"Guin\u00e9e Diversit\u00e9","description":"L&#039;Info dans toute sa diversit\u00e9","publisher":{"@id":"https:\/\/guineediversite.com\/#organization"},"potentialAction":[{"@type":"SearchAction","target":{"@type":"EntryPoint","urlTemplate":"https:\/\/guineediversite.com\/?s={search_term_string}"},"query-input":{"@type":"PropertyValueSpecification","valueRequired":true,"valueName":"search_term_string"}}],"inLanguage":"fr-FR"},{"@type":"Organization","@id":"https:\/\/guineediversite.com\/#organization","name":"Guin\u00e9e Diversit\u00e9","url":"https:\/\/guineediversite.com\/","logo":{"@type":"ImageObject","inLanguage":"fr-FR","@id":"https:\/\/guineediversite.com\/#\/schema\/logo\/image\/","url":"https:\/\/guineediversite.com\/wp-content\/uploads\/2017\/04\/cropped-1jojlxEOMkX9Wyqfhe43D6kjPOGqBBKmx3EwWJqZ0cMrFF54yM49.png","contentUrl":"https:\/\/guineediversite.com\/wp-content\/uploads\/2017\/04\/cropped-1jojlxEOMkX9Wyqfhe43D6kjPOGqBBKmx3EwWJqZ0cMrFF54yM49.png","width":186,"height":112,"caption":"Guin\u00e9e Diversit\u00e9"},"image":{"@id":"https:\/\/guineediversite.com\/#\/schema\/logo\/image\/"},"sameAs":["https:\/\/www.facebook.com\/guineediversite\/","https:\/\/x.com\/GuineeDiversite","https:\/\/www.youtube.com\/channel\/UC8sUY16qelG5ge6_D5SB83g"]},{"@type":"Person","@id":"https:\/\/guineediversite.com\/#\/schema\/person\/afa08fb34e7fc6e1feafc892612bc836","name":"Guin\u00e9e Diversit\u00e9","image":{"@type":"ImageObject","inLanguage":"fr-FR","@id":"https:\/\/guineediversite.com\/#\/schema\/person\/image\/","url":"https:\/\/secure.gravatar.com\/avatar\/50d5eb5b390f8b65ac30ac6f898eb83a?s=96&d=mm&r=g","contentUrl":"https:\/\/secure.gravatar.com\/avatar\/50d5eb5b390f8b65ac30ac6f898eb83a?s=96&d=mm&r=g","caption":"Guin\u00e9e Diversit\u00e9"},"url":"https:\/\/guineediversite.com\/index.php\/author\/guineediversite\/"}]}},"_links":{"self":[{"href":"https:\/\/guineediversite.com\/index.php\/wp-json\/wp\/v2\/posts\/27501"}],"collection":[{"href":"https:\/\/guineediversite.com\/index.php\/wp-json\/wp\/v2\/posts"}],"about":[{"href":"https:\/\/guineediversite.com\/index.php\/wp-json\/wp\/v2\/types\/post"}],"author":[{"embeddable":true,"href":"https:\/\/guineediversite.com\/index.php\/wp-json\/wp\/v2\/users\/12"}],"replies":[{"embeddable":true,"href":"https:\/\/guineediversite.com\/index.php\/wp-json\/wp\/v2\/comments?post=27501"}],"version-history":[{"count":0,"href":"https:\/\/guineediversite.com\/index.php\/wp-json\/wp\/v2\/posts\/27501\/revisions"}],"wp:featuredmedia":[{"embeddable":true,"href":"https:\/\/guineediversite.com\/index.php\/wp-json\/wp\/v2\/media\/27502"}],"wp:attachment":[{"href":"https:\/\/guineediversite.com\/index.php\/wp-json\/wp\/v2\/media?parent=27501"}],"wp:term":[{"taxonomy":"category","embeddable":true,"href":"https:\/\/guineediversite.com\/index.php\/wp-json\/wp\/v2\/categories?post=27501"},{"taxonomy":"post_tag","embeddable":true,"href":"https:\/\/guineediversite.com\/index.php\/wp-json\/wp\/v2\/tags?post=27501"}],"curies":[{"name":"wp","href":"https:\/\/api.w.org\/{rel}","templated":true}]}}