{"id":27491,"date":"2018-12-10T12:47:23","date_gmt":"2018-12-10T11:47:23","guid":{"rendered":"https:\/\/guineediversite.com\/?p=27491"},"modified":"2018-12-10T12:47:23","modified_gmt":"2018-12-10T11:47:23","slug":"le-president-alpha-conde-sur-le-chantier-de-laxe-kankan-mandiana","status":"publish","type":"post","link":"https:\/\/guineediversite.com\/index.php\/2018\/12\/10\/le-president-alpha-conde-sur-le-chantier-de-laxe-kankan-mandiana\/","title":{"rendered":"Le pr\u00e9sident Alpha cond\u00e9 sur le chantier de l\u2019axe Kankan-Mandiana"},"content":{"rendered":"<p>Moins de 24 heures apr\u00e8s avoir proc\u00e9d\u00e9 au lancement des travaux de la route Kouroussa-Ciss\u00e9la, longue de 150 kilom\u00e8tres, le Pr\u00e9sident de la R\u00e9publique Alpha Cond\u00e9 s\u2019est rendu ce dimanche sur le chantier de la route nationale Kankan- Mandiana.<\/p>\n<p>En effet, r\u00e9alis\u00e9e par la soci\u00e9t\u00e9 GUITER SA, la construction de cette chauss\u00e9e sera \u00e9tablie selon les standards de la CEDEAO actuellement en vigueur dont la caract\u00e9ristique est r\u00e9partie en 2 voies de 3 M 50 chacune et qui sera bord\u00e9e par les accotements. Estim\u00e9 \u00e0 pr\u00e8s 76 kilom\u00e8tres, le bitumage de cette route commencera \u00e0 partir du PK 17 jusqu&rsquo;au niveau du PK 93 pour une dur\u00e9e d&rsquo;ex\u00e9cution de 24 mois.<\/p>\n<p>Pour le directeur de g\u00e9n\u00e9ral adjoint de l&rsquo;entreprise GUITER SA le d\u00e9marrage de ce projet Kankan &#8211; Mandiana a \u00e9t\u00e9 lanc\u00e9 pour la premi\u00e8re fois en 2014 dans le cadre de la r\u00e9alisation de la premi\u00e8re tranche valid\u00e9 par l&rsquo;administration et les d\u00e9partements intervenant sur ce projet. Selon lui, 4 ans apr\u00e8s la signature du contrat il s&rsquo;agit maintenant d&rsquo;un avenant pour r\u00e9gulariser la situation administrative et d\u00e9marrer les travaux de la tranche optionnelle qui consistent \u00e0 r\u00e9aliser les 85 kilom\u00e8tres a-t-il ajout\u00e9.<\/p>\n<p>Plus loin, le DGA de GUITER SA a rassur\u00e9 l&rsquo;ensemble de la population pour la garantie et la continuit\u00e9 des travaux li\u00e9s \u00e0 la r\u00e9alisation dudit projet \u00e0 travers la signature des accords pour les financements dont le co\u00fbt global des divers projets est estim\u00e9 \u00e0 environ 126 millions d&rsquo;euros. Des \u00e9tudes sont \u00e9galement en cours de supervision pour la r\u00e9alisation de la route Mandiana jusqu&rsquo;\u00e0 la fronti\u00e8re du Mali longue de 56 kilom\u00e8tres.<\/p>\n<p><strong>La Cellule de Communication du Gouvernement.<\/strong><\/p>\n<p><img loading=\"lazy\" decoding=\"async\" class=\"alignnone  wp-image-27493\" src=\"https:\/\/guineediversite.com.bwjx4292.odns.fr\/wp-content\/uploads\/2018\/12\/photo-tp-jr2-2-300x200.jpg\" alt=\"\" width=\"888\" height=\"592\" srcset=\"https:\/\/guineediversite.com\/wp-content\/uploads\/2018\/12\/photo-tp-jr2-2-300x200.jpg 300w, https:\/\/guineediversite.com\/wp-content\/uploads\/2018\/12\/photo-tp-jr2-2-768x512.jpg 768w, https:\/\/guineediversite.com\/wp-content\/uploads\/2018\/12\/photo-tp-jr2-2.jpg 1024w, https:\/\/guineediversite.com\/wp-content\/uploads\/2018\/12\/photo-tp-jr2-2-600x400.jpg 600w\" sizes=\"(max-width: 888px) 100vw, 888px\" \/><\/p>\n","protected":false},"excerpt":{"rendered":"<p>Moins de 24 heures apr\u00e8s avoir proc\u00e9d\u00e9 au lancement des travaux de la route Kouroussa-Ciss\u00e9la, longue de 150 kilom\u00e8tres, le Pr\u00e9sident de la R\u00e9publique Alpha Cond\u00e9 s\u2019est rendu ce dimanche sur le chantier de la route nationale Kankan- Mandiana. En effet, r\u00e9alis\u00e9e par la soci\u00e9t\u00e9 GUITER SA, la construction de cette chauss\u00e9e sera \u00e9tablie selon [&hellip;]<\/p>\n","protected":false},"author":12,"featured_media":27492,"comment_status":"closed","ping_status":"closed","sticky":false,"template":"","format":"standard","meta":{"_exactmetrics_skip_tracking":false,"_exactmetrics_sitenote_active":false,"_exactmetrics_sitenote_note":"","_exactmetrics_sitenote_category":0,"tdm_status":"","tdm_grid_status":"","footnotes":""},"categories":[1],"tags":[],"class_list":{"0":"post-27491","1":"post","2":"type-post","3":"status-publish","4":"format-standard","5":"has-post-thumbnail","7":"category-non-classe"},"yoast_head":"<!-- This site is optimized with the Yoast SEO plugin v24.2 - https:\/\/yoast.com\/wordpress\/plugins\/seo\/ -->\n<title>Le pr\u00e9sident Alpha cond\u00e9 sur le chantier de l\u2019axe Kankan-Mandiana | Guin\u00e9e Diversit\u00e9<\/title>\n<meta name=\"robots\" content=\"index, follow, max-snippet:-1, max-image-preview:large, max-video-preview:-1\" \/>\n<link rel=\"canonical\" href=\"https:\/\/guineediversite.com\/index.php\/2018\/12\/10\/le-president-alpha-conde-sur-le-chantier-de-laxe-kankan-mandiana\/\" \/>\n<meta property=\"og:locale\" content=\"fr_FR\" \/>\n<meta property=\"og:type\" content=\"article\" \/>\n<meta property=\"og:title\" content=\"Le pr\u00e9sident Alpha cond\u00e9 sur le chantier de l\u2019axe Kankan-Mandiana | Guin\u00e9e Diversit\u00e9\" \/>\n<meta property=\"og:description\" content=\"Moins de 24 heures apr\u00e8s avoir proc\u00e9d\u00e9 au lancement des travaux de la route Kouroussa-Ciss\u00e9la, longue de 150 kilom\u00e8tres, le Pr\u00e9sident de la R\u00e9publique Alpha Cond\u00e9 s\u2019est rendu ce dimanche sur le chantier de la route nationale Kankan- Mandiana. En effet, r\u00e9alis\u00e9e par la soci\u00e9t\u00e9 GUITER SA, la construction de cette chauss\u00e9e sera \u00e9tablie selon [&hellip;]\" \/>\n<meta property=\"og:url\" content=\"https:\/\/guineediversite.com\/index.php\/2018\/12\/10\/le-president-alpha-conde-sur-le-chantier-de-laxe-kankan-mandiana\/\" \/>\n<meta property=\"og:site_name\" content=\"Guin\u00e9e Diversit\u00e9\" \/>\n<meta property=\"article:publisher\" content=\"https:\/\/www.facebook.com\/guineediversite\/\" \/>\n<meta property=\"article:published_time\" content=\"2018-12-10T11:47:23+00:00\" \/>\n<meta property=\"og:image\" content=\"https:\/\/guineediversite.com\/wp-content\/uploads\/2018\/12\/photo-tp-jr2.jpg\" \/>\n\t<meta property=\"og:image:width\" content=\"1024\" \/>\n\t<meta property=\"og:image:height\" content=\"683\" \/>\n\t<meta property=\"og:image:type\" content=\"image\/jpeg\" \/>\n<meta name=\"author\" content=\"Guin\u00e9e Diversit\u00e9\" \/>\n<meta name=\"twitter:card\" content=\"summary_large_image\" \/>\n<meta name=\"twitter:creator\" content=\"@GuineeDiversite\" \/>\n<meta name=\"twitter:site\" content=\"@GuineeDiversite\" \/>\n<meta name=\"twitter:label1\" content=\"\u00c9crit par\" \/>\n\t<meta name=\"twitter:data1\" content=\"Guin\u00e9e Diversit\u00e9\" \/>\n\t<meta name=\"twitter:label2\" content=\"Dur\u00e9e de lecture estim\u00e9e\" \/>\n\t<meta name=\"twitter:data2\" content=\"1 minute\" \/>\n<script type=\"application\/ld+json\" class=\"yoast-schema-graph\">{\"@context\":\"https:\/\/schema.org\",\"@graph\":[{\"@type\":\"Article\",\"@id\":\"https:\/\/guineediversite.com\/index.php\/2018\/12\/10\/le-president-alpha-conde-sur-le-chantier-de-laxe-kankan-mandiana\/#article\",\"isPartOf\":{\"@id\":\"https:\/\/guineediversite.com\/index.php\/2018\/12\/10\/le-president-alpha-conde-sur-le-chantier-de-laxe-kankan-mandiana\/\"},\"author\":{\"name\":\"Guin\u00e9e Diversit\u00e9\",\"@id\":\"https:\/\/guineediversite.com\/#\/schema\/person\/afa08fb34e7fc6e1feafc892612bc836\"},\"headline\":\"Le pr\u00e9sident Alpha cond\u00e9 sur le chantier de l\u2019axe Kankan-Mandiana\",\"datePublished\":\"2018-12-10T11:47:23+00:00\",\"dateModified\":\"2018-12-10T11:47:23+00:00\",\"mainEntityOfPage\":{\"@id\":\"https:\/\/guineediversite.com\/index.php\/2018\/12\/10\/le-president-alpha-conde-sur-le-chantier-de-laxe-kankan-mandiana\/\"},\"wordCount\":310,\"publisher\":{\"@id\":\"https:\/\/guineediversite.com\/#organization\"},\"image\":{\"@id\":\"https:\/\/guineediversite.com\/index.php\/2018\/12\/10\/le-president-alpha-conde-sur-le-chantier-de-laxe-kankan-mandiana\/#primaryimage\"},\"thumbnailUrl\":\"https:\/\/guineediversite.com\/wp-content\/uploads\/2018\/12\/photo-tp-jr2.jpg\",\"inLanguage\":\"fr-FR\"},{\"@type\":\"WebPage\",\"@id\":\"https:\/\/guineediversite.com\/index.php\/2018\/12\/10\/le-president-alpha-conde-sur-le-chantier-de-laxe-kankan-mandiana\/\",\"url\":\"https:\/\/guineediversite.com\/index.php\/2018\/12\/10\/le-president-alpha-conde-sur-le-chantier-de-laxe-kankan-mandiana\/\",\"name\":\"Le pr\u00e9sident Alpha cond\u00e9 sur le chantier de l\u2019axe Kankan-Mandiana | Guin\u00e9e Diversit\u00e9\",\"isPartOf\":{\"@id\":\"https:\/\/guineediversite.com\/#website\"},\"primaryImageOfPage\":{\"@id\":\"https:\/\/guineediversite.com\/index.php\/2018\/12\/10\/le-president-alpha-conde-sur-le-chantier-de-laxe-kankan-mandiana\/#primaryimage\"},\"image\":{\"@id\":\"https:\/\/guineediversite.com\/index.php\/2018\/12\/10\/le-president-alpha-conde-sur-le-chantier-de-laxe-kankan-mandiana\/#primaryimage\"},\"thumbnailUrl\":\"https:\/\/guineediversite.com\/wp-content\/uploads\/2018\/12\/photo-tp-jr2.jpg\",\"datePublished\":\"2018-12-10T11:47:23+00:00\",\"dateModified\":\"2018-12-10T11:47:23+00:00\",\"breadcrumb\":{\"@id\":\"https:\/\/guineediversite.com\/index.php\/2018\/12\/10\/le-president-alpha-conde-sur-le-chantier-de-laxe-kankan-mandiana\/#breadcrumb\"},\"inLanguage\":\"fr-FR\",\"potentialAction\":[{\"@type\":\"ReadAction\",\"target\":[\"https:\/\/guineediversite.com\/index.php\/2018\/12\/10\/le-president-alpha-conde-sur-le-chantier-de-laxe-kankan-mandiana\/\"]}]},{\"@type\":\"ImageObject\",\"inLanguage\":\"fr-FR\",\"@id\":\"https:\/\/guineediversite.com\/index.php\/2018\/12\/10\/le-president-alpha-conde-sur-le-chantier-de-laxe-kankan-mandiana\/#primaryimage\",\"url\":\"https:\/\/guineediversite.com\/wp-content\/uploads\/2018\/12\/photo-tp-jr2.jpg\",\"contentUrl\":\"https:\/\/guineediversite.com\/wp-content\/uploads\/2018\/12\/photo-tp-jr2.jpg\",\"width\":1024,\"height\":683},{\"@type\":\"BreadcrumbList\",\"@id\":\"https:\/\/guineediversite.com\/index.php\/2018\/12\/10\/le-president-alpha-conde-sur-le-chantier-de-laxe-kankan-mandiana\/#breadcrumb\",\"itemListElement\":[{\"@type\":\"ListItem\",\"position\":1,\"name\":\"Accueil\",\"item\":\"https:\/\/guineediversite.com\/\"},{\"@type\":\"ListItem\",\"position\":2,\"name\":\"Le pr\u00e9sident Alpha cond\u00e9 sur le chantier de l\u2019axe Kankan-Mandiana\"}]},{\"@type\":\"WebSite\",\"@id\":\"https:\/\/guineediversite.com\/#website\",\"url\":\"https:\/\/guineediversite.com\/\",\"name\":\"Guin\u00e9e Diversit\u00e9\",\"description\":\"L&#039;Info dans toute sa diversit\u00e9\",\"publisher\":{\"@id\":\"https:\/\/guineediversite.com\/#organization\"},\"potentialAction\":[{\"@type\":\"SearchAction\",\"target\":{\"@type\":\"EntryPoint\",\"urlTemplate\":\"https:\/\/guineediversite.com\/?s={search_term_string}\"},\"query-input\":{\"@type\":\"PropertyValueSpecification\",\"valueRequired\":true,\"valueName\":\"search_term_string\"}}],\"inLanguage\":\"fr-FR\"},{\"@type\":\"Organization\",\"@id\":\"https:\/\/guineediversite.com\/#organization\",\"name\":\"Guin\u00e9e Diversit\u00e9\",\"url\":\"https:\/\/guineediversite.com\/\",\"logo\":{\"@type\":\"ImageObject\",\"inLanguage\":\"fr-FR\",\"@id\":\"https:\/\/guineediversite.com\/#\/schema\/logo\/image\/\",\"url\":\"https:\/\/guineediversite.com\/wp-content\/uploads\/2017\/04\/cropped-1jojlxEOMkX9Wyqfhe43D6kjPOGqBBKmx3EwWJqZ0cMrFF54yM49.png\",\"contentUrl\":\"https:\/\/guineediversite.com\/wp-content\/uploads\/2017\/04\/cropped-1jojlxEOMkX9Wyqfhe43D6kjPOGqBBKmx3EwWJqZ0cMrFF54yM49.png\",\"width\":186,\"height\":112,\"caption\":\"Guin\u00e9e Diversit\u00e9\"},\"image\":{\"@id\":\"https:\/\/guineediversite.com\/#\/schema\/logo\/image\/\"},\"sameAs\":[\"https:\/\/www.facebook.com\/guineediversite\/\",\"https:\/\/x.com\/GuineeDiversite\",\"https:\/\/www.youtube.com\/channel\/UC8sUY16qelG5ge6_D5SB83g\"]},{\"@type\":\"Person\",\"@id\":\"https:\/\/guineediversite.com\/#\/schema\/person\/afa08fb34e7fc6e1feafc892612bc836\",\"name\":\"Guin\u00e9e Diversit\u00e9\",\"image\":{\"@type\":\"ImageObject\",\"inLanguage\":\"fr-FR\",\"@id\":\"https:\/\/guineediversite.com\/#\/schema\/person\/image\/\",\"url\":\"https:\/\/secure.gravatar.com\/avatar\/50d5eb5b390f8b65ac30ac6f898eb83a?s=96&d=mm&r=g\",\"contentUrl\":\"https:\/\/secure.gravatar.com\/avatar\/50d5eb5b390f8b65ac30ac6f898eb83a?s=96&d=mm&r=g\",\"caption\":\"Guin\u00e9e Diversit\u00e9\"},\"url\":\"https:\/\/guineediversite.com\/index.php\/author\/guineediversite\/\"}]}<\/script>\n<!-- \/ Yoast SEO plugin. -->","yoast_head_json":{"title":"Le pr\u00e9sident Alpha cond\u00e9 sur le chantier de l\u2019axe Kankan-Mandiana | Guin\u00e9e Diversit\u00e9","robots":{"index":"index","follow":"follow","max-snippet":"max-snippet:-1","max-image-preview":"max-image-preview:large","max-video-preview":"max-video-preview:-1"},"canonical":"https:\/\/guineediversite.com\/index.php\/2018\/12\/10\/le-president-alpha-conde-sur-le-chantier-de-laxe-kankan-mandiana\/","og_locale":"fr_FR","og_type":"article","og_title":"Le pr\u00e9sident Alpha cond\u00e9 sur le chantier de l\u2019axe Kankan-Mandiana | Guin\u00e9e Diversit\u00e9","og_description":"Moins de 24 heures apr\u00e8s avoir proc\u00e9d\u00e9 au lancement des travaux de la route Kouroussa-Ciss\u00e9la, longue de 150 kilom\u00e8tres, le Pr\u00e9sident de la R\u00e9publique Alpha Cond\u00e9 s\u2019est rendu ce dimanche sur le chantier de la route nationale Kankan- Mandiana. En effet, r\u00e9alis\u00e9e par la soci\u00e9t\u00e9 GUITER SA, la construction de cette chauss\u00e9e sera \u00e9tablie selon [&hellip;]","og_url":"https:\/\/guineediversite.com\/index.php\/2018\/12\/10\/le-president-alpha-conde-sur-le-chantier-de-laxe-kankan-mandiana\/","og_site_name":"Guin\u00e9e Diversit\u00e9","article_publisher":"https:\/\/www.facebook.com\/guineediversite\/","article_published_time":"2018-12-10T11:47:23+00:00","og_image":[{"width":1024,"height":683,"url":"https:\/\/guineediversite.com\/wp-content\/uploads\/2018\/12\/photo-tp-jr2.jpg","type":"image\/jpeg"}],"author":"Guin\u00e9e Diversit\u00e9","twitter_card":"summary_large_image","twitter_creator":"@GuineeDiversite","twitter_site":"@GuineeDiversite","twitter_misc":{"\u00c9crit par":"Guin\u00e9e Diversit\u00e9","Dur\u00e9e de lecture estim\u00e9e":"1 minute"},"schema":{"@context":"https:\/\/schema.org","@graph":[{"@type":"Article","@id":"https:\/\/guineediversite.com\/index.php\/2018\/12\/10\/le-president-alpha-conde-sur-le-chantier-de-laxe-kankan-mandiana\/#article","isPartOf":{"@id":"https:\/\/guineediversite.com\/index.php\/2018\/12\/10\/le-president-alpha-conde-sur-le-chantier-de-laxe-kankan-mandiana\/"},"author":{"name":"Guin\u00e9e Diversit\u00e9","@id":"https:\/\/guineediversite.com\/#\/schema\/person\/afa08fb34e7fc6e1feafc892612bc836"},"headline":"Le pr\u00e9sident Alpha cond\u00e9 sur le chantier de l\u2019axe Kankan-Mandiana","datePublished":"2018-12-10T11:47:23+00:00","dateModified":"2018-12-10T11:47:23+00:00","mainEntityOfPage":{"@id":"https:\/\/guineediversite.com\/index.php\/2018\/12\/10\/le-president-alpha-conde-sur-le-chantier-de-laxe-kankan-mandiana\/"},"wordCount":310,"publisher":{"@id":"https:\/\/guineediversite.com\/#organization"},"image":{"@id":"https:\/\/guineediversite.com\/index.php\/2018\/12\/10\/le-president-alpha-conde-sur-le-chantier-de-laxe-kankan-mandiana\/#primaryimage"},"thumbnailUrl":"https:\/\/guineediversite.com\/wp-content\/uploads\/2018\/12\/photo-tp-jr2.jpg","inLanguage":"fr-FR"},{"@type":"WebPage","@id":"https:\/\/guineediversite.com\/index.php\/2018\/12\/10\/le-president-alpha-conde-sur-le-chantier-de-laxe-kankan-mandiana\/","url":"https:\/\/guineediversite.com\/index.php\/2018\/12\/10\/le-president-alpha-conde-sur-le-chantier-de-laxe-kankan-mandiana\/","name":"Le pr\u00e9sident Alpha cond\u00e9 sur le chantier de l\u2019axe Kankan-Mandiana | Guin\u00e9e Diversit\u00e9","isPartOf":{"@id":"https:\/\/guineediversite.com\/#website"},"primaryImageOfPage":{"@id":"https:\/\/guineediversite.com\/index.php\/2018\/12\/10\/le-president-alpha-conde-sur-le-chantier-de-laxe-kankan-mandiana\/#primaryimage"},"image":{"@id":"https:\/\/guineediversite.com\/index.php\/2018\/12\/10\/le-president-alpha-conde-sur-le-chantier-de-laxe-kankan-mandiana\/#primaryimage"},"thumbnailUrl":"https:\/\/guineediversite.com\/wp-content\/uploads\/2018\/12\/photo-tp-jr2.jpg","datePublished":"2018-12-10T11:47:23+00:00","dateModified":"2018-12-10T11:47:23+00:00","breadcrumb":{"@id":"https:\/\/guineediversite.com\/index.php\/2018\/12\/10\/le-president-alpha-conde-sur-le-chantier-de-laxe-kankan-mandiana\/#breadcrumb"},"inLanguage":"fr-FR","potentialAction":[{"@type":"ReadAction","target":["https:\/\/guineediversite.com\/index.php\/2018\/12\/10\/le-president-alpha-conde-sur-le-chantier-de-laxe-kankan-mandiana\/"]}]},{"@type":"ImageObject","inLanguage":"fr-FR","@id":"https:\/\/guineediversite.com\/index.php\/2018\/12\/10\/le-president-alpha-conde-sur-le-chantier-de-laxe-kankan-mandiana\/#primaryimage","url":"https:\/\/guineediversite.com\/wp-content\/uploads\/2018\/12\/photo-tp-jr2.jpg","contentUrl":"https:\/\/guineediversite.com\/wp-content\/uploads\/2018\/12\/photo-tp-jr2.jpg","width":1024,"height":683},{"@type":"BreadcrumbList","@id":"https:\/\/guineediversite.com\/index.php\/2018\/12\/10\/le-president-alpha-conde-sur-le-chantier-de-laxe-kankan-mandiana\/#breadcrumb","itemListElement":[{"@type":"ListItem","position":1,"name":"Accueil","item":"https:\/\/guineediversite.com\/"},{"@type":"ListItem","position":2,"name":"Le pr\u00e9sident Alpha cond\u00e9 sur le chantier de l\u2019axe Kankan-Mandiana"}]},{"@type":"WebSite","@id":"https:\/\/guineediversite.com\/#website","url":"https:\/\/guineediversite.com\/","name":"Guin\u00e9e Diversit\u00e9","description":"L&#039;Info dans toute sa diversit\u00e9","publisher":{"@id":"https:\/\/guineediversite.com\/#organization"},"potentialAction":[{"@type":"SearchAction","target":{"@type":"EntryPoint","urlTemplate":"https:\/\/guineediversite.com\/?s={search_term_string}"},"query-input":{"@type":"PropertyValueSpecification","valueRequired":true,"valueName":"search_term_string"}}],"inLanguage":"fr-FR"},{"@type":"Organization","@id":"https:\/\/guineediversite.com\/#organization","name":"Guin\u00e9e Diversit\u00e9","url":"https:\/\/guineediversite.com\/","logo":{"@type":"ImageObject","inLanguage":"fr-FR","@id":"https:\/\/guineediversite.com\/#\/schema\/logo\/image\/","url":"https:\/\/guineediversite.com\/wp-content\/uploads\/2017\/04\/cropped-1jojlxEOMkX9Wyqfhe43D6kjPOGqBBKmx3EwWJqZ0cMrFF54yM49.png","contentUrl":"https:\/\/guineediversite.com\/wp-content\/uploads\/2017\/04\/cropped-1jojlxEOMkX9Wyqfhe43D6kjPOGqBBKmx3EwWJqZ0cMrFF54yM49.png","width":186,"height":112,"caption":"Guin\u00e9e Diversit\u00e9"},"image":{"@id":"https:\/\/guineediversite.com\/#\/schema\/logo\/image\/"},"sameAs":["https:\/\/www.facebook.com\/guineediversite\/","https:\/\/x.com\/GuineeDiversite","https:\/\/www.youtube.com\/channel\/UC8sUY16qelG5ge6_D5SB83g"]},{"@type":"Person","@id":"https:\/\/guineediversite.com\/#\/schema\/person\/afa08fb34e7fc6e1feafc892612bc836","name":"Guin\u00e9e Diversit\u00e9","image":{"@type":"ImageObject","inLanguage":"fr-FR","@id":"https:\/\/guineediversite.com\/#\/schema\/person\/image\/","url":"https:\/\/secure.gravatar.com\/avatar\/50d5eb5b390f8b65ac30ac6f898eb83a?s=96&d=mm&r=g","contentUrl":"https:\/\/secure.gravatar.com\/avatar\/50d5eb5b390f8b65ac30ac6f898eb83a?s=96&d=mm&r=g","caption":"Guin\u00e9e Diversit\u00e9"},"url":"https:\/\/guineediversite.com\/index.php\/author\/guineediversite\/"}]}},"_links":{"self":[{"href":"https:\/\/guineediversite.com\/index.php\/wp-json\/wp\/v2\/posts\/27491"}],"collection":[{"href":"https:\/\/guineediversite.com\/index.php\/wp-json\/wp\/v2\/posts"}],"about":[{"href":"https:\/\/guineediversite.com\/index.php\/wp-json\/wp\/v2\/types\/post"}],"author":[{"embeddable":true,"href":"https:\/\/guineediversite.com\/index.php\/wp-json\/wp\/v2\/users\/12"}],"replies":[{"embeddable":true,"href":"https:\/\/guineediversite.com\/index.php\/wp-json\/wp\/v2\/comments?post=27491"}],"version-history":[{"count":0,"href":"https:\/\/guineediversite.com\/index.php\/wp-json\/wp\/v2\/posts\/27491\/revisions"}],"wp:featuredmedia":[{"embeddable":true,"href":"https:\/\/guineediversite.com\/index.php\/wp-json\/wp\/v2\/media\/27492"}],"wp:attachment":[{"href":"https:\/\/guineediversite.com\/index.php\/wp-json\/wp\/v2\/media?parent=27491"}],"wp:term":[{"taxonomy":"category","embeddable":true,"href":"https:\/\/guineediversite.com\/index.php\/wp-json\/wp\/v2\/categories?post=27491"},{"taxonomy":"post_tag","embeddable":true,"href":"https:\/\/guineediversite.com\/index.php\/wp-json\/wp\/v2\/tags?post=27491"}],"curies":[{"name":"wp","href":"https:\/\/api.w.org\/{rel}","templated":true}]}}