{"id":27485,"date":"2018-12-07T21:07:49","date_gmt":"2018-12-07T20:07:49","guid":{"rendered":"https:\/\/guineediversite.com\/?p=27485"},"modified":"2018-12-07T21:07:49","modified_gmt":"2018-12-07T20:07:49","slug":"gilets-jaunes-la-france-en-alerte-rouge","status":"publish","type":"post","link":"https:\/\/guineediversite.com\/index.php\/2018\/12\/07\/gilets-jaunes-la-france-en-alerte-rouge\/","title":{"rendered":"\u00abGilets jaunes\u00bb: la France en alerte rouge"},"content":{"rendered":"<p><strong>La France est en alerte rouge et Paris a commenc\u00e9 \u00e0 se barricader \u00e0 la veille d&rsquo;un nouveau samedi de manifestations de \u00ab\u00a0gilets jaunes\u00a0\u00bb, une crise sociale et politique qui \u00e9branle le pays et sid\u00e8re le monde.<\/strong><\/p>\n<p>Commerces ferm\u00e9s, spectacles annul\u00e9s, matches de foot report\u00e9s, programme du T\u00e9l\u00e9thon et parcours de la marche pour le climat chang\u00e9s: partout dans l&rsquo;Hexagone, des dispositions exceptionnelles sont en vigueur pour se pr\u00e9munir d&rsquo;une nouvelle flamb\u00e9e de\u00a0violences, comme celles qui avaient entach\u00e9 les manifestations du 1er d\u00e9cembre.<\/p>\n<p>La situation est suivie de tr\u00e8s pr\u00e8s \u00e0 l&rsquo;\u00e9tranger. La plupart des capitales ont appel\u00e9 leurs ressortissants \u00e0 ne pas s&rsquo;exposer. Bruxelles, Prague et Lisbonne leur ont m\u00eame conseill\u00e9 de reporter leur s\u00e9jour \u00e0 Paris.<\/p>\n<p>\u00ab\u00a0Ces trois derni\u00e8res semaines ont fait na\u00eetre un monstre qui a \u00e9chapp\u00e9 \u00e0 ses g\u00e9niteurs\u00a0\u00bb, a estim\u00e9 le ministre de l&rsquo;Int\u00e9rieur Christophe Castaner.<\/p>\n<div class=\"line textcontent_img watermark\">\n<div class=\"w50 right ml1\"><img decoding=\"async\" class=\"w100\" src=\"https:\/\/www.afp.com\/sites\/default\/files\/nfs\/diff-intra\/francais\/journal\/une\/f9ef2508fbebe6c72ff35939658c1e6530fa0353.jpg\" \/>AFP \/<\/div>\n<p>Face au risque d&rsquo;une nouvelle explosion de violences, un dispositif policier \u00ab\u00a0exceptionnel\u00a0\u00bb sera d\u00e9ploy\u00e9 sur tout le territoire avec 89.000 membres des forces de l&rsquo;ordre, dont 8.000 \u00e0 Paris.<\/p>\n<p>Dans la capitale, pour la premi\u00e8re fois depuis des d\u00e9cennies, l&rsquo;\u00c9tat engagera des \u00ab\u00a0VBRG\u00a0\u00bb, ces v\u00e9hicules blind\u00e9s \u00e0 roue de la gendarmerie. Le GIGN et ses antennes r\u00e9gionales ont \u00e9t\u00e9 mis en alerte renforc\u00e9e.<\/p>\n<p><strong>Source: AFP<\/strong><\/p>\n<\/div>\n","protected":false},"excerpt":{"rendered":"<p>La France est en alerte rouge et Paris a commenc\u00e9 \u00e0 se barricader \u00e0 la veille d&rsquo;un nouveau samedi de manifestations de \u00ab\u00a0gilets jaunes\u00a0\u00bb, une crise sociale et politique qui \u00e9branle le pays et sid\u00e8re le monde. Commerces ferm\u00e9s, spectacles annul\u00e9s, matches de foot report\u00e9s, programme du T\u00e9l\u00e9thon et parcours de la marche pour le [&hellip;]<\/p>\n","protected":false},"author":12,"featured_media":27486,"comment_status":"closed","ping_status":"closed","sticky":false,"template":"","format":"standard","meta":{"_exactmetrics_skip_tracking":false,"_exactmetrics_sitenote_active":false,"_exactmetrics_sitenote_note":"","_exactmetrics_sitenote_category":0,"tdm_status":"","tdm_grid_status":"","footnotes":""},"categories":[21],"tags":[368,426,427],"class_list":{"0":"post-27485","1":"post","2":"type-post","3":"status-publish","4":"format-standard","5":"has-post-thumbnail","7":"category-international","8":"tag-france","9":"tag-gilets-jaunes","10":"tag-paris"},"yoast_head":"<!-- This site is optimized with the Yoast SEO plugin v24.2 - https:\/\/yoast.com\/wordpress\/plugins\/seo\/ -->\n<title>\u00abGilets jaunes\u00bb: la France en alerte rouge | Guin\u00e9e Diversit\u00e9<\/title>\n<meta name=\"robots\" content=\"index, follow, max-snippet:-1, max-image-preview:large, max-video-preview:-1\" \/>\n<link rel=\"canonical\" href=\"https:\/\/guineediversite.com\/index.php\/2018\/12\/07\/gilets-jaunes-la-france-en-alerte-rouge\/\" \/>\n<meta property=\"og:locale\" content=\"fr_FR\" \/>\n<meta property=\"og:type\" content=\"article\" \/>\n<meta property=\"og:title\" content=\"\u00abGilets jaunes\u00bb: la France en alerte rouge | Guin\u00e9e Diversit\u00e9\" \/>\n<meta property=\"og:description\" content=\"La France est en alerte rouge et Paris a commenc\u00e9 \u00e0 se barricader \u00e0 la veille d&rsquo;un nouveau samedi de manifestations de \u00ab\u00a0gilets jaunes\u00a0\u00bb, une crise sociale et politique qui \u00e9branle le pays et sid\u00e8re le monde. Commerces ferm\u00e9s, spectacles annul\u00e9s, matches de foot report\u00e9s, programme du T\u00e9l\u00e9thon et parcours de la marche pour le [&hellip;]\" \/>\n<meta property=\"og:url\" content=\"https:\/\/guineediversite.com\/index.php\/2018\/12\/07\/gilets-jaunes-la-france-en-alerte-rouge\/\" \/>\n<meta property=\"og:site_name\" content=\"Guin\u00e9e Diversit\u00e9\" \/>\n<meta property=\"article:publisher\" content=\"https:\/\/www.facebook.com\/guineediversite\/\" \/>\n<meta property=\"article:published_time\" content=\"2018-12-07T20:07:49+00:00\" \/>\n<meta property=\"og:image\" content=\"https:\/\/guineediversite.com\/wp-content\/uploads\/2018\/12\/10990970.jpg\" \/>\n\t<meta property=\"og:image:width\" content=\"1240\" \/>\n\t<meta property=\"og:image:height\" content=\"827\" \/>\n\t<meta property=\"og:image:type\" content=\"image\/jpeg\" \/>\n<meta name=\"author\" content=\"Guin\u00e9e Diversit\u00e9\" \/>\n<meta name=\"twitter:card\" content=\"summary_large_image\" \/>\n<meta name=\"twitter:creator\" content=\"@GuineeDiversite\" \/>\n<meta name=\"twitter:site\" content=\"@GuineeDiversite\" \/>\n<meta name=\"twitter:label1\" content=\"\u00c9crit par\" \/>\n\t<meta name=\"twitter:data1\" content=\"Guin\u00e9e Diversit\u00e9\" \/>\n\t<meta name=\"twitter:label2\" content=\"Dur\u00e9e de lecture estim\u00e9e\" \/>\n\t<meta name=\"twitter:data2\" content=\"1 minute\" \/>\n<script type=\"application\/ld+json\" class=\"yoast-schema-graph\">{\"@context\":\"https:\/\/schema.org\",\"@graph\":[{\"@type\":\"Article\",\"@id\":\"https:\/\/guineediversite.com\/index.php\/2018\/12\/07\/gilets-jaunes-la-france-en-alerte-rouge\/#article\",\"isPartOf\":{\"@id\":\"https:\/\/guineediversite.com\/index.php\/2018\/12\/07\/gilets-jaunes-la-france-en-alerte-rouge\/\"},\"author\":{\"name\":\"Guin\u00e9e Diversit\u00e9\",\"@id\":\"https:\/\/guineediversite.com\/#\/schema\/person\/afa08fb34e7fc6e1feafc892612bc836\"},\"headline\":\"\u00abGilets jaunes\u00bb: la France en alerte rouge\",\"datePublished\":\"2018-12-07T20:07:49+00:00\",\"dateModified\":\"2018-12-07T20:07:49+00:00\",\"mainEntityOfPage\":{\"@id\":\"https:\/\/guineediversite.com\/index.php\/2018\/12\/07\/gilets-jaunes-la-france-en-alerte-rouge\/\"},\"wordCount\":239,\"publisher\":{\"@id\":\"https:\/\/guineediversite.com\/#organization\"},\"image\":{\"@id\":\"https:\/\/guineediversite.com\/index.php\/2018\/12\/07\/gilets-jaunes-la-france-en-alerte-rouge\/#primaryimage\"},\"thumbnailUrl\":\"https:\/\/guineediversite.com\/wp-content\/uploads\/2018\/12\/10990970.jpg\",\"keywords\":[\"France\",\"Gilets jaunes\",\"Paris\"],\"articleSection\":[\"International\"],\"inLanguage\":\"fr-FR\"},{\"@type\":\"WebPage\",\"@id\":\"https:\/\/guineediversite.com\/index.php\/2018\/12\/07\/gilets-jaunes-la-france-en-alerte-rouge\/\",\"url\":\"https:\/\/guineediversite.com\/index.php\/2018\/12\/07\/gilets-jaunes-la-france-en-alerte-rouge\/\",\"name\":\"\u00abGilets jaunes\u00bb: la France en alerte rouge | Guin\u00e9e Diversit\u00e9\",\"isPartOf\":{\"@id\":\"https:\/\/guineediversite.com\/#website\"},\"primaryImageOfPage\":{\"@id\":\"https:\/\/guineediversite.com\/index.php\/2018\/12\/07\/gilets-jaunes-la-france-en-alerte-rouge\/#primaryimage\"},\"image\":{\"@id\":\"https:\/\/guineediversite.com\/index.php\/2018\/12\/07\/gilets-jaunes-la-france-en-alerte-rouge\/#primaryimage\"},\"thumbnailUrl\":\"https:\/\/guineediversite.com\/wp-content\/uploads\/2018\/12\/10990970.jpg\",\"datePublished\":\"2018-12-07T20:07:49+00:00\",\"dateModified\":\"2018-12-07T20:07:49+00:00\",\"breadcrumb\":{\"@id\":\"https:\/\/guineediversite.com\/index.php\/2018\/12\/07\/gilets-jaunes-la-france-en-alerte-rouge\/#breadcrumb\"},\"inLanguage\":\"fr-FR\",\"potentialAction\":[{\"@type\":\"ReadAction\",\"target\":[\"https:\/\/guineediversite.com\/index.php\/2018\/12\/07\/gilets-jaunes-la-france-en-alerte-rouge\/\"]}]},{\"@type\":\"ImageObject\",\"inLanguage\":\"fr-FR\",\"@id\":\"https:\/\/guineediversite.com\/index.php\/2018\/12\/07\/gilets-jaunes-la-france-en-alerte-rouge\/#primaryimage\",\"url\":\"https:\/\/guineediversite.com\/wp-content\/uploads\/2018\/12\/10990970.jpg\",\"contentUrl\":\"https:\/\/guineediversite.com\/wp-content\/uploads\/2018\/12\/10990970.jpg\",\"width\":1240,\"height\":827},{\"@type\":\"BreadcrumbList\",\"@id\":\"https:\/\/guineediversite.com\/index.php\/2018\/12\/07\/gilets-jaunes-la-france-en-alerte-rouge\/#breadcrumb\",\"itemListElement\":[{\"@type\":\"ListItem\",\"position\":1,\"name\":\"Accueil\",\"item\":\"https:\/\/guineediversite.com\/\"},{\"@type\":\"ListItem\",\"position\":2,\"name\":\"\u00abGilets jaunes\u00bb: la France en alerte rouge\"}]},{\"@type\":\"WebSite\",\"@id\":\"https:\/\/guineediversite.com\/#website\",\"url\":\"https:\/\/guineediversite.com\/\",\"name\":\"Guin\u00e9e Diversit\u00e9\",\"description\":\"L&#039;Info dans toute sa diversit\u00e9\",\"publisher\":{\"@id\":\"https:\/\/guineediversite.com\/#organization\"},\"potentialAction\":[{\"@type\":\"SearchAction\",\"target\":{\"@type\":\"EntryPoint\",\"urlTemplate\":\"https:\/\/guineediversite.com\/?s={search_term_string}\"},\"query-input\":{\"@type\":\"PropertyValueSpecification\",\"valueRequired\":true,\"valueName\":\"search_term_string\"}}],\"inLanguage\":\"fr-FR\"},{\"@type\":\"Organization\",\"@id\":\"https:\/\/guineediversite.com\/#organization\",\"name\":\"Guin\u00e9e Diversit\u00e9\",\"url\":\"https:\/\/guineediversite.com\/\",\"logo\":{\"@type\":\"ImageObject\",\"inLanguage\":\"fr-FR\",\"@id\":\"https:\/\/guineediversite.com\/#\/schema\/logo\/image\/\",\"url\":\"https:\/\/guineediversite.com\/wp-content\/uploads\/2017\/04\/cropped-1jojlxEOMkX9Wyqfhe43D6kjPOGqBBKmx3EwWJqZ0cMrFF54yM49.png\",\"contentUrl\":\"https:\/\/guineediversite.com\/wp-content\/uploads\/2017\/04\/cropped-1jojlxEOMkX9Wyqfhe43D6kjPOGqBBKmx3EwWJqZ0cMrFF54yM49.png\",\"width\":186,\"height\":112,\"caption\":\"Guin\u00e9e Diversit\u00e9\"},\"image\":{\"@id\":\"https:\/\/guineediversite.com\/#\/schema\/logo\/image\/\"},\"sameAs\":[\"https:\/\/www.facebook.com\/guineediversite\/\",\"https:\/\/x.com\/GuineeDiversite\",\"https:\/\/www.youtube.com\/channel\/UC8sUY16qelG5ge6_D5SB83g\"]},{\"@type\":\"Person\",\"@id\":\"https:\/\/guineediversite.com\/#\/schema\/person\/afa08fb34e7fc6e1feafc892612bc836\",\"name\":\"Guin\u00e9e Diversit\u00e9\",\"image\":{\"@type\":\"ImageObject\",\"inLanguage\":\"fr-FR\",\"@id\":\"https:\/\/guineediversite.com\/#\/schema\/person\/image\/\",\"url\":\"https:\/\/secure.gravatar.com\/avatar\/50d5eb5b390f8b65ac30ac6f898eb83a?s=96&d=mm&r=g\",\"contentUrl\":\"https:\/\/secure.gravatar.com\/avatar\/50d5eb5b390f8b65ac30ac6f898eb83a?s=96&d=mm&r=g\",\"caption\":\"Guin\u00e9e Diversit\u00e9\"},\"url\":\"https:\/\/guineediversite.com\/index.php\/author\/guineediversite\/\"}]}<\/script>\n<!-- \/ Yoast SEO plugin. -->","yoast_head_json":{"title":"\u00abGilets jaunes\u00bb: la France en alerte rouge | Guin\u00e9e Diversit\u00e9","robots":{"index":"index","follow":"follow","max-snippet":"max-snippet:-1","max-image-preview":"max-image-preview:large","max-video-preview":"max-video-preview:-1"},"canonical":"https:\/\/guineediversite.com\/index.php\/2018\/12\/07\/gilets-jaunes-la-france-en-alerte-rouge\/","og_locale":"fr_FR","og_type":"article","og_title":"\u00abGilets jaunes\u00bb: la France en alerte rouge | Guin\u00e9e Diversit\u00e9","og_description":"La France est en alerte rouge et Paris a commenc\u00e9 \u00e0 se barricader \u00e0 la veille d&rsquo;un nouveau samedi de manifestations de \u00ab\u00a0gilets jaunes\u00a0\u00bb, une crise sociale et politique qui \u00e9branle le pays et sid\u00e8re le monde. Commerces ferm\u00e9s, spectacles annul\u00e9s, matches de foot report\u00e9s, programme du T\u00e9l\u00e9thon et parcours de la marche pour le [&hellip;]","og_url":"https:\/\/guineediversite.com\/index.php\/2018\/12\/07\/gilets-jaunes-la-france-en-alerte-rouge\/","og_site_name":"Guin\u00e9e Diversit\u00e9","article_publisher":"https:\/\/www.facebook.com\/guineediversite\/","article_published_time":"2018-12-07T20:07:49+00:00","og_image":[{"width":1240,"height":827,"url":"https:\/\/guineediversite.com\/wp-content\/uploads\/2018\/12\/10990970.jpg","type":"image\/jpeg"}],"author":"Guin\u00e9e Diversit\u00e9","twitter_card":"summary_large_image","twitter_creator":"@GuineeDiversite","twitter_site":"@GuineeDiversite","twitter_misc":{"\u00c9crit par":"Guin\u00e9e Diversit\u00e9","Dur\u00e9e de lecture estim\u00e9e":"1 minute"},"schema":{"@context":"https:\/\/schema.org","@graph":[{"@type":"Article","@id":"https:\/\/guineediversite.com\/index.php\/2018\/12\/07\/gilets-jaunes-la-france-en-alerte-rouge\/#article","isPartOf":{"@id":"https:\/\/guineediversite.com\/index.php\/2018\/12\/07\/gilets-jaunes-la-france-en-alerte-rouge\/"},"author":{"name":"Guin\u00e9e Diversit\u00e9","@id":"https:\/\/guineediversite.com\/#\/schema\/person\/afa08fb34e7fc6e1feafc892612bc836"},"headline":"\u00abGilets jaunes\u00bb: la France en alerte rouge","datePublished":"2018-12-07T20:07:49+00:00","dateModified":"2018-12-07T20:07:49+00:00","mainEntityOfPage":{"@id":"https:\/\/guineediversite.com\/index.php\/2018\/12\/07\/gilets-jaunes-la-france-en-alerte-rouge\/"},"wordCount":239,"publisher":{"@id":"https:\/\/guineediversite.com\/#organization"},"image":{"@id":"https:\/\/guineediversite.com\/index.php\/2018\/12\/07\/gilets-jaunes-la-france-en-alerte-rouge\/#primaryimage"},"thumbnailUrl":"https:\/\/guineediversite.com\/wp-content\/uploads\/2018\/12\/10990970.jpg","keywords":["France","Gilets jaunes","Paris"],"articleSection":["International"],"inLanguage":"fr-FR"},{"@type":"WebPage","@id":"https:\/\/guineediversite.com\/index.php\/2018\/12\/07\/gilets-jaunes-la-france-en-alerte-rouge\/","url":"https:\/\/guineediversite.com\/index.php\/2018\/12\/07\/gilets-jaunes-la-france-en-alerte-rouge\/","name":"\u00abGilets jaunes\u00bb: la France en alerte rouge | Guin\u00e9e Diversit\u00e9","isPartOf":{"@id":"https:\/\/guineediversite.com\/#website"},"primaryImageOfPage":{"@id":"https:\/\/guineediversite.com\/index.php\/2018\/12\/07\/gilets-jaunes-la-france-en-alerte-rouge\/#primaryimage"},"image":{"@id":"https:\/\/guineediversite.com\/index.php\/2018\/12\/07\/gilets-jaunes-la-france-en-alerte-rouge\/#primaryimage"},"thumbnailUrl":"https:\/\/guineediversite.com\/wp-content\/uploads\/2018\/12\/10990970.jpg","datePublished":"2018-12-07T20:07:49+00:00","dateModified":"2018-12-07T20:07:49+00:00","breadcrumb":{"@id":"https:\/\/guineediversite.com\/index.php\/2018\/12\/07\/gilets-jaunes-la-france-en-alerte-rouge\/#breadcrumb"},"inLanguage":"fr-FR","potentialAction":[{"@type":"ReadAction","target":["https:\/\/guineediversite.com\/index.php\/2018\/12\/07\/gilets-jaunes-la-france-en-alerte-rouge\/"]}]},{"@type":"ImageObject","inLanguage":"fr-FR","@id":"https:\/\/guineediversite.com\/index.php\/2018\/12\/07\/gilets-jaunes-la-france-en-alerte-rouge\/#primaryimage","url":"https:\/\/guineediversite.com\/wp-content\/uploads\/2018\/12\/10990970.jpg","contentUrl":"https:\/\/guineediversite.com\/wp-content\/uploads\/2018\/12\/10990970.jpg","width":1240,"height":827},{"@type":"BreadcrumbList","@id":"https:\/\/guineediversite.com\/index.php\/2018\/12\/07\/gilets-jaunes-la-france-en-alerte-rouge\/#breadcrumb","itemListElement":[{"@type":"ListItem","position":1,"name":"Accueil","item":"https:\/\/guineediversite.com\/"},{"@type":"ListItem","position":2,"name":"\u00abGilets jaunes\u00bb: la France en alerte rouge"}]},{"@type":"WebSite","@id":"https:\/\/guineediversite.com\/#website","url":"https:\/\/guineediversite.com\/","name":"Guin\u00e9e Diversit\u00e9","description":"L&#039;Info dans toute sa diversit\u00e9","publisher":{"@id":"https:\/\/guineediversite.com\/#organization"},"potentialAction":[{"@type":"SearchAction","target":{"@type":"EntryPoint","urlTemplate":"https:\/\/guineediversite.com\/?s={search_term_string}"},"query-input":{"@type":"PropertyValueSpecification","valueRequired":true,"valueName":"search_term_string"}}],"inLanguage":"fr-FR"},{"@type":"Organization","@id":"https:\/\/guineediversite.com\/#organization","name":"Guin\u00e9e Diversit\u00e9","url":"https:\/\/guineediversite.com\/","logo":{"@type":"ImageObject","inLanguage":"fr-FR","@id":"https:\/\/guineediversite.com\/#\/schema\/logo\/image\/","url":"https:\/\/guineediversite.com\/wp-content\/uploads\/2017\/04\/cropped-1jojlxEOMkX9Wyqfhe43D6kjPOGqBBKmx3EwWJqZ0cMrFF54yM49.png","contentUrl":"https:\/\/guineediversite.com\/wp-content\/uploads\/2017\/04\/cropped-1jojlxEOMkX9Wyqfhe43D6kjPOGqBBKmx3EwWJqZ0cMrFF54yM49.png","width":186,"height":112,"caption":"Guin\u00e9e Diversit\u00e9"},"image":{"@id":"https:\/\/guineediversite.com\/#\/schema\/logo\/image\/"},"sameAs":["https:\/\/www.facebook.com\/guineediversite\/","https:\/\/x.com\/GuineeDiversite","https:\/\/www.youtube.com\/channel\/UC8sUY16qelG5ge6_D5SB83g"]},{"@type":"Person","@id":"https:\/\/guineediversite.com\/#\/schema\/person\/afa08fb34e7fc6e1feafc892612bc836","name":"Guin\u00e9e Diversit\u00e9","image":{"@type":"ImageObject","inLanguage":"fr-FR","@id":"https:\/\/guineediversite.com\/#\/schema\/person\/image\/","url":"https:\/\/secure.gravatar.com\/avatar\/50d5eb5b390f8b65ac30ac6f898eb83a?s=96&d=mm&r=g","contentUrl":"https:\/\/secure.gravatar.com\/avatar\/50d5eb5b390f8b65ac30ac6f898eb83a?s=96&d=mm&r=g","caption":"Guin\u00e9e Diversit\u00e9"},"url":"https:\/\/guineediversite.com\/index.php\/author\/guineediversite\/"}]}},"_links":{"self":[{"href":"https:\/\/guineediversite.com\/index.php\/wp-json\/wp\/v2\/posts\/27485"}],"collection":[{"href":"https:\/\/guineediversite.com\/index.php\/wp-json\/wp\/v2\/posts"}],"about":[{"href":"https:\/\/guineediversite.com\/index.php\/wp-json\/wp\/v2\/types\/post"}],"author":[{"embeddable":true,"href":"https:\/\/guineediversite.com\/index.php\/wp-json\/wp\/v2\/users\/12"}],"replies":[{"embeddable":true,"href":"https:\/\/guineediversite.com\/index.php\/wp-json\/wp\/v2\/comments?post=27485"}],"version-history":[{"count":0,"href":"https:\/\/guineediversite.com\/index.php\/wp-json\/wp\/v2\/posts\/27485\/revisions"}],"wp:featuredmedia":[{"embeddable":true,"href":"https:\/\/guineediversite.com\/index.php\/wp-json\/wp\/v2\/media\/27486"}],"wp:attachment":[{"href":"https:\/\/guineediversite.com\/index.php\/wp-json\/wp\/v2\/media?parent=27485"}],"wp:term":[{"taxonomy":"category","embeddable":true,"href":"https:\/\/guineediversite.com\/index.php\/wp-json\/wp\/v2\/categories?post=27485"},{"taxonomy":"post_tag","embeddable":true,"href":"https:\/\/guineediversite.com\/index.php\/wp-json\/wp\/v2\/tags?post=27485"}],"curies":[{"name":"wp","href":"https:\/\/api.w.org\/{rel}","templated":true}]}}