{"id":27478,"date":"2018-12-07T14:55:24","date_gmt":"2018-12-07T13:55:24","guid":{"rendered":"https:\/\/guineediversite.com\/?p=27478"},"modified":"2018-12-07T14:55:24","modified_gmt":"2018-12-07T13:55:24","slug":"guinee-des-opposants-en-greve-de-la-faim-denoncent-le-dispositif-securitaire","status":"publish","type":"post","link":"https:\/\/guineediversite.com\/index.php\/2018\/12\/07\/guinee-des-opposants-en-greve-de-la-faim-denoncent-le-dispositif-securitaire\/","title":{"rendered":"Guin\u00e9e: des opposants, en gr\u00e8ve de la faim, d\u00e9noncent le dispositif s\u00e9curitaire"},"content":{"rendered":"<h2>En Guin\u00e9e Conakry, des opposants politiques, membres du parti Bloc lib\u00e9ral ont entam\u00e9 mercredi une gr\u00e8ve de la faim pour une dur\u00e9e de quatre jours. Ils d\u00e9noncent le d\u00e9ploiement depuis trois semaines de patrouilles mixtes compos\u00e9es de policiers, de gendarmes et de militaires dans les rues de la capitale. Des patrouilles cr\u00e9\u00e9es apr\u00e8s des semaines de violences en marge de manifestations dans Conakry.<\/h2>\n<p>Une vingtaine de membres du parti Bloc lib\u00e9ral sont en gr\u00e8ve de la faim\u00a0; ils d\u00e9noncent un\u00a0<b><a href=\"http:\/\/www.rfi.fr\/56%20**%20GUINEE%20CONAKRY%20\/%20ENROBE%20Alexandra%20Brangeon\">dispositif s\u00e9curitaire<\/a><\/b>\u00a0qu\u2019ils estiment aller \u00e0 l\u2019encontre de la Constitution et qui cible des quartiers de l\u2019opposition dans la capitale. \u00ab\u00a0<em>Cette militarisation s\u2019inscrit dans un autre cadre inavou\u00e9 puisque les intentions de troisi\u00e8me mandat sont l\u00e0<\/em>, explique le pr\u00e9sident du BL, Faya Millimono.\u00a0<em>Si on commence \u00e0 militariser dans les quartiers de Conakry, un jour, tout Conakry sera militaris\u00e9 et pourquoi pas toute la Guin\u00e9e. Et lorsqu\u2019apr\u00e8s on va nous parler de troisi\u00e8me mandat, et bien, qui va bouger<\/em>\u00a0<em>? Parce que l\u2019arm\u00e9e sera l\u00e0 avec la main facile de tirer<\/em>.\u00a0\u00bb<\/p>\n<p><strong>Appel \u00e0 l&rsquo;arm\u00e9e quand c&rsquo;est n\u00e9cessaire<\/strong><\/p>\n<p>Faux\u00a0! r\u00e9pond le minist\u00e8re de la D\u00e9fense, la loi permet \u00e0 l\u2019autorit\u00e9 civile de faire appel \u00e0 l\u2019arm\u00e9e pour s\u00e9curiser une partie du territoire quand cela s\u2019av\u00e8re n\u00e9cessaire, explique le directeur de l\u2019information des arm\u00e9es, Aladji Cellou Camara\u00a0: \u00ab\u00a0<em>Il s\u2019agit tout simplement de postes d\u2019appui install\u00e9s pour s\u00e9curiser les quartiers, pour lutter contre la criminalit\u00e9 et le grand banditisme. Donc, je pr\u00e9cise, il n\u2019y a pas de quartier vis\u00e9, ce dispositif s\u00e9curitaire est en train de s\u2019installer progressivement et va toucher toute la ville. Ce que moi je note, c\u2019est que les citoyens de ces quartiers o\u00f9 ces patrouilles sont install\u00e9es sont satisfaits<\/em>.\u00a0\u00bb<\/p>\n<p><strong>Appuyer la police et la gendarmerie<\/strong><\/p>\n<p>De plus, ajoute Camara, l\u2019arm\u00e9e n\u2019est pas en premi\u00e8re ligne dans ce dispositif, elle est l\u00e0 uniquement pour appuyer la police et la gendarmerie lors de patrouille de nuit.<\/p>\n<p>RFI<\/p>\n","protected":false},"excerpt":{"rendered":"<p>En Guin\u00e9e Conakry, des opposants politiques, membres du parti Bloc lib\u00e9ral ont entam\u00e9 mercredi une gr\u00e8ve de la faim pour une dur\u00e9e de quatre jours. Ils d\u00e9noncent le d\u00e9ploiement depuis trois semaines de patrouilles mixtes compos\u00e9es de policiers, de gendarmes et de militaires dans les rues de la capitale. Des patrouilles cr\u00e9\u00e9es apr\u00e8s des semaines [&hellip;]<\/p>\n","protected":false},"author":12,"featured_media":27479,"comment_status":"closed","ping_status":"closed","sticky":false,"template":"","format":"standard","meta":{"_exactmetrics_skip_tracking":false,"_exactmetrics_sitenote_active":false,"_exactmetrics_sitenote_note":"","_exactmetrics_sitenote_category":0,"tdm_status":"","tdm_grid_status":"","footnotes":""},"categories":[16],"tags":[],"class_list":{"0":"post-27478","1":"post","2":"type-post","3":"status-publish","4":"format-standard","5":"has-post-thumbnail","7":"category-societe"},"yoast_head":"<!-- This site is optimized with the Yoast SEO plugin v24.2 - https:\/\/yoast.com\/wordpress\/plugins\/seo\/ -->\n<title>Guin\u00e9e: des opposants, en gr\u00e8ve de la faim, d\u00e9noncent le dispositif s\u00e9curitaire | Guin\u00e9e Diversit\u00e9<\/title>\n<meta name=\"robots\" content=\"index, follow, max-snippet:-1, max-image-preview:large, max-video-preview:-1\" \/>\n<link rel=\"canonical\" href=\"https:\/\/guineediversite.com\/index.php\/2018\/12\/07\/guinee-des-opposants-en-greve-de-la-faim-denoncent-le-dispositif-securitaire\/\" \/>\n<meta property=\"og:locale\" content=\"fr_FR\" \/>\n<meta property=\"og:type\" content=\"article\" \/>\n<meta property=\"og:title\" content=\"Guin\u00e9e: des opposants, en gr\u00e8ve de la faim, d\u00e9noncent le dispositif s\u00e9curitaire | Guin\u00e9e Diversit\u00e9\" \/>\n<meta property=\"og:description\" content=\"En Guin\u00e9e Conakry, des opposants politiques, membres du parti Bloc lib\u00e9ral ont entam\u00e9 mercredi une gr\u00e8ve de la faim pour une dur\u00e9e de quatre jours. Ils d\u00e9noncent le d\u00e9ploiement depuis trois semaines de patrouilles mixtes compos\u00e9es de policiers, de gendarmes et de militaires dans les rues de la capitale. Des patrouilles cr\u00e9\u00e9es apr\u00e8s des semaines [&hellip;]\" \/>\n<meta property=\"og:url\" content=\"https:\/\/guineediversite.com\/index.php\/2018\/12\/07\/guinee-des-opposants-en-greve-de-la-faim-denoncent-le-dispositif-securitaire\/\" \/>\n<meta property=\"og:site_name\" content=\"Guin\u00e9e Diversit\u00e9\" \/>\n<meta property=\"article:publisher\" content=\"https:\/\/www.facebook.com\/guineediversite\/\" \/>\n<meta property=\"article:published_time\" content=\"2018-12-07T13:55:24+00:00\" \/>\n<meta property=\"og:image\" content=\"https:\/\/guineediversite.com\/wp-content\/uploads\/2018\/12\/000_Par6943283_0.jpg\" \/>\n\t<meta property=\"og:image:width\" content=\"1024\" \/>\n\t<meta property=\"og:image:height\" content=\"578\" \/>\n\t<meta property=\"og:image:type\" content=\"image\/jpeg\" \/>\n<meta name=\"author\" content=\"Guin\u00e9e Diversit\u00e9\" \/>\n<meta name=\"twitter:card\" content=\"summary_large_image\" \/>\n<meta name=\"twitter:creator\" content=\"@GuineeDiversite\" \/>\n<meta name=\"twitter:site\" content=\"@GuineeDiversite\" \/>\n<meta name=\"twitter:label1\" content=\"\u00c9crit par\" \/>\n\t<meta name=\"twitter:data1\" content=\"Guin\u00e9e Diversit\u00e9\" \/>\n\t<meta name=\"twitter:label2\" content=\"Dur\u00e9e de lecture estim\u00e9e\" \/>\n\t<meta name=\"twitter:data2\" content=\"2 minutes\" \/>\n<script type=\"application\/ld+json\" class=\"yoast-schema-graph\">{\"@context\":\"https:\/\/schema.org\",\"@graph\":[{\"@type\":\"Article\",\"@id\":\"https:\/\/guineediversite.com\/index.php\/2018\/12\/07\/guinee-des-opposants-en-greve-de-la-faim-denoncent-le-dispositif-securitaire\/#article\",\"isPartOf\":{\"@id\":\"https:\/\/guineediversite.com\/index.php\/2018\/12\/07\/guinee-des-opposants-en-greve-de-la-faim-denoncent-le-dispositif-securitaire\/\"},\"author\":{\"name\":\"Guin\u00e9e Diversit\u00e9\",\"@id\":\"https:\/\/guineediversite.com\/#\/schema\/person\/afa08fb34e7fc6e1feafc892612bc836\"},\"headline\":\"Guin\u00e9e: des opposants, en gr\u00e8ve de la faim, d\u00e9noncent le dispositif s\u00e9curitaire\",\"datePublished\":\"2018-12-07T13:55:24+00:00\",\"dateModified\":\"2018-12-07T13:55:24+00:00\",\"mainEntityOfPage\":{\"@id\":\"https:\/\/guineediversite.com\/index.php\/2018\/12\/07\/guinee-des-opposants-en-greve-de-la-faim-denoncent-le-dispositif-securitaire\/\"},\"wordCount\":381,\"publisher\":{\"@id\":\"https:\/\/guineediversite.com\/#organization\"},\"image\":{\"@id\":\"https:\/\/guineediversite.com\/index.php\/2018\/12\/07\/guinee-des-opposants-en-greve-de-la-faim-denoncent-le-dispositif-securitaire\/#primaryimage\"},\"thumbnailUrl\":\"https:\/\/guineediversite.com\/wp-content\/uploads\/2018\/12\/000_Par6943283_0.jpg\",\"articleSection\":[\"Soci\u00e9t\u00e9\"],\"inLanguage\":\"fr-FR\"},{\"@type\":\"WebPage\",\"@id\":\"https:\/\/guineediversite.com\/index.php\/2018\/12\/07\/guinee-des-opposants-en-greve-de-la-faim-denoncent-le-dispositif-securitaire\/\",\"url\":\"https:\/\/guineediversite.com\/index.php\/2018\/12\/07\/guinee-des-opposants-en-greve-de-la-faim-denoncent-le-dispositif-securitaire\/\",\"name\":\"Guin\u00e9e: des opposants, en gr\u00e8ve de la faim, d\u00e9noncent le dispositif s\u00e9curitaire | Guin\u00e9e Diversit\u00e9\",\"isPartOf\":{\"@id\":\"https:\/\/guineediversite.com\/#website\"},\"primaryImageOfPage\":{\"@id\":\"https:\/\/guineediversite.com\/index.php\/2018\/12\/07\/guinee-des-opposants-en-greve-de-la-faim-denoncent-le-dispositif-securitaire\/#primaryimage\"},\"image\":{\"@id\":\"https:\/\/guineediversite.com\/index.php\/2018\/12\/07\/guinee-des-opposants-en-greve-de-la-faim-denoncent-le-dispositif-securitaire\/#primaryimage\"},\"thumbnailUrl\":\"https:\/\/guineediversite.com\/wp-content\/uploads\/2018\/12\/000_Par6943283_0.jpg\",\"datePublished\":\"2018-12-07T13:55:24+00:00\",\"dateModified\":\"2018-12-07T13:55:24+00:00\",\"breadcrumb\":{\"@id\":\"https:\/\/guineediversite.com\/index.php\/2018\/12\/07\/guinee-des-opposants-en-greve-de-la-faim-denoncent-le-dispositif-securitaire\/#breadcrumb\"},\"inLanguage\":\"fr-FR\",\"potentialAction\":[{\"@type\":\"ReadAction\",\"target\":[\"https:\/\/guineediversite.com\/index.php\/2018\/12\/07\/guinee-des-opposants-en-greve-de-la-faim-denoncent-le-dispositif-securitaire\/\"]}]},{\"@type\":\"ImageObject\",\"inLanguage\":\"fr-FR\",\"@id\":\"https:\/\/guineediversite.com\/index.php\/2018\/12\/07\/guinee-des-opposants-en-greve-de-la-faim-denoncent-le-dispositif-securitaire\/#primaryimage\",\"url\":\"https:\/\/guineediversite.com\/wp-content\/uploads\/2018\/12\/000_Par6943283_0.jpg\",\"contentUrl\":\"https:\/\/guineediversite.com\/wp-content\/uploads\/2018\/12\/000_Par6943283_0.jpg\",\"width\":1024,\"height\":578},{\"@type\":\"BreadcrumbList\",\"@id\":\"https:\/\/guineediversite.com\/index.php\/2018\/12\/07\/guinee-des-opposants-en-greve-de-la-faim-denoncent-le-dispositif-securitaire\/#breadcrumb\",\"itemListElement\":[{\"@type\":\"ListItem\",\"position\":1,\"name\":\"Accueil\",\"item\":\"https:\/\/guineediversite.com\/\"},{\"@type\":\"ListItem\",\"position\":2,\"name\":\"Guin\u00e9e: des opposants, en gr\u00e8ve de la faim, d\u00e9noncent le dispositif s\u00e9curitaire\"}]},{\"@type\":\"WebSite\",\"@id\":\"https:\/\/guineediversite.com\/#website\",\"url\":\"https:\/\/guineediversite.com\/\",\"name\":\"Guin\u00e9e Diversit\u00e9\",\"description\":\"L&#039;Info dans toute sa diversit\u00e9\",\"publisher\":{\"@id\":\"https:\/\/guineediversite.com\/#organization\"},\"potentialAction\":[{\"@type\":\"SearchAction\",\"target\":{\"@type\":\"EntryPoint\",\"urlTemplate\":\"https:\/\/guineediversite.com\/?s={search_term_string}\"},\"query-input\":{\"@type\":\"PropertyValueSpecification\",\"valueRequired\":true,\"valueName\":\"search_term_string\"}}],\"inLanguage\":\"fr-FR\"},{\"@type\":\"Organization\",\"@id\":\"https:\/\/guineediversite.com\/#organization\",\"name\":\"Guin\u00e9e Diversit\u00e9\",\"url\":\"https:\/\/guineediversite.com\/\",\"logo\":{\"@type\":\"ImageObject\",\"inLanguage\":\"fr-FR\",\"@id\":\"https:\/\/guineediversite.com\/#\/schema\/logo\/image\/\",\"url\":\"https:\/\/guineediversite.com\/wp-content\/uploads\/2017\/04\/cropped-1jojlxEOMkX9Wyqfhe43D6kjPOGqBBKmx3EwWJqZ0cMrFF54yM49.png\",\"contentUrl\":\"https:\/\/guineediversite.com\/wp-content\/uploads\/2017\/04\/cropped-1jojlxEOMkX9Wyqfhe43D6kjPOGqBBKmx3EwWJqZ0cMrFF54yM49.png\",\"width\":186,\"height\":112,\"caption\":\"Guin\u00e9e Diversit\u00e9\"},\"image\":{\"@id\":\"https:\/\/guineediversite.com\/#\/schema\/logo\/image\/\"},\"sameAs\":[\"https:\/\/www.facebook.com\/guineediversite\/\",\"https:\/\/x.com\/GuineeDiversite\",\"https:\/\/www.youtube.com\/channel\/UC8sUY16qelG5ge6_D5SB83g\"]},{\"@type\":\"Person\",\"@id\":\"https:\/\/guineediversite.com\/#\/schema\/person\/afa08fb34e7fc6e1feafc892612bc836\",\"name\":\"Guin\u00e9e Diversit\u00e9\",\"image\":{\"@type\":\"ImageObject\",\"inLanguage\":\"fr-FR\",\"@id\":\"https:\/\/guineediversite.com\/#\/schema\/person\/image\/\",\"url\":\"https:\/\/secure.gravatar.com\/avatar\/50d5eb5b390f8b65ac30ac6f898eb83a?s=96&d=mm&r=g\",\"contentUrl\":\"https:\/\/secure.gravatar.com\/avatar\/50d5eb5b390f8b65ac30ac6f898eb83a?s=96&d=mm&r=g\",\"caption\":\"Guin\u00e9e Diversit\u00e9\"},\"url\":\"https:\/\/guineediversite.com\/index.php\/author\/guineediversite\/\"}]}<\/script>\n<!-- \/ Yoast SEO plugin. -->","yoast_head_json":{"title":"Guin\u00e9e: des opposants, en gr\u00e8ve de la faim, d\u00e9noncent le dispositif s\u00e9curitaire | Guin\u00e9e Diversit\u00e9","robots":{"index":"index","follow":"follow","max-snippet":"max-snippet:-1","max-image-preview":"max-image-preview:large","max-video-preview":"max-video-preview:-1"},"canonical":"https:\/\/guineediversite.com\/index.php\/2018\/12\/07\/guinee-des-opposants-en-greve-de-la-faim-denoncent-le-dispositif-securitaire\/","og_locale":"fr_FR","og_type":"article","og_title":"Guin\u00e9e: des opposants, en gr\u00e8ve de la faim, d\u00e9noncent le dispositif s\u00e9curitaire | Guin\u00e9e Diversit\u00e9","og_description":"En Guin\u00e9e Conakry, des opposants politiques, membres du parti Bloc lib\u00e9ral ont entam\u00e9 mercredi une gr\u00e8ve de la faim pour une dur\u00e9e de quatre jours. Ils d\u00e9noncent le d\u00e9ploiement depuis trois semaines de patrouilles mixtes compos\u00e9es de policiers, de gendarmes et de militaires dans les rues de la capitale. Des patrouilles cr\u00e9\u00e9es apr\u00e8s des semaines [&hellip;]","og_url":"https:\/\/guineediversite.com\/index.php\/2018\/12\/07\/guinee-des-opposants-en-greve-de-la-faim-denoncent-le-dispositif-securitaire\/","og_site_name":"Guin\u00e9e Diversit\u00e9","article_publisher":"https:\/\/www.facebook.com\/guineediversite\/","article_published_time":"2018-12-07T13:55:24+00:00","og_image":[{"width":1024,"height":578,"url":"https:\/\/guineediversite.com\/wp-content\/uploads\/2018\/12\/000_Par6943283_0.jpg","type":"image\/jpeg"}],"author":"Guin\u00e9e Diversit\u00e9","twitter_card":"summary_large_image","twitter_creator":"@GuineeDiversite","twitter_site":"@GuineeDiversite","twitter_misc":{"\u00c9crit par":"Guin\u00e9e Diversit\u00e9","Dur\u00e9e de lecture estim\u00e9e":"2 minutes"},"schema":{"@context":"https:\/\/schema.org","@graph":[{"@type":"Article","@id":"https:\/\/guineediversite.com\/index.php\/2018\/12\/07\/guinee-des-opposants-en-greve-de-la-faim-denoncent-le-dispositif-securitaire\/#article","isPartOf":{"@id":"https:\/\/guineediversite.com\/index.php\/2018\/12\/07\/guinee-des-opposants-en-greve-de-la-faim-denoncent-le-dispositif-securitaire\/"},"author":{"name":"Guin\u00e9e Diversit\u00e9","@id":"https:\/\/guineediversite.com\/#\/schema\/person\/afa08fb34e7fc6e1feafc892612bc836"},"headline":"Guin\u00e9e: des opposants, en gr\u00e8ve de la faim, d\u00e9noncent le dispositif s\u00e9curitaire","datePublished":"2018-12-07T13:55:24+00:00","dateModified":"2018-12-07T13:55:24+00:00","mainEntityOfPage":{"@id":"https:\/\/guineediversite.com\/index.php\/2018\/12\/07\/guinee-des-opposants-en-greve-de-la-faim-denoncent-le-dispositif-securitaire\/"},"wordCount":381,"publisher":{"@id":"https:\/\/guineediversite.com\/#organization"},"image":{"@id":"https:\/\/guineediversite.com\/index.php\/2018\/12\/07\/guinee-des-opposants-en-greve-de-la-faim-denoncent-le-dispositif-securitaire\/#primaryimage"},"thumbnailUrl":"https:\/\/guineediversite.com\/wp-content\/uploads\/2018\/12\/000_Par6943283_0.jpg","articleSection":["Soci\u00e9t\u00e9"],"inLanguage":"fr-FR"},{"@type":"WebPage","@id":"https:\/\/guineediversite.com\/index.php\/2018\/12\/07\/guinee-des-opposants-en-greve-de-la-faim-denoncent-le-dispositif-securitaire\/","url":"https:\/\/guineediversite.com\/index.php\/2018\/12\/07\/guinee-des-opposants-en-greve-de-la-faim-denoncent-le-dispositif-securitaire\/","name":"Guin\u00e9e: des opposants, en gr\u00e8ve de la faim, d\u00e9noncent le dispositif s\u00e9curitaire | Guin\u00e9e Diversit\u00e9","isPartOf":{"@id":"https:\/\/guineediversite.com\/#website"},"primaryImageOfPage":{"@id":"https:\/\/guineediversite.com\/index.php\/2018\/12\/07\/guinee-des-opposants-en-greve-de-la-faim-denoncent-le-dispositif-securitaire\/#primaryimage"},"image":{"@id":"https:\/\/guineediversite.com\/index.php\/2018\/12\/07\/guinee-des-opposants-en-greve-de-la-faim-denoncent-le-dispositif-securitaire\/#primaryimage"},"thumbnailUrl":"https:\/\/guineediversite.com\/wp-content\/uploads\/2018\/12\/000_Par6943283_0.jpg","datePublished":"2018-12-07T13:55:24+00:00","dateModified":"2018-12-07T13:55:24+00:00","breadcrumb":{"@id":"https:\/\/guineediversite.com\/index.php\/2018\/12\/07\/guinee-des-opposants-en-greve-de-la-faim-denoncent-le-dispositif-securitaire\/#breadcrumb"},"inLanguage":"fr-FR","potentialAction":[{"@type":"ReadAction","target":["https:\/\/guineediversite.com\/index.php\/2018\/12\/07\/guinee-des-opposants-en-greve-de-la-faim-denoncent-le-dispositif-securitaire\/"]}]},{"@type":"ImageObject","inLanguage":"fr-FR","@id":"https:\/\/guineediversite.com\/index.php\/2018\/12\/07\/guinee-des-opposants-en-greve-de-la-faim-denoncent-le-dispositif-securitaire\/#primaryimage","url":"https:\/\/guineediversite.com\/wp-content\/uploads\/2018\/12\/000_Par6943283_0.jpg","contentUrl":"https:\/\/guineediversite.com\/wp-content\/uploads\/2018\/12\/000_Par6943283_0.jpg","width":1024,"height":578},{"@type":"BreadcrumbList","@id":"https:\/\/guineediversite.com\/index.php\/2018\/12\/07\/guinee-des-opposants-en-greve-de-la-faim-denoncent-le-dispositif-securitaire\/#breadcrumb","itemListElement":[{"@type":"ListItem","position":1,"name":"Accueil","item":"https:\/\/guineediversite.com\/"},{"@type":"ListItem","position":2,"name":"Guin\u00e9e: des opposants, en gr\u00e8ve de la faim, d\u00e9noncent le dispositif s\u00e9curitaire"}]},{"@type":"WebSite","@id":"https:\/\/guineediversite.com\/#website","url":"https:\/\/guineediversite.com\/","name":"Guin\u00e9e Diversit\u00e9","description":"L&#039;Info dans toute sa diversit\u00e9","publisher":{"@id":"https:\/\/guineediversite.com\/#organization"},"potentialAction":[{"@type":"SearchAction","target":{"@type":"EntryPoint","urlTemplate":"https:\/\/guineediversite.com\/?s={search_term_string}"},"query-input":{"@type":"PropertyValueSpecification","valueRequired":true,"valueName":"search_term_string"}}],"inLanguage":"fr-FR"},{"@type":"Organization","@id":"https:\/\/guineediversite.com\/#organization","name":"Guin\u00e9e Diversit\u00e9","url":"https:\/\/guineediversite.com\/","logo":{"@type":"ImageObject","inLanguage":"fr-FR","@id":"https:\/\/guineediversite.com\/#\/schema\/logo\/image\/","url":"https:\/\/guineediversite.com\/wp-content\/uploads\/2017\/04\/cropped-1jojlxEOMkX9Wyqfhe43D6kjPOGqBBKmx3EwWJqZ0cMrFF54yM49.png","contentUrl":"https:\/\/guineediversite.com\/wp-content\/uploads\/2017\/04\/cropped-1jojlxEOMkX9Wyqfhe43D6kjPOGqBBKmx3EwWJqZ0cMrFF54yM49.png","width":186,"height":112,"caption":"Guin\u00e9e Diversit\u00e9"},"image":{"@id":"https:\/\/guineediversite.com\/#\/schema\/logo\/image\/"},"sameAs":["https:\/\/www.facebook.com\/guineediversite\/","https:\/\/x.com\/GuineeDiversite","https:\/\/www.youtube.com\/channel\/UC8sUY16qelG5ge6_D5SB83g"]},{"@type":"Person","@id":"https:\/\/guineediversite.com\/#\/schema\/person\/afa08fb34e7fc6e1feafc892612bc836","name":"Guin\u00e9e Diversit\u00e9","image":{"@type":"ImageObject","inLanguage":"fr-FR","@id":"https:\/\/guineediversite.com\/#\/schema\/person\/image\/","url":"https:\/\/secure.gravatar.com\/avatar\/50d5eb5b390f8b65ac30ac6f898eb83a?s=96&d=mm&r=g","contentUrl":"https:\/\/secure.gravatar.com\/avatar\/50d5eb5b390f8b65ac30ac6f898eb83a?s=96&d=mm&r=g","caption":"Guin\u00e9e Diversit\u00e9"},"url":"https:\/\/guineediversite.com\/index.php\/author\/guineediversite\/"}]}},"_links":{"self":[{"href":"https:\/\/guineediversite.com\/index.php\/wp-json\/wp\/v2\/posts\/27478"}],"collection":[{"href":"https:\/\/guineediversite.com\/index.php\/wp-json\/wp\/v2\/posts"}],"about":[{"href":"https:\/\/guineediversite.com\/index.php\/wp-json\/wp\/v2\/types\/post"}],"author":[{"embeddable":true,"href":"https:\/\/guineediversite.com\/index.php\/wp-json\/wp\/v2\/users\/12"}],"replies":[{"embeddable":true,"href":"https:\/\/guineediversite.com\/index.php\/wp-json\/wp\/v2\/comments?post=27478"}],"version-history":[{"count":0,"href":"https:\/\/guineediversite.com\/index.php\/wp-json\/wp\/v2\/posts\/27478\/revisions"}],"wp:featuredmedia":[{"embeddable":true,"href":"https:\/\/guineediversite.com\/index.php\/wp-json\/wp\/v2\/media\/27479"}],"wp:attachment":[{"href":"https:\/\/guineediversite.com\/index.php\/wp-json\/wp\/v2\/media?parent=27478"}],"wp:term":[{"taxonomy":"category","embeddable":true,"href":"https:\/\/guineediversite.com\/index.php\/wp-json\/wp\/v2\/categories?post=27478"},{"taxonomy":"post_tag","embeddable":true,"href":"https:\/\/guineediversite.com\/index.php\/wp-json\/wp\/v2\/tags?post=27478"}],"curies":[{"name":"wp","href":"https:\/\/api.w.org\/{rel}","templated":true}]}}