{"id":27462,"date":"2018-12-06T15:15:04","date_gmt":"2018-12-06T14:15:04","guid":{"rendered":"https:\/\/guineediversite.com\/?p=27462"},"modified":"2018-12-06T15:15:26","modified_gmt":"2018-12-06T14:15:26","slug":"le-cameroun-se-penche-sur-les-causes-du-retrait-de-lorganisation-de-la-can-2019","status":"publish","type":"post","link":"https:\/\/guineediversite.com\/index.php\/2018\/12\/06\/le-cameroun-se-penche-sur-les-causes-du-retrait-de-lorganisation-de-la-can-2019\/","title":{"rendered":"Le Cameroun se penche sur les causes du retrait de l&rsquo;organisation de la CAN 2019"},"content":{"rendered":"<h2>Apr\u00e8s le retrait par la CAF de l&rsquo;organisation de la Coupe d&rsquo;Afrique des nations que le Cameroun devait accueillir en 2019, le Premier ministre a r\u00e9uni mercredi 5 d\u00e9cembre le COMIP-CAN (le Comit\u00e9 central d&rsquo;organisation) de la CAN. Un seul point \u00e9tait \u00e0 l&rsquo;ordre du jour\u00a0: l&rsquo;examen des causes de ce retrait. Les participants ont aussi \u00e9tudi\u00e9 l&rsquo;\u00e9ventualit\u00e9 des poursuites judiciaires contre la CAF.<\/h2>\n<p>Selon l&rsquo;un des participants, les d\u00e9bats \u00e0 cette r\u00e9union ont \u00e9t\u00e9 particuli\u00e8rement houleux. Mais tous, y compris les ministres impliqu\u00e9s dans<strong><a href=\"http:\/\/afriquefoot.rfi.fr\/20181130-football-can-2019-aura-pas-lieu-cameroun\" target=\"_blank\" rel=\"noopener\">\u00a0l&rsquo;organisation de cette Coupe d&rsquo;Afrique<\/a><\/strong>, se seraient accord\u00e9s &#8211;\u00a0apr\u00e8s examen de l&rsquo;\u00e9tat d&rsquo;avancement des diff\u00e9rents chantiers\u00a0&#8211; sur le fait que le Cameroun \u00e9tait loin d\u2019\u00eatre pr\u00eat.<\/p>\n<p><strong>Batailles et lenteurs&#8230;<\/strong><\/p>\n<p>Entre autres raisons \u00e9voqu\u00e9es\u00a0; les batailles entre diff\u00e9rentes administrations, les lenteurs pr\u00e9judiciables dans la cha\u00eene de d\u00e9cision, les arbitrages \u00e0 rallonge, etc&#8230; Le ministre des Finances par exemple, a r\u00e9v\u00e9l\u00e9 qu&rsquo;il lui avait \u00e9t\u00e9 demand\u00e9 de payer des travaux n&rsquo;ayant aucun lien avec le cahier de charge exig\u00e9 par la CAF. Aussi a-t-il propos\u00e9 un inventaire de tous les chantiers et prestations en cours, en vue d&rsquo;\u00e9viter une dispersion des moyens, cause d\u2019alourdissement des co\u00fbts.<\/p>\n<p>Le comit\u00e9 a \u00e9galement d\u00e9cid\u00e9 de la continuit\u00e9 des chantiers en vue de leurs livraisons \u00e0 l&rsquo;\u00e9ch\u00e9ance de fin mars 2019. Quant \u00e0 la main tendue de la CAF pour l&rsquo;organisation par<strong><a href=\"http:\/\/afriquefoot.rfi.fr\/20181203-quatre-questions-apres-le-retrait-can-2019-cameroun\" target=\"_blank\" rel=\"noopener\">\u00a0le Cameroun de la CAN 2021<\/a><\/strong>, le Cameroun devrait tr\u00e8s prochainement r\u00e9pondre favorablement \u00e0 cette demande.<\/p>\n<p><strong>La saisine du TAS abandonn\u00e9e\u00a0?<\/strong><\/p>\n<p>Le Premier ministre a par ailleurs prescrit<strong><a href=\"http:\/\/afriquefoot.rfi.fr\/20181201-retrait-can2019-cameroun-reaction-gouvernement-denonce-injustice\" target=\"_blank\" rel=\"noopener\">\u00a0l&rsquo;apaisement avec la CAF<\/a><\/strong>, l\u00e0 o\u00f9 certains pr\u00e9conisaient une saisine du Tribunal arbitral du sport. Selon toute vraisemblance, cette hypoth\u00e8se sera abandonn\u00e9e.<\/p>\n<p>RFI<\/p>\n","protected":false},"excerpt":{"rendered":"<p>Apr\u00e8s le retrait par la CAF de l&rsquo;organisation de la Coupe d&rsquo;Afrique des nations que le Cameroun devait accueillir en 2019, le Premier ministre a r\u00e9uni mercredi 5 d\u00e9cembre le COMIP-CAN (le Comit\u00e9 central d&rsquo;organisation) de la CAN. Un seul point \u00e9tait \u00e0 l&rsquo;ordre du jour\u00a0: l&rsquo;examen des causes de ce retrait. Les participants ont [&hellip;]<\/p>\n","protected":false},"author":12,"featured_media":27463,"comment_status":"closed","ping_status":"closed","sticky":false,"template":"","format":"standard","meta":{"_exactmetrics_skip_tracking":false,"_exactmetrics_sitenote_active":false,"_exactmetrics_sitenote_note":"","_exactmetrics_sitenote_category":0,"tdm_status":"","tdm_grid_status":"","footnotes":""},"categories":[21,18],"tags":[],"class_list":{"0":"post-27462","1":"post","2":"type-post","3":"status-publish","4":"format-standard","5":"has-post-thumbnail","7":"category-international","8":"category-sport"},"yoast_head":"<!-- This site is optimized with the Yoast SEO plugin v24.2 - https:\/\/yoast.com\/wordpress\/plugins\/seo\/ -->\n<title>Le Cameroun se penche sur les causes du retrait de l&#039;organisation de la CAN 2019 | Guin\u00e9e Diversit\u00e9<\/title>\n<meta name=\"robots\" content=\"index, follow, max-snippet:-1, max-image-preview:large, max-video-preview:-1\" \/>\n<link rel=\"canonical\" href=\"https:\/\/guineediversite.com\/index.php\/2018\/12\/06\/le-cameroun-se-penche-sur-les-causes-du-retrait-de-lorganisation-de-la-can-2019\/\" \/>\n<meta property=\"og:locale\" content=\"fr_FR\" \/>\n<meta property=\"og:type\" content=\"article\" \/>\n<meta property=\"og:title\" content=\"Le Cameroun se penche sur les causes du retrait de l&#039;organisation de la CAN 2019 | Guin\u00e9e Diversit\u00e9\" \/>\n<meta property=\"og:description\" content=\"Apr\u00e8s le retrait par la CAF de l&rsquo;organisation de la Coupe d&rsquo;Afrique des nations que le Cameroun devait accueillir en 2019, le Premier ministre a r\u00e9uni mercredi 5 d\u00e9cembre le COMIP-CAN (le Comit\u00e9 central d&rsquo;organisation) de la CAN. Un seul point \u00e9tait \u00e0 l&rsquo;ordre du jour\u00a0: l&rsquo;examen des causes de ce retrait. Les participants ont [&hellip;]\" \/>\n<meta property=\"og:url\" content=\"https:\/\/guineediversite.com\/index.php\/2018\/12\/06\/le-cameroun-se-penche-sur-les-causes-du-retrait-de-lorganisation-de-la-can-2019\/\" \/>\n<meta property=\"og:site_name\" content=\"Guin\u00e9e Diversit\u00e9\" \/>\n<meta property=\"article:publisher\" content=\"https:\/\/www.facebook.com\/guineediversite\/\" \/>\n<meta property=\"article:published_time\" content=\"2018-12-06T14:15:04+00:00\" \/>\n<meta property=\"article:modified_time\" content=\"2018-12-06T14:15:26+00:00\" \/>\n<meta property=\"og:image\" content=\"https:\/\/guineediversite.com\/wp-content\/uploads\/2018\/12\/000_ARP3439415_0.jpg\" \/>\n\t<meta property=\"og:image:width\" content=\"1024\" \/>\n\t<meta property=\"og:image:height\" content=\"578\" \/>\n\t<meta property=\"og:image:type\" content=\"image\/jpeg\" \/>\n<meta name=\"author\" content=\"Guin\u00e9e Diversit\u00e9\" \/>\n<meta name=\"twitter:card\" content=\"summary_large_image\" \/>\n<meta name=\"twitter:creator\" content=\"@GuineeDiversite\" \/>\n<meta name=\"twitter:site\" content=\"@GuineeDiversite\" \/>\n<meta name=\"twitter:label1\" content=\"\u00c9crit par\" \/>\n\t<meta name=\"twitter:data1\" content=\"Guin\u00e9e Diversit\u00e9\" \/>\n\t<meta name=\"twitter:label2\" content=\"Dur\u00e9e de lecture estim\u00e9e\" \/>\n\t<meta name=\"twitter:data2\" content=\"1 minute\" \/>\n<script type=\"application\/ld+json\" class=\"yoast-schema-graph\">{\"@context\":\"https:\/\/schema.org\",\"@graph\":[{\"@type\":\"Article\",\"@id\":\"https:\/\/guineediversite.com\/index.php\/2018\/12\/06\/le-cameroun-se-penche-sur-les-causes-du-retrait-de-lorganisation-de-la-can-2019\/#article\",\"isPartOf\":{\"@id\":\"https:\/\/guineediversite.com\/index.php\/2018\/12\/06\/le-cameroun-se-penche-sur-les-causes-du-retrait-de-lorganisation-de-la-can-2019\/\"},\"author\":{\"name\":\"Guin\u00e9e Diversit\u00e9\",\"@id\":\"https:\/\/guineediversite.com\/#\/schema\/person\/afa08fb34e7fc6e1feafc892612bc836\"},\"headline\":\"Le Cameroun se penche sur les causes du retrait de l&rsquo;organisation de la CAN 2019\",\"datePublished\":\"2018-12-06T14:15:04+00:00\",\"dateModified\":\"2018-12-06T14:15:26+00:00\",\"mainEntityOfPage\":{\"@id\":\"https:\/\/guineediversite.com\/index.php\/2018\/12\/06\/le-cameroun-se-penche-sur-les-causes-du-retrait-de-lorganisation-de-la-can-2019\/\"},\"wordCount\":325,\"publisher\":{\"@id\":\"https:\/\/guineediversite.com\/#organization\"},\"image\":{\"@id\":\"https:\/\/guineediversite.com\/index.php\/2018\/12\/06\/le-cameroun-se-penche-sur-les-causes-du-retrait-de-lorganisation-de-la-can-2019\/#primaryimage\"},\"thumbnailUrl\":\"https:\/\/guineediversite.com\/wp-content\/uploads\/2018\/12\/000_ARP3439415_0.jpg\",\"articleSection\":[\"International\",\"Sport\"],\"inLanguage\":\"fr-FR\"},{\"@type\":\"WebPage\",\"@id\":\"https:\/\/guineediversite.com\/index.php\/2018\/12\/06\/le-cameroun-se-penche-sur-les-causes-du-retrait-de-lorganisation-de-la-can-2019\/\",\"url\":\"https:\/\/guineediversite.com\/index.php\/2018\/12\/06\/le-cameroun-se-penche-sur-les-causes-du-retrait-de-lorganisation-de-la-can-2019\/\",\"name\":\"Le Cameroun se penche sur les causes du retrait de l'organisation de la CAN 2019 | Guin\u00e9e Diversit\u00e9\",\"isPartOf\":{\"@id\":\"https:\/\/guineediversite.com\/#website\"},\"primaryImageOfPage\":{\"@id\":\"https:\/\/guineediversite.com\/index.php\/2018\/12\/06\/le-cameroun-se-penche-sur-les-causes-du-retrait-de-lorganisation-de-la-can-2019\/#primaryimage\"},\"image\":{\"@id\":\"https:\/\/guineediversite.com\/index.php\/2018\/12\/06\/le-cameroun-se-penche-sur-les-causes-du-retrait-de-lorganisation-de-la-can-2019\/#primaryimage\"},\"thumbnailUrl\":\"https:\/\/guineediversite.com\/wp-content\/uploads\/2018\/12\/000_ARP3439415_0.jpg\",\"datePublished\":\"2018-12-06T14:15:04+00:00\",\"dateModified\":\"2018-12-06T14:15:26+00:00\",\"breadcrumb\":{\"@id\":\"https:\/\/guineediversite.com\/index.php\/2018\/12\/06\/le-cameroun-se-penche-sur-les-causes-du-retrait-de-lorganisation-de-la-can-2019\/#breadcrumb\"},\"inLanguage\":\"fr-FR\",\"potentialAction\":[{\"@type\":\"ReadAction\",\"target\":[\"https:\/\/guineediversite.com\/index.php\/2018\/12\/06\/le-cameroun-se-penche-sur-les-causes-du-retrait-de-lorganisation-de-la-can-2019\/\"]}]},{\"@type\":\"ImageObject\",\"inLanguage\":\"fr-FR\",\"@id\":\"https:\/\/guineediversite.com\/index.php\/2018\/12\/06\/le-cameroun-se-penche-sur-les-causes-du-retrait-de-lorganisation-de-la-can-2019\/#primaryimage\",\"url\":\"https:\/\/guineediversite.com\/wp-content\/uploads\/2018\/12\/000_ARP3439415_0.jpg\",\"contentUrl\":\"https:\/\/guineediversite.com\/wp-content\/uploads\/2018\/12\/000_ARP3439415_0.jpg\",\"width\":1024,\"height\":578},{\"@type\":\"BreadcrumbList\",\"@id\":\"https:\/\/guineediversite.com\/index.php\/2018\/12\/06\/le-cameroun-se-penche-sur-les-causes-du-retrait-de-lorganisation-de-la-can-2019\/#breadcrumb\",\"itemListElement\":[{\"@type\":\"ListItem\",\"position\":1,\"name\":\"Accueil\",\"item\":\"https:\/\/guineediversite.com\/\"},{\"@type\":\"ListItem\",\"position\":2,\"name\":\"Le Cameroun se penche sur les causes du retrait de l&rsquo;organisation de la CAN 2019\"}]},{\"@type\":\"WebSite\",\"@id\":\"https:\/\/guineediversite.com\/#website\",\"url\":\"https:\/\/guineediversite.com\/\",\"name\":\"Guin\u00e9e Diversit\u00e9\",\"description\":\"L&#039;Info dans toute sa diversit\u00e9\",\"publisher\":{\"@id\":\"https:\/\/guineediversite.com\/#organization\"},\"potentialAction\":[{\"@type\":\"SearchAction\",\"target\":{\"@type\":\"EntryPoint\",\"urlTemplate\":\"https:\/\/guineediversite.com\/?s={search_term_string}\"},\"query-input\":{\"@type\":\"PropertyValueSpecification\",\"valueRequired\":true,\"valueName\":\"search_term_string\"}}],\"inLanguage\":\"fr-FR\"},{\"@type\":\"Organization\",\"@id\":\"https:\/\/guineediversite.com\/#organization\",\"name\":\"Guin\u00e9e Diversit\u00e9\",\"url\":\"https:\/\/guineediversite.com\/\",\"logo\":{\"@type\":\"ImageObject\",\"inLanguage\":\"fr-FR\",\"@id\":\"https:\/\/guineediversite.com\/#\/schema\/logo\/image\/\",\"url\":\"https:\/\/guineediversite.com\/wp-content\/uploads\/2017\/04\/cropped-1jojlxEOMkX9Wyqfhe43D6kjPOGqBBKmx3EwWJqZ0cMrFF54yM49.png\",\"contentUrl\":\"https:\/\/guineediversite.com\/wp-content\/uploads\/2017\/04\/cropped-1jojlxEOMkX9Wyqfhe43D6kjPOGqBBKmx3EwWJqZ0cMrFF54yM49.png\",\"width\":186,\"height\":112,\"caption\":\"Guin\u00e9e Diversit\u00e9\"},\"image\":{\"@id\":\"https:\/\/guineediversite.com\/#\/schema\/logo\/image\/\"},\"sameAs\":[\"https:\/\/www.facebook.com\/guineediversite\/\",\"https:\/\/x.com\/GuineeDiversite\",\"https:\/\/www.youtube.com\/channel\/UC8sUY16qelG5ge6_D5SB83g\"]},{\"@type\":\"Person\",\"@id\":\"https:\/\/guineediversite.com\/#\/schema\/person\/afa08fb34e7fc6e1feafc892612bc836\",\"name\":\"Guin\u00e9e Diversit\u00e9\",\"image\":{\"@type\":\"ImageObject\",\"inLanguage\":\"fr-FR\",\"@id\":\"https:\/\/guineediversite.com\/#\/schema\/person\/image\/\",\"url\":\"https:\/\/secure.gravatar.com\/avatar\/50d5eb5b390f8b65ac30ac6f898eb83a?s=96&d=mm&r=g\",\"contentUrl\":\"https:\/\/secure.gravatar.com\/avatar\/50d5eb5b390f8b65ac30ac6f898eb83a?s=96&d=mm&r=g\",\"caption\":\"Guin\u00e9e Diversit\u00e9\"},\"url\":\"https:\/\/guineediversite.com\/index.php\/author\/guineediversite\/\"}]}<\/script>\n<!-- \/ Yoast SEO plugin. -->","yoast_head_json":{"title":"Le Cameroun se penche sur les causes du retrait de l'organisation de la CAN 2019 | Guin\u00e9e Diversit\u00e9","robots":{"index":"index","follow":"follow","max-snippet":"max-snippet:-1","max-image-preview":"max-image-preview:large","max-video-preview":"max-video-preview:-1"},"canonical":"https:\/\/guineediversite.com\/index.php\/2018\/12\/06\/le-cameroun-se-penche-sur-les-causes-du-retrait-de-lorganisation-de-la-can-2019\/","og_locale":"fr_FR","og_type":"article","og_title":"Le Cameroun se penche sur les causes du retrait de l'organisation de la CAN 2019 | Guin\u00e9e Diversit\u00e9","og_description":"Apr\u00e8s le retrait par la CAF de l&rsquo;organisation de la Coupe d&rsquo;Afrique des nations que le Cameroun devait accueillir en 2019, le Premier ministre a r\u00e9uni mercredi 5 d\u00e9cembre le COMIP-CAN (le Comit\u00e9 central d&rsquo;organisation) de la CAN. Un seul point \u00e9tait \u00e0 l&rsquo;ordre du jour\u00a0: l&rsquo;examen des causes de ce retrait. Les participants ont [&hellip;]","og_url":"https:\/\/guineediversite.com\/index.php\/2018\/12\/06\/le-cameroun-se-penche-sur-les-causes-du-retrait-de-lorganisation-de-la-can-2019\/","og_site_name":"Guin\u00e9e Diversit\u00e9","article_publisher":"https:\/\/www.facebook.com\/guineediversite\/","article_published_time":"2018-12-06T14:15:04+00:00","article_modified_time":"2018-12-06T14:15:26+00:00","og_image":[{"width":1024,"height":578,"url":"https:\/\/guineediversite.com\/wp-content\/uploads\/2018\/12\/000_ARP3439415_0.jpg","type":"image\/jpeg"}],"author":"Guin\u00e9e Diversit\u00e9","twitter_card":"summary_large_image","twitter_creator":"@GuineeDiversite","twitter_site":"@GuineeDiversite","twitter_misc":{"\u00c9crit par":"Guin\u00e9e Diversit\u00e9","Dur\u00e9e de lecture estim\u00e9e":"1 minute"},"schema":{"@context":"https:\/\/schema.org","@graph":[{"@type":"Article","@id":"https:\/\/guineediversite.com\/index.php\/2018\/12\/06\/le-cameroun-se-penche-sur-les-causes-du-retrait-de-lorganisation-de-la-can-2019\/#article","isPartOf":{"@id":"https:\/\/guineediversite.com\/index.php\/2018\/12\/06\/le-cameroun-se-penche-sur-les-causes-du-retrait-de-lorganisation-de-la-can-2019\/"},"author":{"name":"Guin\u00e9e Diversit\u00e9","@id":"https:\/\/guineediversite.com\/#\/schema\/person\/afa08fb34e7fc6e1feafc892612bc836"},"headline":"Le Cameroun se penche sur les causes du retrait de l&rsquo;organisation de la CAN 2019","datePublished":"2018-12-06T14:15:04+00:00","dateModified":"2018-12-06T14:15:26+00:00","mainEntityOfPage":{"@id":"https:\/\/guineediversite.com\/index.php\/2018\/12\/06\/le-cameroun-se-penche-sur-les-causes-du-retrait-de-lorganisation-de-la-can-2019\/"},"wordCount":325,"publisher":{"@id":"https:\/\/guineediversite.com\/#organization"},"image":{"@id":"https:\/\/guineediversite.com\/index.php\/2018\/12\/06\/le-cameroun-se-penche-sur-les-causes-du-retrait-de-lorganisation-de-la-can-2019\/#primaryimage"},"thumbnailUrl":"https:\/\/guineediversite.com\/wp-content\/uploads\/2018\/12\/000_ARP3439415_0.jpg","articleSection":["International","Sport"],"inLanguage":"fr-FR"},{"@type":"WebPage","@id":"https:\/\/guineediversite.com\/index.php\/2018\/12\/06\/le-cameroun-se-penche-sur-les-causes-du-retrait-de-lorganisation-de-la-can-2019\/","url":"https:\/\/guineediversite.com\/index.php\/2018\/12\/06\/le-cameroun-se-penche-sur-les-causes-du-retrait-de-lorganisation-de-la-can-2019\/","name":"Le Cameroun se penche sur les causes du retrait de l'organisation de la CAN 2019 | Guin\u00e9e Diversit\u00e9","isPartOf":{"@id":"https:\/\/guineediversite.com\/#website"},"primaryImageOfPage":{"@id":"https:\/\/guineediversite.com\/index.php\/2018\/12\/06\/le-cameroun-se-penche-sur-les-causes-du-retrait-de-lorganisation-de-la-can-2019\/#primaryimage"},"image":{"@id":"https:\/\/guineediversite.com\/index.php\/2018\/12\/06\/le-cameroun-se-penche-sur-les-causes-du-retrait-de-lorganisation-de-la-can-2019\/#primaryimage"},"thumbnailUrl":"https:\/\/guineediversite.com\/wp-content\/uploads\/2018\/12\/000_ARP3439415_0.jpg","datePublished":"2018-12-06T14:15:04+00:00","dateModified":"2018-12-06T14:15:26+00:00","breadcrumb":{"@id":"https:\/\/guineediversite.com\/index.php\/2018\/12\/06\/le-cameroun-se-penche-sur-les-causes-du-retrait-de-lorganisation-de-la-can-2019\/#breadcrumb"},"inLanguage":"fr-FR","potentialAction":[{"@type":"ReadAction","target":["https:\/\/guineediversite.com\/index.php\/2018\/12\/06\/le-cameroun-se-penche-sur-les-causes-du-retrait-de-lorganisation-de-la-can-2019\/"]}]},{"@type":"ImageObject","inLanguage":"fr-FR","@id":"https:\/\/guineediversite.com\/index.php\/2018\/12\/06\/le-cameroun-se-penche-sur-les-causes-du-retrait-de-lorganisation-de-la-can-2019\/#primaryimage","url":"https:\/\/guineediversite.com\/wp-content\/uploads\/2018\/12\/000_ARP3439415_0.jpg","contentUrl":"https:\/\/guineediversite.com\/wp-content\/uploads\/2018\/12\/000_ARP3439415_0.jpg","width":1024,"height":578},{"@type":"BreadcrumbList","@id":"https:\/\/guineediversite.com\/index.php\/2018\/12\/06\/le-cameroun-se-penche-sur-les-causes-du-retrait-de-lorganisation-de-la-can-2019\/#breadcrumb","itemListElement":[{"@type":"ListItem","position":1,"name":"Accueil","item":"https:\/\/guineediversite.com\/"},{"@type":"ListItem","position":2,"name":"Le Cameroun se penche sur les causes du retrait de l&rsquo;organisation de la CAN 2019"}]},{"@type":"WebSite","@id":"https:\/\/guineediversite.com\/#website","url":"https:\/\/guineediversite.com\/","name":"Guin\u00e9e Diversit\u00e9","description":"L&#039;Info dans toute sa diversit\u00e9","publisher":{"@id":"https:\/\/guineediversite.com\/#organization"},"potentialAction":[{"@type":"SearchAction","target":{"@type":"EntryPoint","urlTemplate":"https:\/\/guineediversite.com\/?s={search_term_string}"},"query-input":{"@type":"PropertyValueSpecification","valueRequired":true,"valueName":"search_term_string"}}],"inLanguage":"fr-FR"},{"@type":"Organization","@id":"https:\/\/guineediversite.com\/#organization","name":"Guin\u00e9e Diversit\u00e9","url":"https:\/\/guineediversite.com\/","logo":{"@type":"ImageObject","inLanguage":"fr-FR","@id":"https:\/\/guineediversite.com\/#\/schema\/logo\/image\/","url":"https:\/\/guineediversite.com\/wp-content\/uploads\/2017\/04\/cropped-1jojlxEOMkX9Wyqfhe43D6kjPOGqBBKmx3EwWJqZ0cMrFF54yM49.png","contentUrl":"https:\/\/guineediversite.com\/wp-content\/uploads\/2017\/04\/cropped-1jojlxEOMkX9Wyqfhe43D6kjPOGqBBKmx3EwWJqZ0cMrFF54yM49.png","width":186,"height":112,"caption":"Guin\u00e9e Diversit\u00e9"},"image":{"@id":"https:\/\/guineediversite.com\/#\/schema\/logo\/image\/"},"sameAs":["https:\/\/www.facebook.com\/guineediversite\/","https:\/\/x.com\/GuineeDiversite","https:\/\/www.youtube.com\/channel\/UC8sUY16qelG5ge6_D5SB83g"]},{"@type":"Person","@id":"https:\/\/guineediversite.com\/#\/schema\/person\/afa08fb34e7fc6e1feafc892612bc836","name":"Guin\u00e9e Diversit\u00e9","image":{"@type":"ImageObject","inLanguage":"fr-FR","@id":"https:\/\/guineediversite.com\/#\/schema\/person\/image\/","url":"https:\/\/secure.gravatar.com\/avatar\/50d5eb5b390f8b65ac30ac6f898eb83a?s=96&d=mm&r=g","contentUrl":"https:\/\/secure.gravatar.com\/avatar\/50d5eb5b390f8b65ac30ac6f898eb83a?s=96&d=mm&r=g","caption":"Guin\u00e9e Diversit\u00e9"},"url":"https:\/\/guineediversite.com\/index.php\/author\/guineediversite\/"}]}},"_links":{"self":[{"href":"https:\/\/guineediversite.com\/index.php\/wp-json\/wp\/v2\/posts\/27462"}],"collection":[{"href":"https:\/\/guineediversite.com\/index.php\/wp-json\/wp\/v2\/posts"}],"about":[{"href":"https:\/\/guineediversite.com\/index.php\/wp-json\/wp\/v2\/types\/post"}],"author":[{"embeddable":true,"href":"https:\/\/guineediversite.com\/index.php\/wp-json\/wp\/v2\/users\/12"}],"replies":[{"embeddable":true,"href":"https:\/\/guineediversite.com\/index.php\/wp-json\/wp\/v2\/comments?post=27462"}],"version-history":[{"count":0,"href":"https:\/\/guineediversite.com\/index.php\/wp-json\/wp\/v2\/posts\/27462\/revisions"}],"wp:featuredmedia":[{"embeddable":true,"href":"https:\/\/guineediversite.com\/index.php\/wp-json\/wp\/v2\/media\/27463"}],"wp:attachment":[{"href":"https:\/\/guineediversite.com\/index.php\/wp-json\/wp\/v2\/media?parent=27462"}],"wp:term":[{"taxonomy":"category","embeddable":true,"href":"https:\/\/guineediversite.com\/index.php\/wp-json\/wp\/v2\/categories?post=27462"},{"taxonomy":"post_tag","embeddable":true,"href":"https:\/\/guineediversite.com\/index.php\/wp-json\/wp\/v2\/tags?post=27462"}],"curies":[{"name":"wp","href":"https:\/\/api.w.org\/{rel}","templated":true}]}}