{"id":27459,"date":"2018-12-06T15:12:10","date_gmt":"2018-12-06T14:12:10","guid":{"rendered":"https:\/\/guineediversite.com\/?p=27459"},"modified":"2018-12-06T15:12:10","modified_gmt":"2018-12-06T14:12:10","slug":"cooperation-belgo-guineenne-le-premier-ministre-ibrahima-kassory-fofana-lance-les-travaux-de-la-mission-economique-belge-en-guinee","status":"publish","type":"post","link":"https:\/\/guineediversite.com\/index.php\/2018\/12\/06\/cooperation-belgo-guineenne-le-premier-ministre-ibrahima-kassory-fofana-lance-les-travaux-de-la-mission-economique-belge-en-guinee\/","title":{"rendered":"Coop\u00e9ration belgo-guin\u00e9enne : le premier ministre Ibrahima Kassory Fofana lance les travaux de la mission \u00e9conomique Belge en Guin\u00e9e"},"content":{"rendered":"<p>Le Premier ministre, Chef du Gouvernement a pris part ce mercredi, \u00e0 l\u2019ouverture des travaux de la mission \u00e9conomique belgo-guin\u00e9enne.<\/p>\n<p>Cette mission belge qui illustre l\u2019int\u00e9r\u00eat manifeste des autorit\u00e9s belges en traduisant cette volont\u00e9 manifeste par des partenariats durables et mutuellement b\u00e9n\u00e9fiques pour la coop\u00e9ration qui unit Conakry et Bruxelles, a connu la pr\u00e9sence de certains membres du Gouvernement, de l&rsquo;Ambassadeur de Guin\u00e9e aupr\u00e8s des pays du BENELUX mais aussi de l\u2019Administratrice G\u00e9n\u00e9rale de l\u2019Agence Wallonne \u00e0 l\u2019exportation et aux investissements \u00e9trangers \u2018\u2019AWEX.\u2019\u2019<br \/>\nCette mission \u00e9conomique qui prendre fin le 08 d\u00e9cembre prochain, s\u2019inscrit dans le cadre du renforcement des relations commerciales et de coop\u00e9ration entre la Belgique et la Guin\u00e9e et fait suite aux missions belges men\u00e9es en ao\u00fbt et en octobre 2016 ainsi qu&rsquo;aux forums \u00e9conomiques organis\u00e9s \u00e0 Bruxelles en 2016 et en 2018. La venue de cette mission conduite par Pascale Delcomminette b\u00e9n\u00e9ficie de la participation de la chambre de Commerce belgo-luxembourgeoise \u2013 ACP et du soutien de l\u2019Agence de Promotion des InvestissementsPriv\u00e9s (APIP Guin\u00e9e).<\/p>\n<p>Cette mission multisectorielle belge en Guin\u00e9e constitu\u00e9e de plus d\u2019une quarantaine d\u2019entreprises repr\u00e9sent\u00e9es par une soixantaine de personnes proc\u00e9dera \u00e0 la pr\u00e9sentation des opportunit\u00e9s dans plusieurs secteurs porteurs de croissance \u00e0 savoir : la construction, les infrastructures et Travaux publics, l\u2019Environnement, l\u2019assainissement, les activit\u00e9s Portuaires, Transport et Logistique, les mines, les \u00e9nergies renouvelables, la sant\u00e9 et l\u2019agroalimentaire.<br \/>\nLa Guin\u00e9e et la Belgique entretiennent des relations d\u2019amiti\u00e9 et de coop\u00e9ration qui ne cessent de consolider ces derni\u00e8res ann\u00e9es en rev\u00eatant une dimension toute particuli\u00e8re, avec l\u2019inscription de la Guin\u00e9e sur la liste des pays prioritaires au titre de l\u2019aide publique au d\u00e9veloppement de la Belgique, ainsi que l\u2019\u00e9l\u00e9vation au niveau d\u2019ambassadeur \u00e0 part enti\u00e8re au bureau diplomatique belge depuis le d\u00e9but de cette ann\u00e9e, de m\u00eame que l\u2019installation de l\u2019Agence Belge de d\u00e9veloppement (ENABEL) \u00e0 Conakry, sont autant de jalons pos\u00e9s dans la trajectoire de la n\u00e9cessaire consolidation de la coop\u00e9ration guin\u00e9eo-belge.<br \/>\nPour l\u2019administratrice g\u00e9n\u00e9rale de l\u2019Agence Wallonne \u00e0 l\u2019exportation et aux investissements \u00e9trangers leur objectif est d\u2019accompagner les entreprises belges dans leurs d\u00e9marches d\u2019exportation en coop\u00e9ration avec la partie guin\u00e9enne et de faciliter la naissance de partenariat mutuellement fructueux. Selon Pascale Delcomminette, leur ambition est de poursuivre la dynamique \u00e9tablie entre les entreprises belges et guin\u00e9ennes pour plus de coop\u00e9ration \u00e9conomique belgo-guin\u00e9enne, car le diplomatique \u00e9conomique, le commerce et les investissements figurent dans la liste des priorit\u00e9s des autorit\u00e9s de la Belgique et de ses composantes r\u00e9gionales.<\/p>\n<p>Pour sa part, le Premier ministre, Chef du Gouvernement a clairement pr\u00e9cis\u00e9 \u00e0 la mission \u00e9conomique belge que depuis 2010, sous le leadership du Pr\u00e9sident de la R\u00e9publique Alpha Cond\u00e9, le pays s\u2019est engag\u00e9 dans une dynamique de transformation politique, \u00e9conomique et sociale, en vue de r\u00e9pondre aux besoins pressants et nombreux des populations et poser ainsi les fondements d\u2019une \u00e9conomie \u00e9mergente. C\u2019est pourquoi, selon, Ibrahima Kassory Fofana des r\u00e9formes structurelles dans la gouvernance \u00e9conomique et financi\u00e8re a permis de restaurer les \u00e9quilibres macro\u00e9conomiques aboutissant \u00e0 l\u2019am\u00e9lioration de l\u2019environnement des affaires en Guin\u00e9e. Cela a permis au pays de gagner, depuis 2010, 30 places dans le classement Doing business de la Banque mondiale, et d\u2019\u00eatre cit\u00e9 parmi les pays les plus r\u00e9formateurs au monde.<\/p>\n<p>Pour explorer les opportunit\u00e9s d\u2019affaires et de partenariat durant cette mission \u00e9conomique, le Premier ministre, Chef du Gouvernement a mis en exergue l\u2019instrument strat\u00e9gique dont dispose \u00e0 la Guin\u00e9e \u00e0 savoir le Plan National de D\u00e9veloppement Economique et Social adopt\u00e9 en 2017 pour r\u00e9pondre aux multiples d\u00e9fis de d\u00e9veloppement de la Guin\u00e9e.<\/p>\n<p>Pour finir, le Premier ministre, Chef du Gouvernement dira que ce programme vise \u00e0 promouvoir une croissance forte et de qualit\u00e9, susceptible d\u2019am\u00e9liorer le bien-\u00eatre des Guin\u00e9ens et d\u2019op\u00e9rer une transformation structurelle de l\u2019\u00e9conomie, plus durable et plus inclusive. La Guin\u00e9e offre donc \u00e0 la Belgique des perspectives r\u00e9elles pour initier des affaires, r\u00e9aliser des investissements et nouer ainsi des partenariats f\u00e9conds conclut-il.<\/p>\n<p>&nbsp;<\/p>\n<p><strong>\u00a0<\/strong><\/p>\n<p><strong>La Cellule de Communication du Gouvernement<\/strong><\/p>\n<p>&nbsp;<\/p>\n","protected":false},"excerpt":{"rendered":"<p>Le Premier ministre, Chef du Gouvernement a pris part ce mercredi, \u00e0 l\u2019ouverture des travaux de la mission \u00e9conomique belgo-guin\u00e9enne. Cette mission belge qui illustre l\u2019int\u00e9r\u00eat manifeste des autorit\u00e9s belges en traduisant cette volont\u00e9 manifeste par des partenariats durables et mutuellement b\u00e9n\u00e9fiques pour la coop\u00e9ration qui unit Conakry et Bruxelles, a connu la pr\u00e9sence de [&hellip;]<\/p>\n","protected":false},"author":12,"featured_media":27460,"comment_status":"closed","ping_status":"closed","sticky":false,"template":"","format":"standard","meta":{"_exactmetrics_skip_tracking":false,"_exactmetrics_sitenote_active":false,"_exactmetrics_sitenote_note":"","_exactmetrics_sitenote_category":0,"tdm_status":"","tdm_grid_status":"","footnotes":""},"categories":[15],"tags":[],"class_list":{"0":"post-27459","1":"post","2":"type-post","3":"status-publish","4":"format-standard","5":"has-post-thumbnail","7":"category-economie"},"yoast_head":"<!-- This site is optimized with the Yoast SEO plugin v24.2 - https:\/\/yoast.com\/wordpress\/plugins\/seo\/ -->\n<title>Coop\u00e9ration belgo-guin\u00e9enne : le premier ministre Ibrahima Kassory Fofana lance les travaux de la mission \u00e9conomique Belge en Guin\u00e9e | Guin\u00e9e Diversit\u00e9<\/title>\n<meta name=\"robots\" content=\"index, follow, max-snippet:-1, max-image-preview:large, max-video-preview:-1\" \/>\n<link rel=\"canonical\" href=\"https:\/\/guineediversite.com\/index.php\/2018\/12\/06\/cooperation-belgo-guineenne-le-premier-ministre-ibrahima-kassory-fofana-lance-les-travaux-de-la-mission-economique-belge-en-guinee\/\" \/>\n<meta property=\"og:locale\" content=\"fr_FR\" \/>\n<meta property=\"og:type\" content=\"article\" \/>\n<meta property=\"og:title\" content=\"Coop\u00e9ration belgo-guin\u00e9enne : le premier ministre Ibrahima Kassory Fofana lance les travaux de la mission \u00e9conomique Belge en Guin\u00e9e | Guin\u00e9e Diversit\u00e9\" \/>\n<meta property=\"og:description\" content=\"Le Premier ministre, Chef du Gouvernement a pris part ce mercredi, \u00e0 l\u2019ouverture des travaux de la mission \u00e9conomique belgo-guin\u00e9enne. Cette mission belge qui illustre l\u2019int\u00e9r\u00eat manifeste des autorit\u00e9s belges en traduisant cette volont\u00e9 manifeste par des partenariats durables et mutuellement b\u00e9n\u00e9fiques pour la coop\u00e9ration qui unit Conakry et Bruxelles, a connu la pr\u00e9sence de [&hellip;]\" \/>\n<meta property=\"og:url\" content=\"https:\/\/guineediversite.com\/index.php\/2018\/12\/06\/cooperation-belgo-guineenne-le-premier-ministre-ibrahima-kassory-fofana-lance-les-travaux-de-la-mission-economique-belge-en-guinee\/\" \/>\n<meta property=\"og:site_name\" content=\"Guin\u00e9e Diversit\u00e9\" \/>\n<meta property=\"article:publisher\" content=\"https:\/\/www.facebook.com\/guineediversite\/\" \/>\n<meta property=\"article:published_time\" content=\"2018-12-06T14:12:10+00:00\" \/>\n<meta property=\"og:image\" content=\"https:\/\/guineediversite.com\/wp-content\/uploads\/2018\/12\/Mission-\u00e9conomique-en-Guin\u00e9e-05-12-2018-09.jpg\" \/>\n\t<meta property=\"og:image:width\" content=\"2000\" \/>\n\t<meta property=\"og:image:height\" content=\"1333\" \/>\n\t<meta property=\"og:image:type\" content=\"image\/jpeg\" \/>\n<meta name=\"author\" content=\"Guin\u00e9e Diversit\u00e9\" \/>\n<meta name=\"twitter:card\" content=\"summary_large_image\" \/>\n<meta name=\"twitter:creator\" content=\"@GuineeDiversite\" \/>\n<meta name=\"twitter:site\" content=\"@GuineeDiversite\" \/>\n<meta name=\"twitter:label1\" content=\"\u00c9crit par\" \/>\n\t<meta name=\"twitter:data1\" content=\"Guin\u00e9e Diversit\u00e9\" \/>\n\t<meta name=\"twitter:label2\" content=\"Dur\u00e9e de lecture estim\u00e9e\" \/>\n\t<meta name=\"twitter:data2\" content=\"4 minutes\" \/>\n<script type=\"application\/ld+json\" class=\"yoast-schema-graph\">{\"@context\":\"https:\/\/schema.org\",\"@graph\":[{\"@type\":\"Article\",\"@id\":\"https:\/\/guineediversite.com\/index.php\/2018\/12\/06\/cooperation-belgo-guineenne-le-premier-ministre-ibrahima-kassory-fofana-lance-les-travaux-de-la-mission-economique-belge-en-guinee\/#article\",\"isPartOf\":{\"@id\":\"https:\/\/guineediversite.com\/index.php\/2018\/12\/06\/cooperation-belgo-guineenne-le-premier-ministre-ibrahima-kassory-fofana-lance-les-travaux-de-la-mission-economique-belge-en-guinee\/\"},\"author\":{\"name\":\"Guin\u00e9e Diversit\u00e9\",\"@id\":\"https:\/\/guineediversite.com\/#\/schema\/person\/afa08fb34e7fc6e1feafc892612bc836\"},\"headline\":\"Coop\u00e9ration belgo-guin\u00e9enne : le premier ministre Ibrahima Kassory Fofana lance les travaux de la mission \u00e9conomique Belge en Guin\u00e9e\",\"datePublished\":\"2018-12-06T14:12:10+00:00\",\"dateModified\":\"2018-12-06T14:12:10+00:00\",\"mainEntityOfPage\":{\"@id\":\"https:\/\/guineediversite.com\/index.php\/2018\/12\/06\/cooperation-belgo-guineenne-le-premier-ministre-ibrahima-kassory-fofana-lance-les-travaux-de-la-mission-economique-belge-en-guinee\/\"},\"wordCount\":771,\"publisher\":{\"@id\":\"https:\/\/guineediversite.com\/#organization\"},\"image\":{\"@id\":\"https:\/\/guineediversite.com\/index.php\/2018\/12\/06\/cooperation-belgo-guineenne-le-premier-ministre-ibrahima-kassory-fofana-lance-les-travaux-de-la-mission-economique-belge-en-guinee\/#primaryimage\"},\"thumbnailUrl\":\"https:\/\/guineediversite.com\/wp-content\/uploads\/2018\/12\/Mission-\u00e9conomique-en-Guin\u00e9e-05-12-2018-09.jpg\",\"articleSection\":[\"Economie\"],\"inLanguage\":\"fr-FR\"},{\"@type\":\"WebPage\",\"@id\":\"https:\/\/guineediversite.com\/index.php\/2018\/12\/06\/cooperation-belgo-guineenne-le-premier-ministre-ibrahima-kassory-fofana-lance-les-travaux-de-la-mission-economique-belge-en-guinee\/\",\"url\":\"https:\/\/guineediversite.com\/index.php\/2018\/12\/06\/cooperation-belgo-guineenne-le-premier-ministre-ibrahima-kassory-fofana-lance-les-travaux-de-la-mission-economique-belge-en-guinee\/\",\"name\":\"Coop\u00e9ration belgo-guin\u00e9enne : le premier ministre Ibrahima Kassory Fofana lance les travaux de la mission \u00e9conomique Belge en Guin\u00e9e | Guin\u00e9e Diversit\u00e9\",\"isPartOf\":{\"@id\":\"https:\/\/guineediversite.com\/#website\"},\"primaryImageOfPage\":{\"@id\":\"https:\/\/guineediversite.com\/index.php\/2018\/12\/06\/cooperation-belgo-guineenne-le-premier-ministre-ibrahima-kassory-fofana-lance-les-travaux-de-la-mission-economique-belge-en-guinee\/#primaryimage\"},\"image\":{\"@id\":\"https:\/\/guineediversite.com\/index.php\/2018\/12\/06\/cooperation-belgo-guineenne-le-premier-ministre-ibrahima-kassory-fofana-lance-les-travaux-de-la-mission-economique-belge-en-guinee\/#primaryimage\"},\"thumbnailUrl\":\"https:\/\/guineediversite.com\/wp-content\/uploads\/2018\/12\/Mission-\u00e9conomique-en-Guin\u00e9e-05-12-2018-09.jpg\",\"datePublished\":\"2018-12-06T14:12:10+00:00\",\"dateModified\":\"2018-12-06T14:12:10+00:00\",\"breadcrumb\":{\"@id\":\"https:\/\/guineediversite.com\/index.php\/2018\/12\/06\/cooperation-belgo-guineenne-le-premier-ministre-ibrahima-kassory-fofana-lance-les-travaux-de-la-mission-economique-belge-en-guinee\/#breadcrumb\"},\"inLanguage\":\"fr-FR\",\"potentialAction\":[{\"@type\":\"ReadAction\",\"target\":[\"https:\/\/guineediversite.com\/index.php\/2018\/12\/06\/cooperation-belgo-guineenne-le-premier-ministre-ibrahima-kassory-fofana-lance-les-travaux-de-la-mission-economique-belge-en-guinee\/\"]}]},{\"@type\":\"ImageObject\",\"inLanguage\":\"fr-FR\",\"@id\":\"https:\/\/guineediversite.com\/index.php\/2018\/12\/06\/cooperation-belgo-guineenne-le-premier-ministre-ibrahima-kassory-fofana-lance-les-travaux-de-la-mission-economique-belge-en-guinee\/#primaryimage\",\"url\":\"https:\/\/guineediversite.com\/wp-content\/uploads\/2018\/12\/Mission-\u00e9conomique-en-Guin\u00e9e-05-12-2018-09.jpg\",\"contentUrl\":\"https:\/\/guineediversite.com\/wp-content\/uploads\/2018\/12\/Mission-\u00e9conomique-en-Guin\u00e9e-05-12-2018-09.jpg\",\"width\":2000,\"height\":1333},{\"@type\":\"BreadcrumbList\",\"@id\":\"https:\/\/guineediversite.com\/index.php\/2018\/12\/06\/cooperation-belgo-guineenne-le-premier-ministre-ibrahima-kassory-fofana-lance-les-travaux-de-la-mission-economique-belge-en-guinee\/#breadcrumb\",\"itemListElement\":[{\"@type\":\"ListItem\",\"position\":1,\"name\":\"Accueil\",\"item\":\"https:\/\/guineediversite.com\/\"},{\"@type\":\"ListItem\",\"position\":2,\"name\":\"Coop\u00e9ration belgo-guin\u00e9enne : le premier ministre Ibrahima Kassory Fofana lance les travaux de la mission \u00e9conomique Belge en Guin\u00e9e\"}]},{\"@type\":\"WebSite\",\"@id\":\"https:\/\/guineediversite.com\/#website\",\"url\":\"https:\/\/guineediversite.com\/\",\"name\":\"Guin\u00e9e Diversit\u00e9\",\"description\":\"L&#039;Info dans toute sa diversit\u00e9\",\"publisher\":{\"@id\":\"https:\/\/guineediversite.com\/#organization\"},\"potentialAction\":[{\"@type\":\"SearchAction\",\"target\":{\"@type\":\"EntryPoint\",\"urlTemplate\":\"https:\/\/guineediversite.com\/?s={search_term_string}\"},\"query-input\":{\"@type\":\"PropertyValueSpecification\",\"valueRequired\":true,\"valueName\":\"search_term_string\"}}],\"inLanguage\":\"fr-FR\"},{\"@type\":\"Organization\",\"@id\":\"https:\/\/guineediversite.com\/#organization\",\"name\":\"Guin\u00e9e Diversit\u00e9\",\"url\":\"https:\/\/guineediversite.com\/\",\"logo\":{\"@type\":\"ImageObject\",\"inLanguage\":\"fr-FR\",\"@id\":\"https:\/\/guineediversite.com\/#\/schema\/logo\/image\/\",\"url\":\"https:\/\/guineediversite.com\/wp-content\/uploads\/2017\/04\/cropped-1jojlxEOMkX9Wyqfhe43D6kjPOGqBBKmx3EwWJqZ0cMrFF54yM49.png\",\"contentUrl\":\"https:\/\/guineediversite.com\/wp-content\/uploads\/2017\/04\/cropped-1jojlxEOMkX9Wyqfhe43D6kjPOGqBBKmx3EwWJqZ0cMrFF54yM49.png\",\"width\":186,\"height\":112,\"caption\":\"Guin\u00e9e Diversit\u00e9\"},\"image\":{\"@id\":\"https:\/\/guineediversite.com\/#\/schema\/logo\/image\/\"},\"sameAs\":[\"https:\/\/www.facebook.com\/guineediversite\/\",\"https:\/\/x.com\/GuineeDiversite\",\"https:\/\/www.youtube.com\/channel\/UC8sUY16qelG5ge6_D5SB83g\"]},{\"@type\":\"Person\",\"@id\":\"https:\/\/guineediversite.com\/#\/schema\/person\/afa08fb34e7fc6e1feafc892612bc836\",\"name\":\"Guin\u00e9e Diversit\u00e9\",\"image\":{\"@type\":\"ImageObject\",\"inLanguage\":\"fr-FR\",\"@id\":\"https:\/\/guineediversite.com\/#\/schema\/person\/image\/\",\"url\":\"https:\/\/secure.gravatar.com\/avatar\/50d5eb5b390f8b65ac30ac6f898eb83a?s=96&d=mm&r=g\",\"contentUrl\":\"https:\/\/secure.gravatar.com\/avatar\/50d5eb5b390f8b65ac30ac6f898eb83a?s=96&d=mm&r=g\",\"caption\":\"Guin\u00e9e Diversit\u00e9\"},\"url\":\"https:\/\/guineediversite.com\/index.php\/author\/guineediversite\/\"}]}<\/script>\n<!-- \/ Yoast SEO plugin. -->","yoast_head_json":{"title":"Coop\u00e9ration belgo-guin\u00e9enne : le premier ministre Ibrahima Kassory Fofana lance les travaux de la mission \u00e9conomique Belge en Guin\u00e9e | Guin\u00e9e Diversit\u00e9","robots":{"index":"index","follow":"follow","max-snippet":"max-snippet:-1","max-image-preview":"max-image-preview:large","max-video-preview":"max-video-preview:-1"},"canonical":"https:\/\/guineediversite.com\/index.php\/2018\/12\/06\/cooperation-belgo-guineenne-le-premier-ministre-ibrahima-kassory-fofana-lance-les-travaux-de-la-mission-economique-belge-en-guinee\/","og_locale":"fr_FR","og_type":"article","og_title":"Coop\u00e9ration belgo-guin\u00e9enne : le premier ministre Ibrahima Kassory Fofana lance les travaux de la mission \u00e9conomique Belge en Guin\u00e9e | Guin\u00e9e Diversit\u00e9","og_description":"Le Premier ministre, Chef du Gouvernement a pris part ce mercredi, \u00e0 l\u2019ouverture des travaux de la mission \u00e9conomique belgo-guin\u00e9enne. Cette mission belge qui illustre l\u2019int\u00e9r\u00eat manifeste des autorit\u00e9s belges en traduisant cette volont\u00e9 manifeste par des partenariats durables et mutuellement b\u00e9n\u00e9fiques pour la coop\u00e9ration qui unit Conakry et Bruxelles, a connu la pr\u00e9sence de [&hellip;]","og_url":"https:\/\/guineediversite.com\/index.php\/2018\/12\/06\/cooperation-belgo-guineenne-le-premier-ministre-ibrahima-kassory-fofana-lance-les-travaux-de-la-mission-economique-belge-en-guinee\/","og_site_name":"Guin\u00e9e Diversit\u00e9","article_publisher":"https:\/\/www.facebook.com\/guineediversite\/","article_published_time":"2018-12-06T14:12:10+00:00","og_image":[{"width":2000,"height":1333,"url":"https:\/\/guineediversite.com\/wp-content\/uploads\/2018\/12\/Mission-\u00e9conomique-en-Guin\u00e9e-05-12-2018-09.jpg","type":"image\/jpeg"}],"author":"Guin\u00e9e Diversit\u00e9","twitter_card":"summary_large_image","twitter_creator":"@GuineeDiversite","twitter_site":"@GuineeDiversite","twitter_misc":{"\u00c9crit par":"Guin\u00e9e Diversit\u00e9","Dur\u00e9e de lecture estim\u00e9e":"4 minutes"},"schema":{"@context":"https:\/\/schema.org","@graph":[{"@type":"Article","@id":"https:\/\/guineediversite.com\/index.php\/2018\/12\/06\/cooperation-belgo-guineenne-le-premier-ministre-ibrahima-kassory-fofana-lance-les-travaux-de-la-mission-economique-belge-en-guinee\/#article","isPartOf":{"@id":"https:\/\/guineediversite.com\/index.php\/2018\/12\/06\/cooperation-belgo-guineenne-le-premier-ministre-ibrahima-kassory-fofana-lance-les-travaux-de-la-mission-economique-belge-en-guinee\/"},"author":{"name":"Guin\u00e9e Diversit\u00e9","@id":"https:\/\/guineediversite.com\/#\/schema\/person\/afa08fb34e7fc6e1feafc892612bc836"},"headline":"Coop\u00e9ration belgo-guin\u00e9enne : le premier ministre Ibrahima Kassory Fofana lance les travaux de la mission \u00e9conomique Belge en Guin\u00e9e","datePublished":"2018-12-06T14:12:10+00:00","dateModified":"2018-12-06T14:12:10+00:00","mainEntityOfPage":{"@id":"https:\/\/guineediversite.com\/index.php\/2018\/12\/06\/cooperation-belgo-guineenne-le-premier-ministre-ibrahima-kassory-fofana-lance-les-travaux-de-la-mission-economique-belge-en-guinee\/"},"wordCount":771,"publisher":{"@id":"https:\/\/guineediversite.com\/#organization"},"image":{"@id":"https:\/\/guineediversite.com\/index.php\/2018\/12\/06\/cooperation-belgo-guineenne-le-premier-ministre-ibrahima-kassory-fofana-lance-les-travaux-de-la-mission-economique-belge-en-guinee\/#primaryimage"},"thumbnailUrl":"https:\/\/guineediversite.com\/wp-content\/uploads\/2018\/12\/Mission-\u00e9conomique-en-Guin\u00e9e-05-12-2018-09.jpg","articleSection":["Economie"],"inLanguage":"fr-FR"},{"@type":"WebPage","@id":"https:\/\/guineediversite.com\/index.php\/2018\/12\/06\/cooperation-belgo-guineenne-le-premier-ministre-ibrahima-kassory-fofana-lance-les-travaux-de-la-mission-economique-belge-en-guinee\/","url":"https:\/\/guineediversite.com\/index.php\/2018\/12\/06\/cooperation-belgo-guineenne-le-premier-ministre-ibrahima-kassory-fofana-lance-les-travaux-de-la-mission-economique-belge-en-guinee\/","name":"Coop\u00e9ration belgo-guin\u00e9enne : le premier ministre Ibrahima Kassory Fofana lance les travaux de la mission \u00e9conomique Belge en Guin\u00e9e | Guin\u00e9e Diversit\u00e9","isPartOf":{"@id":"https:\/\/guineediversite.com\/#website"},"primaryImageOfPage":{"@id":"https:\/\/guineediversite.com\/index.php\/2018\/12\/06\/cooperation-belgo-guineenne-le-premier-ministre-ibrahima-kassory-fofana-lance-les-travaux-de-la-mission-economique-belge-en-guinee\/#primaryimage"},"image":{"@id":"https:\/\/guineediversite.com\/index.php\/2018\/12\/06\/cooperation-belgo-guineenne-le-premier-ministre-ibrahima-kassory-fofana-lance-les-travaux-de-la-mission-economique-belge-en-guinee\/#primaryimage"},"thumbnailUrl":"https:\/\/guineediversite.com\/wp-content\/uploads\/2018\/12\/Mission-\u00e9conomique-en-Guin\u00e9e-05-12-2018-09.jpg","datePublished":"2018-12-06T14:12:10+00:00","dateModified":"2018-12-06T14:12:10+00:00","breadcrumb":{"@id":"https:\/\/guineediversite.com\/index.php\/2018\/12\/06\/cooperation-belgo-guineenne-le-premier-ministre-ibrahima-kassory-fofana-lance-les-travaux-de-la-mission-economique-belge-en-guinee\/#breadcrumb"},"inLanguage":"fr-FR","potentialAction":[{"@type":"ReadAction","target":["https:\/\/guineediversite.com\/index.php\/2018\/12\/06\/cooperation-belgo-guineenne-le-premier-ministre-ibrahima-kassory-fofana-lance-les-travaux-de-la-mission-economique-belge-en-guinee\/"]}]},{"@type":"ImageObject","inLanguage":"fr-FR","@id":"https:\/\/guineediversite.com\/index.php\/2018\/12\/06\/cooperation-belgo-guineenne-le-premier-ministre-ibrahima-kassory-fofana-lance-les-travaux-de-la-mission-economique-belge-en-guinee\/#primaryimage","url":"https:\/\/guineediversite.com\/wp-content\/uploads\/2018\/12\/Mission-\u00e9conomique-en-Guin\u00e9e-05-12-2018-09.jpg","contentUrl":"https:\/\/guineediversite.com\/wp-content\/uploads\/2018\/12\/Mission-\u00e9conomique-en-Guin\u00e9e-05-12-2018-09.jpg","width":2000,"height":1333},{"@type":"BreadcrumbList","@id":"https:\/\/guineediversite.com\/index.php\/2018\/12\/06\/cooperation-belgo-guineenne-le-premier-ministre-ibrahima-kassory-fofana-lance-les-travaux-de-la-mission-economique-belge-en-guinee\/#breadcrumb","itemListElement":[{"@type":"ListItem","position":1,"name":"Accueil","item":"https:\/\/guineediversite.com\/"},{"@type":"ListItem","position":2,"name":"Coop\u00e9ration belgo-guin\u00e9enne : le premier ministre Ibrahima Kassory Fofana lance les travaux de la mission \u00e9conomique Belge en Guin\u00e9e"}]},{"@type":"WebSite","@id":"https:\/\/guineediversite.com\/#website","url":"https:\/\/guineediversite.com\/","name":"Guin\u00e9e Diversit\u00e9","description":"L&#039;Info dans toute sa diversit\u00e9","publisher":{"@id":"https:\/\/guineediversite.com\/#organization"},"potentialAction":[{"@type":"SearchAction","target":{"@type":"EntryPoint","urlTemplate":"https:\/\/guineediversite.com\/?s={search_term_string}"},"query-input":{"@type":"PropertyValueSpecification","valueRequired":true,"valueName":"search_term_string"}}],"inLanguage":"fr-FR"},{"@type":"Organization","@id":"https:\/\/guineediversite.com\/#organization","name":"Guin\u00e9e Diversit\u00e9","url":"https:\/\/guineediversite.com\/","logo":{"@type":"ImageObject","inLanguage":"fr-FR","@id":"https:\/\/guineediversite.com\/#\/schema\/logo\/image\/","url":"https:\/\/guineediversite.com\/wp-content\/uploads\/2017\/04\/cropped-1jojlxEOMkX9Wyqfhe43D6kjPOGqBBKmx3EwWJqZ0cMrFF54yM49.png","contentUrl":"https:\/\/guineediversite.com\/wp-content\/uploads\/2017\/04\/cropped-1jojlxEOMkX9Wyqfhe43D6kjPOGqBBKmx3EwWJqZ0cMrFF54yM49.png","width":186,"height":112,"caption":"Guin\u00e9e Diversit\u00e9"},"image":{"@id":"https:\/\/guineediversite.com\/#\/schema\/logo\/image\/"},"sameAs":["https:\/\/www.facebook.com\/guineediversite\/","https:\/\/x.com\/GuineeDiversite","https:\/\/www.youtube.com\/channel\/UC8sUY16qelG5ge6_D5SB83g"]},{"@type":"Person","@id":"https:\/\/guineediversite.com\/#\/schema\/person\/afa08fb34e7fc6e1feafc892612bc836","name":"Guin\u00e9e Diversit\u00e9","image":{"@type":"ImageObject","inLanguage":"fr-FR","@id":"https:\/\/guineediversite.com\/#\/schema\/person\/image\/","url":"https:\/\/secure.gravatar.com\/avatar\/50d5eb5b390f8b65ac30ac6f898eb83a?s=96&d=mm&r=g","contentUrl":"https:\/\/secure.gravatar.com\/avatar\/50d5eb5b390f8b65ac30ac6f898eb83a?s=96&d=mm&r=g","caption":"Guin\u00e9e Diversit\u00e9"},"url":"https:\/\/guineediversite.com\/index.php\/author\/guineediversite\/"}]}},"_links":{"self":[{"href":"https:\/\/guineediversite.com\/index.php\/wp-json\/wp\/v2\/posts\/27459"}],"collection":[{"href":"https:\/\/guineediversite.com\/index.php\/wp-json\/wp\/v2\/posts"}],"about":[{"href":"https:\/\/guineediversite.com\/index.php\/wp-json\/wp\/v2\/types\/post"}],"author":[{"embeddable":true,"href":"https:\/\/guineediversite.com\/index.php\/wp-json\/wp\/v2\/users\/12"}],"replies":[{"embeddable":true,"href":"https:\/\/guineediversite.com\/index.php\/wp-json\/wp\/v2\/comments?post=27459"}],"version-history":[{"count":0,"href":"https:\/\/guineediversite.com\/index.php\/wp-json\/wp\/v2\/posts\/27459\/revisions"}],"wp:featuredmedia":[{"embeddable":true,"href":"https:\/\/guineediversite.com\/index.php\/wp-json\/wp\/v2\/media\/27460"}],"wp:attachment":[{"href":"https:\/\/guineediversite.com\/index.php\/wp-json\/wp\/v2\/media?parent=27459"}],"wp:term":[{"taxonomy":"category","embeddable":true,"href":"https:\/\/guineediversite.com\/index.php\/wp-json\/wp\/v2\/categories?post=27459"},{"taxonomy":"post_tag","embeddable":true,"href":"https:\/\/guineediversite.com\/index.php\/wp-json\/wp\/v2\/tags?post=27459"}],"curies":[{"name":"wp","href":"https:\/\/api.w.org\/{rel}","templated":true}]}}