{"id":27456,"date":"2018-12-05T19:37:18","date_gmt":"2018-12-05T18:37:18","guid":{"rendered":"https:\/\/guineediversite.com\/?p=27456"},"modified":"2018-12-05T19:37:18","modified_gmt":"2018-12-05T18:37:18","slug":"burkina-faso-la-justice-francaise-favorable-a-lextradition-de-francois-compaore","status":"publish","type":"post","link":"https:\/\/guineediversite.com\/index.php\/2018\/12\/05\/burkina-faso-la-justice-francaise-favorable-a-lextradition-de-francois-compaore\/","title":{"rendered":"Burkina Faso : la justice fran\u00e7aise favorable \u00e0 l\u2019extradition de Fran\u00e7ois Compaor\u00e9"},"content":{"rendered":"<p><strong>La justice fran\u00e7aise a rendu un avis favorable \u00e0 la demande d&rsquo;extradition du petit fr\u00e8re de Blaise Compaor\u00e9 vers le Burkina Faso dans le cadre de l&rsquo;enqu\u00eate sur l&rsquo;assassinat de Norbert Zongo. Mais ce dernier ne devrait pas \u00eatre extrad\u00e9 de si t\u00f4t, car sa d\u00e9fense dispose encore de plusieurs recours judiciaires pour contester cette d\u00e9cision.<\/strong><\/p>\n<p>Timing symbolique pour une d\u00e9cision historique. Quelques jours avant la vingti\u00e8me comm\u00e9moration de\u00a0<a href=\"https:\/\/www.jeuneafrique.com\/380728\/politique\/jour-13-decembre-1998-journaliste-burkinabe-norbert-zongo-etait-assassine\/\">l\u2019assassinat de Norbert Zongo et de ses trois camarades, le 13 d\u00e9cembre 1998<\/a>, la chambre d\u2019instruction de la cour d\u2019appel de Paris a rendu le 5 d\u00e9cembre un avis favorable \u00e0 la\u00a0<a href=\"https:\/\/www.jeuneafrique.com\/577282\/societe\/extradition-de-francois-compaore-le-delibere-renvoye-au-3-octobre\/\">demande d\u2019extradition de Fran\u00e7ois Compaor\u00e9 vers le Burkina Faso<\/a>.<\/p>\n<p>\u00ab\u00a0Nous avons beaucoup entendu les membres du clan Compaor\u00e9 dire qu\u2019il n\u2019y avait rien dans ce dossier. La chambre d\u2019instruction de la cour d\u2019appel vient de montrer le contraire. Nous sommes donc contents de cette d\u00e9cision, m\u00eame s\u2019il ne s\u2019agit que d\u2019une \u00e9tape\u00a0\u00bb, a r\u00e9agi Me Anta Guiss\u00e9, l\u2019avocate de l\u2019\u00c9tat burkinab\u00e8 dans cette affaire.<\/p>\n<p><strong>Pourvoi en cassation<\/strong><\/p>\n<p>En France depuis\u00a0<a href=\"https:\/\/www.jeuneafrique.com\/39108\/politique\/burkina-le-r-cit-de-la-chute-de-compaor-heure-par-heure\/\">la chute de son fr\u00e8re a\u00een\u00e9, Blaise Compaor\u00e9, en 2014<\/a>, le \u00ab\u00a0petit pr\u00e9sident\u00a0\u00bb ne devrait en effet pas \u00eatre extrad\u00e9 vers Ouagadougou dans les mois \u00e0 venir. Sa d\u00e9fense va utiliser plusieurs recours judiciaires, \u00e0 commencer par le pourvoi en cassation, pour contester cette d\u00e9cision.<\/p>\n<p>Son avocat, Me Pierre-Olivier Sur, entend surtout suspendre la proc\u00e9dure en cours contre son client gr\u00e2ce \u00e0 sa plainte avec constitution de partie civile d\u00e9pos\u00e9e \u00e0 Paris contre le juge d\u2019instruction burkinab\u00e8 \u00c9mile Zerbo pour \u00ab\u00a0faux et usage de faux en \u00e9criture publique\u00a0\u00bb. Le conseil de Compaor\u00e9 accuse en effet le magistrat charg\u00e9 de l\u2019enqu\u00eate au Burkina d\u2019avoir volontairement modifi\u00e9 le proc\u00e8s-verbal d\u2019un t\u00e9moin transmis \u00e0 la justice fran\u00e7aise.<\/p>\n<h1>CE N\u2019EST QU\u2019\u00c0 L\u2019ISSUE DE CETTE PROC\u00c9DURE QUE LA QUESTION DE L\u2019EXTRADITION ET DE SON EX\u00c9CUTION SE POSERA, SOIT PAS AVANT 2020 OU 2021<\/h1>\n<p>\u00ab\u00a0La chambre d\u2019instruction a reconnu le bien fond\u00e9 de notre plainte dans son arr\u00eat. Il n\u2019y a donc pas d\u2019autre issue \u00e0 ce dossier que de passer par la mise en examen de ce juge burkinab\u00e8 pour des faits criminels et, peut-\u00eatre, par son audience devant les assises \u00e0 Paris, a estim\u00e9 Me Sur. Ce n\u2019est qu\u2019\u00e0 l\u2019issue de cette proc\u00e9dure que la question de l\u2019extradition et de son ex\u00e9cution se posera, soit pas avant 2020 ou 2021.\u00a0\u00bb<\/p>\n<p><strong>Gagner du temps avant la pr\u00e9sidentielle de 2020<\/strong><\/p>\n<p>En bref, la d\u00e9fense de Fran\u00e7ois Compaor\u00e9 cherche \u00e0 gagner un maximum de temps, au moins jusqu\u2019\u00e0 la prochaine\u00a0<a href=\"https:\/\/www.jeuneafrique.com\/mag\/586298\/politique\/burkina-faso-dans-la-tete-de-roch-kabore-bilan-securite-economie\/\">\u00e9lection pr\u00e9sidentielle au Burkina Faso, pr\u00e9vue en novembre 2020<\/a>.<\/p>\n<h1>SES AVOCATS SAVENT QU\u2019IL N\u2019Y \u00c9CHAPPERA PAS, DONC ILS S\u2019ATTAQUENT AU JUGE D\u2019INSTRUCTION BURKINAB\u00c8 POUR BLOQUER LA PROC\u00c9DURE EN COURS<\/h1>\n<p>\u00ab\u00a0\u00c0 travers cet avis favorable, la justice fran\u00e7aise estime que Fran\u00e7ois Compaor\u00e9 doit \u00eatre extrad\u00e9 vers le Burkina. Ses avocats savent qu\u2019il n\u2019y \u00e9chappera pas, donc ils s\u2019attaquent au juge d\u2019instruction burkinab\u00e8 pour bloquer la proc\u00e9dure en cours\u00a0\u00bb,\u00a0analyse Aly Traor\u00e9, porte-parole du Balai citoyen en France.<\/p>\n<p>Voil\u00e0 des ann\u00e9es que les magistrats burkinab\u00e8 en charge de l\u2019enqu\u00eate sur l\u2019assassinat de Norbert Zongo et de ses compagnons souhaitent entendre Fran\u00e7ois Compaor\u00e9 sur cette affaire, dont il est consid\u00e9r\u00e9 comme le principal suspect. Vis\u00e9 par un mandat d\u2019arr\u00eat international \u00e9mis par Ouagadougou, il avait \u00e9t\u00e9 interpell\u00e9 le 29 octobre 2017 \u00e0 l\u2019a\u00e9roport de Roissy-Charles de Gaulle, \u00e0 Paris, \u00e0 son retour d\u2019un voyage \u00e0 Abidjan.<\/p>\n<p>Selon ses avocats, son placement sous contr\u00f4le judiciaire en France est d\u00e9sormais lev\u00e9, ce qui le rend \u00e0 nouveau pleinement libre de ses mouvements.<\/p>\n<p>JA<\/p>\n<p>&nbsp;<\/p>\n","protected":false},"excerpt":{"rendered":"<p>La justice fran\u00e7aise a rendu un avis favorable \u00e0 la demande d&rsquo;extradition du petit fr\u00e8re de Blaise Compaor\u00e9 vers le Burkina Faso dans le cadre de l&rsquo;enqu\u00eate sur l&rsquo;assassinat de Norbert Zongo. Mais ce dernier ne devrait pas \u00eatre extrad\u00e9 de si t\u00f4t, car sa d\u00e9fense dispose encore de plusieurs recours judiciaires pour contester cette [&hellip;]<\/p>\n","protected":false},"author":12,"featured_media":27457,"comment_status":"closed","ping_status":"closed","sticky":false,"template":"","format":"standard","meta":{"_exactmetrics_skip_tracking":false,"_exactmetrics_sitenote_active":false,"_exactmetrics_sitenote_note":"","_exactmetrics_sitenote_category":0,"tdm_status":"","tdm_grid_status":"","footnotes":""},"categories":[21],"tags":[],"class_list":{"0":"post-27456","1":"post","2":"type-post","3":"status-publish","4":"format-standard","5":"has-post-thumbnail","7":"category-international"},"yoast_head":"<!-- This site is optimized with the Yoast SEO plugin v24.2 - https:\/\/yoast.com\/wordpress\/plugins\/seo\/ -->\n<title>Burkina Faso : la justice fran\u00e7aise favorable \u00e0 l\u2019extradition de Fran\u00e7ois Compaor\u00e9 | Guin\u00e9e Diversit\u00e9<\/title>\n<meta name=\"robots\" content=\"index, follow, max-snippet:-1, max-image-preview:large, max-video-preview:-1\" \/>\n<link rel=\"canonical\" href=\"https:\/\/guineediversite.com\/index.php\/2018\/12\/05\/burkina-faso-la-justice-francaise-favorable-a-lextradition-de-francois-compaore\/\" \/>\n<meta property=\"og:locale\" content=\"fr_FR\" \/>\n<meta property=\"og:type\" content=\"article\" \/>\n<meta property=\"og:title\" content=\"Burkina Faso : la justice fran\u00e7aise favorable \u00e0 l\u2019extradition de Fran\u00e7ois Compaor\u00e9 | Guin\u00e9e Diversit\u00e9\" \/>\n<meta property=\"og:description\" content=\"La justice fran\u00e7aise a rendu un avis favorable \u00e0 la demande d&rsquo;extradition du petit fr\u00e8re de Blaise Compaor\u00e9 vers le Burkina Faso dans le cadre de l&rsquo;enqu\u00eate sur l&rsquo;assassinat de Norbert Zongo. Mais ce dernier ne devrait pas \u00eatre extrad\u00e9 de si t\u00f4t, car sa d\u00e9fense dispose encore de plusieurs recours judiciaires pour contester cette [&hellip;]\" \/>\n<meta property=\"og:url\" content=\"https:\/\/guineediversite.com\/index.php\/2018\/12\/05\/burkina-faso-la-justice-francaise-favorable-a-lextradition-de-francois-compaore\/\" \/>\n<meta property=\"og:site_name\" content=\"Guin\u00e9e Diversit\u00e9\" \/>\n<meta property=\"article:publisher\" content=\"https:\/\/www.facebook.com\/guineediversite\/\" \/>\n<meta property=\"article:published_time\" content=\"2018-12-05T18:37:18+00:00\" \/>\n<meta property=\"og:image\" content=\"https:\/\/guineediversite.com\/wp-content\/uploads\/2018\/12\/rea_256124_010-592x296-1512046346.jpg\" \/>\n\t<meta property=\"og:image:width\" content=\"1900\" \/>\n\t<meta property=\"og:image:height\" content=\"950\" \/>\n\t<meta property=\"og:image:type\" content=\"image\/jpeg\" \/>\n<meta name=\"author\" content=\"Guin\u00e9e Diversit\u00e9\" \/>\n<meta name=\"twitter:card\" content=\"summary_large_image\" \/>\n<meta name=\"twitter:creator\" content=\"@GuineeDiversite\" \/>\n<meta name=\"twitter:site\" content=\"@GuineeDiversite\" \/>\n<meta name=\"twitter:label1\" content=\"\u00c9crit par\" \/>\n\t<meta name=\"twitter:data1\" content=\"Guin\u00e9e Diversit\u00e9\" \/>\n\t<meta name=\"twitter:label2\" content=\"Dur\u00e9e de lecture estim\u00e9e\" \/>\n\t<meta name=\"twitter:data2\" content=\"3 minutes\" \/>\n<script type=\"application\/ld+json\" class=\"yoast-schema-graph\">{\"@context\":\"https:\/\/schema.org\",\"@graph\":[{\"@type\":\"Article\",\"@id\":\"https:\/\/guineediversite.com\/index.php\/2018\/12\/05\/burkina-faso-la-justice-francaise-favorable-a-lextradition-de-francois-compaore\/#article\",\"isPartOf\":{\"@id\":\"https:\/\/guineediversite.com\/index.php\/2018\/12\/05\/burkina-faso-la-justice-francaise-favorable-a-lextradition-de-francois-compaore\/\"},\"author\":{\"name\":\"Guin\u00e9e Diversit\u00e9\",\"@id\":\"https:\/\/guineediversite.com\/#\/schema\/person\/afa08fb34e7fc6e1feafc892612bc836\"},\"headline\":\"Burkina Faso : la justice fran\u00e7aise favorable \u00e0 l\u2019extradition de Fran\u00e7ois Compaor\u00e9\",\"datePublished\":\"2018-12-05T18:37:18+00:00\",\"dateModified\":\"2018-12-05T18:37:18+00:00\",\"mainEntityOfPage\":{\"@id\":\"https:\/\/guineediversite.com\/index.php\/2018\/12\/05\/burkina-faso-la-justice-francaise-favorable-a-lextradition-de-francois-compaore\/\"},\"wordCount\":661,\"publisher\":{\"@id\":\"https:\/\/guineediversite.com\/#organization\"},\"image\":{\"@id\":\"https:\/\/guineediversite.com\/index.php\/2018\/12\/05\/burkina-faso-la-justice-francaise-favorable-a-lextradition-de-francois-compaore\/#primaryimage\"},\"thumbnailUrl\":\"https:\/\/guineediversite.com\/wp-content\/uploads\/2018\/12\/rea_256124_010-592x296-1512046346.jpg\",\"articleSection\":[\"International\"],\"inLanguage\":\"fr-FR\"},{\"@type\":\"WebPage\",\"@id\":\"https:\/\/guineediversite.com\/index.php\/2018\/12\/05\/burkina-faso-la-justice-francaise-favorable-a-lextradition-de-francois-compaore\/\",\"url\":\"https:\/\/guineediversite.com\/index.php\/2018\/12\/05\/burkina-faso-la-justice-francaise-favorable-a-lextradition-de-francois-compaore\/\",\"name\":\"Burkina Faso : la justice fran\u00e7aise favorable \u00e0 l\u2019extradition de Fran\u00e7ois Compaor\u00e9 | Guin\u00e9e Diversit\u00e9\",\"isPartOf\":{\"@id\":\"https:\/\/guineediversite.com\/#website\"},\"primaryImageOfPage\":{\"@id\":\"https:\/\/guineediversite.com\/index.php\/2018\/12\/05\/burkina-faso-la-justice-francaise-favorable-a-lextradition-de-francois-compaore\/#primaryimage\"},\"image\":{\"@id\":\"https:\/\/guineediversite.com\/index.php\/2018\/12\/05\/burkina-faso-la-justice-francaise-favorable-a-lextradition-de-francois-compaore\/#primaryimage\"},\"thumbnailUrl\":\"https:\/\/guineediversite.com\/wp-content\/uploads\/2018\/12\/rea_256124_010-592x296-1512046346.jpg\",\"datePublished\":\"2018-12-05T18:37:18+00:00\",\"dateModified\":\"2018-12-05T18:37:18+00:00\",\"breadcrumb\":{\"@id\":\"https:\/\/guineediversite.com\/index.php\/2018\/12\/05\/burkina-faso-la-justice-francaise-favorable-a-lextradition-de-francois-compaore\/#breadcrumb\"},\"inLanguage\":\"fr-FR\",\"potentialAction\":[{\"@type\":\"ReadAction\",\"target\":[\"https:\/\/guineediversite.com\/index.php\/2018\/12\/05\/burkina-faso-la-justice-francaise-favorable-a-lextradition-de-francois-compaore\/\"]}]},{\"@type\":\"ImageObject\",\"inLanguage\":\"fr-FR\",\"@id\":\"https:\/\/guineediversite.com\/index.php\/2018\/12\/05\/burkina-faso-la-justice-francaise-favorable-a-lextradition-de-francois-compaore\/#primaryimage\",\"url\":\"https:\/\/guineediversite.com\/wp-content\/uploads\/2018\/12\/rea_256124_010-592x296-1512046346.jpg\",\"contentUrl\":\"https:\/\/guineediversite.com\/wp-content\/uploads\/2018\/12\/rea_256124_010-592x296-1512046346.jpg\",\"width\":1900,\"height\":950},{\"@type\":\"BreadcrumbList\",\"@id\":\"https:\/\/guineediversite.com\/index.php\/2018\/12\/05\/burkina-faso-la-justice-francaise-favorable-a-lextradition-de-francois-compaore\/#breadcrumb\",\"itemListElement\":[{\"@type\":\"ListItem\",\"position\":1,\"name\":\"Accueil\",\"item\":\"https:\/\/guineediversite.com\/\"},{\"@type\":\"ListItem\",\"position\":2,\"name\":\"Burkina Faso : la justice fran\u00e7aise favorable \u00e0 l\u2019extradition de Fran\u00e7ois Compaor\u00e9\"}]},{\"@type\":\"WebSite\",\"@id\":\"https:\/\/guineediversite.com\/#website\",\"url\":\"https:\/\/guineediversite.com\/\",\"name\":\"Guin\u00e9e Diversit\u00e9\",\"description\":\"L&#039;Info dans toute sa diversit\u00e9\",\"publisher\":{\"@id\":\"https:\/\/guineediversite.com\/#organization\"},\"potentialAction\":[{\"@type\":\"SearchAction\",\"target\":{\"@type\":\"EntryPoint\",\"urlTemplate\":\"https:\/\/guineediversite.com\/?s={search_term_string}\"},\"query-input\":{\"@type\":\"PropertyValueSpecification\",\"valueRequired\":true,\"valueName\":\"search_term_string\"}}],\"inLanguage\":\"fr-FR\"},{\"@type\":\"Organization\",\"@id\":\"https:\/\/guineediversite.com\/#organization\",\"name\":\"Guin\u00e9e Diversit\u00e9\",\"url\":\"https:\/\/guineediversite.com\/\",\"logo\":{\"@type\":\"ImageObject\",\"inLanguage\":\"fr-FR\",\"@id\":\"https:\/\/guineediversite.com\/#\/schema\/logo\/image\/\",\"url\":\"https:\/\/guineediversite.com\/wp-content\/uploads\/2017\/04\/cropped-1jojlxEOMkX9Wyqfhe43D6kjPOGqBBKmx3EwWJqZ0cMrFF54yM49.png\",\"contentUrl\":\"https:\/\/guineediversite.com\/wp-content\/uploads\/2017\/04\/cropped-1jojlxEOMkX9Wyqfhe43D6kjPOGqBBKmx3EwWJqZ0cMrFF54yM49.png\",\"width\":186,\"height\":112,\"caption\":\"Guin\u00e9e Diversit\u00e9\"},\"image\":{\"@id\":\"https:\/\/guineediversite.com\/#\/schema\/logo\/image\/\"},\"sameAs\":[\"https:\/\/www.facebook.com\/guineediversite\/\",\"https:\/\/x.com\/GuineeDiversite\",\"https:\/\/www.youtube.com\/channel\/UC8sUY16qelG5ge6_D5SB83g\"]},{\"@type\":\"Person\",\"@id\":\"https:\/\/guineediversite.com\/#\/schema\/person\/afa08fb34e7fc6e1feafc892612bc836\",\"name\":\"Guin\u00e9e Diversit\u00e9\",\"image\":{\"@type\":\"ImageObject\",\"inLanguage\":\"fr-FR\",\"@id\":\"https:\/\/guineediversite.com\/#\/schema\/person\/image\/\",\"url\":\"https:\/\/secure.gravatar.com\/avatar\/50d5eb5b390f8b65ac30ac6f898eb83a?s=96&d=mm&r=g\",\"contentUrl\":\"https:\/\/secure.gravatar.com\/avatar\/50d5eb5b390f8b65ac30ac6f898eb83a?s=96&d=mm&r=g\",\"caption\":\"Guin\u00e9e Diversit\u00e9\"},\"url\":\"https:\/\/guineediversite.com\/index.php\/author\/guineediversite\/\"}]}<\/script>\n<!-- \/ Yoast SEO plugin. -->","yoast_head_json":{"title":"Burkina Faso : la justice fran\u00e7aise favorable \u00e0 l\u2019extradition de Fran\u00e7ois Compaor\u00e9 | Guin\u00e9e Diversit\u00e9","robots":{"index":"index","follow":"follow","max-snippet":"max-snippet:-1","max-image-preview":"max-image-preview:large","max-video-preview":"max-video-preview:-1"},"canonical":"https:\/\/guineediversite.com\/index.php\/2018\/12\/05\/burkina-faso-la-justice-francaise-favorable-a-lextradition-de-francois-compaore\/","og_locale":"fr_FR","og_type":"article","og_title":"Burkina Faso : la justice fran\u00e7aise favorable \u00e0 l\u2019extradition de Fran\u00e7ois Compaor\u00e9 | Guin\u00e9e Diversit\u00e9","og_description":"La justice fran\u00e7aise a rendu un avis favorable \u00e0 la demande d&rsquo;extradition du petit fr\u00e8re de Blaise Compaor\u00e9 vers le Burkina Faso dans le cadre de l&rsquo;enqu\u00eate sur l&rsquo;assassinat de Norbert Zongo. Mais ce dernier ne devrait pas \u00eatre extrad\u00e9 de si t\u00f4t, car sa d\u00e9fense dispose encore de plusieurs recours judiciaires pour contester cette [&hellip;]","og_url":"https:\/\/guineediversite.com\/index.php\/2018\/12\/05\/burkina-faso-la-justice-francaise-favorable-a-lextradition-de-francois-compaore\/","og_site_name":"Guin\u00e9e Diversit\u00e9","article_publisher":"https:\/\/www.facebook.com\/guineediversite\/","article_published_time":"2018-12-05T18:37:18+00:00","og_image":[{"width":1900,"height":950,"url":"https:\/\/guineediversite.com\/wp-content\/uploads\/2018\/12\/rea_256124_010-592x296-1512046346.jpg","type":"image\/jpeg"}],"author":"Guin\u00e9e Diversit\u00e9","twitter_card":"summary_large_image","twitter_creator":"@GuineeDiversite","twitter_site":"@GuineeDiversite","twitter_misc":{"\u00c9crit par":"Guin\u00e9e Diversit\u00e9","Dur\u00e9e de lecture estim\u00e9e":"3 minutes"},"schema":{"@context":"https:\/\/schema.org","@graph":[{"@type":"Article","@id":"https:\/\/guineediversite.com\/index.php\/2018\/12\/05\/burkina-faso-la-justice-francaise-favorable-a-lextradition-de-francois-compaore\/#article","isPartOf":{"@id":"https:\/\/guineediversite.com\/index.php\/2018\/12\/05\/burkina-faso-la-justice-francaise-favorable-a-lextradition-de-francois-compaore\/"},"author":{"name":"Guin\u00e9e Diversit\u00e9","@id":"https:\/\/guineediversite.com\/#\/schema\/person\/afa08fb34e7fc6e1feafc892612bc836"},"headline":"Burkina Faso : la justice fran\u00e7aise favorable \u00e0 l\u2019extradition de Fran\u00e7ois Compaor\u00e9","datePublished":"2018-12-05T18:37:18+00:00","dateModified":"2018-12-05T18:37:18+00:00","mainEntityOfPage":{"@id":"https:\/\/guineediversite.com\/index.php\/2018\/12\/05\/burkina-faso-la-justice-francaise-favorable-a-lextradition-de-francois-compaore\/"},"wordCount":661,"publisher":{"@id":"https:\/\/guineediversite.com\/#organization"},"image":{"@id":"https:\/\/guineediversite.com\/index.php\/2018\/12\/05\/burkina-faso-la-justice-francaise-favorable-a-lextradition-de-francois-compaore\/#primaryimage"},"thumbnailUrl":"https:\/\/guineediversite.com\/wp-content\/uploads\/2018\/12\/rea_256124_010-592x296-1512046346.jpg","articleSection":["International"],"inLanguage":"fr-FR"},{"@type":"WebPage","@id":"https:\/\/guineediversite.com\/index.php\/2018\/12\/05\/burkina-faso-la-justice-francaise-favorable-a-lextradition-de-francois-compaore\/","url":"https:\/\/guineediversite.com\/index.php\/2018\/12\/05\/burkina-faso-la-justice-francaise-favorable-a-lextradition-de-francois-compaore\/","name":"Burkina Faso : la justice fran\u00e7aise favorable \u00e0 l\u2019extradition de Fran\u00e7ois Compaor\u00e9 | Guin\u00e9e Diversit\u00e9","isPartOf":{"@id":"https:\/\/guineediversite.com\/#website"},"primaryImageOfPage":{"@id":"https:\/\/guineediversite.com\/index.php\/2018\/12\/05\/burkina-faso-la-justice-francaise-favorable-a-lextradition-de-francois-compaore\/#primaryimage"},"image":{"@id":"https:\/\/guineediversite.com\/index.php\/2018\/12\/05\/burkina-faso-la-justice-francaise-favorable-a-lextradition-de-francois-compaore\/#primaryimage"},"thumbnailUrl":"https:\/\/guineediversite.com\/wp-content\/uploads\/2018\/12\/rea_256124_010-592x296-1512046346.jpg","datePublished":"2018-12-05T18:37:18+00:00","dateModified":"2018-12-05T18:37:18+00:00","breadcrumb":{"@id":"https:\/\/guineediversite.com\/index.php\/2018\/12\/05\/burkina-faso-la-justice-francaise-favorable-a-lextradition-de-francois-compaore\/#breadcrumb"},"inLanguage":"fr-FR","potentialAction":[{"@type":"ReadAction","target":["https:\/\/guineediversite.com\/index.php\/2018\/12\/05\/burkina-faso-la-justice-francaise-favorable-a-lextradition-de-francois-compaore\/"]}]},{"@type":"ImageObject","inLanguage":"fr-FR","@id":"https:\/\/guineediversite.com\/index.php\/2018\/12\/05\/burkina-faso-la-justice-francaise-favorable-a-lextradition-de-francois-compaore\/#primaryimage","url":"https:\/\/guineediversite.com\/wp-content\/uploads\/2018\/12\/rea_256124_010-592x296-1512046346.jpg","contentUrl":"https:\/\/guineediversite.com\/wp-content\/uploads\/2018\/12\/rea_256124_010-592x296-1512046346.jpg","width":1900,"height":950},{"@type":"BreadcrumbList","@id":"https:\/\/guineediversite.com\/index.php\/2018\/12\/05\/burkina-faso-la-justice-francaise-favorable-a-lextradition-de-francois-compaore\/#breadcrumb","itemListElement":[{"@type":"ListItem","position":1,"name":"Accueil","item":"https:\/\/guineediversite.com\/"},{"@type":"ListItem","position":2,"name":"Burkina Faso : la justice fran\u00e7aise favorable \u00e0 l\u2019extradition de Fran\u00e7ois Compaor\u00e9"}]},{"@type":"WebSite","@id":"https:\/\/guineediversite.com\/#website","url":"https:\/\/guineediversite.com\/","name":"Guin\u00e9e Diversit\u00e9","description":"L&#039;Info dans toute sa diversit\u00e9","publisher":{"@id":"https:\/\/guineediversite.com\/#organization"},"potentialAction":[{"@type":"SearchAction","target":{"@type":"EntryPoint","urlTemplate":"https:\/\/guineediversite.com\/?s={search_term_string}"},"query-input":{"@type":"PropertyValueSpecification","valueRequired":true,"valueName":"search_term_string"}}],"inLanguage":"fr-FR"},{"@type":"Organization","@id":"https:\/\/guineediversite.com\/#organization","name":"Guin\u00e9e Diversit\u00e9","url":"https:\/\/guineediversite.com\/","logo":{"@type":"ImageObject","inLanguage":"fr-FR","@id":"https:\/\/guineediversite.com\/#\/schema\/logo\/image\/","url":"https:\/\/guineediversite.com\/wp-content\/uploads\/2017\/04\/cropped-1jojlxEOMkX9Wyqfhe43D6kjPOGqBBKmx3EwWJqZ0cMrFF54yM49.png","contentUrl":"https:\/\/guineediversite.com\/wp-content\/uploads\/2017\/04\/cropped-1jojlxEOMkX9Wyqfhe43D6kjPOGqBBKmx3EwWJqZ0cMrFF54yM49.png","width":186,"height":112,"caption":"Guin\u00e9e Diversit\u00e9"},"image":{"@id":"https:\/\/guineediversite.com\/#\/schema\/logo\/image\/"},"sameAs":["https:\/\/www.facebook.com\/guineediversite\/","https:\/\/x.com\/GuineeDiversite","https:\/\/www.youtube.com\/channel\/UC8sUY16qelG5ge6_D5SB83g"]},{"@type":"Person","@id":"https:\/\/guineediversite.com\/#\/schema\/person\/afa08fb34e7fc6e1feafc892612bc836","name":"Guin\u00e9e Diversit\u00e9","image":{"@type":"ImageObject","inLanguage":"fr-FR","@id":"https:\/\/guineediversite.com\/#\/schema\/person\/image\/","url":"https:\/\/secure.gravatar.com\/avatar\/50d5eb5b390f8b65ac30ac6f898eb83a?s=96&d=mm&r=g","contentUrl":"https:\/\/secure.gravatar.com\/avatar\/50d5eb5b390f8b65ac30ac6f898eb83a?s=96&d=mm&r=g","caption":"Guin\u00e9e Diversit\u00e9"},"url":"https:\/\/guineediversite.com\/index.php\/author\/guineediversite\/"}]}},"_links":{"self":[{"href":"https:\/\/guineediversite.com\/index.php\/wp-json\/wp\/v2\/posts\/27456"}],"collection":[{"href":"https:\/\/guineediversite.com\/index.php\/wp-json\/wp\/v2\/posts"}],"about":[{"href":"https:\/\/guineediversite.com\/index.php\/wp-json\/wp\/v2\/types\/post"}],"author":[{"embeddable":true,"href":"https:\/\/guineediversite.com\/index.php\/wp-json\/wp\/v2\/users\/12"}],"replies":[{"embeddable":true,"href":"https:\/\/guineediversite.com\/index.php\/wp-json\/wp\/v2\/comments?post=27456"}],"version-history":[{"count":0,"href":"https:\/\/guineediversite.com\/index.php\/wp-json\/wp\/v2\/posts\/27456\/revisions"}],"wp:featuredmedia":[{"embeddable":true,"href":"https:\/\/guineediversite.com\/index.php\/wp-json\/wp\/v2\/media\/27457"}],"wp:attachment":[{"href":"https:\/\/guineediversite.com\/index.php\/wp-json\/wp\/v2\/media?parent=27456"}],"wp:term":[{"taxonomy":"category","embeddable":true,"href":"https:\/\/guineediversite.com\/index.php\/wp-json\/wp\/v2\/categories?post=27456"},{"taxonomy":"post_tag","embeddable":true,"href":"https:\/\/guineediversite.com\/index.php\/wp-json\/wp\/v2\/tags?post=27456"}],"curies":[{"name":"wp","href":"https:\/\/api.w.org\/{rel}","templated":true}]}}