{"id":27453,"date":"2018-12-05T19:28:40","date_gmt":"2018-12-05T18:28:40","guid":{"rendered":"https:\/\/guineediversite.com\/?p=27453"},"modified":"2018-12-05T19:28:40","modified_gmt":"2018-12-05T18:28:40","slug":"guinee-gouvernement-mamadou-taran-diallo-prend-fonction-ce-mercredi","status":"publish","type":"post","link":"https:\/\/guineediversite.com\/index.php\/2018\/12\/05\/guinee-gouvernement-mamadou-taran-diallo-prend-fonction-ce-mercredi\/","title":{"rendered":"Guin\u00e9e\/Gouvernement : Mamadou Taran Diallo prend fonction ce mercredi"},"content":{"rendered":"<p>Apr\u00e8s son brillant parcours comme activiste de la soci\u00e9t\u00e9 civile, Mamadou Taran Diallo, nomm\u00e9\u00a0la semaine derni\u00e8re au poste du ministre de l\u2019Unit\u00e9 nationale et de la citoyennet\u00e9, prend officiellement fonction ce mercredi 5 d\u00e9cembre 2018, \u00e0 la t\u00eate du d\u00e9partement.<\/p>\n<p>Selon nos informations, la c\u00e9r\u00e9monie de passation de service entre le nouveau ministre en charge de l\u2019Unit\u00e9 nationale et de la citoyennet\u00e9 et le ministre int\u00e9rimaire, Tibou Kamara est pr\u00e9vue ce mercredi 5 d\u00e9cembre \u00e0 15h \u00e0 la primature.<\/p>\n<p>Pour avoir \u00e9t\u00e9 l\u2019un des acteurs cl\u00e9s du combat de la transparence dans la gestion des affaires \u00e9tatiques, les guin\u00e9ens seront situ\u00e9s sur la capacit\u00e9 du successeur de Kalifa Gassama Diaby qui a d\u00e9missionn\u00e9 du gouvernement, \u00e0 pouvoir relever le d\u00e9fi \u00e0 travers cette premi\u00e8re sortie, \u00e0 l\u2019occasion de sa prise de fonction comme ministre au d\u00e9partement de l\u2019Unit\u00e9 Nationale et de la Citoyennet\u00e9.<\/p>\n<p>&nbsp;<\/p>\n","protected":false},"excerpt":{"rendered":"<p>Apr\u00e8s son brillant parcours comme activiste de la soci\u00e9t\u00e9 civile, Mamadou Taran Diallo, nomm\u00e9\u00a0la semaine derni\u00e8re au poste du ministre de l\u2019Unit\u00e9 nationale et de la citoyennet\u00e9, prend officiellement fonction ce mercredi 5 d\u00e9cembre 2018, \u00e0 la t\u00eate du d\u00e9partement. Selon nos informations, la c\u00e9r\u00e9monie de passation de service entre le nouveau ministre en charge [&hellip;]<\/p>\n","protected":false},"author":12,"featured_media":27454,"comment_status":"closed","ping_status":"closed","sticky":false,"template":"","format":"standard","meta":{"_exactmetrics_skip_tracking":false,"_exactmetrics_sitenote_active":false,"_exactmetrics_sitenote_note":"","_exactmetrics_sitenote_category":0,"tdm_status":"","tdm_grid_status":"","footnotes":""},"categories":[14],"tags":[],"class_list":{"0":"post-27453","1":"post","2":"type-post","3":"status-publish","4":"format-standard","5":"has-post-thumbnail","7":"category-politique"},"yoast_head":"<!-- This site is optimized with the Yoast SEO plugin v24.2 - https:\/\/yoast.com\/wordpress\/plugins\/seo\/ -->\n<title>Guin\u00e9e\/Gouvernement : Mamadou Taran Diallo prend fonction ce mercredi | Guin\u00e9e Diversit\u00e9<\/title>\n<meta name=\"robots\" content=\"index, follow, max-snippet:-1, max-image-preview:large, max-video-preview:-1\" \/>\n<link rel=\"canonical\" href=\"https:\/\/guineediversite.com\/index.php\/2018\/12\/05\/guinee-gouvernement-mamadou-taran-diallo-prend-fonction-ce-mercredi\/\" \/>\n<meta property=\"og:locale\" content=\"fr_FR\" \/>\n<meta property=\"og:type\" content=\"article\" \/>\n<meta property=\"og:title\" content=\"Guin\u00e9e\/Gouvernement : Mamadou Taran Diallo prend fonction ce mercredi | Guin\u00e9e Diversit\u00e9\" \/>\n<meta property=\"og:description\" content=\"Apr\u00e8s son brillant parcours comme activiste de la soci\u00e9t\u00e9 civile, Mamadou Taran Diallo, nomm\u00e9\u00a0la semaine derni\u00e8re au poste du ministre de l\u2019Unit\u00e9 nationale et de la citoyennet\u00e9, prend officiellement fonction ce mercredi 5 d\u00e9cembre 2018, \u00e0 la t\u00eate du d\u00e9partement. Selon nos informations, la c\u00e9r\u00e9monie de passation de service entre le nouveau ministre en charge [&hellip;]\" \/>\n<meta property=\"og:url\" content=\"https:\/\/guineediversite.com\/index.php\/2018\/12\/05\/guinee-gouvernement-mamadou-taran-diallo-prend-fonction-ce-mercredi\/\" \/>\n<meta property=\"og:site_name\" content=\"Guin\u00e9e Diversit\u00e9\" \/>\n<meta property=\"article:publisher\" content=\"https:\/\/www.facebook.com\/guineediversite\/\" \/>\n<meta property=\"article:published_time\" content=\"2018-12-05T18:28:40+00:00\" \/>\n<meta property=\"og:image\" content=\"https:\/\/guineediversite.com\/wp-content\/uploads\/2018\/12\/MAMADOU-TARAN-DIALLO-696x379-1024x558.png\" \/>\n\t<meta property=\"og:image:width\" content=\"1024\" \/>\n\t<meta property=\"og:image:height\" content=\"558\" \/>\n\t<meta property=\"og:image:type\" content=\"image\/png\" \/>\n<meta name=\"author\" content=\"Guin\u00e9e Diversit\u00e9\" \/>\n<meta name=\"twitter:card\" content=\"summary_large_image\" \/>\n<meta name=\"twitter:creator\" content=\"@GuineeDiversite\" \/>\n<meta name=\"twitter:site\" content=\"@GuineeDiversite\" \/>\n<meta name=\"twitter:label1\" content=\"\u00c9crit par\" \/>\n\t<meta name=\"twitter:data1\" content=\"Guin\u00e9e Diversit\u00e9\" \/>\n\t<meta name=\"twitter:label2\" content=\"Dur\u00e9e de lecture estim\u00e9e\" \/>\n\t<meta name=\"twitter:data2\" content=\"1 minute\" \/>\n<script type=\"application\/ld+json\" class=\"yoast-schema-graph\">{\"@context\":\"https:\/\/schema.org\",\"@graph\":[{\"@type\":\"Article\",\"@id\":\"https:\/\/guineediversite.com\/index.php\/2018\/12\/05\/guinee-gouvernement-mamadou-taran-diallo-prend-fonction-ce-mercredi\/#article\",\"isPartOf\":{\"@id\":\"https:\/\/guineediversite.com\/index.php\/2018\/12\/05\/guinee-gouvernement-mamadou-taran-diallo-prend-fonction-ce-mercredi\/\"},\"author\":{\"name\":\"Guin\u00e9e Diversit\u00e9\",\"@id\":\"https:\/\/guineediversite.com\/#\/schema\/person\/afa08fb34e7fc6e1feafc892612bc836\"},\"headline\":\"Guin\u00e9e\/Gouvernement : Mamadou Taran Diallo prend fonction ce mercredi\",\"datePublished\":\"2018-12-05T18:28:40+00:00\",\"dateModified\":\"2018-12-05T18:28:40+00:00\",\"mainEntityOfPage\":{\"@id\":\"https:\/\/guineediversite.com\/index.php\/2018\/12\/05\/guinee-gouvernement-mamadou-taran-diallo-prend-fonction-ce-mercredi\/\"},\"wordCount\":169,\"publisher\":{\"@id\":\"https:\/\/guineediversite.com\/#organization\"},\"image\":{\"@id\":\"https:\/\/guineediversite.com\/index.php\/2018\/12\/05\/guinee-gouvernement-mamadou-taran-diallo-prend-fonction-ce-mercredi\/#primaryimage\"},\"thumbnailUrl\":\"https:\/\/guineediversite.com\/wp-content\/uploads\/2018\/12\/MAMADOU-TARAN-DIALLO-696x379.png\",\"articleSection\":[\"Politique\"],\"inLanguage\":\"fr-FR\"},{\"@type\":\"WebPage\",\"@id\":\"https:\/\/guineediversite.com\/index.php\/2018\/12\/05\/guinee-gouvernement-mamadou-taran-diallo-prend-fonction-ce-mercredi\/\",\"url\":\"https:\/\/guineediversite.com\/index.php\/2018\/12\/05\/guinee-gouvernement-mamadou-taran-diallo-prend-fonction-ce-mercredi\/\",\"name\":\"Guin\u00e9e\/Gouvernement : Mamadou Taran Diallo prend fonction ce mercredi | Guin\u00e9e Diversit\u00e9\",\"isPartOf\":{\"@id\":\"https:\/\/guineediversite.com\/#website\"},\"primaryImageOfPage\":{\"@id\":\"https:\/\/guineediversite.com\/index.php\/2018\/12\/05\/guinee-gouvernement-mamadou-taran-diallo-prend-fonction-ce-mercredi\/#primaryimage\"},\"image\":{\"@id\":\"https:\/\/guineediversite.com\/index.php\/2018\/12\/05\/guinee-gouvernement-mamadou-taran-diallo-prend-fonction-ce-mercredi\/#primaryimage\"},\"thumbnailUrl\":\"https:\/\/guineediversite.com\/wp-content\/uploads\/2018\/12\/MAMADOU-TARAN-DIALLO-696x379.png\",\"datePublished\":\"2018-12-05T18:28:40+00:00\",\"dateModified\":\"2018-12-05T18:28:40+00:00\",\"breadcrumb\":{\"@id\":\"https:\/\/guineediversite.com\/index.php\/2018\/12\/05\/guinee-gouvernement-mamadou-taran-diallo-prend-fonction-ce-mercredi\/#breadcrumb\"},\"inLanguage\":\"fr-FR\",\"potentialAction\":[{\"@type\":\"ReadAction\",\"target\":[\"https:\/\/guineediversite.com\/index.php\/2018\/12\/05\/guinee-gouvernement-mamadou-taran-diallo-prend-fonction-ce-mercredi\/\"]}]},{\"@type\":\"ImageObject\",\"inLanguage\":\"fr-FR\",\"@id\":\"https:\/\/guineediversite.com\/index.php\/2018\/12\/05\/guinee-gouvernement-mamadou-taran-diallo-prend-fonction-ce-mercredi\/#primaryimage\",\"url\":\"https:\/\/guineediversite.com\/wp-content\/uploads\/2018\/12\/MAMADOU-TARAN-DIALLO-696x379.png\",\"contentUrl\":\"https:\/\/guineediversite.com\/wp-content\/uploads\/2018\/12\/MAMADOU-TARAN-DIALLO-696x379.png\",\"width\":1880,\"height\":1024},{\"@type\":\"BreadcrumbList\",\"@id\":\"https:\/\/guineediversite.com\/index.php\/2018\/12\/05\/guinee-gouvernement-mamadou-taran-diallo-prend-fonction-ce-mercredi\/#breadcrumb\",\"itemListElement\":[{\"@type\":\"ListItem\",\"position\":1,\"name\":\"Accueil\",\"item\":\"https:\/\/guineediversite.com\/\"},{\"@type\":\"ListItem\",\"position\":2,\"name\":\"Guin\u00e9e\/Gouvernement : Mamadou Taran Diallo prend fonction ce mercredi\"}]},{\"@type\":\"WebSite\",\"@id\":\"https:\/\/guineediversite.com\/#website\",\"url\":\"https:\/\/guineediversite.com\/\",\"name\":\"Guin\u00e9e Diversit\u00e9\",\"description\":\"L&#039;Info dans toute sa diversit\u00e9\",\"publisher\":{\"@id\":\"https:\/\/guineediversite.com\/#organization\"},\"potentialAction\":[{\"@type\":\"SearchAction\",\"target\":{\"@type\":\"EntryPoint\",\"urlTemplate\":\"https:\/\/guineediversite.com\/?s={search_term_string}\"},\"query-input\":{\"@type\":\"PropertyValueSpecification\",\"valueRequired\":true,\"valueName\":\"search_term_string\"}}],\"inLanguage\":\"fr-FR\"},{\"@type\":\"Organization\",\"@id\":\"https:\/\/guineediversite.com\/#organization\",\"name\":\"Guin\u00e9e Diversit\u00e9\",\"url\":\"https:\/\/guineediversite.com\/\",\"logo\":{\"@type\":\"ImageObject\",\"inLanguage\":\"fr-FR\",\"@id\":\"https:\/\/guineediversite.com\/#\/schema\/logo\/image\/\",\"url\":\"https:\/\/guineediversite.com\/wp-content\/uploads\/2017\/04\/cropped-1jojlxEOMkX9Wyqfhe43D6kjPOGqBBKmx3EwWJqZ0cMrFF54yM49.png\",\"contentUrl\":\"https:\/\/guineediversite.com\/wp-content\/uploads\/2017\/04\/cropped-1jojlxEOMkX9Wyqfhe43D6kjPOGqBBKmx3EwWJqZ0cMrFF54yM49.png\",\"width\":186,\"height\":112,\"caption\":\"Guin\u00e9e Diversit\u00e9\"},\"image\":{\"@id\":\"https:\/\/guineediversite.com\/#\/schema\/logo\/image\/\"},\"sameAs\":[\"https:\/\/www.facebook.com\/guineediversite\/\",\"https:\/\/x.com\/GuineeDiversite\",\"https:\/\/www.youtube.com\/channel\/UC8sUY16qelG5ge6_D5SB83g\"]},{\"@type\":\"Person\",\"@id\":\"https:\/\/guineediversite.com\/#\/schema\/person\/afa08fb34e7fc6e1feafc892612bc836\",\"name\":\"Guin\u00e9e Diversit\u00e9\",\"image\":{\"@type\":\"ImageObject\",\"inLanguage\":\"fr-FR\",\"@id\":\"https:\/\/guineediversite.com\/#\/schema\/person\/image\/\",\"url\":\"https:\/\/secure.gravatar.com\/avatar\/50d5eb5b390f8b65ac30ac6f898eb83a?s=96&d=mm&r=g\",\"contentUrl\":\"https:\/\/secure.gravatar.com\/avatar\/50d5eb5b390f8b65ac30ac6f898eb83a?s=96&d=mm&r=g\",\"caption\":\"Guin\u00e9e Diversit\u00e9\"},\"url\":\"https:\/\/guineediversite.com\/index.php\/author\/guineediversite\/\"}]}<\/script>\n<!-- \/ Yoast SEO plugin. -->","yoast_head_json":{"title":"Guin\u00e9e\/Gouvernement : Mamadou Taran Diallo prend fonction ce mercredi | Guin\u00e9e Diversit\u00e9","robots":{"index":"index","follow":"follow","max-snippet":"max-snippet:-1","max-image-preview":"max-image-preview:large","max-video-preview":"max-video-preview:-1"},"canonical":"https:\/\/guineediversite.com\/index.php\/2018\/12\/05\/guinee-gouvernement-mamadou-taran-diallo-prend-fonction-ce-mercredi\/","og_locale":"fr_FR","og_type":"article","og_title":"Guin\u00e9e\/Gouvernement : Mamadou Taran Diallo prend fonction ce mercredi | Guin\u00e9e Diversit\u00e9","og_description":"Apr\u00e8s son brillant parcours comme activiste de la soci\u00e9t\u00e9 civile, Mamadou Taran Diallo, nomm\u00e9\u00a0la semaine derni\u00e8re au poste du ministre de l\u2019Unit\u00e9 nationale et de la citoyennet\u00e9, prend officiellement fonction ce mercredi 5 d\u00e9cembre 2018, \u00e0 la t\u00eate du d\u00e9partement. Selon nos informations, la c\u00e9r\u00e9monie de passation de service entre le nouveau ministre en charge [&hellip;]","og_url":"https:\/\/guineediversite.com\/index.php\/2018\/12\/05\/guinee-gouvernement-mamadou-taran-diallo-prend-fonction-ce-mercredi\/","og_site_name":"Guin\u00e9e Diversit\u00e9","article_publisher":"https:\/\/www.facebook.com\/guineediversite\/","article_published_time":"2018-12-05T18:28:40+00:00","og_image":[{"width":1024,"height":558,"url":"https:\/\/guineediversite.com\/wp-content\/uploads\/2018\/12\/MAMADOU-TARAN-DIALLO-696x379-1024x558.png","type":"image\/png"}],"author":"Guin\u00e9e Diversit\u00e9","twitter_card":"summary_large_image","twitter_creator":"@GuineeDiversite","twitter_site":"@GuineeDiversite","twitter_misc":{"\u00c9crit par":"Guin\u00e9e Diversit\u00e9","Dur\u00e9e de lecture estim\u00e9e":"1 minute"},"schema":{"@context":"https:\/\/schema.org","@graph":[{"@type":"Article","@id":"https:\/\/guineediversite.com\/index.php\/2018\/12\/05\/guinee-gouvernement-mamadou-taran-diallo-prend-fonction-ce-mercredi\/#article","isPartOf":{"@id":"https:\/\/guineediversite.com\/index.php\/2018\/12\/05\/guinee-gouvernement-mamadou-taran-diallo-prend-fonction-ce-mercredi\/"},"author":{"name":"Guin\u00e9e Diversit\u00e9","@id":"https:\/\/guineediversite.com\/#\/schema\/person\/afa08fb34e7fc6e1feafc892612bc836"},"headline":"Guin\u00e9e\/Gouvernement : Mamadou Taran Diallo prend fonction ce mercredi","datePublished":"2018-12-05T18:28:40+00:00","dateModified":"2018-12-05T18:28:40+00:00","mainEntityOfPage":{"@id":"https:\/\/guineediversite.com\/index.php\/2018\/12\/05\/guinee-gouvernement-mamadou-taran-diallo-prend-fonction-ce-mercredi\/"},"wordCount":169,"publisher":{"@id":"https:\/\/guineediversite.com\/#organization"},"image":{"@id":"https:\/\/guineediversite.com\/index.php\/2018\/12\/05\/guinee-gouvernement-mamadou-taran-diallo-prend-fonction-ce-mercredi\/#primaryimage"},"thumbnailUrl":"https:\/\/guineediversite.com\/wp-content\/uploads\/2018\/12\/MAMADOU-TARAN-DIALLO-696x379.png","articleSection":["Politique"],"inLanguage":"fr-FR"},{"@type":"WebPage","@id":"https:\/\/guineediversite.com\/index.php\/2018\/12\/05\/guinee-gouvernement-mamadou-taran-diallo-prend-fonction-ce-mercredi\/","url":"https:\/\/guineediversite.com\/index.php\/2018\/12\/05\/guinee-gouvernement-mamadou-taran-diallo-prend-fonction-ce-mercredi\/","name":"Guin\u00e9e\/Gouvernement : Mamadou Taran Diallo prend fonction ce mercredi | Guin\u00e9e Diversit\u00e9","isPartOf":{"@id":"https:\/\/guineediversite.com\/#website"},"primaryImageOfPage":{"@id":"https:\/\/guineediversite.com\/index.php\/2018\/12\/05\/guinee-gouvernement-mamadou-taran-diallo-prend-fonction-ce-mercredi\/#primaryimage"},"image":{"@id":"https:\/\/guineediversite.com\/index.php\/2018\/12\/05\/guinee-gouvernement-mamadou-taran-diallo-prend-fonction-ce-mercredi\/#primaryimage"},"thumbnailUrl":"https:\/\/guineediversite.com\/wp-content\/uploads\/2018\/12\/MAMADOU-TARAN-DIALLO-696x379.png","datePublished":"2018-12-05T18:28:40+00:00","dateModified":"2018-12-05T18:28:40+00:00","breadcrumb":{"@id":"https:\/\/guineediversite.com\/index.php\/2018\/12\/05\/guinee-gouvernement-mamadou-taran-diallo-prend-fonction-ce-mercredi\/#breadcrumb"},"inLanguage":"fr-FR","potentialAction":[{"@type":"ReadAction","target":["https:\/\/guineediversite.com\/index.php\/2018\/12\/05\/guinee-gouvernement-mamadou-taran-diallo-prend-fonction-ce-mercredi\/"]}]},{"@type":"ImageObject","inLanguage":"fr-FR","@id":"https:\/\/guineediversite.com\/index.php\/2018\/12\/05\/guinee-gouvernement-mamadou-taran-diallo-prend-fonction-ce-mercredi\/#primaryimage","url":"https:\/\/guineediversite.com\/wp-content\/uploads\/2018\/12\/MAMADOU-TARAN-DIALLO-696x379.png","contentUrl":"https:\/\/guineediversite.com\/wp-content\/uploads\/2018\/12\/MAMADOU-TARAN-DIALLO-696x379.png","width":1880,"height":1024},{"@type":"BreadcrumbList","@id":"https:\/\/guineediversite.com\/index.php\/2018\/12\/05\/guinee-gouvernement-mamadou-taran-diallo-prend-fonction-ce-mercredi\/#breadcrumb","itemListElement":[{"@type":"ListItem","position":1,"name":"Accueil","item":"https:\/\/guineediversite.com\/"},{"@type":"ListItem","position":2,"name":"Guin\u00e9e\/Gouvernement : Mamadou Taran Diallo prend fonction ce mercredi"}]},{"@type":"WebSite","@id":"https:\/\/guineediversite.com\/#website","url":"https:\/\/guineediversite.com\/","name":"Guin\u00e9e Diversit\u00e9","description":"L&#039;Info dans toute sa diversit\u00e9","publisher":{"@id":"https:\/\/guineediversite.com\/#organization"},"potentialAction":[{"@type":"SearchAction","target":{"@type":"EntryPoint","urlTemplate":"https:\/\/guineediversite.com\/?s={search_term_string}"},"query-input":{"@type":"PropertyValueSpecification","valueRequired":true,"valueName":"search_term_string"}}],"inLanguage":"fr-FR"},{"@type":"Organization","@id":"https:\/\/guineediversite.com\/#organization","name":"Guin\u00e9e Diversit\u00e9","url":"https:\/\/guineediversite.com\/","logo":{"@type":"ImageObject","inLanguage":"fr-FR","@id":"https:\/\/guineediversite.com\/#\/schema\/logo\/image\/","url":"https:\/\/guineediversite.com\/wp-content\/uploads\/2017\/04\/cropped-1jojlxEOMkX9Wyqfhe43D6kjPOGqBBKmx3EwWJqZ0cMrFF54yM49.png","contentUrl":"https:\/\/guineediversite.com\/wp-content\/uploads\/2017\/04\/cropped-1jojlxEOMkX9Wyqfhe43D6kjPOGqBBKmx3EwWJqZ0cMrFF54yM49.png","width":186,"height":112,"caption":"Guin\u00e9e Diversit\u00e9"},"image":{"@id":"https:\/\/guineediversite.com\/#\/schema\/logo\/image\/"},"sameAs":["https:\/\/www.facebook.com\/guineediversite\/","https:\/\/x.com\/GuineeDiversite","https:\/\/www.youtube.com\/channel\/UC8sUY16qelG5ge6_D5SB83g"]},{"@type":"Person","@id":"https:\/\/guineediversite.com\/#\/schema\/person\/afa08fb34e7fc6e1feafc892612bc836","name":"Guin\u00e9e Diversit\u00e9","image":{"@type":"ImageObject","inLanguage":"fr-FR","@id":"https:\/\/guineediversite.com\/#\/schema\/person\/image\/","url":"https:\/\/secure.gravatar.com\/avatar\/50d5eb5b390f8b65ac30ac6f898eb83a?s=96&d=mm&r=g","contentUrl":"https:\/\/secure.gravatar.com\/avatar\/50d5eb5b390f8b65ac30ac6f898eb83a?s=96&d=mm&r=g","caption":"Guin\u00e9e Diversit\u00e9"},"url":"https:\/\/guineediversite.com\/index.php\/author\/guineediversite\/"}]}},"_links":{"self":[{"href":"https:\/\/guineediversite.com\/index.php\/wp-json\/wp\/v2\/posts\/27453"}],"collection":[{"href":"https:\/\/guineediversite.com\/index.php\/wp-json\/wp\/v2\/posts"}],"about":[{"href":"https:\/\/guineediversite.com\/index.php\/wp-json\/wp\/v2\/types\/post"}],"author":[{"embeddable":true,"href":"https:\/\/guineediversite.com\/index.php\/wp-json\/wp\/v2\/users\/12"}],"replies":[{"embeddable":true,"href":"https:\/\/guineediversite.com\/index.php\/wp-json\/wp\/v2\/comments?post=27453"}],"version-history":[{"count":0,"href":"https:\/\/guineediversite.com\/index.php\/wp-json\/wp\/v2\/posts\/27453\/revisions"}],"wp:featuredmedia":[{"embeddable":true,"href":"https:\/\/guineediversite.com\/index.php\/wp-json\/wp\/v2\/media\/27454"}],"wp:attachment":[{"href":"https:\/\/guineediversite.com\/index.php\/wp-json\/wp\/v2\/media?parent=27453"}],"wp:term":[{"taxonomy":"category","embeddable":true,"href":"https:\/\/guineediversite.com\/index.php\/wp-json\/wp\/v2\/categories?post=27453"},{"taxonomy":"post_tag","embeddable":true,"href":"https:\/\/guineediversite.com\/index.php\/wp-json\/wp\/v2\/tags?post=27453"}],"curies":[{"name":"wp","href":"https:\/\/api.w.org\/{rel}","templated":true}]}}