{"id":27446,"date":"2018-12-03T14:57:43","date_gmt":"2018-12-03T13:57:43","guid":{"rendered":"https:\/\/guineediversite.com\/?p=27446"},"modified":"2018-12-03T14:57:43","modified_gmt":"2018-12-03T13:57:43","slug":"gilets-jaunes-defile-des-personnalites-politiques-a-matignon","status":"publish","type":"post","link":"https:\/\/guineediversite.com\/index.php\/2018\/12\/03\/gilets-jaunes-defile-des-personnalites-politiques-a-matignon\/","title":{"rendered":"Gilets jaunes : d\u00e9fil\u00e9 des personnalit\u00e9s politiques \u00e0 Matignon"},"content":{"rendered":"<div class=\"intro\">\n<p>En France, le pr\u00e9sident des R\u00e9publicains, Laurent Wauquiez, le patron du Parti socialiste, Olivier Faure, et la pr\u00e9sidente du Rassemblement national, Marine Le Pen, sont parmi les premiers chefs de partis re\u00e7us ce 3\u00a0d\u00e9cembre par le Premier ministre dans le cadre de la crise des \u00ab\u00a0gilets jaunes\u00a0\u00bb.<\/p>\n<\/div>\n<div>\n<p>En France, le Premier ministre Edouard Philippe re\u00e7oit toute la journ\u00e9e ce 3\u00a0d\u00e9cembre les chefs des partis pour tenter de trouver une issue \u00e0 la crise des gilets jaunes. Emmanuel Macron a charg\u00e9 son Premier ministre de consulter pour reprendre la main et les dol\u00e9ances de l\u2019opposition s\u2019empilent dans le bureau du chef du gouvernement. Edouard Philippe sert aujourd\u2019hui de \u00ab\u00a0punching-ball\u00a0\u00bb pour les oppositions, oblig\u00e9 d\u2019entendre les critiques de la droite et de la gauche.<\/p>\n<p>Laurent Wauquiez des R\u00e9publicains demande lui un r\u00e9f\u00e9rendum sur la fiscalit\u00e9 et un moratoire sur les taxes. Pour la droite, Emmanuel Macron doit s\u2019exprimer d\u00e9sormais, rapporte notre envoy\u00e9 sp\u00e9cial \u00e0 Matignon,\u00a0<strong>Julien Chavanne<\/strong>.<\/p>\n<p><strong>Motion de censure ?<\/strong><\/p>\n<p>A sortir de sa rencontre avec Edouard Philippe, Laurent Wauquiez n&rsquo;a pas exclu de s&rsquo;associer avec le PS pour une motion de censure contre le gouvernement. \u00ab\u00a0<em>L&rsquo;inqui\u00e9tude avec laquelle on peut ressortir de ce rendez-vous, c&rsquo;est qu&rsquo;on n&rsquo;a pas l&rsquo;impression qu&rsquo;ils ont pris la mesure de la col\u00e8re et de l&rsquo;engranage de la violence dans le pays. On n&rsquo;en est plus au d\u00e9bat. On n&rsquo;en est pas au silence, aux postures. Il aurait fallu le faire il y a 15\u00a0jours. Aujourd&rsquo;hui, il y a besoin de gestes d&rsquo;apaisement<\/em>\u00a0\u00bb.<\/p>\n<p>\u00ab\u00a0<em>Je voudrais que le pouvoir<\/em><\/p>\n<p><em> comprenne enfin qu&rsquo;il ne se bat pas pour une r\u00e9forme am\u00e9liorant l&#8217;emploi<\/em>, a poursuivi le chef des R\u00e9publicains.\u00a0<em>Il est juste en train d&rsquo;avoir mis le pays dans l&rsquo;orni\u00e8re en s&rsquo;\u00e9tant acharn\u00e9 \u00e0 imposer des taxes sur les classes moyennes. S&rsquo;ils veulent en sortir, cela passe par des mesures concr\u00e8tes<\/em>\u00a0\u00bb.<\/p>\n<p>Ce matin, Olivier Faure le chef du Parti socialiste -qui a pr\u00e9c\u00e9d\u00e9 Wauquiez \u00e0 Matignon- avait ouvert le feu en r\u00e9clamant le r\u00e9tablissement de l\u2019Imp\u00f4t sur la fortune (ISF) et l\u2019annulation de la hausse de la taxe sur les carburants. \u00ab\u00a0<em>Pour la premi\u00e8re fois depuis trois semaines, le gouvernement saisit l&rsquo;ampleur du mouvement n\u00e9 avec les gilets jaunes mais les r\u00e9ponses restent \u00e0 apporter,\u00a0<\/em>d\u00e9clarait-il au micro de RFI.<em>\u00a0Il faut un moratoire sur les taxes avant toute nouvelle discussion, c&rsquo;est le seul moyen de les rendre cr\u00e9dibles. On ne discute pas que fiscalit\u00e9 \u00e9cologique, mais plus largement sur comment rendre du pouvoir d&rsquo;achat aux Fran\u00e7ais<\/em>\u00a0\u00bb.<\/p>\n<p><strong>\u00ab<\/strong>\u00a0<strong><em>Changer la m\u00e9thode<\/em><\/strong>\u00a0<strong>\u00bb: Olivier Faure<\/strong><\/p>\n<p>\u00ab\u00a0<em>Nous voulons que la m\u00e9thode change<\/em>, a ajout\u00e9 Olivier Faure.<em>\u00a0Jupiter, c&rsquo;est fini. Il faut qu&rsquo;il descende de l&rsquo;Olympe. Il ne peut pas rester comme il est dans le d\u00e9ni et ne pas consid\u00e9rer ce qui se passe dans son propre pays avec des Fran\u00e7ais qui n&rsquo;en peuvent plus et demandent seulement \u00e0 \u00eatre entendus<\/em>\u00a0\u00bb.<\/p>\n<p>C&rsquo;est la maire de Paris, Anne Hidalgo qui a ouvert le bal. Elle a \u00e9t\u00e9 la premi\u00e8re re\u00e7ue ce lundi 3\u00a0novembre au matin par Edouard Philippe \u00e0 qui elle voulait faire part du bilan des violences et des saccages qui ont eu lieu \u00e0 Paris samedi 1er d\u00e9cembre et de ses craintes pour samedi prochain, le 8\u00a0d\u00e9cembre.<\/p>\n<p>D&rsquo;autres leaders politiques sont aussi pr\u00e9vus sur l&rsquo;agenda du Premier ministre en d\u00e9but d&rsquo;apr\u00e8s-midi tels que Marine Le Pen (Rassemblement national) ou encore Nicolas Dupont-Aignan (Debout la France). Une d\u00e9l\u00e9gation de La France insoumise (LFI), et non Jean-Luc M\u00e9lenchon lui-m\u00eame, devrait \u00e9galement se rendre \u00e0 Matignon, a indiqu\u00e9 le d\u00e9put\u00e9 LFI Alexis Corbi\u00e8re.<\/p>\n<p><strong>Une d\u00e9l\u00e9gation des gilets jaunes re\u00e7ue mardi<\/strong><\/p>\n<p>Une longue journ\u00e9e donc en perspective pour Edouard Philippe. La veille, le 2\u00a0novembre, le pr\u00e9sident fran\u00e7ais Emmanuel Macron avait demand\u00e9 au Premier ministre de recevoir \u00ab\u00a0<em>les chefs de partis repr\u00e9sent\u00e9s au Parlement ainsi que des repr\u00e9sentants des manifestants<\/em>\u00a0\u00bb. Cela lui permet de ramener la crise sur le terrain politique et de mettre notamment face \u00e0 leurs responsabilit\u00e9s les responsables de l&rsquo;opposition &#8211; Les Le Pen, Wauquiez, M\u00e9lenchon, qui appellent au r\u00e9f\u00e9rendum ou \u00e0 la dissolution de l&rsquo;Assembl\u00e9e .<\/p>\n<p>L&rsquo;Elys\u00e9e a indiqu\u00e9 la veille que le Premier ministre recevra, outre les chefs de partis, \u00ab\u00a0<em>le collectif des\u00a0<\/em>\u00ab\u00a0gilets jaunes\u00a0\u00bb\u00a0<em>qui a exprim\u00e9 sa volont\u00e9 de nouer un dialogue avec le gouvernement<\/em>\u00a0\u00bb. Une d\u00e9l\u00e9gation doit \u00eatre re\u00e7ue mardi 4\u00a0d\u00e9cembre dans l&rsquo;apr\u00e8s-midi a confirm\u00e9 ce lundi matin Matignon et des mesures annonc\u00e9es avant le d\u00e9but de la concertation.<\/p>\n<p><strong>Le Premier ministre en premi\u00e8re ligne<\/strong><\/p>\n<p>Le Premier ministre est donc en premi\u00e8re ligne aujourd&rsquo;hui. Emmanuel Macron, lui, n&rsquo;a strictement rien d&rsquo;inscrit \u00e0 son agenda \u00e0 la date de lundi. Peut-\u00eatre une mani\u00e8re de montrer que m\u00eame s&rsquo;il n&rsquo;est pas visible, m\u00eame si c&rsquo;est Edouard Philippe qui a la mission de lancer le dialogue, il est totalement concentr\u00e9 sur la gestion de cette crise et ne veut pas brouiller le message.<\/p>\n<p>Plus de sept Fran\u00e7ais sur dix (72%) soutiennent les gilets jaunes, selon un sondage Harris Interactive pour RTL et M6 r\u00e9alis\u00e9 apr\u00e8s les violences du 1er d\u00e9cembre \u00e0 Paris et dans d&rsquo;autres villes de France. Au total, 139 personnes ont par ailleurs \u00e9t\u00e9 pr\u00e9sent\u00e9es \u00e0 la justice et 111 gardes \u00e0 vue prolong\u00e9es pour les violences de ce week-end dans la capitale fran\u00e7aise.<\/p>\n<p><b>RFI<\/b><\/p>\n<\/div>\n","protected":false},"excerpt":{"rendered":"<p>En France, le pr\u00e9sident des R\u00e9publicains, Laurent Wauquiez, le patron du Parti socialiste, Olivier Faure, et la pr\u00e9sidente du Rassemblement national, Marine Le Pen, sont parmi les premiers chefs de partis re\u00e7us ce 3\u00a0d\u00e9cembre par le Premier ministre dans le cadre de la crise des \u00ab\u00a0gilets jaunes\u00a0\u00bb. En France, le Premier ministre Edouard Philippe re\u00e7oit [&hellip;]<\/p>\n","protected":false},"author":12,"featured_media":27447,"comment_status":"closed","ping_status":"closed","sticky":false,"template":"","format":"standard","meta":{"_exactmetrics_skip_tracking":false,"_exactmetrics_sitenote_active":false,"_exactmetrics_sitenote_note":"","_exactmetrics_sitenote_category":0,"tdm_status":"","tdm_grid_status":"","footnotes":""},"categories":[21],"tags":[],"class_list":{"0":"post-27446","1":"post","2":"type-post","3":"status-publish","4":"format-standard","5":"has-post-thumbnail","7":"category-international"},"yoast_head":"<!-- This site is optimized with the Yoast SEO plugin v24.2 - https:\/\/yoast.com\/wordpress\/plugins\/seo\/ -->\n<title>Gilets jaunes : d\u00e9fil\u00e9 des personnalit\u00e9s politiques \u00e0 Matignon | Guin\u00e9e Diversit\u00e9<\/title>\n<meta name=\"robots\" content=\"index, follow, max-snippet:-1, max-image-preview:large, max-video-preview:-1\" \/>\n<link rel=\"canonical\" href=\"https:\/\/guineediversite.com\/index.php\/2018\/12\/03\/gilets-jaunes-defile-des-personnalites-politiques-a-matignon\/\" \/>\n<meta property=\"og:locale\" content=\"fr_FR\" \/>\n<meta property=\"og:type\" content=\"article\" \/>\n<meta property=\"og:title\" content=\"Gilets jaunes : d\u00e9fil\u00e9 des personnalit\u00e9s politiques \u00e0 Matignon | Guin\u00e9e Diversit\u00e9\" \/>\n<meta property=\"og:description\" content=\"En France, le pr\u00e9sident des R\u00e9publicains, Laurent Wauquiez, le patron du Parti socialiste, Olivier Faure, et la pr\u00e9sidente du Rassemblement national, Marine Le Pen, sont parmi les premiers chefs de partis re\u00e7us ce 3\u00a0d\u00e9cembre par le Premier ministre dans le cadre de la crise des \u00ab\u00a0gilets jaunes\u00a0\u00bb. En France, le Premier ministre Edouard Philippe re\u00e7oit [&hellip;]\" \/>\n<meta property=\"og:url\" content=\"https:\/\/guineediversite.com\/index.php\/2018\/12\/03\/gilets-jaunes-defile-des-personnalites-politiques-a-matignon\/\" \/>\n<meta property=\"og:site_name\" content=\"Guin\u00e9e Diversit\u00e9\" \/>\n<meta property=\"article:publisher\" content=\"https:\/\/www.facebook.com\/guineediversite\/\" \/>\n<meta property=\"article:published_time\" content=\"2018-12-03T13:57:43+00:00\" \/>\n<meta property=\"og:image\" content=\"https:\/\/guineediversite.com\/wp-content\/uploads\/2018\/12\/000_1bb0a6_0.jpg\" \/>\n\t<meta property=\"og:image:width\" content=\"1024\" \/>\n\t<meta property=\"og:image:height\" content=\"577\" \/>\n\t<meta property=\"og:image:type\" content=\"image\/jpeg\" \/>\n<meta name=\"author\" content=\"Guin\u00e9e Diversit\u00e9\" \/>\n<meta name=\"twitter:card\" content=\"summary_large_image\" \/>\n<meta name=\"twitter:creator\" content=\"@GuineeDiversite\" \/>\n<meta name=\"twitter:site\" content=\"@GuineeDiversite\" \/>\n<meta name=\"twitter:label1\" content=\"\u00c9crit par\" \/>\n\t<meta name=\"twitter:data1\" content=\"Guin\u00e9e Diversit\u00e9\" \/>\n\t<meta name=\"twitter:label2\" content=\"Dur\u00e9e de lecture estim\u00e9e\" \/>\n\t<meta name=\"twitter:data2\" content=\"5 minutes\" \/>\n<script type=\"application\/ld+json\" class=\"yoast-schema-graph\">{\"@context\":\"https:\/\/schema.org\",\"@graph\":[{\"@type\":\"Article\",\"@id\":\"https:\/\/guineediversite.com\/index.php\/2018\/12\/03\/gilets-jaunes-defile-des-personnalites-politiques-a-matignon\/#article\",\"isPartOf\":{\"@id\":\"https:\/\/guineediversite.com\/index.php\/2018\/12\/03\/gilets-jaunes-defile-des-personnalites-politiques-a-matignon\/\"},\"author\":{\"name\":\"Guin\u00e9e Diversit\u00e9\",\"@id\":\"https:\/\/guineediversite.com\/#\/schema\/person\/afa08fb34e7fc6e1feafc892612bc836\"},\"headline\":\"Gilets jaunes : d\u00e9fil\u00e9 des personnalit\u00e9s politiques \u00e0 Matignon\",\"datePublished\":\"2018-12-03T13:57:43+00:00\",\"dateModified\":\"2018-12-03T13:57:43+00:00\",\"mainEntityOfPage\":{\"@id\":\"https:\/\/guineediversite.com\/index.php\/2018\/12\/03\/gilets-jaunes-defile-des-personnalites-politiques-a-matignon\/\"},\"wordCount\":977,\"publisher\":{\"@id\":\"https:\/\/guineediversite.com\/#organization\"},\"image\":{\"@id\":\"https:\/\/guineediversite.com\/index.php\/2018\/12\/03\/gilets-jaunes-defile-des-personnalites-politiques-a-matignon\/#primaryimage\"},\"thumbnailUrl\":\"https:\/\/guineediversite.com\/wp-content\/uploads\/2018\/12\/000_1bb0a6_0.jpg\",\"articleSection\":[\"International\"],\"inLanguage\":\"fr-FR\"},{\"@type\":\"WebPage\",\"@id\":\"https:\/\/guineediversite.com\/index.php\/2018\/12\/03\/gilets-jaunes-defile-des-personnalites-politiques-a-matignon\/\",\"url\":\"https:\/\/guineediversite.com\/index.php\/2018\/12\/03\/gilets-jaunes-defile-des-personnalites-politiques-a-matignon\/\",\"name\":\"Gilets jaunes : d\u00e9fil\u00e9 des personnalit\u00e9s politiques \u00e0 Matignon | Guin\u00e9e Diversit\u00e9\",\"isPartOf\":{\"@id\":\"https:\/\/guineediversite.com\/#website\"},\"primaryImageOfPage\":{\"@id\":\"https:\/\/guineediversite.com\/index.php\/2018\/12\/03\/gilets-jaunes-defile-des-personnalites-politiques-a-matignon\/#primaryimage\"},\"image\":{\"@id\":\"https:\/\/guineediversite.com\/index.php\/2018\/12\/03\/gilets-jaunes-defile-des-personnalites-politiques-a-matignon\/#primaryimage\"},\"thumbnailUrl\":\"https:\/\/guineediversite.com\/wp-content\/uploads\/2018\/12\/000_1bb0a6_0.jpg\",\"datePublished\":\"2018-12-03T13:57:43+00:00\",\"dateModified\":\"2018-12-03T13:57:43+00:00\",\"breadcrumb\":{\"@id\":\"https:\/\/guineediversite.com\/index.php\/2018\/12\/03\/gilets-jaunes-defile-des-personnalites-politiques-a-matignon\/#breadcrumb\"},\"inLanguage\":\"fr-FR\",\"potentialAction\":[{\"@type\":\"ReadAction\",\"target\":[\"https:\/\/guineediversite.com\/index.php\/2018\/12\/03\/gilets-jaunes-defile-des-personnalites-politiques-a-matignon\/\"]}]},{\"@type\":\"ImageObject\",\"inLanguage\":\"fr-FR\",\"@id\":\"https:\/\/guineediversite.com\/index.php\/2018\/12\/03\/gilets-jaunes-defile-des-personnalites-politiques-a-matignon\/#primaryimage\",\"url\":\"https:\/\/guineediversite.com\/wp-content\/uploads\/2018\/12\/000_1bb0a6_0.jpg\",\"contentUrl\":\"https:\/\/guineediversite.com\/wp-content\/uploads\/2018\/12\/000_1bb0a6_0.jpg\",\"width\":1024,\"height\":577},{\"@type\":\"BreadcrumbList\",\"@id\":\"https:\/\/guineediversite.com\/index.php\/2018\/12\/03\/gilets-jaunes-defile-des-personnalites-politiques-a-matignon\/#breadcrumb\",\"itemListElement\":[{\"@type\":\"ListItem\",\"position\":1,\"name\":\"Accueil\",\"item\":\"https:\/\/guineediversite.com\/\"},{\"@type\":\"ListItem\",\"position\":2,\"name\":\"Gilets jaunes : d\u00e9fil\u00e9 des personnalit\u00e9s politiques \u00e0 Matignon\"}]},{\"@type\":\"WebSite\",\"@id\":\"https:\/\/guineediversite.com\/#website\",\"url\":\"https:\/\/guineediversite.com\/\",\"name\":\"Guin\u00e9e Diversit\u00e9\",\"description\":\"L&#039;Info dans toute sa diversit\u00e9\",\"publisher\":{\"@id\":\"https:\/\/guineediversite.com\/#organization\"},\"potentialAction\":[{\"@type\":\"SearchAction\",\"target\":{\"@type\":\"EntryPoint\",\"urlTemplate\":\"https:\/\/guineediversite.com\/?s={search_term_string}\"},\"query-input\":{\"@type\":\"PropertyValueSpecification\",\"valueRequired\":true,\"valueName\":\"search_term_string\"}}],\"inLanguage\":\"fr-FR\"},{\"@type\":\"Organization\",\"@id\":\"https:\/\/guineediversite.com\/#organization\",\"name\":\"Guin\u00e9e Diversit\u00e9\",\"url\":\"https:\/\/guineediversite.com\/\",\"logo\":{\"@type\":\"ImageObject\",\"inLanguage\":\"fr-FR\",\"@id\":\"https:\/\/guineediversite.com\/#\/schema\/logo\/image\/\",\"url\":\"https:\/\/guineediversite.com\/wp-content\/uploads\/2017\/04\/cropped-1jojlxEOMkX9Wyqfhe43D6kjPOGqBBKmx3EwWJqZ0cMrFF54yM49.png\",\"contentUrl\":\"https:\/\/guineediversite.com\/wp-content\/uploads\/2017\/04\/cropped-1jojlxEOMkX9Wyqfhe43D6kjPOGqBBKmx3EwWJqZ0cMrFF54yM49.png\",\"width\":186,\"height\":112,\"caption\":\"Guin\u00e9e Diversit\u00e9\"},\"image\":{\"@id\":\"https:\/\/guineediversite.com\/#\/schema\/logo\/image\/\"},\"sameAs\":[\"https:\/\/www.facebook.com\/guineediversite\/\",\"https:\/\/x.com\/GuineeDiversite\",\"https:\/\/www.youtube.com\/channel\/UC8sUY16qelG5ge6_D5SB83g\"]},{\"@type\":\"Person\",\"@id\":\"https:\/\/guineediversite.com\/#\/schema\/person\/afa08fb34e7fc6e1feafc892612bc836\",\"name\":\"Guin\u00e9e Diversit\u00e9\",\"image\":{\"@type\":\"ImageObject\",\"inLanguage\":\"fr-FR\",\"@id\":\"https:\/\/guineediversite.com\/#\/schema\/person\/image\/\",\"url\":\"https:\/\/secure.gravatar.com\/avatar\/50d5eb5b390f8b65ac30ac6f898eb83a?s=96&d=mm&r=g\",\"contentUrl\":\"https:\/\/secure.gravatar.com\/avatar\/50d5eb5b390f8b65ac30ac6f898eb83a?s=96&d=mm&r=g\",\"caption\":\"Guin\u00e9e Diversit\u00e9\"},\"url\":\"https:\/\/guineediversite.com\/index.php\/author\/guineediversite\/\"}]}<\/script>\n<!-- \/ Yoast SEO plugin. -->","yoast_head_json":{"title":"Gilets jaunes : d\u00e9fil\u00e9 des personnalit\u00e9s politiques \u00e0 Matignon | Guin\u00e9e Diversit\u00e9","robots":{"index":"index","follow":"follow","max-snippet":"max-snippet:-1","max-image-preview":"max-image-preview:large","max-video-preview":"max-video-preview:-1"},"canonical":"https:\/\/guineediversite.com\/index.php\/2018\/12\/03\/gilets-jaunes-defile-des-personnalites-politiques-a-matignon\/","og_locale":"fr_FR","og_type":"article","og_title":"Gilets jaunes : d\u00e9fil\u00e9 des personnalit\u00e9s politiques \u00e0 Matignon | Guin\u00e9e Diversit\u00e9","og_description":"En France, le pr\u00e9sident des R\u00e9publicains, Laurent Wauquiez, le patron du Parti socialiste, Olivier Faure, et la pr\u00e9sidente du Rassemblement national, Marine Le Pen, sont parmi les premiers chefs de partis re\u00e7us ce 3\u00a0d\u00e9cembre par le Premier ministre dans le cadre de la crise des \u00ab\u00a0gilets jaunes\u00a0\u00bb. En France, le Premier ministre Edouard Philippe re\u00e7oit [&hellip;]","og_url":"https:\/\/guineediversite.com\/index.php\/2018\/12\/03\/gilets-jaunes-defile-des-personnalites-politiques-a-matignon\/","og_site_name":"Guin\u00e9e Diversit\u00e9","article_publisher":"https:\/\/www.facebook.com\/guineediversite\/","article_published_time":"2018-12-03T13:57:43+00:00","og_image":[{"width":1024,"height":577,"url":"https:\/\/guineediversite.com\/wp-content\/uploads\/2018\/12\/000_1bb0a6_0.jpg","type":"image\/jpeg"}],"author":"Guin\u00e9e Diversit\u00e9","twitter_card":"summary_large_image","twitter_creator":"@GuineeDiversite","twitter_site":"@GuineeDiversite","twitter_misc":{"\u00c9crit par":"Guin\u00e9e Diversit\u00e9","Dur\u00e9e de lecture estim\u00e9e":"5 minutes"},"schema":{"@context":"https:\/\/schema.org","@graph":[{"@type":"Article","@id":"https:\/\/guineediversite.com\/index.php\/2018\/12\/03\/gilets-jaunes-defile-des-personnalites-politiques-a-matignon\/#article","isPartOf":{"@id":"https:\/\/guineediversite.com\/index.php\/2018\/12\/03\/gilets-jaunes-defile-des-personnalites-politiques-a-matignon\/"},"author":{"name":"Guin\u00e9e Diversit\u00e9","@id":"https:\/\/guineediversite.com\/#\/schema\/person\/afa08fb34e7fc6e1feafc892612bc836"},"headline":"Gilets jaunes : d\u00e9fil\u00e9 des personnalit\u00e9s politiques \u00e0 Matignon","datePublished":"2018-12-03T13:57:43+00:00","dateModified":"2018-12-03T13:57:43+00:00","mainEntityOfPage":{"@id":"https:\/\/guineediversite.com\/index.php\/2018\/12\/03\/gilets-jaunes-defile-des-personnalites-politiques-a-matignon\/"},"wordCount":977,"publisher":{"@id":"https:\/\/guineediversite.com\/#organization"},"image":{"@id":"https:\/\/guineediversite.com\/index.php\/2018\/12\/03\/gilets-jaunes-defile-des-personnalites-politiques-a-matignon\/#primaryimage"},"thumbnailUrl":"https:\/\/guineediversite.com\/wp-content\/uploads\/2018\/12\/000_1bb0a6_0.jpg","articleSection":["International"],"inLanguage":"fr-FR"},{"@type":"WebPage","@id":"https:\/\/guineediversite.com\/index.php\/2018\/12\/03\/gilets-jaunes-defile-des-personnalites-politiques-a-matignon\/","url":"https:\/\/guineediversite.com\/index.php\/2018\/12\/03\/gilets-jaunes-defile-des-personnalites-politiques-a-matignon\/","name":"Gilets jaunes : d\u00e9fil\u00e9 des personnalit\u00e9s politiques \u00e0 Matignon | Guin\u00e9e Diversit\u00e9","isPartOf":{"@id":"https:\/\/guineediversite.com\/#website"},"primaryImageOfPage":{"@id":"https:\/\/guineediversite.com\/index.php\/2018\/12\/03\/gilets-jaunes-defile-des-personnalites-politiques-a-matignon\/#primaryimage"},"image":{"@id":"https:\/\/guineediversite.com\/index.php\/2018\/12\/03\/gilets-jaunes-defile-des-personnalites-politiques-a-matignon\/#primaryimage"},"thumbnailUrl":"https:\/\/guineediversite.com\/wp-content\/uploads\/2018\/12\/000_1bb0a6_0.jpg","datePublished":"2018-12-03T13:57:43+00:00","dateModified":"2018-12-03T13:57:43+00:00","breadcrumb":{"@id":"https:\/\/guineediversite.com\/index.php\/2018\/12\/03\/gilets-jaunes-defile-des-personnalites-politiques-a-matignon\/#breadcrumb"},"inLanguage":"fr-FR","potentialAction":[{"@type":"ReadAction","target":["https:\/\/guineediversite.com\/index.php\/2018\/12\/03\/gilets-jaunes-defile-des-personnalites-politiques-a-matignon\/"]}]},{"@type":"ImageObject","inLanguage":"fr-FR","@id":"https:\/\/guineediversite.com\/index.php\/2018\/12\/03\/gilets-jaunes-defile-des-personnalites-politiques-a-matignon\/#primaryimage","url":"https:\/\/guineediversite.com\/wp-content\/uploads\/2018\/12\/000_1bb0a6_0.jpg","contentUrl":"https:\/\/guineediversite.com\/wp-content\/uploads\/2018\/12\/000_1bb0a6_0.jpg","width":1024,"height":577},{"@type":"BreadcrumbList","@id":"https:\/\/guineediversite.com\/index.php\/2018\/12\/03\/gilets-jaunes-defile-des-personnalites-politiques-a-matignon\/#breadcrumb","itemListElement":[{"@type":"ListItem","position":1,"name":"Accueil","item":"https:\/\/guineediversite.com\/"},{"@type":"ListItem","position":2,"name":"Gilets jaunes : d\u00e9fil\u00e9 des personnalit\u00e9s politiques \u00e0 Matignon"}]},{"@type":"WebSite","@id":"https:\/\/guineediversite.com\/#website","url":"https:\/\/guineediversite.com\/","name":"Guin\u00e9e Diversit\u00e9","description":"L&#039;Info dans toute sa diversit\u00e9","publisher":{"@id":"https:\/\/guineediversite.com\/#organization"},"potentialAction":[{"@type":"SearchAction","target":{"@type":"EntryPoint","urlTemplate":"https:\/\/guineediversite.com\/?s={search_term_string}"},"query-input":{"@type":"PropertyValueSpecification","valueRequired":true,"valueName":"search_term_string"}}],"inLanguage":"fr-FR"},{"@type":"Organization","@id":"https:\/\/guineediversite.com\/#organization","name":"Guin\u00e9e Diversit\u00e9","url":"https:\/\/guineediversite.com\/","logo":{"@type":"ImageObject","inLanguage":"fr-FR","@id":"https:\/\/guineediversite.com\/#\/schema\/logo\/image\/","url":"https:\/\/guineediversite.com\/wp-content\/uploads\/2017\/04\/cropped-1jojlxEOMkX9Wyqfhe43D6kjPOGqBBKmx3EwWJqZ0cMrFF54yM49.png","contentUrl":"https:\/\/guineediversite.com\/wp-content\/uploads\/2017\/04\/cropped-1jojlxEOMkX9Wyqfhe43D6kjPOGqBBKmx3EwWJqZ0cMrFF54yM49.png","width":186,"height":112,"caption":"Guin\u00e9e Diversit\u00e9"},"image":{"@id":"https:\/\/guineediversite.com\/#\/schema\/logo\/image\/"},"sameAs":["https:\/\/www.facebook.com\/guineediversite\/","https:\/\/x.com\/GuineeDiversite","https:\/\/www.youtube.com\/channel\/UC8sUY16qelG5ge6_D5SB83g"]},{"@type":"Person","@id":"https:\/\/guineediversite.com\/#\/schema\/person\/afa08fb34e7fc6e1feafc892612bc836","name":"Guin\u00e9e Diversit\u00e9","image":{"@type":"ImageObject","inLanguage":"fr-FR","@id":"https:\/\/guineediversite.com\/#\/schema\/person\/image\/","url":"https:\/\/secure.gravatar.com\/avatar\/50d5eb5b390f8b65ac30ac6f898eb83a?s=96&d=mm&r=g","contentUrl":"https:\/\/secure.gravatar.com\/avatar\/50d5eb5b390f8b65ac30ac6f898eb83a?s=96&d=mm&r=g","caption":"Guin\u00e9e Diversit\u00e9"},"url":"https:\/\/guineediversite.com\/index.php\/author\/guineediversite\/"}]}},"_links":{"self":[{"href":"https:\/\/guineediversite.com\/index.php\/wp-json\/wp\/v2\/posts\/27446"}],"collection":[{"href":"https:\/\/guineediversite.com\/index.php\/wp-json\/wp\/v2\/posts"}],"about":[{"href":"https:\/\/guineediversite.com\/index.php\/wp-json\/wp\/v2\/types\/post"}],"author":[{"embeddable":true,"href":"https:\/\/guineediversite.com\/index.php\/wp-json\/wp\/v2\/users\/12"}],"replies":[{"embeddable":true,"href":"https:\/\/guineediversite.com\/index.php\/wp-json\/wp\/v2\/comments?post=27446"}],"version-history":[{"count":0,"href":"https:\/\/guineediversite.com\/index.php\/wp-json\/wp\/v2\/posts\/27446\/revisions"}],"wp:featuredmedia":[{"embeddable":true,"href":"https:\/\/guineediversite.com\/index.php\/wp-json\/wp\/v2\/media\/27447"}],"wp:attachment":[{"href":"https:\/\/guineediversite.com\/index.php\/wp-json\/wp\/v2\/media?parent=27446"}],"wp:term":[{"taxonomy":"category","embeddable":true,"href":"https:\/\/guineediversite.com\/index.php\/wp-json\/wp\/v2\/categories?post=27446"},{"taxonomy":"post_tag","embeddable":true,"href":"https:\/\/guineediversite.com\/index.php\/wp-json\/wp\/v2\/tags?post=27446"}],"curies":[{"name":"wp","href":"https:\/\/api.w.org\/{rel}","templated":true}]}}