{"id":27443,"date":"2018-12-03T14:49:50","date_gmt":"2018-12-03T13:49:50","guid":{"rendered":"https:\/\/guineediversite.com\/?p=27443"},"modified":"2018-12-03T14:49:50","modified_gmt":"2018-12-03T13:49:50","slug":"proces-cheik-afan-renvoye-a-nouveau-pour-le-17-decembre-prochain","status":"publish","type":"post","link":"https:\/\/guineediversite.com\/index.php\/2018\/12\/03\/proces-cheik-afan-renvoye-a-nouveau-pour-le-17-decembre-prochain\/","title":{"rendered":"Proc\u00e8s Cheik Afan : Renvoy\u00e9 \u00e0 nouveau pour le 17 d\u00e9cembre prochain"},"content":{"rendered":"<p>Ce lundi 03 d\u00e9cembre s\u2019est ouvert le proc\u00e8s de Cheick Ahmed Fofana Alias Cheick Afan au tribunal de premi\u00e8re instance de Mafanco. Il est Accus\u00e9 par la Cellule Balai Citoyen pour incitation \u00e0 la violence ethnique, r\u00e9gionaliste, et aussi pour injure publique. Ce proc\u00e8s avait \u00e9t\u00e9 pour la premi\u00e8re renvoy\u00e9 par le tribunal pour permettre \u00e0 la partie civile de constituer les dossiers stipulant que le balai citoyen est bel et bien habilit\u00e9 \u00e0 poursuivre un citoyen en R\u00e9publique de Guin\u00e9e \u00e0 la demande de la d\u00e9fense.<\/p>\n<p>A l\u2019ouverture de l\u2019audience, la partie civile dont l\u2019avocat est me Salifou B\u00e9avogui s\u2019est accentu\u00e9e sur la nouvelle loi sp\u00e9ciale du Code de proc\u00e9dure p\u00e9nale dans son article 10. Selon les dires de l\u2019avocat, cet article soutient, promulgue et d\u00e9termine le r\u00e9gime juridique de toutes les associations qui, des cr\u00e9ations et obtention de l\u2019agr\u00e9ment peut traduire en justice pour lutter contre les travers sociaux, contre les violences sexuelles, les violations des droits de l\u2019homme et les propos incitants \u00e0 la haine et \u00e0 la r\u00e9volte o\u00f9 tout ce qui est de nature \u00e0 compromettre la paix et l\u2019unit\u00e9 nationale.<\/p>\n<p>Cet argument a \u00e9t\u00e9 vite contredit par le parquet \u00e9galement qui a brandi le document fourni par le balai Citoyen portant sur sa cr\u00e9ation. D\u2019apr\u00e8s la procureure, ladite soci\u00e9t\u00e9 civile qui s\u2019est constitu\u00e9e en partie civile dans cette affaire est cr\u00e9\u00e9 le 29 juin 2016 alors que le Code de proc\u00e9dure p\u00e9nale indique qu\u2019il faut pour toutes associations au moins 5 ans d\u2019existence avant de pouvoir se constituer en partie civile dans une affaire en justice. Le parquet a ainsi demand\u00e9 le rejet pur et simple du dossier pour d\u00e9faut de qualit\u00e9.<\/p>\n<p>Quant \u00e0 la d\u00e9fense, elle demande encore du temps au tribunal afin de bien \u00e9tudier le dossier concernant la l\u00e9galit\u00e9 effective de la cellule balai Citoyen en demandant au tribunal un report de l\u2019audience. Ce qu\u2019a accept\u00e9 le tribunal qui a aussit\u00f4t renvoy\u00e9 le proc\u00e8s pour le 17 d\u00e9cembre prochain.<\/p>\n","protected":false},"excerpt":{"rendered":"<p>Ce lundi 03 d\u00e9cembre s\u2019est ouvert le proc\u00e8s de Cheick Ahmed Fofana Alias Cheick Afan au tribunal de premi\u00e8re instance de Mafanco. Il est Accus\u00e9 par la Cellule Balai Citoyen pour incitation \u00e0 la violence ethnique, r\u00e9gionaliste, et aussi pour injure publique. Ce proc\u00e8s avait \u00e9t\u00e9 pour la premi\u00e8re renvoy\u00e9 par le tribunal pour permettre [&hellip;]<\/p>\n","protected":false},"author":16,"featured_media":27444,"comment_status":"closed","ping_status":"closed","sticky":false,"template":"","format":"standard","meta":{"_exactmetrics_skip_tracking":false,"_exactmetrics_sitenote_active":false,"_exactmetrics_sitenote_note":"","_exactmetrics_sitenote_category":0,"tdm_status":"","tdm_grid_status":"","footnotes":""},"categories":[16],"tags":[],"class_list":{"0":"post-27443","1":"post","2":"type-post","3":"status-publish","4":"format-standard","5":"has-post-thumbnail","7":"category-societe"},"yoast_head":"<!-- This site is optimized with the Yoast SEO plugin v24.2 - https:\/\/yoast.com\/wordpress\/plugins\/seo\/ -->\n<title>Proc\u00e8s Cheik Afan : Renvoy\u00e9 \u00e0 nouveau pour le 17 d\u00e9cembre prochain | Guin\u00e9e Diversit\u00e9<\/title>\n<meta name=\"robots\" content=\"index, follow, max-snippet:-1, max-image-preview:large, max-video-preview:-1\" \/>\n<link rel=\"canonical\" href=\"https:\/\/guineediversite.com\/index.php\/2018\/12\/03\/proces-cheik-afan-renvoye-a-nouveau-pour-le-17-decembre-prochain\/\" \/>\n<meta property=\"og:locale\" content=\"fr_FR\" \/>\n<meta property=\"og:type\" content=\"article\" \/>\n<meta property=\"og:title\" content=\"Proc\u00e8s Cheik Afan : Renvoy\u00e9 \u00e0 nouveau pour le 17 d\u00e9cembre prochain | Guin\u00e9e Diversit\u00e9\" \/>\n<meta property=\"og:description\" content=\"Ce lundi 03 d\u00e9cembre s\u2019est ouvert le proc\u00e8s de Cheick Ahmed Fofana Alias Cheick Afan au tribunal de premi\u00e8re instance de Mafanco. Il est Accus\u00e9 par la Cellule Balai Citoyen pour incitation \u00e0 la violence ethnique, r\u00e9gionaliste, et aussi pour injure publique. Ce proc\u00e8s avait \u00e9t\u00e9 pour la premi\u00e8re renvoy\u00e9 par le tribunal pour permettre [&hellip;]\" \/>\n<meta property=\"og:url\" content=\"https:\/\/guineediversite.com\/index.php\/2018\/12\/03\/proces-cheik-afan-renvoye-a-nouveau-pour-le-17-decembre-prochain\/\" \/>\n<meta property=\"og:site_name\" content=\"Guin\u00e9e Diversit\u00e9\" \/>\n<meta property=\"article:publisher\" content=\"https:\/\/www.facebook.com\/guineediversite\/\" \/>\n<meta property=\"article:published_time\" content=\"2018-12-03T13:49:50+00:00\" \/>\n<meta property=\"og:image\" content=\"https:\/\/guineediversite.com\/wp-content\/uploads\/2018\/12\/47294036_500829797092527_1542662805734293504_n.jpg\" \/>\n\t<meta property=\"og:image:width\" content=\"1024\" \/>\n\t<meta property=\"og:image:height\" content=\"768\" \/>\n\t<meta property=\"og:image:type\" content=\"image\/jpeg\" \/>\n<meta name=\"author\" content=\"Moussa Mo\u00efse K\u00e9ita\" \/>\n<meta name=\"twitter:card\" content=\"summary_large_image\" \/>\n<meta name=\"twitter:creator\" content=\"@GuineeDiversite\" \/>\n<meta name=\"twitter:site\" content=\"@GuineeDiversite\" \/>\n<meta name=\"twitter:label1\" content=\"\u00c9crit par\" \/>\n\t<meta name=\"twitter:data1\" content=\"Moussa Mo\u00efse K\u00e9ita\" \/>\n\t<meta name=\"twitter:label2\" content=\"Dur\u00e9e de lecture estim\u00e9e\" \/>\n\t<meta name=\"twitter:data2\" content=\"2 minutes\" \/>\n<script type=\"application\/ld+json\" class=\"yoast-schema-graph\">{\"@context\":\"https:\/\/schema.org\",\"@graph\":[{\"@type\":\"Article\",\"@id\":\"https:\/\/guineediversite.com\/index.php\/2018\/12\/03\/proces-cheik-afan-renvoye-a-nouveau-pour-le-17-decembre-prochain\/#article\",\"isPartOf\":{\"@id\":\"https:\/\/guineediversite.com\/index.php\/2018\/12\/03\/proces-cheik-afan-renvoye-a-nouveau-pour-le-17-decembre-prochain\/\"},\"author\":{\"name\":\"Moussa Mo\u00efse K\u00e9ita\",\"@id\":\"https:\/\/guineediversite.com\/#\/schema\/person\/079ec347f72d2acde4b56a50a4fd46dc\"},\"headline\":\"Proc\u00e8s Cheik Afan : Renvoy\u00e9 \u00e0 nouveau pour le 17 d\u00e9cembre prochain\",\"datePublished\":\"2018-12-03T13:49:50+00:00\",\"dateModified\":\"2018-12-03T13:49:50+00:00\",\"mainEntityOfPage\":{\"@id\":\"https:\/\/guineediversite.com\/index.php\/2018\/12\/03\/proces-cheik-afan-renvoye-a-nouveau-pour-le-17-decembre-prochain\/\"},\"wordCount\":371,\"publisher\":{\"@id\":\"https:\/\/guineediversite.com\/#organization\"},\"image\":{\"@id\":\"https:\/\/guineediversite.com\/index.php\/2018\/12\/03\/proces-cheik-afan-renvoye-a-nouveau-pour-le-17-decembre-prochain\/#primaryimage\"},\"thumbnailUrl\":\"https:\/\/guineediversite.com\/wp-content\/uploads\/2018\/12\/47294036_500829797092527_1542662805734293504_n.jpg\",\"articleSection\":[\"Soci\u00e9t\u00e9\"],\"inLanguage\":\"fr-FR\"},{\"@type\":\"WebPage\",\"@id\":\"https:\/\/guineediversite.com\/index.php\/2018\/12\/03\/proces-cheik-afan-renvoye-a-nouveau-pour-le-17-decembre-prochain\/\",\"url\":\"https:\/\/guineediversite.com\/index.php\/2018\/12\/03\/proces-cheik-afan-renvoye-a-nouveau-pour-le-17-decembre-prochain\/\",\"name\":\"Proc\u00e8s Cheik Afan : Renvoy\u00e9 \u00e0 nouveau pour le 17 d\u00e9cembre prochain | Guin\u00e9e Diversit\u00e9\",\"isPartOf\":{\"@id\":\"https:\/\/guineediversite.com\/#website\"},\"primaryImageOfPage\":{\"@id\":\"https:\/\/guineediversite.com\/index.php\/2018\/12\/03\/proces-cheik-afan-renvoye-a-nouveau-pour-le-17-decembre-prochain\/#primaryimage\"},\"image\":{\"@id\":\"https:\/\/guineediversite.com\/index.php\/2018\/12\/03\/proces-cheik-afan-renvoye-a-nouveau-pour-le-17-decembre-prochain\/#primaryimage\"},\"thumbnailUrl\":\"https:\/\/guineediversite.com\/wp-content\/uploads\/2018\/12\/47294036_500829797092527_1542662805734293504_n.jpg\",\"datePublished\":\"2018-12-03T13:49:50+00:00\",\"dateModified\":\"2018-12-03T13:49:50+00:00\",\"breadcrumb\":{\"@id\":\"https:\/\/guineediversite.com\/index.php\/2018\/12\/03\/proces-cheik-afan-renvoye-a-nouveau-pour-le-17-decembre-prochain\/#breadcrumb\"},\"inLanguage\":\"fr-FR\",\"potentialAction\":[{\"@type\":\"ReadAction\",\"target\":[\"https:\/\/guineediversite.com\/index.php\/2018\/12\/03\/proces-cheik-afan-renvoye-a-nouveau-pour-le-17-decembre-prochain\/\"]}]},{\"@type\":\"ImageObject\",\"inLanguage\":\"fr-FR\",\"@id\":\"https:\/\/guineediversite.com\/index.php\/2018\/12\/03\/proces-cheik-afan-renvoye-a-nouveau-pour-le-17-decembre-prochain\/#primaryimage\",\"url\":\"https:\/\/guineediversite.com\/wp-content\/uploads\/2018\/12\/47294036_500829797092527_1542662805734293504_n.jpg\",\"contentUrl\":\"https:\/\/guineediversite.com\/wp-content\/uploads\/2018\/12\/47294036_500829797092527_1542662805734293504_n.jpg\",\"width\":1024,\"height\":768},{\"@type\":\"BreadcrumbList\",\"@id\":\"https:\/\/guineediversite.com\/index.php\/2018\/12\/03\/proces-cheik-afan-renvoye-a-nouveau-pour-le-17-decembre-prochain\/#breadcrumb\",\"itemListElement\":[{\"@type\":\"ListItem\",\"position\":1,\"name\":\"Accueil\",\"item\":\"https:\/\/guineediversite.com\/\"},{\"@type\":\"ListItem\",\"position\":2,\"name\":\"Proc\u00e8s Cheik Afan : Renvoy\u00e9 \u00e0 nouveau pour le 17 d\u00e9cembre prochain\"}]},{\"@type\":\"WebSite\",\"@id\":\"https:\/\/guineediversite.com\/#website\",\"url\":\"https:\/\/guineediversite.com\/\",\"name\":\"Guin\u00e9e Diversit\u00e9\",\"description\":\"L&#039;Info dans toute sa diversit\u00e9\",\"publisher\":{\"@id\":\"https:\/\/guineediversite.com\/#organization\"},\"potentialAction\":[{\"@type\":\"SearchAction\",\"target\":{\"@type\":\"EntryPoint\",\"urlTemplate\":\"https:\/\/guineediversite.com\/?s={search_term_string}\"},\"query-input\":{\"@type\":\"PropertyValueSpecification\",\"valueRequired\":true,\"valueName\":\"search_term_string\"}}],\"inLanguage\":\"fr-FR\"},{\"@type\":\"Organization\",\"@id\":\"https:\/\/guineediversite.com\/#organization\",\"name\":\"Guin\u00e9e Diversit\u00e9\",\"url\":\"https:\/\/guineediversite.com\/\",\"logo\":{\"@type\":\"ImageObject\",\"inLanguage\":\"fr-FR\",\"@id\":\"https:\/\/guineediversite.com\/#\/schema\/logo\/image\/\",\"url\":\"https:\/\/guineediversite.com\/wp-content\/uploads\/2017\/04\/cropped-1jojlxEOMkX9Wyqfhe43D6kjPOGqBBKmx3EwWJqZ0cMrFF54yM49.png\",\"contentUrl\":\"https:\/\/guineediversite.com\/wp-content\/uploads\/2017\/04\/cropped-1jojlxEOMkX9Wyqfhe43D6kjPOGqBBKmx3EwWJqZ0cMrFF54yM49.png\",\"width\":186,\"height\":112,\"caption\":\"Guin\u00e9e Diversit\u00e9\"},\"image\":{\"@id\":\"https:\/\/guineediversite.com\/#\/schema\/logo\/image\/\"},\"sameAs\":[\"https:\/\/www.facebook.com\/guineediversite\/\",\"https:\/\/x.com\/GuineeDiversite\",\"https:\/\/www.youtube.com\/channel\/UC8sUY16qelG5ge6_D5SB83g\"]},{\"@type\":\"Person\",\"@id\":\"https:\/\/guineediversite.com\/#\/schema\/person\/079ec347f72d2acde4b56a50a4fd46dc\",\"name\":\"Moussa Mo\u00efse K\u00e9ita\",\"image\":{\"@type\":\"ImageObject\",\"inLanguage\":\"fr-FR\",\"@id\":\"https:\/\/guineediversite.com\/#\/schema\/person\/image\/\",\"url\":\"https:\/\/secure.gravatar.com\/avatar\/edf1ea2cc01841e6c0b49384bcb1385b?s=96&d=mm&r=g\",\"contentUrl\":\"https:\/\/secure.gravatar.com\/avatar\/edf1ea2cc01841e6c0b49384bcb1385b?s=96&d=mm&r=g\",\"caption\":\"Moussa Mo\u00efse K\u00e9ita\"},\"url\":\"https:\/\/guineediversite.com\/index.php\/author\/moussa-moise\/\"}]}<\/script>\n<!-- \/ Yoast SEO plugin. -->","yoast_head_json":{"title":"Proc\u00e8s Cheik Afan : Renvoy\u00e9 \u00e0 nouveau pour le 17 d\u00e9cembre prochain | Guin\u00e9e Diversit\u00e9","robots":{"index":"index","follow":"follow","max-snippet":"max-snippet:-1","max-image-preview":"max-image-preview:large","max-video-preview":"max-video-preview:-1"},"canonical":"https:\/\/guineediversite.com\/index.php\/2018\/12\/03\/proces-cheik-afan-renvoye-a-nouveau-pour-le-17-decembre-prochain\/","og_locale":"fr_FR","og_type":"article","og_title":"Proc\u00e8s Cheik Afan : Renvoy\u00e9 \u00e0 nouveau pour le 17 d\u00e9cembre prochain | Guin\u00e9e Diversit\u00e9","og_description":"Ce lundi 03 d\u00e9cembre s\u2019est ouvert le proc\u00e8s de Cheick Ahmed Fofana Alias Cheick Afan au tribunal de premi\u00e8re instance de Mafanco. Il est Accus\u00e9 par la Cellule Balai Citoyen pour incitation \u00e0 la violence ethnique, r\u00e9gionaliste, et aussi pour injure publique. Ce proc\u00e8s avait \u00e9t\u00e9 pour la premi\u00e8re renvoy\u00e9 par le tribunal pour permettre [&hellip;]","og_url":"https:\/\/guineediversite.com\/index.php\/2018\/12\/03\/proces-cheik-afan-renvoye-a-nouveau-pour-le-17-decembre-prochain\/","og_site_name":"Guin\u00e9e Diversit\u00e9","article_publisher":"https:\/\/www.facebook.com\/guineediversite\/","article_published_time":"2018-12-03T13:49:50+00:00","og_image":[{"width":1024,"height":768,"url":"https:\/\/guineediversite.com\/wp-content\/uploads\/2018\/12\/47294036_500829797092527_1542662805734293504_n.jpg","type":"image\/jpeg"}],"author":"Moussa Mo\u00efse K\u00e9ita","twitter_card":"summary_large_image","twitter_creator":"@GuineeDiversite","twitter_site":"@GuineeDiversite","twitter_misc":{"\u00c9crit par":"Moussa Mo\u00efse K\u00e9ita","Dur\u00e9e de lecture estim\u00e9e":"2 minutes"},"schema":{"@context":"https:\/\/schema.org","@graph":[{"@type":"Article","@id":"https:\/\/guineediversite.com\/index.php\/2018\/12\/03\/proces-cheik-afan-renvoye-a-nouveau-pour-le-17-decembre-prochain\/#article","isPartOf":{"@id":"https:\/\/guineediversite.com\/index.php\/2018\/12\/03\/proces-cheik-afan-renvoye-a-nouveau-pour-le-17-decembre-prochain\/"},"author":{"name":"Moussa Mo\u00efse K\u00e9ita","@id":"https:\/\/guineediversite.com\/#\/schema\/person\/079ec347f72d2acde4b56a50a4fd46dc"},"headline":"Proc\u00e8s Cheik Afan : Renvoy\u00e9 \u00e0 nouveau pour le 17 d\u00e9cembre prochain","datePublished":"2018-12-03T13:49:50+00:00","dateModified":"2018-12-03T13:49:50+00:00","mainEntityOfPage":{"@id":"https:\/\/guineediversite.com\/index.php\/2018\/12\/03\/proces-cheik-afan-renvoye-a-nouveau-pour-le-17-decembre-prochain\/"},"wordCount":371,"publisher":{"@id":"https:\/\/guineediversite.com\/#organization"},"image":{"@id":"https:\/\/guineediversite.com\/index.php\/2018\/12\/03\/proces-cheik-afan-renvoye-a-nouveau-pour-le-17-decembre-prochain\/#primaryimage"},"thumbnailUrl":"https:\/\/guineediversite.com\/wp-content\/uploads\/2018\/12\/47294036_500829797092527_1542662805734293504_n.jpg","articleSection":["Soci\u00e9t\u00e9"],"inLanguage":"fr-FR"},{"@type":"WebPage","@id":"https:\/\/guineediversite.com\/index.php\/2018\/12\/03\/proces-cheik-afan-renvoye-a-nouveau-pour-le-17-decembre-prochain\/","url":"https:\/\/guineediversite.com\/index.php\/2018\/12\/03\/proces-cheik-afan-renvoye-a-nouveau-pour-le-17-decembre-prochain\/","name":"Proc\u00e8s Cheik Afan : Renvoy\u00e9 \u00e0 nouveau pour le 17 d\u00e9cembre prochain | Guin\u00e9e Diversit\u00e9","isPartOf":{"@id":"https:\/\/guineediversite.com\/#website"},"primaryImageOfPage":{"@id":"https:\/\/guineediversite.com\/index.php\/2018\/12\/03\/proces-cheik-afan-renvoye-a-nouveau-pour-le-17-decembre-prochain\/#primaryimage"},"image":{"@id":"https:\/\/guineediversite.com\/index.php\/2018\/12\/03\/proces-cheik-afan-renvoye-a-nouveau-pour-le-17-decembre-prochain\/#primaryimage"},"thumbnailUrl":"https:\/\/guineediversite.com\/wp-content\/uploads\/2018\/12\/47294036_500829797092527_1542662805734293504_n.jpg","datePublished":"2018-12-03T13:49:50+00:00","dateModified":"2018-12-03T13:49:50+00:00","breadcrumb":{"@id":"https:\/\/guineediversite.com\/index.php\/2018\/12\/03\/proces-cheik-afan-renvoye-a-nouveau-pour-le-17-decembre-prochain\/#breadcrumb"},"inLanguage":"fr-FR","potentialAction":[{"@type":"ReadAction","target":["https:\/\/guineediversite.com\/index.php\/2018\/12\/03\/proces-cheik-afan-renvoye-a-nouveau-pour-le-17-decembre-prochain\/"]}]},{"@type":"ImageObject","inLanguage":"fr-FR","@id":"https:\/\/guineediversite.com\/index.php\/2018\/12\/03\/proces-cheik-afan-renvoye-a-nouveau-pour-le-17-decembre-prochain\/#primaryimage","url":"https:\/\/guineediversite.com\/wp-content\/uploads\/2018\/12\/47294036_500829797092527_1542662805734293504_n.jpg","contentUrl":"https:\/\/guineediversite.com\/wp-content\/uploads\/2018\/12\/47294036_500829797092527_1542662805734293504_n.jpg","width":1024,"height":768},{"@type":"BreadcrumbList","@id":"https:\/\/guineediversite.com\/index.php\/2018\/12\/03\/proces-cheik-afan-renvoye-a-nouveau-pour-le-17-decembre-prochain\/#breadcrumb","itemListElement":[{"@type":"ListItem","position":1,"name":"Accueil","item":"https:\/\/guineediversite.com\/"},{"@type":"ListItem","position":2,"name":"Proc\u00e8s Cheik Afan : Renvoy\u00e9 \u00e0 nouveau pour le 17 d\u00e9cembre prochain"}]},{"@type":"WebSite","@id":"https:\/\/guineediversite.com\/#website","url":"https:\/\/guineediversite.com\/","name":"Guin\u00e9e Diversit\u00e9","description":"L&#039;Info dans toute sa diversit\u00e9","publisher":{"@id":"https:\/\/guineediversite.com\/#organization"},"potentialAction":[{"@type":"SearchAction","target":{"@type":"EntryPoint","urlTemplate":"https:\/\/guineediversite.com\/?s={search_term_string}"},"query-input":{"@type":"PropertyValueSpecification","valueRequired":true,"valueName":"search_term_string"}}],"inLanguage":"fr-FR"},{"@type":"Organization","@id":"https:\/\/guineediversite.com\/#organization","name":"Guin\u00e9e Diversit\u00e9","url":"https:\/\/guineediversite.com\/","logo":{"@type":"ImageObject","inLanguage":"fr-FR","@id":"https:\/\/guineediversite.com\/#\/schema\/logo\/image\/","url":"https:\/\/guineediversite.com\/wp-content\/uploads\/2017\/04\/cropped-1jojlxEOMkX9Wyqfhe43D6kjPOGqBBKmx3EwWJqZ0cMrFF54yM49.png","contentUrl":"https:\/\/guineediversite.com\/wp-content\/uploads\/2017\/04\/cropped-1jojlxEOMkX9Wyqfhe43D6kjPOGqBBKmx3EwWJqZ0cMrFF54yM49.png","width":186,"height":112,"caption":"Guin\u00e9e Diversit\u00e9"},"image":{"@id":"https:\/\/guineediversite.com\/#\/schema\/logo\/image\/"},"sameAs":["https:\/\/www.facebook.com\/guineediversite\/","https:\/\/x.com\/GuineeDiversite","https:\/\/www.youtube.com\/channel\/UC8sUY16qelG5ge6_D5SB83g"]},{"@type":"Person","@id":"https:\/\/guineediversite.com\/#\/schema\/person\/079ec347f72d2acde4b56a50a4fd46dc","name":"Moussa Mo\u00efse K\u00e9ita","image":{"@type":"ImageObject","inLanguage":"fr-FR","@id":"https:\/\/guineediversite.com\/#\/schema\/person\/image\/","url":"https:\/\/secure.gravatar.com\/avatar\/edf1ea2cc01841e6c0b49384bcb1385b?s=96&d=mm&r=g","contentUrl":"https:\/\/secure.gravatar.com\/avatar\/edf1ea2cc01841e6c0b49384bcb1385b?s=96&d=mm&r=g","caption":"Moussa Mo\u00efse K\u00e9ita"},"url":"https:\/\/guineediversite.com\/index.php\/author\/moussa-moise\/"}]}},"_links":{"self":[{"href":"https:\/\/guineediversite.com\/index.php\/wp-json\/wp\/v2\/posts\/27443"}],"collection":[{"href":"https:\/\/guineediversite.com\/index.php\/wp-json\/wp\/v2\/posts"}],"about":[{"href":"https:\/\/guineediversite.com\/index.php\/wp-json\/wp\/v2\/types\/post"}],"author":[{"embeddable":true,"href":"https:\/\/guineediversite.com\/index.php\/wp-json\/wp\/v2\/users\/16"}],"replies":[{"embeddable":true,"href":"https:\/\/guineediversite.com\/index.php\/wp-json\/wp\/v2\/comments?post=27443"}],"version-history":[{"count":0,"href":"https:\/\/guineediversite.com\/index.php\/wp-json\/wp\/v2\/posts\/27443\/revisions"}],"wp:featuredmedia":[{"embeddable":true,"href":"https:\/\/guineediversite.com\/index.php\/wp-json\/wp\/v2\/media\/27444"}],"wp:attachment":[{"href":"https:\/\/guineediversite.com\/index.php\/wp-json\/wp\/v2\/media?parent=27443"}],"wp:term":[{"taxonomy":"category","embeddable":true,"href":"https:\/\/guineediversite.com\/index.php\/wp-json\/wp\/v2\/categories?post=27443"},{"taxonomy":"post_tag","embeddable":true,"href":"https:\/\/guineediversite.com\/index.php\/wp-json\/wp\/v2\/tags?post=27443"}],"curies":[{"name":"wp","href":"https:\/\/api.w.org\/{rel}","templated":true}]}}