{"id":27437,"date":"2018-12-03T13:16:04","date_gmt":"2018-12-03T12:16:04","guid":{"rendered":"https:\/\/guineediversite.com\/?p=27437"},"modified":"2018-12-03T13:16:04","modified_gmt":"2018-12-03T12:16:04","slug":"rdc-felix-tshisekedi-et-vital-kamerhe-lancent-leur-campagne-a-camp-luka","status":"publish","type":"post","link":"https:\/\/guineediversite.com\/index.php\/2018\/12\/03\/rdc-felix-tshisekedi-et-vital-kamerhe-lancent-leur-campagne-a-camp-luka\/","title":{"rendered":"RDC: F\u00e9lix Tshisekedi et Vital Kamerhe lancent leur campagne \u00e0 Camp Luka"},"content":{"rendered":"<h2>Membre d\u2019une m\u00eame coalition \u00e9lectorale, les opposants F\u00e9lix Tshisekedi et Vital Kamerhe \u00e9taient en meeting dimanche 2\u00a0d\u00e9cembre \u00e0 Kinshasa. Il \u00e9tait question de lancer la campagne du candidat F\u00e9lix Tshisekedi et c\u2019\u00e9tait dans un quartier modeste de la capitale congolaise.<\/h2>\n<p>D\u00e8s 12 heures, les militants de l\u2019Union pour la d\u00e9mocratie et le progr\u00e8s social (UDPS) de F\u00e9lix Tshisekedi et de l\u2019Union pour la nation congolaise (UNC) de Vital Kamerhe se rassemblent au Camp Luka. Sous une pluie battante, ils chantent les noms des deux opposants, mais ce n\u2019est finalement qu\u2019\u00e0 17\u00a0heures que le meeting d\u00e9bute, pour des raisons de m\u00e9t\u00e9o.<\/p>\n<p>Dans leur bref message,\u00a0<a href=\"http:\/\/www.rfi.fr\/afrique\/20181127-rdc-vital-kamerhe-felix-tshisekedi-retour-kinshasa\" target=\"_blank\" rel=\"noopener\"><strong>Vital Kamerhe et F\u00e9lix Tshisekedi<\/strong><\/a>\u00a0\u00e9voquent la pauvret\u00e9 de ce quartier et s\u2019attaquent au pouvoir\u00a0: \u00ab\u00a0<i>C\u2019est la d\u00e9solation totale, ce que nous venons de voir ici. Et il faut le faire, il ne faut pas faire seulement des meetings dans des endroits o\u00f9 on est sous la protection des lumi\u00e8res ou on a le macadam. Il faut venir ici, \u00e0 Camp Luka, pour voir la mis\u00e8re du peuple congolais.<\/i>\u00a0\u00bb<\/p>\n<p>\u00c0 c\u00f4t\u00e9 des militants de l\u2019UNC et de l\u2019UDPS, plusieurs jeunes supporteurs de\u00a0<a href=\"http:\/\/www.rfi.fr\/emission\/20181202-rdc-martin-fayulu-candidat-election-presidentielle\" target=\"_blank\" rel=\"noopener\"><strong>l\u2019opposant Martin Fayulu<\/strong><\/a>\u00a0ont \u00e9galement donn\u00e9 de la voix. Et cela n\u2019a pas d\u00e9rang\u00e9 Vital Kamerhe, selon ses propos\u00a0: \u00ab\u00a0<i>Il y a plusieurs candidats, c\u2019est \u00e7a la d\u00e9mocratie. Ce n\u2019est pas mal, \u00e7a signifie que c\u2019est le bastion de l\u2019opposition. C\u2019est une tr\u00e8s bonne chose. Il n\u2019y a pas de rivalit\u00e9 entre factions de l\u2019opposition, il faut que les gens le sachent, nous sommes tous en train de nous battre pour le changement dans le pays.<\/i>\u00a0\u00bb<\/p>\n<p>Camp Luka est la premi\u00e8re \u00e9tape d\u2019une campagne qui se poursuivra \u00e0 Kinshasa lundi 3 d\u00e9cembre avant l\u2019\u00e9tape de l\u2019est du pays.<\/p>\n<p>RFI<\/p>\n","protected":false},"excerpt":{"rendered":"<p>Membre d\u2019une m\u00eame coalition \u00e9lectorale, les opposants F\u00e9lix Tshisekedi et Vital Kamerhe \u00e9taient en meeting dimanche 2\u00a0d\u00e9cembre \u00e0 Kinshasa. Il \u00e9tait question de lancer la campagne du candidat F\u00e9lix Tshisekedi et c\u2019\u00e9tait dans un quartier modeste de la capitale congolaise. D\u00e8s 12 heures, les militants de l\u2019Union pour la d\u00e9mocratie et le progr\u00e8s social (UDPS) [&hellip;]<\/p>\n","protected":false},"author":12,"featured_media":27438,"comment_status":"closed","ping_status":"closed","sticky":false,"template":"","format":"standard","meta":{"_exactmetrics_skip_tracking":false,"_exactmetrics_sitenote_active":false,"_exactmetrics_sitenote_note":"","_exactmetrics_sitenote_category":0,"tdm_status":"","tdm_grid_status":"","footnotes":""},"categories":[21],"tags":[],"class_list":{"0":"post-27437","1":"post","2":"type-post","3":"status-publish","4":"format-standard","5":"has-post-thumbnail","7":"category-international"},"yoast_head":"<!-- This site is optimized with the Yoast SEO plugin v24.2 - https:\/\/yoast.com\/wordpress\/plugins\/seo\/ -->\n<title>RDC: F\u00e9lix Tshisekedi et Vital Kamerhe lancent leur campagne \u00e0 Camp Luka | Guin\u00e9e Diversit\u00e9<\/title>\n<meta name=\"robots\" content=\"index, follow, max-snippet:-1, max-image-preview:large, max-video-preview:-1\" \/>\n<link rel=\"canonical\" href=\"https:\/\/guineediversite.com\/index.php\/2018\/12\/03\/rdc-felix-tshisekedi-et-vital-kamerhe-lancent-leur-campagne-a-camp-luka\/\" \/>\n<meta property=\"og:locale\" content=\"fr_FR\" \/>\n<meta property=\"og:type\" content=\"article\" \/>\n<meta property=\"og:title\" content=\"RDC: F\u00e9lix Tshisekedi et Vital Kamerhe lancent leur campagne \u00e0 Camp Luka | Guin\u00e9e Diversit\u00e9\" \/>\n<meta property=\"og:description\" content=\"Membre d\u2019une m\u00eame coalition \u00e9lectorale, les opposants F\u00e9lix Tshisekedi et Vital Kamerhe \u00e9taient en meeting dimanche 2\u00a0d\u00e9cembre \u00e0 Kinshasa. Il \u00e9tait question de lancer la campagne du candidat F\u00e9lix Tshisekedi et c\u2019\u00e9tait dans un quartier modeste de la capitale congolaise. D\u00e8s 12 heures, les militants de l\u2019Union pour la d\u00e9mocratie et le progr\u00e8s social (UDPS) [&hellip;]\" \/>\n<meta property=\"og:url\" content=\"https:\/\/guineediversite.com\/index.php\/2018\/12\/03\/rdc-felix-tshisekedi-et-vital-kamerhe-lancent-leur-campagne-a-camp-luka\/\" \/>\n<meta property=\"og:site_name\" content=\"Guin\u00e9e Diversit\u00e9\" \/>\n<meta property=\"article:publisher\" content=\"https:\/\/www.facebook.com\/guineediversite\/\" \/>\n<meta property=\"article:published_time\" content=\"2018-12-03T12:16:04+00:00\" \/>\n<meta property=\"og:image\" content=\"https:\/\/guineediversite.com\/wp-content\/uploads\/2018\/12\/000_1b55zq_0.jpg\" \/>\n\t<meta property=\"og:image:width\" content=\"1024\" \/>\n\t<meta property=\"og:image:height\" content=\"577\" \/>\n\t<meta property=\"og:image:type\" content=\"image\/jpeg\" \/>\n<meta name=\"author\" content=\"Guin\u00e9e Diversit\u00e9\" \/>\n<meta name=\"twitter:card\" content=\"summary_large_image\" \/>\n<meta name=\"twitter:creator\" content=\"@GuineeDiversite\" \/>\n<meta name=\"twitter:site\" content=\"@GuineeDiversite\" \/>\n<meta name=\"twitter:label1\" content=\"\u00c9crit par\" \/>\n\t<meta name=\"twitter:data1\" content=\"Guin\u00e9e Diversit\u00e9\" \/>\n\t<meta name=\"twitter:label2\" content=\"Dur\u00e9e de lecture estim\u00e9e\" \/>\n\t<meta name=\"twitter:data2\" content=\"2 minutes\" \/>\n<script type=\"application\/ld+json\" class=\"yoast-schema-graph\">{\"@context\":\"https:\/\/schema.org\",\"@graph\":[{\"@type\":\"Article\",\"@id\":\"https:\/\/guineediversite.com\/index.php\/2018\/12\/03\/rdc-felix-tshisekedi-et-vital-kamerhe-lancent-leur-campagne-a-camp-luka\/#article\",\"isPartOf\":{\"@id\":\"https:\/\/guineediversite.com\/index.php\/2018\/12\/03\/rdc-felix-tshisekedi-et-vital-kamerhe-lancent-leur-campagne-a-camp-luka\/\"},\"author\":{\"name\":\"Guin\u00e9e Diversit\u00e9\",\"@id\":\"https:\/\/guineediversite.com\/#\/schema\/person\/afa08fb34e7fc6e1feafc892612bc836\"},\"headline\":\"RDC: F\u00e9lix Tshisekedi et Vital Kamerhe lancent leur campagne \u00e0 Camp Luka\",\"datePublished\":\"2018-12-03T12:16:04+00:00\",\"dateModified\":\"2018-12-03T12:16:04+00:00\",\"mainEntityOfPage\":{\"@id\":\"https:\/\/guineediversite.com\/index.php\/2018\/12\/03\/rdc-felix-tshisekedi-et-vital-kamerhe-lancent-leur-campagne-a-camp-luka\/\"},\"wordCount\":333,\"publisher\":{\"@id\":\"https:\/\/guineediversite.com\/#organization\"},\"image\":{\"@id\":\"https:\/\/guineediversite.com\/index.php\/2018\/12\/03\/rdc-felix-tshisekedi-et-vital-kamerhe-lancent-leur-campagne-a-camp-luka\/#primaryimage\"},\"thumbnailUrl\":\"https:\/\/guineediversite.com\/wp-content\/uploads\/2018\/12\/000_1b55zq_0.jpg\",\"articleSection\":[\"International\"],\"inLanguage\":\"fr-FR\"},{\"@type\":\"WebPage\",\"@id\":\"https:\/\/guineediversite.com\/index.php\/2018\/12\/03\/rdc-felix-tshisekedi-et-vital-kamerhe-lancent-leur-campagne-a-camp-luka\/\",\"url\":\"https:\/\/guineediversite.com\/index.php\/2018\/12\/03\/rdc-felix-tshisekedi-et-vital-kamerhe-lancent-leur-campagne-a-camp-luka\/\",\"name\":\"RDC: F\u00e9lix Tshisekedi et Vital Kamerhe lancent leur campagne \u00e0 Camp Luka | Guin\u00e9e Diversit\u00e9\",\"isPartOf\":{\"@id\":\"https:\/\/guineediversite.com\/#website\"},\"primaryImageOfPage\":{\"@id\":\"https:\/\/guineediversite.com\/index.php\/2018\/12\/03\/rdc-felix-tshisekedi-et-vital-kamerhe-lancent-leur-campagne-a-camp-luka\/#primaryimage\"},\"image\":{\"@id\":\"https:\/\/guineediversite.com\/index.php\/2018\/12\/03\/rdc-felix-tshisekedi-et-vital-kamerhe-lancent-leur-campagne-a-camp-luka\/#primaryimage\"},\"thumbnailUrl\":\"https:\/\/guineediversite.com\/wp-content\/uploads\/2018\/12\/000_1b55zq_0.jpg\",\"datePublished\":\"2018-12-03T12:16:04+00:00\",\"dateModified\":\"2018-12-03T12:16:04+00:00\",\"breadcrumb\":{\"@id\":\"https:\/\/guineediversite.com\/index.php\/2018\/12\/03\/rdc-felix-tshisekedi-et-vital-kamerhe-lancent-leur-campagne-a-camp-luka\/#breadcrumb\"},\"inLanguage\":\"fr-FR\",\"potentialAction\":[{\"@type\":\"ReadAction\",\"target\":[\"https:\/\/guineediversite.com\/index.php\/2018\/12\/03\/rdc-felix-tshisekedi-et-vital-kamerhe-lancent-leur-campagne-a-camp-luka\/\"]}]},{\"@type\":\"ImageObject\",\"inLanguage\":\"fr-FR\",\"@id\":\"https:\/\/guineediversite.com\/index.php\/2018\/12\/03\/rdc-felix-tshisekedi-et-vital-kamerhe-lancent-leur-campagne-a-camp-luka\/#primaryimage\",\"url\":\"https:\/\/guineediversite.com\/wp-content\/uploads\/2018\/12\/000_1b55zq_0.jpg\",\"contentUrl\":\"https:\/\/guineediversite.com\/wp-content\/uploads\/2018\/12\/000_1b55zq_0.jpg\",\"width\":1024,\"height\":577},{\"@type\":\"BreadcrumbList\",\"@id\":\"https:\/\/guineediversite.com\/index.php\/2018\/12\/03\/rdc-felix-tshisekedi-et-vital-kamerhe-lancent-leur-campagne-a-camp-luka\/#breadcrumb\",\"itemListElement\":[{\"@type\":\"ListItem\",\"position\":1,\"name\":\"Accueil\",\"item\":\"https:\/\/guineediversite.com\/\"},{\"@type\":\"ListItem\",\"position\":2,\"name\":\"RDC: F\u00e9lix Tshisekedi et Vital Kamerhe lancent leur campagne \u00e0 Camp Luka\"}]},{\"@type\":\"WebSite\",\"@id\":\"https:\/\/guineediversite.com\/#website\",\"url\":\"https:\/\/guineediversite.com\/\",\"name\":\"Guin\u00e9e Diversit\u00e9\",\"description\":\"L&#039;Info dans toute sa diversit\u00e9\",\"publisher\":{\"@id\":\"https:\/\/guineediversite.com\/#organization\"},\"potentialAction\":[{\"@type\":\"SearchAction\",\"target\":{\"@type\":\"EntryPoint\",\"urlTemplate\":\"https:\/\/guineediversite.com\/?s={search_term_string}\"},\"query-input\":{\"@type\":\"PropertyValueSpecification\",\"valueRequired\":true,\"valueName\":\"search_term_string\"}}],\"inLanguage\":\"fr-FR\"},{\"@type\":\"Organization\",\"@id\":\"https:\/\/guineediversite.com\/#organization\",\"name\":\"Guin\u00e9e Diversit\u00e9\",\"url\":\"https:\/\/guineediversite.com\/\",\"logo\":{\"@type\":\"ImageObject\",\"inLanguage\":\"fr-FR\",\"@id\":\"https:\/\/guineediversite.com\/#\/schema\/logo\/image\/\",\"url\":\"https:\/\/guineediversite.com\/wp-content\/uploads\/2017\/04\/cropped-1jojlxEOMkX9Wyqfhe43D6kjPOGqBBKmx3EwWJqZ0cMrFF54yM49.png\",\"contentUrl\":\"https:\/\/guineediversite.com\/wp-content\/uploads\/2017\/04\/cropped-1jojlxEOMkX9Wyqfhe43D6kjPOGqBBKmx3EwWJqZ0cMrFF54yM49.png\",\"width\":186,\"height\":112,\"caption\":\"Guin\u00e9e Diversit\u00e9\"},\"image\":{\"@id\":\"https:\/\/guineediversite.com\/#\/schema\/logo\/image\/\"},\"sameAs\":[\"https:\/\/www.facebook.com\/guineediversite\/\",\"https:\/\/x.com\/GuineeDiversite\",\"https:\/\/www.youtube.com\/channel\/UC8sUY16qelG5ge6_D5SB83g\"]},{\"@type\":\"Person\",\"@id\":\"https:\/\/guineediversite.com\/#\/schema\/person\/afa08fb34e7fc6e1feafc892612bc836\",\"name\":\"Guin\u00e9e Diversit\u00e9\",\"image\":{\"@type\":\"ImageObject\",\"inLanguage\":\"fr-FR\",\"@id\":\"https:\/\/guineediversite.com\/#\/schema\/person\/image\/\",\"url\":\"https:\/\/secure.gravatar.com\/avatar\/50d5eb5b390f8b65ac30ac6f898eb83a?s=96&d=mm&r=g\",\"contentUrl\":\"https:\/\/secure.gravatar.com\/avatar\/50d5eb5b390f8b65ac30ac6f898eb83a?s=96&d=mm&r=g\",\"caption\":\"Guin\u00e9e Diversit\u00e9\"},\"url\":\"https:\/\/guineediversite.com\/index.php\/author\/guineediversite\/\"}]}<\/script>\n<!-- \/ Yoast SEO plugin. -->","yoast_head_json":{"title":"RDC: F\u00e9lix Tshisekedi et Vital Kamerhe lancent leur campagne \u00e0 Camp Luka | Guin\u00e9e Diversit\u00e9","robots":{"index":"index","follow":"follow","max-snippet":"max-snippet:-1","max-image-preview":"max-image-preview:large","max-video-preview":"max-video-preview:-1"},"canonical":"https:\/\/guineediversite.com\/index.php\/2018\/12\/03\/rdc-felix-tshisekedi-et-vital-kamerhe-lancent-leur-campagne-a-camp-luka\/","og_locale":"fr_FR","og_type":"article","og_title":"RDC: F\u00e9lix Tshisekedi et Vital Kamerhe lancent leur campagne \u00e0 Camp Luka | Guin\u00e9e Diversit\u00e9","og_description":"Membre d\u2019une m\u00eame coalition \u00e9lectorale, les opposants F\u00e9lix Tshisekedi et Vital Kamerhe \u00e9taient en meeting dimanche 2\u00a0d\u00e9cembre \u00e0 Kinshasa. Il \u00e9tait question de lancer la campagne du candidat F\u00e9lix Tshisekedi et c\u2019\u00e9tait dans un quartier modeste de la capitale congolaise. D\u00e8s 12 heures, les militants de l\u2019Union pour la d\u00e9mocratie et le progr\u00e8s social (UDPS) [&hellip;]","og_url":"https:\/\/guineediversite.com\/index.php\/2018\/12\/03\/rdc-felix-tshisekedi-et-vital-kamerhe-lancent-leur-campagne-a-camp-luka\/","og_site_name":"Guin\u00e9e Diversit\u00e9","article_publisher":"https:\/\/www.facebook.com\/guineediversite\/","article_published_time":"2018-12-03T12:16:04+00:00","og_image":[{"width":1024,"height":577,"url":"https:\/\/guineediversite.com\/wp-content\/uploads\/2018\/12\/000_1b55zq_0.jpg","type":"image\/jpeg"}],"author":"Guin\u00e9e Diversit\u00e9","twitter_card":"summary_large_image","twitter_creator":"@GuineeDiversite","twitter_site":"@GuineeDiversite","twitter_misc":{"\u00c9crit par":"Guin\u00e9e Diversit\u00e9","Dur\u00e9e de lecture estim\u00e9e":"2 minutes"},"schema":{"@context":"https:\/\/schema.org","@graph":[{"@type":"Article","@id":"https:\/\/guineediversite.com\/index.php\/2018\/12\/03\/rdc-felix-tshisekedi-et-vital-kamerhe-lancent-leur-campagne-a-camp-luka\/#article","isPartOf":{"@id":"https:\/\/guineediversite.com\/index.php\/2018\/12\/03\/rdc-felix-tshisekedi-et-vital-kamerhe-lancent-leur-campagne-a-camp-luka\/"},"author":{"name":"Guin\u00e9e Diversit\u00e9","@id":"https:\/\/guineediversite.com\/#\/schema\/person\/afa08fb34e7fc6e1feafc892612bc836"},"headline":"RDC: F\u00e9lix Tshisekedi et Vital Kamerhe lancent leur campagne \u00e0 Camp Luka","datePublished":"2018-12-03T12:16:04+00:00","dateModified":"2018-12-03T12:16:04+00:00","mainEntityOfPage":{"@id":"https:\/\/guineediversite.com\/index.php\/2018\/12\/03\/rdc-felix-tshisekedi-et-vital-kamerhe-lancent-leur-campagne-a-camp-luka\/"},"wordCount":333,"publisher":{"@id":"https:\/\/guineediversite.com\/#organization"},"image":{"@id":"https:\/\/guineediversite.com\/index.php\/2018\/12\/03\/rdc-felix-tshisekedi-et-vital-kamerhe-lancent-leur-campagne-a-camp-luka\/#primaryimage"},"thumbnailUrl":"https:\/\/guineediversite.com\/wp-content\/uploads\/2018\/12\/000_1b55zq_0.jpg","articleSection":["International"],"inLanguage":"fr-FR"},{"@type":"WebPage","@id":"https:\/\/guineediversite.com\/index.php\/2018\/12\/03\/rdc-felix-tshisekedi-et-vital-kamerhe-lancent-leur-campagne-a-camp-luka\/","url":"https:\/\/guineediversite.com\/index.php\/2018\/12\/03\/rdc-felix-tshisekedi-et-vital-kamerhe-lancent-leur-campagne-a-camp-luka\/","name":"RDC: F\u00e9lix Tshisekedi et Vital Kamerhe lancent leur campagne \u00e0 Camp Luka | Guin\u00e9e Diversit\u00e9","isPartOf":{"@id":"https:\/\/guineediversite.com\/#website"},"primaryImageOfPage":{"@id":"https:\/\/guineediversite.com\/index.php\/2018\/12\/03\/rdc-felix-tshisekedi-et-vital-kamerhe-lancent-leur-campagne-a-camp-luka\/#primaryimage"},"image":{"@id":"https:\/\/guineediversite.com\/index.php\/2018\/12\/03\/rdc-felix-tshisekedi-et-vital-kamerhe-lancent-leur-campagne-a-camp-luka\/#primaryimage"},"thumbnailUrl":"https:\/\/guineediversite.com\/wp-content\/uploads\/2018\/12\/000_1b55zq_0.jpg","datePublished":"2018-12-03T12:16:04+00:00","dateModified":"2018-12-03T12:16:04+00:00","breadcrumb":{"@id":"https:\/\/guineediversite.com\/index.php\/2018\/12\/03\/rdc-felix-tshisekedi-et-vital-kamerhe-lancent-leur-campagne-a-camp-luka\/#breadcrumb"},"inLanguage":"fr-FR","potentialAction":[{"@type":"ReadAction","target":["https:\/\/guineediversite.com\/index.php\/2018\/12\/03\/rdc-felix-tshisekedi-et-vital-kamerhe-lancent-leur-campagne-a-camp-luka\/"]}]},{"@type":"ImageObject","inLanguage":"fr-FR","@id":"https:\/\/guineediversite.com\/index.php\/2018\/12\/03\/rdc-felix-tshisekedi-et-vital-kamerhe-lancent-leur-campagne-a-camp-luka\/#primaryimage","url":"https:\/\/guineediversite.com\/wp-content\/uploads\/2018\/12\/000_1b55zq_0.jpg","contentUrl":"https:\/\/guineediversite.com\/wp-content\/uploads\/2018\/12\/000_1b55zq_0.jpg","width":1024,"height":577},{"@type":"BreadcrumbList","@id":"https:\/\/guineediversite.com\/index.php\/2018\/12\/03\/rdc-felix-tshisekedi-et-vital-kamerhe-lancent-leur-campagne-a-camp-luka\/#breadcrumb","itemListElement":[{"@type":"ListItem","position":1,"name":"Accueil","item":"https:\/\/guineediversite.com\/"},{"@type":"ListItem","position":2,"name":"RDC: F\u00e9lix Tshisekedi et Vital Kamerhe lancent leur campagne \u00e0 Camp Luka"}]},{"@type":"WebSite","@id":"https:\/\/guineediversite.com\/#website","url":"https:\/\/guineediversite.com\/","name":"Guin\u00e9e Diversit\u00e9","description":"L&#039;Info dans toute sa diversit\u00e9","publisher":{"@id":"https:\/\/guineediversite.com\/#organization"},"potentialAction":[{"@type":"SearchAction","target":{"@type":"EntryPoint","urlTemplate":"https:\/\/guineediversite.com\/?s={search_term_string}"},"query-input":{"@type":"PropertyValueSpecification","valueRequired":true,"valueName":"search_term_string"}}],"inLanguage":"fr-FR"},{"@type":"Organization","@id":"https:\/\/guineediversite.com\/#organization","name":"Guin\u00e9e Diversit\u00e9","url":"https:\/\/guineediversite.com\/","logo":{"@type":"ImageObject","inLanguage":"fr-FR","@id":"https:\/\/guineediversite.com\/#\/schema\/logo\/image\/","url":"https:\/\/guineediversite.com\/wp-content\/uploads\/2017\/04\/cropped-1jojlxEOMkX9Wyqfhe43D6kjPOGqBBKmx3EwWJqZ0cMrFF54yM49.png","contentUrl":"https:\/\/guineediversite.com\/wp-content\/uploads\/2017\/04\/cropped-1jojlxEOMkX9Wyqfhe43D6kjPOGqBBKmx3EwWJqZ0cMrFF54yM49.png","width":186,"height":112,"caption":"Guin\u00e9e Diversit\u00e9"},"image":{"@id":"https:\/\/guineediversite.com\/#\/schema\/logo\/image\/"},"sameAs":["https:\/\/www.facebook.com\/guineediversite\/","https:\/\/x.com\/GuineeDiversite","https:\/\/www.youtube.com\/channel\/UC8sUY16qelG5ge6_D5SB83g"]},{"@type":"Person","@id":"https:\/\/guineediversite.com\/#\/schema\/person\/afa08fb34e7fc6e1feafc892612bc836","name":"Guin\u00e9e Diversit\u00e9","image":{"@type":"ImageObject","inLanguage":"fr-FR","@id":"https:\/\/guineediversite.com\/#\/schema\/person\/image\/","url":"https:\/\/secure.gravatar.com\/avatar\/50d5eb5b390f8b65ac30ac6f898eb83a?s=96&d=mm&r=g","contentUrl":"https:\/\/secure.gravatar.com\/avatar\/50d5eb5b390f8b65ac30ac6f898eb83a?s=96&d=mm&r=g","caption":"Guin\u00e9e Diversit\u00e9"},"url":"https:\/\/guineediversite.com\/index.php\/author\/guineediversite\/"}]}},"_links":{"self":[{"href":"https:\/\/guineediversite.com\/index.php\/wp-json\/wp\/v2\/posts\/27437"}],"collection":[{"href":"https:\/\/guineediversite.com\/index.php\/wp-json\/wp\/v2\/posts"}],"about":[{"href":"https:\/\/guineediversite.com\/index.php\/wp-json\/wp\/v2\/types\/post"}],"author":[{"embeddable":true,"href":"https:\/\/guineediversite.com\/index.php\/wp-json\/wp\/v2\/users\/12"}],"replies":[{"embeddable":true,"href":"https:\/\/guineediversite.com\/index.php\/wp-json\/wp\/v2\/comments?post=27437"}],"version-history":[{"count":0,"href":"https:\/\/guineediversite.com\/index.php\/wp-json\/wp\/v2\/posts\/27437\/revisions"}],"wp:featuredmedia":[{"embeddable":true,"href":"https:\/\/guineediversite.com\/index.php\/wp-json\/wp\/v2\/media\/27438"}],"wp:attachment":[{"href":"https:\/\/guineediversite.com\/index.php\/wp-json\/wp\/v2\/media?parent=27437"}],"wp:term":[{"taxonomy":"category","embeddable":true,"href":"https:\/\/guineediversite.com\/index.php\/wp-json\/wp\/v2\/categories?post=27437"},{"taxonomy":"post_tag","embeddable":true,"href":"https:\/\/guineediversite.com\/index.php\/wp-json\/wp\/v2\/tags?post=27437"}],"curies":[{"name":"wp","href":"https:\/\/api.w.org\/{rel}","templated":true}]}}