{"id":27434,"date":"2018-12-03T11:25:50","date_gmt":"2018-12-03T10:25:50","guid":{"rendered":"https:\/\/guineediversite.com\/?p=27434"},"modified":"2018-12-03T11:25:50","modified_gmt":"2018-12-03T10:25:50","slug":"gilets-jaunes-qui-sont-les-auteurs-des-violences-en-marge-des-manifestations","status":"publish","type":"post","link":"https:\/\/guineediversite.com\/index.php\/2018\/12\/03\/gilets-jaunes-qui-sont-les-auteurs-des-violences-en-marge-des-manifestations\/","title":{"rendered":"Gilets jaunes: qui sont les auteurs des violences en marge des manifestations ?"},"content":{"rendered":"<div class=\"intro\">\n<p>ne soixantaine de personnes doivent \u00eatre jug\u00e9es d\u00e8s ce lundi \u00e0 la suite des violences qui ont \u00e9maill\u00e9 la manifestation des gilets jaunes \u00e0 Paris, samedi 1<sup>er<\/sup>\u00a0d\u00e9cembre. Elles sont jug\u00e9es en comparution imm\u00e9diate et c&rsquo;est la premi\u00e8re fois qu&rsquo;il y en a autant apr\u00e8s une manifestation qui d\u00e9g\u00e9n\u00e8re. Il appara\u00eet que la plupart d&rsquo;entre elles ne sont pas forc\u00e9ment des \u00abcasseurs professionnels\u00bb mais appartiennent bien au mouvement des gilets jaunes.<\/p>\n<\/div>\n<div>\n<p>C&rsquo;est le procureur de Paris, R\u00e9my Heitz qui l&rsquo;affirme. Il a vu beaucoup d&rsquo;hommes de province interpel\u00e9s, des hommes ins\u00e9r\u00e9s dont nombre d&rsquo;entre eux d\u00e9clarent \u00eatre \u00aben r\u00e9sistance\u00bb contre le pouvoir et se r\u00e9clament du mouvement des gilets jaunes.<\/p>\n<p>Ce profil constitue selon les autorit\u00e9s la majorit\u00e9 des 378 personnes plac\u00e9es en garde \u00e0 vue dont les deux tiers feront l&rsquo;objet d&rsquo;un d\u00e9f\u00e8rement devant la justice. Mais ce n&rsquo;est pas le seul. Il y a par exemple ceux que les policiers consid\u00e8rent comme \u00ables professionnels de l&rsquo;\u00e9meute\u00bb, ceux qui ont mont\u00e9 les barricades sur les Champs-Elys\u00e9es. Ils sont quelques dizaines mais c&rsquo;\u00e9tait suffisant d&rsquo;autant plus qu&rsquo;ils \u00e9taient appuy\u00e9s par les gilets jaunes les plus vindicatifs, ceux qui ont ensuite \u00e9t\u00e9 interpel\u00e9s.<\/p>\n<p>Enfin en troisi\u00e8me ligne, les pilleurs et les casseurs. Ils ont profit\u00e9 de la pagaille ambiante. Un profil cette fois compl\u00e8tement diff\u00e9rent : il s&rsquo;agit le plus souvent de jeunes, voire de mineurs, originaires de r\u00e9gion parisienne pour la plupart. De la d\u00e9linquance d&rsquo;opportunit\u00e9 selon le procureur R\u00e9my Heitz.<\/p>\n<p>De ces trois groupes, les gilets jaunes constituent donc la majorit\u00e9. Mais cela ne refl\u00e8te sans doute pas enti\u00e8rement la sociologie de la manifestation. Ce sont eux les moins aguerris et donc les plus \u00e0 m\u00eame de se faire interpeler.<\/p>\n<p><strong>Comparution imm\u00e9diate<\/strong><\/p>\n<p>Cinq audiences de comparution imm\u00e9diate sont pr\u00e9vues ce lundi. Il s&rsquo;agit d&rsquo;audiences de comparution avec reconnaissance pr\u00e9alable de culpabilit\u00e9 (CRPC), une proc\u00e9dure qui permet d&rsquo;\u00e9viter un proc\u00e8s, seront aussi doubl\u00e9es, explique le procureur de Paris R\u00e9my Heitz.<\/p>\n<p>Les pr\u00e9venus devront r\u00e9pondre des chefs d&rsquo;\u00abactes de violence sur personne d\u00e9positaire de l&rsquo;autorit\u00e9 publique\u00bb, \u00abd\u00e9gradations sur des biens destin\u00e9s \u00e0 l&rsquo;utilit\u00e9 publique\u00bb, \u00abregroupements en vue de commettre des violences\u00bb, ou encore \u00abport d&rsquo;armes\u00bb, des qualifications passibles de 3 \u00e0 7 ans d&#8217;emprisonnement, a indiqu\u00e9 le procureur.<\/p>\n<p>RFI<\/p>\n<p>&nbsp;<\/p>\n<\/div>\n","protected":false},"excerpt":{"rendered":"<p>ne soixantaine de personnes doivent \u00eatre jug\u00e9es d\u00e8s ce lundi \u00e0 la suite des violences qui ont \u00e9maill\u00e9 la manifestation des gilets jaunes \u00e0 Paris, samedi 1er\u00a0d\u00e9cembre. Elles sont jug\u00e9es en comparution imm\u00e9diate et c&rsquo;est la premi\u00e8re fois qu&rsquo;il y en a autant apr\u00e8s une manifestation qui d\u00e9g\u00e9n\u00e8re. Il appara\u00eet que la plupart d&rsquo;entre elles [&hellip;]<\/p>\n","protected":false},"author":12,"featured_media":27435,"comment_status":"closed","ping_status":"closed","sticky":false,"template":"","format":"standard","meta":{"_exactmetrics_skip_tracking":false,"_exactmetrics_sitenote_active":false,"_exactmetrics_sitenote_note":"","_exactmetrics_sitenote_category":0,"tdm_status":"","tdm_grid_status":"","footnotes":""},"categories":[21],"tags":[],"class_list":{"0":"post-27434","1":"post","2":"type-post","3":"status-publish","4":"format-standard","5":"has-post-thumbnail","7":"category-international"},"yoast_head":"<!-- This site is optimized with the Yoast SEO plugin v24.2 - https:\/\/yoast.com\/wordpress\/plugins\/seo\/ -->\n<title>Gilets jaunes: qui sont les auteurs des violences en marge des manifestations ? | Guin\u00e9e Diversit\u00e9<\/title>\n<meta name=\"robots\" content=\"index, follow, max-snippet:-1, max-image-preview:large, max-video-preview:-1\" \/>\n<link rel=\"canonical\" href=\"https:\/\/guineediversite.com\/index.php\/2018\/12\/03\/gilets-jaunes-qui-sont-les-auteurs-des-violences-en-marge-des-manifestations\/\" \/>\n<meta property=\"og:locale\" content=\"fr_FR\" \/>\n<meta property=\"og:type\" content=\"article\" \/>\n<meta property=\"og:title\" content=\"Gilets jaunes: qui sont les auteurs des violences en marge des manifestations ? | Guin\u00e9e Diversit\u00e9\" \/>\n<meta property=\"og:description\" content=\"ne soixantaine de personnes doivent \u00eatre jug\u00e9es d\u00e8s ce lundi \u00e0 la suite des violences qui ont \u00e9maill\u00e9 la manifestation des gilets jaunes \u00e0 Paris, samedi 1er\u00a0d\u00e9cembre. Elles sont jug\u00e9es en comparution imm\u00e9diate et c&rsquo;est la premi\u00e8re fois qu&rsquo;il y en a autant apr\u00e8s une manifestation qui d\u00e9g\u00e9n\u00e8re. Il appara\u00eet que la plupart d&rsquo;entre elles [&hellip;]\" \/>\n<meta property=\"og:url\" content=\"https:\/\/guineediversite.com\/index.php\/2018\/12\/03\/gilets-jaunes-qui-sont-les-auteurs-des-violences-en-marge-des-manifestations\/\" \/>\n<meta property=\"og:site_name\" content=\"Guin\u00e9e Diversit\u00e9\" \/>\n<meta property=\"article:publisher\" content=\"https:\/\/www.facebook.com\/guineediversite\/\" \/>\n<meta property=\"article:published_time\" content=\"2018-12-03T10:25:50+00:00\" \/>\n<meta property=\"og:image\" content=\"https:\/\/guineediversite.com\/wp-content\/uploads\/2018\/12\/2018-12-02t132449z_1187439556_rc1369864af0_rtrmadp_3_france-protests-cleanup_0.jpg\" \/>\n\t<meta property=\"og:image:width\" content=\"1024\" \/>\n\t<meta property=\"og:image:height\" content=\"578\" \/>\n\t<meta property=\"og:image:type\" content=\"image\/jpeg\" \/>\n<meta name=\"author\" content=\"Guin\u00e9e Diversit\u00e9\" \/>\n<meta name=\"twitter:card\" content=\"summary_large_image\" \/>\n<meta name=\"twitter:creator\" content=\"@GuineeDiversite\" \/>\n<meta name=\"twitter:site\" content=\"@GuineeDiversite\" \/>\n<meta name=\"twitter:label1\" content=\"\u00c9crit par\" \/>\n\t<meta name=\"twitter:data1\" content=\"Guin\u00e9e Diversit\u00e9\" \/>\n\t<meta name=\"twitter:label2\" content=\"Dur\u00e9e de lecture estim\u00e9e\" \/>\n\t<meta name=\"twitter:data2\" content=\"2 minutes\" \/>\n<script type=\"application\/ld+json\" class=\"yoast-schema-graph\">{\"@context\":\"https:\/\/schema.org\",\"@graph\":[{\"@type\":\"Article\",\"@id\":\"https:\/\/guineediversite.com\/index.php\/2018\/12\/03\/gilets-jaunes-qui-sont-les-auteurs-des-violences-en-marge-des-manifestations\/#article\",\"isPartOf\":{\"@id\":\"https:\/\/guineediversite.com\/index.php\/2018\/12\/03\/gilets-jaunes-qui-sont-les-auteurs-des-violences-en-marge-des-manifestations\/\"},\"author\":{\"name\":\"Guin\u00e9e Diversit\u00e9\",\"@id\":\"https:\/\/guineediversite.com\/#\/schema\/person\/afa08fb34e7fc6e1feafc892612bc836\"},\"headline\":\"Gilets jaunes: qui sont les auteurs des violences en marge des manifestations ?\",\"datePublished\":\"2018-12-03T10:25:50+00:00\",\"dateModified\":\"2018-12-03T10:25:50+00:00\",\"mainEntityOfPage\":{\"@id\":\"https:\/\/guineediversite.com\/index.php\/2018\/12\/03\/gilets-jaunes-qui-sont-les-auteurs-des-violences-en-marge-des-manifestations\/\"},\"wordCount\":444,\"publisher\":{\"@id\":\"https:\/\/guineediversite.com\/#organization\"},\"image\":{\"@id\":\"https:\/\/guineediversite.com\/index.php\/2018\/12\/03\/gilets-jaunes-qui-sont-les-auteurs-des-violences-en-marge-des-manifestations\/#primaryimage\"},\"thumbnailUrl\":\"https:\/\/guineediversite.com\/wp-content\/uploads\/2018\/12\/2018-12-02t132449z_1187439556_rc1369864af0_rtrmadp_3_france-protests-cleanup_0.jpg\",\"articleSection\":[\"International\"],\"inLanguage\":\"fr-FR\"},{\"@type\":\"WebPage\",\"@id\":\"https:\/\/guineediversite.com\/index.php\/2018\/12\/03\/gilets-jaunes-qui-sont-les-auteurs-des-violences-en-marge-des-manifestations\/\",\"url\":\"https:\/\/guineediversite.com\/index.php\/2018\/12\/03\/gilets-jaunes-qui-sont-les-auteurs-des-violences-en-marge-des-manifestations\/\",\"name\":\"Gilets jaunes: qui sont les auteurs des violences en marge des manifestations ? | Guin\u00e9e Diversit\u00e9\",\"isPartOf\":{\"@id\":\"https:\/\/guineediversite.com\/#website\"},\"primaryImageOfPage\":{\"@id\":\"https:\/\/guineediversite.com\/index.php\/2018\/12\/03\/gilets-jaunes-qui-sont-les-auteurs-des-violences-en-marge-des-manifestations\/#primaryimage\"},\"image\":{\"@id\":\"https:\/\/guineediversite.com\/index.php\/2018\/12\/03\/gilets-jaunes-qui-sont-les-auteurs-des-violences-en-marge-des-manifestations\/#primaryimage\"},\"thumbnailUrl\":\"https:\/\/guineediversite.com\/wp-content\/uploads\/2018\/12\/2018-12-02t132449z_1187439556_rc1369864af0_rtrmadp_3_france-protests-cleanup_0.jpg\",\"datePublished\":\"2018-12-03T10:25:50+00:00\",\"dateModified\":\"2018-12-03T10:25:50+00:00\",\"breadcrumb\":{\"@id\":\"https:\/\/guineediversite.com\/index.php\/2018\/12\/03\/gilets-jaunes-qui-sont-les-auteurs-des-violences-en-marge-des-manifestations\/#breadcrumb\"},\"inLanguage\":\"fr-FR\",\"potentialAction\":[{\"@type\":\"ReadAction\",\"target\":[\"https:\/\/guineediversite.com\/index.php\/2018\/12\/03\/gilets-jaunes-qui-sont-les-auteurs-des-violences-en-marge-des-manifestations\/\"]}]},{\"@type\":\"ImageObject\",\"inLanguage\":\"fr-FR\",\"@id\":\"https:\/\/guineediversite.com\/index.php\/2018\/12\/03\/gilets-jaunes-qui-sont-les-auteurs-des-violences-en-marge-des-manifestations\/#primaryimage\",\"url\":\"https:\/\/guineediversite.com\/wp-content\/uploads\/2018\/12\/2018-12-02t132449z_1187439556_rc1369864af0_rtrmadp_3_france-protests-cleanup_0.jpg\",\"contentUrl\":\"https:\/\/guineediversite.com\/wp-content\/uploads\/2018\/12\/2018-12-02t132449z_1187439556_rc1369864af0_rtrmadp_3_france-protests-cleanup_0.jpg\",\"width\":1024,\"height\":578},{\"@type\":\"BreadcrumbList\",\"@id\":\"https:\/\/guineediversite.com\/index.php\/2018\/12\/03\/gilets-jaunes-qui-sont-les-auteurs-des-violences-en-marge-des-manifestations\/#breadcrumb\",\"itemListElement\":[{\"@type\":\"ListItem\",\"position\":1,\"name\":\"Accueil\",\"item\":\"https:\/\/guineediversite.com\/\"},{\"@type\":\"ListItem\",\"position\":2,\"name\":\"Gilets jaunes: qui sont les auteurs des violences en marge des manifestations ?\"}]},{\"@type\":\"WebSite\",\"@id\":\"https:\/\/guineediversite.com\/#website\",\"url\":\"https:\/\/guineediversite.com\/\",\"name\":\"Guin\u00e9e Diversit\u00e9\",\"description\":\"L&#039;Info dans toute sa diversit\u00e9\",\"publisher\":{\"@id\":\"https:\/\/guineediversite.com\/#organization\"},\"potentialAction\":[{\"@type\":\"SearchAction\",\"target\":{\"@type\":\"EntryPoint\",\"urlTemplate\":\"https:\/\/guineediversite.com\/?s={search_term_string}\"},\"query-input\":{\"@type\":\"PropertyValueSpecification\",\"valueRequired\":true,\"valueName\":\"search_term_string\"}}],\"inLanguage\":\"fr-FR\"},{\"@type\":\"Organization\",\"@id\":\"https:\/\/guineediversite.com\/#organization\",\"name\":\"Guin\u00e9e Diversit\u00e9\",\"url\":\"https:\/\/guineediversite.com\/\",\"logo\":{\"@type\":\"ImageObject\",\"inLanguage\":\"fr-FR\",\"@id\":\"https:\/\/guineediversite.com\/#\/schema\/logo\/image\/\",\"url\":\"https:\/\/guineediversite.com\/wp-content\/uploads\/2017\/04\/cropped-1jojlxEOMkX9Wyqfhe43D6kjPOGqBBKmx3EwWJqZ0cMrFF54yM49.png\",\"contentUrl\":\"https:\/\/guineediversite.com\/wp-content\/uploads\/2017\/04\/cropped-1jojlxEOMkX9Wyqfhe43D6kjPOGqBBKmx3EwWJqZ0cMrFF54yM49.png\",\"width\":186,\"height\":112,\"caption\":\"Guin\u00e9e Diversit\u00e9\"},\"image\":{\"@id\":\"https:\/\/guineediversite.com\/#\/schema\/logo\/image\/\"},\"sameAs\":[\"https:\/\/www.facebook.com\/guineediversite\/\",\"https:\/\/x.com\/GuineeDiversite\",\"https:\/\/www.youtube.com\/channel\/UC8sUY16qelG5ge6_D5SB83g\"]},{\"@type\":\"Person\",\"@id\":\"https:\/\/guineediversite.com\/#\/schema\/person\/afa08fb34e7fc6e1feafc892612bc836\",\"name\":\"Guin\u00e9e Diversit\u00e9\",\"image\":{\"@type\":\"ImageObject\",\"inLanguage\":\"fr-FR\",\"@id\":\"https:\/\/guineediversite.com\/#\/schema\/person\/image\/\",\"url\":\"https:\/\/secure.gravatar.com\/avatar\/50d5eb5b390f8b65ac30ac6f898eb83a?s=96&d=mm&r=g\",\"contentUrl\":\"https:\/\/secure.gravatar.com\/avatar\/50d5eb5b390f8b65ac30ac6f898eb83a?s=96&d=mm&r=g\",\"caption\":\"Guin\u00e9e Diversit\u00e9\"},\"url\":\"https:\/\/guineediversite.com\/index.php\/author\/guineediversite\/\"}]}<\/script>\n<!-- \/ Yoast SEO plugin. -->","yoast_head_json":{"title":"Gilets jaunes: qui sont les auteurs des violences en marge des manifestations ? | Guin\u00e9e Diversit\u00e9","robots":{"index":"index","follow":"follow","max-snippet":"max-snippet:-1","max-image-preview":"max-image-preview:large","max-video-preview":"max-video-preview:-1"},"canonical":"https:\/\/guineediversite.com\/index.php\/2018\/12\/03\/gilets-jaunes-qui-sont-les-auteurs-des-violences-en-marge-des-manifestations\/","og_locale":"fr_FR","og_type":"article","og_title":"Gilets jaunes: qui sont les auteurs des violences en marge des manifestations ? | Guin\u00e9e Diversit\u00e9","og_description":"ne soixantaine de personnes doivent \u00eatre jug\u00e9es d\u00e8s ce lundi \u00e0 la suite des violences qui ont \u00e9maill\u00e9 la manifestation des gilets jaunes \u00e0 Paris, samedi 1er\u00a0d\u00e9cembre. Elles sont jug\u00e9es en comparution imm\u00e9diate et c&rsquo;est la premi\u00e8re fois qu&rsquo;il y en a autant apr\u00e8s une manifestation qui d\u00e9g\u00e9n\u00e8re. Il appara\u00eet que la plupart d&rsquo;entre elles [&hellip;]","og_url":"https:\/\/guineediversite.com\/index.php\/2018\/12\/03\/gilets-jaunes-qui-sont-les-auteurs-des-violences-en-marge-des-manifestations\/","og_site_name":"Guin\u00e9e Diversit\u00e9","article_publisher":"https:\/\/www.facebook.com\/guineediversite\/","article_published_time":"2018-12-03T10:25:50+00:00","og_image":[{"width":1024,"height":578,"url":"https:\/\/guineediversite.com\/wp-content\/uploads\/2018\/12\/2018-12-02t132449z_1187439556_rc1369864af0_rtrmadp_3_france-protests-cleanup_0.jpg","type":"image\/jpeg"}],"author":"Guin\u00e9e Diversit\u00e9","twitter_card":"summary_large_image","twitter_creator":"@GuineeDiversite","twitter_site":"@GuineeDiversite","twitter_misc":{"\u00c9crit par":"Guin\u00e9e Diversit\u00e9","Dur\u00e9e de lecture estim\u00e9e":"2 minutes"},"schema":{"@context":"https:\/\/schema.org","@graph":[{"@type":"Article","@id":"https:\/\/guineediversite.com\/index.php\/2018\/12\/03\/gilets-jaunes-qui-sont-les-auteurs-des-violences-en-marge-des-manifestations\/#article","isPartOf":{"@id":"https:\/\/guineediversite.com\/index.php\/2018\/12\/03\/gilets-jaunes-qui-sont-les-auteurs-des-violences-en-marge-des-manifestations\/"},"author":{"name":"Guin\u00e9e Diversit\u00e9","@id":"https:\/\/guineediversite.com\/#\/schema\/person\/afa08fb34e7fc6e1feafc892612bc836"},"headline":"Gilets jaunes: qui sont les auteurs des violences en marge des manifestations ?","datePublished":"2018-12-03T10:25:50+00:00","dateModified":"2018-12-03T10:25:50+00:00","mainEntityOfPage":{"@id":"https:\/\/guineediversite.com\/index.php\/2018\/12\/03\/gilets-jaunes-qui-sont-les-auteurs-des-violences-en-marge-des-manifestations\/"},"wordCount":444,"publisher":{"@id":"https:\/\/guineediversite.com\/#organization"},"image":{"@id":"https:\/\/guineediversite.com\/index.php\/2018\/12\/03\/gilets-jaunes-qui-sont-les-auteurs-des-violences-en-marge-des-manifestations\/#primaryimage"},"thumbnailUrl":"https:\/\/guineediversite.com\/wp-content\/uploads\/2018\/12\/2018-12-02t132449z_1187439556_rc1369864af0_rtrmadp_3_france-protests-cleanup_0.jpg","articleSection":["International"],"inLanguage":"fr-FR"},{"@type":"WebPage","@id":"https:\/\/guineediversite.com\/index.php\/2018\/12\/03\/gilets-jaunes-qui-sont-les-auteurs-des-violences-en-marge-des-manifestations\/","url":"https:\/\/guineediversite.com\/index.php\/2018\/12\/03\/gilets-jaunes-qui-sont-les-auteurs-des-violences-en-marge-des-manifestations\/","name":"Gilets jaunes: qui sont les auteurs des violences en marge des manifestations ? | Guin\u00e9e Diversit\u00e9","isPartOf":{"@id":"https:\/\/guineediversite.com\/#website"},"primaryImageOfPage":{"@id":"https:\/\/guineediversite.com\/index.php\/2018\/12\/03\/gilets-jaunes-qui-sont-les-auteurs-des-violences-en-marge-des-manifestations\/#primaryimage"},"image":{"@id":"https:\/\/guineediversite.com\/index.php\/2018\/12\/03\/gilets-jaunes-qui-sont-les-auteurs-des-violences-en-marge-des-manifestations\/#primaryimage"},"thumbnailUrl":"https:\/\/guineediversite.com\/wp-content\/uploads\/2018\/12\/2018-12-02t132449z_1187439556_rc1369864af0_rtrmadp_3_france-protests-cleanup_0.jpg","datePublished":"2018-12-03T10:25:50+00:00","dateModified":"2018-12-03T10:25:50+00:00","breadcrumb":{"@id":"https:\/\/guineediversite.com\/index.php\/2018\/12\/03\/gilets-jaunes-qui-sont-les-auteurs-des-violences-en-marge-des-manifestations\/#breadcrumb"},"inLanguage":"fr-FR","potentialAction":[{"@type":"ReadAction","target":["https:\/\/guineediversite.com\/index.php\/2018\/12\/03\/gilets-jaunes-qui-sont-les-auteurs-des-violences-en-marge-des-manifestations\/"]}]},{"@type":"ImageObject","inLanguage":"fr-FR","@id":"https:\/\/guineediversite.com\/index.php\/2018\/12\/03\/gilets-jaunes-qui-sont-les-auteurs-des-violences-en-marge-des-manifestations\/#primaryimage","url":"https:\/\/guineediversite.com\/wp-content\/uploads\/2018\/12\/2018-12-02t132449z_1187439556_rc1369864af0_rtrmadp_3_france-protests-cleanup_0.jpg","contentUrl":"https:\/\/guineediversite.com\/wp-content\/uploads\/2018\/12\/2018-12-02t132449z_1187439556_rc1369864af0_rtrmadp_3_france-protests-cleanup_0.jpg","width":1024,"height":578},{"@type":"BreadcrumbList","@id":"https:\/\/guineediversite.com\/index.php\/2018\/12\/03\/gilets-jaunes-qui-sont-les-auteurs-des-violences-en-marge-des-manifestations\/#breadcrumb","itemListElement":[{"@type":"ListItem","position":1,"name":"Accueil","item":"https:\/\/guineediversite.com\/"},{"@type":"ListItem","position":2,"name":"Gilets jaunes: qui sont les auteurs des violences en marge des manifestations ?"}]},{"@type":"WebSite","@id":"https:\/\/guineediversite.com\/#website","url":"https:\/\/guineediversite.com\/","name":"Guin\u00e9e Diversit\u00e9","description":"L&#039;Info dans toute sa diversit\u00e9","publisher":{"@id":"https:\/\/guineediversite.com\/#organization"},"potentialAction":[{"@type":"SearchAction","target":{"@type":"EntryPoint","urlTemplate":"https:\/\/guineediversite.com\/?s={search_term_string}"},"query-input":{"@type":"PropertyValueSpecification","valueRequired":true,"valueName":"search_term_string"}}],"inLanguage":"fr-FR"},{"@type":"Organization","@id":"https:\/\/guineediversite.com\/#organization","name":"Guin\u00e9e Diversit\u00e9","url":"https:\/\/guineediversite.com\/","logo":{"@type":"ImageObject","inLanguage":"fr-FR","@id":"https:\/\/guineediversite.com\/#\/schema\/logo\/image\/","url":"https:\/\/guineediversite.com\/wp-content\/uploads\/2017\/04\/cropped-1jojlxEOMkX9Wyqfhe43D6kjPOGqBBKmx3EwWJqZ0cMrFF54yM49.png","contentUrl":"https:\/\/guineediversite.com\/wp-content\/uploads\/2017\/04\/cropped-1jojlxEOMkX9Wyqfhe43D6kjPOGqBBKmx3EwWJqZ0cMrFF54yM49.png","width":186,"height":112,"caption":"Guin\u00e9e Diversit\u00e9"},"image":{"@id":"https:\/\/guineediversite.com\/#\/schema\/logo\/image\/"},"sameAs":["https:\/\/www.facebook.com\/guineediversite\/","https:\/\/x.com\/GuineeDiversite","https:\/\/www.youtube.com\/channel\/UC8sUY16qelG5ge6_D5SB83g"]},{"@type":"Person","@id":"https:\/\/guineediversite.com\/#\/schema\/person\/afa08fb34e7fc6e1feafc892612bc836","name":"Guin\u00e9e Diversit\u00e9","image":{"@type":"ImageObject","inLanguage":"fr-FR","@id":"https:\/\/guineediversite.com\/#\/schema\/person\/image\/","url":"https:\/\/secure.gravatar.com\/avatar\/50d5eb5b390f8b65ac30ac6f898eb83a?s=96&d=mm&r=g","contentUrl":"https:\/\/secure.gravatar.com\/avatar\/50d5eb5b390f8b65ac30ac6f898eb83a?s=96&d=mm&r=g","caption":"Guin\u00e9e Diversit\u00e9"},"url":"https:\/\/guineediversite.com\/index.php\/author\/guineediversite\/"}]}},"_links":{"self":[{"href":"https:\/\/guineediversite.com\/index.php\/wp-json\/wp\/v2\/posts\/27434"}],"collection":[{"href":"https:\/\/guineediversite.com\/index.php\/wp-json\/wp\/v2\/posts"}],"about":[{"href":"https:\/\/guineediversite.com\/index.php\/wp-json\/wp\/v2\/types\/post"}],"author":[{"embeddable":true,"href":"https:\/\/guineediversite.com\/index.php\/wp-json\/wp\/v2\/users\/12"}],"replies":[{"embeddable":true,"href":"https:\/\/guineediversite.com\/index.php\/wp-json\/wp\/v2\/comments?post=27434"}],"version-history":[{"count":0,"href":"https:\/\/guineediversite.com\/index.php\/wp-json\/wp\/v2\/posts\/27434\/revisions"}],"wp:featuredmedia":[{"embeddable":true,"href":"https:\/\/guineediversite.com\/index.php\/wp-json\/wp\/v2\/media\/27435"}],"wp:attachment":[{"href":"https:\/\/guineediversite.com\/index.php\/wp-json\/wp\/v2\/media?parent=27434"}],"wp:term":[{"taxonomy":"category","embeddable":true,"href":"https:\/\/guineediversite.com\/index.php\/wp-json\/wp\/v2\/categories?post=27434"},{"taxonomy":"post_tag","embeddable":true,"href":"https:\/\/guineediversite.com\/index.php\/wp-json\/wp\/v2\/tags?post=27434"}],"curies":[{"name":"wp","href":"https:\/\/api.w.org\/{rel}","templated":true}]}}