{"id":27431,"date":"2018-12-03T11:05:34","date_gmt":"2018-12-03T10:05:34","guid":{"rendered":"https:\/\/guineediversite.com\/?p=27431"},"modified":"2018-12-03T11:05:34","modified_gmt":"2018-12-03T10:05:34","slug":"declaration-de-la-ministre-de-laction-sociale-de-la-promotion-feminine-et-de-lenfance-relative-a-la-celebration-de-la-journee-internationale-des-personnes-handicapees","status":"publish","type":"post","link":"https:\/\/guineediversite.com\/index.php\/2018\/12\/03\/declaration-de-la-ministre-de-laction-sociale-de-la-promotion-feminine-et-de-lenfance-relative-a-la-celebration-de-la-journee-internationale-des-personnes-handicapees\/","title":{"rendered":"D\u00e9claration de la ministre de l\u2019action sociale, de la promotion f\u00e9minine et de l\u2019enfance relative a la c\u00e9l\u00e9bration de la journ\u00e9e internationale des personnes handicap\u00e9es"},"content":{"rendered":"<p style=\"background: white;\"><b><span style=\"font-size: 13.5pt; font-family: 'Arial','sans-serif'; color: #26282a;\">Chers compatriotes\u00a0!<\/span><\/b><\/p>\n<p style=\"line-height: 19.55pt; background: white; font-variant-ligatures: normal; font-variant-caps: normal; orphans: 2; text-align: start; widows: 2; -webkit-text-stroke-width: 0px; text-decoration-style: initial; text-decoration-color: initial; word-spacing: 0px;\"><span style=\"font-size: 13.5pt; font-family: 'Arial','sans-serif'; color: #26282a;\">La R\u00e9solution 47\/3 adopt\u00e9e par les Nations-Unies en octobre 1992 a d\u00e9clar\u00e9 le 03 d\u00e9cembre de chaque ann\u00e9e journ\u00e9e internationale des personnes handicap\u00e9es. Cette journ\u00e9e vise \u00e0 promouvoir les droits et le bien-\u00eatre de cette cat\u00e9gorie sociale \u00e0 travers la sensibilisation des pouvoirs publics et de la population sur la situation des personnes handicap\u00e9es.<\/span><\/p>\n<p style=\"line-height: 19.55pt; background: white; font-variant-ligatures: normal; font-variant-caps: normal; orphans: 2; text-align: start; widows: 2; -webkit-text-stroke-width: 0px; text-decoration-style: initial; text-decoration-color: initial; word-spacing: 0px;\"><span style=\"font-size: 13.5pt; font-family: 'Arial','sans-serif'; color: #26282a;\">Cette ann\u00e9e, le Th\u00e8me central retenu par les Nations Unies s\u2019intitule \u00ab\u00a0<b>Autonomiser les personnes handicap\u00e9es\u00a0; assurer leur participation et garantir l\u2019Egalit\u00e9\u00a0des chances pour tous<\/b>\u00a0<b>\u00bb<\/b>. Dans notre pays, la c\u00e9l\u00e9bration de l\u2019\u00e9dition 2018, intervient dans un contexte favorable marqu\u00e9 par l\u2019adoption et la promulgation d\u2019une Loi portant sp\u00e9cifiquement sur le handicap. Premi\u00e8re du genre, cette Loi vise \u00e0 renforcer les droits universels et promouvoir les droits sp\u00e9cifiques d\u00e9volus aux personnes handicap\u00e9es.<\/span><\/p>\n<p style=\"line-height: 19.55pt; background: white; font-variant-ligatures: normal; font-variant-caps: normal; orphans: 2; text-align: start; widows: 2; -webkit-text-stroke-width: 0px; text-decoration-style: initial; text-decoration-color: initial; word-spacing: 0px;\"><span style=\"font-size: 13.5pt; font-family: 'Arial','sans-serif'; color: #26282a;\">Soutenue par des textes d\u2019application r\u00e9alistes, bien int\u00e9gr\u00e9e par la soci\u00e9t\u00e9 guin\u00e9enne dans son ensemble et b\u00e9n\u00e9ficiant d\u2019un accompagnement financier solide, cette loi pourrait offrir de nombreux avantages certains aux personnes handicap\u00e9es et \u00e0 leurs familles. Nous pouvons notamment citer:<\/span><\/p>\n<p style=\"line-height: 19.55pt; background: white; font-variant-ligatures: normal; font-variant-caps: normal; orphans: 2; text-align: start; widows: 2; -webkit-text-stroke-width: 0px; text-decoration-style: initial; text-decoration-color: initial; word-spacing: 0px;\"><span style=\"font-size: 13.5pt; font-family: 'Arial','sans-serif'; color: #26282a;\">1.\u00a0\u00a0\u00a0L\u2019institutionnalisation d\u2019une carte d\u2019\u00e9galit\u00e9 de chances assortie de gratuit\u00e9 des soins m\u00e9dicaux dans les institutions m\u00e9dicales au niveau central et communautaire\u00a0;;<\/span><\/p>\n<p style=\"line-height: 19.55pt; background: white; font-variant-ligatures: normal; font-variant-caps: normal; orphans: 2; text-align: start; widows: 2; -webkit-text-stroke-width: 0px; text-decoration-style: initial; text-decoration-color: initial; word-spacing: 0px;\"><span style=\"font-size: 13.5pt; font-family: 'Arial','sans-serif'; color: #26282a;\">2.\u00a0\u00a0\u00a0Le plaidoyer en faveur de l\u2019\u00e9limination des diverses formes de barri\u00e8res \u00e0 l\u2019int\u00e9gration et \u00e0 la participation \u00e0 \u00a0des personnes handicap\u00e9es au processus de d\u00e9veloppement de la Nation\u00a0; Le soutien aux initiatives d\u2019autonomisation des personnes handicap\u00e9es,<\/span><\/p>\n<p style=\"line-height: 19.55pt; background: white; font-variant-ligatures: normal; font-variant-caps: normal; orphans: 2; text-align: start; widows: 2; -webkit-text-stroke-width: 0px; text-decoration-style: initial; text-decoration-color: initial; word-spacing: 0px;\"><span style=\"font-size: 13.5pt; font-family: 'Arial','sans-serif'; color: #26282a;\">C\u2019est pourquoi, mon D\u00e9partement met \u00e0 profit ce 03 d\u00e9cembre pour lancer une quinzaine d\u00e9di\u00e9e au handicap. A cet effet, il est inscrit au programme un ensemble d\u2019activit\u00e9s contribuant toutes \u00e0 mat\u00e9rialiser le th\u00e8me international. Ces activit\u00e9s varient de la formation au plaidoyer en passant par l\u2019\u00e9quipement des structures fa\u00eeti\u00e8res et des Organisations de Protection des personnes handicap\u00e9es.<\/span><\/p>\n<p style=\"line-height: 19.55pt; background: white;\"><span style=\"font-family: 'Arial','sans-serif'; color: #222222;\">\u00a0<\/span><\/p>\n<p style=\"line-height: 19.55pt; background: white; font-variant-ligatures: normal; font-variant-caps: normal; orphans: 2; text-align: start; widows: 2; -webkit-text-stroke-width: 0px; text-decoration-style: initial; text-decoration-color: initial; word-spacing: 0px;\"><b><span style=\"font-size: 13.5pt; font-family: 'Arial','sans-serif'; color: #26282a;\">Chers compatriotes\u00a0!<\/span><\/b><span style=\"font-size: 13.5pt; font-family: 'Arial','sans-serif'; color: #26282a;\">\u00a0\u00a0<\/span><\/p>\n<p style=\"line-height: 19.55pt; background: white; font-variant-ligatures: normal; font-variant-caps: normal; orphans: 2; text-align: start; widows: 2; -webkit-text-stroke-width: 0px; text-decoration-style: initial; text-decoration-color: initial; word-spacing: 0px;\"><span style=\"font-size: 13.5pt; font-family: 'Arial','sans-serif'; color: #26282a;\">Le handicap\u00a0n\u2019est pas un choix. Il ne doit pas \u00eatre un facteur d\u2019exclusion. C\u2019est donc un devoir imp\u00e9rieux pour nous tous de prot\u00e9ger, respecter et r\u00e9aliser les droits des personnes handicap\u00e9es. A ce titre, je voudrais relever l\u2019immense appui apport\u00e9 par le PNUD et le Haut-Commissariat des Nations-Unies aux Droits de l\u2019Homme. Je salue \u00e9galement la participation active des\u00a0structures fa\u00eeti\u00e8res nationales ainsi que la contribution des m\u00e9dias publics et priv\u00e9s.<\/span><\/p>\n<p style=\"line-height: 19.55pt; background: white; font-variant-ligatures: normal; font-variant-caps: normal; orphans: 2; text-align: start; widows: 2; -webkit-text-stroke-width: 0px; text-decoration-style: initial; text-decoration-color: initial; word-spacing: 0px;\"><span style=\"font-size: 13.5pt; font-family: 'Arial','sans-serif'; color: #26282a;\">Pour terminer, ce programme est en lien \u00e9troit avec la vision de r\u00e9alisation d\u2019une Guin\u00e9e inclusive pr\u00f4n\u00e9e par le Chef de l\u2019Etat, Son Excellence Professeur Alpha CONDE et s\u2019inscrit dans la logique de l\u2019inclusion \u00e9conomique et sociale du Premier Ministre, Chef du Gouvernement Dr Ibrahima Kassory FOFANA qui fait du partage de la prosp\u00e9rit\u00e9 une priorit\u00e9.<\/span><\/p>\n<p style=\"line-height: 19.55pt; background: white; font-variant-ligatures: normal; font-variant-caps: normal; orphans: 2; text-align: start; widows: 2; -webkit-text-stroke-width: 0px; text-decoration-style: initial; text-decoration-color: initial; word-spacing: 0px;\"><span style=\"font-size: 13.5pt; font-family: 'Arial','sans-serif'; color: #26282a;\">Du fond du c\u0153ur, je les remercie pour leur ambition commune de favoriser l\u2019acc\u00e8s des Guin\u00e9ens de tous bords au bien-\u00eatre social.<\/span><\/p>\n<p style=\"line-height: 18.7pt; background: white; font-variant-ligatures: normal; font-variant-caps: normal; orphans: 2; text-align: start; widows: 2; -webkit-text-stroke-width: 0px; text-decoration-style: initial; text-decoration-color: initial; word-spacing: 0px;\"><b><span style=\"font-size: 13.5pt; font-family: 'Arial','sans-serif'; color: #26282a;\">Vive la Coop\u00e9ration internationale\u00a0!<\/span><\/b><\/p>\n<p style=\"line-height: 18.7pt; background: white; font-variant-ligatures: normal; font-variant-caps: normal; orphans: 2; text-align: start; widows: 2; -webkit-text-stroke-width: 0px; text-decoration-style: initial; text-decoration-color: initial; word-spacing: 0px;\"><b><span style=\"font-size: 13.5pt; font-family: 'Arial','sans-serif'; color: #26282a;\">Vive la protection des personnes handicap\u00e9es\u00a0;<\/span><\/b><\/p>\n<p style=\"line-height: 18.7pt; background: white; font-variant-ligatures: normal; font-variant-caps: normal; orphans: 2; text-align: start; widows: 2; -webkit-text-stroke-width: 0px; text-decoration-style: initial; text-decoration-color: initial; word-spacing: 0px;\"><b><span style=\"font-size: 13.5pt; font-family: 'Arial','sans-serif'; color: #26282a;\">Je vous remercie de votre aimable attention\u00a0!<\/span><\/b><\/p>\n<p style=\"line-height: 18.7pt; background: white; font-variant-ligatures: normal; font-variant-caps: normal; orphans: 2; text-align: start; widows: 2; -webkit-text-stroke-width: 0px; text-decoration-style: initial; text-decoration-color: initial; word-spacing: 0px;\"><span style=\"font-family: 'Arial','sans-serif'; color: #222222;\">\u00a0<\/span><\/p>\n<p style=\"background: white; font-variant-ligatures: normal; font-variant-caps: normal; orphans: 2; text-align: start; widows: 2; -webkit-text-stroke-width: 0px; text-decoration-style: initial; text-decoration-color: initial; word-spacing: 0px;\"><b><i><span style=\"font-size: 13.5pt; font-family: 'Arial','sans-serif'; color: #26282a;\">Diaby Sylla Mariama,<\/span><\/i><\/b><\/p>\n<p style=\"background: white; font-variant-ligatures: normal; font-variant-caps: normal; orphans: 2; text-align: start; widows: 2; -webkit-text-stroke-width: 0px; text-decoration-style: initial; text-decoration-color: initial; word-spacing: 0px;\"><b><i><span style=\"font-size: 13.5pt; font-family: 'Arial','sans-serif'; color: #222222;\">Ministre de l\u2019Action Sociale, de la Promotion F\u00e9minine et de l\u2019Enfance<\/span><\/i><\/b><\/p>\n<p style=\"background: white; font-variant-ligatures: normal; font-variant-caps: normal; orphans: 2; text-align: start; widows: 2; -webkit-text-stroke-width: 0px; text-decoration-style: initial; text-decoration-color: initial; word-spacing: 0px;\"><span style=\"font-family: 'Arial','sans-serif'; color: #222222;\">\u00a0<\/span><\/p>\n<p style=\"background: white; font-variant-ligatures: normal; font-variant-caps: normal; orphans: 2; text-align: start; widows: 2; -webkit-text-stroke-width: 0px; text-decoration-style: initial; text-decoration-color: initial; word-spacing: 0px; margin: 3.7pt 0cm 3.7pt 0cm;\"><b><span style=\"font-size: 13.5pt; font-family: 'Arial','sans-serif'; color: #222222;\">La Cellule de Communication du Gouvernement<\/span><\/b><\/p>\n<p>&nbsp;<\/p>\n","protected":false},"excerpt":{"rendered":"<p>Chers compatriotes\u00a0! La R\u00e9solution 47\/3 adopt\u00e9e par les Nations-Unies en octobre 1992 a d\u00e9clar\u00e9 le 03 d\u00e9cembre de chaque ann\u00e9e journ\u00e9e internationale des personnes handicap\u00e9es. Cette journ\u00e9e vise \u00e0 promouvoir les droits et le bien-\u00eatre de cette cat\u00e9gorie sociale \u00e0 travers la sensibilisation des pouvoirs publics et de la population sur la situation des personnes [&hellip;]<\/p>\n","protected":false},"author":12,"featured_media":27432,"comment_status":"closed","ping_status":"closed","sticky":false,"template":"","format":"standard","meta":{"_exactmetrics_skip_tracking":false,"_exactmetrics_sitenote_active":false,"_exactmetrics_sitenote_note":"","_exactmetrics_sitenote_category":0,"tdm_status":"","tdm_grid_status":"","footnotes":""},"categories":[16],"tags":[],"class_list":{"0":"post-27431","1":"post","2":"type-post","3":"status-publish","4":"format-standard","5":"has-post-thumbnail","7":"category-societe"},"yoast_head":"<!-- This site is optimized with the Yoast SEO plugin v24.2 - https:\/\/yoast.com\/wordpress\/plugins\/seo\/ -->\n<title>D\u00e9claration de la ministre de l\u2019action sociale, de la promotion f\u00e9minine et de l\u2019enfance relative a la c\u00e9l\u00e9bration de la journ\u00e9e internationale des personnes handicap\u00e9es | Guin\u00e9e Diversit\u00e9<\/title>\n<meta name=\"robots\" content=\"index, follow, max-snippet:-1, max-image-preview:large, max-video-preview:-1\" \/>\n<link rel=\"canonical\" href=\"https:\/\/guineediversite.com\/index.php\/2018\/12\/03\/declaration-de-la-ministre-de-laction-sociale-de-la-promotion-feminine-et-de-lenfance-relative-a-la-celebration-de-la-journee-internationale-des-personnes-handicapees\/\" \/>\n<meta property=\"og:locale\" content=\"fr_FR\" \/>\n<meta property=\"og:type\" content=\"article\" \/>\n<meta property=\"og:title\" content=\"D\u00e9claration de la ministre de l\u2019action sociale, de la promotion f\u00e9minine et de l\u2019enfance relative a la c\u00e9l\u00e9bration de la journ\u00e9e internationale des personnes handicap\u00e9es | Guin\u00e9e Diversit\u00e9\" \/>\n<meta property=\"og:description\" content=\"Chers compatriotes\u00a0! La R\u00e9solution 47\/3 adopt\u00e9e par les Nations-Unies en octobre 1992 a d\u00e9clar\u00e9 le 03 d\u00e9cembre de chaque ann\u00e9e journ\u00e9e internationale des personnes handicap\u00e9es. Cette journ\u00e9e vise \u00e0 promouvoir les droits et le bien-\u00eatre de cette cat\u00e9gorie sociale \u00e0 travers la sensibilisation des pouvoirs publics et de la population sur la situation des personnes [&hellip;]\" \/>\n<meta property=\"og:url\" content=\"https:\/\/guineediversite.com\/index.php\/2018\/12\/03\/declaration-de-la-ministre-de-laction-sociale-de-la-promotion-feminine-et-de-lenfance-relative-a-la-celebration-de-la-journee-internationale-des-personnes-handicapees\/\" \/>\n<meta property=\"og:site_name\" content=\"Guin\u00e9e Diversit\u00e9\" \/>\n<meta property=\"article:publisher\" content=\"https:\/\/www.facebook.com\/guineediversite\/\" \/>\n<meta property=\"article:published_time\" content=\"2018-12-03T10:05:34+00:00\" \/>\n<meta property=\"og:image\" content=\"https:\/\/guineediversite.com\/wp-content\/uploads\/2018\/12\/Mariama-Sylla-Ministre-de-l-Action-Sociale-de-la-Promotion-Feminine-et-de-l-Enfance0.png\" \/>\n\t<meta property=\"og:image:width\" content=\"1024\" \/>\n\t<meta property=\"og:image:height\" content=\"628\" \/>\n\t<meta property=\"og:image:type\" content=\"image\/png\" \/>\n<meta name=\"author\" content=\"Guin\u00e9e Diversit\u00e9\" \/>\n<meta name=\"twitter:card\" content=\"summary_large_image\" \/>\n<meta name=\"twitter:creator\" content=\"@GuineeDiversite\" \/>\n<meta name=\"twitter:site\" content=\"@GuineeDiversite\" \/>\n<meta name=\"twitter:label1\" content=\"\u00c9crit par\" \/>\n\t<meta name=\"twitter:data1\" content=\"Guin\u00e9e Diversit\u00e9\" \/>\n\t<meta name=\"twitter:label2\" content=\"Dur\u00e9e de lecture estim\u00e9e\" \/>\n\t<meta name=\"twitter:data2\" content=\"3 minutes\" \/>\n<script type=\"application\/ld+json\" class=\"yoast-schema-graph\">{\"@context\":\"https:\/\/schema.org\",\"@graph\":[{\"@type\":\"Article\",\"@id\":\"https:\/\/guineediversite.com\/index.php\/2018\/12\/03\/declaration-de-la-ministre-de-laction-sociale-de-la-promotion-feminine-et-de-lenfance-relative-a-la-celebration-de-la-journee-internationale-des-personnes-handicapees\/#article\",\"isPartOf\":{\"@id\":\"https:\/\/guineediversite.com\/index.php\/2018\/12\/03\/declaration-de-la-ministre-de-laction-sociale-de-la-promotion-feminine-et-de-lenfance-relative-a-la-celebration-de-la-journee-internationale-des-personnes-handicapees\/\"},\"author\":{\"name\":\"Guin\u00e9e Diversit\u00e9\",\"@id\":\"https:\/\/guineediversite.com\/#\/schema\/person\/afa08fb34e7fc6e1feafc892612bc836\"},\"headline\":\"D\u00e9claration de la ministre de l\u2019action sociale, de la promotion f\u00e9minine et de l\u2019enfance relative a la c\u00e9l\u00e9bration de la journ\u00e9e internationale des personnes handicap\u00e9es\",\"datePublished\":\"2018-12-03T10:05:34+00:00\",\"dateModified\":\"2018-12-03T10:05:34+00:00\",\"mainEntityOfPage\":{\"@id\":\"https:\/\/guineediversite.com\/index.php\/2018\/12\/03\/declaration-de-la-ministre-de-laction-sociale-de-la-promotion-feminine-et-de-lenfance-relative-a-la-celebration-de-la-journee-internationale-des-personnes-handicapees\/\"},\"wordCount\":586,\"publisher\":{\"@id\":\"https:\/\/guineediversite.com\/#organization\"},\"image\":{\"@id\":\"https:\/\/guineediversite.com\/index.php\/2018\/12\/03\/declaration-de-la-ministre-de-laction-sociale-de-la-promotion-feminine-et-de-lenfance-relative-a-la-celebration-de-la-journee-internationale-des-personnes-handicapees\/#primaryimage\"},\"thumbnailUrl\":\"https:\/\/guineediversite.com\/wp-content\/uploads\/2018\/12\/Mariama-Sylla-Ministre-de-l-Action-Sociale-de-la-Promotion-Feminine-et-de-l-Enfance0.png\",\"articleSection\":[\"Soci\u00e9t\u00e9\"],\"inLanguage\":\"fr-FR\"},{\"@type\":\"WebPage\",\"@id\":\"https:\/\/guineediversite.com\/index.php\/2018\/12\/03\/declaration-de-la-ministre-de-laction-sociale-de-la-promotion-feminine-et-de-lenfance-relative-a-la-celebration-de-la-journee-internationale-des-personnes-handicapees\/\",\"url\":\"https:\/\/guineediversite.com\/index.php\/2018\/12\/03\/declaration-de-la-ministre-de-laction-sociale-de-la-promotion-feminine-et-de-lenfance-relative-a-la-celebration-de-la-journee-internationale-des-personnes-handicapees\/\",\"name\":\"D\u00e9claration de la ministre de l\u2019action sociale, de la promotion f\u00e9minine et de l\u2019enfance relative a la c\u00e9l\u00e9bration de la journ\u00e9e internationale des personnes handicap\u00e9es | Guin\u00e9e Diversit\u00e9\",\"isPartOf\":{\"@id\":\"https:\/\/guineediversite.com\/#website\"},\"primaryImageOfPage\":{\"@id\":\"https:\/\/guineediversite.com\/index.php\/2018\/12\/03\/declaration-de-la-ministre-de-laction-sociale-de-la-promotion-feminine-et-de-lenfance-relative-a-la-celebration-de-la-journee-internationale-des-personnes-handicapees\/#primaryimage\"},\"image\":{\"@id\":\"https:\/\/guineediversite.com\/index.php\/2018\/12\/03\/declaration-de-la-ministre-de-laction-sociale-de-la-promotion-feminine-et-de-lenfance-relative-a-la-celebration-de-la-journee-internationale-des-personnes-handicapees\/#primaryimage\"},\"thumbnailUrl\":\"https:\/\/guineediversite.com\/wp-content\/uploads\/2018\/12\/Mariama-Sylla-Ministre-de-l-Action-Sociale-de-la-Promotion-Feminine-et-de-l-Enfance0.png\",\"datePublished\":\"2018-12-03T10:05:34+00:00\",\"dateModified\":\"2018-12-03T10:05:34+00:00\",\"breadcrumb\":{\"@id\":\"https:\/\/guineediversite.com\/index.php\/2018\/12\/03\/declaration-de-la-ministre-de-laction-sociale-de-la-promotion-feminine-et-de-lenfance-relative-a-la-celebration-de-la-journee-internationale-des-personnes-handicapees\/#breadcrumb\"},\"inLanguage\":\"fr-FR\",\"potentialAction\":[{\"@type\":\"ReadAction\",\"target\":[\"https:\/\/guineediversite.com\/index.php\/2018\/12\/03\/declaration-de-la-ministre-de-laction-sociale-de-la-promotion-feminine-et-de-lenfance-relative-a-la-celebration-de-la-journee-internationale-des-personnes-handicapees\/\"]}]},{\"@type\":\"ImageObject\",\"inLanguage\":\"fr-FR\",\"@id\":\"https:\/\/guineediversite.com\/index.php\/2018\/12\/03\/declaration-de-la-ministre-de-laction-sociale-de-la-promotion-feminine-et-de-lenfance-relative-a-la-celebration-de-la-journee-internationale-des-personnes-handicapees\/#primaryimage\",\"url\":\"https:\/\/guineediversite.com\/wp-content\/uploads\/2018\/12\/Mariama-Sylla-Ministre-de-l-Action-Sociale-de-la-Promotion-Feminine-et-de-l-Enfance0.png\",\"contentUrl\":\"https:\/\/guineediversite.com\/wp-content\/uploads\/2018\/12\/Mariama-Sylla-Ministre-de-l-Action-Sociale-de-la-Promotion-Feminine-et-de-l-Enfance0.png\",\"width\":1024,\"height\":628},{\"@type\":\"BreadcrumbList\",\"@id\":\"https:\/\/guineediversite.com\/index.php\/2018\/12\/03\/declaration-de-la-ministre-de-laction-sociale-de-la-promotion-feminine-et-de-lenfance-relative-a-la-celebration-de-la-journee-internationale-des-personnes-handicapees\/#breadcrumb\",\"itemListElement\":[{\"@type\":\"ListItem\",\"position\":1,\"name\":\"Accueil\",\"item\":\"https:\/\/guineediversite.com\/\"},{\"@type\":\"ListItem\",\"position\":2,\"name\":\"D\u00e9claration de la ministre de l\u2019action sociale, de la promotion f\u00e9minine et de l\u2019enfance relative a la c\u00e9l\u00e9bration de la journ\u00e9e internationale des personnes handicap\u00e9es\"}]},{\"@type\":\"WebSite\",\"@id\":\"https:\/\/guineediversite.com\/#website\",\"url\":\"https:\/\/guineediversite.com\/\",\"name\":\"Guin\u00e9e Diversit\u00e9\",\"description\":\"L&#039;Info dans toute sa diversit\u00e9\",\"publisher\":{\"@id\":\"https:\/\/guineediversite.com\/#organization\"},\"potentialAction\":[{\"@type\":\"SearchAction\",\"target\":{\"@type\":\"EntryPoint\",\"urlTemplate\":\"https:\/\/guineediversite.com\/?s={search_term_string}\"},\"query-input\":{\"@type\":\"PropertyValueSpecification\",\"valueRequired\":true,\"valueName\":\"search_term_string\"}}],\"inLanguage\":\"fr-FR\"},{\"@type\":\"Organization\",\"@id\":\"https:\/\/guineediversite.com\/#organization\",\"name\":\"Guin\u00e9e Diversit\u00e9\",\"url\":\"https:\/\/guineediversite.com\/\",\"logo\":{\"@type\":\"ImageObject\",\"inLanguage\":\"fr-FR\",\"@id\":\"https:\/\/guineediversite.com\/#\/schema\/logo\/image\/\",\"url\":\"https:\/\/guineediversite.com\/wp-content\/uploads\/2017\/04\/cropped-1jojlxEOMkX9Wyqfhe43D6kjPOGqBBKmx3EwWJqZ0cMrFF54yM49.png\",\"contentUrl\":\"https:\/\/guineediversite.com\/wp-content\/uploads\/2017\/04\/cropped-1jojlxEOMkX9Wyqfhe43D6kjPOGqBBKmx3EwWJqZ0cMrFF54yM49.png\",\"width\":186,\"height\":112,\"caption\":\"Guin\u00e9e Diversit\u00e9\"},\"image\":{\"@id\":\"https:\/\/guineediversite.com\/#\/schema\/logo\/image\/\"},\"sameAs\":[\"https:\/\/www.facebook.com\/guineediversite\/\",\"https:\/\/x.com\/GuineeDiversite\",\"https:\/\/www.youtube.com\/channel\/UC8sUY16qelG5ge6_D5SB83g\"]},{\"@type\":\"Person\",\"@id\":\"https:\/\/guineediversite.com\/#\/schema\/person\/afa08fb34e7fc6e1feafc892612bc836\",\"name\":\"Guin\u00e9e Diversit\u00e9\",\"image\":{\"@type\":\"ImageObject\",\"inLanguage\":\"fr-FR\",\"@id\":\"https:\/\/guineediversite.com\/#\/schema\/person\/image\/\",\"url\":\"https:\/\/secure.gravatar.com\/avatar\/50d5eb5b390f8b65ac30ac6f898eb83a?s=96&d=mm&r=g\",\"contentUrl\":\"https:\/\/secure.gravatar.com\/avatar\/50d5eb5b390f8b65ac30ac6f898eb83a?s=96&d=mm&r=g\",\"caption\":\"Guin\u00e9e Diversit\u00e9\"},\"url\":\"https:\/\/guineediversite.com\/index.php\/author\/guineediversite\/\"}]}<\/script>\n<!-- \/ Yoast SEO plugin. -->","yoast_head_json":{"title":"D\u00e9claration de la ministre de l\u2019action sociale, de la promotion f\u00e9minine et de l\u2019enfance relative a la c\u00e9l\u00e9bration de la journ\u00e9e internationale des personnes handicap\u00e9es | Guin\u00e9e Diversit\u00e9","robots":{"index":"index","follow":"follow","max-snippet":"max-snippet:-1","max-image-preview":"max-image-preview:large","max-video-preview":"max-video-preview:-1"},"canonical":"https:\/\/guineediversite.com\/index.php\/2018\/12\/03\/declaration-de-la-ministre-de-laction-sociale-de-la-promotion-feminine-et-de-lenfance-relative-a-la-celebration-de-la-journee-internationale-des-personnes-handicapees\/","og_locale":"fr_FR","og_type":"article","og_title":"D\u00e9claration de la ministre de l\u2019action sociale, de la promotion f\u00e9minine et de l\u2019enfance relative a la c\u00e9l\u00e9bration de la journ\u00e9e internationale des personnes handicap\u00e9es | Guin\u00e9e Diversit\u00e9","og_description":"Chers compatriotes\u00a0! La R\u00e9solution 47\/3 adopt\u00e9e par les Nations-Unies en octobre 1992 a d\u00e9clar\u00e9 le 03 d\u00e9cembre de chaque ann\u00e9e journ\u00e9e internationale des personnes handicap\u00e9es. Cette journ\u00e9e vise \u00e0 promouvoir les droits et le bien-\u00eatre de cette cat\u00e9gorie sociale \u00e0 travers la sensibilisation des pouvoirs publics et de la population sur la situation des personnes [&hellip;]","og_url":"https:\/\/guineediversite.com\/index.php\/2018\/12\/03\/declaration-de-la-ministre-de-laction-sociale-de-la-promotion-feminine-et-de-lenfance-relative-a-la-celebration-de-la-journee-internationale-des-personnes-handicapees\/","og_site_name":"Guin\u00e9e Diversit\u00e9","article_publisher":"https:\/\/www.facebook.com\/guineediversite\/","article_published_time":"2018-12-03T10:05:34+00:00","og_image":[{"width":1024,"height":628,"url":"https:\/\/guineediversite.com\/wp-content\/uploads\/2018\/12\/Mariama-Sylla-Ministre-de-l-Action-Sociale-de-la-Promotion-Feminine-et-de-l-Enfance0.png","type":"image\/png"}],"author":"Guin\u00e9e Diversit\u00e9","twitter_card":"summary_large_image","twitter_creator":"@GuineeDiversite","twitter_site":"@GuineeDiversite","twitter_misc":{"\u00c9crit par":"Guin\u00e9e Diversit\u00e9","Dur\u00e9e de lecture estim\u00e9e":"3 minutes"},"schema":{"@context":"https:\/\/schema.org","@graph":[{"@type":"Article","@id":"https:\/\/guineediversite.com\/index.php\/2018\/12\/03\/declaration-de-la-ministre-de-laction-sociale-de-la-promotion-feminine-et-de-lenfance-relative-a-la-celebration-de-la-journee-internationale-des-personnes-handicapees\/#article","isPartOf":{"@id":"https:\/\/guineediversite.com\/index.php\/2018\/12\/03\/declaration-de-la-ministre-de-laction-sociale-de-la-promotion-feminine-et-de-lenfance-relative-a-la-celebration-de-la-journee-internationale-des-personnes-handicapees\/"},"author":{"name":"Guin\u00e9e Diversit\u00e9","@id":"https:\/\/guineediversite.com\/#\/schema\/person\/afa08fb34e7fc6e1feafc892612bc836"},"headline":"D\u00e9claration de la ministre de l\u2019action sociale, de la promotion f\u00e9minine et de l\u2019enfance relative a la c\u00e9l\u00e9bration de la journ\u00e9e internationale des personnes handicap\u00e9es","datePublished":"2018-12-03T10:05:34+00:00","dateModified":"2018-12-03T10:05:34+00:00","mainEntityOfPage":{"@id":"https:\/\/guineediversite.com\/index.php\/2018\/12\/03\/declaration-de-la-ministre-de-laction-sociale-de-la-promotion-feminine-et-de-lenfance-relative-a-la-celebration-de-la-journee-internationale-des-personnes-handicapees\/"},"wordCount":586,"publisher":{"@id":"https:\/\/guineediversite.com\/#organization"},"image":{"@id":"https:\/\/guineediversite.com\/index.php\/2018\/12\/03\/declaration-de-la-ministre-de-laction-sociale-de-la-promotion-feminine-et-de-lenfance-relative-a-la-celebration-de-la-journee-internationale-des-personnes-handicapees\/#primaryimage"},"thumbnailUrl":"https:\/\/guineediversite.com\/wp-content\/uploads\/2018\/12\/Mariama-Sylla-Ministre-de-l-Action-Sociale-de-la-Promotion-Feminine-et-de-l-Enfance0.png","articleSection":["Soci\u00e9t\u00e9"],"inLanguage":"fr-FR"},{"@type":"WebPage","@id":"https:\/\/guineediversite.com\/index.php\/2018\/12\/03\/declaration-de-la-ministre-de-laction-sociale-de-la-promotion-feminine-et-de-lenfance-relative-a-la-celebration-de-la-journee-internationale-des-personnes-handicapees\/","url":"https:\/\/guineediversite.com\/index.php\/2018\/12\/03\/declaration-de-la-ministre-de-laction-sociale-de-la-promotion-feminine-et-de-lenfance-relative-a-la-celebration-de-la-journee-internationale-des-personnes-handicapees\/","name":"D\u00e9claration de la ministre de l\u2019action sociale, de la promotion f\u00e9minine et de l\u2019enfance relative a la c\u00e9l\u00e9bration de la journ\u00e9e internationale des personnes handicap\u00e9es | Guin\u00e9e Diversit\u00e9","isPartOf":{"@id":"https:\/\/guineediversite.com\/#website"},"primaryImageOfPage":{"@id":"https:\/\/guineediversite.com\/index.php\/2018\/12\/03\/declaration-de-la-ministre-de-laction-sociale-de-la-promotion-feminine-et-de-lenfance-relative-a-la-celebration-de-la-journee-internationale-des-personnes-handicapees\/#primaryimage"},"image":{"@id":"https:\/\/guineediversite.com\/index.php\/2018\/12\/03\/declaration-de-la-ministre-de-laction-sociale-de-la-promotion-feminine-et-de-lenfance-relative-a-la-celebration-de-la-journee-internationale-des-personnes-handicapees\/#primaryimage"},"thumbnailUrl":"https:\/\/guineediversite.com\/wp-content\/uploads\/2018\/12\/Mariama-Sylla-Ministre-de-l-Action-Sociale-de-la-Promotion-Feminine-et-de-l-Enfance0.png","datePublished":"2018-12-03T10:05:34+00:00","dateModified":"2018-12-03T10:05:34+00:00","breadcrumb":{"@id":"https:\/\/guineediversite.com\/index.php\/2018\/12\/03\/declaration-de-la-ministre-de-laction-sociale-de-la-promotion-feminine-et-de-lenfance-relative-a-la-celebration-de-la-journee-internationale-des-personnes-handicapees\/#breadcrumb"},"inLanguage":"fr-FR","potentialAction":[{"@type":"ReadAction","target":["https:\/\/guineediversite.com\/index.php\/2018\/12\/03\/declaration-de-la-ministre-de-laction-sociale-de-la-promotion-feminine-et-de-lenfance-relative-a-la-celebration-de-la-journee-internationale-des-personnes-handicapees\/"]}]},{"@type":"ImageObject","inLanguage":"fr-FR","@id":"https:\/\/guineediversite.com\/index.php\/2018\/12\/03\/declaration-de-la-ministre-de-laction-sociale-de-la-promotion-feminine-et-de-lenfance-relative-a-la-celebration-de-la-journee-internationale-des-personnes-handicapees\/#primaryimage","url":"https:\/\/guineediversite.com\/wp-content\/uploads\/2018\/12\/Mariama-Sylla-Ministre-de-l-Action-Sociale-de-la-Promotion-Feminine-et-de-l-Enfance0.png","contentUrl":"https:\/\/guineediversite.com\/wp-content\/uploads\/2018\/12\/Mariama-Sylla-Ministre-de-l-Action-Sociale-de-la-Promotion-Feminine-et-de-l-Enfance0.png","width":1024,"height":628},{"@type":"BreadcrumbList","@id":"https:\/\/guineediversite.com\/index.php\/2018\/12\/03\/declaration-de-la-ministre-de-laction-sociale-de-la-promotion-feminine-et-de-lenfance-relative-a-la-celebration-de-la-journee-internationale-des-personnes-handicapees\/#breadcrumb","itemListElement":[{"@type":"ListItem","position":1,"name":"Accueil","item":"https:\/\/guineediversite.com\/"},{"@type":"ListItem","position":2,"name":"D\u00e9claration de la ministre de l\u2019action sociale, de la promotion f\u00e9minine et de l\u2019enfance relative a la c\u00e9l\u00e9bration de la journ\u00e9e internationale des personnes handicap\u00e9es"}]},{"@type":"WebSite","@id":"https:\/\/guineediversite.com\/#website","url":"https:\/\/guineediversite.com\/","name":"Guin\u00e9e Diversit\u00e9","description":"L&#039;Info dans toute sa diversit\u00e9","publisher":{"@id":"https:\/\/guineediversite.com\/#organization"},"potentialAction":[{"@type":"SearchAction","target":{"@type":"EntryPoint","urlTemplate":"https:\/\/guineediversite.com\/?s={search_term_string}"},"query-input":{"@type":"PropertyValueSpecification","valueRequired":true,"valueName":"search_term_string"}}],"inLanguage":"fr-FR"},{"@type":"Organization","@id":"https:\/\/guineediversite.com\/#organization","name":"Guin\u00e9e Diversit\u00e9","url":"https:\/\/guineediversite.com\/","logo":{"@type":"ImageObject","inLanguage":"fr-FR","@id":"https:\/\/guineediversite.com\/#\/schema\/logo\/image\/","url":"https:\/\/guineediversite.com\/wp-content\/uploads\/2017\/04\/cropped-1jojlxEOMkX9Wyqfhe43D6kjPOGqBBKmx3EwWJqZ0cMrFF54yM49.png","contentUrl":"https:\/\/guineediversite.com\/wp-content\/uploads\/2017\/04\/cropped-1jojlxEOMkX9Wyqfhe43D6kjPOGqBBKmx3EwWJqZ0cMrFF54yM49.png","width":186,"height":112,"caption":"Guin\u00e9e Diversit\u00e9"},"image":{"@id":"https:\/\/guineediversite.com\/#\/schema\/logo\/image\/"},"sameAs":["https:\/\/www.facebook.com\/guineediversite\/","https:\/\/x.com\/GuineeDiversite","https:\/\/www.youtube.com\/channel\/UC8sUY16qelG5ge6_D5SB83g"]},{"@type":"Person","@id":"https:\/\/guineediversite.com\/#\/schema\/person\/afa08fb34e7fc6e1feafc892612bc836","name":"Guin\u00e9e Diversit\u00e9","image":{"@type":"ImageObject","inLanguage":"fr-FR","@id":"https:\/\/guineediversite.com\/#\/schema\/person\/image\/","url":"https:\/\/secure.gravatar.com\/avatar\/50d5eb5b390f8b65ac30ac6f898eb83a?s=96&d=mm&r=g","contentUrl":"https:\/\/secure.gravatar.com\/avatar\/50d5eb5b390f8b65ac30ac6f898eb83a?s=96&d=mm&r=g","caption":"Guin\u00e9e Diversit\u00e9"},"url":"https:\/\/guineediversite.com\/index.php\/author\/guineediversite\/"}]}},"_links":{"self":[{"href":"https:\/\/guineediversite.com\/index.php\/wp-json\/wp\/v2\/posts\/27431"}],"collection":[{"href":"https:\/\/guineediversite.com\/index.php\/wp-json\/wp\/v2\/posts"}],"about":[{"href":"https:\/\/guineediversite.com\/index.php\/wp-json\/wp\/v2\/types\/post"}],"author":[{"embeddable":true,"href":"https:\/\/guineediversite.com\/index.php\/wp-json\/wp\/v2\/users\/12"}],"replies":[{"embeddable":true,"href":"https:\/\/guineediversite.com\/index.php\/wp-json\/wp\/v2\/comments?post=27431"}],"version-history":[{"count":0,"href":"https:\/\/guineediversite.com\/index.php\/wp-json\/wp\/v2\/posts\/27431\/revisions"}],"wp:featuredmedia":[{"embeddable":true,"href":"https:\/\/guineediversite.com\/index.php\/wp-json\/wp\/v2\/media\/27432"}],"wp:attachment":[{"href":"https:\/\/guineediversite.com\/index.php\/wp-json\/wp\/v2\/media?parent=27431"}],"wp:term":[{"taxonomy":"category","embeddable":true,"href":"https:\/\/guineediversite.com\/index.php\/wp-json\/wp\/v2\/categories?post=27431"},{"taxonomy":"post_tag","embeddable":true,"href":"https:\/\/guineediversite.com\/index.php\/wp-json\/wp\/v2\/tags?post=27431"}],"curies":[{"name":"wp","href":"https:\/\/api.w.org\/{rel}","templated":true}]}}