{"id":27423,"date":"2018-11-30T13:06:18","date_gmt":"2018-11-30T12:06:18","guid":{"rendered":"https:\/\/guineediversite.com\/?p=27423"},"modified":"2018-11-30T13:06:18","modified_gmt":"2018-11-30T12:06:18","slug":"football-le-cameroun-nest-pas-pret-a-accueillir-la-can-2019-selon-la-commission-dorganisation-de-la-caf","status":"publish","type":"post","link":"https:\/\/guineediversite.com\/index.php\/2018\/11\/30\/football-le-cameroun-nest-pas-pret-a-accueillir-la-can-2019-selon-la-commission-dorganisation-de-la-caf\/","title":{"rendered":"Football : le Cameroun n\u2019est pas pr\u00eat \u00e0 accueillir la CAN 2019, selon la commission d\u2019organisation de la CAF"},"content":{"rendered":"<p class=\"lead\">R\u00e9unie \u00e0 Accra, la commission d\u2019organisation de la CAN 2019 a \u00e9tudi\u00e9 les rapports des missions d\u2019inspection effectu\u00e9es au Cameroun. Et les conclusions ne lui sont pas favorables, alors que le comit\u00e9 ex\u00e9cutif de la CAF doit d\u00e9finitivement choisir vendredi 30 novembre le pays h\u00f4te de la comp\u00e9tition.<\/p>\n<p><a href=\"https:\/\/www.jeuneafrique.com\/459233\/societe\/ete-a-24-equipes-revolution-de-can-prevue-2019\/\">La CAN 2019 (15 juin-13 juillet)<\/a>\u00a0se tiendra-t-elle au Cameroun ? Selon nos informations, les conclusions de la commission d\u2019organisation du tournoi, apr\u00e8s avoir \u00e9tudi\u00e9 les rapports des derni\u00e8res missions d\u2019inspection effectu\u00e9es dans le pays (avanc\u00e9es des travaux, s\u00e9curit\u00e9, etc) ne lui sont pas favorables. Une source interne a confirm\u00e9 cette tendance \u00e0\u00a0<em>Jeune Afrique<\/em>. \u00ab Les conclusions de cette commission montrent que le Cameroun ne peut pas \u00eatre pr\u00eat pour organiser la CAN 2019. La d\u00e9cision finale sera prise le vendredi 30 novembre par le comit\u00e9 ex\u00e9cutif de la Conf\u00e9d\u00e9ration africaine de football [CAF]\u00a0\u00bb, a ajout\u00e9 cette source, qui a exig\u00e9 l\u2019anonymat.<\/p>\n<h2>D\u00e9cision finale de la CAF<\/h2>\n<p>Le comit\u00e9 ex\u00e9cutif, qui a commenc\u00e9 \u00e0 se r\u00e9unir ce vendredi \u00e0 Accra \u00e0 partir de 9h (10h \u00e0 Paris), doit d\u00e9cider si le Cameroun organisera ou non\u00a0l\u2019ann\u00e9e prochaine (du 15 juin au 13 juillet) la premi\u00e8re CAN \u00e0 24 de l\u2019histoire. Le comit\u00e9 devrait normalement suivre l\u2019avis de la commission d\u2019organisation. Il s\u2019agira du dernier point de l\u2019ordre du jour \u00e0 \u00eatre abord\u00e9.<\/p>\n<p>Au cas o\u00f9 la CAF d\u00e9cide de retirer l\u2019organisation de la CAN au Cameroun, un appel \u00e0 candidatures serait lanc\u00e9 tr\u00e8s rapidement. Des pays comme le Maroc, pr\u00e9sent\u00e9 depuis longtemps comme le principal recours en cas d\u2019impossibilit\u00e9 du Cameroun d\u2019accueillir le tournoi, mais aussi l\u2019Afrique du Sud ou l\u2019\u00c9gypte, pourraient \u00eatre candidats. Pour rappel, le Maroc avait remplac\u00e9 le Kenya pour l\u2019organisation du Championnat d\u2019Afrique des nations (CHAN) 2018, le pays d\u2019Afrique de l\u2019Est accusant trop de retard au niveau des diff\u00e9rents chantiers pour organiser l\u2019\u00e9preuve.<\/p>\n<p>JA<\/p>\n","protected":false},"excerpt":{"rendered":"<p>R\u00e9unie \u00e0 Accra, la commission d\u2019organisation de la CAN 2019 a \u00e9tudi\u00e9 les rapports des missions d\u2019inspection effectu\u00e9es au Cameroun. Et les conclusions ne lui sont pas favorables, alors que le comit\u00e9 ex\u00e9cutif de la CAF doit d\u00e9finitivement choisir vendredi 30 novembre le pays h\u00f4te de la comp\u00e9tition. La CAN 2019 (15 juin-13 juillet)\u00a0se tiendra-t-elle [&hellip;]<\/p>\n","protected":false},"author":12,"featured_media":27424,"comment_status":"closed","ping_status":"closed","sticky":false,"template":"","format":"standard","meta":{"_exactmetrics_skip_tracking":false,"_exactmetrics_sitenote_active":false,"_exactmetrics_sitenote_note":"","_exactmetrics_sitenote_category":0,"tdm_status":"","tdm_grid_status":"","footnotes":""},"categories":[21],"tags":[],"class_list":{"0":"post-27423","1":"post","2":"type-post","3":"status-publish","4":"format-standard","5":"has-post-thumbnail","7":"category-international"},"yoast_head":"<!-- This site is optimized with the Yoast SEO plugin v24.2 - https:\/\/yoast.com\/wordpress\/plugins\/seo\/ -->\n<title>Football : le Cameroun n\u2019est pas pr\u00eat \u00e0 accueillir la CAN 2019, selon la commission d\u2019organisation de la CAF | Guin\u00e9e Diversit\u00e9<\/title>\n<meta name=\"robots\" content=\"index, follow, max-snippet:-1, max-image-preview:large, max-video-preview:-1\" \/>\n<link rel=\"canonical\" href=\"https:\/\/guineediversite.com\/index.php\/2018\/11\/30\/football-le-cameroun-nest-pas-pret-a-accueillir-la-can-2019-selon-la-commission-dorganisation-de-la-caf\/\" \/>\n<meta property=\"og:locale\" content=\"fr_FR\" \/>\n<meta property=\"og:type\" content=\"article\" \/>\n<meta property=\"og:title\" content=\"Football : le Cameroun n\u2019est pas pr\u00eat \u00e0 accueillir la CAN 2019, selon la commission d\u2019organisation de la CAF | Guin\u00e9e Diversit\u00e9\" \/>\n<meta property=\"og:description\" content=\"R\u00e9unie \u00e0 Accra, la commission d\u2019organisation de la CAN 2019 a \u00e9tudi\u00e9 les rapports des missions d\u2019inspection effectu\u00e9es au Cameroun. Et les conclusions ne lui sont pas favorables, alors que le comit\u00e9 ex\u00e9cutif de la CAF doit d\u00e9finitivement choisir vendredi 30 novembre le pays h\u00f4te de la comp\u00e9tition. La CAN 2019 (15 juin-13 juillet)\u00a0se tiendra-t-elle [&hellip;]\" \/>\n<meta property=\"og:url\" content=\"https:\/\/guineediversite.com\/index.php\/2018\/11\/30\/football-le-cameroun-nest-pas-pret-a-accueillir-la-can-2019-selon-la-commission-dorganisation-de-la-caf\/\" \/>\n<meta property=\"og:site_name\" content=\"Guin\u00e9e Diversit\u00e9\" \/>\n<meta property=\"article:publisher\" content=\"https:\/\/www.facebook.com\/guineediversite\/\" \/>\n<meta property=\"article:published_time\" content=\"2018-11-30T12:06:18+00:00\" \/>\n<meta property=\"og:image\" content=\"https:\/\/guineediversite.com\/wp-content\/uploads\/2018\/11\/20534hr_-592x296.jpg\" \/>\n\t<meta property=\"og:image:width\" content=\"1024\" \/>\n\t<meta property=\"og:image:height\" content=\"512\" \/>\n\t<meta property=\"og:image:type\" content=\"image\/jpeg\" \/>\n<meta name=\"author\" content=\"Guin\u00e9e Diversit\u00e9\" \/>\n<meta name=\"twitter:card\" content=\"summary_large_image\" \/>\n<meta name=\"twitter:creator\" content=\"@GuineeDiversite\" \/>\n<meta name=\"twitter:site\" content=\"@GuineeDiversite\" \/>\n<meta name=\"twitter:label1\" content=\"\u00c9crit par\" \/>\n\t<meta name=\"twitter:data1\" content=\"Guin\u00e9e Diversit\u00e9\" \/>\n\t<meta name=\"twitter:label2\" content=\"Dur\u00e9e de lecture estim\u00e9e\" \/>\n\t<meta name=\"twitter:data2\" content=\"2 minutes\" \/>\n<script type=\"application\/ld+json\" class=\"yoast-schema-graph\">{\"@context\":\"https:\/\/schema.org\",\"@graph\":[{\"@type\":\"Article\",\"@id\":\"https:\/\/guineediversite.com\/index.php\/2018\/11\/30\/football-le-cameroun-nest-pas-pret-a-accueillir-la-can-2019-selon-la-commission-dorganisation-de-la-caf\/#article\",\"isPartOf\":{\"@id\":\"https:\/\/guineediversite.com\/index.php\/2018\/11\/30\/football-le-cameroun-nest-pas-pret-a-accueillir-la-can-2019-selon-la-commission-dorganisation-de-la-caf\/\"},\"author\":{\"name\":\"Guin\u00e9e Diversit\u00e9\",\"@id\":\"https:\/\/guineediversite.com\/#\/schema\/person\/afa08fb34e7fc6e1feafc892612bc836\"},\"headline\":\"Football : le Cameroun n\u2019est pas pr\u00eat \u00e0 accueillir la CAN 2019, selon la commission d\u2019organisation de la CAF\",\"datePublished\":\"2018-11-30T12:06:18+00:00\",\"dateModified\":\"2018-11-30T12:06:18+00:00\",\"mainEntityOfPage\":{\"@id\":\"https:\/\/guineediversite.com\/index.php\/2018\/11\/30\/football-le-cameroun-nest-pas-pret-a-accueillir-la-can-2019-selon-la-commission-dorganisation-de-la-caf\/\"},\"wordCount\":353,\"publisher\":{\"@id\":\"https:\/\/guineediversite.com\/#organization\"},\"image\":{\"@id\":\"https:\/\/guineediversite.com\/index.php\/2018\/11\/30\/football-le-cameroun-nest-pas-pret-a-accueillir-la-can-2019-selon-la-commission-dorganisation-de-la-caf\/#primaryimage\"},\"thumbnailUrl\":\"https:\/\/guineediversite.com\/wp-content\/uploads\/2018\/11\/20534hr_-592x296.jpg\",\"articleSection\":[\"International\"],\"inLanguage\":\"fr-FR\"},{\"@type\":\"WebPage\",\"@id\":\"https:\/\/guineediversite.com\/index.php\/2018\/11\/30\/football-le-cameroun-nest-pas-pret-a-accueillir-la-can-2019-selon-la-commission-dorganisation-de-la-caf\/\",\"url\":\"https:\/\/guineediversite.com\/index.php\/2018\/11\/30\/football-le-cameroun-nest-pas-pret-a-accueillir-la-can-2019-selon-la-commission-dorganisation-de-la-caf\/\",\"name\":\"Football : le Cameroun n\u2019est pas pr\u00eat \u00e0 accueillir la CAN 2019, selon la commission d\u2019organisation de la CAF | Guin\u00e9e Diversit\u00e9\",\"isPartOf\":{\"@id\":\"https:\/\/guineediversite.com\/#website\"},\"primaryImageOfPage\":{\"@id\":\"https:\/\/guineediversite.com\/index.php\/2018\/11\/30\/football-le-cameroun-nest-pas-pret-a-accueillir-la-can-2019-selon-la-commission-dorganisation-de-la-caf\/#primaryimage\"},\"image\":{\"@id\":\"https:\/\/guineediversite.com\/index.php\/2018\/11\/30\/football-le-cameroun-nest-pas-pret-a-accueillir-la-can-2019-selon-la-commission-dorganisation-de-la-caf\/#primaryimage\"},\"thumbnailUrl\":\"https:\/\/guineediversite.com\/wp-content\/uploads\/2018\/11\/20534hr_-592x296.jpg\",\"datePublished\":\"2018-11-30T12:06:18+00:00\",\"dateModified\":\"2018-11-30T12:06:18+00:00\",\"breadcrumb\":{\"@id\":\"https:\/\/guineediversite.com\/index.php\/2018\/11\/30\/football-le-cameroun-nest-pas-pret-a-accueillir-la-can-2019-selon-la-commission-dorganisation-de-la-caf\/#breadcrumb\"},\"inLanguage\":\"fr-FR\",\"potentialAction\":[{\"@type\":\"ReadAction\",\"target\":[\"https:\/\/guineediversite.com\/index.php\/2018\/11\/30\/football-le-cameroun-nest-pas-pret-a-accueillir-la-can-2019-selon-la-commission-dorganisation-de-la-caf\/\"]}]},{\"@type\":\"ImageObject\",\"inLanguage\":\"fr-FR\",\"@id\":\"https:\/\/guineediversite.com\/index.php\/2018\/11\/30\/football-le-cameroun-nest-pas-pret-a-accueillir-la-can-2019-selon-la-commission-dorganisation-de-la-caf\/#primaryimage\",\"url\":\"https:\/\/guineediversite.com\/wp-content\/uploads\/2018\/11\/20534hr_-592x296.jpg\",\"contentUrl\":\"https:\/\/guineediversite.com\/wp-content\/uploads\/2018\/11\/20534hr_-592x296.jpg\",\"width\":1024,\"height\":512},{\"@type\":\"BreadcrumbList\",\"@id\":\"https:\/\/guineediversite.com\/index.php\/2018\/11\/30\/football-le-cameroun-nest-pas-pret-a-accueillir-la-can-2019-selon-la-commission-dorganisation-de-la-caf\/#breadcrumb\",\"itemListElement\":[{\"@type\":\"ListItem\",\"position\":1,\"name\":\"Accueil\",\"item\":\"https:\/\/guineediversite.com\/\"},{\"@type\":\"ListItem\",\"position\":2,\"name\":\"Football : le Cameroun n\u2019est pas pr\u00eat \u00e0 accueillir la CAN 2019, selon la commission d\u2019organisation de la CAF\"}]},{\"@type\":\"WebSite\",\"@id\":\"https:\/\/guineediversite.com\/#website\",\"url\":\"https:\/\/guineediversite.com\/\",\"name\":\"Guin\u00e9e Diversit\u00e9\",\"description\":\"L&#039;Info dans toute sa diversit\u00e9\",\"publisher\":{\"@id\":\"https:\/\/guineediversite.com\/#organization\"},\"potentialAction\":[{\"@type\":\"SearchAction\",\"target\":{\"@type\":\"EntryPoint\",\"urlTemplate\":\"https:\/\/guineediversite.com\/?s={search_term_string}\"},\"query-input\":{\"@type\":\"PropertyValueSpecification\",\"valueRequired\":true,\"valueName\":\"search_term_string\"}}],\"inLanguage\":\"fr-FR\"},{\"@type\":\"Organization\",\"@id\":\"https:\/\/guineediversite.com\/#organization\",\"name\":\"Guin\u00e9e Diversit\u00e9\",\"url\":\"https:\/\/guineediversite.com\/\",\"logo\":{\"@type\":\"ImageObject\",\"inLanguage\":\"fr-FR\",\"@id\":\"https:\/\/guineediversite.com\/#\/schema\/logo\/image\/\",\"url\":\"https:\/\/guineediversite.com\/wp-content\/uploads\/2017\/04\/cropped-1jojlxEOMkX9Wyqfhe43D6kjPOGqBBKmx3EwWJqZ0cMrFF54yM49.png\",\"contentUrl\":\"https:\/\/guineediversite.com\/wp-content\/uploads\/2017\/04\/cropped-1jojlxEOMkX9Wyqfhe43D6kjPOGqBBKmx3EwWJqZ0cMrFF54yM49.png\",\"width\":186,\"height\":112,\"caption\":\"Guin\u00e9e Diversit\u00e9\"},\"image\":{\"@id\":\"https:\/\/guineediversite.com\/#\/schema\/logo\/image\/\"},\"sameAs\":[\"https:\/\/www.facebook.com\/guineediversite\/\",\"https:\/\/x.com\/GuineeDiversite\",\"https:\/\/www.youtube.com\/channel\/UC8sUY16qelG5ge6_D5SB83g\"]},{\"@type\":\"Person\",\"@id\":\"https:\/\/guineediversite.com\/#\/schema\/person\/afa08fb34e7fc6e1feafc892612bc836\",\"name\":\"Guin\u00e9e Diversit\u00e9\",\"image\":{\"@type\":\"ImageObject\",\"inLanguage\":\"fr-FR\",\"@id\":\"https:\/\/guineediversite.com\/#\/schema\/person\/image\/\",\"url\":\"https:\/\/secure.gravatar.com\/avatar\/50d5eb5b390f8b65ac30ac6f898eb83a?s=96&d=mm&r=g\",\"contentUrl\":\"https:\/\/secure.gravatar.com\/avatar\/50d5eb5b390f8b65ac30ac6f898eb83a?s=96&d=mm&r=g\",\"caption\":\"Guin\u00e9e Diversit\u00e9\"},\"url\":\"https:\/\/guineediversite.com\/index.php\/author\/guineediversite\/\"}]}<\/script>\n<!-- \/ Yoast SEO plugin. -->","yoast_head_json":{"title":"Football : le Cameroun n\u2019est pas pr\u00eat \u00e0 accueillir la CAN 2019, selon la commission d\u2019organisation de la CAF | Guin\u00e9e Diversit\u00e9","robots":{"index":"index","follow":"follow","max-snippet":"max-snippet:-1","max-image-preview":"max-image-preview:large","max-video-preview":"max-video-preview:-1"},"canonical":"https:\/\/guineediversite.com\/index.php\/2018\/11\/30\/football-le-cameroun-nest-pas-pret-a-accueillir-la-can-2019-selon-la-commission-dorganisation-de-la-caf\/","og_locale":"fr_FR","og_type":"article","og_title":"Football : le Cameroun n\u2019est pas pr\u00eat \u00e0 accueillir la CAN 2019, selon la commission d\u2019organisation de la CAF | Guin\u00e9e Diversit\u00e9","og_description":"R\u00e9unie \u00e0 Accra, la commission d\u2019organisation de la CAN 2019 a \u00e9tudi\u00e9 les rapports des missions d\u2019inspection effectu\u00e9es au Cameroun. Et les conclusions ne lui sont pas favorables, alors que le comit\u00e9 ex\u00e9cutif de la CAF doit d\u00e9finitivement choisir vendredi 30 novembre le pays h\u00f4te de la comp\u00e9tition. La CAN 2019 (15 juin-13 juillet)\u00a0se tiendra-t-elle [&hellip;]","og_url":"https:\/\/guineediversite.com\/index.php\/2018\/11\/30\/football-le-cameroun-nest-pas-pret-a-accueillir-la-can-2019-selon-la-commission-dorganisation-de-la-caf\/","og_site_name":"Guin\u00e9e Diversit\u00e9","article_publisher":"https:\/\/www.facebook.com\/guineediversite\/","article_published_time":"2018-11-30T12:06:18+00:00","og_image":[{"width":1024,"height":512,"url":"https:\/\/guineediversite.com\/wp-content\/uploads\/2018\/11\/20534hr_-592x296.jpg","type":"image\/jpeg"}],"author":"Guin\u00e9e Diversit\u00e9","twitter_card":"summary_large_image","twitter_creator":"@GuineeDiversite","twitter_site":"@GuineeDiversite","twitter_misc":{"\u00c9crit par":"Guin\u00e9e Diversit\u00e9","Dur\u00e9e de lecture estim\u00e9e":"2 minutes"},"schema":{"@context":"https:\/\/schema.org","@graph":[{"@type":"Article","@id":"https:\/\/guineediversite.com\/index.php\/2018\/11\/30\/football-le-cameroun-nest-pas-pret-a-accueillir-la-can-2019-selon-la-commission-dorganisation-de-la-caf\/#article","isPartOf":{"@id":"https:\/\/guineediversite.com\/index.php\/2018\/11\/30\/football-le-cameroun-nest-pas-pret-a-accueillir-la-can-2019-selon-la-commission-dorganisation-de-la-caf\/"},"author":{"name":"Guin\u00e9e Diversit\u00e9","@id":"https:\/\/guineediversite.com\/#\/schema\/person\/afa08fb34e7fc6e1feafc892612bc836"},"headline":"Football : le Cameroun n\u2019est pas pr\u00eat \u00e0 accueillir la CAN 2019, selon la commission d\u2019organisation de la CAF","datePublished":"2018-11-30T12:06:18+00:00","dateModified":"2018-11-30T12:06:18+00:00","mainEntityOfPage":{"@id":"https:\/\/guineediversite.com\/index.php\/2018\/11\/30\/football-le-cameroun-nest-pas-pret-a-accueillir-la-can-2019-selon-la-commission-dorganisation-de-la-caf\/"},"wordCount":353,"publisher":{"@id":"https:\/\/guineediversite.com\/#organization"},"image":{"@id":"https:\/\/guineediversite.com\/index.php\/2018\/11\/30\/football-le-cameroun-nest-pas-pret-a-accueillir-la-can-2019-selon-la-commission-dorganisation-de-la-caf\/#primaryimage"},"thumbnailUrl":"https:\/\/guineediversite.com\/wp-content\/uploads\/2018\/11\/20534hr_-592x296.jpg","articleSection":["International"],"inLanguage":"fr-FR"},{"@type":"WebPage","@id":"https:\/\/guineediversite.com\/index.php\/2018\/11\/30\/football-le-cameroun-nest-pas-pret-a-accueillir-la-can-2019-selon-la-commission-dorganisation-de-la-caf\/","url":"https:\/\/guineediversite.com\/index.php\/2018\/11\/30\/football-le-cameroun-nest-pas-pret-a-accueillir-la-can-2019-selon-la-commission-dorganisation-de-la-caf\/","name":"Football : le Cameroun n\u2019est pas pr\u00eat \u00e0 accueillir la CAN 2019, selon la commission d\u2019organisation de la CAF | Guin\u00e9e Diversit\u00e9","isPartOf":{"@id":"https:\/\/guineediversite.com\/#website"},"primaryImageOfPage":{"@id":"https:\/\/guineediversite.com\/index.php\/2018\/11\/30\/football-le-cameroun-nest-pas-pret-a-accueillir-la-can-2019-selon-la-commission-dorganisation-de-la-caf\/#primaryimage"},"image":{"@id":"https:\/\/guineediversite.com\/index.php\/2018\/11\/30\/football-le-cameroun-nest-pas-pret-a-accueillir-la-can-2019-selon-la-commission-dorganisation-de-la-caf\/#primaryimage"},"thumbnailUrl":"https:\/\/guineediversite.com\/wp-content\/uploads\/2018\/11\/20534hr_-592x296.jpg","datePublished":"2018-11-30T12:06:18+00:00","dateModified":"2018-11-30T12:06:18+00:00","breadcrumb":{"@id":"https:\/\/guineediversite.com\/index.php\/2018\/11\/30\/football-le-cameroun-nest-pas-pret-a-accueillir-la-can-2019-selon-la-commission-dorganisation-de-la-caf\/#breadcrumb"},"inLanguage":"fr-FR","potentialAction":[{"@type":"ReadAction","target":["https:\/\/guineediversite.com\/index.php\/2018\/11\/30\/football-le-cameroun-nest-pas-pret-a-accueillir-la-can-2019-selon-la-commission-dorganisation-de-la-caf\/"]}]},{"@type":"ImageObject","inLanguage":"fr-FR","@id":"https:\/\/guineediversite.com\/index.php\/2018\/11\/30\/football-le-cameroun-nest-pas-pret-a-accueillir-la-can-2019-selon-la-commission-dorganisation-de-la-caf\/#primaryimage","url":"https:\/\/guineediversite.com\/wp-content\/uploads\/2018\/11\/20534hr_-592x296.jpg","contentUrl":"https:\/\/guineediversite.com\/wp-content\/uploads\/2018\/11\/20534hr_-592x296.jpg","width":1024,"height":512},{"@type":"BreadcrumbList","@id":"https:\/\/guineediversite.com\/index.php\/2018\/11\/30\/football-le-cameroun-nest-pas-pret-a-accueillir-la-can-2019-selon-la-commission-dorganisation-de-la-caf\/#breadcrumb","itemListElement":[{"@type":"ListItem","position":1,"name":"Accueil","item":"https:\/\/guineediversite.com\/"},{"@type":"ListItem","position":2,"name":"Football : le Cameroun n\u2019est pas pr\u00eat \u00e0 accueillir la CAN 2019, selon la commission d\u2019organisation de la CAF"}]},{"@type":"WebSite","@id":"https:\/\/guineediversite.com\/#website","url":"https:\/\/guineediversite.com\/","name":"Guin\u00e9e Diversit\u00e9","description":"L&#039;Info dans toute sa diversit\u00e9","publisher":{"@id":"https:\/\/guineediversite.com\/#organization"},"potentialAction":[{"@type":"SearchAction","target":{"@type":"EntryPoint","urlTemplate":"https:\/\/guineediversite.com\/?s={search_term_string}"},"query-input":{"@type":"PropertyValueSpecification","valueRequired":true,"valueName":"search_term_string"}}],"inLanguage":"fr-FR"},{"@type":"Organization","@id":"https:\/\/guineediversite.com\/#organization","name":"Guin\u00e9e Diversit\u00e9","url":"https:\/\/guineediversite.com\/","logo":{"@type":"ImageObject","inLanguage":"fr-FR","@id":"https:\/\/guineediversite.com\/#\/schema\/logo\/image\/","url":"https:\/\/guineediversite.com\/wp-content\/uploads\/2017\/04\/cropped-1jojlxEOMkX9Wyqfhe43D6kjPOGqBBKmx3EwWJqZ0cMrFF54yM49.png","contentUrl":"https:\/\/guineediversite.com\/wp-content\/uploads\/2017\/04\/cropped-1jojlxEOMkX9Wyqfhe43D6kjPOGqBBKmx3EwWJqZ0cMrFF54yM49.png","width":186,"height":112,"caption":"Guin\u00e9e Diversit\u00e9"},"image":{"@id":"https:\/\/guineediversite.com\/#\/schema\/logo\/image\/"},"sameAs":["https:\/\/www.facebook.com\/guineediversite\/","https:\/\/x.com\/GuineeDiversite","https:\/\/www.youtube.com\/channel\/UC8sUY16qelG5ge6_D5SB83g"]},{"@type":"Person","@id":"https:\/\/guineediversite.com\/#\/schema\/person\/afa08fb34e7fc6e1feafc892612bc836","name":"Guin\u00e9e Diversit\u00e9","image":{"@type":"ImageObject","inLanguage":"fr-FR","@id":"https:\/\/guineediversite.com\/#\/schema\/person\/image\/","url":"https:\/\/secure.gravatar.com\/avatar\/50d5eb5b390f8b65ac30ac6f898eb83a?s=96&d=mm&r=g","contentUrl":"https:\/\/secure.gravatar.com\/avatar\/50d5eb5b390f8b65ac30ac6f898eb83a?s=96&d=mm&r=g","caption":"Guin\u00e9e Diversit\u00e9"},"url":"https:\/\/guineediversite.com\/index.php\/author\/guineediversite\/"}]}},"_links":{"self":[{"href":"https:\/\/guineediversite.com\/index.php\/wp-json\/wp\/v2\/posts\/27423"}],"collection":[{"href":"https:\/\/guineediversite.com\/index.php\/wp-json\/wp\/v2\/posts"}],"about":[{"href":"https:\/\/guineediversite.com\/index.php\/wp-json\/wp\/v2\/types\/post"}],"author":[{"embeddable":true,"href":"https:\/\/guineediversite.com\/index.php\/wp-json\/wp\/v2\/users\/12"}],"replies":[{"embeddable":true,"href":"https:\/\/guineediversite.com\/index.php\/wp-json\/wp\/v2\/comments?post=27423"}],"version-history":[{"count":0,"href":"https:\/\/guineediversite.com\/index.php\/wp-json\/wp\/v2\/posts\/27423\/revisions"}],"wp:featuredmedia":[{"embeddable":true,"href":"https:\/\/guineediversite.com\/index.php\/wp-json\/wp\/v2\/media\/27424"}],"wp:attachment":[{"href":"https:\/\/guineediversite.com\/index.php\/wp-json\/wp\/v2\/media?parent=27423"}],"wp:term":[{"taxonomy":"category","embeddable":true,"href":"https:\/\/guineediversite.com\/index.php\/wp-json\/wp\/v2\/categories?post=27423"},{"taxonomy":"post_tag","embeddable":true,"href":"https:\/\/guineediversite.com\/index.php\/wp-json\/wp\/v2\/tags?post=27423"}],"curies":[{"name":"wp","href":"https:\/\/api.w.org\/{rel}","templated":true}]}}