{"id":27411,"date":"2018-11-28T14:45:45","date_gmt":"2018-11-28T13:45:45","guid":{"rendered":"https:\/\/guineediversite.com\/?p=27411"},"modified":"2018-11-28T14:45:45","modified_gmt":"2018-11-28T13:45:45","slug":"gabon-ali-bongo-va-finir-sa-convalescence-au-maroc","status":"publish","type":"post","link":"https:\/\/guineediversite.com\/index.php\/2018\/11\/28\/gabon-ali-bongo-va-finir-sa-convalescence-au-maroc\/","title":{"rendered":"Gabon: Ali Bongo va finir sa convalescence au Maroc"},"content":{"rendered":"<p>Ali Bongo quitte ce mercredi 28 novembre l\u2019h\u00f4pital du roi Fay\u00e7al de Riyad en Arabie saoudite o\u00f9 il \u00e9tait hospitalis\u00e9 depuis plus d\u2019un mois. La pr\u00e9sidence gabonaise garde toujours un myst\u00e8re sur la cause exacte de la maladie d\u2019Ali Bongo. Le gouvernement de son c\u00f4t\u00e9 a affirm\u00e9 que la convalescence au Maroc sera courte car le chef de l\u2019Etat reprendra tr\u00e8s rapidement le travail.<\/p>\n<p>Apr\u00e8s des semaines d\u2019incertitude, le pr\u00e9sident Bongo va mieux et va poursuivre sa convalescence \u00e0 Rabat, affirme sa femme dans un communiqu\u00e9 publi\u00e9 hier en fin de journ\u00e9e\u00a0<strong>sur sa page Facebook<\/strong>. Selon la premi\u00e8re dame, ce transfert vers le Maroc a \u00e9t\u00e9 rendu possible gr\u00e2ce \u00e0 l\u2019am\u00e9lioration tr\u00e8s significative de l\u2019\u00e9tat de sant\u00e9 du pr\u00e9sident.<\/p>\n<p>Elle ajoute que celui-ci va mettre \u00e0 profit cette br\u00e8ve p\u00e9riode de convalescence pour recouvrer ses pleines capacit\u00e9s physiques et travailler sur les dossiers les plus prioritaires. D\u2019ailleurs, selon une source au palais, Ali Bongo a demand\u00e9 au secr\u00e9taire g\u00e9n\u00e9ral de la pr\u00e9sidence, \u00e0 son directeur de cabinet, son chef de protocole et au porte-parole de la pr\u00e9sidence de le retrouver rapidement \u00e0 Rabat pour travailler sur les dossiers urgents.<\/p>\n<p>De son c\u00f4t\u00e9, la pr\u00e9sidence r\u00e9it\u00e8re dans un communiqu\u00e9 que \u00ab\u00a0<em>le chef de l\u2019Etat se porte mieux et a recouvr\u00e9 tous ses automatismes habituels<\/em>\u00a0\u00bb. Le ministre de la Communication et porte-parole du gouvernement Guy Bertrand Mapangou a \u00e9galement confirm\u00e9 avec promptitude qu\u2019Ali Bongo prendra bien son avion ce mercredi pour Rabat au Maroc. \u00ab\u00a0<em>Le pr\u00e9sident Ali bongo va quitter Riyad mercredi pour se rendre \u00e0 Rabat<\/em>. C\u2019est sa volont\u00e9, celle de son \u00e9pouse, du gouvernement\u00a0\u00bb, a-t-il confirm\u00e9.<\/p>\n<p><strong>Le doute subsiste \u00e0 Libreville<\/strong><\/p>\n<p>Des mots qui remettent en cause la version initiale d\u2019un simple malaise. Depuis l\u2019hospitalisation d\u2019Ali Bongo il y a mois, la communication de la pr\u00e9sidence s\u2019est caract\u00e9ris\u00e9e par une quasi absence d\u2019informations,\u00a0<strong>entretenant le doute chez de nombreux Gabonais<\/strong>.<\/p>\n<p>L\u2019annonce n\u2019a pas suffi pour rassurer les Gabonais qui r\u00e9clament des images, des preuves de vie de leur pr\u00e9sident. \u00ab\u00a0<em>Peut-\u00eatre que dans deux, trois, quatre jours, dans une semaine, vous verrez les images du pr\u00e9sident. Vous verrez bien le pr\u00e9sident de la R\u00e9publique qui a retrouv\u00e9 ses automatismes habituels<\/em>\u00a0\u00bb, r\u00e9pond M. Mapangou.<\/p>\n<p>Ce dernier persiste et signe que le pr\u00e9sident Ai Bongo \u00e9tant en pleine phase de recouvrement de toutes ses capacit\u00e9s, il est exclu de parler de vacance de pouvoir au Gabon. \u00ab\u00a0<em>On ne peut pas parler de vacance du pouvoir, on vous dit que le pr\u00e9sident va de mieux en mieux. Attndez de voir des images t\u00e9l\u00e9vis\u00e9es pour vous en convaincre, mais je dis qu\u2019on ne vous raconte pas des fantasmes<\/em>\u00a0\u00bb, conclut Mapangou.<\/p>\n<p>RFI<\/p>\n<p>&nbsp;<\/p>\n","protected":false},"excerpt":{"rendered":"<p>Ali Bongo quitte ce mercredi 28 novembre l\u2019h\u00f4pital du roi Fay\u00e7al de Riyad en Arabie saoudite o\u00f9 il \u00e9tait hospitalis\u00e9 depuis plus d\u2019un mois. La pr\u00e9sidence gabonaise garde toujours un myst\u00e8re sur la cause exacte de la maladie d\u2019Ali Bongo. Le gouvernement de son c\u00f4t\u00e9 a affirm\u00e9 que la convalescence au Maroc sera courte car [&hellip;]<\/p>\n","protected":false},"author":12,"featured_media":27412,"comment_status":"closed","ping_status":"closed","sticky":false,"template":"","format":"standard","meta":{"_exactmetrics_skip_tracking":false,"_exactmetrics_sitenote_active":false,"_exactmetrics_sitenote_note":"","_exactmetrics_sitenote_category":0,"tdm_status":"","tdm_grid_status":"","footnotes":""},"categories":[21],"tags":[],"class_list":{"0":"post-27411","1":"post","2":"type-post","3":"status-publish","4":"format-standard","5":"has-post-thumbnail","7":"category-international"},"yoast_head":"<!-- This site is optimized with the Yoast SEO plugin v24.2 - https:\/\/yoast.com\/wordpress\/plugins\/seo\/ -->\n<title>Gabon: Ali Bongo va finir sa convalescence au Maroc | Guin\u00e9e Diversit\u00e9<\/title>\n<meta name=\"robots\" content=\"index, follow, max-snippet:-1, max-image-preview:large, max-video-preview:-1\" \/>\n<link rel=\"canonical\" href=\"https:\/\/guineediversite.com\/index.php\/2018\/11\/28\/gabon-ali-bongo-va-finir-sa-convalescence-au-maroc\/\" \/>\n<meta property=\"og:locale\" content=\"fr_FR\" \/>\n<meta property=\"og:type\" content=\"article\" \/>\n<meta property=\"og:title\" content=\"Gabon: Ali Bongo va finir sa convalescence au Maroc | Guin\u00e9e Diversit\u00e9\" \/>\n<meta property=\"og:description\" content=\"Ali Bongo quitte ce mercredi 28 novembre l\u2019h\u00f4pital du roi Fay\u00e7al de Riyad en Arabie saoudite o\u00f9 il \u00e9tait hospitalis\u00e9 depuis plus d\u2019un mois. La pr\u00e9sidence gabonaise garde toujours un myst\u00e8re sur la cause exacte de la maladie d\u2019Ali Bongo. Le gouvernement de son c\u00f4t\u00e9 a affirm\u00e9 que la convalescence au Maroc sera courte car [&hellip;]\" \/>\n<meta property=\"og:url\" content=\"https:\/\/guineediversite.com\/index.php\/2018\/11\/28\/gabon-ali-bongo-va-finir-sa-convalescence-au-maroc\/\" \/>\n<meta property=\"og:site_name\" content=\"Guin\u00e9e Diversit\u00e9\" \/>\n<meta property=\"article:publisher\" content=\"https:\/\/www.facebook.com\/guineediversite\/\" \/>\n<meta property=\"article:published_time\" content=\"2018-11-28T13:45:45+00:00\" \/>\n<meta property=\"og:image\" content=\"https:\/\/guineediversite.com\/wp-content\/uploads\/2018\/11\/ALY-BONGO-2-696x393.jpg\" \/>\n\t<meta property=\"og:image:width\" content=\"1813\" \/>\n\t<meta property=\"og:image:height\" content=\"1024\" \/>\n\t<meta property=\"og:image:type\" content=\"image\/jpeg\" \/>\n<meta name=\"author\" content=\"Guin\u00e9e Diversit\u00e9\" \/>\n<meta name=\"twitter:card\" content=\"summary_large_image\" \/>\n<meta name=\"twitter:creator\" content=\"@GuineeDiversite\" \/>\n<meta name=\"twitter:site\" content=\"@GuineeDiversite\" \/>\n<meta name=\"twitter:label1\" content=\"\u00c9crit par\" \/>\n\t<meta name=\"twitter:data1\" content=\"Guin\u00e9e Diversit\u00e9\" \/>\n\t<meta name=\"twitter:label2\" content=\"Dur\u00e9e de lecture estim\u00e9e\" \/>\n\t<meta name=\"twitter:data2\" content=\"2 minutes\" \/>\n<script type=\"application\/ld+json\" class=\"yoast-schema-graph\">{\"@context\":\"https:\/\/schema.org\",\"@graph\":[{\"@type\":\"Article\",\"@id\":\"https:\/\/guineediversite.com\/index.php\/2018\/11\/28\/gabon-ali-bongo-va-finir-sa-convalescence-au-maroc\/#article\",\"isPartOf\":{\"@id\":\"https:\/\/guineediversite.com\/index.php\/2018\/11\/28\/gabon-ali-bongo-va-finir-sa-convalescence-au-maroc\/\"},\"author\":{\"name\":\"Guin\u00e9e Diversit\u00e9\",\"@id\":\"https:\/\/guineediversite.com\/#\/schema\/person\/afa08fb34e7fc6e1feafc892612bc836\"},\"headline\":\"Gabon: Ali Bongo va finir sa convalescence au Maroc\",\"datePublished\":\"2018-11-28T13:45:45+00:00\",\"dateModified\":\"2018-11-28T13:45:45+00:00\",\"mainEntityOfPage\":{\"@id\":\"https:\/\/guineediversite.com\/index.php\/2018\/11\/28\/gabon-ali-bongo-va-finir-sa-convalescence-au-maroc\/\"},\"wordCount\":501,\"publisher\":{\"@id\":\"https:\/\/guineediversite.com\/#organization\"},\"image\":{\"@id\":\"https:\/\/guineediversite.com\/index.php\/2018\/11\/28\/gabon-ali-bongo-va-finir-sa-convalescence-au-maroc\/#primaryimage\"},\"thumbnailUrl\":\"https:\/\/guineediversite.com\/wp-content\/uploads\/2018\/11\/ALY-BONGO-2-696x393.jpg\",\"articleSection\":[\"International\"],\"inLanguage\":\"fr-FR\"},{\"@type\":\"WebPage\",\"@id\":\"https:\/\/guineediversite.com\/index.php\/2018\/11\/28\/gabon-ali-bongo-va-finir-sa-convalescence-au-maroc\/\",\"url\":\"https:\/\/guineediversite.com\/index.php\/2018\/11\/28\/gabon-ali-bongo-va-finir-sa-convalescence-au-maroc\/\",\"name\":\"Gabon: Ali Bongo va finir sa convalescence au Maroc | Guin\u00e9e Diversit\u00e9\",\"isPartOf\":{\"@id\":\"https:\/\/guineediversite.com\/#website\"},\"primaryImageOfPage\":{\"@id\":\"https:\/\/guineediversite.com\/index.php\/2018\/11\/28\/gabon-ali-bongo-va-finir-sa-convalescence-au-maroc\/#primaryimage\"},\"image\":{\"@id\":\"https:\/\/guineediversite.com\/index.php\/2018\/11\/28\/gabon-ali-bongo-va-finir-sa-convalescence-au-maroc\/#primaryimage\"},\"thumbnailUrl\":\"https:\/\/guineediversite.com\/wp-content\/uploads\/2018\/11\/ALY-BONGO-2-696x393.jpg\",\"datePublished\":\"2018-11-28T13:45:45+00:00\",\"dateModified\":\"2018-11-28T13:45:45+00:00\",\"breadcrumb\":{\"@id\":\"https:\/\/guineediversite.com\/index.php\/2018\/11\/28\/gabon-ali-bongo-va-finir-sa-convalescence-au-maroc\/#breadcrumb\"},\"inLanguage\":\"fr-FR\",\"potentialAction\":[{\"@type\":\"ReadAction\",\"target\":[\"https:\/\/guineediversite.com\/index.php\/2018\/11\/28\/gabon-ali-bongo-va-finir-sa-convalescence-au-maroc\/\"]}]},{\"@type\":\"ImageObject\",\"inLanguage\":\"fr-FR\",\"@id\":\"https:\/\/guineediversite.com\/index.php\/2018\/11\/28\/gabon-ali-bongo-va-finir-sa-convalescence-au-maroc\/#primaryimage\",\"url\":\"https:\/\/guineediversite.com\/wp-content\/uploads\/2018\/11\/ALY-BONGO-2-696x393.jpg\",\"contentUrl\":\"https:\/\/guineediversite.com\/wp-content\/uploads\/2018\/11\/ALY-BONGO-2-696x393.jpg\",\"width\":1813,\"height\":1024},{\"@type\":\"BreadcrumbList\",\"@id\":\"https:\/\/guineediversite.com\/index.php\/2018\/11\/28\/gabon-ali-bongo-va-finir-sa-convalescence-au-maroc\/#breadcrumb\",\"itemListElement\":[{\"@type\":\"ListItem\",\"position\":1,\"name\":\"Accueil\",\"item\":\"https:\/\/guineediversite.com\/\"},{\"@type\":\"ListItem\",\"position\":2,\"name\":\"Gabon: Ali Bongo va finir sa convalescence au Maroc\"}]},{\"@type\":\"WebSite\",\"@id\":\"https:\/\/guineediversite.com\/#website\",\"url\":\"https:\/\/guineediversite.com\/\",\"name\":\"Guin\u00e9e Diversit\u00e9\",\"description\":\"L&#039;Info dans toute sa diversit\u00e9\",\"publisher\":{\"@id\":\"https:\/\/guineediversite.com\/#organization\"},\"potentialAction\":[{\"@type\":\"SearchAction\",\"target\":{\"@type\":\"EntryPoint\",\"urlTemplate\":\"https:\/\/guineediversite.com\/?s={search_term_string}\"},\"query-input\":{\"@type\":\"PropertyValueSpecification\",\"valueRequired\":true,\"valueName\":\"search_term_string\"}}],\"inLanguage\":\"fr-FR\"},{\"@type\":\"Organization\",\"@id\":\"https:\/\/guineediversite.com\/#organization\",\"name\":\"Guin\u00e9e Diversit\u00e9\",\"url\":\"https:\/\/guineediversite.com\/\",\"logo\":{\"@type\":\"ImageObject\",\"inLanguage\":\"fr-FR\",\"@id\":\"https:\/\/guineediversite.com\/#\/schema\/logo\/image\/\",\"url\":\"https:\/\/guineediversite.com\/wp-content\/uploads\/2017\/04\/cropped-1jojlxEOMkX9Wyqfhe43D6kjPOGqBBKmx3EwWJqZ0cMrFF54yM49.png\",\"contentUrl\":\"https:\/\/guineediversite.com\/wp-content\/uploads\/2017\/04\/cropped-1jojlxEOMkX9Wyqfhe43D6kjPOGqBBKmx3EwWJqZ0cMrFF54yM49.png\",\"width\":186,\"height\":112,\"caption\":\"Guin\u00e9e Diversit\u00e9\"},\"image\":{\"@id\":\"https:\/\/guineediversite.com\/#\/schema\/logo\/image\/\"},\"sameAs\":[\"https:\/\/www.facebook.com\/guineediversite\/\",\"https:\/\/x.com\/GuineeDiversite\",\"https:\/\/www.youtube.com\/channel\/UC8sUY16qelG5ge6_D5SB83g\"]},{\"@type\":\"Person\",\"@id\":\"https:\/\/guineediversite.com\/#\/schema\/person\/afa08fb34e7fc6e1feafc892612bc836\",\"name\":\"Guin\u00e9e Diversit\u00e9\",\"image\":{\"@type\":\"ImageObject\",\"inLanguage\":\"fr-FR\",\"@id\":\"https:\/\/guineediversite.com\/#\/schema\/person\/image\/\",\"url\":\"https:\/\/secure.gravatar.com\/avatar\/50d5eb5b390f8b65ac30ac6f898eb83a?s=96&d=mm&r=g\",\"contentUrl\":\"https:\/\/secure.gravatar.com\/avatar\/50d5eb5b390f8b65ac30ac6f898eb83a?s=96&d=mm&r=g\",\"caption\":\"Guin\u00e9e Diversit\u00e9\"},\"url\":\"https:\/\/guineediversite.com\/index.php\/author\/guineediversite\/\"}]}<\/script>\n<!-- \/ Yoast SEO plugin. -->","yoast_head_json":{"title":"Gabon: Ali Bongo va finir sa convalescence au Maroc | Guin\u00e9e Diversit\u00e9","robots":{"index":"index","follow":"follow","max-snippet":"max-snippet:-1","max-image-preview":"max-image-preview:large","max-video-preview":"max-video-preview:-1"},"canonical":"https:\/\/guineediversite.com\/index.php\/2018\/11\/28\/gabon-ali-bongo-va-finir-sa-convalescence-au-maroc\/","og_locale":"fr_FR","og_type":"article","og_title":"Gabon: Ali Bongo va finir sa convalescence au Maroc | Guin\u00e9e Diversit\u00e9","og_description":"Ali Bongo quitte ce mercredi 28 novembre l\u2019h\u00f4pital du roi Fay\u00e7al de Riyad en Arabie saoudite o\u00f9 il \u00e9tait hospitalis\u00e9 depuis plus d\u2019un mois. La pr\u00e9sidence gabonaise garde toujours un myst\u00e8re sur la cause exacte de la maladie d\u2019Ali Bongo. Le gouvernement de son c\u00f4t\u00e9 a affirm\u00e9 que la convalescence au Maroc sera courte car [&hellip;]","og_url":"https:\/\/guineediversite.com\/index.php\/2018\/11\/28\/gabon-ali-bongo-va-finir-sa-convalescence-au-maroc\/","og_site_name":"Guin\u00e9e Diversit\u00e9","article_publisher":"https:\/\/www.facebook.com\/guineediversite\/","article_published_time":"2018-11-28T13:45:45+00:00","og_image":[{"width":1813,"height":1024,"url":"https:\/\/guineediversite.com\/wp-content\/uploads\/2018\/11\/ALY-BONGO-2-696x393.jpg","type":"image\/jpeg"}],"author":"Guin\u00e9e Diversit\u00e9","twitter_card":"summary_large_image","twitter_creator":"@GuineeDiversite","twitter_site":"@GuineeDiversite","twitter_misc":{"\u00c9crit par":"Guin\u00e9e Diversit\u00e9","Dur\u00e9e de lecture estim\u00e9e":"2 minutes"},"schema":{"@context":"https:\/\/schema.org","@graph":[{"@type":"Article","@id":"https:\/\/guineediversite.com\/index.php\/2018\/11\/28\/gabon-ali-bongo-va-finir-sa-convalescence-au-maroc\/#article","isPartOf":{"@id":"https:\/\/guineediversite.com\/index.php\/2018\/11\/28\/gabon-ali-bongo-va-finir-sa-convalescence-au-maroc\/"},"author":{"name":"Guin\u00e9e Diversit\u00e9","@id":"https:\/\/guineediversite.com\/#\/schema\/person\/afa08fb34e7fc6e1feafc892612bc836"},"headline":"Gabon: Ali Bongo va finir sa convalescence au Maroc","datePublished":"2018-11-28T13:45:45+00:00","dateModified":"2018-11-28T13:45:45+00:00","mainEntityOfPage":{"@id":"https:\/\/guineediversite.com\/index.php\/2018\/11\/28\/gabon-ali-bongo-va-finir-sa-convalescence-au-maroc\/"},"wordCount":501,"publisher":{"@id":"https:\/\/guineediversite.com\/#organization"},"image":{"@id":"https:\/\/guineediversite.com\/index.php\/2018\/11\/28\/gabon-ali-bongo-va-finir-sa-convalescence-au-maroc\/#primaryimage"},"thumbnailUrl":"https:\/\/guineediversite.com\/wp-content\/uploads\/2018\/11\/ALY-BONGO-2-696x393.jpg","articleSection":["International"],"inLanguage":"fr-FR"},{"@type":"WebPage","@id":"https:\/\/guineediversite.com\/index.php\/2018\/11\/28\/gabon-ali-bongo-va-finir-sa-convalescence-au-maroc\/","url":"https:\/\/guineediversite.com\/index.php\/2018\/11\/28\/gabon-ali-bongo-va-finir-sa-convalescence-au-maroc\/","name":"Gabon: Ali Bongo va finir sa convalescence au Maroc | Guin\u00e9e Diversit\u00e9","isPartOf":{"@id":"https:\/\/guineediversite.com\/#website"},"primaryImageOfPage":{"@id":"https:\/\/guineediversite.com\/index.php\/2018\/11\/28\/gabon-ali-bongo-va-finir-sa-convalescence-au-maroc\/#primaryimage"},"image":{"@id":"https:\/\/guineediversite.com\/index.php\/2018\/11\/28\/gabon-ali-bongo-va-finir-sa-convalescence-au-maroc\/#primaryimage"},"thumbnailUrl":"https:\/\/guineediversite.com\/wp-content\/uploads\/2018\/11\/ALY-BONGO-2-696x393.jpg","datePublished":"2018-11-28T13:45:45+00:00","dateModified":"2018-11-28T13:45:45+00:00","breadcrumb":{"@id":"https:\/\/guineediversite.com\/index.php\/2018\/11\/28\/gabon-ali-bongo-va-finir-sa-convalescence-au-maroc\/#breadcrumb"},"inLanguage":"fr-FR","potentialAction":[{"@type":"ReadAction","target":["https:\/\/guineediversite.com\/index.php\/2018\/11\/28\/gabon-ali-bongo-va-finir-sa-convalescence-au-maroc\/"]}]},{"@type":"ImageObject","inLanguage":"fr-FR","@id":"https:\/\/guineediversite.com\/index.php\/2018\/11\/28\/gabon-ali-bongo-va-finir-sa-convalescence-au-maroc\/#primaryimage","url":"https:\/\/guineediversite.com\/wp-content\/uploads\/2018\/11\/ALY-BONGO-2-696x393.jpg","contentUrl":"https:\/\/guineediversite.com\/wp-content\/uploads\/2018\/11\/ALY-BONGO-2-696x393.jpg","width":1813,"height":1024},{"@type":"BreadcrumbList","@id":"https:\/\/guineediversite.com\/index.php\/2018\/11\/28\/gabon-ali-bongo-va-finir-sa-convalescence-au-maroc\/#breadcrumb","itemListElement":[{"@type":"ListItem","position":1,"name":"Accueil","item":"https:\/\/guineediversite.com\/"},{"@type":"ListItem","position":2,"name":"Gabon: Ali Bongo va finir sa convalescence au Maroc"}]},{"@type":"WebSite","@id":"https:\/\/guineediversite.com\/#website","url":"https:\/\/guineediversite.com\/","name":"Guin\u00e9e Diversit\u00e9","description":"L&#039;Info dans toute sa diversit\u00e9","publisher":{"@id":"https:\/\/guineediversite.com\/#organization"},"potentialAction":[{"@type":"SearchAction","target":{"@type":"EntryPoint","urlTemplate":"https:\/\/guineediversite.com\/?s={search_term_string}"},"query-input":{"@type":"PropertyValueSpecification","valueRequired":true,"valueName":"search_term_string"}}],"inLanguage":"fr-FR"},{"@type":"Organization","@id":"https:\/\/guineediversite.com\/#organization","name":"Guin\u00e9e Diversit\u00e9","url":"https:\/\/guineediversite.com\/","logo":{"@type":"ImageObject","inLanguage":"fr-FR","@id":"https:\/\/guineediversite.com\/#\/schema\/logo\/image\/","url":"https:\/\/guineediversite.com\/wp-content\/uploads\/2017\/04\/cropped-1jojlxEOMkX9Wyqfhe43D6kjPOGqBBKmx3EwWJqZ0cMrFF54yM49.png","contentUrl":"https:\/\/guineediversite.com\/wp-content\/uploads\/2017\/04\/cropped-1jojlxEOMkX9Wyqfhe43D6kjPOGqBBKmx3EwWJqZ0cMrFF54yM49.png","width":186,"height":112,"caption":"Guin\u00e9e Diversit\u00e9"},"image":{"@id":"https:\/\/guineediversite.com\/#\/schema\/logo\/image\/"},"sameAs":["https:\/\/www.facebook.com\/guineediversite\/","https:\/\/x.com\/GuineeDiversite","https:\/\/www.youtube.com\/channel\/UC8sUY16qelG5ge6_D5SB83g"]},{"@type":"Person","@id":"https:\/\/guineediversite.com\/#\/schema\/person\/afa08fb34e7fc6e1feafc892612bc836","name":"Guin\u00e9e Diversit\u00e9","image":{"@type":"ImageObject","inLanguage":"fr-FR","@id":"https:\/\/guineediversite.com\/#\/schema\/person\/image\/","url":"https:\/\/secure.gravatar.com\/avatar\/50d5eb5b390f8b65ac30ac6f898eb83a?s=96&d=mm&r=g","contentUrl":"https:\/\/secure.gravatar.com\/avatar\/50d5eb5b390f8b65ac30ac6f898eb83a?s=96&d=mm&r=g","caption":"Guin\u00e9e Diversit\u00e9"},"url":"https:\/\/guineediversite.com\/index.php\/author\/guineediversite\/"}]}},"_links":{"self":[{"href":"https:\/\/guineediversite.com\/index.php\/wp-json\/wp\/v2\/posts\/27411"}],"collection":[{"href":"https:\/\/guineediversite.com\/index.php\/wp-json\/wp\/v2\/posts"}],"about":[{"href":"https:\/\/guineediversite.com\/index.php\/wp-json\/wp\/v2\/types\/post"}],"author":[{"embeddable":true,"href":"https:\/\/guineediversite.com\/index.php\/wp-json\/wp\/v2\/users\/12"}],"replies":[{"embeddable":true,"href":"https:\/\/guineediversite.com\/index.php\/wp-json\/wp\/v2\/comments?post=27411"}],"version-history":[{"count":0,"href":"https:\/\/guineediversite.com\/index.php\/wp-json\/wp\/v2\/posts\/27411\/revisions"}],"wp:featuredmedia":[{"embeddable":true,"href":"https:\/\/guineediversite.com\/index.php\/wp-json\/wp\/v2\/media\/27412"}],"wp:attachment":[{"href":"https:\/\/guineediversite.com\/index.php\/wp-json\/wp\/v2\/media?parent=27411"}],"wp:term":[{"taxonomy":"category","embeddable":true,"href":"https:\/\/guineediversite.com\/index.php\/wp-json\/wp\/v2\/categories?post=27411"},{"taxonomy":"post_tag","embeddable":true,"href":"https:\/\/guineediversite.com\/index.php\/wp-json\/wp\/v2\/tags?post=27411"}],"curies":[{"name":"wp","href":"https:\/\/api.w.org\/{rel}","templated":true}]}}