{"id":27398,"date":"2018-11-27T12:18:56","date_gmt":"2018-11-27T11:18:56","guid":{"rendered":"https:\/\/guineediversite.com\/?p=27398"},"modified":"2018-11-27T12:18:56","modified_gmt":"2018-11-27T11:18:56","slug":"rdc-pas-dobservateurs-de-lunion-europeenne-aux-elections-du-23-decembre","status":"publish","type":"post","link":"https:\/\/guineediversite.com\/index.php\/2018\/11\/27\/rdc-pas-dobservateurs-de-lunion-europeenne-aux-elections-du-23-decembre\/","title":{"rendered":"RDC : pas d\u2019observateurs de l\u2019Union europ\u00e9enne aux \u00e9lections du 23 d\u00e9cembre"},"content":{"rendered":"<p><strong>Les observateurs de l&rsquo;Union europ\u00e9enne (UE) n&rsquo;ont pas \u00e9t\u00e9 invit\u00e9s \u00e0 superviser les \u00e9lections cruciales pr\u00e9vues en R\u00e9publique d\u00e9mocratique du Congo le 23 d\u00e9cembre, \u00e0 la diff\u00e9rence de leurs coll\u00e8gues de l&rsquo;Union africaine (UA), a-t-on appris lundi.<\/strong><\/p>\n<p>\u200b\u00a0\u00ab\u00a0Il n\u2019y aura pas d\u2019invitations pour des observateurs de l\u2019Union europ\u00e9enne et ceux de la Fondation Carter\u00a0<a href=\"https:\/\/www.jeuneafrique.com\/668366\/politique\/presidentielle-en-rdc-un-candidat-demande-le-report-immediat-du-scrutin\/\">pour les \u00e9lections du 23 d\u00e9cembre<\/a>\u00a0\u00bb\u00a0, a d\u00e9clar\u00e9 un responsable de la\u00a0<a href=\"https:\/\/www.jeuneafrique.com\/632202\/politique\/elections-en-rdc-la-ceni-publie-la-liste-officielle-des-candidats-a-la-presidentielle\/\">Commission \u00e9lectorale nationale ind\u00e9pendante (C\u00e9ni)<\/a>.<\/p>\n<p>\u00ab\u00a0La Fondation Carter a un probl\u00e8me avec le minist\u00e8re congolais des Affaires \u00e9trang\u00e8res. Son rapport sur les \u00e9lections de 2011 a failli provoquer la guerre dans le pays. Ils avaient fait preuve d\u2019un manque \u00e9vident de professionnalisme\u00a0\u00bb, a encore expliqu\u00e9 la source.<\/p>\n<p>La Fondation Carter, qui affirme promouvoir la d\u00e9mocratie et les droits de l\u2019Homme dans le monde, a \u00e9t\u00e9 fond\u00e9e en 1982 par l\u2019ancien pr\u00e9sident am\u00e9ricain et prix Nobel de la paix Jimmy Carter.<\/p>\n<p>\u00ab\u00a0La C\u00e9ni a invit\u00e9 des observateurs de l\u2019Union africaine, de la Communaut\u00e9 pour le d\u00e9veloppement de l\u2019Afrique australe (SADC), de l\u2019Organisation internationale de la francophonie (OIF). Est-ce que les \u00e9lections ne sont valables que si l\u2019UE et le Centre Carter sont l\u00e0 ?\u00a0\u00bb, s\u2019est emport\u00e9 ce responsable.<\/p>\n<p>L\u2019UE a sanctionn\u00e9 une quinzaine de personnalit\u00e9s congolaises (gel des avoirs et des visas) pour atteinte aux droits de l\u2019homme apr\u00e8s la fin du deuxi\u00e8me et dernier mandat du pr\u00e9sident Joseph Kabila fin 2016 et le report des \u00e9lections.<\/p>\n<p>Parmi ces personnalit\u00e9s figure le candidat du pouvoir \u00e0 l\u2019\u00e9lection pr\u00e9sidentielle, l\u2019ancien ministre de l\u2019Int\u00e9rieur Emmanuel Ramazani Shadary.<\/p>\n<p><strong>21 candidats en course<\/strong><\/p>\n<p>Les \u00e9lections pr\u00e9sidentielles, l\u00e9gislatives nationales et provinciales sont pr\u00e9vues le 23 d\u00e9cembre.\u00a0<a href=\"https:\/\/www.jeuneafrique.com\/mag\/670851\/politique\/presidentielle-en-rdc-les-coulisses-des-tractations-entre-felix-tshisekedi-et-vital-kamerhe\/\">Vingt-et-un candidats \u00e0 la pr\u00e9sidentielle<\/a>\u00a0ont \u00e9t\u00e9 retenus par la commission \u00e9lectorale pour\u00a0<a href=\"https:\/\/www.jeuneafrique.com\/671386\/politique\/rdc-ramazani-shadary-lance-sa-campagne-avec-une-messe-a-kinshasa\/\">concourir \u00e0 la succession du pr\u00e9sident Kabila<\/a>, au pouvoir depuis 18 ans.<\/p>\n<p>Joseph Kabila avait succ\u00e9d\u00e9 \u00e0 son p\u00e8re Laurent-D\u00e9sir\u00e9, apr\u00e8s son assassinat en 2001. Il avait \u00e9t\u00e9 \u00e9lu en 2001 et r\u00e9\u00e9lu pour cinq ans dans la contestation en 2011. Son mandat s\u2019est achev\u00e9 en d\u00e9cembre 2016.<\/p>\n<p>En f\u00e9vrier 2012, le Centre Carter avait estim\u00e9 que les r\u00e9sultats de la pr\u00e9sidentielle et des l\u00e9gislatives de 2011 manquaient de cr\u00e9dibilit\u00e9 \u00e0 cause des irr\u00e9gularit\u00e9s constat\u00e9es au cours des op\u00e9rations \u00e9lectorales.<\/p>\n<p>Dans un autre rapport en novembre 2017, le Centre Carter a estim\u00e9 que plus de 750 millions de dollars de recettes mini\u00e8res ne pouvaient \u00eatre retrac\u00e9s dans les livres de compte de l\u2019\u00c9tat congolais.<\/p>\n<p>&nbsp;<\/p>\n","protected":false},"excerpt":{"rendered":"<p>Les observateurs de l&rsquo;Union europ\u00e9enne (UE) n&rsquo;ont pas \u00e9t\u00e9 invit\u00e9s \u00e0 superviser les \u00e9lections cruciales pr\u00e9vues en R\u00e9publique d\u00e9mocratique du Congo le 23 d\u00e9cembre, \u00e0 la diff\u00e9rence de leurs coll\u00e8gues de l&rsquo;Union africaine (UA), a-t-on appris lundi. \u200b\u00a0\u00ab\u00a0Il n\u2019y aura pas d\u2019invitations pour des observateurs de l\u2019Union europ\u00e9enne et ceux de la Fondation Carter\u00a0pour les [&hellip;]<\/p>\n","protected":false},"author":12,"featured_media":27399,"comment_status":"closed","ping_status":"closed","sticky":false,"template":"","format":"standard","meta":{"_exactmetrics_skip_tracking":false,"_exactmetrics_sitenote_active":false,"_exactmetrics_sitenote_note":"","_exactmetrics_sitenote_category":0,"tdm_status":"","tdm_grid_status":"","footnotes":""},"categories":[21],"tags":[],"class_list":{"0":"post-27398","1":"post","2":"type-post","3":"status-publish","4":"format-standard","5":"has-post-thumbnail","7":"category-international"},"yoast_head":"<!-- This site is optimized with the Yoast SEO plugin v24.2 - https:\/\/yoast.com\/wordpress\/plugins\/seo\/ -->\n<title>RDC : pas d\u2019observateurs de l\u2019Union europ\u00e9enne aux \u00e9lections du 23 d\u00e9cembre | Guin\u00e9e Diversit\u00e9<\/title>\n<meta name=\"robots\" content=\"index, follow, max-snippet:-1, max-image-preview:large, max-video-preview:-1\" \/>\n<link rel=\"canonical\" href=\"https:\/\/guineediversite.com\/index.php\/2018\/11\/27\/rdc-pas-dobservateurs-de-lunion-europeenne-aux-elections-du-23-decembre\/\" \/>\n<meta property=\"og:locale\" content=\"fr_FR\" \/>\n<meta property=\"og:type\" content=\"article\" \/>\n<meta property=\"og:title\" content=\"RDC : pas d\u2019observateurs de l\u2019Union europ\u00e9enne aux \u00e9lections du 23 d\u00e9cembre | Guin\u00e9e Diversit\u00e9\" \/>\n<meta property=\"og:description\" content=\"Les observateurs de l&rsquo;Union europ\u00e9enne (UE) n&rsquo;ont pas \u00e9t\u00e9 invit\u00e9s \u00e0 superviser les \u00e9lections cruciales pr\u00e9vues en R\u00e9publique d\u00e9mocratique du Congo le 23 d\u00e9cembre, \u00e0 la diff\u00e9rence de leurs coll\u00e8gues de l&rsquo;Union africaine (UA), a-t-on appris lundi. \u200b\u00a0\u00ab\u00a0Il n\u2019y aura pas d\u2019invitations pour des observateurs de l\u2019Union europ\u00e9enne et ceux de la Fondation Carter\u00a0pour les [&hellip;]\" \/>\n<meta property=\"og:url\" content=\"https:\/\/guineediversite.com\/index.php\/2018\/11\/27\/rdc-pas-dobservateurs-de-lunion-europeenne-aux-elections-du-23-decembre\/\" \/>\n<meta property=\"og:site_name\" content=\"Guin\u00e9e Diversit\u00e9\" \/>\n<meta property=\"article:publisher\" content=\"https:\/\/www.facebook.com\/guineediversite\/\" \/>\n<meta property=\"article:published_time\" content=\"2018-11-27T11:18:56+00:00\" \/>\n<meta property=\"og:image\" content=\"https:\/\/guineediversite.com\/wp-content\/uploads\/2018\/11\/machine_a_voter-e1534920700244-592x296-1538646754.jpg\" \/>\n\t<meta property=\"og:image:width\" content=\"1900\" \/>\n\t<meta property=\"og:image:height\" content=\"950\" \/>\n\t<meta property=\"og:image:type\" content=\"image\/jpeg\" \/>\n<meta name=\"author\" content=\"Guin\u00e9e Diversit\u00e9\" \/>\n<meta name=\"twitter:card\" content=\"summary_large_image\" \/>\n<meta name=\"twitter:creator\" content=\"@GuineeDiversite\" \/>\n<meta name=\"twitter:site\" content=\"@GuineeDiversite\" \/>\n<meta name=\"twitter:label1\" content=\"\u00c9crit par\" \/>\n\t<meta name=\"twitter:data1\" content=\"Guin\u00e9e Diversit\u00e9\" \/>\n\t<meta name=\"twitter:label2\" content=\"Dur\u00e9e de lecture estim\u00e9e\" \/>\n\t<meta name=\"twitter:data2\" content=\"2 minutes\" \/>\n<script type=\"application\/ld+json\" class=\"yoast-schema-graph\">{\"@context\":\"https:\/\/schema.org\",\"@graph\":[{\"@type\":\"Article\",\"@id\":\"https:\/\/guineediversite.com\/index.php\/2018\/11\/27\/rdc-pas-dobservateurs-de-lunion-europeenne-aux-elections-du-23-decembre\/#article\",\"isPartOf\":{\"@id\":\"https:\/\/guineediversite.com\/index.php\/2018\/11\/27\/rdc-pas-dobservateurs-de-lunion-europeenne-aux-elections-du-23-decembre\/\"},\"author\":{\"name\":\"Guin\u00e9e Diversit\u00e9\",\"@id\":\"https:\/\/guineediversite.com\/#\/schema\/person\/afa08fb34e7fc6e1feafc892612bc836\"},\"headline\":\"RDC : pas d\u2019observateurs de l\u2019Union europ\u00e9enne aux \u00e9lections du 23 d\u00e9cembre\",\"datePublished\":\"2018-11-27T11:18:56+00:00\",\"dateModified\":\"2018-11-27T11:18:56+00:00\",\"mainEntityOfPage\":{\"@id\":\"https:\/\/guineediversite.com\/index.php\/2018\/11\/27\/rdc-pas-dobservateurs-de-lunion-europeenne-aux-elections-du-23-decembre\/\"},\"wordCount\":457,\"publisher\":{\"@id\":\"https:\/\/guineediversite.com\/#organization\"},\"image\":{\"@id\":\"https:\/\/guineediversite.com\/index.php\/2018\/11\/27\/rdc-pas-dobservateurs-de-lunion-europeenne-aux-elections-du-23-decembre\/#primaryimage\"},\"thumbnailUrl\":\"https:\/\/guineediversite.com\/wp-content\/uploads\/2018\/11\/machine_a_voter-e1534920700244-592x296-1538646754.jpg\",\"articleSection\":[\"International\"],\"inLanguage\":\"fr-FR\"},{\"@type\":\"WebPage\",\"@id\":\"https:\/\/guineediversite.com\/index.php\/2018\/11\/27\/rdc-pas-dobservateurs-de-lunion-europeenne-aux-elections-du-23-decembre\/\",\"url\":\"https:\/\/guineediversite.com\/index.php\/2018\/11\/27\/rdc-pas-dobservateurs-de-lunion-europeenne-aux-elections-du-23-decembre\/\",\"name\":\"RDC : pas d\u2019observateurs de l\u2019Union europ\u00e9enne aux \u00e9lections du 23 d\u00e9cembre | Guin\u00e9e Diversit\u00e9\",\"isPartOf\":{\"@id\":\"https:\/\/guineediversite.com\/#website\"},\"primaryImageOfPage\":{\"@id\":\"https:\/\/guineediversite.com\/index.php\/2018\/11\/27\/rdc-pas-dobservateurs-de-lunion-europeenne-aux-elections-du-23-decembre\/#primaryimage\"},\"image\":{\"@id\":\"https:\/\/guineediversite.com\/index.php\/2018\/11\/27\/rdc-pas-dobservateurs-de-lunion-europeenne-aux-elections-du-23-decembre\/#primaryimage\"},\"thumbnailUrl\":\"https:\/\/guineediversite.com\/wp-content\/uploads\/2018\/11\/machine_a_voter-e1534920700244-592x296-1538646754.jpg\",\"datePublished\":\"2018-11-27T11:18:56+00:00\",\"dateModified\":\"2018-11-27T11:18:56+00:00\",\"breadcrumb\":{\"@id\":\"https:\/\/guineediversite.com\/index.php\/2018\/11\/27\/rdc-pas-dobservateurs-de-lunion-europeenne-aux-elections-du-23-decembre\/#breadcrumb\"},\"inLanguage\":\"fr-FR\",\"potentialAction\":[{\"@type\":\"ReadAction\",\"target\":[\"https:\/\/guineediversite.com\/index.php\/2018\/11\/27\/rdc-pas-dobservateurs-de-lunion-europeenne-aux-elections-du-23-decembre\/\"]}]},{\"@type\":\"ImageObject\",\"inLanguage\":\"fr-FR\",\"@id\":\"https:\/\/guineediversite.com\/index.php\/2018\/11\/27\/rdc-pas-dobservateurs-de-lunion-europeenne-aux-elections-du-23-decembre\/#primaryimage\",\"url\":\"https:\/\/guineediversite.com\/wp-content\/uploads\/2018\/11\/machine_a_voter-e1534920700244-592x296-1538646754.jpg\",\"contentUrl\":\"https:\/\/guineediversite.com\/wp-content\/uploads\/2018\/11\/machine_a_voter-e1534920700244-592x296-1538646754.jpg\",\"width\":1900,\"height\":950},{\"@type\":\"BreadcrumbList\",\"@id\":\"https:\/\/guineediversite.com\/index.php\/2018\/11\/27\/rdc-pas-dobservateurs-de-lunion-europeenne-aux-elections-du-23-decembre\/#breadcrumb\",\"itemListElement\":[{\"@type\":\"ListItem\",\"position\":1,\"name\":\"Accueil\",\"item\":\"https:\/\/guineediversite.com\/\"},{\"@type\":\"ListItem\",\"position\":2,\"name\":\"RDC : pas d\u2019observateurs de l\u2019Union europ\u00e9enne aux \u00e9lections du 23 d\u00e9cembre\"}]},{\"@type\":\"WebSite\",\"@id\":\"https:\/\/guineediversite.com\/#website\",\"url\":\"https:\/\/guineediversite.com\/\",\"name\":\"Guin\u00e9e Diversit\u00e9\",\"description\":\"L&#039;Info dans toute sa diversit\u00e9\",\"publisher\":{\"@id\":\"https:\/\/guineediversite.com\/#organization\"},\"potentialAction\":[{\"@type\":\"SearchAction\",\"target\":{\"@type\":\"EntryPoint\",\"urlTemplate\":\"https:\/\/guineediversite.com\/?s={search_term_string}\"},\"query-input\":{\"@type\":\"PropertyValueSpecification\",\"valueRequired\":true,\"valueName\":\"search_term_string\"}}],\"inLanguage\":\"fr-FR\"},{\"@type\":\"Organization\",\"@id\":\"https:\/\/guineediversite.com\/#organization\",\"name\":\"Guin\u00e9e Diversit\u00e9\",\"url\":\"https:\/\/guineediversite.com\/\",\"logo\":{\"@type\":\"ImageObject\",\"inLanguage\":\"fr-FR\",\"@id\":\"https:\/\/guineediversite.com\/#\/schema\/logo\/image\/\",\"url\":\"https:\/\/guineediversite.com\/wp-content\/uploads\/2017\/04\/cropped-1jojlxEOMkX9Wyqfhe43D6kjPOGqBBKmx3EwWJqZ0cMrFF54yM49.png\",\"contentUrl\":\"https:\/\/guineediversite.com\/wp-content\/uploads\/2017\/04\/cropped-1jojlxEOMkX9Wyqfhe43D6kjPOGqBBKmx3EwWJqZ0cMrFF54yM49.png\",\"width\":186,\"height\":112,\"caption\":\"Guin\u00e9e Diversit\u00e9\"},\"image\":{\"@id\":\"https:\/\/guineediversite.com\/#\/schema\/logo\/image\/\"},\"sameAs\":[\"https:\/\/www.facebook.com\/guineediversite\/\",\"https:\/\/x.com\/GuineeDiversite\",\"https:\/\/www.youtube.com\/channel\/UC8sUY16qelG5ge6_D5SB83g\"]},{\"@type\":\"Person\",\"@id\":\"https:\/\/guineediversite.com\/#\/schema\/person\/afa08fb34e7fc6e1feafc892612bc836\",\"name\":\"Guin\u00e9e Diversit\u00e9\",\"image\":{\"@type\":\"ImageObject\",\"inLanguage\":\"fr-FR\",\"@id\":\"https:\/\/guineediversite.com\/#\/schema\/person\/image\/\",\"url\":\"https:\/\/secure.gravatar.com\/avatar\/50d5eb5b390f8b65ac30ac6f898eb83a?s=96&d=mm&r=g\",\"contentUrl\":\"https:\/\/secure.gravatar.com\/avatar\/50d5eb5b390f8b65ac30ac6f898eb83a?s=96&d=mm&r=g\",\"caption\":\"Guin\u00e9e Diversit\u00e9\"},\"url\":\"https:\/\/guineediversite.com\/index.php\/author\/guineediversite\/\"}]}<\/script>\n<!-- \/ Yoast SEO plugin. -->","yoast_head_json":{"title":"RDC : pas d\u2019observateurs de l\u2019Union europ\u00e9enne aux \u00e9lections du 23 d\u00e9cembre | Guin\u00e9e Diversit\u00e9","robots":{"index":"index","follow":"follow","max-snippet":"max-snippet:-1","max-image-preview":"max-image-preview:large","max-video-preview":"max-video-preview:-1"},"canonical":"https:\/\/guineediversite.com\/index.php\/2018\/11\/27\/rdc-pas-dobservateurs-de-lunion-europeenne-aux-elections-du-23-decembre\/","og_locale":"fr_FR","og_type":"article","og_title":"RDC : pas d\u2019observateurs de l\u2019Union europ\u00e9enne aux \u00e9lections du 23 d\u00e9cembre | Guin\u00e9e Diversit\u00e9","og_description":"Les observateurs de l&rsquo;Union europ\u00e9enne (UE) n&rsquo;ont pas \u00e9t\u00e9 invit\u00e9s \u00e0 superviser les \u00e9lections cruciales pr\u00e9vues en R\u00e9publique d\u00e9mocratique du Congo le 23 d\u00e9cembre, \u00e0 la diff\u00e9rence de leurs coll\u00e8gues de l&rsquo;Union africaine (UA), a-t-on appris lundi. \u200b\u00a0\u00ab\u00a0Il n\u2019y aura pas d\u2019invitations pour des observateurs de l\u2019Union europ\u00e9enne et ceux de la Fondation Carter\u00a0pour les [&hellip;]","og_url":"https:\/\/guineediversite.com\/index.php\/2018\/11\/27\/rdc-pas-dobservateurs-de-lunion-europeenne-aux-elections-du-23-decembre\/","og_site_name":"Guin\u00e9e Diversit\u00e9","article_publisher":"https:\/\/www.facebook.com\/guineediversite\/","article_published_time":"2018-11-27T11:18:56+00:00","og_image":[{"width":1900,"height":950,"url":"https:\/\/guineediversite.com\/wp-content\/uploads\/2018\/11\/machine_a_voter-e1534920700244-592x296-1538646754.jpg","type":"image\/jpeg"}],"author":"Guin\u00e9e Diversit\u00e9","twitter_card":"summary_large_image","twitter_creator":"@GuineeDiversite","twitter_site":"@GuineeDiversite","twitter_misc":{"\u00c9crit par":"Guin\u00e9e Diversit\u00e9","Dur\u00e9e de lecture estim\u00e9e":"2 minutes"},"schema":{"@context":"https:\/\/schema.org","@graph":[{"@type":"Article","@id":"https:\/\/guineediversite.com\/index.php\/2018\/11\/27\/rdc-pas-dobservateurs-de-lunion-europeenne-aux-elections-du-23-decembre\/#article","isPartOf":{"@id":"https:\/\/guineediversite.com\/index.php\/2018\/11\/27\/rdc-pas-dobservateurs-de-lunion-europeenne-aux-elections-du-23-decembre\/"},"author":{"name":"Guin\u00e9e Diversit\u00e9","@id":"https:\/\/guineediversite.com\/#\/schema\/person\/afa08fb34e7fc6e1feafc892612bc836"},"headline":"RDC : pas d\u2019observateurs de l\u2019Union europ\u00e9enne aux \u00e9lections du 23 d\u00e9cembre","datePublished":"2018-11-27T11:18:56+00:00","dateModified":"2018-11-27T11:18:56+00:00","mainEntityOfPage":{"@id":"https:\/\/guineediversite.com\/index.php\/2018\/11\/27\/rdc-pas-dobservateurs-de-lunion-europeenne-aux-elections-du-23-decembre\/"},"wordCount":457,"publisher":{"@id":"https:\/\/guineediversite.com\/#organization"},"image":{"@id":"https:\/\/guineediversite.com\/index.php\/2018\/11\/27\/rdc-pas-dobservateurs-de-lunion-europeenne-aux-elections-du-23-decembre\/#primaryimage"},"thumbnailUrl":"https:\/\/guineediversite.com\/wp-content\/uploads\/2018\/11\/machine_a_voter-e1534920700244-592x296-1538646754.jpg","articleSection":["International"],"inLanguage":"fr-FR"},{"@type":"WebPage","@id":"https:\/\/guineediversite.com\/index.php\/2018\/11\/27\/rdc-pas-dobservateurs-de-lunion-europeenne-aux-elections-du-23-decembre\/","url":"https:\/\/guineediversite.com\/index.php\/2018\/11\/27\/rdc-pas-dobservateurs-de-lunion-europeenne-aux-elections-du-23-decembre\/","name":"RDC : pas d\u2019observateurs de l\u2019Union europ\u00e9enne aux \u00e9lections du 23 d\u00e9cembre | Guin\u00e9e Diversit\u00e9","isPartOf":{"@id":"https:\/\/guineediversite.com\/#website"},"primaryImageOfPage":{"@id":"https:\/\/guineediversite.com\/index.php\/2018\/11\/27\/rdc-pas-dobservateurs-de-lunion-europeenne-aux-elections-du-23-decembre\/#primaryimage"},"image":{"@id":"https:\/\/guineediversite.com\/index.php\/2018\/11\/27\/rdc-pas-dobservateurs-de-lunion-europeenne-aux-elections-du-23-decembre\/#primaryimage"},"thumbnailUrl":"https:\/\/guineediversite.com\/wp-content\/uploads\/2018\/11\/machine_a_voter-e1534920700244-592x296-1538646754.jpg","datePublished":"2018-11-27T11:18:56+00:00","dateModified":"2018-11-27T11:18:56+00:00","breadcrumb":{"@id":"https:\/\/guineediversite.com\/index.php\/2018\/11\/27\/rdc-pas-dobservateurs-de-lunion-europeenne-aux-elections-du-23-decembre\/#breadcrumb"},"inLanguage":"fr-FR","potentialAction":[{"@type":"ReadAction","target":["https:\/\/guineediversite.com\/index.php\/2018\/11\/27\/rdc-pas-dobservateurs-de-lunion-europeenne-aux-elections-du-23-decembre\/"]}]},{"@type":"ImageObject","inLanguage":"fr-FR","@id":"https:\/\/guineediversite.com\/index.php\/2018\/11\/27\/rdc-pas-dobservateurs-de-lunion-europeenne-aux-elections-du-23-decembre\/#primaryimage","url":"https:\/\/guineediversite.com\/wp-content\/uploads\/2018\/11\/machine_a_voter-e1534920700244-592x296-1538646754.jpg","contentUrl":"https:\/\/guineediversite.com\/wp-content\/uploads\/2018\/11\/machine_a_voter-e1534920700244-592x296-1538646754.jpg","width":1900,"height":950},{"@type":"BreadcrumbList","@id":"https:\/\/guineediversite.com\/index.php\/2018\/11\/27\/rdc-pas-dobservateurs-de-lunion-europeenne-aux-elections-du-23-decembre\/#breadcrumb","itemListElement":[{"@type":"ListItem","position":1,"name":"Accueil","item":"https:\/\/guineediversite.com\/"},{"@type":"ListItem","position":2,"name":"RDC : pas d\u2019observateurs de l\u2019Union europ\u00e9enne aux \u00e9lections du 23 d\u00e9cembre"}]},{"@type":"WebSite","@id":"https:\/\/guineediversite.com\/#website","url":"https:\/\/guineediversite.com\/","name":"Guin\u00e9e Diversit\u00e9","description":"L&#039;Info dans toute sa diversit\u00e9","publisher":{"@id":"https:\/\/guineediversite.com\/#organization"},"potentialAction":[{"@type":"SearchAction","target":{"@type":"EntryPoint","urlTemplate":"https:\/\/guineediversite.com\/?s={search_term_string}"},"query-input":{"@type":"PropertyValueSpecification","valueRequired":true,"valueName":"search_term_string"}}],"inLanguage":"fr-FR"},{"@type":"Organization","@id":"https:\/\/guineediversite.com\/#organization","name":"Guin\u00e9e Diversit\u00e9","url":"https:\/\/guineediversite.com\/","logo":{"@type":"ImageObject","inLanguage":"fr-FR","@id":"https:\/\/guineediversite.com\/#\/schema\/logo\/image\/","url":"https:\/\/guineediversite.com\/wp-content\/uploads\/2017\/04\/cropped-1jojlxEOMkX9Wyqfhe43D6kjPOGqBBKmx3EwWJqZ0cMrFF54yM49.png","contentUrl":"https:\/\/guineediversite.com\/wp-content\/uploads\/2017\/04\/cropped-1jojlxEOMkX9Wyqfhe43D6kjPOGqBBKmx3EwWJqZ0cMrFF54yM49.png","width":186,"height":112,"caption":"Guin\u00e9e Diversit\u00e9"},"image":{"@id":"https:\/\/guineediversite.com\/#\/schema\/logo\/image\/"},"sameAs":["https:\/\/www.facebook.com\/guineediversite\/","https:\/\/x.com\/GuineeDiversite","https:\/\/www.youtube.com\/channel\/UC8sUY16qelG5ge6_D5SB83g"]},{"@type":"Person","@id":"https:\/\/guineediversite.com\/#\/schema\/person\/afa08fb34e7fc6e1feafc892612bc836","name":"Guin\u00e9e Diversit\u00e9","image":{"@type":"ImageObject","inLanguage":"fr-FR","@id":"https:\/\/guineediversite.com\/#\/schema\/person\/image\/","url":"https:\/\/secure.gravatar.com\/avatar\/50d5eb5b390f8b65ac30ac6f898eb83a?s=96&d=mm&r=g","contentUrl":"https:\/\/secure.gravatar.com\/avatar\/50d5eb5b390f8b65ac30ac6f898eb83a?s=96&d=mm&r=g","caption":"Guin\u00e9e Diversit\u00e9"},"url":"https:\/\/guineediversite.com\/index.php\/author\/guineediversite\/"}]}},"_links":{"self":[{"href":"https:\/\/guineediversite.com\/index.php\/wp-json\/wp\/v2\/posts\/27398"}],"collection":[{"href":"https:\/\/guineediversite.com\/index.php\/wp-json\/wp\/v2\/posts"}],"about":[{"href":"https:\/\/guineediversite.com\/index.php\/wp-json\/wp\/v2\/types\/post"}],"author":[{"embeddable":true,"href":"https:\/\/guineediversite.com\/index.php\/wp-json\/wp\/v2\/users\/12"}],"replies":[{"embeddable":true,"href":"https:\/\/guineediversite.com\/index.php\/wp-json\/wp\/v2\/comments?post=27398"}],"version-history":[{"count":0,"href":"https:\/\/guineediversite.com\/index.php\/wp-json\/wp\/v2\/posts\/27398\/revisions"}],"wp:featuredmedia":[{"embeddable":true,"href":"https:\/\/guineediversite.com\/index.php\/wp-json\/wp\/v2\/media\/27399"}],"wp:attachment":[{"href":"https:\/\/guineediversite.com\/index.php\/wp-json\/wp\/v2\/media?parent=27398"}],"wp:term":[{"taxonomy":"category","embeddable":true,"href":"https:\/\/guineediversite.com\/index.php\/wp-json\/wp\/v2\/categories?post=27398"},{"taxonomy":"post_tag","embeddable":true,"href":"https:\/\/guineediversite.com\/index.php\/wp-json\/wp\/v2\/tags?post=27398"}],"curies":[{"name":"wp","href":"https:\/\/api.w.org\/{rel}","templated":true}]}}