{"id":27391,"date":"2018-11-26T13:53:48","date_gmt":"2018-11-26T12:53:48","guid":{"rendered":"https:\/\/guineediversite.com\/?p=27391"},"modified":"2018-11-26T13:53:48","modified_gmt":"2018-11-26T12:53:48","slug":"didier-drogba-annonce-la-fin-de-sa-carriere-dans-le-football","status":"publish","type":"post","link":"https:\/\/guineediversite.com\/index.php\/2018\/11\/26\/didier-drogba-annonce-la-fin-de-sa-carriere-dans-le-football\/","title":{"rendered":"Didier Drogba annonce la fin de sa carri\u00e8re dans le football"},"content":{"rendered":"<p>A 40 ans, Didier Drogba a disput\u00e9 le 9 novembre 2018 \u00e0 Louisville aux \u00c9tats-Unis, en finale de l&rsquo;USL Cup, une comp\u00e9tition nord-am\u00e9ricaine le dernier match de sa carri\u00e8re professionnelle de footballeur. L&rsquo;attaquant a annonc\u00e9 dans la nuit du 21 au 22 novembre sa r\u00e9v\u00e9rence sur son compte twitter apr\u00e8s deux d\u00e9cennies marqu\u00e9es par ses glorieuses ann\u00e9es \u00e0 Chelsea en (Angleterre) et ses exploits en \u00e9quipe Ivoirienne.<br \/>\nC&rsquo;est l&rsquo;un des meilleures joueurs Africains de l&rsquo;histoire et sans doute l&rsquo;un des quatre ou cinq meilleurs attaquants qu\u2019ait vu na\u00eetre le continent. Didier Yves Drogba T\u00e9bily\u00a0 a v\u00e9cu, \u00e0 40 ans, 7 mois, et 26 jours, le dernier match son immense carri\u00e8re de footballeur. Une carri\u00e8re qui a donc men\u00e9 de petits clubs fran\u00e7ais, o\u00f9 il a pris son temps pour arriver aux sommets des foots Europ\u00e9en, Africain et mondial.<br \/>\nEn 2008, il y a dix ans D.Drogba publiait d\u00e9j\u00e0 une autobiographie avec le journaliste et consultant de RFI, Hev\u00e9 Penot\u00a0 c&rsquo;\u00e9tait pas gagn\u00e9. Un titre \u00e9vocateur du parcours tortueux pour le natif d&rsquo;Abidjan, envoy\u00e9 \u00e0 l&rsquo;\u00e2ge de 5 ans chez un oncle footballeur\u00a0 en France.<\/p>\n<p>Un pays o\u00f9 l&rsquo;ex-gamin de Yopougon parfait lentement mais s\u00fbrement montre\u00a0 ses qualit\u00e9s dans le club le Mans (1997-1998) o\u00f9 il \u00e9volue en tant que professionnel de 1998 \u00e0 2002. Le club Manceau est r\u00e9put\u00e9 pour d\u00e9tecter et former des joueurs Africains de talent.<\/p>\n<p>Mais c&rsquo;est \u00e0 Guingamp, aux c\u00f4t\u00e9s du futur international Fran\u00e7ais Florent Malouda, que D.Drogba se r\u00e9v\u00e8le. Une saison 2002-2003 qui attise la convoitise de l&rsquo;Olympique de Marseille qui \u00e9tait le club le plus populaire de France, en fait vite sa star, 2003-2004.<\/p>\n<p>A raison, en l&rsquo;espace de quelques mois, l&rsquo;avant centre empile les buts spectaculaires, que ce soit en championnat de France ou en coupe d&rsquo;Europe.<br \/>\nDevenue le roi d&rsquo;Angleterre en ligue des champions, il a notamment brill\u00e9 face \u00e0 FC Porto de Jos\u00e9 Mourinho. L&rsquo;\u00e9t\u00e9 qui suit le portugais insiste donc pour faire venir D.Drogba dans son nouveau club de Chelsea. L&rsquo;OM c\u00e8de son joueur contre un ch\u00e8que d&rsquo;une trentaine de millions d&rsquo;euros, \u00e0 la grande col\u00e8re du joueur et des supporteurs olympiens.<\/p>\n<p>L&rsquo;Ivoirien est tout d&rsquo;abord assez peu \u00e9panoui en Angleterre. Ses premiers mois sont perturb\u00e9s par des p\u00e9pins physiques mais il trouve n\u00e9anmoins le chemin des filets, surtout son entente avec Jos\u00e9 Mourinho est exceptionnelle et leur collaboration est fructueuse. Didier Drogba se forge un palmar\u00e8s avec deux championnats d\u2019Angleterre (2005 et 2006)\u00a0 et d&rsquo;autres titres.<br \/>\nM\u00eame lorsque Mourinho quitte Chelsea en pleine saison 2007- 2008, l&rsquo;int\u00e9ress\u00e9 ne se d\u00e9montre pas et reste la valeur s\u00fbre des\u00a0 bleues, que ce soit sous la direction de\u00a0 Avram Grant l\u2019Isra\u00e9lien, Luiz Felipe Scolari le Br\u00e9silien, Guus Hiddink N\u00e9erlandais, Carlo Anceloti l&rsquo;italien,\u00a0 Andr\u00e9s Villas Boas le portugais, ou l&rsquo;italien Roberto Di Matteo durant les cinq ann\u00e9es suivantes.<\/p>\n<p>Didier Drogba devenue la nouvelle \u00e9toile Europ\u00e9enne de football, garnit\u00a0 sans cesse son armoire avec des troph\u00e9es nationaux, en Europe, en revanche, il peine \u00e0 parvenir au sommet. Exclut en finale de la ligue des champions 2007-2008, il s&rsquo;incline face \u00e0 Manchester United. Lors de l&rsquo;\u00e9dition suivante, il p\u00e8te les plombs apr\u00e8s une demi-finale retour houleuse face au FC. Barcelone, l\u00e2chant\u00a0 au sujet de l&rsquo;arbitrage, devant une cam\u00e9ra:\u00a0\u00ab\u00a0Vous avez vu \u00e7a ? C&rsquo;est une honte&#8230;C&rsquo;est une putain de honte!\u00a0\u00bb Un \u00e9cart de conduite qui lui vau quatre matchs de suspension.<\/p>\n<p>C&rsquo;est en 2012, alors que Chelsea et ses trois piliers D. Drogba- John Terry- Frank Lampard semble sur le d\u00e9clin que les Bloues deviennent champions d&rsquo;Europe. Apr\u00e8s un parcours plein de hargne, ils triomphent en finale du Bayerne Munich \u00e0 la tire au but, avec une \u00e9galisation de l&rsquo;Ivoirien durant le temps r\u00e8glementaire.<\/p>\n<p>Peu apr\u00e8s le sacre, D.Drogba d\u00e9cide de quitter Chelsea apr\u00e8s un moins d&rsquo;une\u00a0 d\u00e9cennie pour aller en Chine, au Shangha\u00ef Shenhua.\u00a0 Une exp\u00e9rience 2012-2013 peu stimulante. La superstar rebondit donc\u00a0 en Turquie \u00e0 Galatasaray un championnat dans un club plus comp\u00e9titif o\u00f9 les supporteurs en font une\u00a0 ic\u00f4ne absolue.<br \/>\nApr\u00e8s quelques mois il retrouve Mourinho \u00e0 Chelsea pour une pige qui lui permet d&rsquo;ajouter un cinqui\u00e8me championnat d&rsquo;Angleterre dans son CV.<\/p>\n<p>La suite, un s\u00e9jour en Am\u00e9rique du Nord. D&rsquo;abord \u00e0 l&rsquo;Impact Montr\u00e9al une \u00e9quipe de la major League soccer\u00a0 en 2015-2016. Puis une ultime exp\u00e9rience au Phoenix Rising FC, une plus modeste formation, en 2017 et 2018 dont il devient par ailleurs dirigeant.<\/p>\n<p>Didier Drogba\u00a0\u00a0 a donc brill\u00e9 sur trois continent, mais surtout \u00e0 travers l&rsquo;Afrique, avec l&rsquo;\u00e9quipe nationale Ivoirienne. Il a v\u00e9cu ses \u00e9motions les plus fortes. Il y&rsquo;a \u00e9videmment cette qualification historique pour la coupe du monde 2006. Depuis Khartoum au Soudan, l&rsquo;attaquant lance un appel vibrant \u00e0 la paix dans son pays, ravag\u00e9 par la guerre. &lt;&lt; D\u00e9poser les armes. Organiser des \u00e9lections&gt;&gt;, r\u00e9clame t-il.<\/p>\n<p>Sa popularit\u00e9 s&rsquo;accentue encore en 2006 en m\u00e8nent les \u00e9l\u00e9phants jusqu&rsquo;en finale de la Coupe d&rsquo;Afrique des Nations pourtant remport\u00e9e par\u00a0 le pays h\u00f4te l&rsquo;\u00c9gypte. Une terrible frustration. Drogba va perdre une deuxi\u00e8me finale \u00e0 la CAN2012, face \u00e0 la Zambie. Et il ne sera pas de celle remport\u00e9e par ses ex-partenaires en 2015 en Guin\u00e9e Equatoriale.<\/p>\n<ol>\n<li>Drogba\u00a0 devient une star plan\u00e9taire en jouant trois phases finale de la Coupe du monde, avec la s\u00e9lection Ivoirienne en 2006, 2010, et 2014 se soldent par ailleurs par des \u00e9liminations rageantes des le premier tour.<\/li>\n<li>Drogba \u00e0 jouer 679 matchs, en inscrivant 367 buts, 106 matchs pour la s\u00e9lection Ivoirienne et 66 buts. Une carri\u00e8re riche et immense.<\/li>\n<\/ol>\n","protected":false},"excerpt":{"rendered":"<p>A 40 ans, Didier Drogba a disput\u00e9 le 9 novembre 2018 \u00e0 Louisville aux \u00c9tats-Unis, en finale de l&rsquo;USL Cup, une comp\u00e9tition nord-am\u00e9ricaine le dernier match de sa carri\u00e8re professionnelle de footballeur. L&rsquo;attaquant a annonc\u00e9 dans la nuit du 21 au 22 novembre sa r\u00e9v\u00e9rence sur son compte twitter apr\u00e8s deux d\u00e9cennies marqu\u00e9es par ses [&hellip;]<\/p>\n","protected":false},"author":12,"featured_media":27392,"comment_status":"closed","ping_status":"closed","sticky":false,"template":"","format":"standard","meta":{"_exactmetrics_skip_tracking":false,"_exactmetrics_sitenote_active":false,"_exactmetrics_sitenote_note":"","_exactmetrics_sitenote_category":0,"tdm_status":"","tdm_grid_status":"","footnotes":""},"categories":[18],"tags":[],"class_list":{"0":"post-27391","1":"post","2":"type-post","3":"status-publish","4":"format-standard","5":"has-post-thumbnail","7":"category-sport"},"yoast_head":"<!-- This site is optimized with the Yoast SEO plugin v24.2 - https:\/\/yoast.com\/wordpress\/plugins\/seo\/ -->\n<title>Didier Drogba annonce la fin de sa carri\u00e8re dans le football | Guin\u00e9e Diversit\u00e9<\/title>\n<meta name=\"robots\" content=\"index, follow, max-snippet:-1, max-image-preview:large, max-video-preview:-1\" \/>\n<link rel=\"canonical\" href=\"https:\/\/guineediversite.com\/index.php\/2018\/11\/26\/didier-drogba-annonce-la-fin-de-sa-carriere-dans-le-football\/\" \/>\n<meta property=\"og:locale\" content=\"fr_FR\" \/>\n<meta property=\"og:type\" content=\"article\" \/>\n<meta property=\"og:title\" content=\"Didier Drogba annonce la fin de sa carri\u00e8re dans le football | Guin\u00e9e Diversit\u00e9\" \/>\n<meta property=\"og:description\" content=\"A 40 ans, Didier Drogba a disput\u00e9 le 9 novembre 2018 \u00e0 Louisville aux \u00c9tats-Unis, en finale de l&rsquo;USL Cup, une comp\u00e9tition nord-am\u00e9ricaine le dernier match de sa carri\u00e8re professionnelle de footballeur. L&rsquo;attaquant a annonc\u00e9 dans la nuit du 21 au 22 novembre sa r\u00e9v\u00e9rence sur son compte twitter apr\u00e8s deux d\u00e9cennies marqu\u00e9es par ses [&hellip;]\" \/>\n<meta property=\"og:url\" content=\"https:\/\/guineediversite.com\/index.php\/2018\/11\/26\/didier-drogba-annonce-la-fin-de-sa-carriere-dans-le-football\/\" \/>\n<meta property=\"og:site_name\" content=\"Guin\u00e9e Diversit\u00e9\" \/>\n<meta property=\"article:publisher\" content=\"https:\/\/www.facebook.com\/guineediversite\/\" \/>\n<meta property=\"article:published_time\" content=\"2018-11-26T12:53:48+00:00\" \/>\n<meta property=\"og:image\" content=\"https:\/\/guineediversite.com\/wp-content\/uploads\/2018\/11\/t_500x300.jpg\" \/>\n\t<meta property=\"og:image:width\" content=\"1024\" \/>\n\t<meta property=\"og:image:height\" content=\"1365\" \/>\n\t<meta property=\"og:image:type\" content=\"image\/jpeg\" \/>\n<meta name=\"author\" content=\"Guin\u00e9e Diversit\u00e9\" \/>\n<meta name=\"twitter:card\" content=\"summary_large_image\" \/>\n<meta name=\"twitter:creator\" content=\"@GuineeDiversite\" \/>\n<meta name=\"twitter:site\" content=\"@GuineeDiversite\" \/>\n<meta name=\"twitter:label1\" content=\"\u00c9crit par\" \/>\n\t<meta name=\"twitter:data1\" content=\"Guin\u00e9e Diversit\u00e9\" \/>\n\t<meta name=\"twitter:label2\" content=\"Dur\u00e9e de lecture estim\u00e9e\" \/>\n\t<meta name=\"twitter:data2\" content=\"5 minutes\" \/>\n<script type=\"application\/ld+json\" class=\"yoast-schema-graph\">{\"@context\":\"https:\/\/schema.org\",\"@graph\":[{\"@type\":\"Article\",\"@id\":\"https:\/\/guineediversite.com\/index.php\/2018\/11\/26\/didier-drogba-annonce-la-fin-de-sa-carriere-dans-le-football\/#article\",\"isPartOf\":{\"@id\":\"https:\/\/guineediversite.com\/index.php\/2018\/11\/26\/didier-drogba-annonce-la-fin-de-sa-carriere-dans-le-football\/\"},\"author\":{\"name\":\"Guin\u00e9e Diversit\u00e9\",\"@id\":\"https:\/\/guineediversite.com\/#\/schema\/person\/afa08fb34e7fc6e1feafc892612bc836\"},\"headline\":\"Didier Drogba annonce la fin de sa carri\u00e8re dans le football\",\"datePublished\":\"2018-11-26T12:53:48+00:00\",\"dateModified\":\"2018-11-26T12:53:48+00:00\",\"mainEntityOfPage\":{\"@id\":\"https:\/\/guineediversite.com\/index.php\/2018\/11\/26\/didier-drogba-annonce-la-fin-de-sa-carriere-dans-le-football\/\"},\"wordCount\":1004,\"publisher\":{\"@id\":\"https:\/\/guineediversite.com\/#organization\"},\"image\":{\"@id\":\"https:\/\/guineediversite.com\/index.php\/2018\/11\/26\/didier-drogba-annonce-la-fin-de-sa-carriere-dans-le-football\/#primaryimage\"},\"thumbnailUrl\":\"https:\/\/guineediversite.com\/wp-content\/uploads\/2018\/11\/t_500x300.jpg\",\"articleSection\":[\"Sport\"],\"inLanguage\":\"fr-FR\"},{\"@type\":\"WebPage\",\"@id\":\"https:\/\/guineediversite.com\/index.php\/2018\/11\/26\/didier-drogba-annonce-la-fin-de-sa-carriere-dans-le-football\/\",\"url\":\"https:\/\/guineediversite.com\/index.php\/2018\/11\/26\/didier-drogba-annonce-la-fin-de-sa-carriere-dans-le-football\/\",\"name\":\"Didier Drogba annonce la fin de sa carri\u00e8re dans le football | Guin\u00e9e Diversit\u00e9\",\"isPartOf\":{\"@id\":\"https:\/\/guineediversite.com\/#website\"},\"primaryImageOfPage\":{\"@id\":\"https:\/\/guineediversite.com\/index.php\/2018\/11\/26\/didier-drogba-annonce-la-fin-de-sa-carriere-dans-le-football\/#primaryimage\"},\"image\":{\"@id\":\"https:\/\/guineediversite.com\/index.php\/2018\/11\/26\/didier-drogba-annonce-la-fin-de-sa-carriere-dans-le-football\/#primaryimage\"},\"thumbnailUrl\":\"https:\/\/guineediversite.com\/wp-content\/uploads\/2018\/11\/t_500x300.jpg\",\"datePublished\":\"2018-11-26T12:53:48+00:00\",\"dateModified\":\"2018-11-26T12:53:48+00:00\",\"breadcrumb\":{\"@id\":\"https:\/\/guineediversite.com\/index.php\/2018\/11\/26\/didier-drogba-annonce-la-fin-de-sa-carriere-dans-le-football\/#breadcrumb\"},\"inLanguage\":\"fr-FR\",\"potentialAction\":[{\"@type\":\"ReadAction\",\"target\":[\"https:\/\/guineediversite.com\/index.php\/2018\/11\/26\/didier-drogba-annonce-la-fin-de-sa-carriere-dans-le-football\/\"]}]},{\"@type\":\"ImageObject\",\"inLanguage\":\"fr-FR\",\"@id\":\"https:\/\/guineediversite.com\/index.php\/2018\/11\/26\/didier-drogba-annonce-la-fin-de-sa-carriere-dans-le-football\/#primaryimage\",\"url\":\"https:\/\/guineediversite.com\/wp-content\/uploads\/2018\/11\/t_500x300.jpg\",\"contentUrl\":\"https:\/\/guineediversite.com\/wp-content\/uploads\/2018\/11\/t_500x300.jpg\",\"width\":1024,\"height\":1365},{\"@type\":\"BreadcrumbList\",\"@id\":\"https:\/\/guineediversite.com\/index.php\/2018\/11\/26\/didier-drogba-annonce-la-fin-de-sa-carriere-dans-le-football\/#breadcrumb\",\"itemListElement\":[{\"@type\":\"ListItem\",\"position\":1,\"name\":\"Accueil\",\"item\":\"https:\/\/guineediversite.com\/\"},{\"@type\":\"ListItem\",\"position\":2,\"name\":\"Didier Drogba annonce la fin de sa carri\u00e8re dans le football\"}]},{\"@type\":\"WebSite\",\"@id\":\"https:\/\/guineediversite.com\/#website\",\"url\":\"https:\/\/guineediversite.com\/\",\"name\":\"Guin\u00e9e Diversit\u00e9\",\"description\":\"L&#039;Info dans toute sa diversit\u00e9\",\"publisher\":{\"@id\":\"https:\/\/guineediversite.com\/#organization\"},\"potentialAction\":[{\"@type\":\"SearchAction\",\"target\":{\"@type\":\"EntryPoint\",\"urlTemplate\":\"https:\/\/guineediversite.com\/?s={search_term_string}\"},\"query-input\":{\"@type\":\"PropertyValueSpecification\",\"valueRequired\":true,\"valueName\":\"search_term_string\"}}],\"inLanguage\":\"fr-FR\"},{\"@type\":\"Organization\",\"@id\":\"https:\/\/guineediversite.com\/#organization\",\"name\":\"Guin\u00e9e Diversit\u00e9\",\"url\":\"https:\/\/guineediversite.com\/\",\"logo\":{\"@type\":\"ImageObject\",\"inLanguage\":\"fr-FR\",\"@id\":\"https:\/\/guineediversite.com\/#\/schema\/logo\/image\/\",\"url\":\"https:\/\/guineediversite.com\/wp-content\/uploads\/2017\/04\/cropped-1jojlxEOMkX9Wyqfhe43D6kjPOGqBBKmx3EwWJqZ0cMrFF54yM49.png\",\"contentUrl\":\"https:\/\/guineediversite.com\/wp-content\/uploads\/2017\/04\/cropped-1jojlxEOMkX9Wyqfhe43D6kjPOGqBBKmx3EwWJqZ0cMrFF54yM49.png\",\"width\":186,\"height\":112,\"caption\":\"Guin\u00e9e Diversit\u00e9\"},\"image\":{\"@id\":\"https:\/\/guineediversite.com\/#\/schema\/logo\/image\/\"},\"sameAs\":[\"https:\/\/www.facebook.com\/guineediversite\/\",\"https:\/\/x.com\/GuineeDiversite\",\"https:\/\/www.youtube.com\/channel\/UC8sUY16qelG5ge6_D5SB83g\"]},{\"@type\":\"Person\",\"@id\":\"https:\/\/guineediversite.com\/#\/schema\/person\/afa08fb34e7fc6e1feafc892612bc836\",\"name\":\"Guin\u00e9e Diversit\u00e9\",\"image\":{\"@type\":\"ImageObject\",\"inLanguage\":\"fr-FR\",\"@id\":\"https:\/\/guineediversite.com\/#\/schema\/person\/image\/\",\"url\":\"https:\/\/secure.gravatar.com\/avatar\/50d5eb5b390f8b65ac30ac6f898eb83a?s=96&d=mm&r=g\",\"contentUrl\":\"https:\/\/secure.gravatar.com\/avatar\/50d5eb5b390f8b65ac30ac6f898eb83a?s=96&d=mm&r=g\",\"caption\":\"Guin\u00e9e Diversit\u00e9\"},\"url\":\"https:\/\/guineediversite.com\/index.php\/author\/guineediversite\/\"}]}<\/script>\n<!-- \/ Yoast SEO plugin. -->","yoast_head_json":{"title":"Didier Drogba annonce la fin de sa carri\u00e8re dans le football | Guin\u00e9e Diversit\u00e9","robots":{"index":"index","follow":"follow","max-snippet":"max-snippet:-1","max-image-preview":"max-image-preview:large","max-video-preview":"max-video-preview:-1"},"canonical":"https:\/\/guineediversite.com\/index.php\/2018\/11\/26\/didier-drogba-annonce-la-fin-de-sa-carriere-dans-le-football\/","og_locale":"fr_FR","og_type":"article","og_title":"Didier Drogba annonce la fin de sa carri\u00e8re dans le football | Guin\u00e9e Diversit\u00e9","og_description":"A 40 ans, Didier Drogba a disput\u00e9 le 9 novembre 2018 \u00e0 Louisville aux \u00c9tats-Unis, en finale de l&rsquo;USL Cup, une comp\u00e9tition nord-am\u00e9ricaine le dernier match de sa carri\u00e8re professionnelle de footballeur. L&rsquo;attaquant a annonc\u00e9 dans la nuit du 21 au 22 novembre sa r\u00e9v\u00e9rence sur son compte twitter apr\u00e8s deux d\u00e9cennies marqu\u00e9es par ses [&hellip;]","og_url":"https:\/\/guineediversite.com\/index.php\/2018\/11\/26\/didier-drogba-annonce-la-fin-de-sa-carriere-dans-le-football\/","og_site_name":"Guin\u00e9e Diversit\u00e9","article_publisher":"https:\/\/www.facebook.com\/guineediversite\/","article_published_time":"2018-11-26T12:53:48+00:00","og_image":[{"width":1024,"height":1365,"url":"https:\/\/guineediversite.com\/wp-content\/uploads\/2018\/11\/t_500x300.jpg","type":"image\/jpeg"}],"author":"Guin\u00e9e Diversit\u00e9","twitter_card":"summary_large_image","twitter_creator":"@GuineeDiversite","twitter_site":"@GuineeDiversite","twitter_misc":{"\u00c9crit par":"Guin\u00e9e Diversit\u00e9","Dur\u00e9e de lecture estim\u00e9e":"5 minutes"},"schema":{"@context":"https:\/\/schema.org","@graph":[{"@type":"Article","@id":"https:\/\/guineediversite.com\/index.php\/2018\/11\/26\/didier-drogba-annonce-la-fin-de-sa-carriere-dans-le-football\/#article","isPartOf":{"@id":"https:\/\/guineediversite.com\/index.php\/2018\/11\/26\/didier-drogba-annonce-la-fin-de-sa-carriere-dans-le-football\/"},"author":{"name":"Guin\u00e9e Diversit\u00e9","@id":"https:\/\/guineediversite.com\/#\/schema\/person\/afa08fb34e7fc6e1feafc892612bc836"},"headline":"Didier Drogba annonce la fin de sa carri\u00e8re dans le football","datePublished":"2018-11-26T12:53:48+00:00","dateModified":"2018-11-26T12:53:48+00:00","mainEntityOfPage":{"@id":"https:\/\/guineediversite.com\/index.php\/2018\/11\/26\/didier-drogba-annonce-la-fin-de-sa-carriere-dans-le-football\/"},"wordCount":1004,"publisher":{"@id":"https:\/\/guineediversite.com\/#organization"},"image":{"@id":"https:\/\/guineediversite.com\/index.php\/2018\/11\/26\/didier-drogba-annonce-la-fin-de-sa-carriere-dans-le-football\/#primaryimage"},"thumbnailUrl":"https:\/\/guineediversite.com\/wp-content\/uploads\/2018\/11\/t_500x300.jpg","articleSection":["Sport"],"inLanguage":"fr-FR"},{"@type":"WebPage","@id":"https:\/\/guineediversite.com\/index.php\/2018\/11\/26\/didier-drogba-annonce-la-fin-de-sa-carriere-dans-le-football\/","url":"https:\/\/guineediversite.com\/index.php\/2018\/11\/26\/didier-drogba-annonce-la-fin-de-sa-carriere-dans-le-football\/","name":"Didier Drogba annonce la fin de sa carri\u00e8re dans le football | Guin\u00e9e Diversit\u00e9","isPartOf":{"@id":"https:\/\/guineediversite.com\/#website"},"primaryImageOfPage":{"@id":"https:\/\/guineediversite.com\/index.php\/2018\/11\/26\/didier-drogba-annonce-la-fin-de-sa-carriere-dans-le-football\/#primaryimage"},"image":{"@id":"https:\/\/guineediversite.com\/index.php\/2018\/11\/26\/didier-drogba-annonce-la-fin-de-sa-carriere-dans-le-football\/#primaryimage"},"thumbnailUrl":"https:\/\/guineediversite.com\/wp-content\/uploads\/2018\/11\/t_500x300.jpg","datePublished":"2018-11-26T12:53:48+00:00","dateModified":"2018-11-26T12:53:48+00:00","breadcrumb":{"@id":"https:\/\/guineediversite.com\/index.php\/2018\/11\/26\/didier-drogba-annonce-la-fin-de-sa-carriere-dans-le-football\/#breadcrumb"},"inLanguage":"fr-FR","potentialAction":[{"@type":"ReadAction","target":["https:\/\/guineediversite.com\/index.php\/2018\/11\/26\/didier-drogba-annonce-la-fin-de-sa-carriere-dans-le-football\/"]}]},{"@type":"ImageObject","inLanguage":"fr-FR","@id":"https:\/\/guineediversite.com\/index.php\/2018\/11\/26\/didier-drogba-annonce-la-fin-de-sa-carriere-dans-le-football\/#primaryimage","url":"https:\/\/guineediversite.com\/wp-content\/uploads\/2018\/11\/t_500x300.jpg","contentUrl":"https:\/\/guineediversite.com\/wp-content\/uploads\/2018\/11\/t_500x300.jpg","width":1024,"height":1365},{"@type":"BreadcrumbList","@id":"https:\/\/guineediversite.com\/index.php\/2018\/11\/26\/didier-drogba-annonce-la-fin-de-sa-carriere-dans-le-football\/#breadcrumb","itemListElement":[{"@type":"ListItem","position":1,"name":"Accueil","item":"https:\/\/guineediversite.com\/"},{"@type":"ListItem","position":2,"name":"Didier Drogba annonce la fin de sa carri\u00e8re dans le football"}]},{"@type":"WebSite","@id":"https:\/\/guineediversite.com\/#website","url":"https:\/\/guineediversite.com\/","name":"Guin\u00e9e Diversit\u00e9","description":"L&#039;Info dans toute sa diversit\u00e9","publisher":{"@id":"https:\/\/guineediversite.com\/#organization"},"potentialAction":[{"@type":"SearchAction","target":{"@type":"EntryPoint","urlTemplate":"https:\/\/guineediversite.com\/?s={search_term_string}"},"query-input":{"@type":"PropertyValueSpecification","valueRequired":true,"valueName":"search_term_string"}}],"inLanguage":"fr-FR"},{"@type":"Organization","@id":"https:\/\/guineediversite.com\/#organization","name":"Guin\u00e9e Diversit\u00e9","url":"https:\/\/guineediversite.com\/","logo":{"@type":"ImageObject","inLanguage":"fr-FR","@id":"https:\/\/guineediversite.com\/#\/schema\/logo\/image\/","url":"https:\/\/guineediversite.com\/wp-content\/uploads\/2017\/04\/cropped-1jojlxEOMkX9Wyqfhe43D6kjPOGqBBKmx3EwWJqZ0cMrFF54yM49.png","contentUrl":"https:\/\/guineediversite.com\/wp-content\/uploads\/2017\/04\/cropped-1jojlxEOMkX9Wyqfhe43D6kjPOGqBBKmx3EwWJqZ0cMrFF54yM49.png","width":186,"height":112,"caption":"Guin\u00e9e Diversit\u00e9"},"image":{"@id":"https:\/\/guineediversite.com\/#\/schema\/logo\/image\/"},"sameAs":["https:\/\/www.facebook.com\/guineediversite\/","https:\/\/x.com\/GuineeDiversite","https:\/\/www.youtube.com\/channel\/UC8sUY16qelG5ge6_D5SB83g"]},{"@type":"Person","@id":"https:\/\/guineediversite.com\/#\/schema\/person\/afa08fb34e7fc6e1feafc892612bc836","name":"Guin\u00e9e Diversit\u00e9","image":{"@type":"ImageObject","inLanguage":"fr-FR","@id":"https:\/\/guineediversite.com\/#\/schema\/person\/image\/","url":"https:\/\/secure.gravatar.com\/avatar\/50d5eb5b390f8b65ac30ac6f898eb83a?s=96&d=mm&r=g","contentUrl":"https:\/\/secure.gravatar.com\/avatar\/50d5eb5b390f8b65ac30ac6f898eb83a?s=96&d=mm&r=g","caption":"Guin\u00e9e Diversit\u00e9"},"url":"https:\/\/guineediversite.com\/index.php\/author\/guineediversite\/"}]}},"_links":{"self":[{"href":"https:\/\/guineediversite.com\/index.php\/wp-json\/wp\/v2\/posts\/27391"}],"collection":[{"href":"https:\/\/guineediversite.com\/index.php\/wp-json\/wp\/v2\/posts"}],"about":[{"href":"https:\/\/guineediversite.com\/index.php\/wp-json\/wp\/v2\/types\/post"}],"author":[{"embeddable":true,"href":"https:\/\/guineediversite.com\/index.php\/wp-json\/wp\/v2\/users\/12"}],"replies":[{"embeddable":true,"href":"https:\/\/guineediversite.com\/index.php\/wp-json\/wp\/v2\/comments?post=27391"}],"version-history":[{"count":0,"href":"https:\/\/guineediversite.com\/index.php\/wp-json\/wp\/v2\/posts\/27391\/revisions"}],"wp:featuredmedia":[{"embeddable":true,"href":"https:\/\/guineediversite.com\/index.php\/wp-json\/wp\/v2\/media\/27392"}],"wp:attachment":[{"href":"https:\/\/guineediversite.com\/index.php\/wp-json\/wp\/v2\/media?parent=27391"}],"wp:term":[{"taxonomy":"category","embeddable":true,"href":"https:\/\/guineediversite.com\/index.php\/wp-json\/wp\/v2\/categories?post=27391"},{"taxonomy":"post_tag","embeddable":true,"href":"https:\/\/guineediversite.com\/index.php\/wp-json\/wp\/v2\/tags?post=27391"}],"curies":[{"name":"wp","href":"https:\/\/api.w.org\/{rel}","templated":true}]}}