{"id":27380,"date":"2018-11-23T13:04:39","date_gmt":"2018-11-23T12:04:39","guid":{"rendered":"https:\/\/guineediversite.com\/?p=27380"},"modified":"2018-11-23T13:04:39","modified_gmt":"2018-11-23T12:04:39","slug":"frais-dinscription-a-luniversite-discriminatoire-pour-les-etudiants-africains","status":"publish","type":"post","link":"https:\/\/guineediversite.com\/index.php\/2018\/11\/23\/frais-dinscription-a-luniversite-discriminatoire-pour-les-etudiants-africains\/","title":{"rendered":"Frais d&rsquo;inscription \u00e0 l&rsquo;universit\u00e9: \u00abdiscriminatoire\u00bb pour les \u00e9tudiants africains"},"content":{"rendered":"<h2>En France, deux p\u00e9titions lanc\u00e9es \u00e0 l&rsquo;initiative d&rsquo;associations d&rsquo;\u00e9tudiants africains en France ont d\u00e9j\u00e0 recueillis en trois jours plus de 160000 signatures contre la d\u00e9cision annonc\u00e9e par le gouvernement fran\u00e7ais d&rsquo;augmenter substantiellement les frais d&rsquo;inscriptions dans les universit\u00e9s fran\u00e7aises, qui ont \u00e9t\u00e9 d\u00e9cupl\u00e9s. Les \u00e9tudiants africains qui constituent pr\u00e8s de la moiti\u00e9 des \u00e9tudiants \u00e9trangers en France d\u00e9noncent une d\u00e9cision qui va leur fermer la porte des ces universit\u00e9s, malgr\u00e9 les assurances de l&rsquo;Etat fran\u00e7ais.<\/h2>\n<p>La France est aujourd&rsquo;hui le 4e pays au monde -et le premier pays non anglophone- quant au nombre d&rsquo;\u00e9tudiants \u00e9trangers accueillis dans ses universit\u00e9s. Le plan pr\u00e9sent\u00e9 par le Premier ministre Edouard Philippe en d\u00e9but de semaine vise officiellement \u00e0 attirer plus de ces \u00e9tudiants, et \u00e0 les faire participer un peu plus au financement du syst\u00e8me universitaire fran\u00e7ais.<\/p>\n<p>Objectif chiffr\u00e9, faire passer leur nombre de plus de 320.000 \u00e0 500.000 \u00e0 l&rsquo;horizon 2027. Et pour financer ce programme, le gouvernement fran\u00e7ais va faire passer d\u00e8s la prochaine rentr\u00e9e acad\u00e9mique les frais d&rsquo;inscription pour les \u00e9tudiants \u00e9trangers de 170 \u00e0 2.770 euros en licence. Ils devront s&rsquo;acquitter de plus de 3.700 euros en master et doctorat contre quelque 240 \u20ac actuellement. Une mesure qui va frapper uniquement les \u00e9tudiants \u00e9trangers non europ\u00e9ens.<\/p>\n<p>\u25ba\u00a0<a href=\"http:\/\/www.rfi.fr\/afrique\/20181121-etudiants-etrangers-france-hausse-frais-inscription-2019\" target=\"_blank\" rel=\"noopener\">Etudiants \u00e9trangers en France: hausse des frais d&rsquo;inscription \u00e0 l&rsquo;horizon 2019<\/a><\/p>\n<p>Le gouvernement promet en \u00e9change de faciliter l&rsquo;obtention des visas, de titres de s\u00e9jour, d&rsquo;am\u00e9liorer les conditions d&rsquo;accueil des \u00e9tudiants d\u00e8s qu&rsquo;ils poseront le pied sur le sol fran\u00e7ais, d&rsquo;ouvrir des campus fran\u00e7ais \u00e0 l&rsquo;\u00e9tranger, mais aussi de tripler les quelque 7000 bourses d&rsquo;\u00e9tudes qui sont octroy\u00e9es aux \u00e9tudiants aujourd&rsquo;hui.<\/p>\n<p><strong>Un plan \u00abdiscriminatoire\u00bb<\/strong><\/p>\n<p>Mais pour les \u00e9tudiants d&rsquo;origine africaine, le calcul est vite fait. Leur nombre avoisine aujourd&rsquo;hui les 160000 et ils sont en tr\u00e8s grande majorit\u00e9 issus de milieux pauvres. Ils estiment donc que ce plan dont l&rsquo;objectif officiel est de \u00abfavoriser<\/p>\n<p>l&rsquo;attractivit\u00e9 des universit\u00e9s fran\u00e7aises\u00bb va plut\u00f4t fermer leurs portes aux ressortissants des pays francophones d&rsquo;Afrique. Un paradoxe \u00e0 leurs yeux.<\/p>\n<p>Depuis l&rsquo;annonce de ce plan, les \u00e9tudiants africains qui se sentent vis\u00e9s par une mesure que certains n&rsquo;h\u00e9sitent pas \u00e0 qualifier de \u00abbrutal\u00bb et \u00abdiscriminatoire\u00bb, sont sous le choc, nous explique Ousmane Bocar Diallo, un des leaders de la fronde qui regroupe les dizaines de milliers d&rsquo;\u00e9tudiants s\u00e9n\u00e9galais de France. Il explique que plusieurs associations d&rsquo;\u00e9tudiants ressortissants de sept pays africains ainsi que l&rsquo;Unef, le principal syndicat des \u00e9tudiants de France, se sont r\u00e9unies en collectif pour tenter de\u00a0<a href=\"https:\/\/www.change.org\/p\/edouard-philippe-non-%C3%A0-l-augmentation-des-frais-d-inscription-pour-les-%C3%A9tudiant-e-s-%C3%A9tranger-e-s\" target=\"_blank\" rel=\"noopener\"><strong>faire \u00e9chec<\/strong><\/a>\u00a0\u00e0 cette politique d&rsquo;exclusion.<\/p>\n<p>RFI<\/p>\n","protected":false},"excerpt":{"rendered":"<p>En France, deux p\u00e9titions lanc\u00e9es \u00e0 l&rsquo;initiative d&rsquo;associations d&rsquo;\u00e9tudiants africains en France ont d\u00e9j\u00e0 recueillis en trois jours plus de 160000 signatures contre la d\u00e9cision annonc\u00e9e par le gouvernement fran\u00e7ais d&rsquo;augmenter substantiellement les frais d&rsquo;inscriptions dans les universit\u00e9s fran\u00e7aises, qui ont \u00e9t\u00e9 d\u00e9cupl\u00e9s. Les \u00e9tudiants africains qui constituent pr\u00e8s de la moiti\u00e9 des \u00e9tudiants \u00e9trangers [&hellip;]<\/p>\n","protected":false},"author":12,"featured_media":27381,"comment_status":"closed","ping_status":"closed","sticky":false,"template":"","format":"standard","meta":{"_exactmetrics_skip_tracking":false,"_exactmetrics_sitenote_active":false,"_exactmetrics_sitenote_note":"","_exactmetrics_sitenote_category":0,"tdm_status":"","tdm_grid_status":"","footnotes":""},"categories":[21],"tags":[],"class_list":{"0":"post-27380","1":"post","2":"type-post","3":"status-publish","4":"format-standard","5":"has-post-thumbnail","7":"category-international"},"yoast_head":"<!-- This site is optimized with the Yoast SEO plugin v24.2 - https:\/\/yoast.com\/wordpress\/plugins\/seo\/ -->\n<title>Frais d&#039;inscription \u00e0 l&#039;universit\u00e9: \u00abdiscriminatoire\u00bb pour les \u00e9tudiants africains | Guin\u00e9e Diversit\u00e9<\/title>\n<meta name=\"robots\" content=\"index, follow, max-snippet:-1, max-image-preview:large, max-video-preview:-1\" \/>\n<link rel=\"canonical\" href=\"https:\/\/guineediversite.com\/index.php\/2018\/11\/23\/frais-dinscription-a-luniversite-discriminatoire-pour-les-etudiants-africains\/\" \/>\n<meta property=\"og:locale\" content=\"fr_FR\" \/>\n<meta property=\"og:type\" content=\"article\" \/>\n<meta property=\"og:title\" content=\"Frais d&#039;inscription \u00e0 l&#039;universit\u00e9: \u00abdiscriminatoire\u00bb pour les \u00e9tudiants africains | Guin\u00e9e Diversit\u00e9\" \/>\n<meta property=\"og:description\" content=\"En France, deux p\u00e9titions lanc\u00e9es \u00e0 l&rsquo;initiative d&rsquo;associations d&rsquo;\u00e9tudiants africains en France ont d\u00e9j\u00e0 recueillis en trois jours plus de 160000 signatures contre la d\u00e9cision annonc\u00e9e par le gouvernement fran\u00e7ais d&rsquo;augmenter substantiellement les frais d&rsquo;inscriptions dans les universit\u00e9s fran\u00e7aises, qui ont \u00e9t\u00e9 d\u00e9cupl\u00e9s. Les \u00e9tudiants africains qui constituent pr\u00e8s de la moiti\u00e9 des \u00e9tudiants \u00e9trangers [&hellip;]\" \/>\n<meta property=\"og:url\" content=\"https:\/\/guineediversite.com\/index.php\/2018\/11\/23\/frais-dinscription-a-luniversite-discriminatoire-pour-les-etudiants-africains\/\" \/>\n<meta property=\"og:site_name\" content=\"Guin\u00e9e Diversit\u00e9\" \/>\n<meta property=\"article:publisher\" content=\"https:\/\/www.facebook.com\/guineediversite\/\" \/>\n<meta property=\"article:published_time\" content=\"2018-11-23T12:04:39+00:00\" \/>\n<meta property=\"og:image\" content=\"https:\/\/guineediversite.com\/wp-content\/uploads\/2018\/11\/000_13g02a_0.jpg\" \/>\n\t<meta property=\"og:image:width\" content=\"1024\" \/>\n\t<meta property=\"og:image:height\" content=\"578\" \/>\n\t<meta property=\"og:image:type\" content=\"image\/jpeg\" \/>\n<meta name=\"author\" content=\"Guin\u00e9e Diversit\u00e9\" \/>\n<meta name=\"twitter:card\" content=\"summary_large_image\" \/>\n<meta name=\"twitter:creator\" content=\"@GuineeDiversite\" \/>\n<meta name=\"twitter:site\" content=\"@GuineeDiversite\" \/>\n<meta name=\"twitter:label1\" content=\"\u00c9crit par\" \/>\n\t<meta name=\"twitter:data1\" content=\"Guin\u00e9e Diversit\u00e9\" \/>\n\t<meta name=\"twitter:label2\" content=\"Dur\u00e9e de lecture estim\u00e9e\" \/>\n\t<meta name=\"twitter:data2\" content=\"2 minutes\" \/>\n<script type=\"application\/ld+json\" class=\"yoast-schema-graph\">{\"@context\":\"https:\/\/schema.org\",\"@graph\":[{\"@type\":\"Article\",\"@id\":\"https:\/\/guineediversite.com\/index.php\/2018\/11\/23\/frais-dinscription-a-luniversite-discriminatoire-pour-les-etudiants-africains\/#article\",\"isPartOf\":{\"@id\":\"https:\/\/guineediversite.com\/index.php\/2018\/11\/23\/frais-dinscription-a-luniversite-discriminatoire-pour-les-etudiants-africains\/\"},\"author\":{\"name\":\"Guin\u00e9e Diversit\u00e9\",\"@id\":\"https:\/\/guineediversite.com\/#\/schema\/person\/afa08fb34e7fc6e1feafc892612bc836\"},\"headline\":\"Frais d&rsquo;inscription \u00e0 l&rsquo;universit\u00e9: \u00abdiscriminatoire\u00bb pour les \u00e9tudiants africains\",\"datePublished\":\"2018-11-23T12:04:39+00:00\",\"dateModified\":\"2018-11-23T12:04:39+00:00\",\"mainEntityOfPage\":{\"@id\":\"https:\/\/guineediversite.com\/index.php\/2018\/11\/23\/frais-dinscription-a-luniversite-discriminatoire-pour-les-etudiants-africains\/\"},\"wordCount\":476,\"publisher\":{\"@id\":\"https:\/\/guineediversite.com\/#organization\"},\"image\":{\"@id\":\"https:\/\/guineediversite.com\/index.php\/2018\/11\/23\/frais-dinscription-a-luniversite-discriminatoire-pour-les-etudiants-africains\/#primaryimage\"},\"thumbnailUrl\":\"https:\/\/guineediversite.com\/wp-content\/uploads\/2018\/11\/000_13g02a_0.jpg\",\"articleSection\":[\"International\"],\"inLanguage\":\"fr-FR\"},{\"@type\":\"WebPage\",\"@id\":\"https:\/\/guineediversite.com\/index.php\/2018\/11\/23\/frais-dinscription-a-luniversite-discriminatoire-pour-les-etudiants-africains\/\",\"url\":\"https:\/\/guineediversite.com\/index.php\/2018\/11\/23\/frais-dinscription-a-luniversite-discriminatoire-pour-les-etudiants-africains\/\",\"name\":\"Frais d'inscription \u00e0 l'universit\u00e9: \u00abdiscriminatoire\u00bb pour les \u00e9tudiants africains | Guin\u00e9e Diversit\u00e9\",\"isPartOf\":{\"@id\":\"https:\/\/guineediversite.com\/#website\"},\"primaryImageOfPage\":{\"@id\":\"https:\/\/guineediversite.com\/index.php\/2018\/11\/23\/frais-dinscription-a-luniversite-discriminatoire-pour-les-etudiants-africains\/#primaryimage\"},\"image\":{\"@id\":\"https:\/\/guineediversite.com\/index.php\/2018\/11\/23\/frais-dinscription-a-luniversite-discriminatoire-pour-les-etudiants-africains\/#primaryimage\"},\"thumbnailUrl\":\"https:\/\/guineediversite.com\/wp-content\/uploads\/2018\/11\/000_13g02a_0.jpg\",\"datePublished\":\"2018-11-23T12:04:39+00:00\",\"dateModified\":\"2018-11-23T12:04:39+00:00\",\"breadcrumb\":{\"@id\":\"https:\/\/guineediversite.com\/index.php\/2018\/11\/23\/frais-dinscription-a-luniversite-discriminatoire-pour-les-etudiants-africains\/#breadcrumb\"},\"inLanguage\":\"fr-FR\",\"potentialAction\":[{\"@type\":\"ReadAction\",\"target\":[\"https:\/\/guineediversite.com\/index.php\/2018\/11\/23\/frais-dinscription-a-luniversite-discriminatoire-pour-les-etudiants-africains\/\"]}]},{\"@type\":\"ImageObject\",\"inLanguage\":\"fr-FR\",\"@id\":\"https:\/\/guineediversite.com\/index.php\/2018\/11\/23\/frais-dinscription-a-luniversite-discriminatoire-pour-les-etudiants-africains\/#primaryimage\",\"url\":\"https:\/\/guineediversite.com\/wp-content\/uploads\/2018\/11\/000_13g02a_0.jpg\",\"contentUrl\":\"https:\/\/guineediversite.com\/wp-content\/uploads\/2018\/11\/000_13g02a_0.jpg\",\"width\":1024,\"height\":578},{\"@type\":\"BreadcrumbList\",\"@id\":\"https:\/\/guineediversite.com\/index.php\/2018\/11\/23\/frais-dinscription-a-luniversite-discriminatoire-pour-les-etudiants-africains\/#breadcrumb\",\"itemListElement\":[{\"@type\":\"ListItem\",\"position\":1,\"name\":\"Accueil\",\"item\":\"https:\/\/guineediversite.com\/\"},{\"@type\":\"ListItem\",\"position\":2,\"name\":\"Frais d&rsquo;inscription \u00e0 l&rsquo;universit\u00e9: \u00abdiscriminatoire\u00bb pour les \u00e9tudiants africains\"}]},{\"@type\":\"WebSite\",\"@id\":\"https:\/\/guineediversite.com\/#website\",\"url\":\"https:\/\/guineediversite.com\/\",\"name\":\"Guin\u00e9e Diversit\u00e9\",\"description\":\"L&#039;Info dans toute sa diversit\u00e9\",\"publisher\":{\"@id\":\"https:\/\/guineediversite.com\/#organization\"},\"potentialAction\":[{\"@type\":\"SearchAction\",\"target\":{\"@type\":\"EntryPoint\",\"urlTemplate\":\"https:\/\/guineediversite.com\/?s={search_term_string}\"},\"query-input\":{\"@type\":\"PropertyValueSpecification\",\"valueRequired\":true,\"valueName\":\"search_term_string\"}}],\"inLanguage\":\"fr-FR\"},{\"@type\":\"Organization\",\"@id\":\"https:\/\/guineediversite.com\/#organization\",\"name\":\"Guin\u00e9e Diversit\u00e9\",\"url\":\"https:\/\/guineediversite.com\/\",\"logo\":{\"@type\":\"ImageObject\",\"inLanguage\":\"fr-FR\",\"@id\":\"https:\/\/guineediversite.com\/#\/schema\/logo\/image\/\",\"url\":\"https:\/\/guineediversite.com\/wp-content\/uploads\/2017\/04\/cropped-1jojlxEOMkX9Wyqfhe43D6kjPOGqBBKmx3EwWJqZ0cMrFF54yM49.png\",\"contentUrl\":\"https:\/\/guineediversite.com\/wp-content\/uploads\/2017\/04\/cropped-1jojlxEOMkX9Wyqfhe43D6kjPOGqBBKmx3EwWJqZ0cMrFF54yM49.png\",\"width\":186,\"height\":112,\"caption\":\"Guin\u00e9e Diversit\u00e9\"},\"image\":{\"@id\":\"https:\/\/guineediversite.com\/#\/schema\/logo\/image\/\"},\"sameAs\":[\"https:\/\/www.facebook.com\/guineediversite\/\",\"https:\/\/x.com\/GuineeDiversite\",\"https:\/\/www.youtube.com\/channel\/UC8sUY16qelG5ge6_D5SB83g\"]},{\"@type\":\"Person\",\"@id\":\"https:\/\/guineediversite.com\/#\/schema\/person\/afa08fb34e7fc6e1feafc892612bc836\",\"name\":\"Guin\u00e9e Diversit\u00e9\",\"image\":{\"@type\":\"ImageObject\",\"inLanguage\":\"fr-FR\",\"@id\":\"https:\/\/guineediversite.com\/#\/schema\/person\/image\/\",\"url\":\"https:\/\/secure.gravatar.com\/avatar\/50d5eb5b390f8b65ac30ac6f898eb83a?s=96&d=mm&r=g\",\"contentUrl\":\"https:\/\/secure.gravatar.com\/avatar\/50d5eb5b390f8b65ac30ac6f898eb83a?s=96&d=mm&r=g\",\"caption\":\"Guin\u00e9e Diversit\u00e9\"},\"url\":\"https:\/\/guineediversite.com\/index.php\/author\/guineediversite\/\"}]}<\/script>\n<!-- \/ Yoast SEO plugin. -->","yoast_head_json":{"title":"Frais d'inscription \u00e0 l'universit\u00e9: \u00abdiscriminatoire\u00bb pour les \u00e9tudiants africains | Guin\u00e9e Diversit\u00e9","robots":{"index":"index","follow":"follow","max-snippet":"max-snippet:-1","max-image-preview":"max-image-preview:large","max-video-preview":"max-video-preview:-1"},"canonical":"https:\/\/guineediversite.com\/index.php\/2018\/11\/23\/frais-dinscription-a-luniversite-discriminatoire-pour-les-etudiants-africains\/","og_locale":"fr_FR","og_type":"article","og_title":"Frais d'inscription \u00e0 l'universit\u00e9: \u00abdiscriminatoire\u00bb pour les \u00e9tudiants africains | Guin\u00e9e Diversit\u00e9","og_description":"En France, deux p\u00e9titions lanc\u00e9es \u00e0 l&rsquo;initiative d&rsquo;associations d&rsquo;\u00e9tudiants africains en France ont d\u00e9j\u00e0 recueillis en trois jours plus de 160000 signatures contre la d\u00e9cision annonc\u00e9e par le gouvernement fran\u00e7ais d&rsquo;augmenter substantiellement les frais d&rsquo;inscriptions dans les universit\u00e9s fran\u00e7aises, qui ont \u00e9t\u00e9 d\u00e9cupl\u00e9s. Les \u00e9tudiants africains qui constituent pr\u00e8s de la moiti\u00e9 des \u00e9tudiants \u00e9trangers [&hellip;]","og_url":"https:\/\/guineediversite.com\/index.php\/2018\/11\/23\/frais-dinscription-a-luniversite-discriminatoire-pour-les-etudiants-africains\/","og_site_name":"Guin\u00e9e Diversit\u00e9","article_publisher":"https:\/\/www.facebook.com\/guineediversite\/","article_published_time":"2018-11-23T12:04:39+00:00","og_image":[{"width":1024,"height":578,"url":"https:\/\/guineediversite.com\/wp-content\/uploads\/2018\/11\/000_13g02a_0.jpg","type":"image\/jpeg"}],"author":"Guin\u00e9e Diversit\u00e9","twitter_card":"summary_large_image","twitter_creator":"@GuineeDiversite","twitter_site":"@GuineeDiversite","twitter_misc":{"\u00c9crit par":"Guin\u00e9e Diversit\u00e9","Dur\u00e9e de lecture estim\u00e9e":"2 minutes"},"schema":{"@context":"https:\/\/schema.org","@graph":[{"@type":"Article","@id":"https:\/\/guineediversite.com\/index.php\/2018\/11\/23\/frais-dinscription-a-luniversite-discriminatoire-pour-les-etudiants-africains\/#article","isPartOf":{"@id":"https:\/\/guineediversite.com\/index.php\/2018\/11\/23\/frais-dinscription-a-luniversite-discriminatoire-pour-les-etudiants-africains\/"},"author":{"name":"Guin\u00e9e Diversit\u00e9","@id":"https:\/\/guineediversite.com\/#\/schema\/person\/afa08fb34e7fc6e1feafc892612bc836"},"headline":"Frais d&rsquo;inscription \u00e0 l&rsquo;universit\u00e9: \u00abdiscriminatoire\u00bb pour les \u00e9tudiants africains","datePublished":"2018-11-23T12:04:39+00:00","dateModified":"2018-11-23T12:04:39+00:00","mainEntityOfPage":{"@id":"https:\/\/guineediversite.com\/index.php\/2018\/11\/23\/frais-dinscription-a-luniversite-discriminatoire-pour-les-etudiants-africains\/"},"wordCount":476,"publisher":{"@id":"https:\/\/guineediversite.com\/#organization"},"image":{"@id":"https:\/\/guineediversite.com\/index.php\/2018\/11\/23\/frais-dinscription-a-luniversite-discriminatoire-pour-les-etudiants-africains\/#primaryimage"},"thumbnailUrl":"https:\/\/guineediversite.com\/wp-content\/uploads\/2018\/11\/000_13g02a_0.jpg","articleSection":["International"],"inLanguage":"fr-FR"},{"@type":"WebPage","@id":"https:\/\/guineediversite.com\/index.php\/2018\/11\/23\/frais-dinscription-a-luniversite-discriminatoire-pour-les-etudiants-africains\/","url":"https:\/\/guineediversite.com\/index.php\/2018\/11\/23\/frais-dinscription-a-luniversite-discriminatoire-pour-les-etudiants-africains\/","name":"Frais d'inscription \u00e0 l'universit\u00e9: \u00abdiscriminatoire\u00bb pour les \u00e9tudiants africains | Guin\u00e9e Diversit\u00e9","isPartOf":{"@id":"https:\/\/guineediversite.com\/#website"},"primaryImageOfPage":{"@id":"https:\/\/guineediversite.com\/index.php\/2018\/11\/23\/frais-dinscription-a-luniversite-discriminatoire-pour-les-etudiants-africains\/#primaryimage"},"image":{"@id":"https:\/\/guineediversite.com\/index.php\/2018\/11\/23\/frais-dinscription-a-luniversite-discriminatoire-pour-les-etudiants-africains\/#primaryimage"},"thumbnailUrl":"https:\/\/guineediversite.com\/wp-content\/uploads\/2018\/11\/000_13g02a_0.jpg","datePublished":"2018-11-23T12:04:39+00:00","dateModified":"2018-11-23T12:04:39+00:00","breadcrumb":{"@id":"https:\/\/guineediversite.com\/index.php\/2018\/11\/23\/frais-dinscription-a-luniversite-discriminatoire-pour-les-etudiants-africains\/#breadcrumb"},"inLanguage":"fr-FR","potentialAction":[{"@type":"ReadAction","target":["https:\/\/guineediversite.com\/index.php\/2018\/11\/23\/frais-dinscription-a-luniversite-discriminatoire-pour-les-etudiants-africains\/"]}]},{"@type":"ImageObject","inLanguage":"fr-FR","@id":"https:\/\/guineediversite.com\/index.php\/2018\/11\/23\/frais-dinscription-a-luniversite-discriminatoire-pour-les-etudiants-africains\/#primaryimage","url":"https:\/\/guineediversite.com\/wp-content\/uploads\/2018\/11\/000_13g02a_0.jpg","contentUrl":"https:\/\/guineediversite.com\/wp-content\/uploads\/2018\/11\/000_13g02a_0.jpg","width":1024,"height":578},{"@type":"BreadcrumbList","@id":"https:\/\/guineediversite.com\/index.php\/2018\/11\/23\/frais-dinscription-a-luniversite-discriminatoire-pour-les-etudiants-africains\/#breadcrumb","itemListElement":[{"@type":"ListItem","position":1,"name":"Accueil","item":"https:\/\/guineediversite.com\/"},{"@type":"ListItem","position":2,"name":"Frais d&rsquo;inscription \u00e0 l&rsquo;universit\u00e9: \u00abdiscriminatoire\u00bb pour les \u00e9tudiants africains"}]},{"@type":"WebSite","@id":"https:\/\/guineediversite.com\/#website","url":"https:\/\/guineediversite.com\/","name":"Guin\u00e9e Diversit\u00e9","description":"L&#039;Info dans toute sa diversit\u00e9","publisher":{"@id":"https:\/\/guineediversite.com\/#organization"},"potentialAction":[{"@type":"SearchAction","target":{"@type":"EntryPoint","urlTemplate":"https:\/\/guineediversite.com\/?s={search_term_string}"},"query-input":{"@type":"PropertyValueSpecification","valueRequired":true,"valueName":"search_term_string"}}],"inLanguage":"fr-FR"},{"@type":"Organization","@id":"https:\/\/guineediversite.com\/#organization","name":"Guin\u00e9e Diversit\u00e9","url":"https:\/\/guineediversite.com\/","logo":{"@type":"ImageObject","inLanguage":"fr-FR","@id":"https:\/\/guineediversite.com\/#\/schema\/logo\/image\/","url":"https:\/\/guineediversite.com\/wp-content\/uploads\/2017\/04\/cropped-1jojlxEOMkX9Wyqfhe43D6kjPOGqBBKmx3EwWJqZ0cMrFF54yM49.png","contentUrl":"https:\/\/guineediversite.com\/wp-content\/uploads\/2017\/04\/cropped-1jojlxEOMkX9Wyqfhe43D6kjPOGqBBKmx3EwWJqZ0cMrFF54yM49.png","width":186,"height":112,"caption":"Guin\u00e9e Diversit\u00e9"},"image":{"@id":"https:\/\/guineediversite.com\/#\/schema\/logo\/image\/"},"sameAs":["https:\/\/www.facebook.com\/guineediversite\/","https:\/\/x.com\/GuineeDiversite","https:\/\/www.youtube.com\/channel\/UC8sUY16qelG5ge6_D5SB83g"]},{"@type":"Person","@id":"https:\/\/guineediversite.com\/#\/schema\/person\/afa08fb34e7fc6e1feafc892612bc836","name":"Guin\u00e9e Diversit\u00e9","image":{"@type":"ImageObject","inLanguage":"fr-FR","@id":"https:\/\/guineediversite.com\/#\/schema\/person\/image\/","url":"https:\/\/secure.gravatar.com\/avatar\/50d5eb5b390f8b65ac30ac6f898eb83a?s=96&d=mm&r=g","contentUrl":"https:\/\/secure.gravatar.com\/avatar\/50d5eb5b390f8b65ac30ac6f898eb83a?s=96&d=mm&r=g","caption":"Guin\u00e9e Diversit\u00e9"},"url":"https:\/\/guineediversite.com\/index.php\/author\/guineediversite\/"}]}},"_links":{"self":[{"href":"https:\/\/guineediversite.com\/index.php\/wp-json\/wp\/v2\/posts\/27380"}],"collection":[{"href":"https:\/\/guineediversite.com\/index.php\/wp-json\/wp\/v2\/posts"}],"about":[{"href":"https:\/\/guineediversite.com\/index.php\/wp-json\/wp\/v2\/types\/post"}],"author":[{"embeddable":true,"href":"https:\/\/guineediversite.com\/index.php\/wp-json\/wp\/v2\/users\/12"}],"replies":[{"embeddable":true,"href":"https:\/\/guineediversite.com\/index.php\/wp-json\/wp\/v2\/comments?post=27380"}],"version-history":[{"count":0,"href":"https:\/\/guineediversite.com\/index.php\/wp-json\/wp\/v2\/posts\/27380\/revisions"}],"wp:featuredmedia":[{"embeddable":true,"href":"https:\/\/guineediversite.com\/index.php\/wp-json\/wp\/v2\/media\/27381"}],"wp:attachment":[{"href":"https:\/\/guineediversite.com\/index.php\/wp-json\/wp\/v2\/media?parent=27380"}],"wp:term":[{"taxonomy":"category","embeddable":true,"href":"https:\/\/guineediversite.com\/index.php\/wp-json\/wp\/v2\/categories?post=27380"},{"taxonomy":"post_tag","embeddable":true,"href":"https:\/\/guineediversite.com\/index.php\/wp-json\/wp\/v2\/tags?post=27380"}],"curies":[{"name":"wp","href":"https:\/\/api.w.org\/{rel}","templated":true}]}}