{"id":27377,"date":"2018-11-23T12:40:24","date_gmt":"2018-11-23T11:40:24","guid":{"rendered":"https:\/\/guineediversite.com\/?p=27377"},"modified":"2018-11-23T12:40:24","modified_gmt":"2018-11-23T11:40:24","slug":"elections-en-rdc-kabila-serre-les-rangs-autour-de-lui-et-de-son-dauphin","status":"publish","type":"post","link":"https:\/\/guineediversite.com\/index.php\/2018\/11\/23\/elections-en-rdc-kabila-serre-les-rangs-autour-de-lui-et-de-son-dauphin\/","title":{"rendered":"Elections en RDC: Kabila serre les rangs autour de lui et de son dauphin"},"content":{"rendered":"<h2>Le pr\u00e9sident Kabila a r\u00e9uni ce matin les cadres du Front commun dans sa r\u00e9sidence priv\u00e9e de Kingakati, au premier jour de la campagne \u00e9lectorale. Une mani\u00e8re selon son entourage de r\u00e9affirmer l\u2019unit\u00e9 de sa coalition autour du candidat qu\u2019il a choisi, Emmanuel Ramazani Shadary, et dont il est le parrain dans cette campagne.<\/h2>\n<p>Le pr\u00e9sident Kabila n\u2019aura pas attendu 24 apr\u00e8s le d\u00e9but de la campagne pour s\u2019afficher aux c\u00f4t\u00e9s de son candidat\u2026 et lui r\u00e9affirmer son soutien. Un pr\u00e9sident peu bavard comme \u00e0 son habitude, mais souriant, d\u00e9tendu, et pr\u00eat, selon Lambert Mende, porte-parole du candidat du Front commun, \u00e0 jouer un r\u00f4le actif dans cette campagne. \u00ab\u00a0<em>Le pr\u00e9sident Kabila,<\/em>\u00a0dit-il,\u00a0<em>est disponible pour aider aussi bien notre candidat, puisqu&rsquo;il est l&rsquo;autorit\u00e9 morale de la famille politique Front commun pour le Congo. Il a m\u00eame d\u00e9clar\u00e9 sa disponibilit\u00e9 \u00e0 soutenir quiconque aurait besoin de lui pendant la campagne puisqu&rsquo;aucune loi n&rsquo;interdit \u00e0 ce qu&rsquo;un pr\u00e9sident de la R\u00e9publique en exercice puisse mouiller sa chemise comme l&rsquo;a fait le pr\u00e9sident Trump aux Etats-Unis pour ses d\u00e9put\u00e9s et ses s\u00e9nateurs.<\/em>\u00a0\u00bb<\/p>\n<p>\u2192 RELIRE :\u00a0<strong><a href=\"http:\/\/www.rfi.fr\/afrique\/20181122-ouverture-campagne-rdc-fcc-omnipresent-opposition-divisee\" target=\"_blank\" rel=\"noopener\">Ouverture de la campagne en RDC: le FCC omnipr\u00e9sent, l&rsquo;opposition divis\u00e9e<\/a><\/strong><\/p>\n<p>Le Front commun qui, toujours selon Lambert Mende, aborde l\u2019\u00e9ch\u00e9ance du 23 d\u00e9cembre avec \u00ab\u00a0<em>humilit\u00e9<\/em>\u00a0\u00bb mais \u00ab\u00a0<em>optimisme<\/em>\u00a0\u00bb\u00a0: \u00ab\u00a0<em>combatifs, d\u00e9complex\u00e9s, nous sommes s\u00fbrs que nous allons gagner. Dans quelle proportion ? Ca d\u00e9pend du peuple. Nous sommes de gagner, il n&rsquo;y a qu&rsquo;\u00e0 voir nos adversaires pour comprendre que nous sommes certainement destin\u00e9s \u00e0 gagner.<\/em>\u00a0\u00bb<\/p>\n<p>Interrog\u00e9 sur\u00a0<strong><a href=\"http:\/\/www.rfi.fr\/afrique\/20181121-rdc-retour-reussi-martin-fayulu-kinshasa-elections\" target=\"_blank\" rel=\"noopener\">le retour de Martin Fayulu<\/a><\/strong>, accueilli la veille par plusieurs milliers de partisans \u00e0 l\u2019a\u00e9roport, Lambert Mende estime qu\u2019il s\u2019agit d\u2019un candidat \u00ab\u00a0<em>poids plume<\/em>\u00a0\u00bb.<\/p>\n<p>Le pr\u00e9sident Kabila qui n\u2019a fait aucune d\u00e9claration \u00e0 la presse ce jeudi pourrait donner une conf\u00e9rence de presse ce vendredi selon son entourage.<\/p>\n<p>Quant \u00e0 Felix Tshisekedi et Vital Kamerhe,\u00a0<strong><a href=\"http:\/\/www.rfi.fr\/afrique\/20181112-rcd-elections-udps-jean-marc-kabund-refuse-candidat-unique-fayulu-accord-geneve\" target=\"_blank\" rel=\"noopener\">les deux dissidents de l\u2019accord<\/a><\/strong>\u00a0de Gen\u00e8ve, ils sont toujours en discussion \u00e0 l&rsquo;\u00e9tranger autour d&rsquo;une \u00e9ventuelle Alliance.<\/p>\n<p>RFI<\/p>\n","protected":false},"excerpt":{"rendered":"<p>Le pr\u00e9sident Kabila a r\u00e9uni ce matin les cadres du Front commun dans sa r\u00e9sidence priv\u00e9e de Kingakati, au premier jour de la campagne \u00e9lectorale. Une mani\u00e8re selon son entourage de r\u00e9affirmer l\u2019unit\u00e9 de sa coalition autour du candidat qu\u2019il a choisi, Emmanuel Ramazani Shadary, et dont il est le parrain dans cette campagne. Le [&hellip;]<\/p>\n","protected":false},"author":12,"featured_media":27378,"comment_status":"closed","ping_status":"closed","sticky":false,"template":"","format":"standard","meta":{"_exactmetrics_skip_tracking":false,"_exactmetrics_sitenote_active":false,"_exactmetrics_sitenote_note":"","_exactmetrics_sitenote_category":0,"tdm_status":"","tdm_grid_status":"","footnotes":""},"categories":[21],"tags":[],"class_list":{"0":"post-27377","1":"post","2":"type-post","3":"status-publish","4":"format-standard","5":"has-post-thumbnail","7":"category-international"},"yoast_head":"<!-- This site is optimized with the Yoast SEO plugin v24.2 - https:\/\/yoast.com\/wordpress\/plugins\/seo\/ -->\n<title>Elections en RDC: Kabila serre les rangs autour de lui et de son dauphin | Guin\u00e9e Diversit\u00e9<\/title>\n<meta name=\"robots\" content=\"index, follow, max-snippet:-1, max-image-preview:large, max-video-preview:-1\" \/>\n<link rel=\"canonical\" href=\"https:\/\/guineediversite.com\/index.php\/2018\/11\/23\/elections-en-rdc-kabila-serre-les-rangs-autour-de-lui-et-de-son-dauphin\/\" \/>\n<meta property=\"og:locale\" content=\"fr_FR\" \/>\n<meta property=\"og:type\" content=\"article\" \/>\n<meta property=\"og:title\" content=\"Elections en RDC: Kabila serre les rangs autour de lui et de son dauphin | Guin\u00e9e Diversit\u00e9\" \/>\n<meta property=\"og:description\" content=\"Le pr\u00e9sident Kabila a r\u00e9uni ce matin les cadres du Front commun dans sa r\u00e9sidence priv\u00e9e de Kingakati, au premier jour de la campagne \u00e9lectorale. Une mani\u00e8re selon son entourage de r\u00e9affirmer l\u2019unit\u00e9 de sa coalition autour du candidat qu\u2019il a choisi, Emmanuel Ramazani Shadary, et dont il est le parrain dans cette campagne. Le [&hellip;]\" \/>\n<meta property=\"og:url\" content=\"https:\/\/guineediversite.com\/index.php\/2018\/11\/23\/elections-en-rdc-kabila-serre-les-rangs-autour-de-lui-et-de-son-dauphin\/\" \/>\n<meta property=\"og:site_name\" content=\"Guin\u00e9e Diversit\u00e9\" \/>\n<meta property=\"article:publisher\" content=\"https:\/\/www.facebook.com\/guineediversite\/\" \/>\n<meta property=\"article:published_time\" content=\"2018-11-23T11:40:24+00:00\" \/>\n<meta property=\"og:image\" content=\"https:\/\/guineediversite.com\/wp-content\/uploads\/2018\/11\/000_19n2lk_0.jpg\" \/>\n\t<meta property=\"og:image:width\" content=\"1024\" \/>\n\t<meta property=\"og:image:height\" content=\"578\" \/>\n\t<meta property=\"og:image:type\" content=\"image\/jpeg\" \/>\n<meta name=\"author\" content=\"Guin\u00e9e Diversit\u00e9\" \/>\n<meta name=\"twitter:card\" content=\"summary_large_image\" \/>\n<meta name=\"twitter:creator\" content=\"@GuineeDiversite\" \/>\n<meta name=\"twitter:site\" content=\"@GuineeDiversite\" \/>\n<meta name=\"twitter:label1\" content=\"\u00c9crit par\" \/>\n\t<meta name=\"twitter:data1\" content=\"Guin\u00e9e Diversit\u00e9\" \/>\n\t<meta name=\"twitter:label2\" content=\"Dur\u00e9e de lecture estim\u00e9e\" \/>\n\t<meta name=\"twitter:data2\" content=\"2 minutes\" \/>\n<script type=\"application\/ld+json\" class=\"yoast-schema-graph\">{\"@context\":\"https:\/\/schema.org\",\"@graph\":[{\"@type\":\"Article\",\"@id\":\"https:\/\/guineediversite.com\/index.php\/2018\/11\/23\/elections-en-rdc-kabila-serre-les-rangs-autour-de-lui-et-de-son-dauphin\/#article\",\"isPartOf\":{\"@id\":\"https:\/\/guineediversite.com\/index.php\/2018\/11\/23\/elections-en-rdc-kabila-serre-les-rangs-autour-de-lui-et-de-son-dauphin\/\"},\"author\":{\"name\":\"Guin\u00e9e Diversit\u00e9\",\"@id\":\"https:\/\/guineediversite.com\/#\/schema\/person\/afa08fb34e7fc6e1feafc892612bc836\"},\"headline\":\"Elections en RDC: Kabila serre les rangs autour de lui et de son dauphin\",\"datePublished\":\"2018-11-23T11:40:24+00:00\",\"dateModified\":\"2018-11-23T11:40:24+00:00\",\"mainEntityOfPage\":{\"@id\":\"https:\/\/guineediversite.com\/index.php\/2018\/11\/23\/elections-en-rdc-kabila-serre-les-rangs-autour-de-lui-et-de-son-dauphin\/\"},\"wordCount\":384,\"publisher\":{\"@id\":\"https:\/\/guineediversite.com\/#organization\"},\"image\":{\"@id\":\"https:\/\/guineediversite.com\/index.php\/2018\/11\/23\/elections-en-rdc-kabila-serre-les-rangs-autour-de-lui-et-de-son-dauphin\/#primaryimage\"},\"thumbnailUrl\":\"https:\/\/guineediversite.com\/wp-content\/uploads\/2018\/11\/000_19n2lk_0.jpg\",\"articleSection\":[\"International\"],\"inLanguage\":\"fr-FR\"},{\"@type\":\"WebPage\",\"@id\":\"https:\/\/guineediversite.com\/index.php\/2018\/11\/23\/elections-en-rdc-kabila-serre-les-rangs-autour-de-lui-et-de-son-dauphin\/\",\"url\":\"https:\/\/guineediversite.com\/index.php\/2018\/11\/23\/elections-en-rdc-kabila-serre-les-rangs-autour-de-lui-et-de-son-dauphin\/\",\"name\":\"Elections en RDC: Kabila serre les rangs autour de lui et de son dauphin | Guin\u00e9e Diversit\u00e9\",\"isPartOf\":{\"@id\":\"https:\/\/guineediversite.com\/#website\"},\"primaryImageOfPage\":{\"@id\":\"https:\/\/guineediversite.com\/index.php\/2018\/11\/23\/elections-en-rdc-kabila-serre-les-rangs-autour-de-lui-et-de-son-dauphin\/#primaryimage\"},\"image\":{\"@id\":\"https:\/\/guineediversite.com\/index.php\/2018\/11\/23\/elections-en-rdc-kabila-serre-les-rangs-autour-de-lui-et-de-son-dauphin\/#primaryimage\"},\"thumbnailUrl\":\"https:\/\/guineediversite.com\/wp-content\/uploads\/2018\/11\/000_19n2lk_0.jpg\",\"datePublished\":\"2018-11-23T11:40:24+00:00\",\"dateModified\":\"2018-11-23T11:40:24+00:00\",\"breadcrumb\":{\"@id\":\"https:\/\/guineediversite.com\/index.php\/2018\/11\/23\/elections-en-rdc-kabila-serre-les-rangs-autour-de-lui-et-de-son-dauphin\/#breadcrumb\"},\"inLanguage\":\"fr-FR\",\"potentialAction\":[{\"@type\":\"ReadAction\",\"target\":[\"https:\/\/guineediversite.com\/index.php\/2018\/11\/23\/elections-en-rdc-kabila-serre-les-rangs-autour-de-lui-et-de-son-dauphin\/\"]}]},{\"@type\":\"ImageObject\",\"inLanguage\":\"fr-FR\",\"@id\":\"https:\/\/guineediversite.com\/index.php\/2018\/11\/23\/elections-en-rdc-kabila-serre-les-rangs-autour-de-lui-et-de-son-dauphin\/#primaryimage\",\"url\":\"https:\/\/guineediversite.com\/wp-content\/uploads\/2018\/11\/000_19n2lk_0.jpg\",\"contentUrl\":\"https:\/\/guineediversite.com\/wp-content\/uploads\/2018\/11\/000_19n2lk_0.jpg\",\"width\":1024,\"height\":578},{\"@type\":\"BreadcrumbList\",\"@id\":\"https:\/\/guineediversite.com\/index.php\/2018\/11\/23\/elections-en-rdc-kabila-serre-les-rangs-autour-de-lui-et-de-son-dauphin\/#breadcrumb\",\"itemListElement\":[{\"@type\":\"ListItem\",\"position\":1,\"name\":\"Accueil\",\"item\":\"https:\/\/guineediversite.com\/\"},{\"@type\":\"ListItem\",\"position\":2,\"name\":\"Elections en RDC: Kabila serre les rangs autour de lui et de son dauphin\"}]},{\"@type\":\"WebSite\",\"@id\":\"https:\/\/guineediversite.com\/#website\",\"url\":\"https:\/\/guineediversite.com\/\",\"name\":\"Guin\u00e9e Diversit\u00e9\",\"description\":\"L&#039;Info dans toute sa diversit\u00e9\",\"publisher\":{\"@id\":\"https:\/\/guineediversite.com\/#organization\"},\"potentialAction\":[{\"@type\":\"SearchAction\",\"target\":{\"@type\":\"EntryPoint\",\"urlTemplate\":\"https:\/\/guineediversite.com\/?s={search_term_string}\"},\"query-input\":{\"@type\":\"PropertyValueSpecification\",\"valueRequired\":true,\"valueName\":\"search_term_string\"}}],\"inLanguage\":\"fr-FR\"},{\"@type\":\"Organization\",\"@id\":\"https:\/\/guineediversite.com\/#organization\",\"name\":\"Guin\u00e9e Diversit\u00e9\",\"url\":\"https:\/\/guineediversite.com\/\",\"logo\":{\"@type\":\"ImageObject\",\"inLanguage\":\"fr-FR\",\"@id\":\"https:\/\/guineediversite.com\/#\/schema\/logo\/image\/\",\"url\":\"https:\/\/guineediversite.com\/wp-content\/uploads\/2017\/04\/cropped-1jojlxEOMkX9Wyqfhe43D6kjPOGqBBKmx3EwWJqZ0cMrFF54yM49.png\",\"contentUrl\":\"https:\/\/guineediversite.com\/wp-content\/uploads\/2017\/04\/cropped-1jojlxEOMkX9Wyqfhe43D6kjPOGqBBKmx3EwWJqZ0cMrFF54yM49.png\",\"width\":186,\"height\":112,\"caption\":\"Guin\u00e9e Diversit\u00e9\"},\"image\":{\"@id\":\"https:\/\/guineediversite.com\/#\/schema\/logo\/image\/\"},\"sameAs\":[\"https:\/\/www.facebook.com\/guineediversite\/\",\"https:\/\/x.com\/GuineeDiversite\",\"https:\/\/www.youtube.com\/channel\/UC8sUY16qelG5ge6_D5SB83g\"]},{\"@type\":\"Person\",\"@id\":\"https:\/\/guineediversite.com\/#\/schema\/person\/afa08fb34e7fc6e1feafc892612bc836\",\"name\":\"Guin\u00e9e Diversit\u00e9\",\"image\":{\"@type\":\"ImageObject\",\"inLanguage\":\"fr-FR\",\"@id\":\"https:\/\/guineediversite.com\/#\/schema\/person\/image\/\",\"url\":\"https:\/\/secure.gravatar.com\/avatar\/50d5eb5b390f8b65ac30ac6f898eb83a?s=96&d=mm&r=g\",\"contentUrl\":\"https:\/\/secure.gravatar.com\/avatar\/50d5eb5b390f8b65ac30ac6f898eb83a?s=96&d=mm&r=g\",\"caption\":\"Guin\u00e9e Diversit\u00e9\"},\"url\":\"https:\/\/guineediversite.com\/index.php\/author\/guineediversite\/\"}]}<\/script>\n<!-- \/ Yoast SEO plugin. -->","yoast_head_json":{"title":"Elections en RDC: Kabila serre les rangs autour de lui et de son dauphin | Guin\u00e9e Diversit\u00e9","robots":{"index":"index","follow":"follow","max-snippet":"max-snippet:-1","max-image-preview":"max-image-preview:large","max-video-preview":"max-video-preview:-1"},"canonical":"https:\/\/guineediversite.com\/index.php\/2018\/11\/23\/elections-en-rdc-kabila-serre-les-rangs-autour-de-lui-et-de-son-dauphin\/","og_locale":"fr_FR","og_type":"article","og_title":"Elections en RDC: Kabila serre les rangs autour de lui et de son dauphin | Guin\u00e9e Diversit\u00e9","og_description":"Le pr\u00e9sident Kabila a r\u00e9uni ce matin les cadres du Front commun dans sa r\u00e9sidence priv\u00e9e de Kingakati, au premier jour de la campagne \u00e9lectorale. Une mani\u00e8re selon son entourage de r\u00e9affirmer l\u2019unit\u00e9 de sa coalition autour du candidat qu\u2019il a choisi, Emmanuel Ramazani Shadary, et dont il est le parrain dans cette campagne. Le [&hellip;]","og_url":"https:\/\/guineediversite.com\/index.php\/2018\/11\/23\/elections-en-rdc-kabila-serre-les-rangs-autour-de-lui-et-de-son-dauphin\/","og_site_name":"Guin\u00e9e Diversit\u00e9","article_publisher":"https:\/\/www.facebook.com\/guineediversite\/","article_published_time":"2018-11-23T11:40:24+00:00","og_image":[{"width":1024,"height":578,"url":"https:\/\/guineediversite.com\/wp-content\/uploads\/2018\/11\/000_19n2lk_0.jpg","type":"image\/jpeg"}],"author":"Guin\u00e9e Diversit\u00e9","twitter_card":"summary_large_image","twitter_creator":"@GuineeDiversite","twitter_site":"@GuineeDiversite","twitter_misc":{"\u00c9crit par":"Guin\u00e9e Diversit\u00e9","Dur\u00e9e de lecture estim\u00e9e":"2 minutes"},"schema":{"@context":"https:\/\/schema.org","@graph":[{"@type":"Article","@id":"https:\/\/guineediversite.com\/index.php\/2018\/11\/23\/elections-en-rdc-kabila-serre-les-rangs-autour-de-lui-et-de-son-dauphin\/#article","isPartOf":{"@id":"https:\/\/guineediversite.com\/index.php\/2018\/11\/23\/elections-en-rdc-kabila-serre-les-rangs-autour-de-lui-et-de-son-dauphin\/"},"author":{"name":"Guin\u00e9e Diversit\u00e9","@id":"https:\/\/guineediversite.com\/#\/schema\/person\/afa08fb34e7fc6e1feafc892612bc836"},"headline":"Elections en RDC: Kabila serre les rangs autour de lui et de son dauphin","datePublished":"2018-11-23T11:40:24+00:00","dateModified":"2018-11-23T11:40:24+00:00","mainEntityOfPage":{"@id":"https:\/\/guineediversite.com\/index.php\/2018\/11\/23\/elections-en-rdc-kabila-serre-les-rangs-autour-de-lui-et-de-son-dauphin\/"},"wordCount":384,"publisher":{"@id":"https:\/\/guineediversite.com\/#organization"},"image":{"@id":"https:\/\/guineediversite.com\/index.php\/2018\/11\/23\/elections-en-rdc-kabila-serre-les-rangs-autour-de-lui-et-de-son-dauphin\/#primaryimage"},"thumbnailUrl":"https:\/\/guineediversite.com\/wp-content\/uploads\/2018\/11\/000_19n2lk_0.jpg","articleSection":["International"],"inLanguage":"fr-FR"},{"@type":"WebPage","@id":"https:\/\/guineediversite.com\/index.php\/2018\/11\/23\/elections-en-rdc-kabila-serre-les-rangs-autour-de-lui-et-de-son-dauphin\/","url":"https:\/\/guineediversite.com\/index.php\/2018\/11\/23\/elections-en-rdc-kabila-serre-les-rangs-autour-de-lui-et-de-son-dauphin\/","name":"Elections en RDC: Kabila serre les rangs autour de lui et de son dauphin | Guin\u00e9e Diversit\u00e9","isPartOf":{"@id":"https:\/\/guineediversite.com\/#website"},"primaryImageOfPage":{"@id":"https:\/\/guineediversite.com\/index.php\/2018\/11\/23\/elections-en-rdc-kabila-serre-les-rangs-autour-de-lui-et-de-son-dauphin\/#primaryimage"},"image":{"@id":"https:\/\/guineediversite.com\/index.php\/2018\/11\/23\/elections-en-rdc-kabila-serre-les-rangs-autour-de-lui-et-de-son-dauphin\/#primaryimage"},"thumbnailUrl":"https:\/\/guineediversite.com\/wp-content\/uploads\/2018\/11\/000_19n2lk_0.jpg","datePublished":"2018-11-23T11:40:24+00:00","dateModified":"2018-11-23T11:40:24+00:00","breadcrumb":{"@id":"https:\/\/guineediversite.com\/index.php\/2018\/11\/23\/elections-en-rdc-kabila-serre-les-rangs-autour-de-lui-et-de-son-dauphin\/#breadcrumb"},"inLanguage":"fr-FR","potentialAction":[{"@type":"ReadAction","target":["https:\/\/guineediversite.com\/index.php\/2018\/11\/23\/elections-en-rdc-kabila-serre-les-rangs-autour-de-lui-et-de-son-dauphin\/"]}]},{"@type":"ImageObject","inLanguage":"fr-FR","@id":"https:\/\/guineediversite.com\/index.php\/2018\/11\/23\/elections-en-rdc-kabila-serre-les-rangs-autour-de-lui-et-de-son-dauphin\/#primaryimage","url":"https:\/\/guineediversite.com\/wp-content\/uploads\/2018\/11\/000_19n2lk_0.jpg","contentUrl":"https:\/\/guineediversite.com\/wp-content\/uploads\/2018\/11\/000_19n2lk_0.jpg","width":1024,"height":578},{"@type":"BreadcrumbList","@id":"https:\/\/guineediversite.com\/index.php\/2018\/11\/23\/elections-en-rdc-kabila-serre-les-rangs-autour-de-lui-et-de-son-dauphin\/#breadcrumb","itemListElement":[{"@type":"ListItem","position":1,"name":"Accueil","item":"https:\/\/guineediversite.com\/"},{"@type":"ListItem","position":2,"name":"Elections en RDC: Kabila serre les rangs autour de lui et de son dauphin"}]},{"@type":"WebSite","@id":"https:\/\/guineediversite.com\/#website","url":"https:\/\/guineediversite.com\/","name":"Guin\u00e9e Diversit\u00e9","description":"L&#039;Info dans toute sa diversit\u00e9","publisher":{"@id":"https:\/\/guineediversite.com\/#organization"},"potentialAction":[{"@type":"SearchAction","target":{"@type":"EntryPoint","urlTemplate":"https:\/\/guineediversite.com\/?s={search_term_string}"},"query-input":{"@type":"PropertyValueSpecification","valueRequired":true,"valueName":"search_term_string"}}],"inLanguage":"fr-FR"},{"@type":"Organization","@id":"https:\/\/guineediversite.com\/#organization","name":"Guin\u00e9e Diversit\u00e9","url":"https:\/\/guineediversite.com\/","logo":{"@type":"ImageObject","inLanguage":"fr-FR","@id":"https:\/\/guineediversite.com\/#\/schema\/logo\/image\/","url":"https:\/\/guineediversite.com\/wp-content\/uploads\/2017\/04\/cropped-1jojlxEOMkX9Wyqfhe43D6kjPOGqBBKmx3EwWJqZ0cMrFF54yM49.png","contentUrl":"https:\/\/guineediversite.com\/wp-content\/uploads\/2017\/04\/cropped-1jojlxEOMkX9Wyqfhe43D6kjPOGqBBKmx3EwWJqZ0cMrFF54yM49.png","width":186,"height":112,"caption":"Guin\u00e9e Diversit\u00e9"},"image":{"@id":"https:\/\/guineediversite.com\/#\/schema\/logo\/image\/"},"sameAs":["https:\/\/www.facebook.com\/guineediversite\/","https:\/\/x.com\/GuineeDiversite","https:\/\/www.youtube.com\/channel\/UC8sUY16qelG5ge6_D5SB83g"]},{"@type":"Person","@id":"https:\/\/guineediversite.com\/#\/schema\/person\/afa08fb34e7fc6e1feafc892612bc836","name":"Guin\u00e9e Diversit\u00e9","image":{"@type":"ImageObject","inLanguage":"fr-FR","@id":"https:\/\/guineediversite.com\/#\/schema\/person\/image\/","url":"https:\/\/secure.gravatar.com\/avatar\/50d5eb5b390f8b65ac30ac6f898eb83a?s=96&d=mm&r=g","contentUrl":"https:\/\/secure.gravatar.com\/avatar\/50d5eb5b390f8b65ac30ac6f898eb83a?s=96&d=mm&r=g","caption":"Guin\u00e9e Diversit\u00e9"},"url":"https:\/\/guineediversite.com\/index.php\/author\/guineediversite\/"}]}},"_links":{"self":[{"href":"https:\/\/guineediversite.com\/index.php\/wp-json\/wp\/v2\/posts\/27377"}],"collection":[{"href":"https:\/\/guineediversite.com\/index.php\/wp-json\/wp\/v2\/posts"}],"about":[{"href":"https:\/\/guineediversite.com\/index.php\/wp-json\/wp\/v2\/types\/post"}],"author":[{"embeddable":true,"href":"https:\/\/guineediversite.com\/index.php\/wp-json\/wp\/v2\/users\/12"}],"replies":[{"embeddable":true,"href":"https:\/\/guineediversite.com\/index.php\/wp-json\/wp\/v2\/comments?post=27377"}],"version-history":[{"count":0,"href":"https:\/\/guineediversite.com\/index.php\/wp-json\/wp\/v2\/posts\/27377\/revisions"}],"wp:featuredmedia":[{"embeddable":true,"href":"https:\/\/guineediversite.com\/index.php\/wp-json\/wp\/v2\/media\/27378"}],"wp:attachment":[{"href":"https:\/\/guineediversite.com\/index.php\/wp-json\/wp\/v2\/media?parent=27377"}],"wp:term":[{"taxonomy":"category","embeddable":true,"href":"https:\/\/guineediversite.com\/index.php\/wp-json\/wp\/v2\/categories?post=27377"},{"taxonomy":"post_tag","embeddable":true,"href":"https:\/\/guineediversite.com\/index.php\/wp-json\/wp\/v2\/tags?post=27377"}],"curies":[{"name":"wp","href":"https:\/\/api.w.org\/{rel}","templated":true}]}}