{"id":27367,"date":"2018-11-21T16:49:49","date_gmt":"2018-11-21T15:49:49","guid":{"rendered":"https:\/\/guineediversite.com\/?p=27367"},"modified":"2018-11-21T16:52:59","modified_gmt":"2018-11-21T15:52:59","slug":"abdoulaye-sow-succede-a-louis-mbemba-soumah-a-la-tete-de-lustg","status":"publish","type":"post","link":"https:\/\/guineediversite.com\/index.php\/2018\/11\/21\/abdoulaye-sow-succede-a-louis-mbemba-soumah-a-la-tete-de-lustg\/","title":{"rendered":"Abdoulaye Sow succ\u00e8de \u00e0 Louis M&rsquo;Bemba Soumah \u00e0 la t\u00eate de l&rsquo;USTG"},"content":{"rendered":"<p><strong>L&rsquo;Union Syndicale des Travailleurs de Guin\u00e9e a un nouveau bureau ex\u00e9cutif ce mercredi 21 novembre. L&rsquo;\u00e9lection s&rsquo;est d\u00e9roul\u00e9e au Palais du peuple en pr\u00e9sence de plusieurs invit\u00e9s.<\/strong><\/p>\n<p>On connait d\u00e9sormais le successeur de Louis M&rsquo;Bemba Soumah qui est d\u00e9sign\u00e9 par ses pairs comme pr\u00e9sident d&rsquo;honneur de cette structure syndicale. Abdoulaye Sow de la FESABAG a \u00e9t\u00e9 choisi \u00e0 l&rsquo;unanimit\u00e9 comme secr\u00e9taire g\u00e9n\u00e9ral pour un mandat de 5 ans. Aboubacar Soumah le meneur de la gr\u00e8ve qui paralyse actuellement le syst\u00e8me \u00e9ducatif est \u00e9lu comme secr\u00e9taire g\u00e9n\u00e9ral adjoint. C&rsquo;est \u00e0 l&rsquo;issu de 3 jours de congr\u00e8s qui avait r\u00e9uni plus de 150 congressistes et une douzaines de f\u00e9d\u00e9rations affil\u00e9es \u00e0 l&rsquo;USTG que cette \u00e9lection s&rsquo;est d\u00e9roul\u00e9e.<\/p>\n<p>A rappeler que ce nouveau bureau ex\u00e9cutif est compos\u00e9 de 29 membres \u00e9lus pour cinq ans.<\/p>\n<p><strong>Moussa Mo\u00efse KEITA<\/strong><\/p>\n","protected":false},"excerpt":{"rendered":"<p>L&rsquo;Union Syndicale des Travailleurs de Guin\u00e9e a un nouveau bureau ex\u00e9cutif ce mercredi 21 novembre. L&rsquo;\u00e9lection s&rsquo;est d\u00e9roul\u00e9e au Palais du peuple en pr\u00e9sence de plusieurs invit\u00e9s. On connait d\u00e9sormais le successeur de Louis M&rsquo;Bemba Soumah qui est d\u00e9sign\u00e9 par ses pairs comme pr\u00e9sident d&rsquo;honneur de cette structure syndicale. Abdoulaye Sow de la FESABAG a [&hellip;]<\/p>\n","protected":false},"author":16,"featured_media":27368,"comment_status":"closed","ping_status":"closed","sticky":false,"template":"","format":"standard","meta":{"_exactmetrics_skip_tracking":false,"_exactmetrics_sitenote_active":false,"_exactmetrics_sitenote_note":"","_exactmetrics_sitenote_category":0,"tdm_status":"","tdm_grid_status":"","footnotes":""},"categories":[16],"tags":[],"class_list":{"0":"post-27367","1":"post","2":"type-post","3":"status-publish","4":"format-standard","5":"has-post-thumbnail","7":"category-societe"},"yoast_head":"<!-- This site is optimized with the Yoast SEO plugin v24.2 - https:\/\/yoast.com\/wordpress\/plugins\/seo\/ -->\n<title>Abdoulaye Sow succ\u00e8de \u00e0 Louis M&#039;Bemba Soumah \u00e0 la t\u00eate de l&#039;USTG | Guin\u00e9e Diversit\u00e9<\/title>\n<meta name=\"robots\" content=\"index, follow, max-snippet:-1, max-image-preview:large, max-video-preview:-1\" \/>\n<link rel=\"canonical\" href=\"https:\/\/guineediversite.com\/index.php\/2018\/11\/21\/abdoulaye-sow-succede-a-louis-mbemba-soumah-a-la-tete-de-lustg\/\" \/>\n<meta property=\"og:locale\" content=\"fr_FR\" \/>\n<meta property=\"og:type\" content=\"article\" \/>\n<meta property=\"og:title\" content=\"Abdoulaye Sow succ\u00e8de \u00e0 Louis M&#039;Bemba Soumah \u00e0 la t\u00eate de l&#039;USTG | Guin\u00e9e Diversit\u00e9\" \/>\n<meta property=\"og:description\" content=\"L&rsquo;Union Syndicale des Travailleurs de Guin\u00e9e a un nouveau bureau ex\u00e9cutif ce mercredi 21 novembre. L&rsquo;\u00e9lection s&rsquo;est d\u00e9roul\u00e9e au Palais du peuple en pr\u00e9sence de plusieurs invit\u00e9s. On connait d\u00e9sormais le successeur de Louis M&rsquo;Bemba Soumah qui est d\u00e9sign\u00e9 par ses pairs comme pr\u00e9sident d&rsquo;honneur de cette structure syndicale. Abdoulaye Sow de la FESABAG a [&hellip;]\" \/>\n<meta property=\"og:url\" content=\"https:\/\/guineediversite.com\/index.php\/2018\/11\/21\/abdoulaye-sow-succede-a-louis-mbemba-soumah-a-la-tete-de-lustg\/\" \/>\n<meta property=\"og:site_name\" content=\"Guin\u00e9e Diversit\u00e9\" \/>\n<meta property=\"article:publisher\" content=\"https:\/\/www.facebook.com\/guineediversite\/\" \/>\n<meta property=\"article:published_time\" content=\"2018-11-21T15:49:49+00:00\" \/>\n<meta property=\"article:modified_time\" content=\"2018-11-21T15:52:59+00:00\" \/>\n<meta property=\"og:image\" content=\"https:\/\/guineediversite.com\/wp-content\/uploads\/2018\/11\/a-sow.jpg\" \/>\n\t<meta property=\"og:image:width\" content=\"2080\" \/>\n\t<meta property=\"og:image:height\" content=\"1560\" \/>\n\t<meta property=\"og:image:type\" content=\"image\/jpeg\" \/>\n<meta name=\"author\" content=\"Moussa Mo\u00efse K\u00e9ita\" \/>\n<meta name=\"twitter:card\" content=\"summary_large_image\" \/>\n<meta name=\"twitter:creator\" content=\"@GuineeDiversite\" \/>\n<meta name=\"twitter:site\" content=\"@GuineeDiversite\" \/>\n<meta name=\"twitter:label1\" content=\"\u00c9crit par\" \/>\n\t<meta name=\"twitter:data1\" content=\"Moussa Mo\u00efse K\u00e9ita\" \/>\n\t<meta name=\"twitter:label2\" content=\"Dur\u00e9e de lecture estim\u00e9e\" \/>\n\t<meta name=\"twitter:data2\" content=\"1 minute\" \/>\n<script type=\"application\/ld+json\" class=\"yoast-schema-graph\">{\"@context\":\"https:\/\/schema.org\",\"@graph\":[{\"@type\":\"Article\",\"@id\":\"https:\/\/guineediversite.com\/index.php\/2018\/11\/21\/abdoulaye-sow-succede-a-louis-mbemba-soumah-a-la-tete-de-lustg\/#article\",\"isPartOf\":{\"@id\":\"https:\/\/guineediversite.com\/index.php\/2018\/11\/21\/abdoulaye-sow-succede-a-louis-mbemba-soumah-a-la-tete-de-lustg\/\"},\"author\":{\"name\":\"Moussa Mo\u00efse K\u00e9ita\",\"@id\":\"https:\/\/guineediversite.com\/#\/schema\/person\/079ec347f72d2acde4b56a50a4fd46dc\"},\"headline\":\"Abdoulaye Sow succ\u00e8de \u00e0 Louis M&rsquo;Bemba Soumah \u00e0 la t\u00eate de l&rsquo;USTG\",\"datePublished\":\"2018-11-21T15:49:49+00:00\",\"dateModified\":\"2018-11-21T15:52:59+00:00\",\"mainEntityOfPage\":{\"@id\":\"https:\/\/guineediversite.com\/index.php\/2018\/11\/21\/abdoulaye-sow-succede-a-louis-mbemba-soumah-a-la-tete-de-lustg\/\"},\"wordCount\":176,\"publisher\":{\"@id\":\"https:\/\/guineediversite.com\/#organization\"},\"image\":{\"@id\":\"https:\/\/guineediversite.com\/index.php\/2018\/11\/21\/abdoulaye-sow-succede-a-louis-mbemba-soumah-a-la-tete-de-lustg\/#primaryimage\"},\"thumbnailUrl\":\"https:\/\/guineediversite.com\/wp-content\/uploads\/2018\/11\/a-sow.jpg\",\"articleSection\":[\"Soci\u00e9t\u00e9\"],\"inLanguage\":\"fr-FR\"},{\"@type\":\"WebPage\",\"@id\":\"https:\/\/guineediversite.com\/index.php\/2018\/11\/21\/abdoulaye-sow-succede-a-louis-mbemba-soumah-a-la-tete-de-lustg\/\",\"url\":\"https:\/\/guineediversite.com\/index.php\/2018\/11\/21\/abdoulaye-sow-succede-a-louis-mbemba-soumah-a-la-tete-de-lustg\/\",\"name\":\"Abdoulaye Sow succ\u00e8de \u00e0 Louis M'Bemba Soumah \u00e0 la t\u00eate de l'USTG | Guin\u00e9e Diversit\u00e9\",\"isPartOf\":{\"@id\":\"https:\/\/guineediversite.com\/#website\"},\"primaryImageOfPage\":{\"@id\":\"https:\/\/guineediversite.com\/index.php\/2018\/11\/21\/abdoulaye-sow-succede-a-louis-mbemba-soumah-a-la-tete-de-lustg\/#primaryimage\"},\"image\":{\"@id\":\"https:\/\/guineediversite.com\/index.php\/2018\/11\/21\/abdoulaye-sow-succede-a-louis-mbemba-soumah-a-la-tete-de-lustg\/#primaryimage\"},\"thumbnailUrl\":\"https:\/\/guineediversite.com\/wp-content\/uploads\/2018\/11\/a-sow.jpg\",\"datePublished\":\"2018-11-21T15:49:49+00:00\",\"dateModified\":\"2018-11-21T15:52:59+00:00\",\"breadcrumb\":{\"@id\":\"https:\/\/guineediversite.com\/index.php\/2018\/11\/21\/abdoulaye-sow-succede-a-louis-mbemba-soumah-a-la-tete-de-lustg\/#breadcrumb\"},\"inLanguage\":\"fr-FR\",\"potentialAction\":[{\"@type\":\"ReadAction\",\"target\":[\"https:\/\/guineediversite.com\/index.php\/2018\/11\/21\/abdoulaye-sow-succede-a-louis-mbemba-soumah-a-la-tete-de-lustg\/\"]}]},{\"@type\":\"ImageObject\",\"inLanguage\":\"fr-FR\",\"@id\":\"https:\/\/guineediversite.com\/index.php\/2018\/11\/21\/abdoulaye-sow-succede-a-louis-mbemba-soumah-a-la-tete-de-lustg\/#primaryimage\",\"url\":\"https:\/\/guineediversite.com\/wp-content\/uploads\/2018\/11\/a-sow.jpg\",\"contentUrl\":\"https:\/\/guineediversite.com\/wp-content\/uploads\/2018\/11\/a-sow.jpg\",\"width\":2080,\"height\":1560},{\"@type\":\"BreadcrumbList\",\"@id\":\"https:\/\/guineediversite.com\/index.php\/2018\/11\/21\/abdoulaye-sow-succede-a-louis-mbemba-soumah-a-la-tete-de-lustg\/#breadcrumb\",\"itemListElement\":[{\"@type\":\"ListItem\",\"position\":1,\"name\":\"Accueil\",\"item\":\"https:\/\/guineediversite.com\/\"},{\"@type\":\"ListItem\",\"position\":2,\"name\":\"Abdoulaye Sow succ\u00e8de \u00e0 Louis M&rsquo;Bemba Soumah \u00e0 la t\u00eate de l&rsquo;USTG\"}]},{\"@type\":\"WebSite\",\"@id\":\"https:\/\/guineediversite.com\/#website\",\"url\":\"https:\/\/guineediversite.com\/\",\"name\":\"Guin\u00e9e Diversit\u00e9\",\"description\":\"L&#039;Info dans toute sa diversit\u00e9\",\"publisher\":{\"@id\":\"https:\/\/guineediversite.com\/#organization\"},\"potentialAction\":[{\"@type\":\"SearchAction\",\"target\":{\"@type\":\"EntryPoint\",\"urlTemplate\":\"https:\/\/guineediversite.com\/?s={search_term_string}\"},\"query-input\":{\"@type\":\"PropertyValueSpecification\",\"valueRequired\":true,\"valueName\":\"search_term_string\"}}],\"inLanguage\":\"fr-FR\"},{\"@type\":\"Organization\",\"@id\":\"https:\/\/guineediversite.com\/#organization\",\"name\":\"Guin\u00e9e Diversit\u00e9\",\"url\":\"https:\/\/guineediversite.com\/\",\"logo\":{\"@type\":\"ImageObject\",\"inLanguage\":\"fr-FR\",\"@id\":\"https:\/\/guineediversite.com\/#\/schema\/logo\/image\/\",\"url\":\"https:\/\/guineediversite.com\/wp-content\/uploads\/2017\/04\/cropped-1jojlxEOMkX9Wyqfhe43D6kjPOGqBBKmx3EwWJqZ0cMrFF54yM49.png\",\"contentUrl\":\"https:\/\/guineediversite.com\/wp-content\/uploads\/2017\/04\/cropped-1jojlxEOMkX9Wyqfhe43D6kjPOGqBBKmx3EwWJqZ0cMrFF54yM49.png\",\"width\":186,\"height\":112,\"caption\":\"Guin\u00e9e Diversit\u00e9\"},\"image\":{\"@id\":\"https:\/\/guineediversite.com\/#\/schema\/logo\/image\/\"},\"sameAs\":[\"https:\/\/www.facebook.com\/guineediversite\/\",\"https:\/\/x.com\/GuineeDiversite\",\"https:\/\/www.youtube.com\/channel\/UC8sUY16qelG5ge6_D5SB83g\"]},{\"@type\":\"Person\",\"@id\":\"https:\/\/guineediversite.com\/#\/schema\/person\/079ec347f72d2acde4b56a50a4fd46dc\",\"name\":\"Moussa Mo\u00efse K\u00e9ita\",\"image\":{\"@type\":\"ImageObject\",\"inLanguage\":\"fr-FR\",\"@id\":\"https:\/\/guineediversite.com\/#\/schema\/person\/image\/\",\"url\":\"https:\/\/secure.gravatar.com\/avatar\/edf1ea2cc01841e6c0b49384bcb1385b?s=96&d=mm&r=g\",\"contentUrl\":\"https:\/\/secure.gravatar.com\/avatar\/edf1ea2cc01841e6c0b49384bcb1385b?s=96&d=mm&r=g\",\"caption\":\"Moussa Mo\u00efse K\u00e9ita\"},\"url\":\"https:\/\/guineediversite.com\/index.php\/author\/moussa-moise\/\"}]}<\/script>\n<!-- \/ Yoast SEO plugin. -->","yoast_head_json":{"title":"Abdoulaye Sow succ\u00e8de \u00e0 Louis M'Bemba Soumah \u00e0 la t\u00eate de l'USTG | Guin\u00e9e Diversit\u00e9","robots":{"index":"index","follow":"follow","max-snippet":"max-snippet:-1","max-image-preview":"max-image-preview:large","max-video-preview":"max-video-preview:-1"},"canonical":"https:\/\/guineediversite.com\/index.php\/2018\/11\/21\/abdoulaye-sow-succede-a-louis-mbemba-soumah-a-la-tete-de-lustg\/","og_locale":"fr_FR","og_type":"article","og_title":"Abdoulaye Sow succ\u00e8de \u00e0 Louis M'Bemba Soumah \u00e0 la t\u00eate de l'USTG | Guin\u00e9e Diversit\u00e9","og_description":"L&rsquo;Union Syndicale des Travailleurs de Guin\u00e9e a un nouveau bureau ex\u00e9cutif ce mercredi 21 novembre. L&rsquo;\u00e9lection s&rsquo;est d\u00e9roul\u00e9e au Palais du peuple en pr\u00e9sence de plusieurs invit\u00e9s. On connait d\u00e9sormais le successeur de Louis M&rsquo;Bemba Soumah qui est d\u00e9sign\u00e9 par ses pairs comme pr\u00e9sident d&rsquo;honneur de cette structure syndicale. Abdoulaye Sow de la FESABAG a [&hellip;]","og_url":"https:\/\/guineediversite.com\/index.php\/2018\/11\/21\/abdoulaye-sow-succede-a-louis-mbemba-soumah-a-la-tete-de-lustg\/","og_site_name":"Guin\u00e9e Diversit\u00e9","article_publisher":"https:\/\/www.facebook.com\/guineediversite\/","article_published_time":"2018-11-21T15:49:49+00:00","article_modified_time":"2018-11-21T15:52:59+00:00","og_image":[{"width":2080,"height":1560,"url":"https:\/\/guineediversite.com\/wp-content\/uploads\/2018\/11\/a-sow.jpg","type":"image\/jpeg"}],"author":"Moussa Mo\u00efse K\u00e9ita","twitter_card":"summary_large_image","twitter_creator":"@GuineeDiversite","twitter_site":"@GuineeDiversite","twitter_misc":{"\u00c9crit par":"Moussa Mo\u00efse K\u00e9ita","Dur\u00e9e de lecture estim\u00e9e":"1 minute"},"schema":{"@context":"https:\/\/schema.org","@graph":[{"@type":"Article","@id":"https:\/\/guineediversite.com\/index.php\/2018\/11\/21\/abdoulaye-sow-succede-a-louis-mbemba-soumah-a-la-tete-de-lustg\/#article","isPartOf":{"@id":"https:\/\/guineediversite.com\/index.php\/2018\/11\/21\/abdoulaye-sow-succede-a-louis-mbemba-soumah-a-la-tete-de-lustg\/"},"author":{"name":"Moussa Mo\u00efse K\u00e9ita","@id":"https:\/\/guineediversite.com\/#\/schema\/person\/079ec347f72d2acde4b56a50a4fd46dc"},"headline":"Abdoulaye Sow succ\u00e8de \u00e0 Louis M&rsquo;Bemba Soumah \u00e0 la t\u00eate de l&rsquo;USTG","datePublished":"2018-11-21T15:49:49+00:00","dateModified":"2018-11-21T15:52:59+00:00","mainEntityOfPage":{"@id":"https:\/\/guineediversite.com\/index.php\/2018\/11\/21\/abdoulaye-sow-succede-a-louis-mbemba-soumah-a-la-tete-de-lustg\/"},"wordCount":176,"publisher":{"@id":"https:\/\/guineediversite.com\/#organization"},"image":{"@id":"https:\/\/guineediversite.com\/index.php\/2018\/11\/21\/abdoulaye-sow-succede-a-louis-mbemba-soumah-a-la-tete-de-lustg\/#primaryimage"},"thumbnailUrl":"https:\/\/guineediversite.com\/wp-content\/uploads\/2018\/11\/a-sow.jpg","articleSection":["Soci\u00e9t\u00e9"],"inLanguage":"fr-FR"},{"@type":"WebPage","@id":"https:\/\/guineediversite.com\/index.php\/2018\/11\/21\/abdoulaye-sow-succede-a-louis-mbemba-soumah-a-la-tete-de-lustg\/","url":"https:\/\/guineediversite.com\/index.php\/2018\/11\/21\/abdoulaye-sow-succede-a-louis-mbemba-soumah-a-la-tete-de-lustg\/","name":"Abdoulaye Sow succ\u00e8de \u00e0 Louis M'Bemba Soumah \u00e0 la t\u00eate de l'USTG | Guin\u00e9e Diversit\u00e9","isPartOf":{"@id":"https:\/\/guineediversite.com\/#website"},"primaryImageOfPage":{"@id":"https:\/\/guineediversite.com\/index.php\/2018\/11\/21\/abdoulaye-sow-succede-a-louis-mbemba-soumah-a-la-tete-de-lustg\/#primaryimage"},"image":{"@id":"https:\/\/guineediversite.com\/index.php\/2018\/11\/21\/abdoulaye-sow-succede-a-louis-mbemba-soumah-a-la-tete-de-lustg\/#primaryimage"},"thumbnailUrl":"https:\/\/guineediversite.com\/wp-content\/uploads\/2018\/11\/a-sow.jpg","datePublished":"2018-11-21T15:49:49+00:00","dateModified":"2018-11-21T15:52:59+00:00","breadcrumb":{"@id":"https:\/\/guineediversite.com\/index.php\/2018\/11\/21\/abdoulaye-sow-succede-a-louis-mbemba-soumah-a-la-tete-de-lustg\/#breadcrumb"},"inLanguage":"fr-FR","potentialAction":[{"@type":"ReadAction","target":["https:\/\/guineediversite.com\/index.php\/2018\/11\/21\/abdoulaye-sow-succede-a-louis-mbemba-soumah-a-la-tete-de-lustg\/"]}]},{"@type":"ImageObject","inLanguage":"fr-FR","@id":"https:\/\/guineediversite.com\/index.php\/2018\/11\/21\/abdoulaye-sow-succede-a-louis-mbemba-soumah-a-la-tete-de-lustg\/#primaryimage","url":"https:\/\/guineediversite.com\/wp-content\/uploads\/2018\/11\/a-sow.jpg","contentUrl":"https:\/\/guineediversite.com\/wp-content\/uploads\/2018\/11\/a-sow.jpg","width":2080,"height":1560},{"@type":"BreadcrumbList","@id":"https:\/\/guineediversite.com\/index.php\/2018\/11\/21\/abdoulaye-sow-succede-a-louis-mbemba-soumah-a-la-tete-de-lustg\/#breadcrumb","itemListElement":[{"@type":"ListItem","position":1,"name":"Accueil","item":"https:\/\/guineediversite.com\/"},{"@type":"ListItem","position":2,"name":"Abdoulaye Sow succ\u00e8de \u00e0 Louis M&rsquo;Bemba Soumah \u00e0 la t\u00eate de l&rsquo;USTG"}]},{"@type":"WebSite","@id":"https:\/\/guineediversite.com\/#website","url":"https:\/\/guineediversite.com\/","name":"Guin\u00e9e Diversit\u00e9","description":"L&#039;Info dans toute sa diversit\u00e9","publisher":{"@id":"https:\/\/guineediversite.com\/#organization"},"potentialAction":[{"@type":"SearchAction","target":{"@type":"EntryPoint","urlTemplate":"https:\/\/guineediversite.com\/?s={search_term_string}"},"query-input":{"@type":"PropertyValueSpecification","valueRequired":true,"valueName":"search_term_string"}}],"inLanguage":"fr-FR"},{"@type":"Organization","@id":"https:\/\/guineediversite.com\/#organization","name":"Guin\u00e9e Diversit\u00e9","url":"https:\/\/guineediversite.com\/","logo":{"@type":"ImageObject","inLanguage":"fr-FR","@id":"https:\/\/guineediversite.com\/#\/schema\/logo\/image\/","url":"https:\/\/guineediversite.com\/wp-content\/uploads\/2017\/04\/cropped-1jojlxEOMkX9Wyqfhe43D6kjPOGqBBKmx3EwWJqZ0cMrFF54yM49.png","contentUrl":"https:\/\/guineediversite.com\/wp-content\/uploads\/2017\/04\/cropped-1jojlxEOMkX9Wyqfhe43D6kjPOGqBBKmx3EwWJqZ0cMrFF54yM49.png","width":186,"height":112,"caption":"Guin\u00e9e Diversit\u00e9"},"image":{"@id":"https:\/\/guineediversite.com\/#\/schema\/logo\/image\/"},"sameAs":["https:\/\/www.facebook.com\/guineediversite\/","https:\/\/x.com\/GuineeDiversite","https:\/\/www.youtube.com\/channel\/UC8sUY16qelG5ge6_D5SB83g"]},{"@type":"Person","@id":"https:\/\/guineediversite.com\/#\/schema\/person\/079ec347f72d2acde4b56a50a4fd46dc","name":"Moussa Mo\u00efse K\u00e9ita","image":{"@type":"ImageObject","inLanguage":"fr-FR","@id":"https:\/\/guineediversite.com\/#\/schema\/person\/image\/","url":"https:\/\/secure.gravatar.com\/avatar\/edf1ea2cc01841e6c0b49384bcb1385b?s=96&d=mm&r=g","contentUrl":"https:\/\/secure.gravatar.com\/avatar\/edf1ea2cc01841e6c0b49384bcb1385b?s=96&d=mm&r=g","caption":"Moussa Mo\u00efse K\u00e9ita"},"url":"https:\/\/guineediversite.com\/index.php\/author\/moussa-moise\/"}]}},"_links":{"self":[{"href":"https:\/\/guineediversite.com\/index.php\/wp-json\/wp\/v2\/posts\/27367"}],"collection":[{"href":"https:\/\/guineediversite.com\/index.php\/wp-json\/wp\/v2\/posts"}],"about":[{"href":"https:\/\/guineediversite.com\/index.php\/wp-json\/wp\/v2\/types\/post"}],"author":[{"embeddable":true,"href":"https:\/\/guineediversite.com\/index.php\/wp-json\/wp\/v2\/users\/16"}],"replies":[{"embeddable":true,"href":"https:\/\/guineediversite.com\/index.php\/wp-json\/wp\/v2\/comments?post=27367"}],"version-history":[{"count":0,"href":"https:\/\/guineediversite.com\/index.php\/wp-json\/wp\/v2\/posts\/27367\/revisions"}],"wp:featuredmedia":[{"embeddable":true,"href":"https:\/\/guineediversite.com\/index.php\/wp-json\/wp\/v2\/media\/27368"}],"wp:attachment":[{"href":"https:\/\/guineediversite.com\/index.php\/wp-json\/wp\/v2\/media?parent=27367"}],"wp:term":[{"taxonomy":"category","embeddable":true,"href":"https:\/\/guineediversite.com\/index.php\/wp-json\/wp\/v2\/categories?post=27367"},{"taxonomy":"post_tag","embeddable":true,"href":"https:\/\/guineediversite.com\/index.php\/wp-json\/wp\/v2\/tags?post=27367"}],"curies":[{"name":"wp","href":"https:\/\/api.w.org\/{rel}","templated":true}]}}