{"id":27361,"date":"2018-11-19T18:11:36","date_gmt":"2018-11-19T17:11:36","guid":{"rendered":"https:\/\/guineediversite.com\/?p=27361"},"modified":"2018-11-19T18:11:36","modified_gmt":"2018-11-19T17:11:36","slug":"lustg-lance-son-congres-en-grande-pompe-a-conakry","status":"publish","type":"post","link":"https:\/\/guineediversite.com\/index.php\/2018\/11\/19\/lustg-lance-son-congres-en-grande-pompe-a-conakry\/","title":{"rendered":"L\u2019USTG lance son congr\u00e8s en grande pompe \u00e0 Conakry"},"content":{"rendered":"<p><strong>C\u2019est parti pour trois jours de congres de l\u2019Union Syndicale des Travailleurs de Guin\u00e9e\u00a0 \u00e0 partir de ce lundi 19 novembre au Palais du peuple \u00e0 Conakry.<\/strong><\/p>\n<p>Plus de 150 congressistes et une douzaines de f\u00e9d\u00e9rations affil\u00e9es \u00e0 cette centrale vont se pencher pendant ces trois jours \u00e0 l\u2019amendement et \u00e0 l\u2019adoption des textes juridiques, mais aussi proc\u00e9der \u00e0 l\u2019\u00e9lection du nouveau secr\u00e9taire g\u00e9n\u00e9ral pour un mandat de 5 ans en remplacement de Louis M\u2019Bemba Soumah, secr\u00e9taire g\u00e9n\u00e9ral sortant. A noter qu\u2019aucun membre du gouvernement, ni l\u2019inspecteur du Travail encore moins le patronat n\u2019\u00e9tait pr\u00e9sent \u00e0 cette c\u00e9r\u00e9monie d\u2019ouverture.<\/p>\n<p>\u00ab <em>Le syndicat est une famille et une famille pour qu\u2019elle fonctionne bien il faut qu\u2019elle soit unie et solidaire.<\/em>\u00bb C\u2019est en ces termes que Louis M\u2019Bemba Soumah a entam\u00e9 son discours, sous les applaudissements de la grande salle du palais du peuple a moiti\u00e9 remplie par les congressistes venu des quatre ragions de la Guin\u00e9e. Pour lui, ceux qui ont tent\u00e9 de les diviser ont \u00e9chou\u00e9s dans leurs missions: \u00ab <em>L\u2019USTG est une centrale syndicale nationale de dialogue, de paix, de qui\u00e9tude sociale et de participation au d\u00e9veloppement<\/em> \u00bb, soutien t-il.<\/p>\n<p><img loading=\"lazy\" decoding=\"async\" class=\" wp-image-27365 alignleft\" src=\"https:\/\/guineediversite.com.bwjx4292.odns.fr\/wp-content\/uploads\/2018\/11\/46449257_525342671278181_3356031928347131904_n-300x225.jpg\" alt=\"\" width=\"476\" height=\"357\" srcset=\"https:\/\/guineediversite.com\/wp-content\/uploads\/2018\/11\/46449257_525342671278181_3356031928347131904_n-300x225.jpg 300w, https:\/\/guineediversite.com\/wp-content\/uploads\/2018\/11\/46449257_525342671278181_3356031928347131904_n-768x576.jpg 768w, https:\/\/guineediversite.com\/wp-content\/uploads\/2018\/11\/46449257_525342671278181_3356031928347131904_n-1024x768.jpg 1024w, https:\/\/guineediversite.com\/wp-content\/uploads\/2018\/11\/46449257_525342671278181_3356031928347131904_n-600x450.jpg 600w, https:\/\/guineediversite.com\/wp-content\/uploads\/2018\/11\/46449257_525342671278181_3356031928347131904_n-678x509.jpg 678w, https:\/\/guineediversite.com\/wp-content\/uploads\/2018\/11\/46449257_525342671278181_3356031928347131904_n-326x245.jpg 326w, https:\/\/guineediversite.com\/wp-content\/uploads\/2018\/11\/46449257_525342671278181_3356031928347131904_n-80x60.jpg 80w\" sizes=\"(max-width: 476px) 100vw, 476px\" \/><\/p>\n<p>Ce 6e\u00a0 congr\u00e8s de l\u2019une des centrales syndicales les plus importantes du pays, intervient au moment o\u00f9 l\u2019un des membres affili\u00e9 notamment le SLECG d\u2019Aboubacar Soumah est \u00e0 couteau tirer avec le gouvernement pour les revendications autour des huit millions de franc guin\u00e9ens comme salaire de base des enseignants. Le secr\u00e9taire g\u00e9n\u00e9ral sortant Louis M\u2019Bemba Soumah a lanc\u00e9 un appel pressant au gouvernement pour une reprise imm\u00e9diate des n\u00e9gociations. \u00ab <em>Nous allons nous y mettre pour que rapidement nous puissions exiger du gouvernement que les n\u00e9gociations soient reprises pour que\u00a0 nos \u00e9l\u00e8ves puissent reprendre les cours et que les enseignants puissent rentrer dans leurs droits et qu\u2019on les met dans les conditions requises pour faire un bon travail<\/em> \u00bb, lance Louis M\u2019Bemba Soumah.<\/p>\n<p>Pr\u00e9sident d\u2019honneur de cette c\u00e9r\u00e9monie qui marque l\u2019ouverture de ce congres, le b\u00e2tonnier de l\u2019ordre national des avocats Me Mohamed Traor\u00e9 a d\u00e9clar\u00e9: \u00ab<em> Nous autres qui ne sont pas syndiqu\u00e9s, \u00e0 chaque fois que nous constatons que le syndicat ou le syndicalisme traverse une zone de turbulence ont n\u2019est inqui\u00e8te(\u2026) Les syndicalistes pour celui qui connait le r\u00f4le qu\u2019ils ont jou\u00e9 en Guin\u00e9e depuis l&rsquo;ind\u00e9pendance jusqu&rsquo;\u00e0 maintenant\u00a0 prouve qu&rsquo;ils sont une v\u00e9ritable force de changement, une v\u00e9ritable force de proposition.<\/em>\u00bb<\/p>\n<p>Apr\u00e8s 5 ans et 6 mois pass\u00e9s \u00e0 la t\u00eate de cette centrale,\u00a0 Louis M\u2019Bemba Soumah\u00a0 passera le t\u00e9moin \u00e0 un nouveau secr\u00e9taire g\u00e9n\u00e9ral le mercredi 21 novembre \u00e0 l\u2019issu de ce congres. Mais pour l\u2019heure, les congressistes doivent amender et adopter les textes juridique et autres activit\u00e9s pr\u00e9vues pendant ces deux jours.<\/p>\n<p><strong>Moussa Mo\u00efse KEITA<\/strong><\/p>\n","protected":false},"excerpt":{"rendered":"<p>C\u2019est parti pour trois jours de congres de l\u2019Union Syndicale des Travailleurs de Guin\u00e9e\u00a0 \u00e0 partir de ce lundi 19 novembre au Palais du peuple \u00e0 Conakry. Plus de 150 congressistes et une douzaines de f\u00e9d\u00e9rations affil\u00e9es \u00e0 cette centrale vont se pencher pendant ces trois jours \u00e0 l\u2019amendement et \u00e0 l\u2019adoption des textes juridiques, [&hellip;]<\/p>\n","protected":false},"author":16,"featured_media":27362,"comment_status":"closed","ping_status":"closed","sticky":false,"template":"","format":"standard","meta":{"_exactmetrics_skip_tracking":false,"_exactmetrics_sitenote_active":false,"_exactmetrics_sitenote_note":"","_exactmetrics_sitenote_category":0,"tdm_status":"","tdm_grid_status":"","footnotes":""},"categories":[16],"tags":[],"class_list":{"0":"post-27361","1":"post","2":"type-post","3":"status-publish","4":"format-standard","5":"has-post-thumbnail","7":"category-societe"},"yoast_head":"<!-- This site is optimized with the Yoast SEO plugin v24.2 - https:\/\/yoast.com\/wordpress\/plugins\/seo\/ -->\n<title>L\u2019USTG lance son congr\u00e8s en grande pompe \u00e0 Conakry | Guin\u00e9e Diversit\u00e9<\/title>\n<meta name=\"robots\" content=\"index, follow, max-snippet:-1, max-image-preview:large, max-video-preview:-1\" \/>\n<link rel=\"canonical\" href=\"https:\/\/guineediversite.com\/index.php\/2018\/11\/19\/lustg-lance-son-congres-en-grande-pompe-a-conakry\/\" \/>\n<meta property=\"og:locale\" content=\"fr_FR\" \/>\n<meta property=\"og:type\" content=\"article\" \/>\n<meta property=\"og:title\" content=\"L\u2019USTG lance son congr\u00e8s en grande pompe \u00e0 Conakry | Guin\u00e9e Diversit\u00e9\" \/>\n<meta property=\"og:description\" content=\"C\u2019est parti pour trois jours de congres de l\u2019Union Syndicale des Travailleurs de Guin\u00e9e\u00a0 \u00e0 partir de ce lundi 19 novembre au Palais du peuple \u00e0 Conakry. Plus de 150 congressistes et une douzaines de f\u00e9d\u00e9rations affil\u00e9es \u00e0 cette centrale vont se pencher pendant ces trois jours \u00e0 l\u2019amendement et \u00e0 l\u2019adoption des textes juridiques, [&hellip;]\" \/>\n<meta property=\"og:url\" content=\"https:\/\/guineediversite.com\/index.php\/2018\/11\/19\/lustg-lance-son-congres-en-grande-pompe-a-conakry\/\" \/>\n<meta property=\"og:site_name\" content=\"Guin\u00e9e Diversit\u00e9\" \/>\n<meta property=\"article:publisher\" content=\"https:\/\/www.facebook.com\/guineediversite\/\" \/>\n<meta property=\"article:published_time\" content=\"2018-11-19T17:11:36+00:00\" \/>\n<meta property=\"og:image\" content=\"https:\/\/guineediversite.com\/wp-content\/uploads\/2018\/11\/46456286_347937082648215_3789541252618256384_n.jpg\" \/>\n\t<meta property=\"og:image:width\" content=\"2080\" \/>\n\t<meta property=\"og:image:height\" content=\"1560\" \/>\n\t<meta property=\"og:image:type\" content=\"image\/jpeg\" \/>\n<meta name=\"author\" content=\"Moussa Mo\u00efse K\u00e9ita\" \/>\n<meta name=\"twitter:card\" content=\"summary_large_image\" \/>\n<meta name=\"twitter:creator\" content=\"@GuineeDiversite\" \/>\n<meta name=\"twitter:site\" content=\"@GuineeDiversite\" \/>\n<meta name=\"twitter:label1\" content=\"\u00c9crit par\" \/>\n\t<meta name=\"twitter:data1\" content=\"Moussa Mo\u00efse K\u00e9ita\" \/>\n\t<meta name=\"twitter:label2\" content=\"Dur\u00e9e de lecture estim\u00e9e\" \/>\n\t<meta name=\"twitter:data2\" content=\"3 minutes\" \/>\n<script type=\"application\/ld+json\" class=\"yoast-schema-graph\">{\"@context\":\"https:\/\/schema.org\",\"@graph\":[{\"@type\":\"Article\",\"@id\":\"https:\/\/guineediversite.com\/index.php\/2018\/11\/19\/lustg-lance-son-congres-en-grande-pompe-a-conakry\/#article\",\"isPartOf\":{\"@id\":\"https:\/\/guineediversite.com\/index.php\/2018\/11\/19\/lustg-lance-son-congres-en-grande-pompe-a-conakry\/\"},\"author\":{\"name\":\"Moussa Mo\u00efse K\u00e9ita\",\"@id\":\"https:\/\/guineediversite.com\/#\/schema\/person\/079ec347f72d2acde4b56a50a4fd46dc\"},\"headline\":\"L\u2019USTG lance son congr\u00e8s en grande pompe \u00e0 Conakry\",\"datePublished\":\"2018-11-19T17:11:36+00:00\",\"dateModified\":\"2018-11-19T17:11:36+00:00\",\"mainEntityOfPage\":{\"@id\":\"https:\/\/guineediversite.com\/index.php\/2018\/11\/19\/lustg-lance-son-congres-en-grande-pompe-a-conakry\/\"},\"wordCount\":517,\"publisher\":{\"@id\":\"https:\/\/guineediversite.com\/#organization\"},\"image\":{\"@id\":\"https:\/\/guineediversite.com\/index.php\/2018\/11\/19\/lustg-lance-son-congres-en-grande-pompe-a-conakry\/#primaryimage\"},\"thumbnailUrl\":\"https:\/\/guineediversite.com\/wp-content\/uploads\/2018\/11\/46456286_347937082648215_3789541252618256384_n.jpg\",\"articleSection\":[\"Soci\u00e9t\u00e9\"],\"inLanguage\":\"fr-FR\"},{\"@type\":\"WebPage\",\"@id\":\"https:\/\/guineediversite.com\/index.php\/2018\/11\/19\/lustg-lance-son-congres-en-grande-pompe-a-conakry\/\",\"url\":\"https:\/\/guineediversite.com\/index.php\/2018\/11\/19\/lustg-lance-son-congres-en-grande-pompe-a-conakry\/\",\"name\":\"L\u2019USTG lance son congr\u00e8s en grande pompe \u00e0 Conakry | Guin\u00e9e Diversit\u00e9\",\"isPartOf\":{\"@id\":\"https:\/\/guineediversite.com\/#website\"},\"primaryImageOfPage\":{\"@id\":\"https:\/\/guineediversite.com\/index.php\/2018\/11\/19\/lustg-lance-son-congres-en-grande-pompe-a-conakry\/#primaryimage\"},\"image\":{\"@id\":\"https:\/\/guineediversite.com\/index.php\/2018\/11\/19\/lustg-lance-son-congres-en-grande-pompe-a-conakry\/#primaryimage\"},\"thumbnailUrl\":\"https:\/\/guineediversite.com\/wp-content\/uploads\/2018\/11\/46456286_347937082648215_3789541252618256384_n.jpg\",\"datePublished\":\"2018-11-19T17:11:36+00:00\",\"dateModified\":\"2018-11-19T17:11:36+00:00\",\"breadcrumb\":{\"@id\":\"https:\/\/guineediversite.com\/index.php\/2018\/11\/19\/lustg-lance-son-congres-en-grande-pompe-a-conakry\/#breadcrumb\"},\"inLanguage\":\"fr-FR\",\"potentialAction\":[{\"@type\":\"ReadAction\",\"target\":[\"https:\/\/guineediversite.com\/index.php\/2018\/11\/19\/lustg-lance-son-congres-en-grande-pompe-a-conakry\/\"]}]},{\"@type\":\"ImageObject\",\"inLanguage\":\"fr-FR\",\"@id\":\"https:\/\/guineediversite.com\/index.php\/2018\/11\/19\/lustg-lance-son-congres-en-grande-pompe-a-conakry\/#primaryimage\",\"url\":\"https:\/\/guineediversite.com\/wp-content\/uploads\/2018\/11\/46456286_347937082648215_3789541252618256384_n.jpg\",\"contentUrl\":\"https:\/\/guineediversite.com\/wp-content\/uploads\/2018\/11\/46456286_347937082648215_3789541252618256384_n.jpg\",\"width\":2080,\"height\":1560},{\"@type\":\"BreadcrumbList\",\"@id\":\"https:\/\/guineediversite.com\/index.php\/2018\/11\/19\/lustg-lance-son-congres-en-grande-pompe-a-conakry\/#breadcrumb\",\"itemListElement\":[{\"@type\":\"ListItem\",\"position\":1,\"name\":\"Accueil\",\"item\":\"https:\/\/guineediversite.com\/\"},{\"@type\":\"ListItem\",\"position\":2,\"name\":\"L\u2019USTG lance son congr\u00e8s en grande pompe \u00e0 Conakry\"}]},{\"@type\":\"WebSite\",\"@id\":\"https:\/\/guineediversite.com\/#website\",\"url\":\"https:\/\/guineediversite.com\/\",\"name\":\"Guin\u00e9e Diversit\u00e9\",\"description\":\"L&#039;Info dans toute sa diversit\u00e9\",\"publisher\":{\"@id\":\"https:\/\/guineediversite.com\/#organization\"},\"potentialAction\":[{\"@type\":\"SearchAction\",\"target\":{\"@type\":\"EntryPoint\",\"urlTemplate\":\"https:\/\/guineediversite.com\/?s={search_term_string}\"},\"query-input\":{\"@type\":\"PropertyValueSpecification\",\"valueRequired\":true,\"valueName\":\"search_term_string\"}}],\"inLanguage\":\"fr-FR\"},{\"@type\":\"Organization\",\"@id\":\"https:\/\/guineediversite.com\/#organization\",\"name\":\"Guin\u00e9e Diversit\u00e9\",\"url\":\"https:\/\/guineediversite.com\/\",\"logo\":{\"@type\":\"ImageObject\",\"inLanguage\":\"fr-FR\",\"@id\":\"https:\/\/guineediversite.com\/#\/schema\/logo\/image\/\",\"url\":\"https:\/\/guineediversite.com\/wp-content\/uploads\/2017\/04\/cropped-1jojlxEOMkX9Wyqfhe43D6kjPOGqBBKmx3EwWJqZ0cMrFF54yM49.png\",\"contentUrl\":\"https:\/\/guineediversite.com\/wp-content\/uploads\/2017\/04\/cropped-1jojlxEOMkX9Wyqfhe43D6kjPOGqBBKmx3EwWJqZ0cMrFF54yM49.png\",\"width\":186,\"height\":112,\"caption\":\"Guin\u00e9e Diversit\u00e9\"},\"image\":{\"@id\":\"https:\/\/guineediversite.com\/#\/schema\/logo\/image\/\"},\"sameAs\":[\"https:\/\/www.facebook.com\/guineediversite\/\",\"https:\/\/x.com\/GuineeDiversite\",\"https:\/\/www.youtube.com\/channel\/UC8sUY16qelG5ge6_D5SB83g\"]},{\"@type\":\"Person\",\"@id\":\"https:\/\/guineediversite.com\/#\/schema\/person\/079ec347f72d2acde4b56a50a4fd46dc\",\"name\":\"Moussa Mo\u00efse K\u00e9ita\",\"image\":{\"@type\":\"ImageObject\",\"inLanguage\":\"fr-FR\",\"@id\":\"https:\/\/guineediversite.com\/#\/schema\/person\/image\/\",\"url\":\"https:\/\/secure.gravatar.com\/avatar\/edf1ea2cc01841e6c0b49384bcb1385b?s=96&d=mm&r=g\",\"contentUrl\":\"https:\/\/secure.gravatar.com\/avatar\/edf1ea2cc01841e6c0b49384bcb1385b?s=96&d=mm&r=g\",\"caption\":\"Moussa Mo\u00efse K\u00e9ita\"},\"url\":\"https:\/\/guineediversite.com\/index.php\/author\/moussa-moise\/\"}]}<\/script>\n<!-- \/ Yoast SEO plugin. -->","yoast_head_json":{"title":"L\u2019USTG lance son congr\u00e8s en grande pompe \u00e0 Conakry | Guin\u00e9e Diversit\u00e9","robots":{"index":"index","follow":"follow","max-snippet":"max-snippet:-1","max-image-preview":"max-image-preview:large","max-video-preview":"max-video-preview:-1"},"canonical":"https:\/\/guineediversite.com\/index.php\/2018\/11\/19\/lustg-lance-son-congres-en-grande-pompe-a-conakry\/","og_locale":"fr_FR","og_type":"article","og_title":"L\u2019USTG lance son congr\u00e8s en grande pompe \u00e0 Conakry | Guin\u00e9e Diversit\u00e9","og_description":"C\u2019est parti pour trois jours de congres de l\u2019Union Syndicale des Travailleurs de Guin\u00e9e\u00a0 \u00e0 partir de ce lundi 19 novembre au Palais du peuple \u00e0 Conakry. Plus de 150 congressistes et une douzaines de f\u00e9d\u00e9rations affil\u00e9es \u00e0 cette centrale vont se pencher pendant ces trois jours \u00e0 l\u2019amendement et \u00e0 l\u2019adoption des textes juridiques, [&hellip;]","og_url":"https:\/\/guineediversite.com\/index.php\/2018\/11\/19\/lustg-lance-son-congres-en-grande-pompe-a-conakry\/","og_site_name":"Guin\u00e9e Diversit\u00e9","article_publisher":"https:\/\/www.facebook.com\/guineediversite\/","article_published_time":"2018-11-19T17:11:36+00:00","og_image":[{"width":2080,"height":1560,"url":"https:\/\/guineediversite.com\/wp-content\/uploads\/2018\/11\/46456286_347937082648215_3789541252618256384_n.jpg","type":"image\/jpeg"}],"author":"Moussa Mo\u00efse K\u00e9ita","twitter_card":"summary_large_image","twitter_creator":"@GuineeDiversite","twitter_site":"@GuineeDiversite","twitter_misc":{"\u00c9crit par":"Moussa Mo\u00efse K\u00e9ita","Dur\u00e9e de lecture estim\u00e9e":"3 minutes"},"schema":{"@context":"https:\/\/schema.org","@graph":[{"@type":"Article","@id":"https:\/\/guineediversite.com\/index.php\/2018\/11\/19\/lustg-lance-son-congres-en-grande-pompe-a-conakry\/#article","isPartOf":{"@id":"https:\/\/guineediversite.com\/index.php\/2018\/11\/19\/lustg-lance-son-congres-en-grande-pompe-a-conakry\/"},"author":{"name":"Moussa Mo\u00efse K\u00e9ita","@id":"https:\/\/guineediversite.com\/#\/schema\/person\/079ec347f72d2acde4b56a50a4fd46dc"},"headline":"L\u2019USTG lance son congr\u00e8s en grande pompe \u00e0 Conakry","datePublished":"2018-11-19T17:11:36+00:00","dateModified":"2018-11-19T17:11:36+00:00","mainEntityOfPage":{"@id":"https:\/\/guineediversite.com\/index.php\/2018\/11\/19\/lustg-lance-son-congres-en-grande-pompe-a-conakry\/"},"wordCount":517,"publisher":{"@id":"https:\/\/guineediversite.com\/#organization"},"image":{"@id":"https:\/\/guineediversite.com\/index.php\/2018\/11\/19\/lustg-lance-son-congres-en-grande-pompe-a-conakry\/#primaryimage"},"thumbnailUrl":"https:\/\/guineediversite.com\/wp-content\/uploads\/2018\/11\/46456286_347937082648215_3789541252618256384_n.jpg","articleSection":["Soci\u00e9t\u00e9"],"inLanguage":"fr-FR"},{"@type":"WebPage","@id":"https:\/\/guineediversite.com\/index.php\/2018\/11\/19\/lustg-lance-son-congres-en-grande-pompe-a-conakry\/","url":"https:\/\/guineediversite.com\/index.php\/2018\/11\/19\/lustg-lance-son-congres-en-grande-pompe-a-conakry\/","name":"L\u2019USTG lance son congr\u00e8s en grande pompe \u00e0 Conakry | Guin\u00e9e Diversit\u00e9","isPartOf":{"@id":"https:\/\/guineediversite.com\/#website"},"primaryImageOfPage":{"@id":"https:\/\/guineediversite.com\/index.php\/2018\/11\/19\/lustg-lance-son-congres-en-grande-pompe-a-conakry\/#primaryimage"},"image":{"@id":"https:\/\/guineediversite.com\/index.php\/2018\/11\/19\/lustg-lance-son-congres-en-grande-pompe-a-conakry\/#primaryimage"},"thumbnailUrl":"https:\/\/guineediversite.com\/wp-content\/uploads\/2018\/11\/46456286_347937082648215_3789541252618256384_n.jpg","datePublished":"2018-11-19T17:11:36+00:00","dateModified":"2018-11-19T17:11:36+00:00","breadcrumb":{"@id":"https:\/\/guineediversite.com\/index.php\/2018\/11\/19\/lustg-lance-son-congres-en-grande-pompe-a-conakry\/#breadcrumb"},"inLanguage":"fr-FR","potentialAction":[{"@type":"ReadAction","target":["https:\/\/guineediversite.com\/index.php\/2018\/11\/19\/lustg-lance-son-congres-en-grande-pompe-a-conakry\/"]}]},{"@type":"ImageObject","inLanguage":"fr-FR","@id":"https:\/\/guineediversite.com\/index.php\/2018\/11\/19\/lustg-lance-son-congres-en-grande-pompe-a-conakry\/#primaryimage","url":"https:\/\/guineediversite.com\/wp-content\/uploads\/2018\/11\/46456286_347937082648215_3789541252618256384_n.jpg","contentUrl":"https:\/\/guineediversite.com\/wp-content\/uploads\/2018\/11\/46456286_347937082648215_3789541252618256384_n.jpg","width":2080,"height":1560},{"@type":"BreadcrumbList","@id":"https:\/\/guineediversite.com\/index.php\/2018\/11\/19\/lustg-lance-son-congres-en-grande-pompe-a-conakry\/#breadcrumb","itemListElement":[{"@type":"ListItem","position":1,"name":"Accueil","item":"https:\/\/guineediversite.com\/"},{"@type":"ListItem","position":2,"name":"L\u2019USTG lance son congr\u00e8s en grande pompe \u00e0 Conakry"}]},{"@type":"WebSite","@id":"https:\/\/guineediversite.com\/#website","url":"https:\/\/guineediversite.com\/","name":"Guin\u00e9e Diversit\u00e9","description":"L&#039;Info dans toute sa diversit\u00e9","publisher":{"@id":"https:\/\/guineediversite.com\/#organization"},"potentialAction":[{"@type":"SearchAction","target":{"@type":"EntryPoint","urlTemplate":"https:\/\/guineediversite.com\/?s={search_term_string}"},"query-input":{"@type":"PropertyValueSpecification","valueRequired":true,"valueName":"search_term_string"}}],"inLanguage":"fr-FR"},{"@type":"Organization","@id":"https:\/\/guineediversite.com\/#organization","name":"Guin\u00e9e Diversit\u00e9","url":"https:\/\/guineediversite.com\/","logo":{"@type":"ImageObject","inLanguage":"fr-FR","@id":"https:\/\/guineediversite.com\/#\/schema\/logo\/image\/","url":"https:\/\/guineediversite.com\/wp-content\/uploads\/2017\/04\/cropped-1jojlxEOMkX9Wyqfhe43D6kjPOGqBBKmx3EwWJqZ0cMrFF54yM49.png","contentUrl":"https:\/\/guineediversite.com\/wp-content\/uploads\/2017\/04\/cropped-1jojlxEOMkX9Wyqfhe43D6kjPOGqBBKmx3EwWJqZ0cMrFF54yM49.png","width":186,"height":112,"caption":"Guin\u00e9e Diversit\u00e9"},"image":{"@id":"https:\/\/guineediversite.com\/#\/schema\/logo\/image\/"},"sameAs":["https:\/\/www.facebook.com\/guineediversite\/","https:\/\/x.com\/GuineeDiversite","https:\/\/www.youtube.com\/channel\/UC8sUY16qelG5ge6_D5SB83g"]},{"@type":"Person","@id":"https:\/\/guineediversite.com\/#\/schema\/person\/079ec347f72d2acde4b56a50a4fd46dc","name":"Moussa Mo\u00efse K\u00e9ita","image":{"@type":"ImageObject","inLanguage":"fr-FR","@id":"https:\/\/guineediversite.com\/#\/schema\/person\/image\/","url":"https:\/\/secure.gravatar.com\/avatar\/edf1ea2cc01841e6c0b49384bcb1385b?s=96&d=mm&r=g","contentUrl":"https:\/\/secure.gravatar.com\/avatar\/edf1ea2cc01841e6c0b49384bcb1385b?s=96&d=mm&r=g","caption":"Moussa Mo\u00efse K\u00e9ita"},"url":"https:\/\/guineediversite.com\/index.php\/author\/moussa-moise\/"}]}},"_links":{"self":[{"href":"https:\/\/guineediversite.com\/index.php\/wp-json\/wp\/v2\/posts\/27361"}],"collection":[{"href":"https:\/\/guineediversite.com\/index.php\/wp-json\/wp\/v2\/posts"}],"about":[{"href":"https:\/\/guineediversite.com\/index.php\/wp-json\/wp\/v2\/types\/post"}],"author":[{"embeddable":true,"href":"https:\/\/guineediversite.com\/index.php\/wp-json\/wp\/v2\/users\/16"}],"replies":[{"embeddable":true,"href":"https:\/\/guineediversite.com\/index.php\/wp-json\/wp\/v2\/comments?post=27361"}],"version-history":[{"count":0,"href":"https:\/\/guineediversite.com\/index.php\/wp-json\/wp\/v2\/posts\/27361\/revisions"}],"wp:featuredmedia":[{"embeddable":true,"href":"https:\/\/guineediversite.com\/index.php\/wp-json\/wp\/v2\/media\/27362"}],"wp:attachment":[{"href":"https:\/\/guineediversite.com\/index.php\/wp-json\/wp\/v2\/media?parent=27361"}],"wp:term":[{"taxonomy":"category","embeddable":true,"href":"https:\/\/guineediversite.com\/index.php\/wp-json\/wp\/v2\/categories?post=27361"},{"taxonomy":"post_tag","embeddable":true,"href":"https:\/\/guineediversite.com\/index.php\/wp-json\/wp\/v2\/tags?post=27361"}],"curies":[{"name":"wp","href":"https:\/\/api.w.org\/{rel}","templated":true}]}}