{"id":27358,"date":"2018-11-19T14:06:20","date_gmt":"2018-11-19T13:06:20","guid":{"rendered":"https:\/\/guineediversite.com\/?p=27358"},"modified":"2018-11-19T14:06:20","modified_gmt":"2018-11-19T13:06:20","slug":"kipe-une-vive-tension-entre-les-manifestants-et-les-forces-de-lordre","status":"publish","type":"post","link":"https:\/\/guineediversite.com\/index.php\/2018\/11\/19\/kipe-une-vive-tension-entre-les-manifestants-et-les-forces-de-lordre\/","title":{"rendered":"Kip\u00e9: une vive tension entre les manifestants et les forces de l\u2019ordre"},"content":{"rendered":"<p>Les manifestants ont prient d\u2019assaut la circulation de Kip\u00e9 tr\u00e8s t\u00f4t ce matin. Des jeunes et femmes protestent contre les tueries lors des manifestations de rue. Une manifestation qui a d\u00e9but\u00e9 aux environs de 5h du matin, et les agents des forces de s\u00e9curit\u00e9s sont intervenues vers 9 h du matin, par des tires de gaz lacrymog\u00e8ne afin de disperser la foule et r\u00e9tablir de l\u2019ordre sur cette voie. Cette situation s&rsquo;explique par le lynchage vendredi dernier d&rsquo;un b\u00e9ret rouge \u00e0 Bamb\u00e9to qui se trouve \u00eatre habitant de kip\u00e9.<\/p>\n<p>A noter que, plusieurs arrestations de jeunes manifestants ont \u00e9t\u00e9 enregistr\u00e9es. Et d\u2019autres se sont retranch\u00e9s dans le quartier et continuent de jeter les pierres aux forces de l\u2019ordre. Aux derni\u00e8res nouvelles la circulation aurait repris de bel sur cette voie.<\/p>\n","protected":false},"excerpt":{"rendered":"<p>Les manifestants ont prient d\u2019assaut la circulation de Kip\u00e9 tr\u00e8s t\u00f4t ce matin. Des jeunes et femmes protestent contre les tueries lors des manifestations de rue. Une manifestation qui a d\u00e9but\u00e9 aux environs de 5h du matin, et les agents des forces de s\u00e9curit\u00e9s sont intervenues vers 9 h du matin, par des tires de [&hellip;]<\/p>\n","protected":false},"author":10,"featured_media":27359,"comment_status":"closed","ping_status":"closed","sticky":false,"template":"","format":"standard","meta":{"_exactmetrics_skip_tracking":false,"_exactmetrics_sitenote_active":false,"_exactmetrics_sitenote_note":"","_exactmetrics_sitenote_category":0,"tdm_status":"","tdm_grid_status":"","footnotes":""},"categories":[16],"tags":[],"class_list":{"0":"post-27358","1":"post","2":"type-post","3":"status-publish","4":"format-standard","5":"has-post-thumbnail","7":"category-societe"},"yoast_head":"<!-- This site is optimized with the Yoast SEO plugin v24.2 - https:\/\/yoast.com\/wordpress\/plugins\/seo\/ -->\n<title>Kip\u00e9: une vive tension entre les manifestants et les forces de l\u2019ordre | Guin\u00e9e Diversit\u00e9<\/title>\n<meta name=\"robots\" content=\"index, follow, max-snippet:-1, max-image-preview:large, max-video-preview:-1\" \/>\n<link rel=\"canonical\" href=\"https:\/\/guineediversite.com\/index.php\/2018\/11\/19\/kipe-une-vive-tension-entre-les-manifestants-et-les-forces-de-lordre\/\" \/>\n<meta property=\"og:locale\" content=\"fr_FR\" \/>\n<meta property=\"og:type\" content=\"article\" \/>\n<meta property=\"og:title\" content=\"Kip\u00e9: une vive tension entre les manifestants et les forces de l\u2019ordre | Guin\u00e9e Diversit\u00e9\" \/>\n<meta property=\"og:description\" content=\"Les manifestants ont prient d\u2019assaut la circulation de Kip\u00e9 tr\u00e8s t\u00f4t ce matin. Des jeunes et femmes protestent contre les tueries lors des manifestations de rue. Une manifestation qui a d\u00e9but\u00e9 aux environs de 5h du matin, et les agents des forces de s\u00e9curit\u00e9s sont intervenues vers 9 h du matin, par des tires de [&hellip;]\" \/>\n<meta property=\"og:url\" content=\"https:\/\/guineediversite.com\/index.php\/2018\/11\/19\/kipe-une-vive-tension-entre-les-manifestants-et-les-forces-de-lordre\/\" \/>\n<meta property=\"og:site_name\" content=\"Guin\u00e9e Diversit\u00e9\" \/>\n<meta property=\"article:publisher\" content=\"https:\/\/www.facebook.com\/guineediversite\/\" \/>\n<meta property=\"article:published_time\" content=\"2018-11-19T13:06:20+00:00\" \/>\n<meta property=\"og:image\" content=\"https:\/\/guineediversite.com\/wp-content\/uploads\/2018\/11\/46492786_2117466715234177_5530878804400013312_n.jpg\" \/>\n\t<meta property=\"og:image:width\" content=\"1365\" \/>\n\t<meta property=\"og:image:height\" content=\"1024\" \/>\n\t<meta property=\"og:image:type\" content=\"image\/jpeg\" \/>\n<meta name=\"author\" content=\"Morcire Camara\" \/>\n<meta name=\"twitter:card\" content=\"summary_large_image\" \/>\n<meta name=\"twitter:creator\" content=\"@GuineeDiversite\" \/>\n<meta name=\"twitter:site\" content=\"@GuineeDiversite\" \/>\n<meta name=\"twitter:label1\" content=\"\u00c9crit par\" \/>\n\t<meta name=\"twitter:data1\" content=\"Morcire Camara\" \/>\n\t<meta name=\"twitter:label2\" content=\"Dur\u00e9e de lecture estim\u00e9e\" \/>\n\t<meta name=\"twitter:data2\" content=\"1 minute\" \/>\n<script type=\"application\/ld+json\" class=\"yoast-schema-graph\">{\"@context\":\"https:\/\/schema.org\",\"@graph\":[{\"@type\":\"Article\",\"@id\":\"https:\/\/guineediversite.com\/index.php\/2018\/11\/19\/kipe-une-vive-tension-entre-les-manifestants-et-les-forces-de-lordre\/#article\",\"isPartOf\":{\"@id\":\"https:\/\/guineediversite.com\/index.php\/2018\/11\/19\/kipe-une-vive-tension-entre-les-manifestants-et-les-forces-de-lordre\/\"},\"author\":{\"name\":\"Morcire Camara\",\"@id\":\"https:\/\/guineediversite.com\/#\/schema\/person\/fa362494c47202ce4b3adf55abcc9d01\"},\"headline\":\"Kip\u00e9: une vive tension entre les manifestants et les forces de l\u2019ordre\",\"datePublished\":\"2018-11-19T13:06:20+00:00\",\"dateModified\":\"2018-11-19T13:06:20+00:00\",\"mainEntityOfPage\":{\"@id\":\"https:\/\/guineediversite.com\/index.php\/2018\/11\/19\/kipe-une-vive-tension-entre-les-manifestants-et-les-forces-de-lordre\/\"},\"wordCount\":159,\"publisher\":{\"@id\":\"https:\/\/guineediversite.com\/#organization\"},\"image\":{\"@id\":\"https:\/\/guineediversite.com\/index.php\/2018\/11\/19\/kipe-une-vive-tension-entre-les-manifestants-et-les-forces-de-lordre\/#primaryimage\"},\"thumbnailUrl\":\"https:\/\/guineediversite.com\/wp-content\/uploads\/2018\/11\/46492786_2117466715234177_5530878804400013312_n.jpg\",\"articleSection\":[\"Soci\u00e9t\u00e9\"],\"inLanguage\":\"fr-FR\"},{\"@type\":\"WebPage\",\"@id\":\"https:\/\/guineediversite.com\/index.php\/2018\/11\/19\/kipe-une-vive-tension-entre-les-manifestants-et-les-forces-de-lordre\/\",\"url\":\"https:\/\/guineediversite.com\/index.php\/2018\/11\/19\/kipe-une-vive-tension-entre-les-manifestants-et-les-forces-de-lordre\/\",\"name\":\"Kip\u00e9: une vive tension entre les manifestants et les forces de l\u2019ordre | Guin\u00e9e Diversit\u00e9\",\"isPartOf\":{\"@id\":\"https:\/\/guineediversite.com\/#website\"},\"primaryImageOfPage\":{\"@id\":\"https:\/\/guineediversite.com\/index.php\/2018\/11\/19\/kipe-une-vive-tension-entre-les-manifestants-et-les-forces-de-lordre\/#primaryimage\"},\"image\":{\"@id\":\"https:\/\/guineediversite.com\/index.php\/2018\/11\/19\/kipe-une-vive-tension-entre-les-manifestants-et-les-forces-de-lordre\/#primaryimage\"},\"thumbnailUrl\":\"https:\/\/guineediversite.com\/wp-content\/uploads\/2018\/11\/46492786_2117466715234177_5530878804400013312_n.jpg\",\"datePublished\":\"2018-11-19T13:06:20+00:00\",\"dateModified\":\"2018-11-19T13:06:20+00:00\",\"breadcrumb\":{\"@id\":\"https:\/\/guineediversite.com\/index.php\/2018\/11\/19\/kipe-une-vive-tension-entre-les-manifestants-et-les-forces-de-lordre\/#breadcrumb\"},\"inLanguage\":\"fr-FR\",\"potentialAction\":[{\"@type\":\"ReadAction\",\"target\":[\"https:\/\/guineediversite.com\/index.php\/2018\/11\/19\/kipe-une-vive-tension-entre-les-manifestants-et-les-forces-de-lordre\/\"]}]},{\"@type\":\"ImageObject\",\"inLanguage\":\"fr-FR\",\"@id\":\"https:\/\/guineediversite.com\/index.php\/2018\/11\/19\/kipe-une-vive-tension-entre-les-manifestants-et-les-forces-de-lordre\/#primaryimage\",\"url\":\"https:\/\/guineediversite.com\/wp-content\/uploads\/2018\/11\/46492786_2117466715234177_5530878804400013312_n.jpg\",\"contentUrl\":\"https:\/\/guineediversite.com\/wp-content\/uploads\/2018\/11\/46492786_2117466715234177_5530878804400013312_n.jpg\",\"width\":1365,\"height\":1024},{\"@type\":\"BreadcrumbList\",\"@id\":\"https:\/\/guineediversite.com\/index.php\/2018\/11\/19\/kipe-une-vive-tension-entre-les-manifestants-et-les-forces-de-lordre\/#breadcrumb\",\"itemListElement\":[{\"@type\":\"ListItem\",\"position\":1,\"name\":\"Accueil\",\"item\":\"https:\/\/guineediversite.com\/\"},{\"@type\":\"ListItem\",\"position\":2,\"name\":\"Kip\u00e9: une vive tension entre les manifestants et les forces de l\u2019ordre\"}]},{\"@type\":\"WebSite\",\"@id\":\"https:\/\/guineediversite.com\/#website\",\"url\":\"https:\/\/guineediversite.com\/\",\"name\":\"Guin\u00e9e Diversit\u00e9\",\"description\":\"L&#039;Info dans toute sa diversit\u00e9\",\"publisher\":{\"@id\":\"https:\/\/guineediversite.com\/#organization\"},\"potentialAction\":[{\"@type\":\"SearchAction\",\"target\":{\"@type\":\"EntryPoint\",\"urlTemplate\":\"https:\/\/guineediversite.com\/?s={search_term_string}\"},\"query-input\":{\"@type\":\"PropertyValueSpecification\",\"valueRequired\":true,\"valueName\":\"search_term_string\"}}],\"inLanguage\":\"fr-FR\"},{\"@type\":\"Organization\",\"@id\":\"https:\/\/guineediversite.com\/#organization\",\"name\":\"Guin\u00e9e Diversit\u00e9\",\"url\":\"https:\/\/guineediversite.com\/\",\"logo\":{\"@type\":\"ImageObject\",\"inLanguage\":\"fr-FR\",\"@id\":\"https:\/\/guineediversite.com\/#\/schema\/logo\/image\/\",\"url\":\"https:\/\/guineediversite.com\/wp-content\/uploads\/2017\/04\/cropped-1jojlxEOMkX9Wyqfhe43D6kjPOGqBBKmx3EwWJqZ0cMrFF54yM49.png\",\"contentUrl\":\"https:\/\/guineediversite.com\/wp-content\/uploads\/2017\/04\/cropped-1jojlxEOMkX9Wyqfhe43D6kjPOGqBBKmx3EwWJqZ0cMrFF54yM49.png\",\"width\":186,\"height\":112,\"caption\":\"Guin\u00e9e Diversit\u00e9\"},\"image\":{\"@id\":\"https:\/\/guineediversite.com\/#\/schema\/logo\/image\/\"},\"sameAs\":[\"https:\/\/www.facebook.com\/guineediversite\/\",\"https:\/\/x.com\/GuineeDiversite\",\"https:\/\/www.youtube.com\/channel\/UC8sUY16qelG5ge6_D5SB83g\"]},{\"@type\":\"Person\",\"@id\":\"https:\/\/guineediversite.com\/#\/schema\/person\/fa362494c47202ce4b3adf55abcc9d01\",\"name\":\"Morcire Camara\",\"image\":{\"@type\":\"ImageObject\",\"inLanguage\":\"fr-FR\",\"@id\":\"https:\/\/guineediversite.com\/#\/schema\/person\/image\/\",\"url\":\"https:\/\/secure.gravatar.com\/avatar\/3ec324f02295bbcebe03d99b39330ab4?s=96&d=mm&r=g\",\"contentUrl\":\"https:\/\/secure.gravatar.com\/avatar\/3ec324f02295bbcebe03d99b39330ab4?s=96&d=mm&r=g\",\"caption\":\"Morcire Camara\"},\"url\":\"https:\/\/guineediversite.com\/index.php\/author\/morcire\/\"}]}<\/script>\n<!-- \/ Yoast SEO plugin. -->","yoast_head_json":{"title":"Kip\u00e9: une vive tension entre les manifestants et les forces de l\u2019ordre | Guin\u00e9e Diversit\u00e9","robots":{"index":"index","follow":"follow","max-snippet":"max-snippet:-1","max-image-preview":"max-image-preview:large","max-video-preview":"max-video-preview:-1"},"canonical":"https:\/\/guineediversite.com\/index.php\/2018\/11\/19\/kipe-une-vive-tension-entre-les-manifestants-et-les-forces-de-lordre\/","og_locale":"fr_FR","og_type":"article","og_title":"Kip\u00e9: une vive tension entre les manifestants et les forces de l\u2019ordre | Guin\u00e9e Diversit\u00e9","og_description":"Les manifestants ont prient d\u2019assaut la circulation de Kip\u00e9 tr\u00e8s t\u00f4t ce matin. Des jeunes et femmes protestent contre les tueries lors des manifestations de rue. Une manifestation qui a d\u00e9but\u00e9 aux environs de 5h du matin, et les agents des forces de s\u00e9curit\u00e9s sont intervenues vers 9 h du matin, par des tires de [&hellip;]","og_url":"https:\/\/guineediversite.com\/index.php\/2018\/11\/19\/kipe-une-vive-tension-entre-les-manifestants-et-les-forces-de-lordre\/","og_site_name":"Guin\u00e9e Diversit\u00e9","article_publisher":"https:\/\/www.facebook.com\/guineediversite\/","article_published_time":"2018-11-19T13:06:20+00:00","og_image":[{"width":1365,"height":1024,"url":"https:\/\/guineediversite.com\/wp-content\/uploads\/2018\/11\/46492786_2117466715234177_5530878804400013312_n.jpg","type":"image\/jpeg"}],"author":"Morcire Camara","twitter_card":"summary_large_image","twitter_creator":"@GuineeDiversite","twitter_site":"@GuineeDiversite","twitter_misc":{"\u00c9crit par":"Morcire Camara","Dur\u00e9e de lecture estim\u00e9e":"1 minute"},"schema":{"@context":"https:\/\/schema.org","@graph":[{"@type":"Article","@id":"https:\/\/guineediversite.com\/index.php\/2018\/11\/19\/kipe-une-vive-tension-entre-les-manifestants-et-les-forces-de-lordre\/#article","isPartOf":{"@id":"https:\/\/guineediversite.com\/index.php\/2018\/11\/19\/kipe-une-vive-tension-entre-les-manifestants-et-les-forces-de-lordre\/"},"author":{"name":"Morcire Camara","@id":"https:\/\/guineediversite.com\/#\/schema\/person\/fa362494c47202ce4b3adf55abcc9d01"},"headline":"Kip\u00e9: une vive tension entre les manifestants et les forces de l\u2019ordre","datePublished":"2018-11-19T13:06:20+00:00","dateModified":"2018-11-19T13:06:20+00:00","mainEntityOfPage":{"@id":"https:\/\/guineediversite.com\/index.php\/2018\/11\/19\/kipe-une-vive-tension-entre-les-manifestants-et-les-forces-de-lordre\/"},"wordCount":159,"publisher":{"@id":"https:\/\/guineediversite.com\/#organization"},"image":{"@id":"https:\/\/guineediversite.com\/index.php\/2018\/11\/19\/kipe-une-vive-tension-entre-les-manifestants-et-les-forces-de-lordre\/#primaryimage"},"thumbnailUrl":"https:\/\/guineediversite.com\/wp-content\/uploads\/2018\/11\/46492786_2117466715234177_5530878804400013312_n.jpg","articleSection":["Soci\u00e9t\u00e9"],"inLanguage":"fr-FR"},{"@type":"WebPage","@id":"https:\/\/guineediversite.com\/index.php\/2018\/11\/19\/kipe-une-vive-tension-entre-les-manifestants-et-les-forces-de-lordre\/","url":"https:\/\/guineediversite.com\/index.php\/2018\/11\/19\/kipe-une-vive-tension-entre-les-manifestants-et-les-forces-de-lordre\/","name":"Kip\u00e9: une vive tension entre les manifestants et les forces de l\u2019ordre | Guin\u00e9e Diversit\u00e9","isPartOf":{"@id":"https:\/\/guineediversite.com\/#website"},"primaryImageOfPage":{"@id":"https:\/\/guineediversite.com\/index.php\/2018\/11\/19\/kipe-une-vive-tension-entre-les-manifestants-et-les-forces-de-lordre\/#primaryimage"},"image":{"@id":"https:\/\/guineediversite.com\/index.php\/2018\/11\/19\/kipe-une-vive-tension-entre-les-manifestants-et-les-forces-de-lordre\/#primaryimage"},"thumbnailUrl":"https:\/\/guineediversite.com\/wp-content\/uploads\/2018\/11\/46492786_2117466715234177_5530878804400013312_n.jpg","datePublished":"2018-11-19T13:06:20+00:00","dateModified":"2018-11-19T13:06:20+00:00","breadcrumb":{"@id":"https:\/\/guineediversite.com\/index.php\/2018\/11\/19\/kipe-une-vive-tension-entre-les-manifestants-et-les-forces-de-lordre\/#breadcrumb"},"inLanguage":"fr-FR","potentialAction":[{"@type":"ReadAction","target":["https:\/\/guineediversite.com\/index.php\/2018\/11\/19\/kipe-une-vive-tension-entre-les-manifestants-et-les-forces-de-lordre\/"]}]},{"@type":"ImageObject","inLanguage":"fr-FR","@id":"https:\/\/guineediversite.com\/index.php\/2018\/11\/19\/kipe-une-vive-tension-entre-les-manifestants-et-les-forces-de-lordre\/#primaryimage","url":"https:\/\/guineediversite.com\/wp-content\/uploads\/2018\/11\/46492786_2117466715234177_5530878804400013312_n.jpg","contentUrl":"https:\/\/guineediversite.com\/wp-content\/uploads\/2018\/11\/46492786_2117466715234177_5530878804400013312_n.jpg","width":1365,"height":1024},{"@type":"BreadcrumbList","@id":"https:\/\/guineediversite.com\/index.php\/2018\/11\/19\/kipe-une-vive-tension-entre-les-manifestants-et-les-forces-de-lordre\/#breadcrumb","itemListElement":[{"@type":"ListItem","position":1,"name":"Accueil","item":"https:\/\/guineediversite.com\/"},{"@type":"ListItem","position":2,"name":"Kip\u00e9: une vive tension entre les manifestants et les forces de l\u2019ordre"}]},{"@type":"WebSite","@id":"https:\/\/guineediversite.com\/#website","url":"https:\/\/guineediversite.com\/","name":"Guin\u00e9e Diversit\u00e9","description":"L&#039;Info dans toute sa diversit\u00e9","publisher":{"@id":"https:\/\/guineediversite.com\/#organization"},"potentialAction":[{"@type":"SearchAction","target":{"@type":"EntryPoint","urlTemplate":"https:\/\/guineediversite.com\/?s={search_term_string}"},"query-input":{"@type":"PropertyValueSpecification","valueRequired":true,"valueName":"search_term_string"}}],"inLanguage":"fr-FR"},{"@type":"Organization","@id":"https:\/\/guineediversite.com\/#organization","name":"Guin\u00e9e Diversit\u00e9","url":"https:\/\/guineediversite.com\/","logo":{"@type":"ImageObject","inLanguage":"fr-FR","@id":"https:\/\/guineediversite.com\/#\/schema\/logo\/image\/","url":"https:\/\/guineediversite.com\/wp-content\/uploads\/2017\/04\/cropped-1jojlxEOMkX9Wyqfhe43D6kjPOGqBBKmx3EwWJqZ0cMrFF54yM49.png","contentUrl":"https:\/\/guineediversite.com\/wp-content\/uploads\/2017\/04\/cropped-1jojlxEOMkX9Wyqfhe43D6kjPOGqBBKmx3EwWJqZ0cMrFF54yM49.png","width":186,"height":112,"caption":"Guin\u00e9e Diversit\u00e9"},"image":{"@id":"https:\/\/guineediversite.com\/#\/schema\/logo\/image\/"},"sameAs":["https:\/\/www.facebook.com\/guineediversite\/","https:\/\/x.com\/GuineeDiversite","https:\/\/www.youtube.com\/channel\/UC8sUY16qelG5ge6_D5SB83g"]},{"@type":"Person","@id":"https:\/\/guineediversite.com\/#\/schema\/person\/fa362494c47202ce4b3adf55abcc9d01","name":"Morcire Camara","image":{"@type":"ImageObject","inLanguage":"fr-FR","@id":"https:\/\/guineediversite.com\/#\/schema\/person\/image\/","url":"https:\/\/secure.gravatar.com\/avatar\/3ec324f02295bbcebe03d99b39330ab4?s=96&d=mm&r=g","contentUrl":"https:\/\/secure.gravatar.com\/avatar\/3ec324f02295bbcebe03d99b39330ab4?s=96&d=mm&r=g","caption":"Morcire Camara"},"url":"https:\/\/guineediversite.com\/index.php\/author\/morcire\/"}]}},"_links":{"self":[{"href":"https:\/\/guineediversite.com\/index.php\/wp-json\/wp\/v2\/posts\/27358"}],"collection":[{"href":"https:\/\/guineediversite.com\/index.php\/wp-json\/wp\/v2\/posts"}],"about":[{"href":"https:\/\/guineediversite.com\/index.php\/wp-json\/wp\/v2\/types\/post"}],"author":[{"embeddable":true,"href":"https:\/\/guineediversite.com\/index.php\/wp-json\/wp\/v2\/users\/10"}],"replies":[{"embeddable":true,"href":"https:\/\/guineediversite.com\/index.php\/wp-json\/wp\/v2\/comments?post=27358"}],"version-history":[{"count":0,"href":"https:\/\/guineediversite.com\/index.php\/wp-json\/wp\/v2\/posts\/27358\/revisions"}],"wp:featuredmedia":[{"embeddable":true,"href":"https:\/\/guineediversite.com\/index.php\/wp-json\/wp\/v2\/media\/27359"}],"wp:attachment":[{"href":"https:\/\/guineediversite.com\/index.php\/wp-json\/wp\/v2\/media?parent=27358"}],"wp:term":[{"taxonomy":"category","embeddable":true,"href":"https:\/\/guineediversite.com\/index.php\/wp-json\/wp\/v2\/categories?post=27358"},{"taxonomy":"post_tag","embeddable":true,"href":"https:\/\/guineediversite.com\/index.php\/wp-json\/wp\/v2\/tags?post=27358"}],"curies":[{"name":"wp","href":"https:\/\/api.w.org\/{rel}","templated":true}]}}