{"id":27355,"date":"2018-11-19T13:14:04","date_gmt":"2018-11-19T12:14:04","guid":{"rendered":"https:\/\/guineediversite.com\/?p=27355"},"modified":"2018-11-19T13:14:04","modified_gmt":"2018-11-19T12:14:04","slug":"proces-gbagbo-ble-goude-a-la-cpi-la-parole-aux-avocats-de-charles-ble-goude","status":"publish","type":"post","link":"https:\/\/guineediversite.com\/index.php\/2018\/11\/19\/proces-gbagbo-ble-goude-a-la-cpi-la-parole-aux-avocats-de-charles-ble-goude\/","title":{"rendered":"Proc\u00e8s Gbagbo\/Bl\u00e9 Goud\u00e9 \u00e0 la CPI: la parole aux avocats de Charles Bl\u00e9 Goud\u00e9"},"content":{"rendered":"<h2>Reprise ce lundi du proc\u00e8s de l&rsquo;ex-pr\u00e9sident ivoirien Laurent Gbagbo et de son co-accus\u00e9 Charles Bl\u00e9 Goud\u00e9 devant la Cour p\u00e9nale internationale, \u00e0 La Haye.\u00a0 Ces deux responsables politiques sont poursuivis pour crimes contre l&rsquo;humanit\u00e9 pour leur r\u00f4le pr\u00e9sum\u00e9 dans les violences post-\u00e9lectorales de 2010-2011. Ce lundi, les avocats de Charles Bl\u00e9 Goud\u00e9 ont la parole. Leur but est de d\u00e9montrer que leur client est un \u00ab\u00a0homme de paix\u00a0\u00bb. La procureure de la CPI accuse l&rsquo;ancien leader du Congr\u00e8s des jeunes patriotes (Cojep), d&rsquo;avoir appel\u00e9 \u00e0 des actes de violence contre les militants d&rsquo;Alassane Ouattara durant la crise post-\u00e9lectorale.<\/h2>\n<p>La procureure de la CPI d\u00e9crit Charles Bl\u00e9 Goud\u00e9 comme \u00ab\u00a0<em>le chef des milices pro-Gbagbo<\/em>\u00a0\u00bb. L&rsquo;ex-leader du Congr\u00e8s des jeunes patriotes serait notamment impliqu\u00e9 selon elle, au m\u00eame titre que\u00a0<a href=\"http:\/\/www.rfi.fr\/afrique\/20181111-cote-ivoire-laurent-gbagbo-charles-ble-goude-reprise-proces-cpi\" target=\"_blank\" rel=\"noopener\"><strong>Laurent Gbagbo,<\/strong><\/a>\u00a0dans 5 \u00ab\u00a0incidents principaux\u00a0\u00bb suite \u00e0 l&rsquo;annonce des r\u00e9sultats de la pr\u00e9sidentielle de 2010. A cela s&rsquo;ajoutent \u00ab\u00a020 incidents\u00a0\u00bb r\u00e9pertori\u00e9s dans Abidjan entre 2010 et 2011. Parmi eux, les accrochages lors de la marche sur la RTI, le 16 d\u00e9cembre 2010, la r\u00e9pression d&rsquo;une marche des femmes soutenant Alassane Ouattara le 3 mars 2011 ou encore une s\u00e9rie de violences dans le quartier de Yopougon le 12 avril 2011.<\/p>\n<p>La procureure reproche \u00e0\u00a0<strong><a href=\"http:\/\/www.rfi.fr\/afrique\/20181114-cpi-defense-ble-goude-procureur-pas-affaire\" target=\"_blank\" rel=\"noopener\">Charles Bl\u00e9 Goud\u00e9<\/a><\/strong>\u00a0d&rsquo;avoir prononc\u00e9 des discours de haine, qui auraient attis\u00e9 les violences, durant cette p\u00e9riode de crise. L&rsquo;accusation estime que ce leader politique est responsable de la mort de plusieurs centaines de personnes.<\/p>\n<p>Incarc\u00e9r\u00e9 depuis mars 2014 dans la prison de Scheveningen, pr\u00e8s de la CPI, Charles Bl\u00e9 Goud\u00e9 rejette cette image de \u00ab\u00a0milicien\u00a0\u00bb. Ses avocats le d\u00e9crivent comme un \u00ab\u00a0homme de paix\u00a0\u00bb. Personnage charismatique, celui que l&rsquo;on surnomme \u00ab\u00a0Le G\u00e9n\u00e9ral de la rue\u00a0\u00bb, consid\u00e8re cette audience comme une opportunit\u00e9 de r\u00e9tablir \u00ab\u00a0<em>la v\u00e9rit\u00e9 des faits<\/em>\u00a0\u00bb.<\/p>\n<p>RFI<\/p>\n","protected":false},"excerpt":{"rendered":"<p>Reprise ce lundi du proc\u00e8s de l&rsquo;ex-pr\u00e9sident ivoirien Laurent Gbagbo et de son co-accus\u00e9 Charles Bl\u00e9 Goud\u00e9 devant la Cour p\u00e9nale internationale, \u00e0 La Haye.\u00a0 Ces deux responsables politiques sont poursuivis pour crimes contre l&rsquo;humanit\u00e9 pour leur r\u00f4le pr\u00e9sum\u00e9 dans les violences post-\u00e9lectorales de 2010-2011. Ce lundi, les avocats de Charles Bl\u00e9 Goud\u00e9 ont la [&hellip;]<\/p>\n","protected":false},"author":12,"featured_media":27356,"comment_status":"closed","ping_status":"closed","sticky":false,"template":"","format":"standard","meta":{"_exactmetrics_skip_tracking":false,"_exactmetrics_sitenote_active":false,"_exactmetrics_sitenote_note":"","_exactmetrics_sitenote_category":0,"tdm_status":"","tdm_grid_status":"","footnotes":""},"categories":[21],"tags":[],"class_list":{"0":"post-27355","1":"post","2":"type-post","3":"status-publish","4":"format-standard","5":"has-post-thumbnail","7":"category-international"},"yoast_head":"<!-- This site is optimized with the Yoast SEO plugin v24.2 - https:\/\/yoast.com\/wordpress\/plugins\/seo\/ -->\n<title>Proc\u00e8s Gbagbo\/Bl\u00e9 Goud\u00e9 \u00e0 la CPI: la parole aux avocats de Charles Bl\u00e9 Goud\u00e9 | Guin\u00e9e Diversit\u00e9<\/title>\n<meta name=\"robots\" content=\"index, follow, max-snippet:-1, max-image-preview:large, max-video-preview:-1\" \/>\n<link rel=\"canonical\" href=\"https:\/\/guineediversite.com\/index.php\/2018\/11\/19\/proces-gbagbo-ble-goude-a-la-cpi-la-parole-aux-avocats-de-charles-ble-goude\/\" \/>\n<meta property=\"og:locale\" content=\"fr_FR\" \/>\n<meta property=\"og:type\" content=\"article\" \/>\n<meta property=\"og:title\" content=\"Proc\u00e8s Gbagbo\/Bl\u00e9 Goud\u00e9 \u00e0 la CPI: la parole aux avocats de Charles Bl\u00e9 Goud\u00e9 | Guin\u00e9e Diversit\u00e9\" \/>\n<meta property=\"og:description\" content=\"Reprise ce lundi du proc\u00e8s de l&rsquo;ex-pr\u00e9sident ivoirien Laurent Gbagbo et de son co-accus\u00e9 Charles Bl\u00e9 Goud\u00e9 devant la Cour p\u00e9nale internationale, \u00e0 La Haye.\u00a0 Ces deux responsables politiques sont poursuivis pour crimes contre l&rsquo;humanit\u00e9 pour leur r\u00f4le pr\u00e9sum\u00e9 dans les violences post-\u00e9lectorales de 2010-2011. Ce lundi, les avocats de Charles Bl\u00e9 Goud\u00e9 ont la [&hellip;]\" \/>\n<meta property=\"og:url\" content=\"https:\/\/guineediversite.com\/index.php\/2018\/11\/19\/proces-gbagbo-ble-goude-a-la-cpi-la-parole-aux-avocats-de-charles-ble-goude\/\" \/>\n<meta property=\"og:site_name\" content=\"Guin\u00e9e Diversit\u00e9\" \/>\n<meta property=\"article:publisher\" content=\"https:\/\/www.facebook.com\/guineediversite\/\" \/>\n<meta property=\"article:published_time\" content=\"2018-11-19T12:14:04+00:00\" \/>\n<meta property=\"og:image\" content=\"https:\/\/guineediversite.com\/wp-content\/uploads\/2018\/11\/000_7G6LT_0.jpg\" \/>\n\t<meta property=\"og:image:width\" content=\"1024\" \/>\n\t<meta property=\"og:image:height\" content=\"578\" \/>\n\t<meta property=\"og:image:type\" content=\"image\/jpeg\" \/>\n<meta name=\"author\" content=\"Guin\u00e9e Diversit\u00e9\" \/>\n<meta name=\"twitter:card\" content=\"summary_large_image\" \/>\n<meta name=\"twitter:creator\" content=\"@GuineeDiversite\" \/>\n<meta name=\"twitter:site\" content=\"@GuineeDiversite\" \/>\n<meta name=\"twitter:label1\" content=\"\u00c9crit par\" \/>\n\t<meta name=\"twitter:data1\" content=\"Guin\u00e9e Diversit\u00e9\" \/>\n\t<meta name=\"twitter:label2\" content=\"Dur\u00e9e de lecture estim\u00e9e\" \/>\n\t<meta name=\"twitter:data2\" content=\"2 minutes\" \/>\n<script type=\"application\/ld+json\" class=\"yoast-schema-graph\">{\"@context\":\"https:\/\/schema.org\",\"@graph\":[{\"@type\":\"Article\",\"@id\":\"https:\/\/guineediversite.com\/index.php\/2018\/11\/19\/proces-gbagbo-ble-goude-a-la-cpi-la-parole-aux-avocats-de-charles-ble-goude\/#article\",\"isPartOf\":{\"@id\":\"https:\/\/guineediversite.com\/index.php\/2018\/11\/19\/proces-gbagbo-ble-goude-a-la-cpi-la-parole-aux-avocats-de-charles-ble-goude\/\"},\"author\":{\"name\":\"Guin\u00e9e Diversit\u00e9\",\"@id\":\"https:\/\/guineediversite.com\/#\/schema\/person\/afa08fb34e7fc6e1feafc892612bc836\"},\"headline\":\"Proc\u00e8s Gbagbo\/Bl\u00e9 Goud\u00e9 \u00e0 la CPI: la parole aux avocats de Charles Bl\u00e9 Goud\u00e9\",\"datePublished\":\"2018-11-19T12:14:04+00:00\",\"dateModified\":\"2018-11-19T12:14:04+00:00\",\"mainEntityOfPage\":{\"@id\":\"https:\/\/guineediversite.com\/index.php\/2018\/11\/19\/proces-gbagbo-ble-goude-a-la-cpi-la-parole-aux-avocats-de-charles-ble-goude\/\"},\"wordCount\":332,\"publisher\":{\"@id\":\"https:\/\/guineediversite.com\/#organization\"},\"image\":{\"@id\":\"https:\/\/guineediversite.com\/index.php\/2018\/11\/19\/proces-gbagbo-ble-goude-a-la-cpi-la-parole-aux-avocats-de-charles-ble-goude\/#primaryimage\"},\"thumbnailUrl\":\"https:\/\/guineediversite.com\/wp-content\/uploads\/2018\/11\/000_7G6LT_0.jpg\",\"articleSection\":[\"International\"],\"inLanguage\":\"fr-FR\"},{\"@type\":\"WebPage\",\"@id\":\"https:\/\/guineediversite.com\/index.php\/2018\/11\/19\/proces-gbagbo-ble-goude-a-la-cpi-la-parole-aux-avocats-de-charles-ble-goude\/\",\"url\":\"https:\/\/guineediversite.com\/index.php\/2018\/11\/19\/proces-gbagbo-ble-goude-a-la-cpi-la-parole-aux-avocats-de-charles-ble-goude\/\",\"name\":\"Proc\u00e8s Gbagbo\/Bl\u00e9 Goud\u00e9 \u00e0 la CPI: la parole aux avocats de Charles Bl\u00e9 Goud\u00e9 | Guin\u00e9e Diversit\u00e9\",\"isPartOf\":{\"@id\":\"https:\/\/guineediversite.com\/#website\"},\"primaryImageOfPage\":{\"@id\":\"https:\/\/guineediversite.com\/index.php\/2018\/11\/19\/proces-gbagbo-ble-goude-a-la-cpi-la-parole-aux-avocats-de-charles-ble-goude\/#primaryimage\"},\"image\":{\"@id\":\"https:\/\/guineediversite.com\/index.php\/2018\/11\/19\/proces-gbagbo-ble-goude-a-la-cpi-la-parole-aux-avocats-de-charles-ble-goude\/#primaryimage\"},\"thumbnailUrl\":\"https:\/\/guineediversite.com\/wp-content\/uploads\/2018\/11\/000_7G6LT_0.jpg\",\"datePublished\":\"2018-11-19T12:14:04+00:00\",\"dateModified\":\"2018-11-19T12:14:04+00:00\",\"breadcrumb\":{\"@id\":\"https:\/\/guineediversite.com\/index.php\/2018\/11\/19\/proces-gbagbo-ble-goude-a-la-cpi-la-parole-aux-avocats-de-charles-ble-goude\/#breadcrumb\"},\"inLanguage\":\"fr-FR\",\"potentialAction\":[{\"@type\":\"ReadAction\",\"target\":[\"https:\/\/guineediversite.com\/index.php\/2018\/11\/19\/proces-gbagbo-ble-goude-a-la-cpi-la-parole-aux-avocats-de-charles-ble-goude\/\"]}]},{\"@type\":\"ImageObject\",\"inLanguage\":\"fr-FR\",\"@id\":\"https:\/\/guineediversite.com\/index.php\/2018\/11\/19\/proces-gbagbo-ble-goude-a-la-cpi-la-parole-aux-avocats-de-charles-ble-goude\/#primaryimage\",\"url\":\"https:\/\/guineediversite.com\/wp-content\/uploads\/2018\/11\/000_7G6LT_0.jpg\",\"contentUrl\":\"https:\/\/guineediversite.com\/wp-content\/uploads\/2018\/11\/000_7G6LT_0.jpg\",\"width\":1024,\"height\":578},{\"@type\":\"BreadcrumbList\",\"@id\":\"https:\/\/guineediversite.com\/index.php\/2018\/11\/19\/proces-gbagbo-ble-goude-a-la-cpi-la-parole-aux-avocats-de-charles-ble-goude\/#breadcrumb\",\"itemListElement\":[{\"@type\":\"ListItem\",\"position\":1,\"name\":\"Accueil\",\"item\":\"https:\/\/guineediversite.com\/\"},{\"@type\":\"ListItem\",\"position\":2,\"name\":\"Proc\u00e8s Gbagbo\/Bl\u00e9 Goud\u00e9 \u00e0 la CPI: la parole aux avocats de Charles Bl\u00e9 Goud\u00e9\"}]},{\"@type\":\"WebSite\",\"@id\":\"https:\/\/guineediversite.com\/#website\",\"url\":\"https:\/\/guineediversite.com\/\",\"name\":\"Guin\u00e9e Diversit\u00e9\",\"description\":\"L&#039;Info dans toute sa diversit\u00e9\",\"publisher\":{\"@id\":\"https:\/\/guineediversite.com\/#organization\"},\"potentialAction\":[{\"@type\":\"SearchAction\",\"target\":{\"@type\":\"EntryPoint\",\"urlTemplate\":\"https:\/\/guineediversite.com\/?s={search_term_string}\"},\"query-input\":{\"@type\":\"PropertyValueSpecification\",\"valueRequired\":true,\"valueName\":\"search_term_string\"}}],\"inLanguage\":\"fr-FR\"},{\"@type\":\"Organization\",\"@id\":\"https:\/\/guineediversite.com\/#organization\",\"name\":\"Guin\u00e9e Diversit\u00e9\",\"url\":\"https:\/\/guineediversite.com\/\",\"logo\":{\"@type\":\"ImageObject\",\"inLanguage\":\"fr-FR\",\"@id\":\"https:\/\/guineediversite.com\/#\/schema\/logo\/image\/\",\"url\":\"https:\/\/guineediversite.com\/wp-content\/uploads\/2017\/04\/cropped-1jojlxEOMkX9Wyqfhe43D6kjPOGqBBKmx3EwWJqZ0cMrFF54yM49.png\",\"contentUrl\":\"https:\/\/guineediversite.com\/wp-content\/uploads\/2017\/04\/cropped-1jojlxEOMkX9Wyqfhe43D6kjPOGqBBKmx3EwWJqZ0cMrFF54yM49.png\",\"width\":186,\"height\":112,\"caption\":\"Guin\u00e9e Diversit\u00e9\"},\"image\":{\"@id\":\"https:\/\/guineediversite.com\/#\/schema\/logo\/image\/\"},\"sameAs\":[\"https:\/\/www.facebook.com\/guineediversite\/\",\"https:\/\/x.com\/GuineeDiversite\",\"https:\/\/www.youtube.com\/channel\/UC8sUY16qelG5ge6_D5SB83g\"]},{\"@type\":\"Person\",\"@id\":\"https:\/\/guineediversite.com\/#\/schema\/person\/afa08fb34e7fc6e1feafc892612bc836\",\"name\":\"Guin\u00e9e Diversit\u00e9\",\"image\":{\"@type\":\"ImageObject\",\"inLanguage\":\"fr-FR\",\"@id\":\"https:\/\/guineediversite.com\/#\/schema\/person\/image\/\",\"url\":\"https:\/\/secure.gravatar.com\/avatar\/50d5eb5b390f8b65ac30ac6f898eb83a?s=96&d=mm&r=g\",\"contentUrl\":\"https:\/\/secure.gravatar.com\/avatar\/50d5eb5b390f8b65ac30ac6f898eb83a?s=96&d=mm&r=g\",\"caption\":\"Guin\u00e9e Diversit\u00e9\"},\"url\":\"https:\/\/guineediversite.com\/index.php\/author\/guineediversite\/\"}]}<\/script>\n<!-- \/ Yoast SEO plugin. -->","yoast_head_json":{"title":"Proc\u00e8s Gbagbo\/Bl\u00e9 Goud\u00e9 \u00e0 la CPI: la parole aux avocats de Charles Bl\u00e9 Goud\u00e9 | Guin\u00e9e Diversit\u00e9","robots":{"index":"index","follow":"follow","max-snippet":"max-snippet:-1","max-image-preview":"max-image-preview:large","max-video-preview":"max-video-preview:-1"},"canonical":"https:\/\/guineediversite.com\/index.php\/2018\/11\/19\/proces-gbagbo-ble-goude-a-la-cpi-la-parole-aux-avocats-de-charles-ble-goude\/","og_locale":"fr_FR","og_type":"article","og_title":"Proc\u00e8s Gbagbo\/Bl\u00e9 Goud\u00e9 \u00e0 la CPI: la parole aux avocats de Charles Bl\u00e9 Goud\u00e9 | Guin\u00e9e Diversit\u00e9","og_description":"Reprise ce lundi du proc\u00e8s de l&rsquo;ex-pr\u00e9sident ivoirien Laurent Gbagbo et de son co-accus\u00e9 Charles Bl\u00e9 Goud\u00e9 devant la Cour p\u00e9nale internationale, \u00e0 La Haye.\u00a0 Ces deux responsables politiques sont poursuivis pour crimes contre l&rsquo;humanit\u00e9 pour leur r\u00f4le pr\u00e9sum\u00e9 dans les violences post-\u00e9lectorales de 2010-2011. Ce lundi, les avocats de Charles Bl\u00e9 Goud\u00e9 ont la [&hellip;]","og_url":"https:\/\/guineediversite.com\/index.php\/2018\/11\/19\/proces-gbagbo-ble-goude-a-la-cpi-la-parole-aux-avocats-de-charles-ble-goude\/","og_site_name":"Guin\u00e9e Diversit\u00e9","article_publisher":"https:\/\/www.facebook.com\/guineediversite\/","article_published_time":"2018-11-19T12:14:04+00:00","og_image":[{"width":1024,"height":578,"url":"https:\/\/guineediversite.com\/wp-content\/uploads\/2018\/11\/000_7G6LT_0.jpg","type":"image\/jpeg"}],"author":"Guin\u00e9e Diversit\u00e9","twitter_card":"summary_large_image","twitter_creator":"@GuineeDiversite","twitter_site":"@GuineeDiversite","twitter_misc":{"\u00c9crit par":"Guin\u00e9e Diversit\u00e9","Dur\u00e9e de lecture estim\u00e9e":"2 minutes"},"schema":{"@context":"https:\/\/schema.org","@graph":[{"@type":"Article","@id":"https:\/\/guineediversite.com\/index.php\/2018\/11\/19\/proces-gbagbo-ble-goude-a-la-cpi-la-parole-aux-avocats-de-charles-ble-goude\/#article","isPartOf":{"@id":"https:\/\/guineediversite.com\/index.php\/2018\/11\/19\/proces-gbagbo-ble-goude-a-la-cpi-la-parole-aux-avocats-de-charles-ble-goude\/"},"author":{"name":"Guin\u00e9e Diversit\u00e9","@id":"https:\/\/guineediversite.com\/#\/schema\/person\/afa08fb34e7fc6e1feafc892612bc836"},"headline":"Proc\u00e8s Gbagbo\/Bl\u00e9 Goud\u00e9 \u00e0 la CPI: la parole aux avocats de Charles Bl\u00e9 Goud\u00e9","datePublished":"2018-11-19T12:14:04+00:00","dateModified":"2018-11-19T12:14:04+00:00","mainEntityOfPage":{"@id":"https:\/\/guineediversite.com\/index.php\/2018\/11\/19\/proces-gbagbo-ble-goude-a-la-cpi-la-parole-aux-avocats-de-charles-ble-goude\/"},"wordCount":332,"publisher":{"@id":"https:\/\/guineediversite.com\/#organization"},"image":{"@id":"https:\/\/guineediversite.com\/index.php\/2018\/11\/19\/proces-gbagbo-ble-goude-a-la-cpi-la-parole-aux-avocats-de-charles-ble-goude\/#primaryimage"},"thumbnailUrl":"https:\/\/guineediversite.com\/wp-content\/uploads\/2018\/11\/000_7G6LT_0.jpg","articleSection":["International"],"inLanguage":"fr-FR"},{"@type":"WebPage","@id":"https:\/\/guineediversite.com\/index.php\/2018\/11\/19\/proces-gbagbo-ble-goude-a-la-cpi-la-parole-aux-avocats-de-charles-ble-goude\/","url":"https:\/\/guineediversite.com\/index.php\/2018\/11\/19\/proces-gbagbo-ble-goude-a-la-cpi-la-parole-aux-avocats-de-charles-ble-goude\/","name":"Proc\u00e8s Gbagbo\/Bl\u00e9 Goud\u00e9 \u00e0 la CPI: la parole aux avocats de Charles Bl\u00e9 Goud\u00e9 | Guin\u00e9e Diversit\u00e9","isPartOf":{"@id":"https:\/\/guineediversite.com\/#website"},"primaryImageOfPage":{"@id":"https:\/\/guineediversite.com\/index.php\/2018\/11\/19\/proces-gbagbo-ble-goude-a-la-cpi-la-parole-aux-avocats-de-charles-ble-goude\/#primaryimage"},"image":{"@id":"https:\/\/guineediversite.com\/index.php\/2018\/11\/19\/proces-gbagbo-ble-goude-a-la-cpi-la-parole-aux-avocats-de-charles-ble-goude\/#primaryimage"},"thumbnailUrl":"https:\/\/guineediversite.com\/wp-content\/uploads\/2018\/11\/000_7G6LT_0.jpg","datePublished":"2018-11-19T12:14:04+00:00","dateModified":"2018-11-19T12:14:04+00:00","breadcrumb":{"@id":"https:\/\/guineediversite.com\/index.php\/2018\/11\/19\/proces-gbagbo-ble-goude-a-la-cpi-la-parole-aux-avocats-de-charles-ble-goude\/#breadcrumb"},"inLanguage":"fr-FR","potentialAction":[{"@type":"ReadAction","target":["https:\/\/guineediversite.com\/index.php\/2018\/11\/19\/proces-gbagbo-ble-goude-a-la-cpi-la-parole-aux-avocats-de-charles-ble-goude\/"]}]},{"@type":"ImageObject","inLanguage":"fr-FR","@id":"https:\/\/guineediversite.com\/index.php\/2018\/11\/19\/proces-gbagbo-ble-goude-a-la-cpi-la-parole-aux-avocats-de-charles-ble-goude\/#primaryimage","url":"https:\/\/guineediversite.com\/wp-content\/uploads\/2018\/11\/000_7G6LT_0.jpg","contentUrl":"https:\/\/guineediversite.com\/wp-content\/uploads\/2018\/11\/000_7G6LT_0.jpg","width":1024,"height":578},{"@type":"BreadcrumbList","@id":"https:\/\/guineediversite.com\/index.php\/2018\/11\/19\/proces-gbagbo-ble-goude-a-la-cpi-la-parole-aux-avocats-de-charles-ble-goude\/#breadcrumb","itemListElement":[{"@type":"ListItem","position":1,"name":"Accueil","item":"https:\/\/guineediversite.com\/"},{"@type":"ListItem","position":2,"name":"Proc\u00e8s Gbagbo\/Bl\u00e9 Goud\u00e9 \u00e0 la CPI: la parole aux avocats de Charles Bl\u00e9 Goud\u00e9"}]},{"@type":"WebSite","@id":"https:\/\/guineediversite.com\/#website","url":"https:\/\/guineediversite.com\/","name":"Guin\u00e9e Diversit\u00e9","description":"L&#039;Info dans toute sa diversit\u00e9","publisher":{"@id":"https:\/\/guineediversite.com\/#organization"},"potentialAction":[{"@type":"SearchAction","target":{"@type":"EntryPoint","urlTemplate":"https:\/\/guineediversite.com\/?s={search_term_string}"},"query-input":{"@type":"PropertyValueSpecification","valueRequired":true,"valueName":"search_term_string"}}],"inLanguage":"fr-FR"},{"@type":"Organization","@id":"https:\/\/guineediversite.com\/#organization","name":"Guin\u00e9e Diversit\u00e9","url":"https:\/\/guineediversite.com\/","logo":{"@type":"ImageObject","inLanguage":"fr-FR","@id":"https:\/\/guineediversite.com\/#\/schema\/logo\/image\/","url":"https:\/\/guineediversite.com\/wp-content\/uploads\/2017\/04\/cropped-1jojlxEOMkX9Wyqfhe43D6kjPOGqBBKmx3EwWJqZ0cMrFF54yM49.png","contentUrl":"https:\/\/guineediversite.com\/wp-content\/uploads\/2017\/04\/cropped-1jojlxEOMkX9Wyqfhe43D6kjPOGqBBKmx3EwWJqZ0cMrFF54yM49.png","width":186,"height":112,"caption":"Guin\u00e9e Diversit\u00e9"},"image":{"@id":"https:\/\/guineediversite.com\/#\/schema\/logo\/image\/"},"sameAs":["https:\/\/www.facebook.com\/guineediversite\/","https:\/\/x.com\/GuineeDiversite","https:\/\/www.youtube.com\/channel\/UC8sUY16qelG5ge6_D5SB83g"]},{"@type":"Person","@id":"https:\/\/guineediversite.com\/#\/schema\/person\/afa08fb34e7fc6e1feafc892612bc836","name":"Guin\u00e9e Diversit\u00e9","image":{"@type":"ImageObject","inLanguage":"fr-FR","@id":"https:\/\/guineediversite.com\/#\/schema\/person\/image\/","url":"https:\/\/secure.gravatar.com\/avatar\/50d5eb5b390f8b65ac30ac6f898eb83a?s=96&d=mm&r=g","contentUrl":"https:\/\/secure.gravatar.com\/avatar\/50d5eb5b390f8b65ac30ac6f898eb83a?s=96&d=mm&r=g","caption":"Guin\u00e9e Diversit\u00e9"},"url":"https:\/\/guineediversite.com\/index.php\/author\/guineediversite\/"}]}},"_links":{"self":[{"href":"https:\/\/guineediversite.com\/index.php\/wp-json\/wp\/v2\/posts\/27355"}],"collection":[{"href":"https:\/\/guineediversite.com\/index.php\/wp-json\/wp\/v2\/posts"}],"about":[{"href":"https:\/\/guineediversite.com\/index.php\/wp-json\/wp\/v2\/types\/post"}],"author":[{"embeddable":true,"href":"https:\/\/guineediversite.com\/index.php\/wp-json\/wp\/v2\/users\/12"}],"replies":[{"embeddable":true,"href":"https:\/\/guineediversite.com\/index.php\/wp-json\/wp\/v2\/comments?post=27355"}],"version-history":[{"count":0,"href":"https:\/\/guineediversite.com\/index.php\/wp-json\/wp\/v2\/posts\/27355\/revisions"}],"wp:featuredmedia":[{"embeddable":true,"href":"https:\/\/guineediversite.com\/index.php\/wp-json\/wp\/v2\/media\/27356"}],"wp:attachment":[{"href":"https:\/\/guineediversite.com\/index.php\/wp-json\/wp\/v2\/media?parent=27355"}],"wp:term":[{"taxonomy":"category","embeddable":true,"href":"https:\/\/guineediversite.com\/index.php\/wp-json\/wp\/v2\/categories?post=27355"},{"taxonomy":"post_tag","embeddable":true,"href":"https:\/\/guineediversite.com\/index.php\/wp-json\/wp\/v2\/tags?post=27355"}],"curies":[{"name":"wp","href":"https:\/\/api.w.org\/{rel}","templated":true}]}}