{"id":27343,"date":"2018-11-16T20:09:21","date_gmt":"2018-11-16T19:09:21","guid":{"rendered":"https:\/\/guineediversite.com\/?p=27343"},"modified":"2018-11-16T20:15:09","modified_gmt":"2018-11-16T19:15:09","slug":"mairie-de-dixinn-chez-moi-lethnocentrisme-et-lappartenance-politique-une-fois-a-la-mairie-tout-est-parti-dixit-mamadou-samba-diallo-nouveau-maire","status":"publish","type":"post","link":"https:\/\/guineediversite.com\/index.php\/2018\/11\/16\/mairie-de-dixinn-chez-moi-lethnocentrisme-et-lappartenance-politique-une-fois-a-la-mairie-tout-est-parti-dixit-mamadou-samba-diallo-nouveau-maire\/","title":{"rendered":"Installation des ex\u00e9cutifs communaux\/ Dixinn : \u00abchez moi l\u2019ethnocentrisme et l\u2019appartenance politique une fois \u00e0 la mairie tout est parti\u2026 \u00bb dixit Mamadou Samba Diallo candidat de l&rsquo;UFDG \u00e9lu nouveau maire"},"content":{"rendered":"<p>C\u2019est officiel Mamadou Samba Diallo candidat du parti de l\u2019UFDG, a \u00e9t\u00e9 \u00e9lu maire de la commune de Dixinn ce vendredi. Il a remport\u00e9 23 voix contre 14 voix obtenues par son adversaire Aboubacar Soumah . L&rsquo;\u00e9lection du maire et des vices maires s\u2019est d\u00e9roul\u00e9e dans le calme et la s\u00e9r\u00e9nit\u00e9.<\/p>\n<p>Plusieurs mois apr\u00e8s les \u00e9lections communales, les 37 conseillers \u00e9lus de la circonscription de Dixinn ont r\u00e9pondus pr\u00e9sent ce vendredi \u00e0 l&rsquo;\u00e9lection du nouveau maire. Pour la t\u00eate de la mairie, deux candidats \u00e9taient face aux conseillers. Il s&rsquo;agit d&rsquo;Aboubacar Soumah du Parti au pouvoir et Mamadou Samba Diallo de L&rsquo;UFDG. Fraichement \u00e9lu avec 23 voix, Mamadou Samba Diallo affirme que l\u2019heure n\u2019est plus au beau discours mais plut\u00f4t le travail.<\/p>\n<p>\u00ab <em>Aujourd\u2019hui Dixinn avec sa nouvelle \u00e9quipe rentre dans la l\u00e9gitimit\u00e9, ce n\u2019est pas le parti qui a gagn\u00e9 c\u2019est la d\u00e9mocratie qui a gagn\u00e9. J\u2019invite l\u2019ensemble des conseillers \u00e0 commencer par Aboubacar Soumah au quel je dois du respect, chez moi l\u2019ethnocentrisme et l\u2019appartenance politique une fois \u00e0 la mairie tout est parti. La politique se fera en ville, quand nous sommes ici dites-vous que c\u2019est l\u2019\u00e9quipe dirigeante de la commune. J\u2019ai besoin de la comp\u00e9tence de chacun<\/em> \u00bb, a-t-il soulign\u00e9.<\/p>\n<p>Malgr\u00e9 sa d\u00e9faite, le candidat malheureux compte se mettre \u00e0 la disposition du nouveau maire de Dixinn.<\/p>\n<p>\u00ab <em>La d\u00e9mocratie a gagn\u00e9, je f\u00e9licite les heureux \u00e9lus et en tant que conseiller communal soyez rassur\u00e9e que je mettrai tout en \u0153uvre pour que notre conseille qu\u2019on fasse en sorte que les populations de Dixinn n\u2019oublient pas ce conseil communal, en apportant ma modeste contribution de fa\u00e7on sinc\u00e8re, honn\u00eate, patriotique dans le cadre du d\u00e9veloppement de Dixinn <\/em>\u00bb, mart\u00e8le Aboubacar Soumah.<\/p>\n<p>Ousmane Gaoual Diallo, d\u00e9put\u00e9 du parti UFDG s\u2019est r\u00e9joui de cette victoire.<\/p>\n<p>\u00ab <em>Je pense que ce qui s\u2019est pass\u00e9 \u00e0 Dixinn est un bon retour de la loi et de la justice mais aussi la volont\u00e9 des citoyens dans cette commune, qui d\u00e8s le d\u00e9but du scrutin du 04 f\u00e9vrier avait massivement choisi le candidat de l\u2019UFDG qui pour la combine politicienne on a voulu travestir. Nous sommes donc heureux aujourd\u2019hui du r\u00e9tablissement de cette dignit\u00e9 par la volont\u00e9 des conseillers communaux<\/em> \u00bb, se r\u00e9jouit-il.<\/p>\n<p>A pr\u00e9ciser que, Mohamed Lamine Camara de l\u2019UDG a \u00e9t\u00e9 \u00e9lu 1er vice maire et Amadou Paloma Tour\u00e9, candidat ind\u00e9pendant est le 2\u00e8me vice maire de la commune de Dixinn.<\/p>\n","protected":false},"excerpt":{"rendered":"<p>C\u2019est officiel Mamadou Samba Diallo candidat du parti de l\u2019UFDG, a \u00e9t\u00e9 \u00e9lu maire de la commune de Dixinn ce vendredi. Il a remport\u00e9 23 voix contre 14 voix obtenues par son adversaire Aboubacar Soumah . L&rsquo;\u00e9lection du maire et des vices maires s\u2019est d\u00e9roul\u00e9e dans le calme et la s\u00e9r\u00e9nit\u00e9. Plusieurs mois apr\u00e8s les [&hellip;]<\/p>\n","protected":false},"author":10,"featured_media":27344,"comment_status":"closed","ping_status":"closed","sticky":false,"template":"","format":"standard","meta":{"_exactmetrics_skip_tracking":false,"_exactmetrics_sitenote_active":false,"_exactmetrics_sitenote_note":"","_exactmetrics_sitenote_category":0,"tdm_status":"","tdm_grid_status":"","footnotes":""},"categories":[14],"tags":[],"class_list":{"0":"post-27343","1":"post","2":"type-post","3":"status-publish","4":"format-standard","5":"has-post-thumbnail","7":"category-politique"},"yoast_head":"<!-- This site is optimized with the Yoast SEO plugin v24.2 - https:\/\/yoast.com\/wordpress\/plugins\/seo\/ -->\n<title>Installation des ex\u00e9cutifs communaux\/ Dixinn : \u00abchez moi l\u2019ethnocentrisme et l\u2019appartenance politique une fois \u00e0 la mairie tout est parti\u2026 \u00bb dixit Mamadou Samba Diallo candidat de l&#039;UFDG \u00e9lu nouveau maire | Guin\u00e9e Diversit\u00e9<\/title>\n<meta name=\"robots\" content=\"index, follow, max-snippet:-1, max-image-preview:large, max-video-preview:-1\" \/>\n<link rel=\"canonical\" href=\"https:\/\/guineediversite.com\/index.php\/2018\/11\/16\/mairie-de-dixinn-chez-moi-lethnocentrisme-et-lappartenance-politique-une-fois-a-la-mairie-tout-est-parti-dixit-mamadou-samba-diallo-nouveau-maire\/\" \/>\n<meta property=\"og:locale\" content=\"fr_FR\" \/>\n<meta property=\"og:type\" content=\"article\" \/>\n<meta property=\"og:title\" content=\"Installation des ex\u00e9cutifs communaux\/ Dixinn : \u00abchez moi l\u2019ethnocentrisme et l\u2019appartenance politique une fois \u00e0 la mairie tout est parti\u2026 \u00bb dixit Mamadou Samba Diallo candidat de l&#039;UFDG \u00e9lu nouveau maire | Guin\u00e9e Diversit\u00e9\" \/>\n<meta property=\"og:description\" content=\"C\u2019est officiel Mamadou Samba Diallo candidat du parti de l\u2019UFDG, a \u00e9t\u00e9 \u00e9lu maire de la commune de Dixinn ce vendredi. Il a remport\u00e9 23 voix contre 14 voix obtenues par son adversaire Aboubacar Soumah . L&rsquo;\u00e9lection du maire et des vices maires s\u2019est d\u00e9roul\u00e9e dans le calme et la s\u00e9r\u00e9nit\u00e9. Plusieurs mois apr\u00e8s les [&hellip;]\" \/>\n<meta property=\"og:url\" content=\"https:\/\/guineediversite.com\/index.php\/2018\/11\/16\/mairie-de-dixinn-chez-moi-lethnocentrisme-et-lappartenance-politique-une-fois-a-la-mairie-tout-est-parti-dixit-mamadou-samba-diallo-nouveau-maire\/\" \/>\n<meta property=\"og:site_name\" content=\"Guin\u00e9e Diversit\u00e9\" \/>\n<meta property=\"article:publisher\" content=\"https:\/\/www.facebook.com\/guineediversite\/\" \/>\n<meta property=\"article:published_time\" content=\"2018-11-16T19:09:21+00:00\" \/>\n<meta property=\"article:modified_time\" content=\"2018-11-16T19:15:09+00:00\" \/>\n<meta property=\"og:image\" content=\"https:\/\/guineediversite.com\/wp-content\/uploads\/2018\/11\/46445089_624972971310349_2247750900770668544_n.jpg\" \/>\n\t<meta property=\"og:image:width\" content=\"1365\" \/>\n\t<meta property=\"og:image:height\" content=\"1024\" \/>\n\t<meta property=\"og:image:type\" content=\"image\/jpeg\" \/>\n<meta name=\"author\" content=\"Morcire Camara\" \/>\n<meta name=\"twitter:card\" content=\"summary_large_image\" \/>\n<meta name=\"twitter:creator\" content=\"@GuineeDiversite\" \/>\n<meta name=\"twitter:site\" content=\"@GuineeDiversite\" \/>\n<meta name=\"twitter:label1\" content=\"\u00c9crit par\" \/>\n\t<meta name=\"twitter:data1\" content=\"Morcire Camara\" \/>\n\t<meta name=\"twitter:label2\" content=\"Dur\u00e9e de lecture estim\u00e9e\" \/>\n\t<meta name=\"twitter:data2\" content=\"2 minutes\" \/>\n<script type=\"application\/ld+json\" class=\"yoast-schema-graph\">{\"@context\":\"https:\/\/schema.org\",\"@graph\":[{\"@type\":\"Article\",\"@id\":\"https:\/\/guineediversite.com\/index.php\/2018\/11\/16\/mairie-de-dixinn-chez-moi-lethnocentrisme-et-lappartenance-politique-une-fois-a-la-mairie-tout-est-parti-dixit-mamadou-samba-diallo-nouveau-maire\/#article\",\"isPartOf\":{\"@id\":\"https:\/\/guineediversite.com\/index.php\/2018\/11\/16\/mairie-de-dixinn-chez-moi-lethnocentrisme-et-lappartenance-politique-une-fois-a-la-mairie-tout-est-parti-dixit-mamadou-samba-diallo-nouveau-maire\/\"},\"author\":{\"name\":\"Morcire Camara\",\"@id\":\"https:\/\/guineediversite.com\/#\/schema\/person\/fa362494c47202ce4b3adf55abcc9d01\"},\"headline\":\"Installation des ex\u00e9cutifs communaux\/ Dixinn : \u00abchez moi l\u2019ethnocentrisme et l\u2019appartenance politique une fois \u00e0 la mairie tout est parti\u2026 \u00bb dixit Mamadou Samba Diallo candidat de l&rsquo;UFDG \u00e9lu nouveau maire\",\"datePublished\":\"2018-11-16T19:09:21+00:00\",\"dateModified\":\"2018-11-16T19:15:09+00:00\",\"mainEntityOfPage\":{\"@id\":\"https:\/\/guineediversite.com\/index.php\/2018\/11\/16\/mairie-de-dixinn-chez-moi-lethnocentrisme-et-lappartenance-politique-une-fois-a-la-mairie-tout-est-parti-dixit-mamadou-samba-diallo-nouveau-maire\/\"},\"wordCount\":472,\"publisher\":{\"@id\":\"https:\/\/guineediversite.com\/#organization\"},\"image\":{\"@id\":\"https:\/\/guineediversite.com\/index.php\/2018\/11\/16\/mairie-de-dixinn-chez-moi-lethnocentrisme-et-lappartenance-politique-une-fois-a-la-mairie-tout-est-parti-dixit-mamadou-samba-diallo-nouveau-maire\/#primaryimage\"},\"thumbnailUrl\":\"https:\/\/guineediversite.com\/wp-content\/uploads\/2018\/11\/46445089_624972971310349_2247750900770668544_n.jpg\",\"articleSection\":[\"Politique\"],\"inLanguage\":\"fr-FR\"},{\"@type\":\"WebPage\",\"@id\":\"https:\/\/guineediversite.com\/index.php\/2018\/11\/16\/mairie-de-dixinn-chez-moi-lethnocentrisme-et-lappartenance-politique-une-fois-a-la-mairie-tout-est-parti-dixit-mamadou-samba-diallo-nouveau-maire\/\",\"url\":\"https:\/\/guineediversite.com\/index.php\/2018\/11\/16\/mairie-de-dixinn-chez-moi-lethnocentrisme-et-lappartenance-politique-une-fois-a-la-mairie-tout-est-parti-dixit-mamadou-samba-diallo-nouveau-maire\/\",\"name\":\"Installation des ex\u00e9cutifs communaux\/ Dixinn : \u00abchez moi l\u2019ethnocentrisme et l\u2019appartenance politique une fois \u00e0 la mairie tout est parti\u2026 \u00bb dixit Mamadou Samba Diallo candidat de l'UFDG \u00e9lu nouveau maire | Guin\u00e9e Diversit\u00e9\",\"isPartOf\":{\"@id\":\"https:\/\/guineediversite.com\/#website\"},\"primaryImageOfPage\":{\"@id\":\"https:\/\/guineediversite.com\/index.php\/2018\/11\/16\/mairie-de-dixinn-chez-moi-lethnocentrisme-et-lappartenance-politique-une-fois-a-la-mairie-tout-est-parti-dixit-mamadou-samba-diallo-nouveau-maire\/#primaryimage\"},\"image\":{\"@id\":\"https:\/\/guineediversite.com\/index.php\/2018\/11\/16\/mairie-de-dixinn-chez-moi-lethnocentrisme-et-lappartenance-politique-une-fois-a-la-mairie-tout-est-parti-dixit-mamadou-samba-diallo-nouveau-maire\/#primaryimage\"},\"thumbnailUrl\":\"https:\/\/guineediversite.com\/wp-content\/uploads\/2018\/11\/46445089_624972971310349_2247750900770668544_n.jpg\",\"datePublished\":\"2018-11-16T19:09:21+00:00\",\"dateModified\":\"2018-11-16T19:15:09+00:00\",\"breadcrumb\":{\"@id\":\"https:\/\/guineediversite.com\/index.php\/2018\/11\/16\/mairie-de-dixinn-chez-moi-lethnocentrisme-et-lappartenance-politique-une-fois-a-la-mairie-tout-est-parti-dixit-mamadou-samba-diallo-nouveau-maire\/#breadcrumb\"},\"inLanguage\":\"fr-FR\",\"potentialAction\":[{\"@type\":\"ReadAction\",\"target\":[\"https:\/\/guineediversite.com\/index.php\/2018\/11\/16\/mairie-de-dixinn-chez-moi-lethnocentrisme-et-lappartenance-politique-une-fois-a-la-mairie-tout-est-parti-dixit-mamadou-samba-diallo-nouveau-maire\/\"]}]},{\"@type\":\"ImageObject\",\"inLanguage\":\"fr-FR\",\"@id\":\"https:\/\/guineediversite.com\/index.php\/2018\/11\/16\/mairie-de-dixinn-chez-moi-lethnocentrisme-et-lappartenance-politique-une-fois-a-la-mairie-tout-est-parti-dixit-mamadou-samba-diallo-nouveau-maire\/#primaryimage\",\"url\":\"https:\/\/guineediversite.com\/wp-content\/uploads\/2018\/11\/46445089_624972971310349_2247750900770668544_n.jpg\",\"contentUrl\":\"https:\/\/guineediversite.com\/wp-content\/uploads\/2018\/11\/46445089_624972971310349_2247750900770668544_n.jpg\",\"width\":1365,\"height\":1024},{\"@type\":\"BreadcrumbList\",\"@id\":\"https:\/\/guineediversite.com\/index.php\/2018\/11\/16\/mairie-de-dixinn-chez-moi-lethnocentrisme-et-lappartenance-politique-une-fois-a-la-mairie-tout-est-parti-dixit-mamadou-samba-diallo-nouveau-maire\/#breadcrumb\",\"itemListElement\":[{\"@type\":\"ListItem\",\"position\":1,\"name\":\"Accueil\",\"item\":\"https:\/\/guineediversite.com\/\"},{\"@type\":\"ListItem\",\"position\":2,\"name\":\"Installation des ex\u00e9cutifs communaux\/ Dixinn : \u00abchez moi l\u2019ethnocentrisme et l\u2019appartenance politique une fois \u00e0 la mairie tout est parti\u2026 \u00bb dixit Mamadou Samba Diallo candidat de l&rsquo;UFDG \u00e9lu nouveau maire\"}]},{\"@type\":\"WebSite\",\"@id\":\"https:\/\/guineediversite.com\/#website\",\"url\":\"https:\/\/guineediversite.com\/\",\"name\":\"Guin\u00e9e Diversit\u00e9\",\"description\":\"L&#039;Info dans toute sa diversit\u00e9\",\"publisher\":{\"@id\":\"https:\/\/guineediversite.com\/#organization\"},\"potentialAction\":[{\"@type\":\"SearchAction\",\"target\":{\"@type\":\"EntryPoint\",\"urlTemplate\":\"https:\/\/guineediversite.com\/?s={search_term_string}\"},\"query-input\":{\"@type\":\"PropertyValueSpecification\",\"valueRequired\":true,\"valueName\":\"search_term_string\"}}],\"inLanguage\":\"fr-FR\"},{\"@type\":\"Organization\",\"@id\":\"https:\/\/guineediversite.com\/#organization\",\"name\":\"Guin\u00e9e Diversit\u00e9\",\"url\":\"https:\/\/guineediversite.com\/\",\"logo\":{\"@type\":\"ImageObject\",\"inLanguage\":\"fr-FR\",\"@id\":\"https:\/\/guineediversite.com\/#\/schema\/logo\/image\/\",\"url\":\"https:\/\/guineediversite.com\/wp-content\/uploads\/2017\/04\/cropped-1jojlxEOMkX9Wyqfhe43D6kjPOGqBBKmx3EwWJqZ0cMrFF54yM49.png\",\"contentUrl\":\"https:\/\/guineediversite.com\/wp-content\/uploads\/2017\/04\/cropped-1jojlxEOMkX9Wyqfhe43D6kjPOGqBBKmx3EwWJqZ0cMrFF54yM49.png\",\"width\":186,\"height\":112,\"caption\":\"Guin\u00e9e Diversit\u00e9\"},\"image\":{\"@id\":\"https:\/\/guineediversite.com\/#\/schema\/logo\/image\/\"},\"sameAs\":[\"https:\/\/www.facebook.com\/guineediversite\/\",\"https:\/\/x.com\/GuineeDiversite\",\"https:\/\/www.youtube.com\/channel\/UC8sUY16qelG5ge6_D5SB83g\"]},{\"@type\":\"Person\",\"@id\":\"https:\/\/guineediversite.com\/#\/schema\/person\/fa362494c47202ce4b3adf55abcc9d01\",\"name\":\"Morcire Camara\",\"image\":{\"@type\":\"ImageObject\",\"inLanguage\":\"fr-FR\",\"@id\":\"https:\/\/guineediversite.com\/#\/schema\/person\/image\/\",\"url\":\"https:\/\/secure.gravatar.com\/avatar\/3ec324f02295bbcebe03d99b39330ab4?s=96&d=mm&r=g\",\"contentUrl\":\"https:\/\/secure.gravatar.com\/avatar\/3ec324f02295bbcebe03d99b39330ab4?s=96&d=mm&r=g\",\"caption\":\"Morcire Camara\"},\"url\":\"https:\/\/guineediversite.com\/index.php\/author\/morcire\/\"}]}<\/script>\n<!-- \/ Yoast SEO plugin. -->","yoast_head_json":{"title":"Installation des ex\u00e9cutifs communaux\/ Dixinn : \u00abchez moi l\u2019ethnocentrisme et l\u2019appartenance politique une fois \u00e0 la mairie tout est parti\u2026 \u00bb dixit Mamadou Samba Diallo candidat de l'UFDG \u00e9lu nouveau maire | Guin\u00e9e Diversit\u00e9","robots":{"index":"index","follow":"follow","max-snippet":"max-snippet:-1","max-image-preview":"max-image-preview:large","max-video-preview":"max-video-preview:-1"},"canonical":"https:\/\/guineediversite.com\/index.php\/2018\/11\/16\/mairie-de-dixinn-chez-moi-lethnocentrisme-et-lappartenance-politique-une-fois-a-la-mairie-tout-est-parti-dixit-mamadou-samba-diallo-nouveau-maire\/","og_locale":"fr_FR","og_type":"article","og_title":"Installation des ex\u00e9cutifs communaux\/ Dixinn : \u00abchez moi l\u2019ethnocentrisme et l\u2019appartenance politique une fois \u00e0 la mairie tout est parti\u2026 \u00bb dixit Mamadou Samba Diallo candidat de l'UFDG \u00e9lu nouveau maire | Guin\u00e9e Diversit\u00e9","og_description":"C\u2019est officiel Mamadou Samba Diallo candidat du parti de l\u2019UFDG, a \u00e9t\u00e9 \u00e9lu maire de la commune de Dixinn ce vendredi. Il a remport\u00e9 23 voix contre 14 voix obtenues par son adversaire Aboubacar Soumah . L&rsquo;\u00e9lection du maire et des vices maires s\u2019est d\u00e9roul\u00e9e dans le calme et la s\u00e9r\u00e9nit\u00e9. Plusieurs mois apr\u00e8s les [&hellip;]","og_url":"https:\/\/guineediversite.com\/index.php\/2018\/11\/16\/mairie-de-dixinn-chez-moi-lethnocentrisme-et-lappartenance-politique-une-fois-a-la-mairie-tout-est-parti-dixit-mamadou-samba-diallo-nouveau-maire\/","og_site_name":"Guin\u00e9e Diversit\u00e9","article_publisher":"https:\/\/www.facebook.com\/guineediversite\/","article_published_time":"2018-11-16T19:09:21+00:00","article_modified_time":"2018-11-16T19:15:09+00:00","og_image":[{"width":1365,"height":1024,"url":"https:\/\/guineediversite.com\/wp-content\/uploads\/2018\/11\/46445089_624972971310349_2247750900770668544_n.jpg","type":"image\/jpeg"}],"author":"Morcire Camara","twitter_card":"summary_large_image","twitter_creator":"@GuineeDiversite","twitter_site":"@GuineeDiversite","twitter_misc":{"\u00c9crit par":"Morcire Camara","Dur\u00e9e de lecture estim\u00e9e":"2 minutes"},"schema":{"@context":"https:\/\/schema.org","@graph":[{"@type":"Article","@id":"https:\/\/guineediversite.com\/index.php\/2018\/11\/16\/mairie-de-dixinn-chez-moi-lethnocentrisme-et-lappartenance-politique-une-fois-a-la-mairie-tout-est-parti-dixit-mamadou-samba-diallo-nouveau-maire\/#article","isPartOf":{"@id":"https:\/\/guineediversite.com\/index.php\/2018\/11\/16\/mairie-de-dixinn-chez-moi-lethnocentrisme-et-lappartenance-politique-une-fois-a-la-mairie-tout-est-parti-dixit-mamadou-samba-diallo-nouveau-maire\/"},"author":{"name":"Morcire Camara","@id":"https:\/\/guineediversite.com\/#\/schema\/person\/fa362494c47202ce4b3adf55abcc9d01"},"headline":"Installation des ex\u00e9cutifs communaux\/ Dixinn : \u00abchez moi l\u2019ethnocentrisme et l\u2019appartenance politique une fois \u00e0 la mairie tout est parti\u2026 \u00bb dixit Mamadou Samba Diallo candidat de l&rsquo;UFDG \u00e9lu nouveau maire","datePublished":"2018-11-16T19:09:21+00:00","dateModified":"2018-11-16T19:15:09+00:00","mainEntityOfPage":{"@id":"https:\/\/guineediversite.com\/index.php\/2018\/11\/16\/mairie-de-dixinn-chez-moi-lethnocentrisme-et-lappartenance-politique-une-fois-a-la-mairie-tout-est-parti-dixit-mamadou-samba-diallo-nouveau-maire\/"},"wordCount":472,"publisher":{"@id":"https:\/\/guineediversite.com\/#organization"},"image":{"@id":"https:\/\/guineediversite.com\/index.php\/2018\/11\/16\/mairie-de-dixinn-chez-moi-lethnocentrisme-et-lappartenance-politique-une-fois-a-la-mairie-tout-est-parti-dixit-mamadou-samba-diallo-nouveau-maire\/#primaryimage"},"thumbnailUrl":"https:\/\/guineediversite.com\/wp-content\/uploads\/2018\/11\/46445089_624972971310349_2247750900770668544_n.jpg","articleSection":["Politique"],"inLanguage":"fr-FR"},{"@type":"WebPage","@id":"https:\/\/guineediversite.com\/index.php\/2018\/11\/16\/mairie-de-dixinn-chez-moi-lethnocentrisme-et-lappartenance-politique-une-fois-a-la-mairie-tout-est-parti-dixit-mamadou-samba-diallo-nouveau-maire\/","url":"https:\/\/guineediversite.com\/index.php\/2018\/11\/16\/mairie-de-dixinn-chez-moi-lethnocentrisme-et-lappartenance-politique-une-fois-a-la-mairie-tout-est-parti-dixit-mamadou-samba-diallo-nouveau-maire\/","name":"Installation des ex\u00e9cutifs communaux\/ Dixinn : \u00abchez moi l\u2019ethnocentrisme et l\u2019appartenance politique une fois \u00e0 la mairie tout est parti\u2026 \u00bb dixit Mamadou Samba Diallo candidat de l'UFDG \u00e9lu nouveau maire | Guin\u00e9e Diversit\u00e9","isPartOf":{"@id":"https:\/\/guineediversite.com\/#website"},"primaryImageOfPage":{"@id":"https:\/\/guineediversite.com\/index.php\/2018\/11\/16\/mairie-de-dixinn-chez-moi-lethnocentrisme-et-lappartenance-politique-une-fois-a-la-mairie-tout-est-parti-dixit-mamadou-samba-diallo-nouveau-maire\/#primaryimage"},"image":{"@id":"https:\/\/guineediversite.com\/index.php\/2018\/11\/16\/mairie-de-dixinn-chez-moi-lethnocentrisme-et-lappartenance-politique-une-fois-a-la-mairie-tout-est-parti-dixit-mamadou-samba-diallo-nouveau-maire\/#primaryimage"},"thumbnailUrl":"https:\/\/guineediversite.com\/wp-content\/uploads\/2018\/11\/46445089_624972971310349_2247750900770668544_n.jpg","datePublished":"2018-11-16T19:09:21+00:00","dateModified":"2018-11-16T19:15:09+00:00","breadcrumb":{"@id":"https:\/\/guineediversite.com\/index.php\/2018\/11\/16\/mairie-de-dixinn-chez-moi-lethnocentrisme-et-lappartenance-politique-une-fois-a-la-mairie-tout-est-parti-dixit-mamadou-samba-diallo-nouveau-maire\/#breadcrumb"},"inLanguage":"fr-FR","potentialAction":[{"@type":"ReadAction","target":["https:\/\/guineediversite.com\/index.php\/2018\/11\/16\/mairie-de-dixinn-chez-moi-lethnocentrisme-et-lappartenance-politique-une-fois-a-la-mairie-tout-est-parti-dixit-mamadou-samba-diallo-nouveau-maire\/"]}]},{"@type":"ImageObject","inLanguage":"fr-FR","@id":"https:\/\/guineediversite.com\/index.php\/2018\/11\/16\/mairie-de-dixinn-chez-moi-lethnocentrisme-et-lappartenance-politique-une-fois-a-la-mairie-tout-est-parti-dixit-mamadou-samba-diallo-nouveau-maire\/#primaryimage","url":"https:\/\/guineediversite.com\/wp-content\/uploads\/2018\/11\/46445089_624972971310349_2247750900770668544_n.jpg","contentUrl":"https:\/\/guineediversite.com\/wp-content\/uploads\/2018\/11\/46445089_624972971310349_2247750900770668544_n.jpg","width":1365,"height":1024},{"@type":"BreadcrumbList","@id":"https:\/\/guineediversite.com\/index.php\/2018\/11\/16\/mairie-de-dixinn-chez-moi-lethnocentrisme-et-lappartenance-politique-une-fois-a-la-mairie-tout-est-parti-dixit-mamadou-samba-diallo-nouveau-maire\/#breadcrumb","itemListElement":[{"@type":"ListItem","position":1,"name":"Accueil","item":"https:\/\/guineediversite.com\/"},{"@type":"ListItem","position":2,"name":"Installation des ex\u00e9cutifs communaux\/ Dixinn : \u00abchez moi l\u2019ethnocentrisme et l\u2019appartenance politique une fois \u00e0 la mairie tout est parti\u2026 \u00bb dixit Mamadou Samba Diallo candidat de l&rsquo;UFDG \u00e9lu nouveau maire"}]},{"@type":"WebSite","@id":"https:\/\/guineediversite.com\/#website","url":"https:\/\/guineediversite.com\/","name":"Guin\u00e9e Diversit\u00e9","description":"L&#039;Info dans toute sa diversit\u00e9","publisher":{"@id":"https:\/\/guineediversite.com\/#organization"},"potentialAction":[{"@type":"SearchAction","target":{"@type":"EntryPoint","urlTemplate":"https:\/\/guineediversite.com\/?s={search_term_string}"},"query-input":{"@type":"PropertyValueSpecification","valueRequired":true,"valueName":"search_term_string"}}],"inLanguage":"fr-FR"},{"@type":"Organization","@id":"https:\/\/guineediversite.com\/#organization","name":"Guin\u00e9e Diversit\u00e9","url":"https:\/\/guineediversite.com\/","logo":{"@type":"ImageObject","inLanguage":"fr-FR","@id":"https:\/\/guineediversite.com\/#\/schema\/logo\/image\/","url":"https:\/\/guineediversite.com\/wp-content\/uploads\/2017\/04\/cropped-1jojlxEOMkX9Wyqfhe43D6kjPOGqBBKmx3EwWJqZ0cMrFF54yM49.png","contentUrl":"https:\/\/guineediversite.com\/wp-content\/uploads\/2017\/04\/cropped-1jojlxEOMkX9Wyqfhe43D6kjPOGqBBKmx3EwWJqZ0cMrFF54yM49.png","width":186,"height":112,"caption":"Guin\u00e9e Diversit\u00e9"},"image":{"@id":"https:\/\/guineediversite.com\/#\/schema\/logo\/image\/"},"sameAs":["https:\/\/www.facebook.com\/guineediversite\/","https:\/\/x.com\/GuineeDiversite","https:\/\/www.youtube.com\/channel\/UC8sUY16qelG5ge6_D5SB83g"]},{"@type":"Person","@id":"https:\/\/guineediversite.com\/#\/schema\/person\/fa362494c47202ce4b3adf55abcc9d01","name":"Morcire Camara","image":{"@type":"ImageObject","inLanguage":"fr-FR","@id":"https:\/\/guineediversite.com\/#\/schema\/person\/image\/","url":"https:\/\/secure.gravatar.com\/avatar\/3ec324f02295bbcebe03d99b39330ab4?s=96&d=mm&r=g","contentUrl":"https:\/\/secure.gravatar.com\/avatar\/3ec324f02295bbcebe03d99b39330ab4?s=96&d=mm&r=g","caption":"Morcire Camara"},"url":"https:\/\/guineediversite.com\/index.php\/author\/morcire\/"}]}},"_links":{"self":[{"href":"https:\/\/guineediversite.com\/index.php\/wp-json\/wp\/v2\/posts\/27343"}],"collection":[{"href":"https:\/\/guineediversite.com\/index.php\/wp-json\/wp\/v2\/posts"}],"about":[{"href":"https:\/\/guineediversite.com\/index.php\/wp-json\/wp\/v2\/types\/post"}],"author":[{"embeddable":true,"href":"https:\/\/guineediversite.com\/index.php\/wp-json\/wp\/v2\/users\/10"}],"replies":[{"embeddable":true,"href":"https:\/\/guineediversite.com\/index.php\/wp-json\/wp\/v2\/comments?post=27343"}],"version-history":[{"count":0,"href":"https:\/\/guineediversite.com\/index.php\/wp-json\/wp\/v2\/posts\/27343\/revisions"}],"wp:featuredmedia":[{"embeddable":true,"href":"https:\/\/guineediversite.com\/index.php\/wp-json\/wp\/v2\/media\/27344"}],"wp:attachment":[{"href":"https:\/\/guineediversite.com\/index.php\/wp-json\/wp\/v2\/media?parent=27343"}],"wp:term":[{"taxonomy":"category","embeddable":true,"href":"https:\/\/guineediversite.com\/index.php\/wp-json\/wp\/v2\/categories?post=27343"},{"taxonomy":"post_tag","embeddable":true,"href":"https:\/\/guineediversite.com\/index.php\/wp-json\/wp\/v2\/tags?post=27343"}],"curies":[{"name":"wp","href":"https:\/\/api.w.org\/{rel}","templated":true}]}}