{"id":27340,"date":"2018-11-16T20:00:52","date_gmt":"2018-11-16T19:00:52","guid":{"rendered":"https:\/\/guineediversite.com\/?p=27340"},"modified":"2018-11-16T20:00:52","modified_gmt":"2018-11-16T19:00:52","slug":"conakry-un-beret-rouge-battu-bambeto","status":"publish","type":"post","link":"https:\/\/guineediversite.com\/index.php\/2018\/11\/16\/conakry-un-beret-rouge-battu-bambeto\/","title":{"rendered":"Conakry: Un b\u00e9ret rouge battu Bambeto"},"content":{"rendered":"<p>Selon nos premi\u00e8res informations sa vie ne serait pas en danger, \u00e0 en croire a notre source l\u2019acte s\u2019est d\u00e9roul\u00e9e apr\u00e8s l\u2019enterrement du jeune Mamadou Bella tu\u00e9 au cours d\u2019une manifestation. Des responsables de l\u2019UFDG dont Fod\u00e9\u00a0Oussou Fofana, tenaient des discours de sensibilisation \u00e0 l\u2019endroit des militants et sympathisants venus participer \u00e0 l\u2019inhumation. La mobilisation avait bouch\u00e9 compl\u00e8tement la circulation. Aucun engin roulant ne pouvait bouger d\u2019un iota. Donc les usagers avaient tous pris leur mal en patience.<\/p>\n<p>Loin, la m\u00eame source indique que c\u2019est en ce moment pr\u00e9cis que le militaire est arriv\u00e9 sur une moto (taxi). <em>\u00ab\u00a0 Contrairement\u00a0aux autres usagers, lui il a voulu forc\u00e9 le passage. Ce qui n\u2019a pas \u00e9t\u00e9 du go\u00fbt des jeunes. C\u2019est ainsi qu\u2019il a re\u00e7u des coups de cailloux pour un premier temps\u00a0<\/em>\u00bb, t\u00e9moigne un habitant de Bambeto sous\u00a0anonymat.<\/p>\n<p>Selon les derni\u00e8res nouvelles, la victime serait entrain de suivre des soins intensifs dans une structure de sant\u00e9.<\/p>\n","protected":false},"excerpt":{"rendered":"<p>Selon nos premi\u00e8res informations sa vie ne serait pas en danger, \u00e0 en croire a notre source l\u2019acte s\u2019est d\u00e9roul\u00e9e apr\u00e8s l\u2019enterrement du jeune Mamadou Bella tu\u00e9 au cours d\u2019une manifestation. Des responsables de l\u2019UFDG dont Fod\u00e9\u00a0Oussou Fofana, tenaient des discours de sensibilisation \u00e0 l\u2019endroit des militants et sympathisants venus participer \u00e0 l\u2019inhumation. La mobilisation [&hellip;]<\/p>\n","protected":false},"author":7,"featured_media":27341,"comment_status":"closed","ping_status":"closed","sticky":false,"template":"","format":"standard","meta":{"_exactmetrics_skip_tracking":false,"_exactmetrics_sitenote_active":false,"_exactmetrics_sitenote_note":"","_exactmetrics_sitenote_category":0,"tdm_status":"","tdm_grid_status":"","footnotes":""},"categories":[16],"tags":[],"class_list":{"0":"post-27340","1":"post","2":"type-post","3":"status-publish","4":"format-standard","5":"has-post-thumbnail","7":"category-societe"},"yoast_head":"<!-- This site is optimized with the Yoast SEO plugin v24.2 - https:\/\/yoast.com\/wordpress\/plugins\/seo\/ -->\n<title>Conakry: Un b\u00e9ret rouge battu Bambeto | Guin\u00e9e Diversit\u00e9<\/title>\n<meta name=\"robots\" content=\"index, follow, max-snippet:-1, max-image-preview:large, max-video-preview:-1\" \/>\n<link rel=\"canonical\" href=\"https:\/\/guineediversite.com\/index.php\/2018\/11\/16\/conakry-un-beret-rouge-battu-bambeto\/\" \/>\n<meta property=\"og:locale\" content=\"fr_FR\" \/>\n<meta property=\"og:type\" content=\"article\" \/>\n<meta property=\"og:title\" content=\"Conakry: Un b\u00e9ret rouge battu Bambeto | Guin\u00e9e Diversit\u00e9\" \/>\n<meta property=\"og:description\" content=\"Selon nos premi\u00e8res informations sa vie ne serait pas en danger, \u00e0 en croire a notre source l\u2019acte s\u2019est d\u00e9roul\u00e9e apr\u00e8s l\u2019enterrement du jeune Mamadou Bella tu\u00e9 au cours d\u2019une manifestation. Des responsables de l\u2019UFDG dont Fod\u00e9\u00a0Oussou Fofana, tenaient des discours de sensibilisation \u00e0 l\u2019endroit des militants et sympathisants venus participer \u00e0 l\u2019inhumation. La mobilisation [&hellip;]\" \/>\n<meta property=\"og:url\" content=\"https:\/\/guineediversite.com\/index.php\/2018\/11\/16\/conakry-un-beret-rouge-battu-bambeto\/\" \/>\n<meta property=\"og:site_name\" content=\"Guin\u00e9e Diversit\u00e9\" \/>\n<meta property=\"article:publisher\" content=\"https:\/\/www.facebook.com\/guineediversite\/\" \/>\n<meta property=\"article:published_time\" content=\"2018-11-16T19:00:52+00:00\" \/>\n<meta property=\"og:image\" content=\"https:\/\/guineediversite.com\/wp-content\/uploads\/2018\/11\/46445012_519772391767215_4408458834679431168_n.jpg\" \/>\n\t<meta property=\"og:image:width\" content=\"1024\" \/>\n\t<meta property=\"og:image:height\" content=\"1138\" \/>\n\t<meta property=\"og:image:type\" content=\"image\/jpeg\" \/>\n<meta name=\"author\" content=\"Bilguissa Diallo\" \/>\n<meta name=\"twitter:card\" content=\"summary_large_image\" \/>\n<meta name=\"twitter:creator\" content=\"@GuineeDiversite\" \/>\n<meta name=\"twitter:site\" content=\"@GuineeDiversite\" \/>\n<meta name=\"twitter:label1\" content=\"\u00c9crit par\" \/>\n\t<meta name=\"twitter:data1\" content=\"Bilguissa Diallo\" \/>\n\t<meta name=\"twitter:label2\" content=\"Dur\u00e9e de lecture estim\u00e9e\" \/>\n\t<meta name=\"twitter:data2\" content=\"1 minute\" \/>\n<script type=\"application\/ld+json\" class=\"yoast-schema-graph\">{\"@context\":\"https:\/\/schema.org\",\"@graph\":[{\"@type\":\"Article\",\"@id\":\"https:\/\/guineediversite.com\/index.php\/2018\/11\/16\/conakry-un-beret-rouge-battu-bambeto\/#article\",\"isPartOf\":{\"@id\":\"https:\/\/guineediversite.com\/index.php\/2018\/11\/16\/conakry-un-beret-rouge-battu-bambeto\/\"},\"author\":{\"name\":\"Bilguissa Diallo\",\"@id\":\"https:\/\/guineediversite.com\/#\/schema\/person\/0e0e3e424768a50d025ac2218ccca73f\"},\"headline\":\"Conakry: Un b\u00e9ret rouge battu Bambeto\",\"datePublished\":\"2018-11-16T19:00:52+00:00\",\"dateModified\":\"2018-11-16T19:00:52+00:00\",\"mainEntityOfPage\":{\"@id\":\"https:\/\/guineediversite.com\/index.php\/2018\/11\/16\/conakry-un-beret-rouge-battu-bambeto\/\"},\"wordCount\":184,\"publisher\":{\"@id\":\"https:\/\/guineediversite.com\/#organization\"},\"image\":{\"@id\":\"https:\/\/guineediversite.com\/index.php\/2018\/11\/16\/conakry-un-beret-rouge-battu-bambeto\/#primaryimage\"},\"thumbnailUrl\":\"https:\/\/guineediversite.com\/wp-content\/uploads\/2018\/11\/46445012_519772391767215_4408458834679431168_n.jpg\",\"articleSection\":[\"Soci\u00e9t\u00e9\"],\"inLanguage\":\"fr-FR\"},{\"@type\":\"WebPage\",\"@id\":\"https:\/\/guineediversite.com\/index.php\/2018\/11\/16\/conakry-un-beret-rouge-battu-bambeto\/\",\"url\":\"https:\/\/guineediversite.com\/index.php\/2018\/11\/16\/conakry-un-beret-rouge-battu-bambeto\/\",\"name\":\"Conakry: Un b\u00e9ret rouge battu Bambeto | Guin\u00e9e Diversit\u00e9\",\"isPartOf\":{\"@id\":\"https:\/\/guineediversite.com\/#website\"},\"primaryImageOfPage\":{\"@id\":\"https:\/\/guineediversite.com\/index.php\/2018\/11\/16\/conakry-un-beret-rouge-battu-bambeto\/#primaryimage\"},\"image\":{\"@id\":\"https:\/\/guineediversite.com\/index.php\/2018\/11\/16\/conakry-un-beret-rouge-battu-bambeto\/#primaryimage\"},\"thumbnailUrl\":\"https:\/\/guineediversite.com\/wp-content\/uploads\/2018\/11\/46445012_519772391767215_4408458834679431168_n.jpg\",\"datePublished\":\"2018-11-16T19:00:52+00:00\",\"dateModified\":\"2018-11-16T19:00:52+00:00\",\"breadcrumb\":{\"@id\":\"https:\/\/guineediversite.com\/index.php\/2018\/11\/16\/conakry-un-beret-rouge-battu-bambeto\/#breadcrumb\"},\"inLanguage\":\"fr-FR\",\"potentialAction\":[{\"@type\":\"ReadAction\",\"target\":[\"https:\/\/guineediversite.com\/index.php\/2018\/11\/16\/conakry-un-beret-rouge-battu-bambeto\/\"]}]},{\"@type\":\"ImageObject\",\"inLanguage\":\"fr-FR\",\"@id\":\"https:\/\/guineediversite.com\/index.php\/2018\/11\/16\/conakry-un-beret-rouge-battu-bambeto\/#primaryimage\",\"url\":\"https:\/\/guineediversite.com\/wp-content\/uploads\/2018\/11\/46445012_519772391767215_4408458834679431168_n.jpg\",\"contentUrl\":\"https:\/\/guineediversite.com\/wp-content\/uploads\/2018\/11\/46445012_519772391767215_4408458834679431168_n.jpg\",\"width\":1024,\"height\":1138},{\"@type\":\"BreadcrumbList\",\"@id\":\"https:\/\/guineediversite.com\/index.php\/2018\/11\/16\/conakry-un-beret-rouge-battu-bambeto\/#breadcrumb\",\"itemListElement\":[{\"@type\":\"ListItem\",\"position\":1,\"name\":\"Accueil\",\"item\":\"https:\/\/guineediversite.com\/\"},{\"@type\":\"ListItem\",\"position\":2,\"name\":\"Conakry: Un b\u00e9ret rouge battu Bambeto\"}]},{\"@type\":\"WebSite\",\"@id\":\"https:\/\/guineediversite.com\/#website\",\"url\":\"https:\/\/guineediversite.com\/\",\"name\":\"Guin\u00e9e Diversit\u00e9\",\"description\":\"L&#039;Info dans toute sa diversit\u00e9\",\"publisher\":{\"@id\":\"https:\/\/guineediversite.com\/#organization\"},\"potentialAction\":[{\"@type\":\"SearchAction\",\"target\":{\"@type\":\"EntryPoint\",\"urlTemplate\":\"https:\/\/guineediversite.com\/?s={search_term_string}\"},\"query-input\":{\"@type\":\"PropertyValueSpecification\",\"valueRequired\":true,\"valueName\":\"search_term_string\"}}],\"inLanguage\":\"fr-FR\"},{\"@type\":\"Organization\",\"@id\":\"https:\/\/guineediversite.com\/#organization\",\"name\":\"Guin\u00e9e Diversit\u00e9\",\"url\":\"https:\/\/guineediversite.com\/\",\"logo\":{\"@type\":\"ImageObject\",\"inLanguage\":\"fr-FR\",\"@id\":\"https:\/\/guineediversite.com\/#\/schema\/logo\/image\/\",\"url\":\"https:\/\/guineediversite.com\/wp-content\/uploads\/2017\/04\/cropped-1jojlxEOMkX9Wyqfhe43D6kjPOGqBBKmx3EwWJqZ0cMrFF54yM49.png\",\"contentUrl\":\"https:\/\/guineediversite.com\/wp-content\/uploads\/2017\/04\/cropped-1jojlxEOMkX9Wyqfhe43D6kjPOGqBBKmx3EwWJqZ0cMrFF54yM49.png\",\"width\":186,\"height\":112,\"caption\":\"Guin\u00e9e Diversit\u00e9\"},\"image\":{\"@id\":\"https:\/\/guineediversite.com\/#\/schema\/logo\/image\/\"},\"sameAs\":[\"https:\/\/www.facebook.com\/guineediversite\/\",\"https:\/\/x.com\/GuineeDiversite\",\"https:\/\/www.youtube.com\/channel\/UC8sUY16qelG5ge6_D5SB83g\"]},{\"@type\":\"Person\",\"@id\":\"https:\/\/guineediversite.com\/#\/schema\/person\/0e0e3e424768a50d025ac2218ccca73f\",\"name\":\"Bilguissa Diallo\",\"image\":{\"@type\":\"ImageObject\",\"inLanguage\":\"fr-FR\",\"@id\":\"https:\/\/guineediversite.com\/#\/schema\/person\/image\/\",\"url\":\"https:\/\/secure.gravatar.com\/avatar\/49bbbd2420ee34d62b1b191791f4b5df?s=96&d=mm&r=g\",\"contentUrl\":\"https:\/\/secure.gravatar.com\/avatar\/49bbbd2420ee34d62b1b191791f4b5df?s=96&d=mm&r=g\",\"caption\":\"Bilguissa Diallo\"},\"url\":\"https:\/\/guineediversite.com\/index.php\/author\/bilguissa\/\"}]}<\/script>\n<!-- \/ Yoast SEO plugin. -->","yoast_head_json":{"title":"Conakry: Un b\u00e9ret rouge battu Bambeto | Guin\u00e9e Diversit\u00e9","robots":{"index":"index","follow":"follow","max-snippet":"max-snippet:-1","max-image-preview":"max-image-preview:large","max-video-preview":"max-video-preview:-1"},"canonical":"https:\/\/guineediversite.com\/index.php\/2018\/11\/16\/conakry-un-beret-rouge-battu-bambeto\/","og_locale":"fr_FR","og_type":"article","og_title":"Conakry: Un b\u00e9ret rouge battu Bambeto | Guin\u00e9e Diversit\u00e9","og_description":"Selon nos premi\u00e8res informations sa vie ne serait pas en danger, \u00e0 en croire a notre source l\u2019acte s\u2019est d\u00e9roul\u00e9e apr\u00e8s l\u2019enterrement du jeune Mamadou Bella tu\u00e9 au cours d\u2019une manifestation. Des responsables de l\u2019UFDG dont Fod\u00e9\u00a0Oussou Fofana, tenaient des discours de sensibilisation \u00e0 l\u2019endroit des militants et sympathisants venus participer \u00e0 l\u2019inhumation. La mobilisation [&hellip;]","og_url":"https:\/\/guineediversite.com\/index.php\/2018\/11\/16\/conakry-un-beret-rouge-battu-bambeto\/","og_site_name":"Guin\u00e9e Diversit\u00e9","article_publisher":"https:\/\/www.facebook.com\/guineediversite\/","article_published_time":"2018-11-16T19:00:52+00:00","og_image":[{"width":1024,"height":1138,"url":"https:\/\/guineediversite.com\/wp-content\/uploads\/2018\/11\/46445012_519772391767215_4408458834679431168_n.jpg","type":"image\/jpeg"}],"author":"Bilguissa Diallo","twitter_card":"summary_large_image","twitter_creator":"@GuineeDiversite","twitter_site":"@GuineeDiversite","twitter_misc":{"\u00c9crit par":"Bilguissa Diallo","Dur\u00e9e de lecture estim\u00e9e":"1 minute"},"schema":{"@context":"https:\/\/schema.org","@graph":[{"@type":"Article","@id":"https:\/\/guineediversite.com\/index.php\/2018\/11\/16\/conakry-un-beret-rouge-battu-bambeto\/#article","isPartOf":{"@id":"https:\/\/guineediversite.com\/index.php\/2018\/11\/16\/conakry-un-beret-rouge-battu-bambeto\/"},"author":{"name":"Bilguissa Diallo","@id":"https:\/\/guineediversite.com\/#\/schema\/person\/0e0e3e424768a50d025ac2218ccca73f"},"headline":"Conakry: Un b\u00e9ret rouge battu Bambeto","datePublished":"2018-11-16T19:00:52+00:00","dateModified":"2018-11-16T19:00:52+00:00","mainEntityOfPage":{"@id":"https:\/\/guineediversite.com\/index.php\/2018\/11\/16\/conakry-un-beret-rouge-battu-bambeto\/"},"wordCount":184,"publisher":{"@id":"https:\/\/guineediversite.com\/#organization"},"image":{"@id":"https:\/\/guineediversite.com\/index.php\/2018\/11\/16\/conakry-un-beret-rouge-battu-bambeto\/#primaryimage"},"thumbnailUrl":"https:\/\/guineediversite.com\/wp-content\/uploads\/2018\/11\/46445012_519772391767215_4408458834679431168_n.jpg","articleSection":["Soci\u00e9t\u00e9"],"inLanguage":"fr-FR"},{"@type":"WebPage","@id":"https:\/\/guineediversite.com\/index.php\/2018\/11\/16\/conakry-un-beret-rouge-battu-bambeto\/","url":"https:\/\/guineediversite.com\/index.php\/2018\/11\/16\/conakry-un-beret-rouge-battu-bambeto\/","name":"Conakry: Un b\u00e9ret rouge battu Bambeto | Guin\u00e9e Diversit\u00e9","isPartOf":{"@id":"https:\/\/guineediversite.com\/#website"},"primaryImageOfPage":{"@id":"https:\/\/guineediversite.com\/index.php\/2018\/11\/16\/conakry-un-beret-rouge-battu-bambeto\/#primaryimage"},"image":{"@id":"https:\/\/guineediversite.com\/index.php\/2018\/11\/16\/conakry-un-beret-rouge-battu-bambeto\/#primaryimage"},"thumbnailUrl":"https:\/\/guineediversite.com\/wp-content\/uploads\/2018\/11\/46445012_519772391767215_4408458834679431168_n.jpg","datePublished":"2018-11-16T19:00:52+00:00","dateModified":"2018-11-16T19:00:52+00:00","breadcrumb":{"@id":"https:\/\/guineediversite.com\/index.php\/2018\/11\/16\/conakry-un-beret-rouge-battu-bambeto\/#breadcrumb"},"inLanguage":"fr-FR","potentialAction":[{"@type":"ReadAction","target":["https:\/\/guineediversite.com\/index.php\/2018\/11\/16\/conakry-un-beret-rouge-battu-bambeto\/"]}]},{"@type":"ImageObject","inLanguage":"fr-FR","@id":"https:\/\/guineediversite.com\/index.php\/2018\/11\/16\/conakry-un-beret-rouge-battu-bambeto\/#primaryimage","url":"https:\/\/guineediversite.com\/wp-content\/uploads\/2018\/11\/46445012_519772391767215_4408458834679431168_n.jpg","contentUrl":"https:\/\/guineediversite.com\/wp-content\/uploads\/2018\/11\/46445012_519772391767215_4408458834679431168_n.jpg","width":1024,"height":1138},{"@type":"BreadcrumbList","@id":"https:\/\/guineediversite.com\/index.php\/2018\/11\/16\/conakry-un-beret-rouge-battu-bambeto\/#breadcrumb","itemListElement":[{"@type":"ListItem","position":1,"name":"Accueil","item":"https:\/\/guineediversite.com\/"},{"@type":"ListItem","position":2,"name":"Conakry: Un b\u00e9ret rouge battu Bambeto"}]},{"@type":"WebSite","@id":"https:\/\/guineediversite.com\/#website","url":"https:\/\/guineediversite.com\/","name":"Guin\u00e9e Diversit\u00e9","description":"L&#039;Info dans toute sa diversit\u00e9","publisher":{"@id":"https:\/\/guineediversite.com\/#organization"},"potentialAction":[{"@type":"SearchAction","target":{"@type":"EntryPoint","urlTemplate":"https:\/\/guineediversite.com\/?s={search_term_string}"},"query-input":{"@type":"PropertyValueSpecification","valueRequired":true,"valueName":"search_term_string"}}],"inLanguage":"fr-FR"},{"@type":"Organization","@id":"https:\/\/guineediversite.com\/#organization","name":"Guin\u00e9e Diversit\u00e9","url":"https:\/\/guineediversite.com\/","logo":{"@type":"ImageObject","inLanguage":"fr-FR","@id":"https:\/\/guineediversite.com\/#\/schema\/logo\/image\/","url":"https:\/\/guineediversite.com\/wp-content\/uploads\/2017\/04\/cropped-1jojlxEOMkX9Wyqfhe43D6kjPOGqBBKmx3EwWJqZ0cMrFF54yM49.png","contentUrl":"https:\/\/guineediversite.com\/wp-content\/uploads\/2017\/04\/cropped-1jojlxEOMkX9Wyqfhe43D6kjPOGqBBKmx3EwWJqZ0cMrFF54yM49.png","width":186,"height":112,"caption":"Guin\u00e9e Diversit\u00e9"},"image":{"@id":"https:\/\/guineediversite.com\/#\/schema\/logo\/image\/"},"sameAs":["https:\/\/www.facebook.com\/guineediversite\/","https:\/\/x.com\/GuineeDiversite","https:\/\/www.youtube.com\/channel\/UC8sUY16qelG5ge6_D5SB83g"]},{"@type":"Person","@id":"https:\/\/guineediversite.com\/#\/schema\/person\/0e0e3e424768a50d025ac2218ccca73f","name":"Bilguissa Diallo","image":{"@type":"ImageObject","inLanguage":"fr-FR","@id":"https:\/\/guineediversite.com\/#\/schema\/person\/image\/","url":"https:\/\/secure.gravatar.com\/avatar\/49bbbd2420ee34d62b1b191791f4b5df?s=96&d=mm&r=g","contentUrl":"https:\/\/secure.gravatar.com\/avatar\/49bbbd2420ee34d62b1b191791f4b5df?s=96&d=mm&r=g","caption":"Bilguissa Diallo"},"url":"https:\/\/guineediversite.com\/index.php\/author\/bilguissa\/"}]}},"_links":{"self":[{"href":"https:\/\/guineediversite.com\/index.php\/wp-json\/wp\/v2\/posts\/27340"}],"collection":[{"href":"https:\/\/guineediversite.com\/index.php\/wp-json\/wp\/v2\/posts"}],"about":[{"href":"https:\/\/guineediversite.com\/index.php\/wp-json\/wp\/v2\/types\/post"}],"author":[{"embeddable":true,"href":"https:\/\/guineediversite.com\/index.php\/wp-json\/wp\/v2\/users\/7"}],"replies":[{"embeddable":true,"href":"https:\/\/guineediversite.com\/index.php\/wp-json\/wp\/v2\/comments?post=27340"}],"version-history":[{"count":0,"href":"https:\/\/guineediversite.com\/index.php\/wp-json\/wp\/v2\/posts\/27340\/revisions"}],"wp:featuredmedia":[{"embeddable":true,"href":"https:\/\/guineediversite.com\/index.php\/wp-json\/wp\/v2\/media\/27341"}],"wp:attachment":[{"href":"https:\/\/guineediversite.com\/index.php\/wp-json\/wp\/v2\/media?parent=27340"}],"wp:term":[{"taxonomy":"category","embeddable":true,"href":"https:\/\/guineediversite.com\/index.php\/wp-json\/wp\/v2\/categories?post=27340"},{"taxonomy":"post_tag","embeddable":true,"href":"https:\/\/guineediversite.com\/index.php\/wp-json\/wp\/v2\/tags?post=27340"}],"curies":[{"name":"wp","href":"https:\/\/api.w.org\/{rel}","templated":true}]}}