{"id":27334,"date":"2018-11-16T17:33:11","date_gmt":"2018-11-16T16:33:11","guid":{"rendered":"https:\/\/guineediversite.com\/?p=27334"},"modified":"2018-11-16T17:50:00","modified_gmt":"2018-11-16T16:50:00","slug":"mairie-de-matam-je-suis-a-la-disposition-de-toutes-les-bonnes-initiatives","status":"publish","type":"post","link":"https:\/\/guineediversite.com\/index.php\/2018\/11\/16\/mairie-de-matam-je-suis-a-la-disposition-de-toutes-les-bonnes-initiatives\/","title":{"rendered":"Mairie de Matam: Je suis \u00e0 la disposition de toutes les bonnes initiatives"},"content":{"rendered":"<p><strong>Comme annonc\u00e9 pr\u00e9c\u00e9demment dans nos articles, c\u2019est Seydouba Sacko qui a \u00e9t\u00e9 \u00e9lu nouveau maire de la commune de Matam avec 34 sur 35 conseillers.<\/strong><\/p>\n<p><img loading=\"lazy\" decoding=\"async\" class=\"wp-image-27336 alignright\" src=\"https:\/\/guineediversite.com.bwjx4292.odns.fr\/wp-content\/uploads\/2018\/11\/46492069_1188960467910008_9099547180523323392_n-300x225.jpg\" alt=\"\" width=\"446\" height=\"334\" srcset=\"https:\/\/guineediversite.com\/wp-content\/uploads\/2018\/11\/46492069_1188960467910008_9099547180523323392_n-300x225.jpg 300w, https:\/\/guineediversite.com\/wp-content\/uploads\/2018\/11\/46492069_1188960467910008_9099547180523323392_n-768x577.jpg 768w, https:\/\/guineediversite.com\/wp-content\/uploads\/2018\/11\/46492069_1188960467910008_9099547180523323392_n-1024x769.jpg 1024w, https:\/\/guineediversite.com\/wp-content\/uploads\/2018\/11\/46492069_1188960467910008_9099547180523323392_n-600x450.jpg 600w, https:\/\/guineediversite.com\/wp-content\/uploads\/2018\/11\/46492069_1188960467910008_9099547180523323392_n-678x509.jpg 678w, https:\/\/guineediversite.com\/wp-content\/uploads\/2018\/11\/46492069_1188960467910008_9099547180523323392_n-326x245.jpg 326w, https:\/\/guineediversite.com\/wp-content\/uploads\/2018\/11\/46492069_1188960467910008_9099547180523323392_n-80x60.jpg 80w, https:\/\/guineediversite.com\/wp-content\/uploads\/2018\/11\/46492069_1188960467910008_9099547180523323392_n.jpg 1364w\" sizes=\"(max-width: 446px) 100vw, 446px\" \/><\/p>\n<p>A peine \u00e9lu, le rempla\u00e7ant de la d\u00e9l\u00e9gation sp\u00e9ciale dirig\u00e9e par Hadja N\u2019Koya Sylla a appel\u00e9 \u00e0 l\u2019unit\u00e9 pour le d\u00e9veloppement de ladite commune. \u00ab <em>Je remercie tout d\u2019abord le bon Dieu et aussi vous mes chers collaborateurs pour la confiance plac\u00e9e en ma modeste personne. Pour ce motif, je suis \u00e0 la disposition de toutes les bonnes initiatives pour le d\u00e9veloppement de notre commune. Je voudrais que chacun puisse jouer le r\u00f4le de l\u2019union et surtout faire des efforts de compr\u00e9hension car le commandement est un exercice difficile mais aussi noble. En tout cas, je compte sur la compr\u00e9hension de tous<\/em> \u00bb, d\u00e9clare-t-il.<\/p>\n<p>&nbsp;<\/p>\n<p><strong>Moussa Mo\u00efse Keita<\/strong><\/p>\n","protected":false},"excerpt":{"rendered":"<p>Comme annonc\u00e9 pr\u00e9c\u00e9demment dans nos articles, c\u2019est Seydouba Sacko qui a \u00e9t\u00e9 \u00e9lu nouveau maire de la commune de Matam avec 34 sur 35 conseillers. A peine \u00e9lu, le rempla\u00e7ant de la d\u00e9l\u00e9gation sp\u00e9ciale dirig\u00e9e par Hadja N\u2019Koya Sylla a appel\u00e9 \u00e0 l\u2019unit\u00e9 pour le d\u00e9veloppement de ladite commune. \u00ab Je remercie tout d\u2019abord le [&hellip;]<\/p>\n","protected":false},"author":16,"featured_media":27335,"comment_status":"closed","ping_status":"closed","sticky":false,"template":"","format":"standard","meta":{"_exactmetrics_skip_tracking":false,"_exactmetrics_sitenote_active":false,"_exactmetrics_sitenote_note":"","_exactmetrics_sitenote_category":0,"tdm_status":"","tdm_grid_status":"","footnotes":""},"categories":[14],"tags":[],"class_list":{"0":"post-27334","1":"post","2":"type-post","3":"status-publish","4":"format-standard","5":"has-post-thumbnail","7":"category-politique"},"yoast_head":"<!-- This site is optimized with the Yoast SEO plugin v24.2 - https:\/\/yoast.com\/wordpress\/plugins\/seo\/ -->\n<title>Mairie de Matam: Je suis \u00e0 la disposition de toutes les bonnes initiatives | Guin\u00e9e Diversit\u00e9<\/title>\n<meta name=\"robots\" content=\"index, follow, max-snippet:-1, max-image-preview:large, max-video-preview:-1\" \/>\n<link rel=\"canonical\" href=\"https:\/\/guineediversite.com\/index.php\/2018\/11\/16\/mairie-de-matam-je-suis-a-la-disposition-de-toutes-les-bonnes-initiatives\/\" \/>\n<meta property=\"og:locale\" content=\"fr_FR\" \/>\n<meta property=\"og:type\" content=\"article\" \/>\n<meta property=\"og:title\" content=\"Mairie de Matam: Je suis \u00e0 la disposition de toutes les bonnes initiatives | Guin\u00e9e Diversit\u00e9\" \/>\n<meta property=\"og:description\" content=\"Comme annonc\u00e9 pr\u00e9c\u00e9demment dans nos articles, c\u2019est Seydouba Sacko qui a \u00e9t\u00e9 \u00e9lu nouveau maire de la commune de Matam avec 34 sur 35 conseillers. A peine \u00e9lu, le rempla\u00e7ant de la d\u00e9l\u00e9gation sp\u00e9ciale dirig\u00e9e par Hadja N\u2019Koya Sylla a appel\u00e9 \u00e0 l\u2019unit\u00e9 pour le d\u00e9veloppement de ladite commune. \u00ab Je remercie tout d\u2019abord le [&hellip;]\" \/>\n<meta property=\"og:url\" content=\"https:\/\/guineediversite.com\/index.php\/2018\/11\/16\/mairie-de-matam-je-suis-a-la-disposition-de-toutes-les-bonnes-initiatives\/\" \/>\n<meta property=\"og:site_name\" content=\"Guin\u00e9e Diversit\u00e9\" \/>\n<meta property=\"article:publisher\" content=\"https:\/\/www.facebook.com\/guineediversite\/\" \/>\n<meta property=\"article:published_time\" content=\"2018-11-16T16:33:11+00:00\" \/>\n<meta property=\"article:modified_time\" content=\"2018-11-16T16:50:00+00:00\" \/>\n<meta property=\"og:image\" content=\"https:\/\/guineediversite.com\/wp-content\/uploads\/2018\/11\/46341027_543344012804396_7022883029223735296_n.jpg\" \/>\n\t<meta property=\"og:image:width\" content=\"1364\" \/>\n\t<meta property=\"og:image:height\" content=\"1024\" \/>\n\t<meta property=\"og:image:type\" content=\"image\/jpeg\" \/>\n<meta name=\"author\" content=\"Moussa Mo\u00efse K\u00e9ita\" \/>\n<meta name=\"twitter:card\" content=\"summary_large_image\" \/>\n<meta name=\"twitter:creator\" content=\"@GuineeDiversite\" \/>\n<meta name=\"twitter:site\" content=\"@GuineeDiversite\" \/>\n<meta name=\"twitter:label1\" content=\"\u00c9crit par\" \/>\n\t<meta name=\"twitter:data1\" content=\"Moussa Mo\u00efse K\u00e9ita\" \/>\n\t<meta name=\"twitter:label2\" content=\"Dur\u00e9e de lecture estim\u00e9e\" \/>\n\t<meta name=\"twitter:data2\" content=\"1 minute\" \/>\n<script type=\"application\/ld+json\" class=\"yoast-schema-graph\">{\"@context\":\"https:\/\/schema.org\",\"@graph\":[{\"@type\":\"Article\",\"@id\":\"https:\/\/guineediversite.com\/index.php\/2018\/11\/16\/mairie-de-matam-je-suis-a-la-disposition-de-toutes-les-bonnes-initiatives\/#article\",\"isPartOf\":{\"@id\":\"https:\/\/guineediversite.com\/index.php\/2018\/11\/16\/mairie-de-matam-je-suis-a-la-disposition-de-toutes-les-bonnes-initiatives\/\"},\"author\":{\"name\":\"Moussa Mo\u00efse K\u00e9ita\",\"@id\":\"https:\/\/guineediversite.com\/#\/schema\/person\/079ec347f72d2acde4b56a50a4fd46dc\"},\"headline\":\"Mairie de Matam: Je suis \u00e0 la disposition de toutes les bonnes initiatives\",\"datePublished\":\"2018-11-16T16:33:11+00:00\",\"dateModified\":\"2018-11-16T16:50:00+00:00\",\"mainEntityOfPage\":{\"@id\":\"https:\/\/guineediversite.com\/index.php\/2018\/11\/16\/mairie-de-matam-je-suis-a-la-disposition-de-toutes-les-bonnes-initiatives\/\"},\"wordCount\":159,\"publisher\":{\"@id\":\"https:\/\/guineediversite.com\/#organization\"},\"image\":{\"@id\":\"https:\/\/guineediversite.com\/index.php\/2018\/11\/16\/mairie-de-matam-je-suis-a-la-disposition-de-toutes-les-bonnes-initiatives\/#primaryimage\"},\"thumbnailUrl\":\"https:\/\/guineediversite.com\/wp-content\/uploads\/2018\/11\/46341027_543344012804396_7022883029223735296_n.jpg\",\"articleSection\":[\"Politique\"],\"inLanguage\":\"fr-FR\"},{\"@type\":\"WebPage\",\"@id\":\"https:\/\/guineediversite.com\/index.php\/2018\/11\/16\/mairie-de-matam-je-suis-a-la-disposition-de-toutes-les-bonnes-initiatives\/\",\"url\":\"https:\/\/guineediversite.com\/index.php\/2018\/11\/16\/mairie-de-matam-je-suis-a-la-disposition-de-toutes-les-bonnes-initiatives\/\",\"name\":\"Mairie de Matam: Je suis \u00e0 la disposition de toutes les bonnes initiatives | Guin\u00e9e Diversit\u00e9\",\"isPartOf\":{\"@id\":\"https:\/\/guineediversite.com\/#website\"},\"primaryImageOfPage\":{\"@id\":\"https:\/\/guineediversite.com\/index.php\/2018\/11\/16\/mairie-de-matam-je-suis-a-la-disposition-de-toutes-les-bonnes-initiatives\/#primaryimage\"},\"image\":{\"@id\":\"https:\/\/guineediversite.com\/index.php\/2018\/11\/16\/mairie-de-matam-je-suis-a-la-disposition-de-toutes-les-bonnes-initiatives\/#primaryimage\"},\"thumbnailUrl\":\"https:\/\/guineediversite.com\/wp-content\/uploads\/2018\/11\/46341027_543344012804396_7022883029223735296_n.jpg\",\"datePublished\":\"2018-11-16T16:33:11+00:00\",\"dateModified\":\"2018-11-16T16:50:00+00:00\",\"breadcrumb\":{\"@id\":\"https:\/\/guineediversite.com\/index.php\/2018\/11\/16\/mairie-de-matam-je-suis-a-la-disposition-de-toutes-les-bonnes-initiatives\/#breadcrumb\"},\"inLanguage\":\"fr-FR\",\"potentialAction\":[{\"@type\":\"ReadAction\",\"target\":[\"https:\/\/guineediversite.com\/index.php\/2018\/11\/16\/mairie-de-matam-je-suis-a-la-disposition-de-toutes-les-bonnes-initiatives\/\"]}]},{\"@type\":\"ImageObject\",\"inLanguage\":\"fr-FR\",\"@id\":\"https:\/\/guineediversite.com\/index.php\/2018\/11\/16\/mairie-de-matam-je-suis-a-la-disposition-de-toutes-les-bonnes-initiatives\/#primaryimage\",\"url\":\"https:\/\/guineediversite.com\/wp-content\/uploads\/2018\/11\/46341027_543344012804396_7022883029223735296_n.jpg\",\"contentUrl\":\"https:\/\/guineediversite.com\/wp-content\/uploads\/2018\/11\/46341027_543344012804396_7022883029223735296_n.jpg\",\"width\":1364,\"height\":1024},{\"@type\":\"BreadcrumbList\",\"@id\":\"https:\/\/guineediversite.com\/index.php\/2018\/11\/16\/mairie-de-matam-je-suis-a-la-disposition-de-toutes-les-bonnes-initiatives\/#breadcrumb\",\"itemListElement\":[{\"@type\":\"ListItem\",\"position\":1,\"name\":\"Accueil\",\"item\":\"https:\/\/guineediversite.com\/\"},{\"@type\":\"ListItem\",\"position\":2,\"name\":\"Mairie de Matam: Je suis \u00e0 la disposition de toutes les bonnes initiatives\"}]},{\"@type\":\"WebSite\",\"@id\":\"https:\/\/guineediversite.com\/#website\",\"url\":\"https:\/\/guineediversite.com\/\",\"name\":\"Guin\u00e9e Diversit\u00e9\",\"description\":\"L&#039;Info dans toute sa diversit\u00e9\",\"publisher\":{\"@id\":\"https:\/\/guineediversite.com\/#organization\"},\"potentialAction\":[{\"@type\":\"SearchAction\",\"target\":{\"@type\":\"EntryPoint\",\"urlTemplate\":\"https:\/\/guineediversite.com\/?s={search_term_string}\"},\"query-input\":{\"@type\":\"PropertyValueSpecification\",\"valueRequired\":true,\"valueName\":\"search_term_string\"}}],\"inLanguage\":\"fr-FR\"},{\"@type\":\"Organization\",\"@id\":\"https:\/\/guineediversite.com\/#organization\",\"name\":\"Guin\u00e9e Diversit\u00e9\",\"url\":\"https:\/\/guineediversite.com\/\",\"logo\":{\"@type\":\"ImageObject\",\"inLanguage\":\"fr-FR\",\"@id\":\"https:\/\/guineediversite.com\/#\/schema\/logo\/image\/\",\"url\":\"https:\/\/guineediversite.com\/wp-content\/uploads\/2017\/04\/cropped-1jojlxEOMkX9Wyqfhe43D6kjPOGqBBKmx3EwWJqZ0cMrFF54yM49.png\",\"contentUrl\":\"https:\/\/guineediversite.com\/wp-content\/uploads\/2017\/04\/cropped-1jojlxEOMkX9Wyqfhe43D6kjPOGqBBKmx3EwWJqZ0cMrFF54yM49.png\",\"width\":186,\"height\":112,\"caption\":\"Guin\u00e9e Diversit\u00e9\"},\"image\":{\"@id\":\"https:\/\/guineediversite.com\/#\/schema\/logo\/image\/\"},\"sameAs\":[\"https:\/\/www.facebook.com\/guineediversite\/\",\"https:\/\/x.com\/GuineeDiversite\",\"https:\/\/www.youtube.com\/channel\/UC8sUY16qelG5ge6_D5SB83g\"]},{\"@type\":\"Person\",\"@id\":\"https:\/\/guineediversite.com\/#\/schema\/person\/079ec347f72d2acde4b56a50a4fd46dc\",\"name\":\"Moussa Mo\u00efse K\u00e9ita\",\"image\":{\"@type\":\"ImageObject\",\"inLanguage\":\"fr-FR\",\"@id\":\"https:\/\/guineediversite.com\/#\/schema\/person\/image\/\",\"url\":\"https:\/\/secure.gravatar.com\/avatar\/edf1ea2cc01841e6c0b49384bcb1385b?s=96&d=mm&r=g\",\"contentUrl\":\"https:\/\/secure.gravatar.com\/avatar\/edf1ea2cc01841e6c0b49384bcb1385b?s=96&d=mm&r=g\",\"caption\":\"Moussa Mo\u00efse K\u00e9ita\"},\"url\":\"https:\/\/guineediversite.com\/index.php\/author\/moussa-moise\/\"}]}<\/script>\n<!-- \/ Yoast SEO plugin. -->","yoast_head_json":{"title":"Mairie de Matam: Je suis \u00e0 la disposition de toutes les bonnes initiatives | Guin\u00e9e Diversit\u00e9","robots":{"index":"index","follow":"follow","max-snippet":"max-snippet:-1","max-image-preview":"max-image-preview:large","max-video-preview":"max-video-preview:-1"},"canonical":"https:\/\/guineediversite.com\/index.php\/2018\/11\/16\/mairie-de-matam-je-suis-a-la-disposition-de-toutes-les-bonnes-initiatives\/","og_locale":"fr_FR","og_type":"article","og_title":"Mairie de Matam: Je suis \u00e0 la disposition de toutes les bonnes initiatives | Guin\u00e9e Diversit\u00e9","og_description":"Comme annonc\u00e9 pr\u00e9c\u00e9demment dans nos articles, c\u2019est Seydouba Sacko qui a \u00e9t\u00e9 \u00e9lu nouveau maire de la commune de Matam avec 34 sur 35 conseillers. A peine \u00e9lu, le rempla\u00e7ant de la d\u00e9l\u00e9gation sp\u00e9ciale dirig\u00e9e par Hadja N\u2019Koya Sylla a appel\u00e9 \u00e0 l\u2019unit\u00e9 pour le d\u00e9veloppement de ladite commune. \u00ab Je remercie tout d\u2019abord le [&hellip;]","og_url":"https:\/\/guineediversite.com\/index.php\/2018\/11\/16\/mairie-de-matam-je-suis-a-la-disposition-de-toutes-les-bonnes-initiatives\/","og_site_name":"Guin\u00e9e Diversit\u00e9","article_publisher":"https:\/\/www.facebook.com\/guineediversite\/","article_published_time":"2018-11-16T16:33:11+00:00","article_modified_time":"2018-11-16T16:50:00+00:00","og_image":[{"width":1364,"height":1024,"url":"https:\/\/guineediversite.com\/wp-content\/uploads\/2018\/11\/46341027_543344012804396_7022883029223735296_n.jpg","type":"image\/jpeg"}],"author":"Moussa Mo\u00efse K\u00e9ita","twitter_card":"summary_large_image","twitter_creator":"@GuineeDiversite","twitter_site":"@GuineeDiversite","twitter_misc":{"\u00c9crit par":"Moussa Mo\u00efse K\u00e9ita","Dur\u00e9e de lecture estim\u00e9e":"1 minute"},"schema":{"@context":"https:\/\/schema.org","@graph":[{"@type":"Article","@id":"https:\/\/guineediversite.com\/index.php\/2018\/11\/16\/mairie-de-matam-je-suis-a-la-disposition-de-toutes-les-bonnes-initiatives\/#article","isPartOf":{"@id":"https:\/\/guineediversite.com\/index.php\/2018\/11\/16\/mairie-de-matam-je-suis-a-la-disposition-de-toutes-les-bonnes-initiatives\/"},"author":{"name":"Moussa Mo\u00efse K\u00e9ita","@id":"https:\/\/guineediversite.com\/#\/schema\/person\/079ec347f72d2acde4b56a50a4fd46dc"},"headline":"Mairie de Matam: Je suis \u00e0 la disposition de toutes les bonnes initiatives","datePublished":"2018-11-16T16:33:11+00:00","dateModified":"2018-11-16T16:50:00+00:00","mainEntityOfPage":{"@id":"https:\/\/guineediversite.com\/index.php\/2018\/11\/16\/mairie-de-matam-je-suis-a-la-disposition-de-toutes-les-bonnes-initiatives\/"},"wordCount":159,"publisher":{"@id":"https:\/\/guineediversite.com\/#organization"},"image":{"@id":"https:\/\/guineediversite.com\/index.php\/2018\/11\/16\/mairie-de-matam-je-suis-a-la-disposition-de-toutes-les-bonnes-initiatives\/#primaryimage"},"thumbnailUrl":"https:\/\/guineediversite.com\/wp-content\/uploads\/2018\/11\/46341027_543344012804396_7022883029223735296_n.jpg","articleSection":["Politique"],"inLanguage":"fr-FR"},{"@type":"WebPage","@id":"https:\/\/guineediversite.com\/index.php\/2018\/11\/16\/mairie-de-matam-je-suis-a-la-disposition-de-toutes-les-bonnes-initiatives\/","url":"https:\/\/guineediversite.com\/index.php\/2018\/11\/16\/mairie-de-matam-je-suis-a-la-disposition-de-toutes-les-bonnes-initiatives\/","name":"Mairie de Matam: Je suis \u00e0 la disposition de toutes les bonnes initiatives | Guin\u00e9e Diversit\u00e9","isPartOf":{"@id":"https:\/\/guineediversite.com\/#website"},"primaryImageOfPage":{"@id":"https:\/\/guineediversite.com\/index.php\/2018\/11\/16\/mairie-de-matam-je-suis-a-la-disposition-de-toutes-les-bonnes-initiatives\/#primaryimage"},"image":{"@id":"https:\/\/guineediversite.com\/index.php\/2018\/11\/16\/mairie-de-matam-je-suis-a-la-disposition-de-toutes-les-bonnes-initiatives\/#primaryimage"},"thumbnailUrl":"https:\/\/guineediversite.com\/wp-content\/uploads\/2018\/11\/46341027_543344012804396_7022883029223735296_n.jpg","datePublished":"2018-11-16T16:33:11+00:00","dateModified":"2018-11-16T16:50:00+00:00","breadcrumb":{"@id":"https:\/\/guineediversite.com\/index.php\/2018\/11\/16\/mairie-de-matam-je-suis-a-la-disposition-de-toutes-les-bonnes-initiatives\/#breadcrumb"},"inLanguage":"fr-FR","potentialAction":[{"@type":"ReadAction","target":["https:\/\/guineediversite.com\/index.php\/2018\/11\/16\/mairie-de-matam-je-suis-a-la-disposition-de-toutes-les-bonnes-initiatives\/"]}]},{"@type":"ImageObject","inLanguage":"fr-FR","@id":"https:\/\/guineediversite.com\/index.php\/2018\/11\/16\/mairie-de-matam-je-suis-a-la-disposition-de-toutes-les-bonnes-initiatives\/#primaryimage","url":"https:\/\/guineediversite.com\/wp-content\/uploads\/2018\/11\/46341027_543344012804396_7022883029223735296_n.jpg","contentUrl":"https:\/\/guineediversite.com\/wp-content\/uploads\/2018\/11\/46341027_543344012804396_7022883029223735296_n.jpg","width":1364,"height":1024},{"@type":"BreadcrumbList","@id":"https:\/\/guineediversite.com\/index.php\/2018\/11\/16\/mairie-de-matam-je-suis-a-la-disposition-de-toutes-les-bonnes-initiatives\/#breadcrumb","itemListElement":[{"@type":"ListItem","position":1,"name":"Accueil","item":"https:\/\/guineediversite.com\/"},{"@type":"ListItem","position":2,"name":"Mairie de Matam: Je suis \u00e0 la disposition de toutes les bonnes initiatives"}]},{"@type":"WebSite","@id":"https:\/\/guineediversite.com\/#website","url":"https:\/\/guineediversite.com\/","name":"Guin\u00e9e Diversit\u00e9","description":"L&#039;Info dans toute sa diversit\u00e9","publisher":{"@id":"https:\/\/guineediversite.com\/#organization"},"potentialAction":[{"@type":"SearchAction","target":{"@type":"EntryPoint","urlTemplate":"https:\/\/guineediversite.com\/?s={search_term_string}"},"query-input":{"@type":"PropertyValueSpecification","valueRequired":true,"valueName":"search_term_string"}}],"inLanguage":"fr-FR"},{"@type":"Organization","@id":"https:\/\/guineediversite.com\/#organization","name":"Guin\u00e9e Diversit\u00e9","url":"https:\/\/guineediversite.com\/","logo":{"@type":"ImageObject","inLanguage":"fr-FR","@id":"https:\/\/guineediversite.com\/#\/schema\/logo\/image\/","url":"https:\/\/guineediversite.com\/wp-content\/uploads\/2017\/04\/cropped-1jojlxEOMkX9Wyqfhe43D6kjPOGqBBKmx3EwWJqZ0cMrFF54yM49.png","contentUrl":"https:\/\/guineediversite.com\/wp-content\/uploads\/2017\/04\/cropped-1jojlxEOMkX9Wyqfhe43D6kjPOGqBBKmx3EwWJqZ0cMrFF54yM49.png","width":186,"height":112,"caption":"Guin\u00e9e Diversit\u00e9"},"image":{"@id":"https:\/\/guineediversite.com\/#\/schema\/logo\/image\/"},"sameAs":["https:\/\/www.facebook.com\/guineediversite\/","https:\/\/x.com\/GuineeDiversite","https:\/\/www.youtube.com\/channel\/UC8sUY16qelG5ge6_D5SB83g"]},{"@type":"Person","@id":"https:\/\/guineediversite.com\/#\/schema\/person\/079ec347f72d2acde4b56a50a4fd46dc","name":"Moussa Mo\u00efse K\u00e9ita","image":{"@type":"ImageObject","inLanguage":"fr-FR","@id":"https:\/\/guineediversite.com\/#\/schema\/person\/image\/","url":"https:\/\/secure.gravatar.com\/avatar\/edf1ea2cc01841e6c0b49384bcb1385b?s=96&d=mm&r=g","contentUrl":"https:\/\/secure.gravatar.com\/avatar\/edf1ea2cc01841e6c0b49384bcb1385b?s=96&d=mm&r=g","caption":"Moussa Mo\u00efse K\u00e9ita"},"url":"https:\/\/guineediversite.com\/index.php\/author\/moussa-moise\/"}]}},"_links":{"self":[{"href":"https:\/\/guineediversite.com\/index.php\/wp-json\/wp\/v2\/posts\/27334"}],"collection":[{"href":"https:\/\/guineediversite.com\/index.php\/wp-json\/wp\/v2\/posts"}],"about":[{"href":"https:\/\/guineediversite.com\/index.php\/wp-json\/wp\/v2\/types\/post"}],"author":[{"embeddable":true,"href":"https:\/\/guineediversite.com\/index.php\/wp-json\/wp\/v2\/users\/16"}],"replies":[{"embeddable":true,"href":"https:\/\/guineediversite.com\/index.php\/wp-json\/wp\/v2\/comments?post=27334"}],"version-history":[{"count":0,"href":"https:\/\/guineediversite.com\/index.php\/wp-json\/wp\/v2\/posts\/27334\/revisions"}],"wp:featuredmedia":[{"embeddable":true,"href":"https:\/\/guineediversite.com\/index.php\/wp-json\/wp\/v2\/media\/27335"}],"wp:attachment":[{"href":"https:\/\/guineediversite.com\/index.php\/wp-json\/wp\/v2\/media?parent=27334"}],"wp:term":[{"taxonomy":"category","embeddable":true,"href":"https:\/\/guineediversite.com\/index.php\/wp-json\/wp\/v2\/categories?post=27334"},{"taxonomy":"post_tag","embeddable":true,"href":"https:\/\/guineediversite.com\/index.php\/wp-json\/wp\/v2\/tags?post=27334"}],"curies":[{"name":"wp","href":"https:\/\/api.w.org\/{rel}","templated":true}]}}