{"id":27317,"date":"2018-11-15T15:39:49","date_gmt":"2018-11-15T14:39:49","guid":{"rendered":"https:\/\/guineediversite.com\/?p=27317"},"modified":"2018-11-15T15:39:49","modified_gmt":"2018-11-15T14:39:49","slug":"rdc-les-expulses-dangola-ne-sont-pas-tous-des-illegaux","status":"publish","type":"post","link":"https:\/\/guineediversite.com\/index.php\/2018\/11\/15\/rdc-les-expulses-dangola-ne-sont-pas-tous-des-illegaux\/","title":{"rendered":"RDC: les expuls\u00e9s d\u2019Angola ne sont pas tous des ill\u00e9gaux"},"content":{"rendered":"<h2>En quelques semaines, ce sont des centaines de milliers de personnes qui ont franchi la fronti\u00e8re entre l\u2019Angola et la RDC apr\u00e8s une op\u00e9ration de police. Luanda a toujours assur\u00e9 que les personnes refoul\u00e9es \u00e9taient en situation ill\u00e9gales, mais les t\u00e9moignages montrent l&rsquo;inverse. Le Haut-Commissariat aux r\u00e9fugi\u00e9s a d\u00e9j\u00e0 recens\u00e9 plus de 1\u00a0900 personnes munies de papiers de r\u00e9fugi\u00e9s parmi ces expuls\u00e9s. Un chiffre qui a consid\u00e9rablement augment\u00e9 ces derni\u00e8res semaines, et qui t\u00e9moigne, selon le HCR, du \u00ab\u00a0manque de discernement\u00a0\u00bb dont font preuve les autorit\u00e9s angolaises dans leur op\u00e9ration d\u2019expulsions forc\u00e9es.<\/h2>\n<p>Un homme en col\u00e8re brandit sa carte d\u2019identit\u00e9 angolaise. Un document, obtenu l\u00e9galement dit-il, apr\u00e8s cinq ans de vie en Angola, mais qui n\u2019a pas suffi \u00e0 l\u2019\u00e9pargner<strong><a href=\"http:\/\/www.rfi.fr\/afrique\/20181107-reportage-rdc-route-congolais-expulses-angola\" target=\"_blank\" rel=\"noopener\">\u00a0des expulsions forc\u00e9es\u00a0:<\/a><\/strong>\u00a0\u00ab\u00a0<em>Regardez, c\u2019est ma carte. Elle me donne le droit de vivre en Angola et de circuler librement. Pourtant, j\u2019ai \u00e9t\u00e9 chass\u00e9<\/em>\u00a0\u00bb.<\/p>\n<p>Au moment de son arrestation, il raconte qu\u2019il n\u2019a m\u00eame pas os\u00e9 pr\u00e9senter ce document aux autorit\u00e9s\u00a0: \u00ab\u00a0<em>J\u2019ai pr\u00e9f\u00e9r\u00e9 la cacher. Car j\u2019ai vu comment la police d\u00e9chirait faisaient avec les autres. Ils les battaient et d\u00e9chiraient leurs papiers. J\u2019avais peur qu\u2019on me fasse la m\u00eame chose<\/em>\u00a0\u00bb.<\/p>\n<p>C\u2019est ce qui est arriv\u00e9 \u00e0 ce commer\u00e7ant\u00a0: \u00ab\u00a0<em>En fuyant l\u2019Angola lorsque nous sommes arriv\u00e9s au premier barrage de police ils nous ont demand\u00e9 de montrer nos papiers. Et d\u00e8s qu\u2019on les a sortis. Ils nous les ont pris<\/em>\u00a0\u00bb. Il a v\u00e9cu deux ans en Angola et dit ne pas comprendre les autorit\u00e9s, qui l\u2019avaient pourtant incit\u00e9 \u00e0 se faire r\u00e9gulariser avant les derni\u00e8res \u00e9lections\u00a0: \u00ab\u00a0<em>Je suis arriv\u00e9 pendant la p\u00e9riode d\u2019enr\u00f4lement et l\u2019on nous encourageait \u00e0 nous inscrire pour aller voter. C\u2019est gr\u00e2ce \u00e0 ma carte d\u2019\u00e9lecteur que j\u2019ai obtenu une carte d\u2019identit\u00e9. Et maintenant, on nous chasse comme des animaux<\/em>\u00a0\u00bb.<\/p>\n<p>D\u2019autres t\u00e9moignent avoir subi le m\u00eame sort apr\u00e8s avoir pass\u00e9 10, 15, 20 ans en Angola. Sans papiers, et contraints de rentrer dans un pays o\u00f9 parfois ils n\u2019ont plus d\u2019attache. Ils courent le risque de se retrouver apatrides. C\u2019est pour cette raison que le HCR travaille actuellement avec la commission nationale pour les r\u00e9fugi\u00e9s et les services de migrations de RDC \u00e0 dresser la liste des personnes dans cette situation. Il reviendra ensuite aux autorit\u00e9s congolaises de les enregistrer.<\/p>\n<p><strong>Au moins 1<\/strong>\u00a0<strong>900 r\u00e9fugi\u00e9s<\/strong><\/p>\n<p>Pasteur Georges a fui les violences au Kasa\u00ef, en mai 2017, apr\u00e8s l\u2019incendie de son village. En Angola, il avait obtenu le statut de r\u00e9fugi\u00e9 et n\u2019avait pas &#8211;\u00a0malgr\u00e9 une immense pr\u00e9carit\u00e9\u00a0&#8211; l\u2019intention de rentrer en RDC. Mais l\u2019arm\u00e9e angolaise en a d\u00e9cid\u00e9 autrement\u00a0: \u00ab\u00a0<em>Il nous a arr\u00eat\u00e9s, il nous a demand\u00e9 les documents. On a donn\u00e9 les documents, ils ont dit\u00a0: les r\u00e9fugi\u00e9s n\u2019ont pas le droit ici. On nous a ravi \u00e7a. On nous a ligot\u00e9s, on nous a scotch\u00e9s comme des cartons, des colis. Et l\u2019on nous a amen\u00e9s jusqu\u2019au niveau de la fronti\u00e8re<\/em>\u00a0\u00bb.<\/p>\n<p>A ses c\u00f4t\u00e9s, Mbomba Ntomba garde pr\u00e9cieusement dans un sachet plastique la photocopie de sa carte de r\u00e9fugi\u00e9, qu\u2019il a pu sauver. Apr\u00e8s 21 ans pass\u00e9s en Angola. Il avait fui en 1997, lors de la premi\u00e8re guerre du Congo. \u00ab\u00a0<em>Les militaires m\u2019ont confisqu\u00e9 l\u2019original de mes papiers avant de m\u2019arr\u00eater. J\u2019ai protest\u00e9. Ils m\u2019ont dit : le gouvernement nous a demand\u00e9 de faire partir tous les Congolais m\u00eame les r\u00e9fugi\u00e9s. Tout ce que je poss\u00e9dais est rest\u00e9 l\u00e0-bas, je me retrouve ici les mains vides. Sans famille. Je dors dans des \u00e9glises et parfois m\u00eame dehors<\/em>\u00a0\u00bb.<\/p>\n<p><strong>\u00ab\u00a0Quinze jours sans pouvoir manger\u00a0\u00bb<\/strong><\/p>\n<p>Dans la confusion qui a pr\u00e9sid\u00e9 \u00e0 l\u2019op\u00e9ration d\u2019expulsions, des familles de r\u00e9fugi\u00e9s ont \u00e9t\u00e9 s\u00e9par\u00e9es.\u00a0<strong><a href=\"http:\/\/www.rfi.fr\/afrique\/20181108-reportage-rdc-errance-enfants-congolais-expulses-angola\" target=\"_blank\" rel=\"noopener\">Philom\u00e8ne a mis deux semaines \u00e0 retrouver ses enfants\u00a0:<\/a><\/strong>\u00a0\u00ab\u00a0<em>J\u2019ai \u00e9t\u00e9 arr\u00eat\u00e9e avec les documents qui leur permettaient d\u2019acc\u00e9der aux distributions de nourriture. Ils sont rest\u00e9s 15 jours sans pouvoir manger&#8230; Jusqu\u2019\u00e0 ce que ma famille ici envoie de l\u2019argent en Angola pour payer leur transport et qu\u2019ils me rejoignent<\/em>\u00a0\u00bb. En septembre dernier d\u00e9j\u00e0 Philom\u00e8ne dit avoir fait plusieurs courts s\u00e9jours en prison c\u00f4t\u00e9 angolais, secourue chaque fois par le HCR. Comme la majorit\u00e9 de ces r\u00e9fugi\u00e9s expuls\u00e9s, elle n\u2019envisage plus de rentrer en Angola, de peur, dit-elle de ce qui pourrait lui arriver.<\/p>\n<p>Le HCR poursuit actuellement le travail de recensement de ces r\u00e9fugi\u00e9s expuls\u00e9s, promet de transporter dans leurs familles rest\u00e9es au Congo ceux qui le souhaitent. Et n\u00e9gocie actuellement avec les Angolais la r\u00e9admission de ceux qui souhaiteraient retourner en Angola. Le HCR qui appelle par ailleurs les Angolais \u00e0 respecter les droits et la s\u00e9curit\u00e9 de ces r\u00e9fugi\u00e9s conform\u00e9ment au droit international.<\/p>\n<p>RFI<\/p>\n","protected":false},"excerpt":{"rendered":"<p>En quelques semaines, ce sont des centaines de milliers de personnes qui ont franchi la fronti\u00e8re entre l\u2019Angola et la RDC apr\u00e8s une op\u00e9ration de police. Luanda a toujours assur\u00e9 que les personnes refoul\u00e9es \u00e9taient en situation ill\u00e9gales, mais les t\u00e9moignages montrent l&rsquo;inverse. Le Haut-Commissariat aux r\u00e9fugi\u00e9s a d\u00e9j\u00e0 recens\u00e9 plus de 1\u00a0900 personnes munies [&hellip;]<\/p>\n","protected":false},"author":12,"featured_media":27318,"comment_status":"closed","ping_status":"closed","sticky":false,"template":"","format":"standard","meta":{"_exactmetrics_skip_tracking":false,"_exactmetrics_sitenote_active":false,"_exactmetrics_sitenote_note":"","_exactmetrics_sitenote_category":0,"tdm_status":"","tdm_grid_status":"","footnotes":""},"categories":[21],"tags":[],"class_list":{"0":"post-27317","1":"post","2":"type-post","3":"status-publish","4":"format-standard","5":"has-post-thumbnail","7":"category-international"},"yoast_head":"<!-- This site is optimized with the Yoast SEO plugin v24.2 - https:\/\/yoast.com\/wordpress\/plugins\/seo\/ -->\n<title>RDC: les expuls\u00e9s d\u2019Angola ne sont pas tous des ill\u00e9gaux | Guin\u00e9e Diversit\u00e9<\/title>\n<meta name=\"robots\" content=\"index, follow, max-snippet:-1, max-image-preview:large, max-video-preview:-1\" \/>\n<link rel=\"canonical\" href=\"https:\/\/guineediversite.com\/index.php\/2018\/11\/15\/rdc-les-expulses-dangola-ne-sont-pas-tous-des-illegaux\/\" \/>\n<meta property=\"og:locale\" content=\"fr_FR\" \/>\n<meta property=\"og:type\" content=\"article\" \/>\n<meta property=\"og:title\" content=\"RDC: les expuls\u00e9s d\u2019Angola ne sont pas tous des ill\u00e9gaux | Guin\u00e9e Diversit\u00e9\" \/>\n<meta property=\"og:description\" content=\"En quelques semaines, ce sont des centaines de milliers de personnes qui ont franchi la fronti\u00e8re entre l\u2019Angola et la RDC apr\u00e8s une op\u00e9ration de police. Luanda a toujours assur\u00e9 que les personnes refoul\u00e9es \u00e9taient en situation ill\u00e9gales, mais les t\u00e9moignages montrent l&rsquo;inverse. Le Haut-Commissariat aux r\u00e9fugi\u00e9s a d\u00e9j\u00e0 recens\u00e9 plus de 1\u00a0900 personnes munies [&hellip;]\" \/>\n<meta property=\"og:url\" content=\"https:\/\/guineediversite.com\/index.php\/2018\/11\/15\/rdc-les-expulses-dangola-ne-sont-pas-tous-des-illegaux\/\" \/>\n<meta property=\"og:site_name\" content=\"Guin\u00e9e Diversit\u00e9\" \/>\n<meta property=\"article:publisher\" content=\"https:\/\/www.facebook.com\/guineediversite\/\" \/>\n<meta property=\"article:published_time\" content=\"2018-11-15T14:39:49+00:00\" \/>\n<meta property=\"og:image\" content=\"https:\/\/guineediversite.com\/wp-content\/uploads\/2018\/11\/000_1a11bt_0.jpg\" \/>\n\t<meta property=\"og:image:width\" content=\"1024\" \/>\n\t<meta property=\"og:image:height\" content=\"578\" \/>\n\t<meta property=\"og:image:type\" content=\"image\/jpeg\" \/>\n<meta name=\"author\" content=\"Guin\u00e9e Diversit\u00e9\" \/>\n<meta name=\"twitter:card\" content=\"summary_large_image\" \/>\n<meta name=\"twitter:creator\" content=\"@GuineeDiversite\" \/>\n<meta name=\"twitter:site\" content=\"@GuineeDiversite\" \/>\n<meta name=\"twitter:label1\" content=\"\u00c9crit par\" \/>\n\t<meta name=\"twitter:data1\" content=\"Guin\u00e9e Diversit\u00e9\" \/>\n\t<meta name=\"twitter:label2\" content=\"Dur\u00e9e de lecture estim\u00e9e\" \/>\n\t<meta name=\"twitter:data2\" content=\"4 minutes\" \/>\n<script type=\"application\/ld+json\" class=\"yoast-schema-graph\">{\"@context\":\"https:\/\/schema.org\",\"@graph\":[{\"@type\":\"Article\",\"@id\":\"https:\/\/guineediversite.com\/index.php\/2018\/11\/15\/rdc-les-expulses-dangola-ne-sont-pas-tous-des-illegaux\/#article\",\"isPartOf\":{\"@id\":\"https:\/\/guineediversite.com\/index.php\/2018\/11\/15\/rdc-les-expulses-dangola-ne-sont-pas-tous-des-illegaux\/\"},\"author\":{\"name\":\"Guin\u00e9e Diversit\u00e9\",\"@id\":\"https:\/\/guineediversite.com\/#\/schema\/person\/afa08fb34e7fc6e1feafc892612bc836\"},\"headline\":\"RDC: les expuls\u00e9s d\u2019Angola ne sont pas tous des ill\u00e9gaux\",\"datePublished\":\"2018-11-15T14:39:49+00:00\",\"dateModified\":\"2018-11-15T14:39:49+00:00\",\"mainEntityOfPage\":{\"@id\":\"https:\/\/guineediversite.com\/index.php\/2018\/11\/15\/rdc-les-expulses-dangola-ne-sont-pas-tous-des-illegaux\/\"},\"wordCount\":896,\"publisher\":{\"@id\":\"https:\/\/guineediversite.com\/#organization\"},\"image\":{\"@id\":\"https:\/\/guineediversite.com\/index.php\/2018\/11\/15\/rdc-les-expulses-dangola-ne-sont-pas-tous-des-illegaux\/#primaryimage\"},\"thumbnailUrl\":\"https:\/\/guineediversite.com\/wp-content\/uploads\/2018\/11\/000_1a11bt_0.jpg\",\"articleSection\":[\"International\"],\"inLanguage\":\"fr-FR\"},{\"@type\":\"WebPage\",\"@id\":\"https:\/\/guineediversite.com\/index.php\/2018\/11\/15\/rdc-les-expulses-dangola-ne-sont-pas-tous-des-illegaux\/\",\"url\":\"https:\/\/guineediversite.com\/index.php\/2018\/11\/15\/rdc-les-expulses-dangola-ne-sont-pas-tous-des-illegaux\/\",\"name\":\"RDC: les expuls\u00e9s d\u2019Angola ne sont pas tous des ill\u00e9gaux | Guin\u00e9e Diversit\u00e9\",\"isPartOf\":{\"@id\":\"https:\/\/guineediversite.com\/#website\"},\"primaryImageOfPage\":{\"@id\":\"https:\/\/guineediversite.com\/index.php\/2018\/11\/15\/rdc-les-expulses-dangola-ne-sont-pas-tous-des-illegaux\/#primaryimage\"},\"image\":{\"@id\":\"https:\/\/guineediversite.com\/index.php\/2018\/11\/15\/rdc-les-expulses-dangola-ne-sont-pas-tous-des-illegaux\/#primaryimage\"},\"thumbnailUrl\":\"https:\/\/guineediversite.com\/wp-content\/uploads\/2018\/11\/000_1a11bt_0.jpg\",\"datePublished\":\"2018-11-15T14:39:49+00:00\",\"dateModified\":\"2018-11-15T14:39:49+00:00\",\"breadcrumb\":{\"@id\":\"https:\/\/guineediversite.com\/index.php\/2018\/11\/15\/rdc-les-expulses-dangola-ne-sont-pas-tous-des-illegaux\/#breadcrumb\"},\"inLanguage\":\"fr-FR\",\"potentialAction\":[{\"@type\":\"ReadAction\",\"target\":[\"https:\/\/guineediversite.com\/index.php\/2018\/11\/15\/rdc-les-expulses-dangola-ne-sont-pas-tous-des-illegaux\/\"]}]},{\"@type\":\"ImageObject\",\"inLanguage\":\"fr-FR\",\"@id\":\"https:\/\/guineediversite.com\/index.php\/2018\/11\/15\/rdc-les-expulses-dangola-ne-sont-pas-tous-des-illegaux\/#primaryimage\",\"url\":\"https:\/\/guineediversite.com\/wp-content\/uploads\/2018\/11\/000_1a11bt_0.jpg\",\"contentUrl\":\"https:\/\/guineediversite.com\/wp-content\/uploads\/2018\/11\/000_1a11bt_0.jpg\",\"width\":1024,\"height\":578},{\"@type\":\"BreadcrumbList\",\"@id\":\"https:\/\/guineediversite.com\/index.php\/2018\/11\/15\/rdc-les-expulses-dangola-ne-sont-pas-tous-des-illegaux\/#breadcrumb\",\"itemListElement\":[{\"@type\":\"ListItem\",\"position\":1,\"name\":\"Accueil\",\"item\":\"https:\/\/guineediversite.com\/\"},{\"@type\":\"ListItem\",\"position\":2,\"name\":\"RDC: les expuls\u00e9s d\u2019Angola ne sont pas tous des ill\u00e9gaux\"}]},{\"@type\":\"WebSite\",\"@id\":\"https:\/\/guineediversite.com\/#website\",\"url\":\"https:\/\/guineediversite.com\/\",\"name\":\"Guin\u00e9e Diversit\u00e9\",\"description\":\"L&#039;Info dans toute sa diversit\u00e9\",\"publisher\":{\"@id\":\"https:\/\/guineediversite.com\/#organization\"},\"potentialAction\":[{\"@type\":\"SearchAction\",\"target\":{\"@type\":\"EntryPoint\",\"urlTemplate\":\"https:\/\/guineediversite.com\/?s={search_term_string}\"},\"query-input\":{\"@type\":\"PropertyValueSpecification\",\"valueRequired\":true,\"valueName\":\"search_term_string\"}}],\"inLanguage\":\"fr-FR\"},{\"@type\":\"Organization\",\"@id\":\"https:\/\/guineediversite.com\/#organization\",\"name\":\"Guin\u00e9e Diversit\u00e9\",\"url\":\"https:\/\/guineediversite.com\/\",\"logo\":{\"@type\":\"ImageObject\",\"inLanguage\":\"fr-FR\",\"@id\":\"https:\/\/guineediversite.com\/#\/schema\/logo\/image\/\",\"url\":\"https:\/\/guineediversite.com\/wp-content\/uploads\/2017\/04\/cropped-1jojlxEOMkX9Wyqfhe43D6kjPOGqBBKmx3EwWJqZ0cMrFF54yM49.png\",\"contentUrl\":\"https:\/\/guineediversite.com\/wp-content\/uploads\/2017\/04\/cropped-1jojlxEOMkX9Wyqfhe43D6kjPOGqBBKmx3EwWJqZ0cMrFF54yM49.png\",\"width\":186,\"height\":112,\"caption\":\"Guin\u00e9e Diversit\u00e9\"},\"image\":{\"@id\":\"https:\/\/guineediversite.com\/#\/schema\/logo\/image\/\"},\"sameAs\":[\"https:\/\/www.facebook.com\/guineediversite\/\",\"https:\/\/x.com\/GuineeDiversite\",\"https:\/\/www.youtube.com\/channel\/UC8sUY16qelG5ge6_D5SB83g\"]},{\"@type\":\"Person\",\"@id\":\"https:\/\/guineediversite.com\/#\/schema\/person\/afa08fb34e7fc6e1feafc892612bc836\",\"name\":\"Guin\u00e9e Diversit\u00e9\",\"image\":{\"@type\":\"ImageObject\",\"inLanguage\":\"fr-FR\",\"@id\":\"https:\/\/guineediversite.com\/#\/schema\/person\/image\/\",\"url\":\"https:\/\/secure.gravatar.com\/avatar\/50d5eb5b390f8b65ac30ac6f898eb83a?s=96&d=mm&r=g\",\"contentUrl\":\"https:\/\/secure.gravatar.com\/avatar\/50d5eb5b390f8b65ac30ac6f898eb83a?s=96&d=mm&r=g\",\"caption\":\"Guin\u00e9e Diversit\u00e9\"},\"url\":\"https:\/\/guineediversite.com\/index.php\/author\/guineediversite\/\"}]}<\/script>\n<!-- \/ Yoast SEO plugin. -->","yoast_head_json":{"title":"RDC: les expuls\u00e9s d\u2019Angola ne sont pas tous des ill\u00e9gaux | Guin\u00e9e Diversit\u00e9","robots":{"index":"index","follow":"follow","max-snippet":"max-snippet:-1","max-image-preview":"max-image-preview:large","max-video-preview":"max-video-preview:-1"},"canonical":"https:\/\/guineediversite.com\/index.php\/2018\/11\/15\/rdc-les-expulses-dangola-ne-sont-pas-tous-des-illegaux\/","og_locale":"fr_FR","og_type":"article","og_title":"RDC: les expuls\u00e9s d\u2019Angola ne sont pas tous des ill\u00e9gaux | Guin\u00e9e Diversit\u00e9","og_description":"En quelques semaines, ce sont des centaines de milliers de personnes qui ont franchi la fronti\u00e8re entre l\u2019Angola et la RDC apr\u00e8s une op\u00e9ration de police. Luanda a toujours assur\u00e9 que les personnes refoul\u00e9es \u00e9taient en situation ill\u00e9gales, mais les t\u00e9moignages montrent l&rsquo;inverse. Le Haut-Commissariat aux r\u00e9fugi\u00e9s a d\u00e9j\u00e0 recens\u00e9 plus de 1\u00a0900 personnes munies [&hellip;]","og_url":"https:\/\/guineediversite.com\/index.php\/2018\/11\/15\/rdc-les-expulses-dangola-ne-sont-pas-tous-des-illegaux\/","og_site_name":"Guin\u00e9e Diversit\u00e9","article_publisher":"https:\/\/www.facebook.com\/guineediversite\/","article_published_time":"2018-11-15T14:39:49+00:00","og_image":[{"width":1024,"height":578,"url":"https:\/\/guineediversite.com\/wp-content\/uploads\/2018\/11\/000_1a11bt_0.jpg","type":"image\/jpeg"}],"author":"Guin\u00e9e Diversit\u00e9","twitter_card":"summary_large_image","twitter_creator":"@GuineeDiversite","twitter_site":"@GuineeDiversite","twitter_misc":{"\u00c9crit par":"Guin\u00e9e Diversit\u00e9","Dur\u00e9e de lecture estim\u00e9e":"4 minutes"},"schema":{"@context":"https:\/\/schema.org","@graph":[{"@type":"Article","@id":"https:\/\/guineediversite.com\/index.php\/2018\/11\/15\/rdc-les-expulses-dangola-ne-sont-pas-tous-des-illegaux\/#article","isPartOf":{"@id":"https:\/\/guineediversite.com\/index.php\/2018\/11\/15\/rdc-les-expulses-dangola-ne-sont-pas-tous-des-illegaux\/"},"author":{"name":"Guin\u00e9e Diversit\u00e9","@id":"https:\/\/guineediversite.com\/#\/schema\/person\/afa08fb34e7fc6e1feafc892612bc836"},"headline":"RDC: les expuls\u00e9s d\u2019Angola ne sont pas tous des ill\u00e9gaux","datePublished":"2018-11-15T14:39:49+00:00","dateModified":"2018-11-15T14:39:49+00:00","mainEntityOfPage":{"@id":"https:\/\/guineediversite.com\/index.php\/2018\/11\/15\/rdc-les-expulses-dangola-ne-sont-pas-tous-des-illegaux\/"},"wordCount":896,"publisher":{"@id":"https:\/\/guineediversite.com\/#organization"},"image":{"@id":"https:\/\/guineediversite.com\/index.php\/2018\/11\/15\/rdc-les-expulses-dangola-ne-sont-pas-tous-des-illegaux\/#primaryimage"},"thumbnailUrl":"https:\/\/guineediversite.com\/wp-content\/uploads\/2018\/11\/000_1a11bt_0.jpg","articleSection":["International"],"inLanguage":"fr-FR"},{"@type":"WebPage","@id":"https:\/\/guineediversite.com\/index.php\/2018\/11\/15\/rdc-les-expulses-dangola-ne-sont-pas-tous-des-illegaux\/","url":"https:\/\/guineediversite.com\/index.php\/2018\/11\/15\/rdc-les-expulses-dangola-ne-sont-pas-tous-des-illegaux\/","name":"RDC: les expuls\u00e9s d\u2019Angola ne sont pas tous des ill\u00e9gaux | Guin\u00e9e Diversit\u00e9","isPartOf":{"@id":"https:\/\/guineediversite.com\/#website"},"primaryImageOfPage":{"@id":"https:\/\/guineediversite.com\/index.php\/2018\/11\/15\/rdc-les-expulses-dangola-ne-sont-pas-tous-des-illegaux\/#primaryimage"},"image":{"@id":"https:\/\/guineediversite.com\/index.php\/2018\/11\/15\/rdc-les-expulses-dangola-ne-sont-pas-tous-des-illegaux\/#primaryimage"},"thumbnailUrl":"https:\/\/guineediversite.com\/wp-content\/uploads\/2018\/11\/000_1a11bt_0.jpg","datePublished":"2018-11-15T14:39:49+00:00","dateModified":"2018-11-15T14:39:49+00:00","breadcrumb":{"@id":"https:\/\/guineediversite.com\/index.php\/2018\/11\/15\/rdc-les-expulses-dangola-ne-sont-pas-tous-des-illegaux\/#breadcrumb"},"inLanguage":"fr-FR","potentialAction":[{"@type":"ReadAction","target":["https:\/\/guineediversite.com\/index.php\/2018\/11\/15\/rdc-les-expulses-dangola-ne-sont-pas-tous-des-illegaux\/"]}]},{"@type":"ImageObject","inLanguage":"fr-FR","@id":"https:\/\/guineediversite.com\/index.php\/2018\/11\/15\/rdc-les-expulses-dangola-ne-sont-pas-tous-des-illegaux\/#primaryimage","url":"https:\/\/guineediversite.com\/wp-content\/uploads\/2018\/11\/000_1a11bt_0.jpg","contentUrl":"https:\/\/guineediversite.com\/wp-content\/uploads\/2018\/11\/000_1a11bt_0.jpg","width":1024,"height":578},{"@type":"BreadcrumbList","@id":"https:\/\/guineediversite.com\/index.php\/2018\/11\/15\/rdc-les-expulses-dangola-ne-sont-pas-tous-des-illegaux\/#breadcrumb","itemListElement":[{"@type":"ListItem","position":1,"name":"Accueil","item":"https:\/\/guineediversite.com\/"},{"@type":"ListItem","position":2,"name":"RDC: les expuls\u00e9s d\u2019Angola ne sont pas tous des ill\u00e9gaux"}]},{"@type":"WebSite","@id":"https:\/\/guineediversite.com\/#website","url":"https:\/\/guineediversite.com\/","name":"Guin\u00e9e Diversit\u00e9","description":"L&#039;Info dans toute sa diversit\u00e9","publisher":{"@id":"https:\/\/guineediversite.com\/#organization"},"potentialAction":[{"@type":"SearchAction","target":{"@type":"EntryPoint","urlTemplate":"https:\/\/guineediversite.com\/?s={search_term_string}"},"query-input":{"@type":"PropertyValueSpecification","valueRequired":true,"valueName":"search_term_string"}}],"inLanguage":"fr-FR"},{"@type":"Organization","@id":"https:\/\/guineediversite.com\/#organization","name":"Guin\u00e9e Diversit\u00e9","url":"https:\/\/guineediversite.com\/","logo":{"@type":"ImageObject","inLanguage":"fr-FR","@id":"https:\/\/guineediversite.com\/#\/schema\/logo\/image\/","url":"https:\/\/guineediversite.com\/wp-content\/uploads\/2017\/04\/cropped-1jojlxEOMkX9Wyqfhe43D6kjPOGqBBKmx3EwWJqZ0cMrFF54yM49.png","contentUrl":"https:\/\/guineediversite.com\/wp-content\/uploads\/2017\/04\/cropped-1jojlxEOMkX9Wyqfhe43D6kjPOGqBBKmx3EwWJqZ0cMrFF54yM49.png","width":186,"height":112,"caption":"Guin\u00e9e Diversit\u00e9"},"image":{"@id":"https:\/\/guineediversite.com\/#\/schema\/logo\/image\/"},"sameAs":["https:\/\/www.facebook.com\/guineediversite\/","https:\/\/x.com\/GuineeDiversite","https:\/\/www.youtube.com\/channel\/UC8sUY16qelG5ge6_D5SB83g"]},{"@type":"Person","@id":"https:\/\/guineediversite.com\/#\/schema\/person\/afa08fb34e7fc6e1feafc892612bc836","name":"Guin\u00e9e Diversit\u00e9","image":{"@type":"ImageObject","inLanguage":"fr-FR","@id":"https:\/\/guineediversite.com\/#\/schema\/person\/image\/","url":"https:\/\/secure.gravatar.com\/avatar\/50d5eb5b390f8b65ac30ac6f898eb83a?s=96&d=mm&r=g","contentUrl":"https:\/\/secure.gravatar.com\/avatar\/50d5eb5b390f8b65ac30ac6f898eb83a?s=96&d=mm&r=g","caption":"Guin\u00e9e Diversit\u00e9"},"url":"https:\/\/guineediversite.com\/index.php\/author\/guineediversite\/"}]}},"_links":{"self":[{"href":"https:\/\/guineediversite.com\/index.php\/wp-json\/wp\/v2\/posts\/27317"}],"collection":[{"href":"https:\/\/guineediversite.com\/index.php\/wp-json\/wp\/v2\/posts"}],"about":[{"href":"https:\/\/guineediversite.com\/index.php\/wp-json\/wp\/v2\/types\/post"}],"author":[{"embeddable":true,"href":"https:\/\/guineediversite.com\/index.php\/wp-json\/wp\/v2\/users\/12"}],"replies":[{"embeddable":true,"href":"https:\/\/guineediversite.com\/index.php\/wp-json\/wp\/v2\/comments?post=27317"}],"version-history":[{"count":0,"href":"https:\/\/guineediversite.com\/index.php\/wp-json\/wp\/v2\/posts\/27317\/revisions"}],"wp:featuredmedia":[{"embeddable":true,"href":"https:\/\/guineediversite.com\/index.php\/wp-json\/wp\/v2\/media\/27318"}],"wp:attachment":[{"href":"https:\/\/guineediversite.com\/index.php\/wp-json\/wp\/v2\/media?parent=27317"}],"wp:term":[{"taxonomy":"category","embeddable":true,"href":"https:\/\/guineediversite.com\/index.php\/wp-json\/wp\/v2\/categories?post=27317"},{"taxonomy":"post_tag","embeddable":true,"href":"https:\/\/guineediversite.com\/index.php\/wp-json\/wp\/v2\/tags?post=27317"}],"curies":[{"name":"wp","href":"https:\/\/api.w.org\/{rel}","templated":true}]}}