{"id":27313,"date":"2018-11-15T14:27:23","date_gmt":"2018-11-15T13:27:23","guid":{"rendered":"https:\/\/guineediversite.com\/?p=27313"},"modified":"2018-11-15T14:27:23","modified_gmt":"2018-11-15T13:27:23","slug":"rfi-deplore-lannulation-de-laccreditation-de-son-correspondant-en-guinee","status":"publish","type":"post","link":"https:\/\/guineediversite.com\/index.php\/2018\/11\/15\/rfi-deplore-lannulation-de-laccreditation-de-son-correspondant-en-guinee\/","title":{"rendered":"RFI d\u00e9plore l\u2019annulation de l\u2019accr\u00e9ditation de son correspondant en Guin\u00e9e"},"content":{"rendered":"<h2>La direction de RFI d\u00e9plore l\u2019annulation de l\u2019accr\u00e9ditation de son correspondant \u00e0 Conakry, Mouctar Bah, sanction prise apr\u00e8s une d\u00e9marche engag\u00e9e par le minist\u00e8re de la D\u00e9fense.<\/h2>\n<p><em>Communiqu\u00e9 de la Direction de RFI<\/em><\/p>\n<p>La direction de RFI d\u00e9plore l\u2019annulation de l\u2019accr\u00e9ditation de son correspondant \u00e0 Conakry, Mouctar Bah, sanction prise apr\u00e8s une d\u00e9marche engag\u00e9e par le minist\u00e8re de la D\u00e9fense.<\/p>\n<p>Mouctar Bah n\u2019a fait que son travail, rapportant des t\u00e9moignages collect\u00e9s dans la nuit du 7 novembre 2018 sur les circonstances de la mort de deux jeunes gens. Il a \u00e9galement tent\u00e9, d\u00e8s le lendemain matin, de joindre les autorit\u00e9s civiles et militaires pour obtenir leur commentaire sur ces t\u00e9moignages. Les autorit\u00e9s concern\u00e9es n\u2019ont pas donn\u00e9 suite \u00e0 ses appels et messages r\u00e9p\u00e9t\u00e9s.<\/p>\n<p>Radio France Internationale s\u2019\u00e9tonne de la mise en demeure lanc\u00e9e par la Haute Autorit\u00e9 de la Communication lui demandant d\u2019accorder un droit de r\u00e9ponse au minist\u00e8re de la D\u00e9fense, cette r\u00e9action ayant \u00e9t\u00e9 sollicit\u00e9e par Mouctar Bah tout au long de la journ\u00e9e du 8 novembre. La r\u00e9daction parisienne de RFI avait fini par obtenir, le lundi 12 novembre, l&rsquo;accord du directeur r\u00e9gional de la police de Conakry, \u00e9galement porte-parole du minist\u00e8re de la S\u00e9curit\u00e9 et de la Protection civile, pour r\u00e9agir \u00e0 cette affaire. R\u00e9action de Boubacar Kass\u00e9 diffus\u00e9e sur notre antenne le jour m\u00eame dans les \u00e9ditions de 18h30 et 22h30 en temps universel. RFI rappelle que son antenne a toujours \u00e9t\u00e9 ouverte \u00e0 tous et qu\u2019elle le demeure.<\/p>\n<p>La direction de RFI r\u00e9affirme son plein soutien \u00e0 Mouctar Bah qui, avec plus de trente ans de carri\u00e8re, est l\u2019un des journalistes les plus chevronn\u00e9s de Guin\u00e9e.<\/p>\n<p>RFI<\/p>\n","protected":false},"excerpt":{"rendered":"<p>La direction de RFI d\u00e9plore l\u2019annulation de l\u2019accr\u00e9ditation de son correspondant \u00e0 Conakry, Mouctar Bah, sanction prise apr\u00e8s une d\u00e9marche engag\u00e9e par le minist\u00e8re de la D\u00e9fense. Communiqu\u00e9 de la Direction de RFI La direction de RFI d\u00e9plore l\u2019annulation de l\u2019accr\u00e9ditation de son correspondant \u00e0 Conakry, Mouctar Bah, sanction prise apr\u00e8s une d\u00e9marche engag\u00e9e par [&hellip;]<\/p>\n","protected":false},"author":12,"featured_media":27314,"comment_status":"closed","ping_status":"closed","sticky":false,"template":"","format":"standard","meta":{"_exactmetrics_skip_tracking":false,"_exactmetrics_sitenote_active":false,"_exactmetrics_sitenote_note":"","_exactmetrics_sitenote_category":0,"tdm_status":"","tdm_grid_status":"","footnotes":""},"categories":[21],"tags":[],"class_list":{"0":"post-27313","1":"post","2":"type-post","3":"status-publish","4":"format-standard","5":"has-post-thumbnail","7":"category-international"},"yoast_head":"<!-- This site is optimized with the Yoast SEO plugin v24.2 - https:\/\/yoast.com\/wordpress\/plugins\/seo\/ -->\n<title>RFI d\u00e9plore l\u2019annulation de l\u2019accr\u00e9ditation de son correspondant en Guin\u00e9e | Guin\u00e9e Diversit\u00e9<\/title>\n<meta name=\"robots\" content=\"index, follow, max-snippet:-1, max-image-preview:large, max-video-preview:-1\" \/>\n<link rel=\"canonical\" href=\"https:\/\/guineediversite.com\/index.php\/2018\/11\/15\/rfi-deplore-lannulation-de-laccreditation-de-son-correspondant-en-guinee\/\" \/>\n<meta property=\"og:locale\" content=\"fr_FR\" \/>\n<meta property=\"og:type\" content=\"article\" \/>\n<meta property=\"og:title\" content=\"RFI d\u00e9plore l\u2019annulation de l\u2019accr\u00e9ditation de son correspondant en Guin\u00e9e | Guin\u00e9e Diversit\u00e9\" \/>\n<meta property=\"og:description\" content=\"La direction de RFI d\u00e9plore l\u2019annulation de l\u2019accr\u00e9ditation de son correspondant \u00e0 Conakry, Mouctar Bah, sanction prise apr\u00e8s une d\u00e9marche engag\u00e9e par le minist\u00e8re de la D\u00e9fense. Communiqu\u00e9 de la Direction de RFI La direction de RFI d\u00e9plore l\u2019annulation de l\u2019accr\u00e9ditation de son correspondant \u00e0 Conakry, Mouctar Bah, sanction prise apr\u00e8s une d\u00e9marche engag\u00e9e par [&hellip;]\" \/>\n<meta property=\"og:url\" content=\"https:\/\/guineediversite.com\/index.php\/2018\/11\/15\/rfi-deplore-lannulation-de-laccreditation-de-son-correspondant-en-guinee\/\" \/>\n<meta property=\"og:site_name\" content=\"Guin\u00e9e Diversit\u00e9\" \/>\n<meta property=\"article:publisher\" content=\"https:\/\/www.facebook.com\/guineediversite\/\" \/>\n<meta property=\"article:published_time\" content=\"2018-11-15T13:27:23+00:00\" \/>\n<meta property=\"og:image\" content=\"https:\/\/guineediversite.com\/wp-content\/uploads\/2018\/11\/micro_rfi_copy_2_0.jpg\" \/>\n\t<meta property=\"og:image:width\" content=\"1024\" \/>\n\t<meta property=\"og:image:height\" content=\"578\" \/>\n\t<meta property=\"og:image:type\" content=\"image\/jpeg\" \/>\n<meta name=\"author\" content=\"Guin\u00e9e Diversit\u00e9\" \/>\n<meta name=\"twitter:card\" content=\"summary_large_image\" \/>\n<meta name=\"twitter:creator\" content=\"@GuineeDiversite\" \/>\n<meta name=\"twitter:site\" content=\"@GuineeDiversite\" \/>\n<meta name=\"twitter:label1\" content=\"\u00c9crit par\" \/>\n\t<meta name=\"twitter:data1\" content=\"Guin\u00e9e Diversit\u00e9\" \/>\n\t<meta name=\"twitter:label2\" content=\"Dur\u00e9e de lecture estim\u00e9e\" \/>\n\t<meta name=\"twitter:data2\" content=\"2 minutes\" \/>\n<script type=\"application\/ld+json\" class=\"yoast-schema-graph\">{\"@context\":\"https:\/\/schema.org\",\"@graph\":[{\"@type\":\"Article\",\"@id\":\"https:\/\/guineediversite.com\/index.php\/2018\/11\/15\/rfi-deplore-lannulation-de-laccreditation-de-son-correspondant-en-guinee\/#article\",\"isPartOf\":{\"@id\":\"https:\/\/guineediversite.com\/index.php\/2018\/11\/15\/rfi-deplore-lannulation-de-laccreditation-de-son-correspondant-en-guinee\/\"},\"author\":{\"name\":\"Guin\u00e9e Diversit\u00e9\",\"@id\":\"https:\/\/guineediversite.com\/#\/schema\/person\/afa08fb34e7fc6e1feafc892612bc836\"},\"headline\":\"RFI d\u00e9plore l\u2019annulation de l\u2019accr\u00e9ditation de son correspondant en Guin\u00e9e\",\"datePublished\":\"2018-11-15T13:27:23+00:00\",\"dateModified\":\"2018-11-15T13:27:23+00:00\",\"mainEntityOfPage\":{\"@id\":\"https:\/\/guineediversite.com\/index.php\/2018\/11\/15\/rfi-deplore-lannulation-de-laccreditation-de-son-correspondant-en-guinee\/\"},\"wordCount\":332,\"publisher\":{\"@id\":\"https:\/\/guineediversite.com\/#organization\"},\"image\":{\"@id\":\"https:\/\/guineediversite.com\/index.php\/2018\/11\/15\/rfi-deplore-lannulation-de-laccreditation-de-son-correspondant-en-guinee\/#primaryimage\"},\"thumbnailUrl\":\"https:\/\/guineediversite.com\/wp-content\/uploads\/2018\/11\/micro_rfi_copy_2_0.jpg\",\"articleSection\":[\"International\"],\"inLanguage\":\"fr-FR\"},{\"@type\":\"WebPage\",\"@id\":\"https:\/\/guineediversite.com\/index.php\/2018\/11\/15\/rfi-deplore-lannulation-de-laccreditation-de-son-correspondant-en-guinee\/\",\"url\":\"https:\/\/guineediversite.com\/index.php\/2018\/11\/15\/rfi-deplore-lannulation-de-laccreditation-de-son-correspondant-en-guinee\/\",\"name\":\"RFI d\u00e9plore l\u2019annulation de l\u2019accr\u00e9ditation de son correspondant en Guin\u00e9e | Guin\u00e9e Diversit\u00e9\",\"isPartOf\":{\"@id\":\"https:\/\/guineediversite.com\/#website\"},\"primaryImageOfPage\":{\"@id\":\"https:\/\/guineediversite.com\/index.php\/2018\/11\/15\/rfi-deplore-lannulation-de-laccreditation-de-son-correspondant-en-guinee\/#primaryimage\"},\"image\":{\"@id\":\"https:\/\/guineediversite.com\/index.php\/2018\/11\/15\/rfi-deplore-lannulation-de-laccreditation-de-son-correspondant-en-guinee\/#primaryimage\"},\"thumbnailUrl\":\"https:\/\/guineediversite.com\/wp-content\/uploads\/2018\/11\/micro_rfi_copy_2_0.jpg\",\"datePublished\":\"2018-11-15T13:27:23+00:00\",\"dateModified\":\"2018-11-15T13:27:23+00:00\",\"breadcrumb\":{\"@id\":\"https:\/\/guineediversite.com\/index.php\/2018\/11\/15\/rfi-deplore-lannulation-de-laccreditation-de-son-correspondant-en-guinee\/#breadcrumb\"},\"inLanguage\":\"fr-FR\",\"potentialAction\":[{\"@type\":\"ReadAction\",\"target\":[\"https:\/\/guineediversite.com\/index.php\/2018\/11\/15\/rfi-deplore-lannulation-de-laccreditation-de-son-correspondant-en-guinee\/\"]}]},{\"@type\":\"ImageObject\",\"inLanguage\":\"fr-FR\",\"@id\":\"https:\/\/guineediversite.com\/index.php\/2018\/11\/15\/rfi-deplore-lannulation-de-laccreditation-de-son-correspondant-en-guinee\/#primaryimage\",\"url\":\"https:\/\/guineediversite.com\/wp-content\/uploads\/2018\/11\/micro_rfi_copy_2_0.jpg\",\"contentUrl\":\"https:\/\/guineediversite.com\/wp-content\/uploads\/2018\/11\/micro_rfi_copy_2_0.jpg\",\"width\":1024,\"height\":578},{\"@type\":\"BreadcrumbList\",\"@id\":\"https:\/\/guineediversite.com\/index.php\/2018\/11\/15\/rfi-deplore-lannulation-de-laccreditation-de-son-correspondant-en-guinee\/#breadcrumb\",\"itemListElement\":[{\"@type\":\"ListItem\",\"position\":1,\"name\":\"Accueil\",\"item\":\"https:\/\/guineediversite.com\/\"},{\"@type\":\"ListItem\",\"position\":2,\"name\":\"RFI d\u00e9plore l\u2019annulation de l\u2019accr\u00e9ditation de son correspondant en Guin\u00e9e\"}]},{\"@type\":\"WebSite\",\"@id\":\"https:\/\/guineediversite.com\/#website\",\"url\":\"https:\/\/guineediversite.com\/\",\"name\":\"Guin\u00e9e Diversit\u00e9\",\"description\":\"L&#039;Info dans toute sa diversit\u00e9\",\"publisher\":{\"@id\":\"https:\/\/guineediversite.com\/#organization\"},\"potentialAction\":[{\"@type\":\"SearchAction\",\"target\":{\"@type\":\"EntryPoint\",\"urlTemplate\":\"https:\/\/guineediversite.com\/?s={search_term_string}\"},\"query-input\":{\"@type\":\"PropertyValueSpecification\",\"valueRequired\":true,\"valueName\":\"search_term_string\"}}],\"inLanguage\":\"fr-FR\"},{\"@type\":\"Organization\",\"@id\":\"https:\/\/guineediversite.com\/#organization\",\"name\":\"Guin\u00e9e Diversit\u00e9\",\"url\":\"https:\/\/guineediversite.com\/\",\"logo\":{\"@type\":\"ImageObject\",\"inLanguage\":\"fr-FR\",\"@id\":\"https:\/\/guineediversite.com\/#\/schema\/logo\/image\/\",\"url\":\"https:\/\/guineediversite.com\/wp-content\/uploads\/2017\/04\/cropped-1jojlxEOMkX9Wyqfhe43D6kjPOGqBBKmx3EwWJqZ0cMrFF54yM49.png\",\"contentUrl\":\"https:\/\/guineediversite.com\/wp-content\/uploads\/2017\/04\/cropped-1jojlxEOMkX9Wyqfhe43D6kjPOGqBBKmx3EwWJqZ0cMrFF54yM49.png\",\"width\":186,\"height\":112,\"caption\":\"Guin\u00e9e Diversit\u00e9\"},\"image\":{\"@id\":\"https:\/\/guineediversite.com\/#\/schema\/logo\/image\/\"},\"sameAs\":[\"https:\/\/www.facebook.com\/guineediversite\/\",\"https:\/\/x.com\/GuineeDiversite\",\"https:\/\/www.youtube.com\/channel\/UC8sUY16qelG5ge6_D5SB83g\"]},{\"@type\":\"Person\",\"@id\":\"https:\/\/guineediversite.com\/#\/schema\/person\/afa08fb34e7fc6e1feafc892612bc836\",\"name\":\"Guin\u00e9e Diversit\u00e9\",\"image\":{\"@type\":\"ImageObject\",\"inLanguage\":\"fr-FR\",\"@id\":\"https:\/\/guineediversite.com\/#\/schema\/person\/image\/\",\"url\":\"https:\/\/secure.gravatar.com\/avatar\/50d5eb5b390f8b65ac30ac6f898eb83a?s=96&d=mm&r=g\",\"contentUrl\":\"https:\/\/secure.gravatar.com\/avatar\/50d5eb5b390f8b65ac30ac6f898eb83a?s=96&d=mm&r=g\",\"caption\":\"Guin\u00e9e Diversit\u00e9\"},\"url\":\"https:\/\/guineediversite.com\/index.php\/author\/guineediversite\/\"}]}<\/script>\n<!-- \/ Yoast SEO plugin. -->","yoast_head_json":{"title":"RFI d\u00e9plore l\u2019annulation de l\u2019accr\u00e9ditation de son correspondant en Guin\u00e9e | Guin\u00e9e Diversit\u00e9","robots":{"index":"index","follow":"follow","max-snippet":"max-snippet:-1","max-image-preview":"max-image-preview:large","max-video-preview":"max-video-preview:-1"},"canonical":"https:\/\/guineediversite.com\/index.php\/2018\/11\/15\/rfi-deplore-lannulation-de-laccreditation-de-son-correspondant-en-guinee\/","og_locale":"fr_FR","og_type":"article","og_title":"RFI d\u00e9plore l\u2019annulation de l\u2019accr\u00e9ditation de son correspondant en Guin\u00e9e | Guin\u00e9e Diversit\u00e9","og_description":"La direction de RFI d\u00e9plore l\u2019annulation de l\u2019accr\u00e9ditation de son correspondant \u00e0 Conakry, Mouctar Bah, sanction prise apr\u00e8s une d\u00e9marche engag\u00e9e par le minist\u00e8re de la D\u00e9fense. Communiqu\u00e9 de la Direction de RFI La direction de RFI d\u00e9plore l\u2019annulation de l\u2019accr\u00e9ditation de son correspondant \u00e0 Conakry, Mouctar Bah, sanction prise apr\u00e8s une d\u00e9marche engag\u00e9e par [&hellip;]","og_url":"https:\/\/guineediversite.com\/index.php\/2018\/11\/15\/rfi-deplore-lannulation-de-laccreditation-de-son-correspondant-en-guinee\/","og_site_name":"Guin\u00e9e Diversit\u00e9","article_publisher":"https:\/\/www.facebook.com\/guineediversite\/","article_published_time":"2018-11-15T13:27:23+00:00","og_image":[{"width":1024,"height":578,"url":"https:\/\/guineediversite.com\/wp-content\/uploads\/2018\/11\/micro_rfi_copy_2_0.jpg","type":"image\/jpeg"}],"author":"Guin\u00e9e Diversit\u00e9","twitter_card":"summary_large_image","twitter_creator":"@GuineeDiversite","twitter_site":"@GuineeDiversite","twitter_misc":{"\u00c9crit par":"Guin\u00e9e Diversit\u00e9","Dur\u00e9e de lecture estim\u00e9e":"2 minutes"},"schema":{"@context":"https:\/\/schema.org","@graph":[{"@type":"Article","@id":"https:\/\/guineediversite.com\/index.php\/2018\/11\/15\/rfi-deplore-lannulation-de-laccreditation-de-son-correspondant-en-guinee\/#article","isPartOf":{"@id":"https:\/\/guineediversite.com\/index.php\/2018\/11\/15\/rfi-deplore-lannulation-de-laccreditation-de-son-correspondant-en-guinee\/"},"author":{"name":"Guin\u00e9e Diversit\u00e9","@id":"https:\/\/guineediversite.com\/#\/schema\/person\/afa08fb34e7fc6e1feafc892612bc836"},"headline":"RFI d\u00e9plore l\u2019annulation de l\u2019accr\u00e9ditation de son correspondant en Guin\u00e9e","datePublished":"2018-11-15T13:27:23+00:00","dateModified":"2018-11-15T13:27:23+00:00","mainEntityOfPage":{"@id":"https:\/\/guineediversite.com\/index.php\/2018\/11\/15\/rfi-deplore-lannulation-de-laccreditation-de-son-correspondant-en-guinee\/"},"wordCount":332,"publisher":{"@id":"https:\/\/guineediversite.com\/#organization"},"image":{"@id":"https:\/\/guineediversite.com\/index.php\/2018\/11\/15\/rfi-deplore-lannulation-de-laccreditation-de-son-correspondant-en-guinee\/#primaryimage"},"thumbnailUrl":"https:\/\/guineediversite.com\/wp-content\/uploads\/2018\/11\/micro_rfi_copy_2_0.jpg","articleSection":["International"],"inLanguage":"fr-FR"},{"@type":"WebPage","@id":"https:\/\/guineediversite.com\/index.php\/2018\/11\/15\/rfi-deplore-lannulation-de-laccreditation-de-son-correspondant-en-guinee\/","url":"https:\/\/guineediversite.com\/index.php\/2018\/11\/15\/rfi-deplore-lannulation-de-laccreditation-de-son-correspondant-en-guinee\/","name":"RFI d\u00e9plore l\u2019annulation de l\u2019accr\u00e9ditation de son correspondant en Guin\u00e9e | Guin\u00e9e Diversit\u00e9","isPartOf":{"@id":"https:\/\/guineediversite.com\/#website"},"primaryImageOfPage":{"@id":"https:\/\/guineediversite.com\/index.php\/2018\/11\/15\/rfi-deplore-lannulation-de-laccreditation-de-son-correspondant-en-guinee\/#primaryimage"},"image":{"@id":"https:\/\/guineediversite.com\/index.php\/2018\/11\/15\/rfi-deplore-lannulation-de-laccreditation-de-son-correspondant-en-guinee\/#primaryimage"},"thumbnailUrl":"https:\/\/guineediversite.com\/wp-content\/uploads\/2018\/11\/micro_rfi_copy_2_0.jpg","datePublished":"2018-11-15T13:27:23+00:00","dateModified":"2018-11-15T13:27:23+00:00","breadcrumb":{"@id":"https:\/\/guineediversite.com\/index.php\/2018\/11\/15\/rfi-deplore-lannulation-de-laccreditation-de-son-correspondant-en-guinee\/#breadcrumb"},"inLanguage":"fr-FR","potentialAction":[{"@type":"ReadAction","target":["https:\/\/guineediversite.com\/index.php\/2018\/11\/15\/rfi-deplore-lannulation-de-laccreditation-de-son-correspondant-en-guinee\/"]}]},{"@type":"ImageObject","inLanguage":"fr-FR","@id":"https:\/\/guineediversite.com\/index.php\/2018\/11\/15\/rfi-deplore-lannulation-de-laccreditation-de-son-correspondant-en-guinee\/#primaryimage","url":"https:\/\/guineediversite.com\/wp-content\/uploads\/2018\/11\/micro_rfi_copy_2_0.jpg","contentUrl":"https:\/\/guineediversite.com\/wp-content\/uploads\/2018\/11\/micro_rfi_copy_2_0.jpg","width":1024,"height":578},{"@type":"BreadcrumbList","@id":"https:\/\/guineediversite.com\/index.php\/2018\/11\/15\/rfi-deplore-lannulation-de-laccreditation-de-son-correspondant-en-guinee\/#breadcrumb","itemListElement":[{"@type":"ListItem","position":1,"name":"Accueil","item":"https:\/\/guineediversite.com\/"},{"@type":"ListItem","position":2,"name":"RFI d\u00e9plore l\u2019annulation de l\u2019accr\u00e9ditation de son correspondant en Guin\u00e9e"}]},{"@type":"WebSite","@id":"https:\/\/guineediversite.com\/#website","url":"https:\/\/guineediversite.com\/","name":"Guin\u00e9e Diversit\u00e9","description":"L&#039;Info dans toute sa diversit\u00e9","publisher":{"@id":"https:\/\/guineediversite.com\/#organization"},"potentialAction":[{"@type":"SearchAction","target":{"@type":"EntryPoint","urlTemplate":"https:\/\/guineediversite.com\/?s={search_term_string}"},"query-input":{"@type":"PropertyValueSpecification","valueRequired":true,"valueName":"search_term_string"}}],"inLanguage":"fr-FR"},{"@type":"Organization","@id":"https:\/\/guineediversite.com\/#organization","name":"Guin\u00e9e Diversit\u00e9","url":"https:\/\/guineediversite.com\/","logo":{"@type":"ImageObject","inLanguage":"fr-FR","@id":"https:\/\/guineediversite.com\/#\/schema\/logo\/image\/","url":"https:\/\/guineediversite.com\/wp-content\/uploads\/2017\/04\/cropped-1jojlxEOMkX9Wyqfhe43D6kjPOGqBBKmx3EwWJqZ0cMrFF54yM49.png","contentUrl":"https:\/\/guineediversite.com\/wp-content\/uploads\/2017\/04\/cropped-1jojlxEOMkX9Wyqfhe43D6kjPOGqBBKmx3EwWJqZ0cMrFF54yM49.png","width":186,"height":112,"caption":"Guin\u00e9e Diversit\u00e9"},"image":{"@id":"https:\/\/guineediversite.com\/#\/schema\/logo\/image\/"},"sameAs":["https:\/\/www.facebook.com\/guineediversite\/","https:\/\/x.com\/GuineeDiversite","https:\/\/www.youtube.com\/channel\/UC8sUY16qelG5ge6_D5SB83g"]},{"@type":"Person","@id":"https:\/\/guineediversite.com\/#\/schema\/person\/afa08fb34e7fc6e1feafc892612bc836","name":"Guin\u00e9e Diversit\u00e9","image":{"@type":"ImageObject","inLanguage":"fr-FR","@id":"https:\/\/guineediversite.com\/#\/schema\/person\/image\/","url":"https:\/\/secure.gravatar.com\/avatar\/50d5eb5b390f8b65ac30ac6f898eb83a?s=96&d=mm&r=g","contentUrl":"https:\/\/secure.gravatar.com\/avatar\/50d5eb5b390f8b65ac30ac6f898eb83a?s=96&d=mm&r=g","caption":"Guin\u00e9e Diversit\u00e9"},"url":"https:\/\/guineediversite.com\/index.php\/author\/guineediversite\/"}]}},"_links":{"self":[{"href":"https:\/\/guineediversite.com\/index.php\/wp-json\/wp\/v2\/posts\/27313"}],"collection":[{"href":"https:\/\/guineediversite.com\/index.php\/wp-json\/wp\/v2\/posts"}],"about":[{"href":"https:\/\/guineediversite.com\/index.php\/wp-json\/wp\/v2\/types\/post"}],"author":[{"embeddable":true,"href":"https:\/\/guineediversite.com\/index.php\/wp-json\/wp\/v2\/users\/12"}],"replies":[{"embeddable":true,"href":"https:\/\/guineediversite.com\/index.php\/wp-json\/wp\/v2\/comments?post=27313"}],"version-history":[{"count":0,"href":"https:\/\/guineediversite.com\/index.php\/wp-json\/wp\/v2\/posts\/27313\/revisions"}],"wp:featuredmedia":[{"embeddable":true,"href":"https:\/\/guineediversite.com\/index.php\/wp-json\/wp\/v2\/media\/27314"}],"wp:attachment":[{"href":"https:\/\/guineediversite.com\/index.php\/wp-json\/wp\/v2\/media?parent=27313"}],"wp:term":[{"taxonomy":"category","embeddable":true,"href":"https:\/\/guineediversite.com\/index.php\/wp-json\/wp\/v2\/categories?post=27313"},{"taxonomy":"post_tag","embeddable":true,"href":"https:\/\/guineediversite.com\/index.php\/wp-json\/wp\/v2\/tags?post=27313"}],"curies":[{"name":"wp","href":"https:\/\/api.w.org\/{rel}","templated":true}]}}