{"id":27310,"date":"2018-11-15T12:52:52","date_gmt":"2018-11-15T11:52:52","guid":{"rendered":"https:\/\/guineediversite.com\/?p=27310"},"modified":"2018-11-15T12:52:52","modified_gmt":"2018-11-15T11:52:52","slug":"le-capitaine-du-syli-national-ibrahima-traore-signe-forfait-contre-la-cote-divoire","status":"publish","type":"post","link":"https:\/\/guineediversite.com\/index.php\/2018\/11\/15\/le-capitaine-du-syli-national-ibrahima-traore-signe-forfait-contre-la-cote-divoire\/","title":{"rendered":"Le capitaine du syli national Ibrahima Traor\u00e9 signe forfait contre la C\u00f4te-d&rsquo;Ivoire"},"content":{"rendered":"<p>L&rsquo;\u00e9quipe Guin\u00e9enne entame le stage de pr\u00e9paration au Maroc avant la rencontre de la C\u00f4te-d&rsquo;Ivoire le 18 novembre au stade du 28 septembre de Conakry, Paul Put perd son capitaine Ibrahima Traor\u00e9 par la suite d&rsquo;une blessure aux adducteurs, il est sign\u00e9 forfait pour le match.<br \/>\nLa cinqui\u00e8me journ\u00e9e des \u00e9liminatoires de la CAN 2019 s&rsquo;annonce tr\u00e8s mal pour le s\u00e9lectionneur Guin\u00e9en pour l&rsquo;absence de son capitaine Ibrahima Traor\u00e9.<br \/>\nToucher aux adducteurs, selon un rapport m\u00e9dical envoy\u00e9 par M&rsquo;Gladbach \u00e0 la F\u00e9d\u00e9ration Guin\u00e9enne de Football, Ibrahima\u00a0 Traor\u00e9 ne sera pas remis avant le match. Il est forfait et ne sera\u00a0 pas dans le groupe du syli qui va d\u00e9fier les \u00e9l\u00e9phants de C\u00f4te-D\u2019ivoire.<br \/>\nLe week-end pass\u00e9, Ibrahima Traor\u00e9\u00a0 \u00e0 pris part \u00e0 la victoire de (1-3) du Borussia M&rsquo;Gladbach contre le Werder Br\u00eame lors de la 11eme journ\u00e9e de Bundesliga. L&rsquo;international Guin\u00e9en n&rsquo;\u00e9tait pas titulaire,\u00a0 mais rentre dans les toutes derni\u00e8res minutes du temps r\u00e9glementaire<\/p>\n<p>Ibrahima Bah<\/p>\n","protected":false},"excerpt":{"rendered":"<p>L&rsquo;\u00e9quipe Guin\u00e9enne entame le stage de pr\u00e9paration au Maroc avant la rencontre de la C\u00f4te-d&rsquo;Ivoire le 18 novembre au stade du 28 septembre de Conakry, Paul Put perd son capitaine Ibrahima Traor\u00e9 par la suite d&rsquo;une blessure aux adducteurs, il est sign\u00e9 forfait pour le match. La cinqui\u00e8me journ\u00e9e des \u00e9liminatoires de la CAN 2019 [&hellip;]<\/p>\n","protected":false},"author":12,"featured_media":27311,"comment_status":"closed","ping_status":"closed","sticky":false,"template":"","format":"standard","meta":{"_exactmetrics_skip_tracking":false,"_exactmetrics_sitenote_active":false,"_exactmetrics_sitenote_note":"","_exactmetrics_sitenote_category":0,"tdm_status":"","tdm_grid_status":"","footnotes":""},"categories":[18],"tags":[],"class_list":{"0":"post-27310","1":"post","2":"type-post","3":"status-publish","4":"format-standard","5":"has-post-thumbnail","7":"category-sport"},"yoast_head":"<!-- This site is optimized with the Yoast SEO plugin v24.2 - https:\/\/yoast.com\/wordpress\/plugins\/seo\/ -->\n<title>Le capitaine du syli national Ibrahima Traor\u00e9 signe forfait contre la C\u00f4te-d&#039;Ivoire | Guin\u00e9e Diversit\u00e9<\/title>\n<meta name=\"robots\" content=\"index, follow, max-snippet:-1, max-image-preview:large, max-video-preview:-1\" \/>\n<link rel=\"canonical\" href=\"https:\/\/guineediversite.com\/index.php\/2018\/11\/15\/le-capitaine-du-syli-national-ibrahima-traore-signe-forfait-contre-la-cote-divoire\/\" \/>\n<meta property=\"og:locale\" content=\"fr_FR\" \/>\n<meta property=\"og:type\" content=\"article\" \/>\n<meta property=\"og:title\" content=\"Le capitaine du syli national Ibrahima Traor\u00e9 signe forfait contre la C\u00f4te-d&#039;Ivoire | Guin\u00e9e Diversit\u00e9\" \/>\n<meta property=\"og:description\" content=\"L&rsquo;\u00e9quipe Guin\u00e9enne entame le stage de pr\u00e9paration au Maroc avant la rencontre de la C\u00f4te-d&rsquo;Ivoire le 18 novembre au stade du 28 septembre de Conakry, Paul Put perd son capitaine Ibrahima Traor\u00e9 par la suite d&rsquo;une blessure aux adducteurs, il est sign\u00e9 forfait pour le match. La cinqui\u00e8me journ\u00e9e des \u00e9liminatoires de la CAN 2019 [&hellip;]\" \/>\n<meta property=\"og:url\" content=\"https:\/\/guineediversite.com\/index.php\/2018\/11\/15\/le-capitaine-du-syli-national-ibrahima-traore-signe-forfait-contre-la-cote-divoire\/\" \/>\n<meta property=\"og:site_name\" content=\"Guin\u00e9e Diversit\u00e9\" \/>\n<meta property=\"article:publisher\" content=\"https:\/\/www.facebook.com\/guineediversite\/\" \/>\n<meta property=\"article:published_time\" content=\"2018-11-15T11:52:52+00:00\" \/>\n<meta property=\"og:image\" content=\"https:\/\/guineediversite.com\/wp-content\/uploads\/2018\/11\/IMG_20181113_210128_493.jpg\" \/>\n\t<meta property=\"og:image:width\" content=\"1025\" \/>\n\t<meta property=\"og:image:height\" content=\"1078\" \/>\n\t<meta property=\"og:image:type\" content=\"image\/jpeg\" \/>\n<meta name=\"author\" content=\"Guin\u00e9e Diversit\u00e9\" \/>\n<meta name=\"twitter:card\" content=\"summary_large_image\" \/>\n<meta name=\"twitter:creator\" content=\"@GuineeDiversite\" \/>\n<meta name=\"twitter:site\" content=\"@GuineeDiversite\" \/>\n<meta name=\"twitter:label1\" content=\"\u00c9crit par\" \/>\n\t<meta name=\"twitter:data1\" content=\"Guin\u00e9e Diversit\u00e9\" \/>\n\t<meta name=\"twitter:label2\" content=\"Dur\u00e9e de lecture estim\u00e9e\" \/>\n\t<meta name=\"twitter:data2\" content=\"1 minute\" \/>\n<script type=\"application\/ld+json\" class=\"yoast-schema-graph\">{\"@context\":\"https:\/\/schema.org\",\"@graph\":[{\"@type\":\"Article\",\"@id\":\"https:\/\/guineediversite.com\/index.php\/2018\/11\/15\/le-capitaine-du-syli-national-ibrahima-traore-signe-forfait-contre-la-cote-divoire\/#article\",\"isPartOf\":{\"@id\":\"https:\/\/guineediversite.com\/index.php\/2018\/11\/15\/le-capitaine-du-syli-national-ibrahima-traore-signe-forfait-contre-la-cote-divoire\/\"},\"author\":{\"name\":\"Guin\u00e9e Diversit\u00e9\",\"@id\":\"https:\/\/guineediversite.com\/#\/schema\/person\/afa08fb34e7fc6e1feafc892612bc836\"},\"headline\":\"Le capitaine du syli national Ibrahima Traor\u00e9 signe forfait contre la C\u00f4te-d&rsquo;Ivoire\",\"datePublished\":\"2018-11-15T11:52:52+00:00\",\"dateModified\":\"2018-11-15T11:52:52+00:00\",\"mainEntityOfPage\":{\"@id\":\"https:\/\/guineediversite.com\/index.php\/2018\/11\/15\/le-capitaine-du-syli-national-ibrahima-traore-signe-forfait-contre-la-cote-divoire\/\"},\"wordCount\":195,\"publisher\":{\"@id\":\"https:\/\/guineediversite.com\/#organization\"},\"image\":{\"@id\":\"https:\/\/guineediversite.com\/index.php\/2018\/11\/15\/le-capitaine-du-syli-national-ibrahima-traore-signe-forfait-contre-la-cote-divoire\/#primaryimage\"},\"thumbnailUrl\":\"https:\/\/guineediversite.com\/wp-content\/uploads\/2018\/11\/IMG_20181113_210128_493.jpg\",\"articleSection\":[\"Sport\"],\"inLanguage\":\"fr-FR\"},{\"@type\":\"WebPage\",\"@id\":\"https:\/\/guineediversite.com\/index.php\/2018\/11\/15\/le-capitaine-du-syli-national-ibrahima-traore-signe-forfait-contre-la-cote-divoire\/\",\"url\":\"https:\/\/guineediversite.com\/index.php\/2018\/11\/15\/le-capitaine-du-syli-national-ibrahima-traore-signe-forfait-contre-la-cote-divoire\/\",\"name\":\"Le capitaine du syli national Ibrahima Traor\u00e9 signe forfait contre la C\u00f4te-d'Ivoire | Guin\u00e9e Diversit\u00e9\",\"isPartOf\":{\"@id\":\"https:\/\/guineediversite.com\/#website\"},\"primaryImageOfPage\":{\"@id\":\"https:\/\/guineediversite.com\/index.php\/2018\/11\/15\/le-capitaine-du-syli-national-ibrahima-traore-signe-forfait-contre-la-cote-divoire\/#primaryimage\"},\"image\":{\"@id\":\"https:\/\/guineediversite.com\/index.php\/2018\/11\/15\/le-capitaine-du-syli-national-ibrahima-traore-signe-forfait-contre-la-cote-divoire\/#primaryimage\"},\"thumbnailUrl\":\"https:\/\/guineediversite.com\/wp-content\/uploads\/2018\/11\/IMG_20181113_210128_493.jpg\",\"datePublished\":\"2018-11-15T11:52:52+00:00\",\"dateModified\":\"2018-11-15T11:52:52+00:00\",\"breadcrumb\":{\"@id\":\"https:\/\/guineediversite.com\/index.php\/2018\/11\/15\/le-capitaine-du-syli-national-ibrahima-traore-signe-forfait-contre-la-cote-divoire\/#breadcrumb\"},\"inLanguage\":\"fr-FR\",\"potentialAction\":[{\"@type\":\"ReadAction\",\"target\":[\"https:\/\/guineediversite.com\/index.php\/2018\/11\/15\/le-capitaine-du-syli-national-ibrahima-traore-signe-forfait-contre-la-cote-divoire\/\"]}]},{\"@type\":\"ImageObject\",\"inLanguage\":\"fr-FR\",\"@id\":\"https:\/\/guineediversite.com\/index.php\/2018\/11\/15\/le-capitaine-du-syli-national-ibrahima-traore-signe-forfait-contre-la-cote-divoire\/#primaryimage\",\"url\":\"https:\/\/guineediversite.com\/wp-content\/uploads\/2018\/11\/IMG_20181113_210128_493.jpg\",\"contentUrl\":\"https:\/\/guineediversite.com\/wp-content\/uploads\/2018\/11\/IMG_20181113_210128_493.jpg\",\"width\":1025,\"height\":1078},{\"@type\":\"BreadcrumbList\",\"@id\":\"https:\/\/guineediversite.com\/index.php\/2018\/11\/15\/le-capitaine-du-syli-national-ibrahima-traore-signe-forfait-contre-la-cote-divoire\/#breadcrumb\",\"itemListElement\":[{\"@type\":\"ListItem\",\"position\":1,\"name\":\"Accueil\",\"item\":\"https:\/\/guineediversite.com\/\"},{\"@type\":\"ListItem\",\"position\":2,\"name\":\"Le capitaine du syli national Ibrahima Traor\u00e9 signe forfait contre la C\u00f4te-d&rsquo;Ivoire\"}]},{\"@type\":\"WebSite\",\"@id\":\"https:\/\/guineediversite.com\/#website\",\"url\":\"https:\/\/guineediversite.com\/\",\"name\":\"Guin\u00e9e Diversit\u00e9\",\"description\":\"L&#039;Info dans toute sa diversit\u00e9\",\"publisher\":{\"@id\":\"https:\/\/guineediversite.com\/#organization\"},\"potentialAction\":[{\"@type\":\"SearchAction\",\"target\":{\"@type\":\"EntryPoint\",\"urlTemplate\":\"https:\/\/guineediversite.com\/?s={search_term_string}\"},\"query-input\":{\"@type\":\"PropertyValueSpecification\",\"valueRequired\":true,\"valueName\":\"search_term_string\"}}],\"inLanguage\":\"fr-FR\"},{\"@type\":\"Organization\",\"@id\":\"https:\/\/guineediversite.com\/#organization\",\"name\":\"Guin\u00e9e Diversit\u00e9\",\"url\":\"https:\/\/guineediversite.com\/\",\"logo\":{\"@type\":\"ImageObject\",\"inLanguage\":\"fr-FR\",\"@id\":\"https:\/\/guineediversite.com\/#\/schema\/logo\/image\/\",\"url\":\"https:\/\/guineediversite.com\/wp-content\/uploads\/2017\/04\/cropped-1jojlxEOMkX9Wyqfhe43D6kjPOGqBBKmx3EwWJqZ0cMrFF54yM49.png\",\"contentUrl\":\"https:\/\/guineediversite.com\/wp-content\/uploads\/2017\/04\/cropped-1jojlxEOMkX9Wyqfhe43D6kjPOGqBBKmx3EwWJqZ0cMrFF54yM49.png\",\"width\":186,\"height\":112,\"caption\":\"Guin\u00e9e Diversit\u00e9\"},\"image\":{\"@id\":\"https:\/\/guineediversite.com\/#\/schema\/logo\/image\/\"},\"sameAs\":[\"https:\/\/www.facebook.com\/guineediversite\/\",\"https:\/\/x.com\/GuineeDiversite\",\"https:\/\/www.youtube.com\/channel\/UC8sUY16qelG5ge6_D5SB83g\"]},{\"@type\":\"Person\",\"@id\":\"https:\/\/guineediversite.com\/#\/schema\/person\/afa08fb34e7fc6e1feafc892612bc836\",\"name\":\"Guin\u00e9e Diversit\u00e9\",\"image\":{\"@type\":\"ImageObject\",\"inLanguage\":\"fr-FR\",\"@id\":\"https:\/\/guineediversite.com\/#\/schema\/person\/image\/\",\"url\":\"https:\/\/secure.gravatar.com\/avatar\/50d5eb5b390f8b65ac30ac6f898eb83a?s=96&d=mm&r=g\",\"contentUrl\":\"https:\/\/secure.gravatar.com\/avatar\/50d5eb5b390f8b65ac30ac6f898eb83a?s=96&d=mm&r=g\",\"caption\":\"Guin\u00e9e Diversit\u00e9\"},\"url\":\"https:\/\/guineediversite.com\/index.php\/author\/guineediversite\/\"}]}<\/script>\n<!-- \/ Yoast SEO plugin. -->","yoast_head_json":{"title":"Le capitaine du syli national Ibrahima Traor\u00e9 signe forfait contre la C\u00f4te-d'Ivoire | Guin\u00e9e Diversit\u00e9","robots":{"index":"index","follow":"follow","max-snippet":"max-snippet:-1","max-image-preview":"max-image-preview:large","max-video-preview":"max-video-preview:-1"},"canonical":"https:\/\/guineediversite.com\/index.php\/2018\/11\/15\/le-capitaine-du-syli-national-ibrahima-traore-signe-forfait-contre-la-cote-divoire\/","og_locale":"fr_FR","og_type":"article","og_title":"Le capitaine du syli national Ibrahima Traor\u00e9 signe forfait contre la C\u00f4te-d'Ivoire | Guin\u00e9e Diversit\u00e9","og_description":"L&rsquo;\u00e9quipe Guin\u00e9enne entame le stage de pr\u00e9paration au Maroc avant la rencontre de la C\u00f4te-d&rsquo;Ivoire le 18 novembre au stade du 28 septembre de Conakry, Paul Put perd son capitaine Ibrahima Traor\u00e9 par la suite d&rsquo;une blessure aux adducteurs, il est sign\u00e9 forfait pour le match. La cinqui\u00e8me journ\u00e9e des \u00e9liminatoires de la CAN 2019 [&hellip;]","og_url":"https:\/\/guineediversite.com\/index.php\/2018\/11\/15\/le-capitaine-du-syli-national-ibrahima-traore-signe-forfait-contre-la-cote-divoire\/","og_site_name":"Guin\u00e9e Diversit\u00e9","article_publisher":"https:\/\/www.facebook.com\/guineediversite\/","article_published_time":"2018-11-15T11:52:52+00:00","og_image":[{"width":1025,"height":1078,"url":"https:\/\/guineediversite.com\/wp-content\/uploads\/2018\/11\/IMG_20181113_210128_493.jpg","type":"image\/jpeg"}],"author":"Guin\u00e9e Diversit\u00e9","twitter_card":"summary_large_image","twitter_creator":"@GuineeDiversite","twitter_site":"@GuineeDiversite","twitter_misc":{"\u00c9crit par":"Guin\u00e9e Diversit\u00e9","Dur\u00e9e de lecture estim\u00e9e":"1 minute"},"schema":{"@context":"https:\/\/schema.org","@graph":[{"@type":"Article","@id":"https:\/\/guineediversite.com\/index.php\/2018\/11\/15\/le-capitaine-du-syli-national-ibrahima-traore-signe-forfait-contre-la-cote-divoire\/#article","isPartOf":{"@id":"https:\/\/guineediversite.com\/index.php\/2018\/11\/15\/le-capitaine-du-syli-national-ibrahima-traore-signe-forfait-contre-la-cote-divoire\/"},"author":{"name":"Guin\u00e9e Diversit\u00e9","@id":"https:\/\/guineediversite.com\/#\/schema\/person\/afa08fb34e7fc6e1feafc892612bc836"},"headline":"Le capitaine du syli national Ibrahima Traor\u00e9 signe forfait contre la C\u00f4te-d&rsquo;Ivoire","datePublished":"2018-11-15T11:52:52+00:00","dateModified":"2018-11-15T11:52:52+00:00","mainEntityOfPage":{"@id":"https:\/\/guineediversite.com\/index.php\/2018\/11\/15\/le-capitaine-du-syli-national-ibrahima-traore-signe-forfait-contre-la-cote-divoire\/"},"wordCount":195,"publisher":{"@id":"https:\/\/guineediversite.com\/#organization"},"image":{"@id":"https:\/\/guineediversite.com\/index.php\/2018\/11\/15\/le-capitaine-du-syli-national-ibrahima-traore-signe-forfait-contre-la-cote-divoire\/#primaryimage"},"thumbnailUrl":"https:\/\/guineediversite.com\/wp-content\/uploads\/2018\/11\/IMG_20181113_210128_493.jpg","articleSection":["Sport"],"inLanguage":"fr-FR"},{"@type":"WebPage","@id":"https:\/\/guineediversite.com\/index.php\/2018\/11\/15\/le-capitaine-du-syli-national-ibrahima-traore-signe-forfait-contre-la-cote-divoire\/","url":"https:\/\/guineediversite.com\/index.php\/2018\/11\/15\/le-capitaine-du-syli-national-ibrahima-traore-signe-forfait-contre-la-cote-divoire\/","name":"Le capitaine du syli national Ibrahima Traor\u00e9 signe forfait contre la C\u00f4te-d'Ivoire | Guin\u00e9e Diversit\u00e9","isPartOf":{"@id":"https:\/\/guineediversite.com\/#website"},"primaryImageOfPage":{"@id":"https:\/\/guineediversite.com\/index.php\/2018\/11\/15\/le-capitaine-du-syli-national-ibrahima-traore-signe-forfait-contre-la-cote-divoire\/#primaryimage"},"image":{"@id":"https:\/\/guineediversite.com\/index.php\/2018\/11\/15\/le-capitaine-du-syli-national-ibrahima-traore-signe-forfait-contre-la-cote-divoire\/#primaryimage"},"thumbnailUrl":"https:\/\/guineediversite.com\/wp-content\/uploads\/2018\/11\/IMG_20181113_210128_493.jpg","datePublished":"2018-11-15T11:52:52+00:00","dateModified":"2018-11-15T11:52:52+00:00","breadcrumb":{"@id":"https:\/\/guineediversite.com\/index.php\/2018\/11\/15\/le-capitaine-du-syli-national-ibrahima-traore-signe-forfait-contre-la-cote-divoire\/#breadcrumb"},"inLanguage":"fr-FR","potentialAction":[{"@type":"ReadAction","target":["https:\/\/guineediversite.com\/index.php\/2018\/11\/15\/le-capitaine-du-syli-national-ibrahima-traore-signe-forfait-contre-la-cote-divoire\/"]}]},{"@type":"ImageObject","inLanguage":"fr-FR","@id":"https:\/\/guineediversite.com\/index.php\/2018\/11\/15\/le-capitaine-du-syli-national-ibrahima-traore-signe-forfait-contre-la-cote-divoire\/#primaryimage","url":"https:\/\/guineediversite.com\/wp-content\/uploads\/2018\/11\/IMG_20181113_210128_493.jpg","contentUrl":"https:\/\/guineediversite.com\/wp-content\/uploads\/2018\/11\/IMG_20181113_210128_493.jpg","width":1025,"height":1078},{"@type":"BreadcrumbList","@id":"https:\/\/guineediversite.com\/index.php\/2018\/11\/15\/le-capitaine-du-syli-national-ibrahima-traore-signe-forfait-contre-la-cote-divoire\/#breadcrumb","itemListElement":[{"@type":"ListItem","position":1,"name":"Accueil","item":"https:\/\/guineediversite.com\/"},{"@type":"ListItem","position":2,"name":"Le capitaine du syli national Ibrahima Traor\u00e9 signe forfait contre la C\u00f4te-d&rsquo;Ivoire"}]},{"@type":"WebSite","@id":"https:\/\/guineediversite.com\/#website","url":"https:\/\/guineediversite.com\/","name":"Guin\u00e9e Diversit\u00e9","description":"L&#039;Info dans toute sa diversit\u00e9","publisher":{"@id":"https:\/\/guineediversite.com\/#organization"},"potentialAction":[{"@type":"SearchAction","target":{"@type":"EntryPoint","urlTemplate":"https:\/\/guineediversite.com\/?s={search_term_string}"},"query-input":{"@type":"PropertyValueSpecification","valueRequired":true,"valueName":"search_term_string"}}],"inLanguage":"fr-FR"},{"@type":"Organization","@id":"https:\/\/guineediversite.com\/#organization","name":"Guin\u00e9e Diversit\u00e9","url":"https:\/\/guineediversite.com\/","logo":{"@type":"ImageObject","inLanguage":"fr-FR","@id":"https:\/\/guineediversite.com\/#\/schema\/logo\/image\/","url":"https:\/\/guineediversite.com\/wp-content\/uploads\/2017\/04\/cropped-1jojlxEOMkX9Wyqfhe43D6kjPOGqBBKmx3EwWJqZ0cMrFF54yM49.png","contentUrl":"https:\/\/guineediversite.com\/wp-content\/uploads\/2017\/04\/cropped-1jojlxEOMkX9Wyqfhe43D6kjPOGqBBKmx3EwWJqZ0cMrFF54yM49.png","width":186,"height":112,"caption":"Guin\u00e9e Diversit\u00e9"},"image":{"@id":"https:\/\/guineediversite.com\/#\/schema\/logo\/image\/"},"sameAs":["https:\/\/www.facebook.com\/guineediversite\/","https:\/\/x.com\/GuineeDiversite","https:\/\/www.youtube.com\/channel\/UC8sUY16qelG5ge6_D5SB83g"]},{"@type":"Person","@id":"https:\/\/guineediversite.com\/#\/schema\/person\/afa08fb34e7fc6e1feafc892612bc836","name":"Guin\u00e9e Diversit\u00e9","image":{"@type":"ImageObject","inLanguage":"fr-FR","@id":"https:\/\/guineediversite.com\/#\/schema\/person\/image\/","url":"https:\/\/secure.gravatar.com\/avatar\/50d5eb5b390f8b65ac30ac6f898eb83a?s=96&d=mm&r=g","contentUrl":"https:\/\/secure.gravatar.com\/avatar\/50d5eb5b390f8b65ac30ac6f898eb83a?s=96&d=mm&r=g","caption":"Guin\u00e9e Diversit\u00e9"},"url":"https:\/\/guineediversite.com\/index.php\/author\/guineediversite\/"}]}},"_links":{"self":[{"href":"https:\/\/guineediversite.com\/index.php\/wp-json\/wp\/v2\/posts\/27310"}],"collection":[{"href":"https:\/\/guineediversite.com\/index.php\/wp-json\/wp\/v2\/posts"}],"about":[{"href":"https:\/\/guineediversite.com\/index.php\/wp-json\/wp\/v2\/types\/post"}],"author":[{"embeddable":true,"href":"https:\/\/guineediversite.com\/index.php\/wp-json\/wp\/v2\/users\/12"}],"replies":[{"embeddable":true,"href":"https:\/\/guineediversite.com\/index.php\/wp-json\/wp\/v2\/comments?post=27310"}],"version-history":[{"count":0,"href":"https:\/\/guineediversite.com\/index.php\/wp-json\/wp\/v2\/posts\/27310\/revisions"}],"wp:featuredmedia":[{"embeddable":true,"href":"https:\/\/guineediversite.com\/index.php\/wp-json\/wp\/v2\/media\/27311"}],"wp:attachment":[{"href":"https:\/\/guineediversite.com\/index.php\/wp-json\/wp\/v2\/media?parent=27310"}],"wp:term":[{"taxonomy":"category","embeddable":true,"href":"https:\/\/guineediversite.com\/index.php\/wp-json\/wp\/v2\/categories?post=27310"},{"taxonomy":"post_tag","embeddable":true,"href":"https:\/\/guineediversite.com\/index.php\/wp-json\/wp\/v2\/tags?post=27310"}],"curies":[{"name":"wp","href":"https:\/\/api.w.org\/{rel}","templated":true}]}}