{"id":27307,"date":"2018-11-15T12:49:00","date_gmt":"2018-11-15T11:49:00","guid":{"rendered":"https:\/\/guineediversite.com\/?p=27307"},"modified":"2018-11-15T12:49:00","modified_gmt":"2018-11-15T11:49:00","slug":"la-reaction-des-citoyens-guineens-pour-le-match-guinee-cote-divoire","status":"publish","type":"post","link":"https:\/\/guineediversite.com\/index.php\/2018\/11\/15\/la-reaction-des-citoyens-guineens-pour-le-match-guinee-cote-divoire\/","title":{"rendered":"La r\u00e9action des citoyens Guin\u00e9ens pour le match Guin\u00e9e C\u00f4te-d&rsquo;Ivoire"},"content":{"rendered":"<p>Quelques jours avant la rencontre entre la Guin\u00e9e et la C\u00f4te-d&rsquo;Ivoire pour la cinqui\u00e8me journ\u00e9e des \u00e9liminatoires de la CAN 2019. Les citoyens ont donn\u00e9s\u00a0 leur avis \u00e0 propos de cette rencontre \u00e0 domicile.<br \/>\nMohamed Camara Fid\u00e8le donne son avis\u00a0: \u00ab\u00a0 mon avis est simple et objectif, parce que cette \u00e9quipe de syli que j&rsquo;ai vu, c&rsquo;est une \u00e9quipe rajeunie jeune, tr\u00e8s motiv\u00e9e, envier pour quelques choses, je suis s\u00fbre qu\u2019avec l&rsquo;\u00e9quipe nationale Ivoirienne que j&rsquo;ai vu aussi. Le syli sera capable de se tirer d&rsquo;affaires contre l&rsquo;\u00e9quipe de\u00a0 la C\u00f4te-d&rsquo;Ivoire. Je souligne qu\u2019il \u00a0y&rsquo;a un souci franchement sur le c\u00f4t\u00e9 gauche, sa d\u00e9fend pas bien, offensivement sa travaille beaucoup, mais d\u00e9fensivement c&rsquo;est ce c\u00f4t\u00e9 que l&rsquo;entra\u00eeneur doit m\u00e8tre un soutien. L&rsquo;\u00e9quipe Ivoirienne ne viendra pas pour se promener c&rsquo;est \u00e0 dire elle\u00a0\u00a0 vienne pour gagner le match\u00a0 avec toutes les armes n\u00e9cessaire. Mais je suis s\u00fbre que le syli\u00a0 sera l\u00e0 pour r\u00e9pondre avec tous les arguments afin de ne pas faire une d\u00e9faite\u00a0 en Guin\u00e9e\u00a0\u00bb.<br \/>\nNaby Cont\u00e9 s&rsquo;adresse un message particulier aux joueurs:\u00a0\u00ab\u00a0c&rsquo;est un message que je vais lancer directement aux joueurs, si r\u00e9ellement ton papa ne cherche pas\u00a0\u00a0\u00e0 organiser ta vie, toi m\u00eame cherche \u00e0 te battre pour trouver \u00e0 l&rsquo;opinion ce que tu peux faire, le match est d\u00e9cisif,\u00a0 sa fait deux CAN\u00a0\u00a0 ou plus m\u00eame que la Guin\u00e9e n&rsquo;a pas participer cette comp\u00e9tition continentale. Je demande aux joueurs de faire un effort\u00a0 pour gagner ce match on joue \u00e0 domicile, de la m\u00eame mani\u00e8re qu\u2019on \u00e0 battu les Ivoiriens chez eux, et on peut le faire ici aussi\u00a0\u00bb.<br \/>\nAbdoulaye Bah reste optimiste pour ce match:\u00a0\u00ab\u00a0 je suis optimiste contre les Ivoiriens, car ils ne vont pas se faire comme le match aller il faut que le syli soit tr\u00e8s vigilant\u00a0\u00bb.<br \/>\nSalifou Bangoura lui croit \u00e0 la victoire : \u00ab\u00a0 je crois \u00e0 la victoire de la Guin\u00e9e\u00a0 sur un score de 3 buts \u00e0 un et la Guin\u00e9e va se qualifier\u00a0\u00bb.<\/p>\n<p>Le match de la Guin\u00e9e C\u00f4te-d&rsquo;Ivoire qui va se jouer le dimanche 18 novembre \u00a0prochain au stade du 28 septembre de Conakry, m\u00eame un match nul suffit \u00e0 la Guin\u00e9e pour se qualifier \u00e0 la CAN2019.<\/p>\n<p>Ibrahima Fatimatou<\/p>\n","protected":false},"excerpt":{"rendered":"<p>Quelques jours avant la rencontre entre la Guin\u00e9e et la C\u00f4te-d&rsquo;Ivoire pour la cinqui\u00e8me journ\u00e9e des \u00e9liminatoires de la CAN 2019. Les citoyens ont donn\u00e9s\u00a0 leur avis \u00e0 propos de cette rencontre \u00e0 domicile. Mohamed Camara Fid\u00e8le donne son avis\u00a0: \u00ab\u00a0 mon avis est simple et objectif, parce que cette \u00e9quipe de syli que j&rsquo;ai [&hellip;]<\/p>\n","protected":false},"author":7,"featured_media":27308,"comment_status":"closed","ping_status":"closed","sticky":false,"template":"","format":"standard","meta":{"_exactmetrics_skip_tracking":false,"_exactmetrics_sitenote_active":false,"_exactmetrics_sitenote_note":"","_exactmetrics_sitenote_category":0,"tdm_status":"","tdm_grid_status":"","footnotes":""},"categories":[18],"tags":[],"class_list":{"0":"post-27307","1":"post","2":"type-post","3":"status-publish","4":"format-standard","5":"has-post-thumbnail","7":"category-sport"},"yoast_head":"<!-- This site is optimized with the Yoast SEO plugin v24.2 - https:\/\/yoast.com\/wordpress\/plugins\/seo\/ -->\n<title>La r\u00e9action des citoyens Guin\u00e9ens pour le match Guin\u00e9e C\u00f4te-d&#039;Ivoire | Guin\u00e9e Diversit\u00e9<\/title>\n<meta name=\"robots\" content=\"index, follow, max-snippet:-1, max-image-preview:large, max-video-preview:-1\" \/>\n<link rel=\"canonical\" href=\"https:\/\/guineediversite.com\/index.php\/2018\/11\/15\/la-reaction-des-citoyens-guineens-pour-le-match-guinee-cote-divoire\/\" \/>\n<meta property=\"og:locale\" content=\"fr_FR\" \/>\n<meta property=\"og:type\" content=\"article\" \/>\n<meta property=\"og:title\" content=\"La r\u00e9action des citoyens Guin\u00e9ens pour le match Guin\u00e9e C\u00f4te-d&#039;Ivoire | Guin\u00e9e Diversit\u00e9\" \/>\n<meta property=\"og:description\" content=\"Quelques jours avant la rencontre entre la Guin\u00e9e et la C\u00f4te-d&rsquo;Ivoire pour la cinqui\u00e8me journ\u00e9e des \u00e9liminatoires de la CAN 2019. Les citoyens ont donn\u00e9s\u00a0 leur avis \u00e0 propos de cette rencontre \u00e0 domicile. Mohamed Camara Fid\u00e8le donne son avis\u00a0: \u00ab\u00a0 mon avis est simple et objectif, parce que cette \u00e9quipe de syli que j&rsquo;ai [&hellip;]\" \/>\n<meta property=\"og:url\" content=\"https:\/\/guineediversite.com\/index.php\/2018\/11\/15\/la-reaction-des-citoyens-guineens-pour-le-match-guinee-cote-divoire\/\" \/>\n<meta property=\"og:site_name\" content=\"Guin\u00e9e Diversit\u00e9\" \/>\n<meta property=\"article:publisher\" content=\"https:\/\/www.facebook.com\/guineediversite\/\" \/>\n<meta property=\"article:published_time\" content=\"2018-11-15T11:49:00+00:00\" \/>\n<meta property=\"og:image\" content=\"https:\/\/guineediversite.com\/wp-content\/uploads\/2018\/11\/t\u00e9l\u00e9chargement.jpg\" \/>\n\t<meta property=\"og:image:width\" content=\"1024\" \/>\n\t<meta property=\"og:image:height\" content=\"741\" \/>\n\t<meta property=\"og:image:type\" content=\"image\/jpeg\" \/>\n<meta name=\"author\" content=\"Bilguissa Diallo\" \/>\n<meta name=\"twitter:card\" content=\"summary_large_image\" \/>\n<meta name=\"twitter:creator\" content=\"@GuineeDiversite\" \/>\n<meta name=\"twitter:site\" content=\"@GuineeDiversite\" \/>\n<meta name=\"twitter:label1\" content=\"\u00c9crit par\" \/>\n\t<meta name=\"twitter:data1\" content=\"Bilguissa Diallo\" \/>\n\t<meta name=\"twitter:label2\" content=\"Dur\u00e9e de lecture estim\u00e9e\" \/>\n\t<meta name=\"twitter:data2\" content=\"2 minutes\" \/>\n<script type=\"application\/ld+json\" class=\"yoast-schema-graph\">{\"@context\":\"https:\/\/schema.org\",\"@graph\":[{\"@type\":\"Article\",\"@id\":\"https:\/\/guineediversite.com\/index.php\/2018\/11\/15\/la-reaction-des-citoyens-guineens-pour-le-match-guinee-cote-divoire\/#article\",\"isPartOf\":{\"@id\":\"https:\/\/guineediversite.com\/index.php\/2018\/11\/15\/la-reaction-des-citoyens-guineens-pour-le-match-guinee-cote-divoire\/\"},\"author\":{\"name\":\"Bilguissa Diallo\",\"@id\":\"https:\/\/guineediversite.com\/#\/schema\/person\/0e0e3e424768a50d025ac2218ccca73f\"},\"headline\":\"La r\u00e9action des citoyens Guin\u00e9ens pour le match Guin\u00e9e C\u00f4te-d&rsquo;Ivoire\",\"datePublished\":\"2018-11-15T11:49:00+00:00\",\"dateModified\":\"2018-11-15T11:49:00+00:00\",\"mainEntityOfPage\":{\"@id\":\"https:\/\/guineediversite.com\/index.php\/2018\/11\/15\/la-reaction-des-citoyens-guineens-pour-le-match-guinee-cote-divoire\/\"},\"wordCount\":418,\"publisher\":{\"@id\":\"https:\/\/guineediversite.com\/#organization\"},\"image\":{\"@id\":\"https:\/\/guineediversite.com\/index.php\/2018\/11\/15\/la-reaction-des-citoyens-guineens-pour-le-match-guinee-cote-divoire\/#primaryimage\"},\"thumbnailUrl\":\"https:\/\/guineediversite.com\/wp-content\/uploads\/2018\/11\/t\u00e9l\u00e9chargement.jpg\",\"articleSection\":[\"Sport\"],\"inLanguage\":\"fr-FR\"},{\"@type\":\"WebPage\",\"@id\":\"https:\/\/guineediversite.com\/index.php\/2018\/11\/15\/la-reaction-des-citoyens-guineens-pour-le-match-guinee-cote-divoire\/\",\"url\":\"https:\/\/guineediversite.com\/index.php\/2018\/11\/15\/la-reaction-des-citoyens-guineens-pour-le-match-guinee-cote-divoire\/\",\"name\":\"La r\u00e9action des citoyens Guin\u00e9ens pour le match Guin\u00e9e C\u00f4te-d'Ivoire | Guin\u00e9e Diversit\u00e9\",\"isPartOf\":{\"@id\":\"https:\/\/guineediversite.com\/#website\"},\"primaryImageOfPage\":{\"@id\":\"https:\/\/guineediversite.com\/index.php\/2018\/11\/15\/la-reaction-des-citoyens-guineens-pour-le-match-guinee-cote-divoire\/#primaryimage\"},\"image\":{\"@id\":\"https:\/\/guineediversite.com\/index.php\/2018\/11\/15\/la-reaction-des-citoyens-guineens-pour-le-match-guinee-cote-divoire\/#primaryimage\"},\"thumbnailUrl\":\"https:\/\/guineediversite.com\/wp-content\/uploads\/2018\/11\/t\u00e9l\u00e9chargement.jpg\",\"datePublished\":\"2018-11-15T11:49:00+00:00\",\"dateModified\":\"2018-11-15T11:49:00+00:00\",\"breadcrumb\":{\"@id\":\"https:\/\/guineediversite.com\/index.php\/2018\/11\/15\/la-reaction-des-citoyens-guineens-pour-le-match-guinee-cote-divoire\/#breadcrumb\"},\"inLanguage\":\"fr-FR\",\"potentialAction\":[{\"@type\":\"ReadAction\",\"target\":[\"https:\/\/guineediversite.com\/index.php\/2018\/11\/15\/la-reaction-des-citoyens-guineens-pour-le-match-guinee-cote-divoire\/\"]}]},{\"@type\":\"ImageObject\",\"inLanguage\":\"fr-FR\",\"@id\":\"https:\/\/guineediversite.com\/index.php\/2018\/11\/15\/la-reaction-des-citoyens-guineens-pour-le-match-guinee-cote-divoire\/#primaryimage\",\"url\":\"https:\/\/guineediversite.com\/wp-content\/uploads\/2018\/11\/t\u00e9l\u00e9chargement.jpg\",\"contentUrl\":\"https:\/\/guineediversite.com\/wp-content\/uploads\/2018\/11\/t\u00e9l\u00e9chargement.jpg\",\"width\":1024,\"height\":741},{\"@type\":\"BreadcrumbList\",\"@id\":\"https:\/\/guineediversite.com\/index.php\/2018\/11\/15\/la-reaction-des-citoyens-guineens-pour-le-match-guinee-cote-divoire\/#breadcrumb\",\"itemListElement\":[{\"@type\":\"ListItem\",\"position\":1,\"name\":\"Accueil\",\"item\":\"https:\/\/guineediversite.com\/\"},{\"@type\":\"ListItem\",\"position\":2,\"name\":\"La r\u00e9action des citoyens Guin\u00e9ens pour le match Guin\u00e9e C\u00f4te-d&rsquo;Ivoire\"}]},{\"@type\":\"WebSite\",\"@id\":\"https:\/\/guineediversite.com\/#website\",\"url\":\"https:\/\/guineediversite.com\/\",\"name\":\"Guin\u00e9e Diversit\u00e9\",\"description\":\"L&#039;Info dans toute sa diversit\u00e9\",\"publisher\":{\"@id\":\"https:\/\/guineediversite.com\/#organization\"},\"potentialAction\":[{\"@type\":\"SearchAction\",\"target\":{\"@type\":\"EntryPoint\",\"urlTemplate\":\"https:\/\/guineediversite.com\/?s={search_term_string}\"},\"query-input\":{\"@type\":\"PropertyValueSpecification\",\"valueRequired\":true,\"valueName\":\"search_term_string\"}}],\"inLanguage\":\"fr-FR\"},{\"@type\":\"Organization\",\"@id\":\"https:\/\/guineediversite.com\/#organization\",\"name\":\"Guin\u00e9e Diversit\u00e9\",\"url\":\"https:\/\/guineediversite.com\/\",\"logo\":{\"@type\":\"ImageObject\",\"inLanguage\":\"fr-FR\",\"@id\":\"https:\/\/guineediversite.com\/#\/schema\/logo\/image\/\",\"url\":\"https:\/\/guineediversite.com\/wp-content\/uploads\/2017\/04\/cropped-1jojlxEOMkX9Wyqfhe43D6kjPOGqBBKmx3EwWJqZ0cMrFF54yM49.png\",\"contentUrl\":\"https:\/\/guineediversite.com\/wp-content\/uploads\/2017\/04\/cropped-1jojlxEOMkX9Wyqfhe43D6kjPOGqBBKmx3EwWJqZ0cMrFF54yM49.png\",\"width\":186,\"height\":112,\"caption\":\"Guin\u00e9e Diversit\u00e9\"},\"image\":{\"@id\":\"https:\/\/guineediversite.com\/#\/schema\/logo\/image\/\"},\"sameAs\":[\"https:\/\/www.facebook.com\/guineediversite\/\",\"https:\/\/x.com\/GuineeDiversite\",\"https:\/\/www.youtube.com\/channel\/UC8sUY16qelG5ge6_D5SB83g\"]},{\"@type\":\"Person\",\"@id\":\"https:\/\/guineediversite.com\/#\/schema\/person\/0e0e3e424768a50d025ac2218ccca73f\",\"name\":\"Bilguissa Diallo\",\"image\":{\"@type\":\"ImageObject\",\"inLanguage\":\"fr-FR\",\"@id\":\"https:\/\/guineediversite.com\/#\/schema\/person\/image\/\",\"url\":\"https:\/\/secure.gravatar.com\/avatar\/49bbbd2420ee34d62b1b191791f4b5df?s=96&d=mm&r=g\",\"contentUrl\":\"https:\/\/secure.gravatar.com\/avatar\/49bbbd2420ee34d62b1b191791f4b5df?s=96&d=mm&r=g\",\"caption\":\"Bilguissa Diallo\"},\"url\":\"https:\/\/guineediversite.com\/index.php\/author\/bilguissa\/\"}]}<\/script>\n<!-- \/ Yoast SEO plugin. -->","yoast_head_json":{"title":"La r\u00e9action des citoyens Guin\u00e9ens pour le match Guin\u00e9e C\u00f4te-d'Ivoire | Guin\u00e9e Diversit\u00e9","robots":{"index":"index","follow":"follow","max-snippet":"max-snippet:-1","max-image-preview":"max-image-preview:large","max-video-preview":"max-video-preview:-1"},"canonical":"https:\/\/guineediversite.com\/index.php\/2018\/11\/15\/la-reaction-des-citoyens-guineens-pour-le-match-guinee-cote-divoire\/","og_locale":"fr_FR","og_type":"article","og_title":"La r\u00e9action des citoyens Guin\u00e9ens pour le match Guin\u00e9e C\u00f4te-d'Ivoire | Guin\u00e9e Diversit\u00e9","og_description":"Quelques jours avant la rencontre entre la Guin\u00e9e et la C\u00f4te-d&rsquo;Ivoire pour la cinqui\u00e8me journ\u00e9e des \u00e9liminatoires de la CAN 2019. Les citoyens ont donn\u00e9s\u00a0 leur avis \u00e0 propos de cette rencontre \u00e0 domicile. Mohamed Camara Fid\u00e8le donne son avis\u00a0: \u00ab\u00a0 mon avis est simple et objectif, parce que cette \u00e9quipe de syli que j&rsquo;ai [&hellip;]","og_url":"https:\/\/guineediversite.com\/index.php\/2018\/11\/15\/la-reaction-des-citoyens-guineens-pour-le-match-guinee-cote-divoire\/","og_site_name":"Guin\u00e9e Diversit\u00e9","article_publisher":"https:\/\/www.facebook.com\/guineediversite\/","article_published_time":"2018-11-15T11:49:00+00:00","og_image":[{"width":1024,"height":741,"url":"https:\/\/guineediversite.com\/wp-content\/uploads\/2018\/11\/t\u00e9l\u00e9chargement.jpg","type":"image\/jpeg"}],"author":"Bilguissa Diallo","twitter_card":"summary_large_image","twitter_creator":"@GuineeDiversite","twitter_site":"@GuineeDiversite","twitter_misc":{"\u00c9crit par":"Bilguissa Diallo","Dur\u00e9e de lecture estim\u00e9e":"2 minutes"},"schema":{"@context":"https:\/\/schema.org","@graph":[{"@type":"Article","@id":"https:\/\/guineediversite.com\/index.php\/2018\/11\/15\/la-reaction-des-citoyens-guineens-pour-le-match-guinee-cote-divoire\/#article","isPartOf":{"@id":"https:\/\/guineediversite.com\/index.php\/2018\/11\/15\/la-reaction-des-citoyens-guineens-pour-le-match-guinee-cote-divoire\/"},"author":{"name":"Bilguissa Diallo","@id":"https:\/\/guineediversite.com\/#\/schema\/person\/0e0e3e424768a50d025ac2218ccca73f"},"headline":"La r\u00e9action des citoyens Guin\u00e9ens pour le match Guin\u00e9e C\u00f4te-d&rsquo;Ivoire","datePublished":"2018-11-15T11:49:00+00:00","dateModified":"2018-11-15T11:49:00+00:00","mainEntityOfPage":{"@id":"https:\/\/guineediversite.com\/index.php\/2018\/11\/15\/la-reaction-des-citoyens-guineens-pour-le-match-guinee-cote-divoire\/"},"wordCount":418,"publisher":{"@id":"https:\/\/guineediversite.com\/#organization"},"image":{"@id":"https:\/\/guineediversite.com\/index.php\/2018\/11\/15\/la-reaction-des-citoyens-guineens-pour-le-match-guinee-cote-divoire\/#primaryimage"},"thumbnailUrl":"https:\/\/guineediversite.com\/wp-content\/uploads\/2018\/11\/t\u00e9l\u00e9chargement.jpg","articleSection":["Sport"],"inLanguage":"fr-FR"},{"@type":"WebPage","@id":"https:\/\/guineediversite.com\/index.php\/2018\/11\/15\/la-reaction-des-citoyens-guineens-pour-le-match-guinee-cote-divoire\/","url":"https:\/\/guineediversite.com\/index.php\/2018\/11\/15\/la-reaction-des-citoyens-guineens-pour-le-match-guinee-cote-divoire\/","name":"La r\u00e9action des citoyens Guin\u00e9ens pour le match Guin\u00e9e C\u00f4te-d'Ivoire | Guin\u00e9e Diversit\u00e9","isPartOf":{"@id":"https:\/\/guineediversite.com\/#website"},"primaryImageOfPage":{"@id":"https:\/\/guineediversite.com\/index.php\/2018\/11\/15\/la-reaction-des-citoyens-guineens-pour-le-match-guinee-cote-divoire\/#primaryimage"},"image":{"@id":"https:\/\/guineediversite.com\/index.php\/2018\/11\/15\/la-reaction-des-citoyens-guineens-pour-le-match-guinee-cote-divoire\/#primaryimage"},"thumbnailUrl":"https:\/\/guineediversite.com\/wp-content\/uploads\/2018\/11\/t\u00e9l\u00e9chargement.jpg","datePublished":"2018-11-15T11:49:00+00:00","dateModified":"2018-11-15T11:49:00+00:00","breadcrumb":{"@id":"https:\/\/guineediversite.com\/index.php\/2018\/11\/15\/la-reaction-des-citoyens-guineens-pour-le-match-guinee-cote-divoire\/#breadcrumb"},"inLanguage":"fr-FR","potentialAction":[{"@type":"ReadAction","target":["https:\/\/guineediversite.com\/index.php\/2018\/11\/15\/la-reaction-des-citoyens-guineens-pour-le-match-guinee-cote-divoire\/"]}]},{"@type":"ImageObject","inLanguage":"fr-FR","@id":"https:\/\/guineediversite.com\/index.php\/2018\/11\/15\/la-reaction-des-citoyens-guineens-pour-le-match-guinee-cote-divoire\/#primaryimage","url":"https:\/\/guineediversite.com\/wp-content\/uploads\/2018\/11\/t\u00e9l\u00e9chargement.jpg","contentUrl":"https:\/\/guineediversite.com\/wp-content\/uploads\/2018\/11\/t\u00e9l\u00e9chargement.jpg","width":1024,"height":741},{"@type":"BreadcrumbList","@id":"https:\/\/guineediversite.com\/index.php\/2018\/11\/15\/la-reaction-des-citoyens-guineens-pour-le-match-guinee-cote-divoire\/#breadcrumb","itemListElement":[{"@type":"ListItem","position":1,"name":"Accueil","item":"https:\/\/guineediversite.com\/"},{"@type":"ListItem","position":2,"name":"La r\u00e9action des citoyens Guin\u00e9ens pour le match Guin\u00e9e C\u00f4te-d&rsquo;Ivoire"}]},{"@type":"WebSite","@id":"https:\/\/guineediversite.com\/#website","url":"https:\/\/guineediversite.com\/","name":"Guin\u00e9e Diversit\u00e9","description":"L&#039;Info dans toute sa diversit\u00e9","publisher":{"@id":"https:\/\/guineediversite.com\/#organization"},"potentialAction":[{"@type":"SearchAction","target":{"@type":"EntryPoint","urlTemplate":"https:\/\/guineediversite.com\/?s={search_term_string}"},"query-input":{"@type":"PropertyValueSpecification","valueRequired":true,"valueName":"search_term_string"}}],"inLanguage":"fr-FR"},{"@type":"Organization","@id":"https:\/\/guineediversite.com\/#organization","name":"Guin\u00e9e Diversit\u00e9","url":"https:\/\/guineediversite.com\/","logo":{"@type":"ImageObject","inLanguage":"fr-FR","@id":"https:\/\/guineediversite.com\/#\/schema\/logo\/image\/","url":"https:\/\/guineediversite.com\/wp-content\/uploads\/2017\/04\/cropped-1jojlxEOMkX9Wyqfhe43D6kjPOGqBBKmx3EwWJqZ0cMrFF54yM49.png","contentUrl":"https:\/\/guineediversite.com\/wp-content\/uploads\/2017\/04\/cropped-1jojlxEOMkX9Wyqfhe43D6kjPOGqBBKmx3EwWJqZ0cMrFF54yM49.png","width":186,"height":112,"caption":"Guin\u00e9e Diversit\u00e9"},"image":{"@id":"https:\/\/guineediversite.com\/#\/schema\/logo\/image\/"},"sameAs":["https:\/\/www.facebook.com\/guineediversite\/","https:\/\/x.com\/GuineeDiversite","https:\/\/www.youtube.com\/channel\/UC8sUY16qelG5ge6_D5SB83g"]},{"@type":"Person","@id":"https:\/\/guineediversite.com\/#\/schema\/person\/0e0e3e424768a50d025ac2218ccca73f","name":"Bilguissa Diallo","image":{"@type":"ImageObject","inLanguage":"fr-FR","@id":"https:\/\/guineediversite.com\/#\/schema\/person\/image\/","url":"https:\/\/secure.gravatar.com\/avatar\/49bbbd2420ee34d62b1b191791f4b5df?s=96&d=mm&r=g","contentUrl":"https:\/\/secure.gravatar.com\/avatar\/49bbbd2420ee34d62b1b191791f4b5df?s=96&d=mm&r=g","caption":"Bilguissa Diallo"},"url":"https:\/\/guineediversite.com\/index.php\/author\/bilguissa\/"}]}},"_links":{"self":[{"href":"https:\/\/guineediversite.com\/index.php\/wp-json\/wp\/v2\/posts\/27307"}],"collection":[{"href":"https:\/\/guineediversite.com\/index.php\/wp-json\/wp\/v2\/posts"}],"about":[{"href":"https:\/\/guineediversite.com\/index.php\/wp-json\/wp\/v2\/types\/post"}],"author":[{"embeddable":true,"href":"https:\/\/guineediversite.com\/index.php\/wp-json\/wp\/v2\/users\/7"}],"replies":[{"embeddable":true,"href":"https:\/\/guineediversite.com\/index.php\/wp-json\/wp\/v2\/comments?post=27307"}],"version-history":[{"count":0,"href":"https:\/\/guineediversite.com\/index.php\/wp-json\/wp\/v2\/posts\/27307\/revisions"}],"wp:featuredmedia":[{"embeddable":true,"href":"https:\/\/guineediversite.com\/index.php\/wp-json\/wp\/v2\/media\/27308"}],"wp:attachment":[{"href":"https:\/\/guineediversite.com\/index.php\/wp-json\/wp\/v2\/media?parent=27307"}],"wp:term":[{"taxonomy":"category","embeddable":true,"href":"https:\/\/guineediversite.com\/index.php\/wp-json\/wp\/v2\/categories?post=27307"},{"taxonomy":"post_tag","embeddable":true,"href":"https:\/\/guineediversite.com\/index.php\/wp-json\/wp\/v2\/tags?post=27307"}],"curies":[{"name":"wp","href":"https:\/\/api.w.org\/{rel}","templated":true}]}}