{"id":27304,"date":"2018-11-14T17:33:20","date_gmt":"2018-11-14T16:33:20","guid":{"rendered":"https:\/\/guineediversite.com\/?p=27304"},"modified":"2018-11-14T17:33:20","modified_gmt":"2018-11-14T16:33:20","slug":"gabon-un-conseil-des-ministres-sans-ali-bongo-dici-la-fin-de-la-semaine","status":"publish","type":"post","link":"https:\/\/guineediversite.com\/index.php\/2018\/11\/14\/gabon-un-conseil-des-ministres-sans-ali-bongo-dici-la-fin-de-la-semaine\/","title":{"rendered":"Gabon : un Conseil des ministres sans Ali Bongo \u00ab d\u2019ici la fin de la semaine \u00bb ?"},"content":{"rendered":"<p><strong>La confusion r\u00e8gne autour d&rsquo;un possible Conseil des ministres qui aurait \u00e9t\u00e9 convoqu\u00e9 par Pierre-Claver Maganga Moussavou, le vice-pr\u00e9sident, en l&rsquo;absence du chef de l&rsquo;\u00c9tat Ali Bongo Ondimba. Jeune Afrique d\u00e9m\u00eale le vrai du faux.<\/strong><\/p>\n<p>\u00ab\u00a0Sous la haute pr\u00e9sidence du Vice-Pr\u00e9sident de la R\u00e9publique Gabonaise,\u00a0<a href=\"https:\/\/www.jeuneafrique.com\/467710\/politique\/gabon-qui-est-pierre-claver-maganga-moussavou-lopposant-nomme-vice-president-par-ali-bongo-ondimba\/\">Pierre-Claver Maganga Moussavou<\/a>, un conseil des ministres se tiendra ce mercredi 14 Novembre 2018 \u00e0 11h00 dans la salle habituelle du Palais de la Pr\u00e9sidence de la R\u00e9publique\u00a0\u00bb. L\u2019information, donn\u00e9e par\u00a0<em>Gabon24<\/em>, a fait grand bruit dans la soir\u00e9e du 13 novembre. Probl\u00e8me : celle-ci \u00e9tait fausse et le tweet qui l\u2019annon\u00e7ait a \u00e9t\u00e9 supprim\u00e9 rapidement.<\/p>\n<p><strong><a href=\"https:\/\/www.jeuneafrique.com\/660148\/politique\/gabon-qui-est-a-la-manoeuvre-depuis-lhospitalisation-dali-bongo-ondimba\/\">Gabon : qui est \u00e0 la man\u0153uvre depuis l\u2019hospitalisation d\u2019Ali Bongo\u00a0Ondimba ?<\/a><\/strong><\/p>\n<p>Selon nos informations, un Conseil des ministres est bel et bien en pr\u00e9paration au Gabon, en l\u2019absence d\u2019<a href=\"https:\/\/www.jeuneafrique.com\/654059\/politique\/gabon-ali-bongo-ondimba-a-ete-hospitalise-en-arabie-saoudite-pour-une-legere-fatigue\/\">Ali Bongo Ondimba, hospitalis\u00e9 en Arabie saoudite depuis le 24 octobre<\/a>. Le Premier ministre,\u00a0<a href=\"https:\/\/www.jeuneafrique.com\/mag\/562517\/politique\/gabon-emmanuel-issoze-ngondet-nous-navons-pas-peur-des-elections\/\">Emmanuel Issoze Ngondet<\/a>, a en effet saisi\u00a0<a href=\"https:\/\/www.jeuneafrique.com\/634466\/politique\/tribune-la-cour-constitutionnelle-du-gabon-remet-en-cause-le-principe-degalite-des-justiciables\/\">la Cour constitutionnelle<\/a>, qui a le pouvoir d\u2019autoriser le vice-pr\u00e9sident \u00e0 convoquer une s\u00e9ance en cas de circonstances exceptionnelles.<\/p>\n<p><strong>Pas d\u2019autorisation d\u2019Ali Bongo avant son d\u00e9part<\/strong><\/p>\n<p>Selon Pierre-Claver Maganga Moussavou, contact\u00e9 par\u00a0<em>Jeune Afrique<\/em>\u00a0mercredi 14 novembre, l\u2019autorisation de la Cour constitutionnelle, pr\u00e9sid\u00e9e depuis 1991 par\u00a0<a href=\"https:\/\/www.jeuneafrique.com\/mag\/527060\/politique\/gabon-marie-madeleine-mborantsuo-interrogee-par-la-police-francaise\/\">Marie-Madeleine Mborantsuo<\/a>, pourrait intervenir rapidement et un Conseil des ministres pourrait avoir lieu \u00ab\u00a0peut-\u00eatre d\u2019ici la fin de la semaine\u00a0\u00bb.<\/p>\n<p><strong>UN AUTRE CAS AUTORISERAIT LE VICE-PR\u00c9SIDENT \u00c0 CONVOQUER L\u2019\u00c9QUIPE GOUVERNEMENTALE : UNE HABILITATION EXPRESSE DU CHEF DE L\u2019\u00c9TAT<\/strong><\/p>\n<p>Un autre cas de figure autoriserait le vice-pr\u00e9sident \u00e0 convoquer l\u2019\u00e9quipe gouvernementale : une habilitation expresse et circonstanci\u00e9e du chef de l\u2019\u00c9tat \u00e0 son collaborateur pour la dur\u00e9e de son s\u00e9jour en Arabie saoudite. Mais aucun document de la sorte ne semble avoir \u00e9t\u00e9 sign\u00e9 par Ali Bongo Ondimba avant son d\u00e9part pour Riyad.<\/p>\n<p>JA<\/p>\n","protected":false},"excerpt":{"rendered":"<p>La confusion r\u00e8gne autour d&rsquo;un possible Conseil des ministres qui aurait \u00e9t\u00e9 convoqu\u00e9 par Pierre-Claver Maganga Moussavou, le vice-pr\u00e9sident, en l&rsquo;absence du chef de l&rsquo;\u00c9tat Ali Bongo Ondimba. Jeune Afrique d\u00e9m\u00eale le vrai du faux. \u00ab\u00a0Sous la haute pr\u00e9sidence du Vice-Pr\u00e9sident de la R\u00e9publique Gabonaise,\u00a0Pierre-Claver Maganga Moussavou, un conseil des ministres se tiendra ce mercredi [&hellip;]<\/p>\n","protected":false},"author":12,"featured_media":27305,"comment_status":"closed","ping_status":"closed","sticky":false,"template":"","format":"standard","meta":{"_exactmetrics_skip_tracking":false,"_exactmetrics_sitenote_active":false,"_exactmetrics_sitenote_note":"","_exactmetrics_sitenote_category":0,"tdm_status":"","tdm_grid_status":"","footnotes":""},"categories":[21],"tags":[],"class_list":{"0":"post-27304","1":"post","2":"type-post","3":"status-publish","4":"format-standard","5":"has-post-thumbnail","7":"category-international"},"yoast_head":"<!-- This site is optimized with the Yoast SEO plugin v24.2 - https:\/\/yoast.com\/wordpress\/plugins\/seo\/ -->\n<title>Gabon : un Conseil des ministres sans Ali Bongo \u00ab d\u2019ici la fin de la semaine \u00bb ? | Guin\u00e9e Diversit\u00e9<\/title>\n<meta name=\"robots\" content=\"index, follow, max-snippet:-1, max-image-preview:large, max-video-preview:-1\" \/>\n<link rel=\"canonical\" href=\"https:\/\/guineediversite.com\/index.php\/2018\/11\/14\/gabon-un-conseil-des-ministres-sans-ali-bongo-dici-la-fin-de-la-semaine\/\" \/>\n<meta property=\"og:locale\" content=\"fr_FR\" \/>\n<meta property=\"og:type\" content=\"article\" \/>\n<meta property=\"og:title\" content=\"Gabon : un Conseil des ministres sans Ali Bongo \u00ab d\u2019ici la fin de la semaine \u00bb ? | Guin\u00e9e Diversit\u00e9\" \/>\n<meta property=\"og:description\" content=\"La confusion r\u00e8gne autour d&rsquo;un possible Conseil des ministres qui aurait \u00e9t\u00e9 convoqu\u00e9 par Pierre-Claver Maganga Moussavou, le vice-pr\u00e9sident, en l&rsquo;absence du chef de l&rsquo;\u00c9tat Ali Bongo Ondimba. Jeune Afrique d\u00e9m\u00eale le vrai du faux. \u00ab\u00a0Sous la haute pr\u00e9sidence du Vice-Pr\u00e9sident de la R\u00e9publique Gabonaise,\u00a0Pierre-Claver Maganga Moussavou, un conseil des ministres se tiendra ce mercredi [&hellip;]\" \/>\n<meta property=\"og:url\" content=\"https:\/\/guineediversite.com\/index.php\/2018\/11\/14\/gabon-un-conseil-des-ministres-sans-ali-bongo-dici-la-fin-de-la-semaine\/\" \/>\n<meta property=\"og:site_name\" content=\"Guin\u00e9e Diversit\u00e9\" \/>\n<meta property=\"article:publisher\" content=\"https:\/\/www.facebook.com\/guineediversite\/\" \/>\n<meta property=\"article:published_time\" content=\"2018-11-14T16:33:20+00:00\" \/>\n<meta property=\"og:image\" content=\"https:\/\/guineediversite.com\/wp-content\/uploads\/2018\/11\/25526hr_-592x296-1532955535.jpg\" \/>\n\t<meta property=\"og:image:width\" content=\"1900\" \/>\n\t<meta property=\"og:image:height\" content=\"950\" \/>\n\t<meta property=\"og:image:type\" content=\"image\/jpeg\" \/>\n<meta name=\"author\" content=\"Guin\u00e9e Diversit\u00e9\" \/>\n<meta name=\"twitter:card\" content=\"summary_large_image\" \/>\n<meta name=\"twitter:creator\" content=\"@GuineeDiversite\" \/>\n<meta name=\"twitter:site\" content=\"@GuineeDiversite\" \/>\n<meta name=\"twitter:label1\" content=\"\u00c9crit par\" \/>\n\t<meta name=\"twitter:data1\" content=\"Guin\u00e9e Diversit\u00e9\" \/>\n\t<meta name=\"twitter:label2\" content=\"Dur\u00e9e de lecture estim\u00e9e\" \/>\n\t<meta name=\"twitter:data2\" content=\"2 minutes\" \/>\n<script type=\"application\/ld+json\" class=\"yoast-schema-graph\">{\"@context\":\"https:\/\/schema.org\",\"@graph\":[{\"@type\":\"Article\",\"@id\":\"https:\/\/guineediversite.com\/index.php\/2018\/11\/14\/gabon-un-conseil-des-ministres-sans-ali-bongo-dici-la-fin-de-la-semaine\/#article\",\"isPartOf\":{\"@id\":\"https:\/\/guineediversite.com\/index.php\/2018\/11\/14\/gabon-un-conseil-des-ministres-sans-ali-bongo-dici-la-fin-de-la-semaine\/\"},\"author\":{\"name\":\"Guin\u00e9e Diversit\u00e9\",\"@id\":\"https:\/\/guineediversite.com\/#\/schema\/person\/afa08fb34e7fc6e1feafc892612bc836\"},\"headline\":\"Gabon : un Conseil des ministres sans Ali Bongo \u00ab d\u2019ici la fin de la semaine \u00bb ?\",\"datePublished\":\"2018-11-14T16:33:20+00:00\",\"dateModified\":\"2018-11-14T16:33:20+00:00\",\"mainEntityOfPage\":{\"@id\":\"https:\/\/guineediversite.com\/index.php\/2018\/11\/14\/gabon-un-conseil-des-ministres-sans-ali-bongo-dici-la-fin-de-la-semaine\/\"},\"wordCount\":334,\"publisher\":{\"@id\":\"https:\/\/guineediversite.com\/#organization\"},\"image\":{\"@id\":\"https:\/\/guineediversite.com\/index.php\/2018\/11\/14\/gabon-un-conseil-des-ministres-sans-ali-bongo-dici-la-fin-de-la-semaine\/#primaryimage\"},\"thumbnailUrl\":\"https:\/\/guineediversite.com\/wp-content\/uploads\/2018\/11\/25526hr_-592x296-1532955535.jpg\",\"articleSection\":[\"International\"],\"inLanguage\":\"fr-FR\"},{\"@type\":\"WebPage\",\"@id\":\"https:\/\/guineediversite.com\/index.php\/2018\/11\/14\/gabon-un-conseil-des-ministres-sans-ali-bongo-dici-la-fin-de-la-semaine\/\",\"url\":\"https:\/\/guineediversite.com\/index.php\/2018\/11\/14\/gabon-un-conseil-des-ministres-sans-ali-bongo-dici-la-fin-de-la-semaine\/\",\"name\":\"Gabon : un Conseil des ministres sans Ali Bongo \u00ab d\u2019ici la fin de la semaine \u00bb ? | Guin\u00e9e Diversit\u00e9\",\"isPartOf\":{\"@id\":\"https:\/\/guineediversite.com\/#website\"},\"primaryImageOfPage\":{\"@id\":\"https:\/\/guineediversite.com\/index.php\/2018\/11\/14\/gabon-un-conseil-des-ministres-sans-ali-bongo-dici-la-fin-de-la-semaine\/#primaryimage\"},\"image\":{\"@id\":\"https:\/\/guineediversite.com\/index.php\/2018\/11\/14\/gabon-un-conseil-des-ministres-sans-ali-bongo-dici-la-fin-de-la-semaine\/#primaryimage\"},\"thumbnailUrl\":\"https:\/\/guineediversite.com\/wp-content\/uploads\/2018\/11\/25526hr_-592x296-1532955535.jpg\",\"datePublished\":\"2018-11-14T16:33:20+00:00\",\"dateModified\":\"2018-11-14T16:33:20+00:00\",\"breadcrumb\":{\"@id\":\"https:\/\/guineediversite.com\/index.php\/2018\/11\/14\/gabon-un-conseil-des-ministres-sans-ali-bongo-dici-la-fin-de-la-semaine\/#breadcrumb\"},\"inLanguage\":\"fr-FR\",\"potentialAction\":[{\"@type\":\"ReadAction\",\"target\":[\"https:\/\/guineediversite.com\/index.php\/2018\/11\/14\/gabon-un-conseil-des-ministres-sans-ali-bongo-dici-la-fin-de-la-semaine\/\"]}]},{\"@type\":\"ImageObject\",\"inLanguage\":\"fr-FR\",\"@id\":\"https:\/\/guineediversite.com\/index.php\/2018\/11\/14\/gabon-un-conseil-des-ministres-sans-ali-bongo-dici-la-fin-de-la-semaine\/#primaryimage\",\"url\":\"https:\/\/guineediversite.com\/wp-content\/uploads\/2018\/11\/25526hr_-592x296-1532955535.jpg\",\"contentUrl\":\"https:\/\/guineediversite.com\/wp-content\/uploads\/2018\/11\/25526hr_-592x296-1532955535.jpg\",\"width\":1900,\"height\":950},{\"@type\":\"BreadcrumbList\",\"@id\":\"https:\/\/guineediversite.com\/index.php\/2018\/11\/14\/gabon-un-conseil-des-ministres-sans-ali-bongo-dici-la-fin-de-la-semaine\/#breadcrumb\",\"itemListElement\":[{\"@type\":\"ListItem\",\"position\":1,\"name\":\"Accueil\",\"item\":\"https:\/\/guineediversite.com\/\"},{\"@type\":\"ListItem\",\"position\":2,\"name\":\"Gabon : un Conseil des ministres sans Ali Bongo \u00ab d\u2019ici la fin de la semaine \u00bb ?\"}]},{\"@type\":\"WebSite\",\"@id\":\"https:\/\/guineediversite.com\/#website\",\"url\":\"https:\/\/guineediversite.com\/\",\"name\":\"Guin\u00e9e Diversit\u00e9\",\"description\":\"L&#039;Info dans toute sa diversit\u00e9\",\"publisher\":{\"@id\":\"https:\/\/guineediversite.com\/#organization\"},\"potentialAction\":[{\"@type\":\"SearchAction\",\"target\":{\"@type\":\"EntryPoint\",\"urlTemplate\":\"https:\/\/guineediversite.com\/?s={search_term_string}\"},\"query-input\":{\"@type\":\"PropertyValueSpecification\",\"valueRequired\":true,\"valueName\":\"search_term_string\"}}],\"inLanguage\":\"fr-FR\"},{\"@type\":\"Organization\",\"@id\":\"https:\/\/guineediversite.com\/#organization\",\"name\":\"Guin\u00e9e Diversit\u00e9\",\"url\":\"https:\/\/guineediversite.com\/\",\"logo\":{\"@type\":\"ImageObject\",\"inLanguage\":\"fr-FR\",\"@id\":\"https:\/\/guineediversite.com\/#\/schema\/logo\/image\/\",\"url\":\"https:\/\/guineediversite.com\/wp-content\/uploads\/2017\/04\/cropped-1jojlxEOMkX9Wyqfhe43D6kjPOGqBBKmx3EwWJqZ0cMrFF54yM49.png\",\"contentUrl\":\"https:\/\/guineediversite.com\/wp-content\/uploads\/2017\/04\/cropped-1jojlxEOMkX9Wyqfhe43D6kjPOGqBBKmx3EwWJqZ0cMrFF54yM49.png\",\"width\":186,\"height\":112,\"caption\":\"Guin\u00e9e Diversit\u00e9\"},\"image\":{\"@id\":\"https:\/\/guineediversite.com\/#\/schema\/logo\/image\/\"},\"sameAs\":[\"https:\/\/www.facebook.com\/guineediversite\/\",\"https:\/\/x.com\/GuineeDiversite\",\"https:\/\/www.youtube.com\/channel\/UC8sUY16qelG5ge6_D5SB83g\"]},{\"@type\":\"Person\",\"@id\":\"https:\/\/guineediversite.com\/#\/schema\/person\/afa08fb34e7fc6e1feafc892612bc836\",\"name\":\"Guin\u00e9e Diversit\u00e9\",\"image\":{\"@type\":\"ImageObject\",\"inLanguage\":\"fr-FR\",\"@id\":\"https:\/\/guineediversite.com\/#\/schema\/person\/image\/\",\"url\":\"https:\/\/secure.gravatar.com\/avatar\/50d5eb5b390f8b65ac30ac6f898eb83a?s=96&d=mm&r=g\",\"contentUrl\":\"https:\/\/secure.gravatar.com\/avatar\/50d5eb5b390f8b65ac30ac6f898eb83a?s=96&d=mm&r=g\",\"caption\":\"Guin\u00e9e Diversit\u00e9\"},\"url\":\"https:\/\/guineediversite.com\/index.php\/author\/guineediversite\/\"}]}<\/script>\n<!-- \/ Yoast SEO plugin. -->","yoast_head_json":{"title":"Gabon : un Conseil des ministres sans Ali Bongo \u00ab d\u2019ici la fin de la semaine \u00bb ? | Guin\u00e9e Diversit\u00e9","robots":{"index":"index","follow":"follow","max-snippet":"max-snippet:-1","max-image-preview":"max-image-preview:large","max-video-preview":"max-video-preview:-1"},"canonical":"https:\/\/guineediversite.com\/index.php\/2018\/11\/14\/gabon-un-conseil-des-ministres-sans-ali-bongo-dici-la-fin-de-la-semaine\/","og_locale":"fr_FR","og_type":"article","og_title":"Gabon : un Conseil des ministres sans Ali Bongo \u00ab d\u2019ici la fin de la semaine \u00bb ? | Guin\u00e9e Diversit\u00e9","og_description":"La confusion r\u00e8gne autour d&rsquo;un possible Conseil des ministres qui aurait \u00e9t\u00e9 convoqu\u00e9 par Pierre-Claver Maganga Moussavou, le vice-pr\u00e9sident, en l&rsquo;absence du chef de l&rsquo;\u00c9tat Ali Bongo Ondimba. Jeune Afrique d\u00e9m\u00eale le vrai du faux. \u00ab\u00a0Sous la haute pr\u00e9sidence du Vice-Pr\u00e9sident de la R\u00e9publique Gabonaise,\u00a0Pierre-Claver Maganga Moussavou, un conseil des ministres se tiendra ce mercredi [&hellip;]","og_url":"https:\/\/guineediversite.com\/index.php\/2018\/11\/14\/gabon-un-conseil-des-ministres-sans-ali-bongo-dici-la-fin-de-la-semaine\/","og_site_name":"Guin\u00e9e Diversit\u00e9","article_publisher":"https:\/\/www.facebook.com\/guineediversite\/","article_published_time":"2018-11-14T16:33:20+00:00","og_image":[{"width":1900,"height":950,"url":"https:\/\/guineediversite.com\/wp-content\/uploads\/2018\/11\/25526hr_-592x296-1532955535.jpg","type":"image\/jpeg"}],"author":"Guin\u00e9e Diversit\u00e9","twitter_card":"summary_large_image","twitter_creator":"@GuineeDiversite","twitter_site":"@GuineeDiversite","twitter_misc":{"\u00c9crit par":"Guin\u00e9e Diversit\u00e9","Dur\u00e9e de lecture estim\u00e9e":"2 minutes"},"schema":{"@context":"https:\/\/schema.org","@graph":[{"@type":"Article","@id":"https:\/\/guineediversite.com\/index.php\/2018\/11\/14\/gabon-un-conseil-des-ministres-sans-ali-bongo-dici-la-fin-de-la-semaine\/#article","isPartOf":{"@id":"https:\/\/guineediversite.com\/index.php\/2018\/11\/14\/gabon-un-conseil-des-ministres-sans-ali-bongo-dici-la-fin-de-la-semaine\/"},"author":{"name":"Guin\u00e9e Diversit\u00e9","@id":"https:\/\/guineediversite.com\/#\/schema\/person\/afa08fb34e7fc6e1feafc892612bc836"},"headline":"Gabon : un Conseil des ministres sans Ali Bongo \u00ab d\u2019ici la fin de la semaine \u00bb ?","datePublished":"2018-11-14T16:33:20+00:00","dateModified":"2018-11-14T16:33:20+00:00","mainEntityOfPage":{"@id":"https:\/\/guineediversite.com\/index.php\/2018\/11\/14\/gabon-un-conseil-des-ministres-sans-ali-bongo-dici-la-fin-de-la-semaine\/"},"wordCount":334,"publisher":{"@id":"https:\/\/guineediversite.com\/#organization"},"image":{"@id":"https:\/\/guineediversite.com\/index.php\/2018\/11\/14\/gabon-un-conseil-des-ministres-sans-ali-bongo-dici-la-fin-de-la-semaine\/#primaryimage"},"thumbnailUrl":"https:\/\/guineediversite.com\/wp-content\/uploads\/2018\/11\/25526hr_-592x296-1532955535.jpg","articleSection":["International"],"inLanguage":"fr-FR"},{"@type":"WebPage","@id":"https:\/\/guineediversite.com\/index.php\/2018\/11\/14\/gabon-un-conseil-des-ministres-sans-ali-bongo-dici-la-fin-de-la-semaine\/","url":"https:\/\/guineediversite.com\/index.php\/2018\/11\/14\/gabon-un-conseil-des-ministres-sans-ali-bongo-dici-la-fin-de-la-semaine\/","name":"Gabon : un Conseil des ministres sans Ali Bongo \u00ab d\u2019ici la fin de la semaine \u00bb ? | Guin\u00e9e Diversit\u00e9","isPartOf":{"@id":"https:\/\/guineediversite.com\/#website"},"primaryImageOfPage":{"@id":"https:\/\/guineediversite.com\/index.php\/2018\/11\/14\/gabon-un-conseil-des-ministres-sans-ali-bongo-dici-la-fin-de-la-semaine\/#primaryimage"},"image":{"@id":"https:\/\/guineediversite.com\/index.php\/2018\/11\/14\/gabon-un-conseil-des-ministres-sans-ali-bongo-dici-la-fin-de-la-semaine\/#primaryimage"},"thumbnailUrl":"https:\/\/guineediversite.com\/wp-content\/uploads\/2018\/11\/25526hr_-592x296-1532955535.jpg","datePublished":"2018-11-14T16:33:20+00:00","dateModified":"2018-11-14T16:33:20+00:00","breadcrumb":{"@id":"https:\/\/guineediversite.com\/index.php\/2018\/11\/14\/gabon-un-conseil-des-ministres-sans-ali-bongo-dici-la-fin-de-la-semaine\/#breadcrumb"},"inLanguage":"fr-FR","potentialAction":[{"@type":"ReadAction","target":["https:\/\/guineediversite.com\/index.php\/2018\/11\/14\/gabon-un-conseil-des-ministres-sans-ali-bongo-dici-la-fin-de-la-semaine\/"]}]},{"@type":"ImageObject","inLanguage":"fr-FR","@id":"https:\/\/guineediversite.com\/index.php\/2018\/11\/14\/gabon-un-conseil-des-ministres-sans-ali-bongo-dici-la-fin-de-la-semaine\/#primaryimage","url":"https:\/\/guineediversite.com\/wp-content\/uploads\/2018\/11\/25526hr_-592x296-1532955535.jpg","contentUrl":"https:\/\/guineediversite.com\/wp-content\/uploads\/2018\/11\/25526hr_-592x296-1532955535.jpg","width":1900,"height":950},{"@type":"BreadcrumbList","@id":"https:\/\/guineediversite.com\/index.php\/2018\/11\/14\/gabon-un-conseil-des-ministres-sans-ali-bongo-dici-la-fin-de-la-semaine\/#breadcrumb","itemListElement":[{"@type":"ListItem","position":1,"name":"Accueil","item":"https:\/\/guineediversite.com\/"},{"@type":"ListItem","position":2,"name":"Gabon : un Conseil des ministres sans Ali Bongo \u00ab d\u2019ici la fin de la semaine \u00bb ?"}]},{"@type":"WebSite","@id":"https:\/\/guineediversite.com\/#website","url":"https:\/\/guineediversite.com\/","name":"Guin\u00e9e Diversit\u00e9","description":"L&#039;Info dans toute sa diversit\u00e9","publisher":{"@id":"https:\/\/guineediversite.com\/#organization"},"potentialAction":[{"@type":"SearchAction","target":{"@type":"EntryPoint","urlTemplate":"https:\/\/guineediversite.com\/?s={search_term_string}"},"query-input":{"@type":"PropertyValueSpecification","valueRequired":true,"valueName":"search_term_string"}}],"inLanguage":"fr-FR"},{"@type":"Organization","@id":"https:\/\/guineediversite.com\/#organization","name":"Guin\u00e9e Diversit\u00e9","url":"https:\/\/guineediversite.com\/","logo":{"@type":"ImageObject","inLanguage":"fr-FR","@id":"https:\/\/guineediversite.com\/#\/schema\/logo\/image\/","url":"https:\/\/guineediversite.com\/wp-content\/uploads\/2017\/04\/cropped-1jojlxEOMkX9Wyqfhe43D6kjPOGqBBKmx3EwWJqZ0cMrFF54yM49.png","contentUrl":"https:\/\/guineediversite.com\/wp-content\/uploads\/2017\/04\/cropped-1jojlxEOMkX9Wyqfhe43D6kjPOGqBBKmx3EwWJqZ0cMrFF54yM49.png","width":186,"height":112,"caption":"Guin\u00e9e Diversit\u00e9"},"image":{"@id":"https:\/\/guineediversite.com\/#\/schema\/logo\/image\/"},"sameAs":["https:\/\/www.facebook.com\/guineediversite\/","https:\/\/x.com\/GuineeDiversite","https:\/\/www.youtube.com\/channel\/UC8sUY16qelG5ge6_D5SB83g"]},{"@type":"Person","@id":"https:\/\/guineediversite.com\/#\/schema\/person\/afa08fb34e7fc6e1feafc892612bc836","name":"Guin\u00e9e Diversit\u00e9","image":{"@type":"ImageObject","inLanguage":"fr-FR","@id":"https:\/\/guineediversite.com\/#\/schema\/person\/image\/","url":"https:\/\/secure.gravatar.com\/avatar\/50d5eb5b390f8b65ac30ac6f898eb83a?s=96&d=mm&r=g","contentUrl":"https:\/\/secure.gravatar.com\/avatar\/50d5eb5b390f8b65ac30ac6f898eb83a?s=96&d=mm&r=g","caption":"Guin\u00e9e Diversit\u00e9"},"url":"https:\/\/guineediversite.com\/index.php\/author\/guineediversite\/"}]}},"_links":{"self":[{"href":"https:\/\/guineediversite.com\/index.php\/wp-json\/wp\/v2\/posts\/27304"}],"collection":[{"href":"https:\/\/guineediversite.com\/index.php\/wp-json\/wp\/v2\/posts"}],"about":[{"href":"https:\/\/guineediversite.com\/index.php\/wp-json\/wp\/v2\/types\/post"}],"author":[{"embeddable":true,"href":"https:\/\/guineediversite.com\/index.php\/wp-json\/wp\/v2\/users\/12"}],"replies":[{"embeddable":true,"href":"https:\/\/guineediversite.com\/index.php\/wp-json\/wp\/v2\/comments?post=27304"}],"version-history":[{"count":0,"href":"https:\/\/guineediversite.com\/index.php\/wp-json\/wp\/v2\/posts\/27304\/revisions"}],"wp:featuredmedia":[{"embeddable":true,"href":"https:\/\/guineediversite.com\/index.php\/wp-json\/wp\/v2\/media\/27305"}],"wp:attachment":[{"href":"https:\/\/guineediversite.com\/index.php\/wp-json\/wp\/v2\/media?parent=27304"}],"wp:term":[{"taxonomy":"category","embeddable":true,"href":"https:\/\/guineediversite.com\/index.php\/wp-json\/wp\/v2\/categories?post=27304"},{"taxonomy":"post_tag","embeddable":true,"href":"https:\/\/guineediversite.com\/index.php\/wp-json\/wp\/v2\/tags?post=27304"}],"curies":[{"name":"wp","href":"https:\/\/api.w.org\/{rel}","templated":true}]}}