{"id":27285,"date":"2018-11-13T18:28:44","date_gmt":"2018-11-13T17:28:44","guid":{"rendered":"https:\/\/guineediversite.com\/?p=27285"},"modified":"2018-11-13T18:28:44","modified_gmt":"2018-11-13T17:28:44","slug":"congo-brazzaville-lonu-juge-arbitraire-la-detention-du-general-mokoko","status":"publish","type":"post","link":"https:\/\/guineediversite.com\/index.php\/2018\/11\/13\/congo-brazzaville-lonu-juge-arbitraire-la-detention-du-general-mokoko\/","title":{"rendered":"Congo-Brazzaville: l\u2019ONU juge arbitraire la d\u00e9tention du g\u00e9n\u00e9ral Mokoko"},"content":{"rendered":"<h2>L&rsquo;ONU \u00e9pingle le Congo-Brazzaville sur sa gestion du cas Jean-Marie Michel Mokoko. Le g\u00e9n\u00e9ral, candidat de la pr\u00e9sidentielle de 2016, a \u00e9t\u00e9 condamn\u00e9 en mai dernier \u00e0 20 ans de prison ferme pour atteinte \u00e0 la s\u00fbret\u00e9 int\u00e9rieure de l&rsquo;Etat et d\u00e9tention ill\u00e9gale d&rsquo;armes et munitions de guerre. Ses avocats ont d\u00e9pos\u00e9 des pourvois pour contester cette d\u00e9cision. Ils affirment attendre une date pour cela, mais ils avaient \u00e9galement saisi le groupe de travail de l&rsquo;ONU sur la d\u00e9tention arbitraire. Et ce groupe estime finalement que la d\u00e9tention du g\u00e9n\u00e9ral est arbitraire.<\/h2>\n<p><strong><a href=\"http:\/\/www.rfi.fr\/afrique\/20170712-onu-epingle-le-congo-b-detention-arbitraire-trois-prisonniers\" target=\"_blank\" rel=\"noopener\">Le groupe de travail de l&rsquo;ONU sur la d\u00e9tention arbitraire\u00a0<\/a><\/strong>pr\u00e9conise m\u00eame la lib\u00e9ration imm\u00e9diate du g\u00e9n\u00e9ral Jean-Marie Michel Mokoko. \u00ab\u00a0<em>Pr\u00e9conise<\/em>\u00a0\u00bb, car ce groupe de travail rend des avis consultatifs, non contraignants pour les Etats donc. Mais c&rsquo;est tout de m\u00eame l&rsquo;avis d&rsquo;un organe onusien. Il est rattach\u00e9 au Haut-Commissariat aux droits de l&rsquo;homme. C&rsquo;est donc depuis Gen\u00e8ve, en Suisse, que le dossier a \u00e9t\u00e9 examin\u00e9.<\/p>\n<p>Un examen finalement plus rapide que pr\u00e9vu, car seuls les arguments des avocats du g\u00e9n\u00e9ral ont \u00e9t\u00e9 \u00e9tudi\u00e9s. En mai dernier, le groupe de travail a pourtant sollicit\u00e9 le gouvernement congolais, lui donnant jusqu&rsquo;au 3 juillet pour donner sa r\u00e9ponse. Or, le 12 juillet seulement, les autorit\u00e9s congolaises ont demand\u00e9 \u00e0 prolonger le d\u00e9lai. Refus du groupe de travail puisque ce d\u00e9lai \u00e9tait d\u00e9j\u00e0 forclos.<\/p>\n<p>R\u00e9sultat\u00a0: ces experts estiment que le gouvernement a d\u00e9cid\u00e9 de ne pas contester les all\u00e9gations de la d\u00e9fense<strong><a href=\"http:\/\/www.rfi.fr\/afrique\/20180511-congo-brazzaville-general-mokoko-condamne-20-ans-prison-ferme\" target=\"_blank\" rel=\"noopener\">\u00a0de Jean-Marie Michel Mokoko.<\/a><\/strong>\u00a0Des all\u00e9gations jug\u00e9es \u00ab\u00a0<em>\u00e0 premi\u00e8re vue cr\u00e9dibles<\/em>\u00a0\u00bb. Sur cette base, l&rsquo;avis conclut que l&rsquo;assignation \u00e0 domicile et la prolongation de la d\u00e9tention du g\u00e9n\u00e9ral en 2016 manquaient de fondement l\u00e9gal. L&rsquo;avis note \u00e9galement une ing\u00e9rence substantielle des autorit\u00e9s congolaises dans le droit \u00e0 un proc\u00e8s \u00e9quitable.<\/p>\n<p>Les experts onusiens en d\u00e9duisent donc que les mesures appropri\u00e9es seraient de lib\u00e9rer Jean-Marie Michel Mokoko, de lui ouvrir droit \u00e0 r\u00e9paration, une indemnisation notamment. Enfin, les experts exhortent le gouvernement congolais \u00e0 ouvrir une enqu\u00eate compl\u00e8te et ind\u00e9pendante sur les circonstances entourant cette d\u00e9tention arbitraire.<\/p>\n<p>RFI<\/p>\n","protected":false},"excerpt":{"rendered":"<p>L&rsquo;ONU \u00e9pingle le Congo-Brazzaville sur sa gestion du cas Jean-Marie Michel Mokoko. Le g\u00e9n\u00e9ral, candidat de la pr\u00e9sidentielle de 2016, a \u00e9t\u00e9 condamn\u00e9 en mai dernier \u00e0 20 ans de prison ferme pour atteinte \u00e0 la s\u00fbret\u00e9 int\u00e9rieure de l&rsquo;Etat et d\u00e9tention ill\u00e9gale d&rsquo;armes et munitions de guerre. Ses avocats ont d\u00e9pos\u00e9 des pourvois pour [&hellip;]<\/p>\n","protected":false},"author":12,"featured_media":27286,"comment_status":"closed","ping_status":"closed","sticky":false,"template":"","format":"standard","meta":{"_exactmetrics_skip_tracking":false,"_exactmetrics_sitenote_active":false,"_exactmetrics_sitenote_note":"","_exactmetrics_sitenote_category":0,"tdm_status":"","tdm_grid_status":"","footnotes":""},"categories":[21],"tags":[],"class_list":{"0":"post-27285","1":"post","2":"type-post","3":"status-publish","4":"format-standard","5":"has-post-thumbnail","7":"category-international"},"yoast_head":"<!-- This site is optimized with the Yoast SEO plugin v24.2 - https:\/\/yoast.com\/wordpress\/plugins\/seo\/ -->\n<title>Congo-Brazzaville: l\u2019ONU juge arbitraire la d\u00e9tention du g\u00e9n\u00e9ral Mokoko | Guin\u00e9e Diversit\u00e9<\/title>\n<meta name=\"robots\" content=\"index, follow, max-snippet:-1, max-image-preview:large, max-video-preview:-1\" \/>\n<link rel=\"canonical\" href=\"https:\/\/guineediversite.com\/index.php\/2018\/11\/13\/congo-brazzaville-lonu-juge-arbitraire-la-detention-du-general-mokoko\/\" \/>\n<meta property=\"og:locale\" content=\"fr_FR\" \/>\n<meta property=\"og:type\" content=\"article\" \/>\n<meta property=\"og:title\" content=\"Congo-Brazzaville: l\u2019ONU juge arbitraire la d\u00e9tention du g\u00e9n\u00e9ral Mokoko | Guin\u00e9e Diversit\u00e9\" \/>\n<meta property=\"og:description\" content=\"L&rsquo;ONU \u00e9pingle le Congo-Brazzaville sur sa gestion du cas Jean-Marie Michel Mokoko. Le g\u00e9n\u00e9ral, candidat de la pr\u00e9sidentielle de 2016, a \u00e9t\u00e9 condamn\u00e9 en mai dernier \u00e0 20 ans de prison ferme pour atteinte \u00e0 la s\u00fbret\u00e9 int\u00e9rieure de l&rsquo;Etat et d\u00e9tention ill\u00e9gale d&rsquo;armes et munitions de guerre. Ses avocats ont d\u00e9pos\u00e9 des pourvois pour [&hellip;]\" \/>\n<meta property=\"og:url\" content=\"https:\/\/guineediversite.com\/index.php\/2018\/11\/13\/congo-brazzaville-lonu-juge-arbitraire-la-detention-du-general-mokoko\/\" \/>\n<meta property=\"og:site_name\" content=\"Guin\u00e9e Diversit\u00e9\" \/>\n<meta property=\"article:publisher\" content=\"https:\/\/www.facebook.com\/guineediversite\/\" \/>\n<meta property=\"article:published_time\" content=\"2018-11-13T17:28:44+00:00\" \/>\n<meta property=\"og:image\" content=\"https:\/\/guineediversite.com\/wp-content\/uploads\/2018\/11\/img_9551_0.jpg\" \/>\n\t<meta property=\"og:image:width\" content=\"1024\" \/>\n\t<meta property=\"og:image:height\" content=\"578\" \/>\n\t<meta property=\"og:image:type\" content=\"image\/jpeg\" \/>\n<meta name=\"author\" content=\"Guin\u00e9e Diversit\u00e9\" \/>\n<meta name=\"twitter:card\" content=\"summary_large_image\" \/>\n<meta name=\"twitter:creator\" content=\"@GuineeDiversite\" \/>\n<meta name=\"twitter:site\" content=\"@GuineeDiversite\" \/>\n<meta name=\"twitter:label1\" content=\"\u00c9crit par\" \/>\n\t<meta name=\"twitter:data1\" content=\"Guin\u00e9e Diversit\u00e9\" \/>\n\t<meta name=\"twitter:label2\" content=\"Dur\u00e9e de lecture estim\u00e9e\" \/>\n\t<meta name=\"twitter:data2\" content=\"2 minutes\" \/>\n<script type=\"application\/ld+json\" class=\"yoast-schema-graph\">{\"@context\":\"https:\/\/schema.org\",\"@graph\":[{\"@type\":\"Article\",\"@id\":\"https:\/\/guineediversite.com\/index.php\/2018\/11\/13\/congo-brazzaville-lonu-juge-arbitraire-la-detention-du-general-mokoko\/#article\",\"isPartOf\":{\"@id\":\"https:\/\/guineediversite.com\/index.php\/2018\/11\/13\/congo-brazzaville-lonu-juge-arbitraire-la-detention-du-general-mokoko\/\"},\"author\":{\"name\":\"Guin\u00e9e Diversit\u00e9\",\"@id\":\"https:\/\/guineediversite.com\/#\/schema\/person\/afa08fb34e7fc6e1feafc892612bc836\"},\"headline\":\"Congo-Brazzaville: l\u2019ONU juge arbitraire la d\u00e9tention du g\u00e9n\u00e9ral Mokoko\",\"datePublished\":\"2018-11-13T17:28:44+00:00\",\"dateModified\":\"2018-11-13T17:28:44+00:00\",\"mainEntityOfPage\":{\"@id\":\"https:\/\/guineediversite.com\/index.php\/2018\/11\/13\/congo-brazzaville-lonu-juge-arbitraire-la-detention-du-general-mokoko\/\"},\"wordCount\":407,\"publisher\":{\"@id\":\"https:\/\/guineediversite.com\/#organization\"},\"image\":{\"@id\":\"https:\/\/guineediversite.com\/index.php\/2018\/11\/13\/congo-brazzaville-lonu-juge-arbitraire-la-detention-du-general-mokoko\/#primaryimage\"},\"thumbnailUrl\":\"https:\/\/guineediversite.com\/wp-content\/uploads\/2018\/11\/img_9551_0.jpg\",\"articleSection\":[\"International\"],\"inLanguage\":\"fr-FR\"},{\"@type\":\"WebPage\",\"@id\":\"https:\/\/guineediversite.com\/index.php\/2018\/11\/13\/congo-brazzaville-lonu-juge-arbitraire-la-detention-du-general-mokoko\/\",\"url\":\"https:\/\/guineediversite.com\/index.php\/2018\/11\/13\/congo-brazzaville-lonu-juge-arbitraire-la-detention-du-general-mokoko\/\",\"name\":\"Congo-Brazzaville: l\u2019ONU juge arbitraire la d\u00e9tention du g\u00e9n\u00e9ral Mokoko | Guin\u00e9e Diversit\u00e9\",\"isPartOf\":{\"@id\":\"https:\/\/guineediversite.com\/#website\"},\"primaryImageOfPage\":{\"@id\":\"https:\/\/guineediversite.com\/index.php\/2018\/11\/13\/congo-brazzaville-lonu-juge-arbitraire-la-detention-du-general-mokoko\/#primaryimage\"},\"image\":{\"@id\":\"https:\/\/guineediversite.com\/index.php\/2018\/11\/13\/congo-brazzaville-lonu-juge-arbitraire-la-detention-du-general-mokoko\/#primaryimage\"},\"thumbnailUrl\":\"https:\/\/guineediversite.com\/wp-content\/uploads\/2018\/11\/img_9551_0.jpg\",\"datePublished\":\"2018-11-13T17:28:44+00:00\",\"dateModified\":\"2018-11-13T17:28:44+00:00\",\"breadcrumb\":{\"@id\":\"https:\/\/guineediversite.com\/index.php\/2018\/11\/13\/congo-brazzaville-lonu-juge-arbitraire-la-detention-du-general-mokoko\/#breadcrumb\"},\"inLanguage\":\"fr-FR\",\"potentialAction\":[{\"@type\":\"ReadAction\",\"target\":[\"https:\/\/guineediversite.com\/index.php\/2018\/11\/13\/congo-brazzaville-lonu-juge-arbitraire-la-detention-du-general-mokoko\/\"]}]},{\"@type\":\"ImageObject\",\"inLanguage\":\"fr-FR\",\"@id\":\"https:\/\/guineediversite.com\/index.php\/2018\/11\/13\/congo-brazzaville-lonu-juge-arbitraire-la-detention-du-general-mokoko\/#primaryimage\",\"url\":\"https:\/\/guineediversite.com\/wp-content\/uploads\/2018\/11\/img_9551_0.jpg\",\"contentUrl\":\"https:\/\/guineediversite.com\/wp-content\/uploads\/2018\/11\/img_9551_0.jpg\",\"width\":1024,\"height\":578},{\"@type\":\"BreadcrumbList\",\"@id\":\"https:\/\/guineediversite.com\/index.php\/2018\/11\/13\/congo-brazzaville-lonu-juge-arbitraire-la-detention-du-general-mokoko\/#breadcrumb\",\"itemListElement\":[{\"@type\":\"ListItem\",\"position\":1,\"name\":\"Accueil\",\"item\":\"https:\/\/guineediversite.com\/\"},{\"@type\":\"ListItem\",\"position\":2,\"name\":\"Congo-Brazzaville: l\u2019ONU juge arbitraire la d\u00e9tention du g\u00e9n\u00e9ral Mokoko\"}]},{\"@type\":\"WebSite\",\"@id\":\"https:\/\/guineediversite.com\/#website\",\"url\":\"https:\/\/guineediversite.com\/\",\"name\":\"Guin\u00e9e Diversit\u00e9\",\"description\":\"L&#039;Info dans toute sa diversit\u00e9\",\"publisher\":{\"@id\":\"https:\/\/guineediversite.com\/#organization\"},\"potentialAction\":[{\"@type\":\"SearchAction\",\"target\":{\"@type\":\"EntryPoint\",\"urlTemplate\":\"https:\/\/guineediversite.com\/?s={search_term_string}\"},\"query-input\":{\"@type\":\"PropertyValueSpecification\",\"valueRequired\":true,\"valueName\":\"search_term_string\"}}],\"inLanguage\":\"fr-FR\"},{\"@type\":\"Organization\",\"@id\":\"https:\/\/guineediversite.com\/#organization\",\"name\":\"Guin\u00e9e Diversit\u00e9\",\"url\":\"https:\/\/guineediversite.com\/\",\"logo\":{\"@type\":\"ImageObject\",\"inLanguage\":\"fr-FR\",\"@id\":\"https:\/\/guineediversite.com\/#\/schema\/logo\/image\/\",\"url\":\"https:\/\/guineediversite.com\/wp-content\/uploads\/2017\/04\/cropped-1jojlxEOMkX9Wyqfhe43D6kjPOGqBBKmx3EwWJqZ0cMrFF54yM49.png\",\"contentUrl\":\"https:\/\/guineediversite.com\/wp-content\/uploads\/2017\/04\/cropped-1jojlxEOMkX9Wyqfhe43D6kjPOGqBBKmx3EwWJqZ0cMrFF54yM49.png\",\"width\":186,\"height\":112,\"caption\":\"Guin\u00e9e Diversit\u00e9\"},\"image\":{\"@id\":\"https:\/\/guineediversite.com\/#\/schema\/logo\/image\/\"},\"sameAs\":[\"https:\/\/www.facebook.com\/guineediversite\/\",\"https:\/\/x.com\/GuineeDiversite\",\"https:\/\/www.youtube.com\/channel\/UC8sUY16qelG5ge6_D5SB83g\"]},{\"@type\":\"Person\",\"@id\":\"https:\/\/guineediversite.com\/#\/schema\/person\/afa08fb34e7fc6e1feafc892612bc836\",\"name\":\"Guin\u00e9e Diversit\u00e9\",\"image\":{\"@type\":\"ImageObject\",\"inLanguage\":\"fr-FR\",\"@id\":\"https:\/\/guineediversite.com\/#\/schema\/person\/image\/\",\"url\":\"https:\/\/secure.gravatar.com\/avatar\/50d5eb5b390f8b65ac30ac6f898eb83a?s=96&d=mm&r=g\",\"contentUrl\":\"https:\/\/secure.gravatar.com\/avatar\/50d5eb5b390f8b65ac30ac6f898eb83a?s=96&d=mm&r=g\",\"caption\":\"Guin\u00e9e Diversit\u00e9\"},\"url\":\"https:\/\/guineediversite.com\/index.php\/author\/guineediversite\/\"}]}<\/script>\n<!-- \/ Yoast SEO plugin. -->","yoast_head_json":{"title":"Congo-Brazzaville: l\u2019ONU juge arbitraire la d\u00e9tention du g\u00e9n\u00e9ral Mokoko | Guin\u00e9e Diversit\u00e9","robots":{"index":"index","follow":"follow","max-snippet":"max-snippet:-1","max-image-preview":"max-image-preview:large","max-video-preview":"max-video-preview:-1"},"canonical":"https:\/\/guineediversite.com\/index.php\/2018\/11\/13\/congo-brazzaville-lonu-juge-arbitraire-la-detention-du-general-mokoko\/","og_locale":"fr_FR","og_type":"article","og_title":"Congo-Brazzaville: l\u2019ONU juge arbitraire la d\u00e9tention du g\u00e9n\u00e9ral Mokoko | Guin\u00e9e Diversit\u00e9","og_description":"L&rsquo;ONU \u00e9pingle le Congo-Brazzaville sur sa gestion du cas Jean-Marie Michel Mokoko. Le g\u00e9n\u00e9ral, candidat de la pr\u00e9sidentielle de 2016, a \u00e9t\u00e9 condamn\u00e9 en mai dernier \u00e0 20 ans de prison ferme pour atteinte \u00e0 la s\u00fbret\u00e9 int\u00e9rieure de l&rsquo;Etat et d\u00e9tention ill\u00e9gale d&rsquo;armes et munitions de guerre. Ses avocats ont d\u00e9pos\u00e9 des pourvois pour [&hellip;]","og_url":"https:\/\/guineediversite.com\/index.php\/2018\/11\/13\/congo-brazzaville-lonu-juge-arbitraire-la-detention-du-general-mokoko\/","og_site_name":"Guin\u00e9e Diversit\u00e9","article_publisher":"https:\/\/www.facebook.com\/guineediversite\/","article_published_time":"2018-11-13T17:28:44+00:00","og_image":[{"width":1024,"height":578,"url":"https:\/\/guineediversite.com\/wp-content\/uploads\/2018\/11\/img_9551_0.jpg","type":"image\/jpeg"}],"author":"Guin\u00e9e Diversit\u00e9","twitter_card":"summary_large_image","twitter_creator":"@GuineeDiversite","twitter_site":"@GuineeDiversite","twitter_misc":{"\u00c9crit par":"Guin\u00e9e Diversit\u00e9","Dur\u00e9e de lecture estim\u00e9e":"2 minutes"},"schema":{"@context":"https:\/\/schema.org","@graph":[{"@type":"Article","@id":"https:\/\/guineediversite.com\/index.php\/2018\/11\/13\/congo-brazzaville-lonu-juge-arbitraire-la-detention-du-general-mokoko\/#article","isPartOf":{"@id":"https:\/\/guineediversite.com\/index.php\/2018\/11\/13\/congo-brazzaville-lonu-juge-arbitraire-la-detention-du-general-mokoko\/"},"author":{"name":"Guin\u00e9e Diversit\u00e9","@id":"https:\/\/guineediversite.com\/#\/schema\/person\/afa08fb34e7fc6e1feafc892612bc836"},"headline":"Congo-Brazzaville: l\u2019ONU juge arbitraire la d\u00e9tention du g\u00e9n\u00e9ral Mokoko","datePublished":"2018-11-13T17:28:44+00:00","dateModified":"2018-11-13T17:28:44+00:00","mainEntityOfPage":{"@id":"https:\/\/guineediversite.com\/index.php\/2018\/11\/13\/congo-brazzaville-lonu-juge-arbitraire-la-detention-du-general-mokoko\/"},"wordCount":407,"publisher":{"@id":"https:\/\/guineediversite.com\/#organization"},"image":{"@id":"https:\/\/guineediversite.com\/index.php\/2018\/11\/13\/congo-brazzaville-lonu-juge-arbitraire-la-detention-du-general-mokoko\/#primaryimage"},"thumbnailUrl":"https:\/\/guineediversite.com\/wp-content\/uploads\/2018\/11\/img_9551_0.jpg","articleSection":["International"],"inLanguage":"fr-FR"},{"@type":"WebPage","@id":"https:\/\/guineediversite.com\/index.php\/2018\/11\/13\/congo-brazzaville-lonu-juge-arbitraire-la-detention-du-general-mokoko\/","url":"https:\/\/guineediversite.com\/index.php\/2018\/11\/13\/congo-brazzaville-lonu-juge-arbitraire-la-detention-du-general-mokoko\/","name":"Congo-Brazzaville: l\u2019ONU juge arbitraire la d\u00e9tention du g\u00e9n\u00e9ral Mokoko | Guin\u00e9e Diversit\u00e9","isPartOf":{"@id":"https:\/\/guineediversite.com\/#website"},"primaryImageOfPage":{"@id":"https:\/\/guineediversite.com\/index.php\/2018\/11\/13\/congo-brazzaville-lonu-juge-arbitraire-la-detention-du-general-mokoko\/#primaryimage"},"image":{"@id":"https:\/\/guineediversite.com\/index.php\/2018\/11\/13\/congo-brazzaville-lonu-juge-arbitraire-la-detention-du-general-mokoko\/#primaryimage"},"thumbnailUrl":"https:\/\/guineediversite.com\/wp-content\/uploads\/2018\/11\/img_9551_0.jpg","datePublished":"2018-11-13T17:28:44+00:00","dateModified":"2018-11-13T17:28:44+00:00","breadcrumb":{"@id":"https:\/\/guineediversite.com\/index.php\/2018\/11\/13\/congo-brazzaville-lonu-juge-arbitraire-la-detention-du-general-mokoko\/#breadcrumb"},"inLanguage":"fr-FR","potentialAction":[{"@type":"ReadAction","target":["https:\/\/guineediversite.com\/index.php\/2018\/11\/13\/congo-brazzaville-lonu-juge-arbitraire-la-detention-du-general-mokoko\/"]}]},{"@type":"ImageObject","inLanguage":"fr-FR","@id":"https:\/\/guineediversite.com\/index.php\/2018\/11\/13\/congo-brazzaville-lonu-juge-arbitraire-la-detention-du-general-mokoko\/#primaryimage","url":"https:\/\/guineediversite.com\/wp-content\/uploads\/2018\/11\/img_9551_0.jpg","contentUrl":"https:\/\/guineediversite.com\/wp-content\/uploads\/2018\/11\/img_9551_0.jpg","width":1024,"height":578},{"@type":"BreadcrumbList","@id":"https:\/\/guineediversite.com\/index.php\/2018\/11\/13\/congo-brazzaville-lonu-juge-arbitraire-la-detention-du-general-mokoko\/#breadcrumb","itemListElement":[{"@type":"ListItem","position":1,"name":"Accueil","item":"https:\/\/guineediversite.com\/"},{"@type":"ListItem","position":2,"name":"Congo-Brazzaville: l\u2019ONU juge arbitraire la d\u00e9tention du g\u00e9n\u00e9ral Mokoko"}]},{"@type":"WebSite","@id":"https:\/\/guineediversite.com\/#website","url":"https:\/\/guineediversite.com\/","name":"Guin\u00e9e Diversit\u00e9","description":"L&#039;Info dans toute sa diversit\u00e9","publisher":{"@id":"https:\/\/guineediversite.com\/#organization"},"potentialAction":[{"@type":"SearchAction","target":{"@type":"EntryPoint","urlTemplate":"https:\/\/guineediversite.com\/?s={search_term_string}"},"query-input":{"@type":"PropertyValueSpecification","valueRequired":true,"valueName":"search_term_string"}}],"inLanguage":"fr-FR"},{"@type":"Organization","@id":"https:\/\/guineediversite.com\/#organization","name":"Guin\u00e9e Diversit\u00e9","url":"https:\/\/guineediversite.com\/","logo":{"@type":"ImageObject","inLanguage":"fr-FR","@id":"https:\/\/guineediversite.com\/#\/schema\/logo\/image\/","url":"https:\/\/guineediversite.com\/wp-content\/uploads\/2017\/04\/cropped-1jojlxEOMkX9Wyqfhe43D6kjPOGqBBKmx3EwWJqZ0cMrFF54yM49.png","contentUrl":"https:\/\/guineediversite.com\/wp-content\/uploads\/2017\/04\/cropped-1jojlxEOMkX9Wyqfhe43D6kjPOGqBBKmx3EwWJqZ0cMrFF54yM49.png","width":186,"height":112,"caption":"Guin\u00e9e Diversit\u00e9"},"image":{"@id":"https:\/\/guineediversite.com\/#\/schema\/logo\/image\/"},"sameAs":["https:\/\/www.facebook.com\/guineediversite\/","https:\/\/x.com\/GuineeDiversite","https:\/\/www.youtube.com\/channel\/UC8sUY16qelG5ge6_D5SB83g"]},{"@type":"Person","@id":"https:\/\/guineediversite.com\/#\/schema\/person\/afa08fb34e7fc6e1feafc892612bc836","name":"Guin\u00e9e Diversit\u00e9","image":{"@type":"ImageObject","inLanguage":"fr-FR","@id":"https:\/\/guineediversite.com\/#\/schema\/person\/image\/","url":"https:\/\/secure.gravatar.com\/avatar\/50d5eb5b390f8b65ac30ac6f898eb83a?s=96&d=mm&r=g","contentUrl":"https:\/\/secure.gravatar.com\/avatar\/50d5eb5b390f8b65ac30ac6f898eb83a?s=96&d=mm&r=g","caption":"Guin\u00e9e Diversit\u00e9"},"url":"https:\/\/guineediversite.com\/index.php\/author\/guineediversite\/"}]}},"_links":{"self":[{"href":"https:\/\/guineediversite.com\/index.php\/wp-json\/wp\/v2\/posts\/27285"}],"collection":[{"href":"https:\/\/guineediversite.com\/index.php\/wp-json\/wp\/v2\/posts"}],"about":[{"href":"https:\/\/guineediversite.com\/index.php\/wp-json\/wp\/v2\/types\/post"}],"author":[{"embeddable":true,"href":"https:\/\/guineediversite.com\/index.php\/wp-json\/wp\/v2\/users\/12"}],"replies":[{"embeddable":true,"href":"https:\/\/guineediversite.com\/index.php\/wp-json\/wp\/v2\/comments?post=27285"}],"version-history":[{"count":0,"href":"https:\/\/guineediversite.com\/index.php\/wp-json\/wp\/v2\/posts\/27285\/revisions"}],"wp:featuredmedia":[{"embeddable":true,"href":"https:\/\/guineediversite.com\/index.php\/wp-json\/wp\/v2\/media\/27286"}],"wp:attachment":[{"href":"https:\/\/guineediversite.com\/index.php\/wp-json\/wp\/v2\/media?parent=27285"}],"wp:term":[{"taxonomy":"category","embeddable":true,"href":"https:\/\/guineediversite.com\/index.php\/wp-json\/wp\/v2\/categories?post=27285"},{"taxonomy":"post_tag","embeddable":true,"href":"https:\/\/guineediversite.com\/index.php\/wp-json\/wp\/v2\/tags?post=27285"}],"curies":[{"name":"wp","href":"https:\/\/api.w.org\/{rel}","templated":true}]}}