{"id":27275,"date":"2018-11-12T18:40:28","date_gmt":"2018-11-12T17:40:28","guid":{"rendered":"https:\/\/guineediversite.com\/?p=27275"},"modified":"2018-11-12T18:40:28","modified_gmt":"2018-11-12T17:40:28","slug":"medias-des-membres-du-syndicat-du-sppg-a-lecole-du-mouvement-syndical","status":"publish","type":"post","link":"https:\/\/guineediversite.com\/index.php\/2018\/11\/12\/medias-des-membres-du-syndicat-du-sppg-a-lecole-du-mouvement-syndical\/","title":{"rendered":"M\u00e9dias: Des membres du syndicat du SPPG \u00e0 l\u2019\u00e9cole du mouvement syndical"},"content":{"rendered":"<p>Des \u00e9lus et cadres syndicaux de la SPPG (Syndicat de la Presse Priv\u00e9e Guin\u00e9enne) suivent depuis ce lundi, 12 octobre \u00e0 Conakry \u00a0une formation pour renforcer leur capacit\u00e9 dans le fonctionnement d\u2019un mouvement syndical.<\/p>\n<p>C\u2019est la CNTG qui assure cette formation de deux jours qui rentre dans la mise en \u0153uvre de son plan d\u2019action de l\u2019\u00e9ducation de ses membres.<\/p>\n<p>Au cours de cette rencontre, les membres du Syndicat de la Presse Priv\u00e9e de Guin\u00e9e SPPG, toucheront des sujets li\u00e9s \u00e0 l\u2019actualit\u00e9 s\u2019int\u00e9ressant au monde du travail, \u00e0 la crise sur la libert\u00e9 d\u2019expression et syndicale.<\/p>\n<p>KALENEWS<\/p>\n","protected":false},"excerpt":{"rendered":"<p>Des \u00e9lus et cadres syndicaux de la SPPG (Syndicat de la Presse Priv\u00e9e Guin\u00e9enne) suivent depuis ce lundi, 12 octobre \u00e0 Conakry \u00a0une formation pour renforcer leur capacit\u00e9 dans le fonctionnement d\u2019un mouvement syndical. C\u2019est la CNTG qui assure cette formation de deux jours qui rentre dans la mise en \u0153uvre de son plan d\u2019action [&hellip;]<\/p>\n","protected":false},"author":12,"featured_media":27276,"comment_status":"closed","ping_status":"closed","sticky":false,"template":"","format":"standard","meta":{"_exactmetrics_skip_tracking":false,"_exactmetrics_sitenote_active":false,"_exactmetrics_sitenote_note":"","_exactmetrics_sitenote_category":0,"tdm_status":"","tdm_grid_status":"","footnotes":""},"categories":[16],"tags":[],"class_list":{"0":"post-27275","1":"post","2":"type-post","3":"status-publish","4":"format-standard","5":"has-post-thumbnail","7":"category-societe"},"yoast_head":"<!-- This site is optimized with the Yoast SEO plugin v24.2 - https:\/\/yoast.com\/wordpress\/plugins\/seo\/ -->\n<title>M\u00e9dias: Des membres du syndicat du SPPG \u00e0 l\u2019\u00e9cole du mouvement syndical | Guin\u00e9e Diversit\u00e9<\/title>\n<meta name=\"robots\" content=\"index, follow, max-snippet:-1, max-image-preview:large, max-video-preview:-1\" \/>\n<link rel=\"canonical\" href=\"https:\/\/guineediversite.com\/index.php\/2018\/11\/12\/medias-des-membres-du-syndicat-du-sppg-a-lecole-du-mouvement-syndical\/\" \/>\n<meta property=\"og:locale\" content=\"fr_FR\" \/>\n<meta property=\"og:type\" content=\"article\" \/>\n<meta property=\"og:title\" content=\"M\u00e9dias: Des membres du syndicat du SPPG \u00e0 l\u2019\u00e9cole du mouvement syndical | Guin\u00e9e Diversit\u00e9\" \/>\n<meta property=\"og:description\" content=\"Des \u00e9lus et cadres syndicaux de la SPPG (Syndicat de la Presse Priv\u00e9e Guin\u00e9enne) suivent depuis ce lundi, 12 octobre \u00e0 Conakry \u00a0une formation pour renforcer leur capacit\u00e9 dans le fonctionnement d\u2019un mouvement syndical. C\u2019est la CNTG qui assure cette formation de deux jours qui rentre dans la mise en \u0153uvre de son plan d\u2019action [&hellip;]\" \/>\n<meta property=\"og:url\" content=\"https:\/\/guineediversite.com\/index.php\/2018\/11\/12\/medias-des-membres-du-syndicat-du-sppg-a-lecole-du-mouvement-syndical\/\" \/>\n<meta property=\"og:site_name\" content=\"Guin\u00e9e Diversit\u00e9\" \/>\n<meta property=\"article:publisher\" content=\"https:\/\/www.facebook.com\/guineediversite\/\" \/>\n<meta property=\"article:published_time\" content=\"2018-11-12T17:40:28+00:00\" \/>\n<meta property=\"og:image\" content=\"https:\/\/guineediversite.com\/wp-content\/uploads\/2018\/11\/45965154_1114792332029030_3330536615931019264_n.jpg\" \/>\n\t<meta property=\"og:image:width\" content=\"1024\" \/>\n\t<meta property=\"og:image:height\" content=\"576\" \/>\n\t<meta property=\"og:image:type\" content=\"image\/jpeg\" \/>\n<meta name=\"author\" content=\"Guin\u00e9e Diversit\u00e9\" \/>\n<meta name=\"twitter:card\" content=\"summary_large_image\" \/>\n<meta name=\"twitter:creator\" content=\"@GuineeDiversite\" \/>\n<meta name=\"twitter:site\" content=\"@GuineeDiversite\" \/>\n<meta name=\"twitter:label1\" content=\"\u00c9crit par\" \/>\n\t<meta name=\"twitter:data1\" content=\"Guin\u00e9e Diversit\u00e9\" \/>\n\t<meta name=\"twitter:label2\" content=\"Dur\u00e9e de lecture estim\u00e9e\" \/>\n\t<meta name=\"twitter:data2\" content=\"1 minute\" \/>\n<script type=\"application\/ld+json\" class=\"yoast-schema-graph\">{\"@context\":\"https:\/\/schema.org\",\"@graph\":[{\"@type\":\"Article\",\"@id\":\"https:\/\/guineediversite.com\/index.php\/2018\/11\/12\/medias-des-membres-du-syndicat-du-sppg-a-lecole-du-mouvement-syndical\/#article\",\"isPartOf\":{\"@id\":\"https:\/\/guineediversite.com\/index.php\/2018\/11\/12\/medias-des-membres-du-syndicat-du-sppg-a-lecole-du-mouvement-syndical\/\"},\"author\":{\"name\":\"Guin\u00e9e Diversit\u00e9\",\"@id\":\"https:\/\/guineediversite.com\/#\/schema\/person\/afa08fb34e7fc6e1feafc892612bc836\"},\"headline\":\"M\u00e9dias: Des membres du syndicat du SPPG \u00e0 l\u2019\u00e9cole du mouvement syndical\",\"datePublished\":\"2018-11-12T17:40:28+00:00\",\"dateModified\":\"2018-11-12T17:40:28+00:00\",\"mainEntityOfPage\":{\"@id\":\"https:\/\/guineediversite.com\/index.php\/2018\/11\/12\/medias-des-membres-du-syndicat-du-sppg-a-lecole-du-mouvement-syndical\/\"},\"wordCount\":119,\"publisher\":{\"@id\":\"https:\/\/guineediversite.com\/#organization\"},\"image\":{\"@id\":\"https:\/\/guineediversite.com\/index.php\/2018\/11\/12\/medias-des-membres-du-syndicat-du-sppg-a-lecole-du-mouvement-syndical\/#primaryimage\"},\"thumbnailUrl\":\"https:\/\/guineediversite.com\/wp-content\/uploads\/2018\/11\/45965154_1114792332029030_3330536615931019264_n.jpg\",\"articleSection\":[\"Soci\u00e9t\u00e9\"],\"inLanguage\":\"fr-FR\"},{\"@type\":\"WebPage\",\"@id\":\"https:\/\/guineediversite.com\/index.php\/2018\/11\/12\/medias-des-membres-du-syndicat-du-sppg-a-lecole-du-mouvement-syndical\/\",\"url\":\"https:\/\/guineediversite.com\/index.php\/2018\/11\/12\/medias-des-membres-du-syndicat-du-sppg-a-lecole-du-mouvement-syndical\/\",\"name\":\"M\u00e9dias: Des membres du syndicat du SPPG \u00e0 l\u2019\u00e9cole du mouvement syndical | Guin\u00e9e Diversit\u00e9\",\"isPartOf\":{\"@id\":\"https:\/\/guineediversite.com\/#website\"},\"primaryImageOfPage\":{\"@id\":\"https:\/\/guineediversite.com\/index.php\/2018\/11\/12\/medias-des-membres-du-syndicat-du-sppg-a-lecole-du-mouvement-syndical\/#primaryimage\"},\"image\":{\"@id\":\"https:\/\/guineediversite.com\/index.php\/2018\/11\/12\/medias-des-membres-du-syndicat-du-sppg-a-lecole-du-mouvement-syndical\/#primaryimage\"},\"thumbnailUrl\":\"https:\/\/guineediversite.com\/wp-content\/uploads\/2018\/11\/45965154_1114792332029030_3330536615931019264_n.jpg\",\"datePublished\":\"2018-11-12T17:40:28+00:00\",\"dateModified\":\"2018-11-12T17:40:28+00:00\",\"breadcrumb\":{\"@id\":\"https:\/\/guineediversite.com\/index.php\/2018\/11\/12\/medias-des-membres-du-syndicat-du-sppg-a-lecole-du-mouvement-syndical\/#breadcrumb\"},\"inLanguage\":\"fr-FR\",\"potentialAction\":[{\"@type\":\"ReadAction\",\"target\":[\"https:\/\/guineediversite.com\/index.php\/2018\/11\/12\/medias-des-membres-du-syndicat-du-sppg-a-lecole-du-mouvement-syndical\/\"]}]},{\"@type\":\"ImageObject\",\"inLanguage\":\"fr-FR\",\"@id\":\"https:\/\/guineediversite.com\/index.php\/2018\/11\/12\/medias-des-membres-du-syndicat-du-sppg-a-lecole-du-mouvement-syndical\/#primaryimage\",\"url\":\"https:\/\/guineediversite.com\/wp-content\/uploads\/2018\/11\/45965154_1114792332029030_3330536615931019264_n.jpg\",\"contentUrl\":\"https:\/\/guineediversite.com\/wp-content\/uploads\/2018\/11\/45965154_1114792332029030_3330536615931019264_n.jpg\",\"width\":1024,\"height\":576},{\"@type\":\"BreadcrumbList\",\"@id\":\"https:\/\/guineediversite.com\/index.php\/2018\/11\/12\/medias-des-membres-du-syndicat-du-sppg-a-lecole-du-mouvement-syndical\/#breadcrumb\",\"itemListElement\":[{\"@type\":\"ListItem\",\"position\":1,\"name\":\"Accueil\",\"item\":\"https:\/\/guineediversite.com\/\"},{\"@type\":\"ListItem\",\"position\":2,\"name\":\"M\u00e9dias: Des membres du syndicat du SPPG \u00e0 l\u2019\u00e9cole du mouvement syndical\"}]},{\"@type\":\"WebSite\",\"@id\":\"https:\/\/guineediversite.com\/#website\",\"url\":\"https:\/\/guineediversite.com\/\",\"name\":\"Guin\u00e9e Diversit\u00e9\",\"description\":\"L&#039;Info dans toute sa diversit\u00e9\",\"publisher\":{\"@id\":\"https:\/\/guineediversite.com\/#organization\"},\"potentialAction\":[{\"@type\":\"SearchAction\",\"target\":{\"@type\":\"EntryPoint\",\"urlTemplate\":\"https:\/\/guineediversite.com\/?s={search_term_string}\"},\"query-input\":{\"@type\":\"PropertyValueSpecification\",\"valueRequired\":true,\"valueName\":\"search_term_string\"}}],\"inLanguage\":\"fr-FR\"},{\"@type\":\"Organization\",\"@id\":\"https:\/\/guineediversite.com\/#organization\",\"name\":\"Guin\u00e9e Diversit\u00e9\",\"url\":\"https:\/\/guineediversite.com\/\",\"logo\":{\"@type\":\"ImageObject\",\"inLanguage\":\"fr-FR\",\"@id\":\"https:\/\/guineediversite.com\/#\/schema\/logo\/image\/\",\"url\":\"https:\/\/guineediversite.com\/wp-content\/uploads\/2017\/04\/cropped-1jojlxEOMkX9Wyqfhe43D6kjPOGqBBKmx3EwWJqZ0cMrFF54yM49.png\",\"contentUrl\":\"https:\/\/guineediversite.com\/wp-content\/uploads\/2017\/04\/cropped-1jojlxEOMkX9Wyqfhe43D6kjPOGqBBKmx3EwWJqZ0cMrFF54yM49.png\",\"width\":186,\"height\":112,\"caption\":\"Guin\u00e9e Diversit\u00e9\"},\"image\":{\"@id\":\"https:\/\/guineediversite.com\/#\/schema\/logo\/image\/\"},\"sameAs\":[\"https:\/\/www.facebook.com\/guineediversite\/\",\"https:\/\/x.com\/GuineeDiversite\",\"https:\/\/www.youtube.com\/channel\/UC8sUY16qelG5ge6_D5SB83g\"]},{\"@type\":\"Person\",\"@id\":\"https:\/\/guineediversite.com\/#\/schema\/person\/afa08fb34e7fc6e1feafc892612bc836\",\"name\":\"Guin\u00e9e Diversit\u00e9\",\"image\":{\"@type\":\"ImageObject\",\"inLanguage\":\"fr-FR\",\"@id\":\"https:\/\/guineediversite.com\/#\/schema\/person\/image\/\",\"url\":\"https:\/\/secure.gravatar.com\/avatar\/50d5eb5b390f8b65ac30ac6f898eb83a?s=96&d=mm&r=g\",\"contentUrl\":\"https:\/\/secure.gravatar.com\/avatar\/50d5eb5b390f8b65ac30ac6f898eb83a?s=96&d=mm&r=g\",\"caption\":\"Guin\u00e9e Diversit\u00e9\"},\"url\":\"https:\/\/guineediversite.com\/index.php\/author\/guineediversite\/\"}]}<\/script>\n<!-- \/ Yoast SEO plugin. -->","yoast_head_json":{"title":"M\u00e9dias: Des membres du syndicat du SPPG \u00e0 l\u2019\u00e9cole du mouvement syndical | Guin\u00e9e Diversit\u00e9","robots":{"index":"index","follow":"follow","max-snippet":"max-snippet:-1","max-image-preview":"max-image-preview:large","max-video-preview":"max-video-preview:-1"},"canonical":"https:\/\/guineediversite.com\/index.php\/2018\/11\/12\/medias-des-membres-du-syndicat-du-sppg-a-lecole-du-mouvement-syndical\/","og_locale":"fr_FR","og_type":"article","og_title":"M\u00e9dias: Des membres du syndicat du SPPG \u00e0 l\u2019\u00e9cole du mouvement syndical | Guin\u00e9e Diversit\u00e9","og_description":"Des \u00e9lus et cadres syndicaux de la SPPG (Syndicat de la Presse Priv\u00e9e Guin\u00e9enne) suivent depuis ce lundi, 12 octobre \u00e0 Conakry \u00a0une formation pour renforcer leur capacit\u00e9 dans le fonctionnement d\u2019un mouvement syndical. C\u2019est la CNTG qui assure cette formation de deux jours qui rentre dans la mise en \u0153uvre de son plan d\u2019action [&hellip;]","og_url":"https:\/\/guineediversite.com\/index.php\/2018\/11\/12\/medias-des-membres-du-syndicat-du-sppg-a-lecole-du-mouvement-syndical\/","og_site_name":"Guin\u00e9e Diversit\u00e9","article_publisher":"https:\/\/www.facebook.com\/guineediversite\/","article_published_time":"2018-11-12T17:40:28+00:00","og_image":[{"width":1024,"height":576,"url":"https:\/\/guineediversite.com\/wp-content\/uploads\/2018\/11\/45965154_1114792332029030_3330536615931019264_n.jpg","type":"image\/jpeg"}],"author":"Guin\u00e9e Diversit\u00e9","twitter_card":"summary_large_image","twitter_creator":"@GuineeDiversite","twitter_site":"@GuineeDiversite","twitter_misc":{"\u00c9crit par":"Guin\u00e9e Diversit\u00e9","Dur\u00e9e de lecture estim\u00e9e":"1 minute"},"schema":{"@context":"https:\/\/schema.org","@graph":[{"@type":"Article","@id":"https:\/\/guineediversite.com\/index.php\/2018\/11\/12\/medias-des-membres-du-syndicat-du-sppg-a-lecole-du-mouvement-syndical\/#article","isPartOf":{"@id":"https:\/\/guineediversite.com\/index.php\/2018\/11\/12\/medias-des-membres-du-syndicat-du-sppg-a-lecole-du-mouvement-syndical\/"},"author":{"name":"Guin\u00e9e Diversit\u00e9","@id":"https:\/\/guineediversite.com\/#\/schema\/person\/afa08fb34e7fc6e1feafc892612bc836"},"headline":"M\u00e9dias: Des membres du syndicat du SPPG \u00e0 l\u2019\u00e9cole du mouvement syndical","datePublished":"2018-11-12T17:40:28+00:00","dateModified":"2018-11-12T17:40:28+00:00","mainEntityOfPage":{"@id":"https:\/\/guineediversite.com\/index.php\/2018\/11\/12\/medias-des-membres-du-syndicat-du-sppg-a-lecole-du-mouvement-syndical\/"},"wordCount":119,"publisher":{"@id":"https:\/\/guineediversite.com\/#organization"},"image":{"@id":"https:\/\/guineediversite.com\/index.php\/2018\/11\/12\/medias-des-membres-du-syndicat-du-sppg-a-lecole-du-mouvement-syndical\/#primaryimage"},"thumbnailUrl":"https:\/\/guineediversite.com\/wp-content\/uploads\/2018\/11\/45965154_1114792332029030_3330536615931019264_n.jpg","articleSection":["Soci\u00e9t\u00e9"],"inLanguage":"fr-FR"},{"@type":"WebPage","@id":"https:\/\/guineediversite.com\/index.php\/2018\/11\/12\/medias-des-membres-du-syndicat-du-sppg-a-lecole-du-mouvement-syndical\/","url":"https:\/\/guineediversite.com\/index.php\/2018\/11\/12\/medias-des-membres-du-syndicat-du-sppg-a-lecole-du-mouvement-syndical\/","name":"M\u00e9dias: Des membres du syndicat du SPPG \u00e0 l\u2019\u00e9cole du mouvement syndical | Guin\u00e9e Diversit\u00e9","isPartOf":{"@id":"https:\/\/guineediversite.com\/#website"},"primaryImageOfPage":{"@id":"https:\/\/guineediversite.com\/index.php\/2018\/11\/12\/medias-des-membres-du-syndicat-du-sppg-a-lecole-du-mouvement-syndical\/#primaryimage"},"image":{"@id":"https:\/\/guineediversite.com\/index.php\/2018\/11\/12\/medias-des-membres-du-syndicat-du-sppg-a-lecole-du-mouvement-syndical\/#primaryimage"},"thumbnailUrl":"https:\/\/guineediversite.com\/wp-content\/uploads\/2018\/11\/45965154_1114792332029030_3330536615931019264_n.jpg","datePublished":"2018-11-12T17:40:28+00:00","dateModified":"2018-11-12T17:40:28+00:00","breadcrumb":{"@id":"https:\/\/guineediversite.com\/index.php\/2018\/11\/12\/medias-des-membres-du-syndicat-du-sppg-a-lecole-du-mouvement-syndical\/#breadcrumb"},"inLanguage":"fr-FR","potentialAction":[{"@type":"ReadAction","target":["https:\/\/guineediversite.com\/index.php\/2018\/11\/12\/medias-des-membres-du-syndicat-du-sppg-a-lecole-du-mouvement-syndical\/"]}]},{"@type":"ImageObject","inLanguage":"fr-FR","@id":"https:\/\/guineediversite.com\/index.php\/2018\/11\/12\/medias-des-membres-du-syndicat-du-sppg-a-lecole-du-mouvement-syndical\/#primaryimage","url":"https:\/\/guineediversite.com\/wp-content\/uploads\/2018\/11\/45965154_1114792332029030_3330536615931019264_n.jpg","contentUrl":"https:\/\/guineediversite.com\/wp-content\/uploads\/2018\/11\/45965154_1114792332029030_3330536615931019264_n.jpg","width":1024,"height":576},{"@type":"BreadcrumbList","@id":"https:\/\/guineediversite.com\/index.php\/2018\/11\/12\/medias-des-membres-du-syndicat-du-sppg-a-lecole-du-mouvement-syndical\/#breadcrumb","itemListElement":[{"@type":"ListItem","position":1,"name":"Accueil","item":"https:\/\/guineediversite.com\/"},{"@type":"ListItem","position":2,"name":"M\u00e9dias: Des membres du syndicat du SPPG \u00e0 l\u2019\u00e9cole du mouvement syndical"}]},{"@type":"WebSite","@id":"https:\/\/guineediversite.com\/#website","url":"https:\/\/guineediversite.com\/","name":"Guin\u00e9e Diversit\u00e9","description":"L&#039;Info dans toute sa diversit\u00e9","publisher":{"@id":"https:\/\/guineediversite.com\/#organization"},"potentialAction":[{"@type":"SearchAction","target":{"@type":"EntryPoint","urlTemplate":"https:\/\/guineediversite.com\/?s={search_term_string}"},"query-input":{"@type":"PropertyValueSpecification","valueRequired":true,"valueName":"search_term_string"}}],"inLanguage":"fr-FR"},{"@type":"Organization","@id":"https:\/\/guineediversite.com\/#organization","name":"Guin\u00e9e Diversit\u00e9","url":"https:\/\/guineediversite.com\/","logo":{"@type":"ImageObject","inLanguage":"fr-FR","@id":"https:\/\/guineediversite.com\/#\/schema\/logo\/image\/","url":"https:\/\/guineediversite.com\/wp-content\/uploads\/2017\/04\/cropped-1jojlxEOMkX9Wyqfhe43D6kjPOGqBBKmx3EwWJqZ0cMrFF54yM49.png","contentUrl":"https:\/\/guineediversite.com\/wp-content\/uploads\/2017\/04\/cropped-1jojlxEOMkX9Wyqfhe43D6kjPOGqBBKmx3EwWJqZ0cMrFF54yM49.png","width":186,"height":112,"caption":"Guin\u00e9e Diversit\u00e9"},"image":{"@id":"https:\/\/guineediversite.com\/#\/schema\/logo\/image\/"},"sameAs":["https:\/\/www.facebook.com\/guineediversite\/","https:\/\/x.com\/GuineeDiversite","https:\/\/www.youtube.com\/channel\/UC8sUY16qelG5ge6_D5SB83g"]},{"@type":"Person","@id":"https:\/\/guineediversite.com\/#\/schema\/person\/afa08fb34e7fc6e1feafc892612bc836","name":"Guin\u00e9e Diversit\u00e9","image":{"@type":"ImageObject","inLanguage":"fr-FR","@id":"https:\/\/guineediversite.com\/#\/schema\/person\/image\/","url":"https:\/\/secure.gravatar.com\/avatar\/50d5eb5b390f8b65ac30ac6f898eb83a?s=96&d=mm&r=g","contentUrl":"https:\/\/secure.gravatar.com\/avatar\/50d5eb5b390f8b65ac30ac6f898eb83a?s=96&d=mm&r=g","caption":"Guin\u00e9e Diversit\u00e9"},"url":"https:\/\/guineediversite.com\/index.php\/author\/guineediversite\/"}]}},"_links":{"self":[{"href":"https:\/\/guineediversite.com\/index.php\/wp-json\/wp\/v2\/posts\/27275"}],"collection":[{"href":"https:\/\/guineediversite.com\/index.php\/wp-json\/wp\/v2\/posts"}],"about":[{"href":"https:\/\/guineediversite.com\/index.php\/wp-json\/wp\/v2\/types\/post"}],"author":[{"embeddable":true,"href":"https:\/\/guineediversite.com\/index.php\/wp-json\/wp\/v2\/users\/12"}],"replies":[{"embeddable":true,"href":"https:\/\/guineediversite.com\/index.php\/wp-json\/wp\/v2\/comments?post=27275"}],"version-history":[{"count":0,"href":"https:\/\/guineediversite.com\/index.php\/wp-json\/wp\/v2\/posts\/27275\/revisions"}],"wp:featuredmedia":[{"embeddable":true,"href":"https:\/\/guineediversite.com\/index.php\/wp-json\/wp\/v2\/media\/27276"}],"wp:attachment":[{"href":"https:\/\/guineediversite.com\/index.php\/wp-json\/wp\/v2\/media?parent=27275"}],"wp:term":[{"taxonomy":"category","embeddable":true,"href":"https:\/\/guineediversite.com\/index.php\/wp-json\/wp\/v2\/categories?post=27275"},{"taxonomy":"post_tag","embeddable":true,"href":"https:\/\/guineediversite.com\/index.php\/wp-json\/wp\/v2\/tags?post=27275"}],"curies":[{"name":"wp","href":"https:\/\/api.w.org\/{rel}","templated":true}]}}