{"id":27251,"date":"2018-11-09T11:47:15","date_gmt":"2018-11-09T10:47:15","guid":{"rendered":"https:\/\/guineediversite.com\/?p=27251"},"modified":"2018-11-09T11:47:36","modified_gmt":"2018-11-09T10:47:36","slug":"convocation-delie-kamano-cela-ne-va-pas-nous-empeches-de-faire-ce-quon-a-a-faire-pour-ce-peuple-dixit-lartiste","status":"publish","type":"post","link":"https:\/\/guineediversite.com\/index.php\/2018\/11\/09\/convocation-delie-kamano-cela-ne-va-pas-nous-empeches-de-faire-ce-quon-a-a-faire-pour-ce-peuple-dixit-lartiste\/","title":{"rendered":"Convocation d&rsquo;Elie Kamano: \u00ab Cela ne va pas nous emp\u00each\u00e9s de faire ce qu\u2019on a \u00e0 faire pour ce peuple \u00bb dixit l\u2019artiste."},"content":{"rendered":"<p>L&rsquo;artiste reggae-man Elie Kamano a r\u00e9pondu ce jeudi 8 novembre \u00e0 la convocation de la Direction de la police judiciaire. Une musique circule actuellement sur toutes les plateformes musicales et la voix de cet article ressemble bizarrement \u00e0 celle du concepteur de \u00ab\u00a0Koud\u00e8\u00a0\u00bb.<\/p>\n<p>Accompagn\u00e9 par son avocat Me Salifou B\u00e9avogui dans la matin\u00e9e de ce jeudi pour justifier les textes de cette chanson dont les propos sont jug\u00e9s outrageants envers le chef de l&rsquo;\u00c9tat, Elie Kamano et son avocat son ressorti confiants apr\u00e8s trois heure d&rsquo;audition.<\/p>\n<p>\u00ab\u00a0Hier monsieur Elie Kamano ici pr\u00e9sent a re\u00e7u une lettre de convocation de la part de la direction nationale de la police judiciaire \u00e0 effet de se pr\u00e9senter ce jeudi \u00e0 10h pour \u00eatre entendu sur des faits et bien d\u2019outrage au chef de l\u2019Etat. Donc \u00e0 10 heures Elie \u00e9tait d\u00e9j\u00e0 \u00e0 mon cabinet apr\u00e8s m\u2019avoir constitu\u00e9 \u00e0 la veille. Nous avons appel\u00e9 \u00e0 la police pour demander que le rendez-vous soit report\u00e9 \u00e0 12 heures \u00bb Lance Me Salifou B\u00e9avogui et de poursuivre \u00ab\u00a0Effectivement \u00e0 12h, il est venu \u00e0 mon cabinet, nous nous sommes transport\u00e9s \u00e0 la direction nationale de la police judiciaire. L\u2019enqu\u00eate est secr\u00e8te, mais je vais tout de suite vous dire qu\u2019il y a eu erreur sur la personne. Le fait poursuivit ne concerne pas monsieur Elie Kamano ici pr\u00e9sent. L\u2019infraction commise s\u2019il y a infraction ou les enqu\u00eates directes, les faits sur lesquels on est entrain de rechercher l&rsquo;infraction ne lui concerne pas du tout. Suite \u00e0 cette erreur, il a donn\u00e9 la version des faits qu\u2019il connait, et nous nous sommes excus\u00e9s les uns envers les autres, et puis voil\u00e0 c\u2019est termin\u00e9, donc il n\u2019y a plus rien \u00bb pr\u00e9cise l&rsquo;avocat.<\/p>\n<p>Ensuite, il termine en disant &lt;&lt; Je suis venu apeurer mais je sors tr\u00e8s content parce que r\u00e9ellement ce qu\u2019on recherche il n\u2019est pas int\u00e9ress\u00e9 par \u00e7a, ce n\u2019est pas lui, c\u2019est loin de lui &gt;&gt;. Se r\u00e9jouit-il<\/p>\n<p>Quand \u00e0 l&rsquo;artiste, il n&rsquo;a pas manqu\u00e9 de montrer son indignation face \u00e0 cette accusation fantaisiste qu&rsquo;il vient d&rsquo;\u00eatre victime\u00a0: \u00ab\u00a0 Lorsqu\u2019on interpelle parce qu\u2019il y a un morceau qui circule sur les r\u00e9seaux sociaux. Et on confond mon terme de vocal \u00e0 celui de la personne qui a chant\u00e9 le morceau, \u00e7a veut dire que la R\u00e9publique est menac\u00e9e. Je suis outr\u00e9 de savoir que les artistes aujourd\u2019hui doivent choisir les mots qui doivent prononcer quand t\u2019il s\u2019agit de proposer une chanson. Je pense que depuis la sortie du morceau mythique des espoirs de coronthie DADY \u00e7a effray\u00e9 les autorit\u00e9s et je pense qu\u2019ils ont un \u0153il sur tous les artistes engag\u00e9s qui bougent. Voil\u00e0 pourquoi ils m\u2019ont appel\u00e9 ici. Mais cela ne va pas nous emp\u00each\u00e9s de faire ce qu\u2019on a \u00e0 faire pour ce peuple parce qu\u2019on est d\u00e9j\u00e0 engag\u00e9\u00a0\u00bb a martel\u00e9 l&rsquo;artiste<\/p>\n","protected":false},"excerpt":{"rendered":"<p>L&rsquo;artiste reggae-man Elie Kamano a r\u00e9pondu ce jeudi 8 novembre \u00e0 la convocation de la Direction de la police judiciaire. Une musique circule actuellement sur toutes les plateformes musicales et la voix de cet article ressemble bizarrement \u00e0 celle du concepteur de \u00ab\u00a0Koud\u00e8\u00a0\u00bb. Accompagn\u00e9 par son avocat Me Salifou B\u00e9avogui dans la matin\u00e9e de ce [&hellip;]<\/p>\n","protected":false},"author":16,"featured_media":27252,"comment_status":"closed","ping_status":"closed","sticky":false,"template":"","format":"standard","meta":{"_exactmetrics_skip_tracking":false,"_exactmetrics_sitenote_active":false,"_exactmetrics_sitenote_note":"","_exactmetrics_sitenote_category":0,"tdm_status":"","tdm_grid_status":"","footnotes":""},"categories":[16],"tags":[],"class_list":{"0":"post-27251","1":"post","2":"type-post","3":"status-publish","4":"format-standard","5":"has-post-thumbnail","7":"category-societe"},"yoast_head":"<!-- This site is optimized with the Yoast SEO plugin v24.2 - https:\/\/yoast.com\/wordpress\/plugins\/seo\/ -->\n<title>Convocation d&#039;Elie Kamano: \u00ab Cela ne va pas nous emp\u00each\u00e9s de faire ce qu\u2019on a \u00e0 faire pour ce peuple \u00bb dixit l\u2019artiste. | Guin\u00e9e Diversit\u00e9<\/title>\n<meta name=\"robots\" content=\"index, follow, max-snippet:-1, max-image-preview:large, max-video-preview:-1\" \/>\n<link rel=\"canonical\" href=\"https:\/\/guineediversite.com\/index.php\/2018\/11\/09\/convocation-delie-kamano-cela-ne-va-pas-nous-empeches-de-faire-ce-quon-a-a-faire-pour-ce-peuple-dixit-lartiste\/\" \/>\n<meta property=\"og:locale\" content=\"fr_FR\" \/>\n<meta property=\"og:type\" content=\"article\" \/>\n<meta property=\"og:title\" content=\"Convocation d&#039;Elie Kamano: \u00ab Cela ne va pas nous emp\u00each\u00e9s de faire ce qu\u2019on a \u00e0 faire pour ce peuple \u00bb dixit l\u2019artiste. | Guin\u00e9e Diversit\u00e9\" \/>\n<meta property=\"og:description\" content=\"L&rsquo;artiste reggae-man Elie Kamano a r\u00e9pondu ce jeudi 8 novembre \u00e0 la convocation de la Direction de la police judiciaire. Une musique circule actuellement sur toutes les plateformes musicales et la voix de cet article ressemble bizarrement \u00e0 celle du concepteur de \u00ab\u00a0Koud\u00e8\u00a0\u00bb. Accompagn\u00e9 par son avocat Me Salifou B\u00e9avogui dans la matin\u00e9e de ce [&hellip;]\" \/>\n<meta property=\"og:url\" content=\"https:\/\/guineediversite.com\/index.php\/2018\/11\/09\/convocation-delie-kamano-cela-ne-va-pas-nous-empeches-de-faire-ce-quon-a-a-faire-pour-ce-peuple-dixit-lartiste\/\" \/>\n<meta property=\"og:site_name\" content=\"Guin\u00e9e Diversit\u00e9\" \/>\n<meta property=\"article:publisher\" content=\"https:\/\/www.facebook.com\/guineediversite\/\" \/>\n<meta property=\"article:published_time\" content=\"2018-11-09T10:47:15+00:00\" \/>\n<meta property=\"article:modified_time\" content=\"2018-11-09T10:47:36+00:00\" \/>\n<meta property=\"og:image\" content=\"https:\/\/guineediversite.com\/wp-content\/uploads\/2018\/11\/45608338_2175889756013247_3703217714253266944_n.jpg\" \/>\n\t<meta property=\"og:image:width\" content=\"1040\" \/>\n\t<meta property=\"og:image:height\" content=\"780\" \/>\n\t<meta property=\"og:image:type\" content=\"image\/jpeg\" \/>\n<meta name=\"author\" content=\"Moussa Mo\u00efse K\u00e9ita\" \/>\n<meta name=\"twitter:card\" content=\"summary_large_image\" \/>\n<meta name=\"twitter:creator\" content=\"@GuineeDiversite\" \/>\n<meta name=\"twitter:site\" content=\"@GuineeDiversite\" \/>\n<meta name=\"twitter:label1\" content=\"\u00c9crit par\" \/>\n\t<meta name=\"twitter:data1\" content=\"Moussa Mo\u00efse K\u00e9ita\" \/>\n\t<meta name=\"twitter:label2\" content=\"Dur\u00e9e de lecture estim\u00e9e\" \/>\n\t<meta name=\"twitter:data2\" content=\"3 minutes\" \/>\n<script type=\"application\/ld+json\" class=\"yoast-schema-graph\">{\"@context\":\"https:\/\/schema.org\",\"@graph\":[{\"@type\":\"Article\",\"@id\":\"https:\/\/guineediversite.com\/index.php\/2018\/11\/09\/convocation-delie-kamano-cela-ne-va-pas-nous-empeches-de-faire-ce-quon-a-a-faire-pour-ce-peuple-dixit-lartiste\/#article\",\"isPartOf\":{\"@id\":\"https:\/\/guineediversite.com\/index.php\/2018\/11\/09\/convocation-delie-kamano-cela-ne-va-pas-nous-empeches-de-faire-ce-quon-a-a-faire-pour-ce-peuple-dixit-lartiste\/\"},\"author\":{\"name\":\"Moussa Mo\u00efse K\u00e9ita\",\"@id\":\"https:\/\/guineediversite.com\/#\/schema\/person\/079ec347f72d2acde4b56a50a4fd46dc\"},\"headline\":\"Convocation d&rsquo;Elie Kamano: \u00ab Cela ne va pas nous emp\u00each\u00e9s de faire ce qu\u2019on a \u00e0 faire pour ce peuple \u00bb dixit l\u2019artiste.\",\"datePublished\":\"2018-11-09T10:47:15+00:00\",\"dateModified\":\"2018-11-09T10:47:36+00:00\",\"mainEntityOfPage\":{\"@id\":\"https:\/\/guineediversite.com\/index.php\/2018\/11\/09\/convocation-delie-kamano-cela-ne-va-pas-nous-empeches-de-faire-ce-quon-a-a-faire-pour-ce-peuple-dixit-lartiste\/\"},\"wordCount\":536,\"publisher\":{\"@id\":\"https:\/\/guineediversite.com\/#organization\"},\"image\":{\"@id\":\"https:\/\/guineediversite.com\/index.php\/2018\/11\/09\/convocation-delie-kamano-cela-ne-va-pas-nous-empeches-de-faire-ce-quon-a-a-faire-pour-ce-peuple-dixit-lartiste\/#primaryimage\"},\"thumbnailUrl\":\"https:\/\/guineediversite.com\/wp-content\/uploads\/2018\/11\/45608338_2175889756013247_3703217714253266944_n.jpg\",\"articleSection\":[\"Soci\u00e9t\u00e9\"],\"inLanguage\":\"fr-FR\"},{\"@type\":\"WebPage\",\"@id\":\"https:\/\/guineediversite.com\/index.php\/2018\/11\/09\/convocation-delie-kamano-cela-ne-va-pas-nous-empeches-de-faire-ce-quon-a-a-faire-pour-ce-peuple-dixit-lartiste\/\",\"url\":\"https:\/\/guineediversite.com\/index.php\/2018\/11\/09\/convocation-delie-kamano-cela-ne-va-pas-nous-empeches-de-faire-ce-quon-a-a-faire-pour-ce-peuple-dixit-lartiste\/\",\"name\":\"Convocation d'Elie Kamano: \u00ab Cela ne va pas nous emp\u00each\u00e9s de faire ce qu\u2019on a \u00e0 faire pour ce peuple \u00bb dixit l\u2019artiste. | Guin\u00e9e Diversit\u00e9\",\"isPartOf\":{\"@id\":\"https:\/\/guineediversite.com\/#website\"},\"primaryImageOfPage\":{\"@id\":\"https:\/\/guineediversite.com\/index.php\/2018\/11\/09\/convocation-delie-kamano-cela-ne-va-pas-nous-empeches-de-faire-ce-quon-a-a-faire-pour-ce-peuple-dixit-lartiste\/#primaryimage\"},\"image\":{\"@id\":\"https:\/\/guineediversite.com\/index.php\/2018\/11\/09\/convocation-delie-kamano-cela-ne-va-pas-nous-empeches-de-faire-ce-quon-a-a-faire-pour-ce-peuple-dixit-lartiste\/#primaryimage\"},\"thumbnailUrl\":\"https:\/\/guineediversite.com\/wp-content\/uploads\/2018\/11\/45608338_2175889756013247_3703217714253266944_n.jpg\",\"datePublished\":\"2018-11-09T10:47:15+00:00\",\"dateModified\":\"2018-11-09T10:47:36+00:00\",\"breadcrumb\":{\"@id\":\"https:\/\/guineediversite.com\/index.php\/2018\/11\/09\/convocation-delie-kamano-cela-ne-va-pas-nous-empeches-de-faire-ce-quon-a-a-faire-pour-ce-peuple-dixit-lartiste\/#breadcrumb\"},\"inLanguage\":\"fr-FR\",\"potentialAction\":[{\"@type\":\"ReadAction\",\"target\":[\"https:\/\/guineediversite.com\/index.php\/2018\/11\/09\/convocation-delie-kamano-cela-ne-va-pas-nous-empeches-de-faire-ce-quon-a-a-faire-pour-ce-peuple-dixit-lartiste\/\"]}]},{\"@type\":\"ImageObject\",\"inLanguage\":\"fr-FR\",\"@id\":\"https:\/\/guineediversite.com\/index.php\/2018\/11\/09\/convocation-delie-kamano-cela-ne-va-pas-nous-empeches-de-faire-ce-quon-a-a-faire-pour-ce-peuple-dixit-lartiste\/#primaryimage\",\"url\":\"https:\/\/guineediversite.com\/wp-content\/uploads\/2018\/11\/45608338_2175889756013247_3703217714253266944_n.jpg\",\"contentUrl\":\"https:\/\/guineediversite.com\/wp-content\/uploads\/2018\/11\/45608338_2175889756013247_3703217714253266944_n.jpg\",\"width\":1040,\"height\":780},{\"@type\":\"BreadcrumbList\",\"@id\":\"https:\/\/guineediversite.com\/index.php\/2018\/11\/09\/convocation-delie-kamano-cela-ne-va-pas-nous-empeches-de-faire-ce-quon-a-a-faire-pour-ce-peuple-dixit-lartiste\/#breadcrumb\",\"itemListElement\":[{\"@type\":\"ListItem\",\"position\":1,\"name\":\"Accueil\",\"item\":\"https:\/\/guineediversite.com\/\"},{\"@type\":\"ListItem\",\"position\":2,\"name\":\"Convocation d&rsquo;Elie Kamano: \u00ab Cela ne va pas nous emp\u00each\u00e9s de faire ce qu\u2019on a \u00e0 faire pour ce peuple \u00bb dixit l\u2019artiste.\"}]},{\"@type\":\"WebSite\",\"@id\":\"https:\/\/guineediversite.com\/#website\",\"url\":\"https:\/\/guineediversite.com\/\",\"name\":\"Guin\u00e9e Diversit\u00e9\",\"description\":\"L&#039;Info dans toute sa diversit\u00e9\",\"publisher\":{\"@id\":\"https:\/\/guineediversite.com\/#organization\"},\"potentialAction\":[{\"@type\":\"SearchAction\",\"target\":{\"@type\":\"EntryPoint\",\"urlTemplate\":\"https:\/\/guineediversite.com\/?s={search_term_string}\"},\"query-input\":{\"@type\":\"PropertyValueSpecification\",\"valueRequired\":true,\"valueName\":\"search_term_string\"}}],\"inLanguage\":\"fr-FR\"},{\"@type\":\"Organization\",\"@id\":\"https:\/\/guineediversite.com\/#organization\",\"name\":\"Guin\u00e9e Diversit\u00e9\",\"url\":\"https:\/\/guineediversite.com\/\",\"logo\":{\"@type\":\"ImageObject\",\"inLanguage\":\"fr-FR\",\"@id\":\"https:\/\/guineediversite.com\/#\/schema\/logo\/image\/\",\"url\":\"https:\/\/guineediversite.com\/wp-content\/uploads\/2017\/04\/cropped-1jojlxEOMkX9Wyqfhe43D6kjPOGqBBKmx3EwWJqZ0cMrFF54yM49.png\",\"contentUrl\":\"https:\/\/guineediversite.com\/wp-content\/uploads\/2017\/04\/cropped-1jojlxEOMkX9Wyqfhe43D6kjPOGqBBKmx3EwWJqZ0cMrFF54yM49.png\",\"width\":186,\"height\":112,\"caption\":\"Guin\u00e9e Diversit\u00e9\"},\"image\":{\"@id\":\"https:\/\/guineediversite.com\/#\/schema\/logo\/image\/\"},\"sameAs\":[\"https:\/\/www.facebook.com\/guineediversite\/\",\"https:\/\/x.com\/GuineeDiversite\",\"https:\/\/www.youtube.com\/channel\/UC8sUY16qelG5ge6_D5SB83g\"]},{\"@type\":\"Person\",\"@id\":\"https:\/\/guineediversite.com\/#\/schema\/person\/079ec347f72d2acde4b56a50a4fd46dc\",\"name\":\"Moussa Mo\u00efse K\u00e9ita\",\"image\":{\"@type\":\"ImageObject\",\"inLanguage\":\"fr-FR\",\"@id\":\"https:\/\/guineediversite.com\/#\/schema\/person\/image\/\",\"url\":\"https:\/\/secure.gravatar.com\/avatar\/edf1ea2cc01841e6c0b49384bcb1385b?s=96&d=mm&r=g\",\"contentUrl\":\"https:\/\/secure.gravatar.com\/avatar\/edf1ea2cc01841e6c0b49384bcb1385b?s=96&d=mm&r=g\",\"caption\":\"Moussa Mo\u00efse K\u00e9ita\"},\"url\":\"https:\/\/guineediversite.com\/index.php\/author\/moussa-moise\/\"}]}<\/script>\n<!-- \/ Yoast SEO plugin. -->","yoast_head_json":{"title":"Convocation d'Elie Kamano: \u00ab Cela ne va pas nous emp\u00each\u00e9s de faire ce qu\u2019on a \u00e0 faire pour ce peuple \u00bb dixit l\u2019artiste. | Guin\u00e9e Diversit\u00e9","robots":{"index":"index","follow":"follow","max-snippet":"max-snippet:-1","max-image-preview":"max-image-preview:large","max-video-preview":"max-video-preview:-1"},"canonical":"https:\/\/guineediversite.com\/index.php\/2018\/11\/09\/convocation-delie-kamano-cela-ne-va-pas-nous-empeches-de-faire-ce-quon-a-a-faire-pour-ce-peuple-dixit-lartiste\/","og_locale":"fr_FR","og_type":"article","og_title":"Convocation d'Elie Kamano: \u00ab Cela ne va pas nous emp\u00each\u00e9s de faire ce qu\u2019on a \u00e0 faire pour ce peuple \u00bb dixit l\u2019artiste. | Guin\u00e9e Diversit\u00e9","og_description":"L&rsquo;artiste reggae-man Elie Kamano a r\u00e9pondu ce jeudi 8 novembre \u00e0 la convocation de la Direction de la police judiciaire. Une musique circule actuellement sur toutes les plateformes musicales et la voix de cet article ressemble bizarrement \u00e0 celle du concepteur de \u00ab\u00a0Koud\u00e8\u00a0\u00bb. Accompagn\u00e9 par son avocat Me Salifou B\u00e9avogui dans la matin\u00e9e de ce [&hellip;]","og_url":"https:\/\/guineediversite.com\/index.php\/2018\/11\/09\/convocation-delie-kamano-cela-ne-va-pas-nous-empeches-de-faire-ce-quon-a-a-faire-pour-ce-peuple-dixit-lartiste\/","og_site_name":"Guin\u00e9e Diversit\u00e9","article_publisher":"https:\/\/www.facebook.com\/guineediversite\/","article_published_time":"2018-11-09T10:47:15+00:00","article_modified_time":"2018-11-09T10:47:36+00:00","og_image":[{"width":1040,"height":780,"url":"https:\/\/guineediversite.com\/wp-content\/uploads\/2018\/11\/45608338_2175889756013247_3703217714253266944_n.jpg","type":"image\/jpeg"}],"author":"Moussa Mo\u00efse K\u00e9ita","twitter_card":"summary_large_image","twitter_creator":"@GuineeDiversite","twitter_site":"@GuineeDiversite","twitter_misc":{"\u00c9crit par":"Moussa Mo\u00efse K\u00e9ita","Dur\u00e9e de lecture estim\u00e9e":"3 minutes"},"schema":{"@context":"https:\/\/schema.org","@graph":[{"@type":"Article","@id":"https:\/\/guineediversite.com\/index.php\/2018\/11\/09\/convocation-delie-kamano-cela-ne-va-pas-nous-empeches-de-faire-ce-quon-a-a-faire-pour-ce-peuple-dixit-lartiste\/#article","isPartOf":{"@id":"https:\/\/guineediversite.com\/index.php\/2018\/11\/09\/convocation-delie-kamano-cela-ne-va-pas-nous-empeches-de-faire-ce-quon-a-a-faire-pour-ce-peuple-dixit-lartiste\/"},"author":{"name":"Moussa Mo\u00efse K\u00e9ita","@id":"https:\/\/guineediversite.com\/#\/schema\/person\/079ec347f72d2acde4b56a50a4fd46dc"},"headline":"Convocation d&rsquo;Elie Kamano: \u00ab Cela ne va pas nous emp\u00each\u00e9s de faire ce qu\u2019on a \u00e0 faire pour ce peuple \u00bb dixit l\u2019artiste.","datePublished":"2018-11-09T10:47:15+00:00","dateModified":"2018-11-09T10:47:36+00:00","mainEntityOfPage":{"@id":"https:\/\/guineediversite.com\/index.php\/2018\/11\/09\/convocation-delie-kamano-cela-ne-va-pas-nous-empeches-de-faire-ce-quon-a-a-faire-pour-ce-peuple-dixit-lartiste\/"},"wordCount":536,"publisher":{"@id":"https:\/\/guineediversite.com\/#organization"},"image":{"@id":"https:\/\/guineediversite.com\/index.php\/2018\/11\/09\/convocation-delie-kamano-cela-ne-va-pas-nous-empeches-de-faire-ce-quon-a-a-faire-pour-ce-peuple-dixit-lartiste\/#primaryimage"},"thumbnailUrl":"https:\/\/guineediversite.com\/wp-content\/uploads\/2018\/11\/45608338_2175889756013247_3703217714253266944_n.jpg","articleSection":["Soci\u00e9t\u00e9"],"inLanguage":"fr-FR"},{"@type":"WebPage","@id":"https:\/\/guineediversite.com\/index.php\/2018\/11\/09\/convocation-delie-kamano-cela-ne-va-pas-nous-empeches-de-faire-ce-quon-a-a-faire-pour-ce-peuple-dixit-lartiste\/","url":"https:\/\/guineediversite.com\/index.php\/2018\/11\/09\/convocation-delie-kamano-cela-ne-va-pas-nous-empeches-de-faire-ce-quon-a-a-faire-pour-ce-peuple-dixit-lartiste\/","name":"Convocation d'Elie Kamano: \u00ab Cela ne va pas nous emp\u00each\u00e9s de faire ce qu\u2019on a \u00e0 faire pour ce peuple \u00bb dixit l\u2019artiste. | Guin\u00e9e Diversit\u00e9","isPartOf":{"@id":"https:\/\/guineediversite.com\/#website"},"primaryImageOfPage":{"@id":"https:\/\/guineediversite.com\/index.php\/2018\/11\/09\/convocation-delie-kamano-cela-ne-va-pas-nous-empeches-de-faire-ce-quon-a-a-faire-pour-ce-peuple-dixit-lartiste\/#primaryimage"},"image":{"@id":"https:\/\/guineediversite.com\/index.php\/2018\/11\/09\/convocation-delie-kamano-cela-ne-va-pas-nous-empeches-de-faire-ce-quon-a-a-faire-pour-ce-peuple-dixit-lartiste\/#primaryimage"},"thumbnailUrl":"https:\/\/guineediversite.com\/wp-content\/uploads\/2018\/11\/45608338_2175889756013247_3703217714253266944_n.jpg","datePublished":"2018-11-09T10:47:15+00:00","dateModified":"2018-11-09T10:47:36+00:00","breadcrumb":{"@id":"https:\/\/guineediversite.com\/index.php\/2018\/11\/09\/convocation-delie-kamano-cela-ne-va-pas-nous-empeches-de-faire-ce-quon-a-a-faire-pour-ce-peuple-dixit-lartiste\/#breadcrumb"},"inLanguage":"fr-FR","potentialAction":[{"@type":"ReadAction","target":["https:\/\/guineediversite.com\/index.php\/2018\/11\/09\/convocation-delie-kamano-cela-ne-va-pas-nous-empeches-de-faire-ce-quon-a-a-faire-pour-ce-peuple-dixit-lartiste\/"]}]},{"@type":"ImageObject","inLanguage":"fr-FR","@id":"https:\/\/guineediversite.com\/index.php\/2018\/11\/09\/convocation-delie-kamano-cela-ne-va-pas-nous-empeches-de-faire-ce-quon-a-a-faire-pour-ce-peuple-dixit-lartiste\/#primaryimage","url":"https:\/\/guineediversite.com\/wp-content\/uploads\/2018\/11\/45608338_2175889756013247_3703217714253266944_n.jpg","contentUrl":"https:\/\/guineediversite.com\/wp-content\/uploads\/2018\/11\/45608338_2175889756013247_3703217714253266944_n.jpg","width":1040,"height":780},{"@type":"BreadcrumbList","@id":"https:\/\/guineediversite.com\/index.php\/2018\/11\/09\/convocation-delie-kamano-cela-ne-va-pas-nous-empeches-de-faire-ce-quon-a-a-faire-pour-ce-peuple-dixit-lartiste\/#breadcrumb","itemListElement":[{"@type":"ListItem","position":1,"name":"Accueil","item":"https:\/\/guineediversite.com\/"},{"@type":"ListItem","position":2,"name":"Convocation d&rsquo;Elie Kamano: \u00ab Cela ne va pas nous emp\u00each\u00e9s de faire ce qu\u2019on a \u00e0 faire pour ce peuple \u00bb dixit l\u2019artiste."}]},{"@type":"WebSite","@id":"https:\/\/guineediversite.com\/#website","url":"https:\/\/guineediversite.com\/","name":"Guin\u00e9e Diversit\u00e9","description":"L&#039;Info dans toute sa diversit\u00e9","publisher":{"@id":"https:\/\/guineediversite.com\/#organization"},"potentialAction":[{"@type":"SearchAction","target":{"@type":"EntryPoint","urlTemplate":"https:\/\/guineediversite.com\/?s={search_term_string}"},"query-input":{"@type":"PropertyValueSpecification","valueRequired":true,"valueName":"search_term_string"}}],"inLanguage":"fr-FR"},{"@type":"Organization","@id":"https:\/\/guineediversite.com\/#organization","name":"Guin\u00e9e Diversit\u00e9","url":"https:\/\/guineediversite.com\/","logo":{"@type":"ImageObject","inLanguage":"fr-FR","@id":"https:\/\/guineediversite.com\/#\/schema\/logo\/image\/","url":"https:\/\/guineediversite.com\/wp-content\/uploads\/2017\/04\/cropped-1jojlxEOMkX9Wyqfhe43D6kjPOGqBBKmx3EwWJqZ0cMrFF54yM49.png","contentUrl":"https:\/\/guineediversite.com\/wp-content\/uploads\/2017\/04\/cropped-1jojlxEOMkX9Wyqfhe43D6kjPOGqBBKmx3EwWJqZ0cMrFF54yM49.png","width":186,"height":112,"caption":"Guin\u00e9e Diversit\u00e9"},"image":{"@id":"https:\/\/guineediversite.com\/#\/schema\/logo\/image\/"},"sameAs":["https:\/\/www.facebook.com\/guineediversite\/","https:\/\/x.com\/GuineeDiversite","https:\/\/www.youtube.com\/channel\/UC8sUY16qelG5ge6_D5SB83g"]},{"@type":"Person","@id":"https:\/\/guineediversite.com\/#\/schema\/person\/079ec347f72d2acde4b56a50a4fd46dc","name":"Moussa Mo\u00efse K\u00e9ita","image":{"@type":"ImageObject","inLanguage":"fr-FR","@id":"https:\/\/guineediversite.com\/#\/schema\/person\/image\/","url":"https:\/\/secure.gravatar.com\/avatar\/edf1ea2cc01841e6c0b49384bcb1385b?s=96&d=mm&r=g","contentUrl":"https:\/\/secure.gravatar.com\/avatar\/edf1ea2cc01841e6c0b49384bcb1385b?s=96&d=mm&r=g","caption":"Moussa Mo\u00efse K\u00e9ita"},"url":"https:\/\/guineediversite.com\/index.php\/author\/moussa-moise\/"}]}},"_links":{"self":[{"href":"https:\/\/guineediversite.com\/index.php\/wp-json\/wp\/v2\/posts\/27251"}],"collection":[{"href":"https:\/\/guineediversite.com\/index.php\/wp-json\/wp\/v2\/posts"}],"about":[{"href":"https:\/\/guineediversite.com\/index.php\/wp-json\/wp\/v2\/types\/post"}],"author":[{"embeddable":true,"href":"https:\/\/guineediversite.com\/index.php\/wp-json\/wp\/v2\/users\/16"}],"replies":[{"embeddable":true,"href":"https:\/\/guineediversite.com\/index.php\/wp-json\/wp\/v2\/comments?post=27251"}],"version-history":[{"count":0,"href":"https:\/\/guineediversite.com\/index.php\/wp-json\/wp\/v2\/posts\/27251\/revisions"}],"wp:featuredmedia":[{"embeddable":true,"href":"https:\/\/guineediversite.com\/index.php\/wp-json\/wp\/v2\/media\/27252"}],"wp:attachment":[{"href":"https:\/\/guineediversite.com\/index.php\/wp-json\/wp\/v2\/media?parent=27251"}],"wp:term":[{"taxonomy":"category","embeddable":true,"href":"https:\/\/guineediversite.com\/index.php\/wp-json\/wp\/v2\/categories?post=27251"},{"taxonomy":"post_tag","embeddable":true,"href":"https:\/\/guineediversite.com\/index.php\/wp-json\/wp\/v2\/tags?post=27251"}],"curies":[{"name":"wp","href":"https:\/\/api.w.org\/{rel}","templated":true}]}}