{"id":27243,"date":"2018-11-08T16:48:51","date_gmt":"2018-11-08T15:48:51","guid":{"rendered":"https:\/\/guineediversite.com\/?p=27243"},"modified":"2018-11-08T17:00:41","modified_gmt":"2018-11-08T16:00:41","slug":"lopposition-observe-5-jours-de-deuil-et-annonce-la-reprise-des-manifestations-la-semaine-prochaine","status":"publish","type":"post","link":"https:\/\/guineediversite.com\/index.php\/2018\/11\/08\/lopposition-observe-5-jours-de-deuil-et-annonce-la-reprise-des-manifestations-la-semaine-prochaine\/","title":{"rendered":"L&rsquo;opposition observe 5 jours de deuil et annonce la reprise des manifestations la semaine prochaine\u00a0"},"content":{"rendered":"<p><strong>\u00a0<\/strong>L&rsquo;opposition guin\u00e9enne ne marchera pas ce jeudi 8 novembre comme elle avait pr\u00e9vu. Les derni\u00e8res \u00e9volutions survenues dans la banlieue de Conakry avec l&rsquo;assassinat de deux jeunes par les militaires ont \u00e9t\u00e9 les raisons principales de l&rsquo;annulation de cette marche. L&rsquo;opposition r\u00e9publicaine a ainsi d\u00e9cid\u00e9 d&rsquo;observer cinq jours de deuil \u00e0 compter de ce jeudi 8 novembre jusqu&rsquo;au 13 novembre pour marquer son indignation profonde.<\/p>\n<p>C&rsquo;est un Cellou Dalein Diallo tr\u00e8s \u00e9mu qui s&rsquo;est adress\u00e9 \u00e0 ses militants et sympathisants m\u00eame si ces derniers \u00e9taient motiv\u00e9s \u00e0 faire la marche comme pr\u00e9vu. Ils scandaient dans l&rsquo;enceinte de la cour de leurs leaders des slogans comme\u00a0\u00bb marcher ! marcher! A bas les tueries!&#8230;\u00a0\u00bb<\/p>\n<p>Pour sa part, l&rsquo;ancien ministre dit comprendre la pr\u00e9occupation des uns et des autres, une douleur qu&rsquo;il partage \u00e9galement \u00ab Le rapport qui nous avais \u00e9t\u00e9 fait indique clairement que d\u00e8s b\u00e9rets rouges sont venus sur une moto et ont arros\u00e9s un groupe de jeune qui \u00e9tait assis l\u00e0. Beaucoup d&rsquo;entre vous comme moi ayant vu les images Bella (l\u2019une des jeunes victimes Ndlr) en particulier, la t\u00eate travers\u00e9e par une balle la cervelle dehors. Beaucoup d&rsquo;entre vous n&rsquo;ont pas pu dormir, en tout cas moi je n&rsquo;ai pas pu dormir, je suis encore sous le choc. J&rsquo;ai des difficult\u00e9s \u00e0 m&rsquo;exprimer aujourd&rsquo;hui, je suis profond\u00e9ment indign\u00e9 et je sais que vous \u00eates aussi \u00bb, s&rsquo;est-il indign\u00e9.<\/p>\n<p>Le chef de file de l&rsquo;opposition dit \u00eatre convaincu que ces crimes resteront aussi impunis comme les autres avant d&rsquo;accuser le pouvoir en place d&rsquo;en \u00eatre l&rsquo;auteur \u00ab On a franchi la barre des 100 victimes d&rsquo;Alpha Cond\u00e9 mais aussi l&rsquo;atrocit\u00e9 du crime a marqu\u00e9 plus d&rsquo;un. Nous sommes convaincus que les deux compatriotes qui ont \u00e9t\u00e9 fauch\u00e9s hier n&rsquo;auront pas droit \u00e0 une justice, m\u00eame pas \u00e0 une compassion du gouvernement. Monsieur Baffo\u00e9 (Directeur des unit\u00e9s d&rsquo;intervention de la police promu \u00e0 un nouveau poste par le d\u00e9cret du pr\u00e9sident ce mercredi Ndlr) a \u00e9t\u00e9 promu hier. Ce n&rsquo;est ni sa formation, ni sa comp\u00e9tence c&rsquo;est parce qu&rsquo;il est d\u00e9termin\u00e9 \u00e0 tuer les militants de l&rsquo;opposition et les citoyens \u00bb, accuse Cellou Dalein Diallo.<\/p>\n<p>Marqu\u00e9 par l&rsquo;indignation et la d\u00e9termination, le leader de l&rsquo;Union des forces d\u00e9mocratiques de Guin\u00e9e affirme qu&rsquo;il ne reculera pas d&rsquo;un cran avant d&rsquo;inviter ces militants et sympathisant \u00e0 l&rsquo;observation de cinq jours de deuil \u00ab Je voulais vos demand\u00e9s militants et sympathisants de l&rsquo;opposition, observons un deuil, le crime a \u00e9t\u00e9 trop atroce(&#8230;) On va demander cinq jours de deuil jusqu&rsquo;\u00e0 lundi. Nous allons demander \u00e0 tous les Guin\u00e9ens \u00e9pris de paix et de justice de se joindre \u00e0 nous \u00bb, appel le chef de file de l&rsquo;opposition avant de d\u00e9cliner le calendrier des prochaines manifestations.<\/p>\n<p>\u00ab A partir de Mardi on reprend les manifestations, mardi les femmes, les m\u00e8res, les femmes de l&rsquo;opposition sortiront (&#8230;) Mercredi, ville morte, jeudi marche pacifique de Cosa \u00e0 l&rsquo;esplanade du stade du 28 septembre. Il faut qu&rsquo;il y ait une marche, que tous les Guin\u00e9ens sortent pour exprimer leurs ras-le-bol \u00bb, dit l&rsquo;ancien Premier ministre.<\/p>\n<p>La petite conf\u00e9rence de presse improvis\u00e9e s&rsquo;est termin\u00e9e par des pri\u00e8res \u00e0 la m\u00e9moire des victimes.<\/p>\n","protected":false},"excerpt":{"rendered":"<p>\u00a0L&rsquo;opposition guin\u00e9enne ne marchera pas ce jeudi 8 novembre comme elle avait pr\u00e9vu. Les derni\u00e8res \u00e9volutions survenues dans la banlieue de Conakry avec l&rsquo;assassinat de deux jeunes par les militaires ont \u00e9t\u00e9 les raisons principales de l&rsquo;annulation de cette marche. L&rsquo;opposition r\u00e9publicaine a ainsi d\u00e9cid\u00e9 d&rsquo;observer cinq jours de deuil \u00e0 compter de ce jeudi [&hellip;]<\/p>\n","protected":false},"author":16,"featured_media":27244,"comment_status":"closed","ping_status":"closed","sticky":false,"template":"","format":"standard","meta":{"_exactmetrics_skip_tracking":false,"_exactmetrics_sitenote_active":false,"_exactmetrics_sitenote_note":"","_exactmetrics_sitenote_category":0,"tdm_status":"","tdm_grid_status":"","footnotes":""},"categories":[14],"tags":[],"class_list":{"0":"post-27243","1":"post","2":"type-post","3":"status-publish","4":"format-standard","5":"has-post-thumbnail","7":"category-politique"},"yoast_head":"<!-- This site is optimized with the Yoast SEO plugin v24.2 - https:\/\/yoast.com\/wordpress\/plugins\/seo\/ -->\n<title>L&#039;opposition observe 5 jours de deuil et annonce la reprise des manifestations la semaine prochaine\u00a0 | Guin\u00e9e Diversit\u00e9<\/title>\n<meta name=\"robots\" content=\"index, follow, max-snippet:-1, max-image-preview:large, max-video-preview:-1\" \/>\n<link rel=\"canonical\" href=\"https:\/\/guineediversite.com\/index.php\/2018\/11\/08\/lopposition-observe-5-jours-de-deuil-et-annonce-la-reprise-des-manifestations-la-semaine-prochaine\/\" \/>\n<meta property=\"og:locale\" content=\"fr_FR\" \/>\n<meta property=\"og:type\" content=\"article\" \/>\n<meta property=\"og:title\" content=\"L&#039;opposition observe 5 jours de deuil et annonce la reprise des manifestations la semaine prochaine\u00a0 | Guin\u00e9e Diversit\u00e9\" \/>\n<meta property=\"og:description\" content=\"\u00a0L&rsquo;opposition guin\u00e9enne ne marchera pas ce jeudi 8 novembre comme elle avait pr\u00e9vu. Les derni\u00e8res \u00e9volutions survenues dans la banlieue de Conakry avec l&rsquo;assassinat de deux jeunes par les militaires ont \u00e9t\u00e9 les raisons principales de l&rsquo;annulation de cette marche. L&rsquo;opposition r\u00e9publicaine a ainsi d\u00e9cid\u00e9 d&rsquo;observer cinq jours de deuil \u00e0 compter de ce jeudi [&hellip;]\" \/>\n<meta property=\"og:url\" content=\"https:\/\/guineediversite.com\/index.php\/2018\/11\/08\/lopposition-observe-5-jours-de-deuil-et-annonce-la-reprise-des-manifestations-la-semaine-prochaine\/\" \/>\n<meta property=\"og:site_name\" content=\"Guin\u00e9e Diversit\u00e9\" \/>\n<meta property=\"article:publisher\" content=\"https:\/\/www.facebook.com\/guineediversite\/\" \/>\n<meta property=\"article:published_time\" content=\"2018-11-08T15:48:51+00:00\" \/>\n<meta property=\"article:modified_time\" content=\"2018-11-08T16:00:41+00:00\" \/>\n<meta property=\"og:image\" content=\"https:\/\/guineediversite.com\/wp-content\/uploads\/2018\/11\/45647088_352630295308126_757915561416982528_n.jpg\" \/>\n\t<meta property=\"og:image:width\" content=\"1024\" \/>\n\t<meta property=\"og:image:height\" content=\"768\" \/>\n\t<meta property=\"og:image:type\" content=\"image\/jpeg\" \/>\n<meta name=\"author\" content=\"Moussa Mo\u00efse K\u00e9ita\" \/>\n<meta name=\"twitter:card\" content=\"summary_large_image\" \/>\n<meta name=\"twitter:creator\" content=\"@GuineeDiversite\" \/>\n<meta name=\"twitter:site\" content=\"@GuineeDiversite\" \/>\n<meta name=\"twitter:label1\" content=\"\u00c9crit par\" \/>\n\t<meta name=\"twitter:data1\" content=\"Moussa Mo\u00efse K\u00e9ita\" \/>\n\t<meta name=\"twitter:label2\" content=\"Dur\u00e9e de lecture estim\u00e9e\" \/>\n\t<meta name=\"twitter:data2\" content=\"3 minutes\" \/>\n<script type=\"application\/ld+json\" class=\"yoast-schema-graph\">{\"@context\":\"https:\/\/schema.org\",\"@graph\":[{\"@type\":\"Article\",\"@id\":\"https:\/\/guineediversite.com\/index.php\/2018\/11\/08\/lopposition-observe-5-jours-de-deuil-et-annonce-la-reprise-des-manifestations-la-semaine-prochaine\/#article\",\"isPartOf\":{\"@id\":\"https:\/\/guineediversite.com\/index.php\/2018\/11\/08\/lopposition-observe-5-jours-de-deuil-et-annonce-la-reprise-des-manifestations-la-semaine-prochaine\/\"},\"author\":{\"name\":\"Moussa Mo\u00efse K\u00e9ita\",\"@id\":\"https:\/\/guineediversite.com\/#\/schema\/person\/079ec347f72d2acde4b56a50a4fd46dc\"},\"headline\":\"L&rsquo;opposition observe 5 jours de deuil et annonce la reprise des manifestations la semaine prochaine\u00a0\",\"datePublished\":\"2018-11-08T15:48:51+00:00\",\"dateModified\":\"2018-11-08T16:00:41+00:00\",\"mainEntityOfPage\":{\"@id\":\"https:\/\/guineediversite.com\/index.php\/2018\/11\/08\/lopposition-observe-5-jours-de-deuil-et-annonce-la-reprise-des-manifestations-la-semaine-prochaine\/\"},\"wordCount\":593,\"publisher\":{\"@id\":\"https:\/\/guineediversite.com\/#organization\"},\"image\":{\"@id\":\"https:\/\/guineediversite.com\/index.php\/2018\/11\/08\/lopposition-observe-5-jours-de-deuil-et-annonce-la-reprise-des-manifestations-la-semaine-prochaine\/#primaryimage\"},\"thumbnailUrl\":\"https:\/\/guineediversite.com\/wp-content\/uploads\/2018\/11\/45647088_352630295308126_757915561416982528_n.jpg\",\"articleSection\":[\"Politique\"],\"inLanguage\":\"fr-FR\"},{\"@type\":\"WebPage\",\"@id\":\"https:\/\/guineediversite.com\/index.php\/2018\/11\/08\/lopposition-observe-5-jours-de-deuil-et-annonce-la-reprise-des-manifestations-la-semaine-prochaine\/\",\"url\":\"https:\/\/guineediversite.com\/index.php\/2018\/11\/08\/lopposition-observe-5-jours-de-deuil-et-annonce-la-reprise-des-manifestations-la-semaine-prochaine\/\",\"name\":\"L'opposition observe 5 jours de deuil et annonce la reprise des manifestations la semaine prochaine\u00a0 | Guin\u00e9e Diversit\u00e9\",\"isPartOf\":{\"@id\":\"https:\/\/guineediversite.com\/#website\"},\"primaryImageOfPage\":{\"@id\":\"https:\/\/guineediversite.com\/index.php\/2018\/11\/08\/lopposition-observe-5-jours-de-deuil-et-annonce-la-reprise-des-manifestations-la-semaine-prochaine\/#primaryimage\"},\"image\":{\"@id\":\"https:\/\/guineediversite.com\/index.php\/2018\/11\/08\/lopposition-observe-5-jours-de-deuil-et-annonce-la-reprise-des-manifestations-la-semaine-prochaine\/#primaryimage\"},\"thumbnailUrl\":\"https:\/\/guineediversite.com\/wp-content\/uploads\/2018\/11\/45647088_352630295308126_757915561416982528_n.jpg\",\"datePublished\":\"2018-11-08T15:48:51+00:00\",\"dateModified\":\"2018-11-08T16:00:41+00:00\",\"breadcrumb\":{\"@id\":\"https:\/\/guineediversite.com\/index.php\/2018\/11\/08\/lopposition-observe-5-jours-de-deuil-et-annonce-la-reprise-des-manifestations-la-semaine-prochaine\/#breadcrumb\"},\"inLanguage\":\"fr-FR\",\"potentialAction\":[{\"@type\":\"ReadAction\",\"target\":[\"https:\/\/guineediversite.com\/index.php\/2018\/11\/08\/lopposition-observe-5-jours-de-deuil-et-annonce-la-reprise-des-manifestations-la-semaine-prochaine\/\"]}]},{\"@type\":\"ImageObject\",\"inLanguage\":\"fr-FR\",\"@id\":\"https:\/\/guineediversite.com\/index.php\/2018\/11\/08\/lopposition-observe-5-jours-de-deuil-et-annonce-la-reprise-des-manifestations-la-semaine-prochaine\/#primaryimage\",\"url\":\"https:\/\/guineediversite.com\/wp-content\/uploads\/2018\/11\/45647088_352630295308126_757915561416982528_n.jpg\",\"contentUrl\":\"https:\/\/guineediversite.com\/wp-content\/uploads\/2018\/11\/45647088_352630295308126_757915561416982528_n.jpg\",\"width\":1024,\"height\":768},{\"@type\":\"BreadcrumbList\",\"@id\":\"https:\/\/guineediversite.com\/index.php\/2018\/11\/08\/lopposition-observe-5-jours-de-deuil-et-annonce-la-reprise-des-manifestations-la-semaine-prochaine\/#breadcrumb\",\"itemListElement\":[{\"@type\":\"ListItem\",\"position\":1,\"name\":\"Accueil\",\"item\":\"https:\/\/guineediversite.com\/\"},{\"@type\":\"ListItem\",\"position\":2,\"name\":\"L&rsquo;opposition observe 5 jours de deuil et annonce la reprise des manifestations la semaine prochaine\u00a0\"}]},{\"@type\":\"WebSite\",\"@id\":\"https:\/\/guineediversite.com\/#website\",\"url\":\"https:\/\/guineediversite.com\/\",\"name\":\"Guin\u00e9e Diversit\u00e9\",\"description\":\"L&#039;Info dans toute sa diversit\u00e9\",\"publisher\":{\"@id\":\"https:\/\/guineediversite.com\/#organization\"},\"potentialAction\":[{\"@type\":\"SearchAction\",\"target\":{\"@type\":\"EntryPoint\",\"urlTemplate\":\"https:\/\/guineediversite.com\/?s={search_term_string}\"},\"query-input\":{\"@type\":\"PropertyValueSpecification\",\"valueRequired\":true,\"valueName\":\"search_term_string\"}}],\"inLanguage\":\"fr-FR\"},{\"@type\":\"Organization\",\"@id\":\"https:\/\/guineediversite.com\/#organization\",\"name\":\"Guin\u00e9e Diversit\u00e9\",\"url\":\"https:\/\/guineediversite.com\/\",\"logo\":{\"@type\":\"ImageObject\",\"inLanguage\":\"fr-FR\",\"@id\":\"https:\/\/guineediversite.com\/#\/schema\/logo\/image\/\",\"url\":\"https:\/\/guineediversite.com\/wp-content\/uploads\/2017\/04\/cropped-1jojlxEOMkX9Wyqfhe43D6kjPOGqBBKmx3EwWJqZ0cMrFF54yM49.png\",\"contentUrl\":\"https:\/\/guineediversite.com\/wp-content\/uploads\/2017\/04\/cropped-1jojlxEOMkX9Wyqfhe43D6kjPOGqBBKmx3EwWJqZ0cMrFF54yM49.png\",\"width\":186,\"height\":112,\"caption\":\"Guin\u00e9e Diversit\u00e9\"},\"image\":{\"@id\":\"https:\/\/guineediversite.com\/#\/schema\/logo\/image\/\"},\"sameAs\":[\"https:\/\/www.facebook.com\/guineediversite\/\",\"https:\/\/x.com\/GuineeDiversite\",\"https:\/\/www.youtube.com\/channel\/UC8sUY16qelG5ge6_D5SB83g\"]},{\"@type\":\"Person\",\"@id\":\"https:\/\/guineediversite.com\/#\/schema\/person\/079ec347f72d2acde4b56a50a4fd46dc\",\"name\":\"Moussa Mo\u00efse K\u00e9ita\",\"image\":{\"@type\":\"ImageObject\",\"inLanguage\":\"fr-FR\",\"@id\":\"https:\/\/guineediversite.com\/#\/schema\/person\/image\/\",\"url\":\"https:\/\/secure.gravatar.com\/avatar\/edf1ea2cc01841e6c0b49384bcb1385b?s=96&d=mm&r=g\",\"contentUrl\":\"https:\/\/secure.gravatar.com\/avatar\/edf1ea2cc01841e6c0b49384bcb1385b?s=96&d=mm&r=g\",\"caption\":\"Moussa Mo\u00efse K\u00e9ita\"},\"url\":\"https:\/\/guineediversite.com\/index.php\/author\/moussa-moise\/\"}]}<\/script>\n<!-- \/ Yoast SEO plugin. -->","yoast_head_json":{"title":"L'opposition observe 5 jours de deuil et annonce la reprise des manifestations la semaine prochaine\u00a0 | Guin\u00e9e Diversit\u00e9","robots":{"index":"index","follow":"follow","max-snippet":"max-snippet:-1","max-image-preview":"max-image-preview:large","max-video-preview":"max-video-preview:-1"},"canonical":"https:\/\/guineediversite.com\/index.php\/2018\/11\/08\/lopposition-observe-5-jours-de-deuil-et-annonce-la-reprise-des-manifestations-la-semaine-prochaine\/","og_locale":"fr_FR","og_type":"article","og_title":"L'opposition observe 5 jours de deuil et annonce la reprise des manifestations la semaine prochaine\u00a0 | Guin\u00e9e Diversit\u00e9","og_description":"\u00a0L&rsquo;opposition guin\u00e9enne ne marchera pas ce jeudi 8 novembre comme elle avait pr\u00e9vu. Les derni\u00e8res \u00e9volutions survenues dans la banlieue de Conakry avec l&rsquo;assassinat de deux jeunes par les militaires ont \u00e9t\u00e9 les raisons principales de l&rsquo;annulation de cette marche. L&rsquo;opposition r\u00e9publicaine a ainsi d\u00e9cid\u00e9 d&rsquo;observer cinq jours de deuil \u00e0 compter de ce jeudi [&hellip;]","og_url":"https:\/\/guineediversite.com\/index.php\/2018\/11\/08\/lopposition-observe-5-jours-de-deuil-et-annonce-la-reprise-des-manifestations-la-semaine-prochaine\/","og_site_name":"Guin\u00e9e Diversit\u00e9","article_publisher":"https:\/\/www.facebook.com\/guineediversite\/","article_published_time":"2018-11-08T15:48:51+00:00","article_modified_time":"2018-11-08T16:00:41+00:00","og_image":[{"width":1024,"height":768,"url":"https:\/\/guineediversite.com\/wp-content\/uploads\/2018\/11\/45647088_352630295308126_757915561416982528_n.jpg","type":"image\/jpeg"}],"author":"Moussa Mo\u00efse K\u00e9ita","twitter_card":"summary_large_image","twitter_creator":"@GuineeDiversite","twitter_site":"@GuineeDiversite","twitter_misc":{"\u00c9crit par":"Moussa Mo\u00efse K\u00e9ita","Dur\u00e9e de lecture estim\u00e9e":"3 minutes"},"schema":{"@context":"https:\/\/schema.org","@graph":[{"@type":"Article","@id":"https:\/\/guineediversite.com\/index.php\/2018\/11\/08\/lopposition-observe-5-jours-de-deuil-et-annonce-la-reprise-des-manifestations-la-semaine-prochaine\/#article","isPartOf":{"@id":"https:\/\/guineediversite.com\/index.php\/2018\/11\/08\/lopposition-observe-5-jours-de-deuil-et-annonce-la-reprise-des-manifestations-la-semaine-prochaine\/"},"author":{"name":"Moussa Mo\u00efse K\u00e9ita","@id":"https:\/\/guineediversite.com\/#\/schema\/person\/079ec347f72d2acde4b56a50a4fd46dc"},"headline":"L&rsquo;opposition observe 5 jours de deuil et annonce la reprise des manifestations la semaine prochaine\u00a0","datePublished":"2018-11-08T15:48:51+00:00","dateModified":"2018-11-08T16:00:41+00:00","mainEntityOfPage":{"@id":"https:\/\/guineediversite.com\/index.php\/2018\/11\/08\/lopposition-observe-5-jours-de-deuil-et-annonce-la-reprise-des-manifestations-la-semaine-prochaine\/"},"wordCount":593,"publisher":{"@id":"https:\/\/guineediversite.com\/#organization"},"image":{"@id":"https:\/\/guineediversite.com\/index.php\/2018\/11\/08\/lopposition-observe-5-jours-de-deuil-et-annonce-la-reprise-des-manifestations-la-semaine-prochaine\/#primaryimage"},"thumbnailUrl":"https:\/\/guineediversite.com\/wp-content\/uploads\/2018\/11\/45647088_352630295308126_757915561416982528_n.jpg","articleSection":["Politique"],"inLanguage":"fr-FR"},{"@type":"WebPage","@id":"https:\/\/guineediversite.com\/index.php\/2018\/11\/08\/lopposition-observe-5-jours-de-deuil-et-annonce-la-reprise-des-manifestations-la-semaine-prochaine\/","url":"https:\/\/guineediversite.com\/index.php\/2018\/11\/08\/lopposition-observe-5-jours-de-deuil-et-annonce-la-reprise-des-manifestations-la-semaine-prochaine\/","name":"L'opposition observe 5 jours de deuil et annonce la reprise des manifestations la semaine prochaine\u00a0 | Guin\u00e9e Diversit\u00e9","isPartOf":{"@id":"https:\/\/guineediversite.com\/#website"},"primaryImageOfPage":{"@id":"https:\/\/guineediversite.com\/index.php\/2018\/11\/08\/lopposition-observe-5-jours-de-deuil-et-annonce-la-reprise-des-manifestations-la-semaine-prochaine\/#primaryimage"},"image":{"@id":"https:\/\/guineediversite.com\/index.php\/2018\/11\/08\/lopposition-observe-5-jours-de-deuil-et-annonce-la-reprise-des-manifestations-la-semaine-prochaine\/#primaryimage"},"thumbnailUrl":"https:\/\/guineediversite.com\/wp-content\/uploads\/2018\/11\/45647088_352630295308126_757915561416982528_n.jpg","datePublished":"2018-11-08T15:48:51+00:00","dateModified":"2018-11-08T16:00:41+00:00","breadcrumb":{"@id":"https:\/\/guineediversite.com\/index.php\/2018\/11\/08\/lopposition-observe-5-jours-de-deuil-et-annonce-la-reprise-des-manifestations-la-semaine-prochaine\/#breadcrumb"},"inLanguage":"fr-FR","potentialAction":[{"@type":"ReadAction","target":["https:\/\/guineediversite.com\/index.php\/2018\/11\/08\/lopposition-observe-5-jours-de-deuil-et-annonce-la-reprise-des-manifestations-la-semaine-prochaine\/"]}]},{"@type":"ImageObject","inLanguage":"fr-FR","@id":"https:\/\/guineediversite.com\/index.php\/2018\/11\/08\/lopposition-observe-5-jours-de-deuil-et-annonce-la-reprise-des-manifestations-la-semaine-prochaine\/#primaryimage","url":"https:\/\/guineediversite.com\/wp-content\/uploads\/2018\/11\/45647088_352630295308126_757915561416982528_n.jpg","contentUrl":"https:\/\/guineediversite.com\/wp-content\/uploads\/2018\/11\/45647088_352630295308126_757915561416982528_n.jpg","width":1024,"height":768},{"@type":"BreadcrumbList","@id":"https:\/\/guineediversite.com\/index.php\/2018\/11\/08\/lopposition-observe-5-jours-de-deuil-et-annonce-la-reprise-des-manifestations-la-semaine-prochaine\/#breadcrumb","itemListElement":[{"@type":"ListItem","position":1,"name":"Accueil","item":"https:\/\/guineediversite.com\/"},{"@type":"ListItem","position":2,"name":"L&rsquo;opposition observe 5 jours de deuil et annonce la reprise des manifestations la semaine prochaine\u00a0"}]},{"@type":"WebSite","@id":"https:\/\/guineediversite.com\/#website","url":"https:\/\/guineediversite.com\/","name":"Guin\u00e9e Diversit\u00e9","description":"L&#039;Info dans toute sa diversit\u00e9","publisher":{"@id":"https:\/\/guineediversite.com\/#organization"},"potentialAction":[{"@type":"SearchAction","target":{"@type":"EntryPoint","urlTemplate":"https:\/\/guineediversite.com\/?s={search_term_string}"},"query-input":{"@type":"PropertyValueSpecification","valueRequired":true,"valueName":"search_term_string"}}],"inLanguage":"fr-FR"},{"@type":"Organization","@id":"https:\/\/guineediversite.com\/#organization","name":"Guin\u00e9e Diversit\u00e9","url":"https:\/\/guineediversite.com\/","logo":{"@type":"ImageObject","inLanguage":"fr-FR","@id":"https:\/\/guineediversite.com\/#\/schema\/logo\/image\/","url":"https:\/\/guineediversite.com\/wp-content\/uploads\/2017\/04\/cropped-1jojlxEOMkX9Wyqfhe43D6kjPOGqBBKmx3EwWJqZ0cMrFF54yM49.png","contentUrl":"https:\/\/guineediversite.com\/wp-content\/uploads\/2017\/04\/cropped-1jojlxEOMkX9Wyqfhe43D6kjPOGqBBKmx3EwWJqZ0cMrFF54yM49.png","width":186,"height":112,"caption":"Guin\u00e9e Diversit\u00e9"},"image":{"@id":"https:\/\/guineediversite.com\/#\/schema\/logo\/image\/"},"sameAs":["https:\/\/www.facebook.com\/guineediversite\/","https:\/\/x.com\/GuineeDiversite","https:\/\/www.youtube.com\/channel\/UC8sUY16qelG5ge6_D5SB83g"]},{"@type":"Person","@id":"https:\/\/guineediversite.com\/#\/schema\/person\/079ec347f72d2acde4b56a50a4fd46dc","name":"Moussa Mo\u00efse K\u00e9ita","image":{"@type":"ImageObject","inLanguage":"fr-FR","@id":"https:\/\/guineediversite.com\/#\/schema\/person\/image\/","url":"https:\/\/secure.gravatar.com\/avatar\/edf1ea2cc01841e6c0b49384bcb1385b?s=96&d=mm&r=g","contentUrl":"https:\/\/secure.gravatar.com\/avatar\/edf1ea2cc01841e6c0b49384bcb1385b?s=96&d=mm&r=g","caption":"Moussa Mo\u00efse K\u00e9ita"},"url":"https:\/\/guineediversite.com\/index.php\/author\/moussa-moise\/"}]}},"_links":{"self":[{"href":"https:\/\/guineediversite.com\/index.php\/wp-json\/wp\/v2\/posts\/27243"}],"collection":[{"href":"https:\/\/guineediversite.com\/index.php\/wp-json\/wp\/v2\/posts"}],"about":[{"href":"https:\/\/guineediversite.com\/index.php\/wp-json\/wp\/v2\/types\/post"}],"author":[{"embeddable":true,"href":"https:\/\/guineediversite.com\/index.php\/wp-json\/wp\/v2\/users\/16"}],"replies":[{"embeddable":true,"href":"https:\/\/guineediversite.com\/index.php\/wp-json\/wp\/v2\/comments?post=27243"}],"version-history":[{"count":0,"href":"https:\/\/guineediversite.com\/index.php\/wp-json\/wp\/v2\/posts\/27243\/revisions"}],"wp:featuredmedia":[{"embeddable":true,"href":"https:\/\/guineediversite.com\/index.php\/wp-json\/wp\/v2\/media\/27244"}],"wp:attachment":[{"href":"https:\/\/guineediversite.com\/index.php\/wp-json\/wp\/v2\/media?parent=27243"}],"wp:term":[{"taxonomy":"category","embeddable":true,"href":"https:\/\/guineediversite.com\/index.php\/wp-json\/wp\/v2\/categories?post=27243"},{"taxonomy":"post_tag","embeddable":true,"href":"https:\/\/guineediversite.com\/index.php\/wp-json\/wp\/v2\/tags?post=27243"}],"curies":[{"name":"wp","href":"https:\/\/api.w.org\/{rel}","templated":true}]}}