{"id":27239,"date":"2018-11-08T15:49:30","date_gmt":"2018-11-08T14:49:30","guid":{"rendered":"https:\/\/guineediversite.com\/?p=27239"},"modified":"2018-11-08T15:49:30","modified_gmt":"2018-11-08T14:49:30","slug":"can-2019-cote-divoire-les-23-elephants-convoques-pour-la-rencontre-contre-le-syli-national-de-guinee","status":"publish","type":"post","link":"https:\/\/guineediversite.com\/index.php\/2018\/11\/08\/can-2019-cote-divoire-les-23-elephants-convoques-pour-la-rencontre-contre-le-syli-national-de-guinee\/","title":{"rendered":"CAN 2019\/ C\u00f4te d\u2019Ivoire : Les 23 \u00c9l\u00e9phants convoqu\u00e9s pour la rencontre contre le Syli national de Guin\u00e9e"},"content":{"rendered":"<p>L\u2019\u00e9quipe ivoirienne sera en d\u00e9placement le 18 novembre prochain \u00e0 Conakry pour d\u00e9fier le Syli National dans le cadre de la cinqui\u00e8me journ\u00e9e des \u00e9liminatoires de la CAN 2019. Pour cette rencontre tr\u00e8s d\u00e9cisive pour les deux \u00e9quipes, le s\u00e9lectionneur ivoirien Ibrahim Kamara a d\u00e9voil\u00e9 la liste des 23 joueurs convoqu\u00e9s ce jeudi \u00e0 l\u2019occasion d\u2019une conf\u00e9rence de presse qu\u2019il a anim\u00e9 au si\u00e8ge de la f\u00e9d\u00e9ration ivoirienne de football.<\/p>\n<p>Dans cette liste , on note la pr\u00e9sence de plusieurs t\u00eates d\u2019affiches comme Serey Di\u00e9, Jean Micka\u00ebl Seri, Eric Bailly ou encore Jonathan Kodja et Wilfried Zaha. Par contre les noms de Salomon Kalou et Gervinho ne figurent pas sur la liste .<\/p>\n<p>Voici la liste des 23 \u00c9l\u00e9phants<\/p>\n<p><strong>Gardiens:<\/strong><\/p>\n<p>El Hadj Dant\u00e9 (Lys de Sassandra)\u00a0Badra Ali (FS Stars) Gbohouo Sylvain (TP Mazembe)<\/p>\n<p><strong>D\u00e9fenseurs:<\/strong><\/p>\n<p>Eric Bailly (Manchester United) Aurier Serge (Tottenham) Mamadou Bagayoko (KV Mechelen) Konan Ghislain (Stade de Reims) Souleymane Doumbia (Grasshopers Zurich) Comara Cheick (WAC Casablanca) Kanon Wilfried (Ado La Haye)<\/p>\n<p><strong>Milieux de terrain:<\/strong><\/p>\n<p>Seri Michael (Fulham FC) Serey Di\u00e9 (FC Bale) Victorien Angban (FC Metz) Jean Philippe Gbamin (Mayence) Kessi\u00e9 Franck (AC Milan) Doukour\u00e9 Cheick (Levante UD)<\/p>\n<p><strong>Attaquants:<\/strong>\u00a0Wilfried Zaha (Crystal Palace) Kodjia Jonathan (Aston Villa) Max Gradel (Toulouse) Maxwell Cornet (Lyon) Yakou Meite (Reading) Bayo Vakoun Dunajska Streda), Yacou Meit\u00e9 (Reading), Wilfried Zaha (Crystal Palace)<\/p>\n<p>&nbsp;<\/p>\n","protected":false},"excerpt":{"rendered":"<p>L\u2019\u00e9quipe ivoirienne sera en d\u00e9placement le 18 novembre prochain \u00e0 Conakry pour d\u00e9fier le Syli National dans le cadre de la cinqui\u00e8me journ\u00e9e des \u00e9liminatoires de la CAN 2019. Pour cette rencontre tr\u00e8s d\u00e9cisive pour les deux \u00e9quipes, le s\u00e9lectionneur ivoirien Ibrahim Kamara a d\u00e9voil\u00e9 la liste des 23 joueurs convoqu\u00e9s ce jeudi \u00e0 l\u2019occasion [&hellip;]<\/p>\n","protected":false},"author":10,"featured_media":27240,"comment_status":"closed","ping_status":"closed","sticky":false,"template":"","format":"standard","meta":{"_exactmetrics_skip_tracking":false,"_exactmetrics_sitenote_active":false,"_exactmetrics_sitenote_note":"","_exactmetrics_sitenote_category":0,"tdm_status":"","tdm_grid_status":"","footnotes":""},"categories":[18],"tags":[],"class_list":{"0":"post-27239","1":"post","2":"type-post","3":"status-publish","4":"format-standard","5":"has-post-thumbnail","7":"category-sport"},"yoast_head":"<!-- This site is optimized with the Yoast SEO plugin v24.2 - https:\/\/yoast.com\/wordpress\/plugins\/seo\/ -->\n<title>CAN 2019\/ C\u00f4te d\u2019Ivoire : Les 23 \u00c9l\u00e9phants convoqu\u00e9s pour la rencontre contre le Syli national de Guin\u00e9e | Guin\u00e9e Diversit\u00e9<\/title>\n<meta name=\"robots\" content=\"index, follow, max-snippet:-1, max-image-preview:large, max-video-preview:-1\" \/>\n<link rel=\"canonical\" href=\"https:\/\/guineediversite.com\/index.php\/2018\/11\/08\/can-2019-cote-divoire-les-23-elephants-convoques-pour-la-rencontre-contre-le-syli-national-de-guinee\/\" \/>\n<meta property=\"og:locale\" content=\"fr_FR\" \/>\n<meta property=\"og:type\" content=\"article\" \/>\n<meta property=\"og:title\" content=\"CAN 2019\/ C\u00f4te d\u2019Ivoire : Les 23 \u00c9l\u00e9phants convoqu\u00e9s pour la rencontre contre le Syli national de Guin\u00e9e | Guin\u00e9e Diversit\u00e9\" \/>\n<meta property=\"og:description\" content=\"L\u2019\u00e9quipe ivoirienne sera en d\u00e9placement le 18 novembre prochain \u00e0 Conakry pour d\u00e9fier le Syli National dans le cadre de la cinqui\u00e8me journ\u00e9e des \u00e9liminatoires de la CAN 2019. Pour cette rencontre tr\u00e8s d\u00e9cisive pour les deux \u00e9quipes, le s\u00e9lectionneur ivoirien Ibrahim Kamara a d\u00e9voil\u00e9 la liste des 23 joueurs convoqu\u00e9s ce jeudi \u00e0 l\u2019occasion [&hellip;]\" \/>\n<meta property=\"og:url\" content=\"https:\/\/guineediversite.com\/index.php\/2018\/11\/08\/can-2019-cote-divoire-les-23-elephants-convoques-pour-la-rencontre-contre-le-syli-national-de-guinee\/\" \/>\n<meta property=\"og:site_name\" content=\"Guin\u00e9e Diversit\u00e9\" \/>\n<meta property=\"article:publisher\" content=\"https:\/\/www.facebook.com\/guineediversite\/\" \/>\n<meta property=\"article:published_time\" content=\"2018-11-08T14:49:30+00:00\" \/>\n<meta property=\"og:image\" content=\"https:\/\/guineediversite.com\/wp-content\/uploads\/2018\/11\/EQUIPE-COTE-DIVOIRE.jpg\" \/>\n\t<meta property=\"og:image:width\" content=\"1024\" \/>\n\t<meta property=\"og:image:height\" content=\"1026\" \/>\n\t<meta property=\"og:image:type\" content=\"image\/jpeg\" \/>\n<meta name=\"author\" content=\"Morcire Camara\" \/>\n<meta name=\"twitter:card\" content=\"summary_large_image\" \/>\n<meta name=\"twitter:creator\" content=\"@GuineeDiversite\" \/>\n<meta name=\"twitter:site\" content=\"@GuineeDiversite\" \/>\n<meta name=\"twitter:label1\" content=\"\u00c9crit par\" \/>\n\t<meta name=\"twitter:data1\" content=\"Morcire Camara\" \/>\n\t<meta name=\"twitter:label2\" content=\"Dur\u00e9e de lecture estim\u00e9e\" \/>\n\t<meta name=\"twitter:data2\" content=\"1 minute\" \/>\n<script type=\"application\/ld+json\" class=\"yoast-schema-graph\">{\"@context\":\"https:\/\/schema.org\",\"@graph\":[{\"@type\":\"Article\",\"@id\":\"https:\/\/guineediversite.com\/index.php\/2018\/11\/08\/can-2019-cote-divoire-les-23-elephants-convoques-pour-la-rencontre-contre-le-syli-national-de-guinee\/#article\",\"isPartOf\":{\"@id\":\"https:\/\/guineediversite.com\/index.php\/2018\/11\/08\/can-2019-cote-divoire-les-23-elephants-convoques-pour-la-rencontre-contre-le-syli-national-de-guinee\/\"},\"author\":{\"name\":\"Morcire Camara\",\"@id\":\"https:\/\/guineediversite.com\/#\/schema\/person\/fa362494c47202ce4b3adf55abcc9d01\"},\"headline\":\"CAN 2019\/ C\u00f4te d\u2019Ivoire : Les 23 \u00c9l\u00e9phants convoqu\u00e9s pour la rencontre contre le Syli national de Guin\u00e9e\",\"datePublished\":\"2018-11-08T14:49:30+00:00\",\"dateModified\":\"2018-11-08T14:49:30+00:00\",\"mainEntityOfPage\":{\"@id\":\"https:\/\/guineediversite.com\/index.php\/2018\/11\/08\/can-2019-cote-divoire-les-23-elephants-convoques-pour-la-rencontre-contre-le-syli-national-de-guinee\/\"},\"wordCount\":256,\"publisher\":{\"@id\":\"https:\/\/guineediversite.com\/#organization\"},\"image\":{\"@id\":\"https:\/\/guineediversite.com\/index.php\/2018\/11\/08\/can-2019-cote-divoire-les-23-elephants-convoques-pour-la-rencontre-contre-le-syli-national-de-guinee\/#primaryimage\"},\"thumbnailUrl\":\"https:\/\/guineediversite.com\/wp-content\/uploads\/2018\/11\/EQUIPE-COTE-DIVOIRE.jpg\",\"articleSection\":[\"Sport\"],\"inLanguage\":\"fr-FR\"},{\"@type\":\"WebPage\",\"@id\":\"https:\/\/guineediversite.com\/index.php\/2018\/11\/08\/can-2019-cote-divoire-les-23-elephants-convoques-pour-la-rencontre-contre-le-syli-national-de-guinee\/\",\"url\":\"https:\/\/guineediversite.com\/index.php\/2018\/11\/08\/can-2019-cote-divoire-les-23-elephants-convoques-pour-la-rencontre-contre-le-syli-national-de-guinee\/\",\"name\":\"CAN 2019\/ C\u00f4te d\u2019Ivoire : Les 23 \u00c9l\u00e9phants convoqu\u00e9s pour la rencontre contre le Syli national de Guin\u00e9e | Guin\u00e9e Diversit\u00e9\",\"isPartOf\":{\"@id\":\"https:\/\/guineediversite.com\/#website\"},\"primaryImageOfPage\":{\"@id\":\"https:\/\/guineediversite.com\/index.php\/2018\/11\/08\/can-2019-cote-divoire-les-23-elephants-convoques-pour-la-rencontre-contre-le-syli-national-de-guinee\/#primaryimage\"},\"image\":{\"@id\":\"https:\/\/guineediversite.com\/index.php\/2018\/11\/08\/can-2019-cote-divoire-les-23-elephants-convoques-pour-la-rencontre-contre-le-syli-national-de-guinee\/#primaryimage\"},\"thumbnailUrl\":\"https:\/\/guineediversite.com\/wp-content\/uploads\/2018\/11\/EQUIPE-COTE-DIVOIRE.jpg\",\"datePublished\":\"2018-11-08T14:49:30+00:00\",\"dateModified\":\"2018-11-08T14:49:30+00:00\",\"breadcrumb\":{\"@id\":\"https:\/\/guineediversite.com\/index.php\/2018\/11\/08\/can-2019-cote-divoire-les-23-elephants-convoques-pour-la-rencontre-contre-le-syli-national-de-guinee\/#breadcrumb\"},\"inLanguage\":\"fr-FR\",\"potentialAction\":[{\"@type\":\"ReadAction\",\"target\":[\"https:\/\/guineediversite.com\/index.php\/2018\/11\/08\/can-2019-cote-divoire-les-23-elephants-convoques-pour-la-rencontre-contre-le-syli-national-de-guinee\/\"]}]},{\"@type\":\"ImageObject\",\"inLanguage\":\"fr-FR\",\"@id\":\"https:\/\/guineediversite.com\/index.php\/2018\/11\/08\/can-2019-cote-divoire-les-23-elephants-convoques-pour-la-rencontre-contre-le-syli-national-de-guinee\/#primaryimage\",\"url\":\"https:\/\/guineediversite.com\/wp-content\/uploads\/2018\/11\/EQUIPE-COTE-DIVOIRE.jpg\",\"contentUrl\":\"https:\/\/guineediversite.com\/wp-content\/uploads\/2018\/11\/EQUIPE-COTE-DIVOIRE.jpg\",\"width\":1024,\"height\":1026},{\"@type\":\"BreadcrumbList\",\"@id\":\"https:\/\/guineediversite.com\/index.php\/2018\/11\/08\/can-2019-cote-divoire-les-23-elephants-convoques-pour-la-rencontre-contre-le-syli-national-de-guinee\/#breadcrumb\",\"itemListElement\":[{\"@type\":\"ListItem\",\"position\":1,\"name\":\"Accueil\",\"item\":\"https:\/\/guineediversite.com\/\"},{\"@type\":\"ListItem\",\"position\":2,\"name\":\"CAN 2019\/ C\u00f4te d\u2019Ivoire : Les 23 \u00c9l\u00e9phants convoqu\u00e9s pour la rencontre contre le Syli national de Guin\u00e9e\"}]},{\"@type\":\"WebSite\",\"@id\":\"https:\/\/guineediversite.com\/#website\",\"url\":\"https:\/\/guineediversite.com\/\",\"name\":\"Guin\u00e9e Diversit\u00e9\",\"description\":\"L&#039;Info dans toute sa diversit\u00e9\",\"publisher\":{\"@id\":\"https:\/\/guineediversite.com\/#organization\"},\"potentialAction\":[{\"@type\":\"SearchAction\",\"target\":{\"@type\":\"EntryPoint\",\"urlTemplate\":\"https:\/\/guineediversite.com\/?s={search_term_string}\"},\"query-input\":{\"@type\":\"PropertyValueSpecification\",\"valueRequired\":true,\"valueName\":\"search_term_string\"}}],\"inLanguage\":\"fr-FR\"},{\"@type\":\"Organization\",\"@id\":\"https:\/\/guineediversite.com\/#organization\",\"name\":\"Guin\u00e9e Diversit\u00e9\",\"url\":\"https:\/\/guineediversite.com\/\",\"logo\":{\"@type\":\"ImageObject\",\"inLanguage\":\"fr-FR\",\"@id\":\"https:\/\/guineediversite.com\/#\/schema\/logo\/image\/\",\"url\":\"https:\/\/guineediversite.com\/wp-content\/uploads\/2017\/04\/cropped-1jojlxEOMkX9Wyqfhe43D6kjPOGqBBKmx3EwWJqZ0cMrFF54yM49.png\",\"contentUrl\":\"https:\/\/guineediversite.com\/wp-content\/uploads\/2017\/04\/cropped-1jojlxEOMkX9Wyqfhe43D6kjPOGqBBKmx3EwWJqZ0cMrFF54yM49.png\",\"width\":186,\"height\":112,\"caption\":\"Guin\u00e9e Diversit\u00e9\"},\"image\":{\"@id\":\"https:\/\/guineediversite.com\/#\/schema\/logo\/image\/\"},\"sameAs\":[\"https:\/\/www.facebook.com\/guineediversite\/\",\"https:\/\/x.com\/GuineeDiversite\",\"https:\/\/www.youtube.com\/channel\/UC8sUY16qelG5ge6_D5SB83g\"]},{\"@type\":\"Person\",\"@id\":\"https:\/\/guineediversite.com\/#\/schema\/person\/fa362494c47202ce4b3adf55abcc9d01\",\"name\":\"Morcire Camara\",\"image\":{\"@type\":\"ImageObject\",\"inLanguage\":\"fr-FR\",\"@id\":\"https:\/\/guineediversite.com\/#\/schema\/person\/image\/\",\"url\":\"https:\/\/secure.gravatar.com\/avatar\/3ec324f02295bbcebe03d99b39330ab4?s=96&d=mm&r=g\",\"contentUrl\":\"https:\/\/secure.gravatar.com\/avatar\/3ec324f02295bbcebe03d99b39330ab4?s=96&d=mm&r=g\",\"caption\":\"Morcire Camara\"},\"url\":\"https:\/\/guineediversite.com\/index.php\/author\/morcire\/\"}]}<\/script>\n<!-- \/ Yoast SEO plugin. -->","yoast_head_json":{"title":"CAN 2019\/ C\u00f4te d\u2019Ivoire : Les 23 \u00c9l\u00e9phants convoqu\u00e9s pour la rencontre contre le Syli national de Guin\u00e9e | Guin\u00e9e Diversit\u00e9","robots":{"index":"index","follow":"follow","max-snippet":"max-snippet:-1","max-image-preview":"max-image-preview:large","max-video-preview":"max-video-preview:-1"},"canonical":"https:\/\/guineediversite.com\/index.php\/2018\/11\/08\/can-2019-cote-divoire-les-23-elephants-convoques-pour-la-rencontre-contre-le-syli-national-de-guinee\/","og_locale":"fr_FR","og_type":"article","og_title":"CAN 2019\/ C\u00f4te d\u2019Ivoire : Les 23 \u00c9l\u00e9phants convoqu\u00e9s pour la rencontre contre le Syli national de Guin\u00e9e | Guin\u00e9e Diversit\u00e9","og_description":"L\u2019\u00e9quipe ivoirienne sera en d\u00e9placement le 18 novembre prochain \u00e0 Conakry pour d\u00e9fier le Syli National dans le cadre de la cinqui\u00e8me journ\u00e9e des \u00e9liminatoires de la CAN 2019. Pour cette rencontre tr\u00e8s d\u00e9cisive pour les deux \u00e9quipes, le s\u00e9lectionneur ivoirien Ibrahim Kamara a d\u00e9voil\u00e9 la liste des 23 joueurs convoqu\u00e9s ce jeudi \u00e0 l\u2019occasion [&hellip;]","og_url":"https:\/\/guineediversite.com\/index.php\/2018\/11\/08\/can-2019-cote-divoire-les-23-elephants-convoques-pour-la-rencontre-contre-le-syli-national-de-guinee\/","og_site_name":"Guin\u00e9e Diversit\u00e9","article_publisher":"https:\/\/www.facebook.com\/guineediversite\/","article_published_time":"2018-11-08T14:49:30+00:00","og_image":[{"width":1024,"height":1026,"url":"https:\/\/guineediversite.com\/wp-content\/uploads\/2018\/11\/EQUIPE-COTE-DIVOIRE.jpg","type":"image\/jpeg"}],"author":"Morcire Camara","twitter_card":"summary_large_image","twitter_creator":"@GuineeDiversite","twitter_site":"@GuineeDiversite","twitter_misc":{"\u00c9crit par":"Morcire Camara","Dur\u00e9e de lecture estim\u00e9e":"1 minute"},"schema":{"@context":"https:\/\/schema.org","@graph":[{"@type":"Article","@id":"https:\/\/guineediversite.com\/index.php\/2018\/11\/08\/can-2019-cote-divoire-les-23-elephants-convoques-pour-la-rencontre-contre-le-syli-national-de-guinee\/#article","isPartOf":{"@id":"https:\/\/guineediversite.com\/index.php\/2018\/11\/08\/can-2019-cote-divoire-les-23-elephants-convoques-pour-la-rencontre-contre-le-syli-national-de-guinee\/"},"author":{"name":"Morcire Camara","@id":"https:\/\/guineediversite.com\/#\/schema\/person\/fa362494c47202ce4b3adf55abcc9d01"},"headline":"CAN 2019\/ C\u00f4te d\u2019Ivoire : Les 23 \u00c9l\u00e9phants convoqu\u00e9s pour la rencontre contre le Syli national de Guin\u00e9e","datePublished":"2018-11-08T14:49:30+00:00","dateModified":"2018-11-08T14:49:30+00:00","mainEntityOfPage":{"@id":"https:\/\/guineediversite.com\/index.php\/2018\/11\/08\/can-2019-cote-divoire-les-23-elephants-convoques-pour-la-rencontre-contre-le-syli-national-de-guinee\/"},"wordCount":256,"publisher":{"@id":"https:\/\/guineediversite.com\/#organization"},"image":{"@id":"https:\/\/guineediversite.com\/index.php\/2018\/11\/08\/can-2019-cote-divoire-les-23-elephants-convoques-pour-la-rencontre-contre-le-syli-national-de-guinee\/#primaryimage"},"thumbnailUrl":"https:\/\/guineediversite.com\/wp-content\/uploads\/2018\/11\/EQUIPE-COTE-DIVOIRE.jpg","articleSection":["Sport"],"inLanguage":"fr-FR"},{"@type":"WebPage","@id":"https:\/\/guineediversite.com\/index.php\/2018\/11\/08\/can-2019-cote-divoire-les-23-elephants-convoques-pour-la-rencontre-contre-le-syli-national-de-guinee\/","url":"https:\/\/guineediversite.com\/index.php\/2018\/11\/08\/can-2019-cote-divoire-les-23-elephants-convoques-pour-la-rencontre-contre-le-syli-national-de-guinee\/","name":"CAN 2019\/ C\u00f4te d\u2019Ivoire : Les 23 \u00c9l\u00e9phants convoqu\u00e9s pour la rencontre contre le Syli national de Guin\u00e9e | Guin\u00e9e Diversit\u00e9","isPartOf":{"@id":"https:\/\/guineediversite.com\/#website"},"primaryImageOfPage":{"@id":"https:\/\/guineediversite.com\/index.php\/2018\/11\/08\/can-2019-cote-divoire-les-23-elephants-convoques-pour-la-rencontre-contre-le-syli-national-de-guinee\/#primaryimage"},"image":{"@id":"https:\/\/guineediversite.com\/index.php\/2018\/11\/08\/can-2019-cote-divoire-les-23-elephants-convoques-pour-la-rencontre-contre-le-syli-national-de-guinee\/#primaryimage"},"thumbnailUrl":"https:\/\/guineediversite.com\/wp-content\/uploads\/2018\/11\/EQUIPE-COTE-DIVOIRE.jpg","datePublished":"2018-11-08T14:49:30+00:00","dateModified":"2018-11-08T14:49:30+00:00","breadcrumb":{"@id":"https:\/\/guineediversite.com\/index.php\/2018\/11\/08\/can-2019-cote-divoire-les-23-elephants-convoques-pour-la-rencontre-contre-le-syli-national-de-guinee\/#breadcrumb"},"inLanguage":"fr-FR","potentialAction":[{"@type":"ReadAction","target":["https:\/\/guineediversite.com\/index.php\/2018\/11\/08\/can-2019-cote-divoire-les-23-elephants-convoques-pour-la-rencontre-contre-le-syli-national-de-guinee\/"]}]},{"@type":"ImageObject","inLanguage":"fr-FR","@id":"https:\/\/guineediversite.com\/index.php\/2018\/11\/08\/can-2019-cote-divoire-les-23-elephants-convoques-pour-la-rencontre-contre-le-syli-national-de-guinee\/#primaryimage","url":"https:\/\/guineediversite.com\/wp-content\/uploads\/2018\/11\/EQUIPE-COTE-DIVOIRE.jpg","contentUrl":"https:\/\/guineediversite.com\/wp-content\/uploads\/2018\/11\/EQUIPE-COTE-DIVOIRE.jpg","width":1024,"height":1026},{"@type":"BreadcrumbList","@id":"https:\/\/guineediversite.com\/index.php\/2018\/11\/08\/can-2019-cote-divoire-les-23-elephants-convoques-pour-la-rencontre-contre-le-syli-national-de-guinee\/#breadcrumb","itemListElement":[{"@type":"ListItem","position":1,"name":"Accueil","item":"https:\/\/guineediversite.com\/"},{"@type":"ListItem","position":2,"name":"CAN 2019\/ C\u00f4te d\u2019Ivoire : Les 23 \u00c9l\u00e9phants convoqu\u00e9s pour la rencontre contre le Syli national de Guin\u00e9e"}]},{"@type":"WebSite","@id":"https:\/\/guineediversite.com\/#website","url":"https:\/\/guineediversite.com\/","name":"Guin\u00e9e Diversit\u00e9","description":"L&#039;Info dans toute sa diversit\u00e9","publisher":{"@id":"https:\/\/guineediversite.com\/#organization"},"potentialAction":[{"@type":"SearchAction","target":{"@type":"EntryPoint","urlTemplate":"https:\/\/guineediversite.com\/?s={search_term_string}"},"query-input":{"@type":"PropertyValueSpecification","valueRequired":true,"valueName":"search_term_string"}}],"inLanguage":"fr-FR"},{"@type":"Organization","@id":"https:\/\/guineediversite.com\/#organization","name":"Guin\u00e9e Diversit\u00e9","url":"https:\/\/guineediversite.com\/","logo":{"@type":"ImageObject","inLanguage":"fr-FR","@id":"https:\/\/guineediversite.com\/#\/schema\/logo\/image\/","url":"https:\/\/guineediversite.com\/wp-content\/uploads\/2017\/04\/cropped-1jojlxEOMkX9Wyqfhe43D6kjPOGqBBKmx3EwWJqZ0cMrFF54yM49.png","contentUrl":"https:\/\/guineediversite.com\/wp-content\/uploads\/2017\/04\/cropped-1jojlxEOMkX9Wyqfhe43D6kjPOGqBBKmx3EwWJqZ0cMrFF54yM49.png","width":186,"height":112,"caption":"Guin\u00e9e Diversit\u00e9"},"image":{"@id":"https:\/\/guineediversite.com\/#\/schema\/logo\/image\/"},"sameAs":["https:\/\/www.facebook.com\/guineediversite\/","https:\/\/x.com\/GuineeDiversite","https:\/\/www.youtube.com\/channel\/UC8sUY16qelG5ge6_D5SB83g"]},{"@type":"Person","@id":"https:\/\/guineediversite.com\/#\/schema\/person\/fa362494c47202ce4b3adf55abcc9d01","name":"Morcire Camara","image":{"@type":"ImageObject","inLanguage":"fr-FR","@id":"https:\/\/guineediversite.com\/#\/schema\/person\/image\/","url":"https:\/\/secure.gravatar.com\/avatar\/3ec324f02295bbcebe03d99b39330ab4?s=96&d=mm&r=g","contentUrl":"https:\/\/secure.gravatar.com\/avatar\/3ec324f02295bbcebe03d99b39330ab4?s=96&d=mm&r=g","caption":"Morcire Camara"},"url":"https:\/\/guineediversite.com\/index.php\/author\/morcire\/"}]}},"_links":{"self":[{"href":"https:\/\/guineediversite.com\/index.php\/wp-json\/wp\/v2\/posts\/27239"}],"collection":[{"href":"https:\/\/guineediversite.com\/index.php\/wp-json\/wp\/v2\/posts"}],"about":[{"href":"https:\/\/guineediversite.com\/index.php\/wp-json\/wp\/v2\/types\/post"}],"author":[{"embeddable":true,"href":"https:\/\/guineediversite.com\/index.php\/wp-json\/wp\/v2\/users\/10"}],"replies":[{"embeddable":true,"href":"https:\/\/guineediversite.com\/index.php\/wp-json\/wp\/v2\/comments?post=27239"}],"version-history":[{"count":0,"href":"https:\/\/guineediversite.com\/index.php\/wp-json\/wp\/v2\/posts\/27239\/revisions"}],"wp:featuredmedia":[{"embeddable":true,"href":"https:\/\/guineediversite.com\/index.php\/wp-json\/wp\/v2\/media\/27240"}],"wp:attachment":[{"href":"https:\/\/guineediversite.com\/index.php\/wp-json\/wp\/v2\/media?parent=27239"}],"wp:term":[{"taxonomy":"category","embeddable":true,"href":"https:\/\/guineediversite.com\/index.php\/wp-json\/wp\/v2\/categories?post=27239"},{"taxonomy":"post_tag","embeddable":true,"href":"https:\/\/guineediversite.com\/index.php\/wp-json\/wp\/v2\/tags?post=27239"}],"curies":[{"name":"wp","href":"https:\/\/api.w.org\/{rel}","templated":true}]}}