{"id":27225,"date":"2018-11-08T15:09:58","date_gmt":"2018-11-08T14:09:58","guid":{"rendered":"https:\/\/guineediversite.com\/?p=27225"},"modified":"2018-11-08T15:33:14","modified_gmt":"2018-11-08T14:33:14","slug":"sekou-goureissy-conde-chez-cellou-dalein-diallo-nous-avons-atteint-un-niveau-de-violence-extremement-grave","status":"publish","type":"post","link":"https:\/\/guineediversite.com\/index.php\/2018\/11\/08\/sekou-goureissy-conde-chez-cellou-dalein-diallo-nous-avons-atteint-un-niveau-de-violence-extremement-grave\/","title":{"rendered":"S\u00e9kou\u00a0Koureissy\u00a0Cond\u00e9 chez\u00a0Cellou Dalein\u00a0Diallo"},"content":{"rendered":"<p><strong><span id=\"p4\">Le Directeur ex\u00e9cutif de l\u2019<span id=\"54\" class=\"s-rg-t\">African<\/span>\u00a0Cris Group \u00e9tait chez le chef de file de l\u2019opposition ce jeudi matin pour un entretien, peu avant le d\u00e9but d\u2019une marche pacifique programm\u00e9e par l\u2019opposition.<\/span><\/strong><span id=\"p5\"><\/p>\n<p><\/span><span id=\"p6\">Apr\u00e8s avoir pass\u00e9 pr\u00e8s d&rsquo;une heure d\u2019\u00e9change avec\u00a0<span id=\"55\" class=\"s-rg-t\">Cellou<\/span>\u00a0<span id=\"56\" class=\"s-rg-t\">Dalein<\/span>\u00a0<span id=\"57\" class=\"s-rg-t\">Diallo<\/span>\u00a0et les autres leaders de l&rsquo;opposition comme\u00a0<span id=\"58\" class=\"s-rg-t\">Faya<\/span>\u00a0<span id=\"59\" class=\"s-rg-t\">Millimono<\/span>\u00a0du\u00a0<span id=\"60\" class=\"s-rg-t\">BL<\/span>\u00a0et Ibrahima\u00a0<span id=\"61\" class=\"s-rg-t\">Sory<\/span>\u00a0<span id=\"62\" class=\"s-rg-t\">Diallo<\/span>\u00a0du BOC ainsi que des d\u00e9put\u00e9s de l&rsquo;Union des Forces D\u00e9mocratiques de Guin\u00e9e, S\u00e9kou\u00a0<span id=\"63\" class=\"s-rg-t\">Koureissy<\/span>\u00a0Cond\u00e9 a fait le\u00a0compte-rendu\u00a0de son entretien avec\u00a0<span id=\"65\" class=\"s-rg-t\">Cellou<\/span>\u00a0<span id=\"66\" class=\"s-rg-t\">Dalein<\/span>\u00a0<span id=\"67\" class=\"s-rg-t\">Diallo<\/span>.<\/span><span id=\"p7\"><br \/>\n<\/span><\/p>\n<blockquote><p><span id=\"p77\">Nous avons atteint un niveau de violence extr\u00eamement \u00e9lev\u00e9 <\/span><\/p><\/blockquote>\n<p><span id=\"p7\"><br \/>\nDevant la presse, le pr\u00e9sident de la Convention des acteurs non-\u00e9tatiques de Guin\u00e9e\u00a0<span id=\"68\" class=\"s-rg-t\">CANEG<\/span>\u00a0a d\u00e9clar\u00e9 qu\u2019il a pris l&rsquo;initiative de venir rencontrer le pr\u00e9sident de l&rsquo;<span id=\"69\" class=\"s-rg-t\">UFDG<\/span>\u00a0et chef de file pour s&rsquo;enqu\u00e9rir des derni\u00e8res disposition qu&rsquo;ils envisagent de prendre face \u00e0 la recrudescence des\u00a0actes\u00a0de\u00a0violence\u00a0et les nombres de\u00a0morts\u00a0qui s&rsquo;accro\u00eet.<\/span><span id=\"p74\"><span id=\"76\" class=\"s-bl-t\"><\/p>\n<p>\u00ab <em>J<\/em><\/span><em>&lsquo;ai trouv\u00e9 aupr\u00e8s de lui l&rsquo;expression d&rsquo;une volont\u00e9 de dialogue que j&rsquo;ai salu\u00e9.<\/em><\/span><em><span id=\"p9\">\u00a0Je pense que nous devons pouvoir \u00e9voluer vers les n\u00e9gociations, vers le dialogue en vue de la mise en \u0153uvre des accords conclus entre l&rsquo;opposition r\u00e9publicaine et la mouvance pr\u00e9sidentielle.<\/span><\/em><span id=\"p10\"><em>\u00a0Il y va de l&rsquo;int\u00e9r\u00eat de notre pays, il y va de la paix et de la qui\u00e9tude<\/em> \u00bb souligne-<span id=\"31\">t-il<\/span>, avant de poursuivre :<\/span><span id=\"p77\">\u00a0\u00ab <em>Moi, je pense que nous avons atteint un niveau de violence extr\u00eamement \u00e9lev\u00e9 et nous avons atteint un niveau de d\u00e9rapage \u00e9lev\u00e9<\/em> \u00bb.<\/span><span id=\"p12\">\u00a0<\/span><\/p>\n<blockquote><p><span id=\"p14\"><em>Un\u00a0mort d&rsquo;homme en Guin\u00e9e est une perte pour toute la nation<\/em><\/span><\/p><\/blockquote>\n<p><span id=\"p12\">Pour S\u00e9kou\u00a0<span id=\"33\" class=\"s-rg-t\">Koureissy<\/span>\u00a0Cond\u00e9, il est important que chacun s&rsquo;engage dans le sens de la restauration de la confiance et du dialogue pour que la mise en \u0153uvre des accords soit la priorit\u00e9 entre l&rsquo;opposition r\u00e9publicaine et la mouvance pr\u00e9sidentielle.<\/span><span id=\"p13\">\u00a0\u00ab <em>J&rsquo;en appel \u00e0 la sagesse et \u00e0 la compr\u00e9hension de tous ;<\/em><\/span><span id=\"p14\"><em>\u00a0un\u00a0mort d&rsquo;homme en Guin\u00e9e est une perte pour toute la nation<\/em>\u00a0\u00bb, indique l&rsquo;ancien m\u00e9diateur de la r\u00e9publique S\u00e9kou\u00a0<span id=\"34\">Koureissy<\/span>\u00a0Cond\u00e9.<\/p>\n<p><\/span><span id=\"p15\">Le Directeur ex\u00e9cutif de l\u2019<span id=\"37\" class=\"s-rg-t\">African<\/span>\u00a0Cris\u00a0Group n&rsquo;entend pas se limiter seulement chez le chef de file de l&rsquo;opposition, il compte \u00e9galement\u00a0poursuivre sa\u00a0campagne de m\u00e9diation et de sensibilisation aupr\u00e8s de la mouvance pr\u00e9sidentielle.<\/span><span id=\"p84\"><span id=\"86\" class=\"s-bl-t\">\u00a0\u00ab <em>Je<\/em><\/span><em>\u00a0suis facilitateur, je suis oblig\u00e9 de porter cette parole de v\u00e9rit\u00e9 pour dire qu&rsquo;il faut se parler, il faut s&rsquo;\u00e9couter, il faut s&rsquo;entendre.<\/em><\/span><em><span id=\"p87\">\u00a0Il n&rsquo;y a pas d&rsquo;exclusion ;<\/span><span id=\"p18\">\u00a0nous sommes entre nous G<span id=\"45\">uin\u00e9ens responsables<\/span>.<\/span><\/em><span id=\"p88\"><em>\u00a0Ce pays a besoin de paix pour se\u00a0<\/em><span id=\"89\" class=\"s-bl-t\"><em>d\u00e9velopper<\/em> \u00bb,<\/span>\u00a0souligne Dr Cond\u00e9.\u00a0<span id=\"p21\">\u00ab <em>Je suis pr\u00e9occup\u00e9, parce que lorsque le pr\u00e9sident de l&rsquo;<span id=\"50\" class=\"s-rg-t\">UFDG<\/span>\u00a0vous explique les m\u00e9canismes des accords, des discussions intervenues, il y a une question de justice.<\/em><\/span><span id=\"p91\"><em>\u00a0Je pense que ce pays a besoin de justice<\/em><\/span><span id=\"p92\">\u00bb, indique Sekou Koureissy Cond\u00e9 avant de conclure:\u00a0<\/span><\/span><span id=\"p20\">\u00a0\u00ab <em>Je pense que l&rsquo;\u00c9tat, le Gouvernement a les moyens de r\u00e9soudre cette question, il faut le faire.<\/em>\u00bb<\/span><\/p>\n<p><strong><span id=\"p23\">Moussa Mo\u00efse\u00a0<span id=\"52\">KEITA<\/span><\/span><\/strong><\/p>\n","protected":false},"excerpt":{"rendered":"<p>Le Directeur ex\u00e9cutif de l\u2019African\u00a0Cris Group \u00e9tait chez le chef de file de l\u2019opposition ce jeudi matin pour un entretien, peu avant le d\u00e9but d\u2019une marche pacifique programm\u00e9e par l\u2019opposition. Apr\u00e8s avoir pass\u00e9 pr\u00e8s d&rsquo;une heure d\u2019\u00e9change avec\u00a0Cellou\u00a0Dalein\u00a0Diallo\u00a0et les autres leaders de l&rsquo;opposition comme\u00a0Faya\u00a0Millimono\u00a0du\u00a0BL\u00a0et Ibrahima\u00a0Sory\u00a0Diallo\u00a0du BOC ainsi que des d\u00e9put\u00e9s de l&rsquo;Union des Forces D\u00e9mocratiques [&hellip;]<\/p>\n","protected":false},"author":16,"featured_media":27226,"comment_status":"closed","ping_status":"closed","sticky":false,"template":"","format":"standard","meta":{"_exactmetrics_skip_tracking":false,"_exactmetrics_sitenote_active":false,"_exactmetrics_sitenote_note":"","_exactmetrics_sitenote_category":0,"tdm_status":"","tdm_grid_status":"","footnotes":""},"categories":[14],"tags":[],"class_list":{"0":"post-27225","1":"post","2":"type-post","3":"status-publish","4":"format-standard","5":"has-post-thumbnail","7":"category-politique"},"yoast_head":"<!-- This site is optimized with the Yoast SEO plugin v24.2 - https:\/\/yoast.com\/wordpress\/plugins\/seo\/ -->\n<title>S\u00e9kou\u00a0Koureissy\u00a0Cond\u00e9 chez\u00a0Cellou Dalein\u00a0Diallo | Guin\u00e9e Diversit\u00e9<\/title>\n<meta name=\"robots\" content=\"index, follow, max-snippet:-1, max-image-preview:large, max-video-preview:-1\" \/>\n<link rel=\"canonical\" href=\"https:\/\/guineediversite.com\/index.php\/2018\/11\/08\/sekou-goureissy-conde-chez-cellou-dalein-diallo-nous-avons-atteint-un-niveau-de-violence-extremement-grave\/\" \/>\n<meta property=\"og:locale\" content=\"fr_FR\" \/>\n<meta property=\"og:type\" content=\"article\" \/>\n<meta property=\"og:title\" content=\"S\u00e9kou\u00a0Koureissy\u00a0Cond\u00e9 chez\u00a0Cellou Dalein\u00a0Diallo | Guin\u00e9e Diversit\u00e9\" \/>\n<meta property=\"og:description\" content=\"Le Directeur ex\u00e9cutif de l\u2019African\u00a0Cris Group \u00e9tait chez le chef de file de l\u2019opposition ce jeudi matin pour un entretien, peu avant le d\u00e9but d\u2019une marche pacifique programm\u00e9e par l\u2019opposition. Apr\u00e8s avoir pass\u00e9 pr\u00e8s d&rsquo;une heure d\u2019\u00e9change avec\u00a0Cellou\u00a0Dalein\u00a0Diallo\u00a0et les autres leaders de l&rsquo;opposition comme\u00a0Faya\u00a0Millimono\u00a0du\u00a0BL\u00a0et Ibrahima\u00a0Sory\u00a0Diallo\u00a0du BOC ainsi que des d\u00e9put\u00e9s de l&rsquo;Union des Forces D\u00e9mocratiques [&hellip;]\" \/>\n<meta property=\"og:url\" content=\"https:\/\/guineediversite.com\/index.php\/2018\/11\/08\/sekou-goureissy-conde-chez-cellou-dalein-diallo-nous-avons-atteint-un-niveau-de-violence-extremement-grave\/\" \/>\n<meta property=\"og:site_name\" content=\"Guin\u00e9e Diversit\u00e9\" \/>\n<meta property=\"article:publisher\" content=\"https:\/\/www.facebook.com\/guineediversite\/\" \/>\n<meta property=\"article:published_time\" content=\"2018-11-08T14:09:58+00:00\" \/>\n<meta property=\"article:modified_time\" content=\"2018-11-08T14:33:14+00:00\" \/>\n<meta property=\"og:image\" content=\"https:\/\/guineediversite.com\/wp-content\/uploads\/2018\/11\/45715820_1681297948844430_8706213482850156544_n.jpg\" \/>\n\t<meta property=\"og:image:width\" content=\"1365\" \/>\n\t<meta property=\"og:image:height\" content=\"1024\" \/>\n\t<meta property=\"og:image:type\" content=\"image\/jpeg\" \/>\n<meta name=\"author\" content=\"Moussa Mo\u00efse K\u00e9ita\" \/>\n<meta name=\"twitter:card\" content=\"summary_large_image\" \/>\n<meta name=\"twitter:creator\" content=\"@GuineeDiversite\" \/>\n<meta name=\"twitter:site\" content=\"@GuineeDiversite\" \/>\n<meta name=\"twitter:label1\" content=\"\u00c9crit par\" \/>\n\t<meta name=\"twitter:data1\" content=\"Moussa Mo\u00efse K\u00e9ita\" \/>\n\t<meta name=\"twitter:label2\" content=\"Dur\u00e9e de lecture estim\u00e9e\" \/>\n\t<meta name=\"twitter:data2\" content=\"3 minutes\" \/>\n<script type=\"application\/ld+json\" class=\"yoast-schema-graph\">{\"@context\":\"https:\/\/schema.org\",\"@graph\":[{\"@type\":\"Article\",\"@id\":\"https:\/\/guineediversite.com\/index.php\/2018\/11\/08\/sekou-goureissy-conde-chez-cellou-dalein-diallo-nous-avons-atteint-un-niveau-de-violence-extremement-grave\/#article\",\"isPartOf\":{\"@id\":\"https:\/\/guineediversite.com\/index.php\/2018\/11\/08\/sekou-goureissy-conde-chez-cellou-dalein-diallo-nous-avons-atteint-un-niveau-de-violence-extremement-grave\/\"},\"author\":{\"name\":\"Moussa Mo\u00efse K\u00e9ita\",\"@id\":\"https:\/\/guineediversite.com\/#\/schema\/person\/079ec347f72d2acde4b56a50a4fd46dc\"},\"headline\":\"S\u00e9kou\u00a0Koureissy\u00a0Cond\u00e9 chez\u00a0Cellou Dalein\u00a0Diallo\",\"datePublished\":\"2018-11-08T14:09:58+00:00\",\"dateModified\":\"2018-11-08T14:33:14+00:00\",\"mainEntityOfPage\":{\"@id\":\"https:\/\/guineediversite.com\/index.php\/2018\/11\/08\/sekou-goureissy-conde-chez-cellou-dalein-diallo-nous-avons-atteint-un-niveau-de-violence-extremement-grave\/\"},\"wordCount\":553,\"publisher\":{\"@id\":\"https:\/\/guineediversite.com\/#organization\"},\"image\":{\"@id\":\"https:\/\/guineediversite.com\/index.php\/2018\/11\/08\/sekou-goureissy-conde-chez-cellou-dalein-diallo-nous-avons-atteint-un-niveau-de-violence-extremement-grave\/#primaryimage\"},\"thumbnailUrl\":\"https:\/\/guineediversite.com\/wp-content\/uploads\/2018\/11\/45715820_1681297948844430_8706213482850156544_n.jpg\",\"articleSection\":[\"Politique\"],\"inLanguage\":\"fr-FR\"},{\"@type\":\"WebPage\",\"@id\":\"https:\/\/guineediversite.com\/index.php\/2018\/11\/08\/sekou-goureissy-conde-chez-cellou-dalein-diallo-nous-avons-atteint-un-niveau-de-violence-extremement-grave\/\",\"url\":\"https:\/\/guineediversite.com\/index.php\/2018\/11\/08\/sekou-goureissy-conde-chez-cellou-dalein-diallo-nous-avons-atteint-un-niveau-de-violence-extremement-grave\/\",\"name\":\"S\u00e9kou\u00a0Koureissy\u00a0Cond\u00e9 chez\u00a0Cellou Dalein\u00a0Diallo | Guin\u00e9e Diversit\u00e9\",\"isPartOf\":{\"@id\":\"https:\/\/guineediversite.com\/#website\"},\"primaryImageOfPage\":{\"@id\":\"https:\/\/guineediversite.com\/index.php\/2018\/11\/08\/sekou-goureissy-conde-chez-cellou-dalein-diallo-nous-avons-atteint-un-niveau-de-violence-extremement-grave\/#primaryimage\"},\"image\":{\"@id\":\"https:\/\/guineediversite.com\/index.php\/2018\/11\/08\/sekou-goureissy-conde-chez-cellou-dalein-diallo-nous-avons-atteint-un-niveau-de-violence-extremement-grave\/#primaryimage\"},\"thumbnailUrl\":\"https:\/\/guineediversite.com\/wp-content\/uploads\/2018\/11\/45715820_1681297948844430_8706213482850156544_n.jpg\",\"datePublished\":\"2018-11-08T14:09:58+00:00\",\"dateModified\":\"2018-11-08T14:33:14+00:00\",\"breadcrumb\":{\"@id\":\"https:\/\/guineediversite.com\/index.php\/2018\/11\/08\/sekou-goureissy-conde-chez-cellou-dalein-diallo-nous-avons-atteint-un-niveau-de-violence-extremement-grave\/#breadcrumb\"},\"inLanguage\":\"fr-FR\",\"potentialAction\":[{\"@type\":\"ReadAction\",\"target\":[\"https:\/\/guineediversite.com\/index.php\/2018\/11\/08\/sekou-goureissy-conde-chez-cellou-dalein-diallo-nous-avons-atteint-un-niveau-de-violence-extremement-grave\/\"]}]},{\"@type\":\"ImageObject\",\"inLanguage\":\"fr-FR\",\"@id\":\"https:\/\/guineediversite.com\/index.php\/2018\/11\/08\/sekou-goureissy-conde-chez-cellou-dalein-diallo-nous-avons-atteint-un-niveau-de-violence-extremement-grave\/#primaryimage\",\"url\":\"https:\/\/guineediversite.com\/wp-content\/uploads\/2018\/11\/45715820_1681297948844430_8706213482850156544_n.jpg\",\"contentUrl\":\"https:\/\/guineediversite.com\/wp-content\/uploads\/2018\/11\/45715820_1681297948844430_8706213482850156544_n.jpg\",\"width\":1365,\"height\":1024},{\"@type\":\"BreadcrumbList\",\"@id\":\"https:\/\/guineediversite.com\/index.php\/2018\/11\/08\/sekou-goureissy-conde-chez-cellou-dalein-diallo-nous-avons-atteint-un-niveau-de-violence-extremement-grave\/#breadcrumb\",\"itemListElement\":[{\"@type\":\"ListItem\",\"position\":1,\"name\":\"Accueil\",\"item\":\"https:\/\/guineediversite.com\/\"},{\"@type\":\"ListItem\",\"position\":2,\"name\":\"S\u00e9kou\u00a0Koureissy\u00a0Cond\u00e9 chez\u00a0Cellou Dalein\u00a0Diallo\"}]},{\"@type\":\"WebSite\",\"@id\":\"https:\/\/guineediversite.com\/#website\",\"url\":\"https:\/\/guineediversite.com\/\",\"name\":\"Guin\u00e9e Diversit\u00e9\",\"description\":\"L&#039;Info dans toute sa diversit\u00e9\",\"publisher\":{\"@id\":\"https:\/\/guineediversite.com\/#organization\"},\"potentialAction\":[{\"@type\":\"SearchAction\",\"target\":{\"@type\":\"EntryPoint\",\"urlTemplate\":\"https:\/\/guineediversite.com\/?s={search_term_string}\"},\"query-input\":{\"@type\":\"PropertyValueSpecification\",\"valueRequired\":true,\"valueName\":\"search_term_string\"}}],\"inLanguage\":\"fr-FR\"},{\"@type\":\"Organization\",\"@id\":\"https:\/\/guineediversite.com\/#organization\",\"name\":\"Guin\u00e9e Diversit\u00e9\",\"url\":\"https:\/\/guineediversite.com\/\",\"logo\":{\"@type\":\"ImageObject\",\"inLanguage\":\"fr-FR\",\"@id\":\"https:\/\/guineediversite.com\/#\/schema\/logo\/image\/\",\"url\":\"https:\/\/guineediversite.com\/wp-content\/uploads\/2017\/04\/cropped-1jojlxEOMkX9Wyqfhe43D6kjPOGqBBKmx3EwWJqZ0cMrFF54yM49.png\",\"contentUrl\":\"https:\/\/guineediversite.com\/wp-content\/uploads\/2017\/04\/cropped-1jojlxEOMkX9Wyqfhe43D6kjPOGqBBKmx3EwWJqZ0cMrFF54yM49.png\",\"width\":186,\"height\":112,\"caption\":\"Guin\u00e9e Diversit\u00e9\"},\"image\":{\"@id\":\"https:\/\/guineediversite.com\/#\/schema\/logo\/image\/\"},\"sameAs\":[\"https:\/\/www.facebook.com\/guineediversite\/\",\"https:\/\/x.com\/GuineeDiversite\",\"https:\/\/www.youtube.com\/channel\/UC8sUY16qelG5ge6_D5SB83g\"]},{\"@type\":\"Person\",\"@id\":\"https:\/\/guineediversite.com\/#\/schema\/person\/079ec347f72d2acde4b56a50a4fd46dc\",\"name\":\"Moussa Mo\u00efse K\u00e9ita\",\"image\":{\"@type\":\"ImageObject\",\"inLanguage\":\"fr-FR\",\"@id\":\"https:\/\/guineediversite.com\/#\/schema\/person\/image\/\",\"url\":\"https:\/\/secure.gravatar.com\/avatar\/edf1ea2cc01841e6c0b49384bcb1385b?s=96&d=mm&r=g\",\"contentUrl\":\"https:\/\/secure.gravatar.com\/avatar\/edf1ea2cc01841e6c0b49384bcb1385b?s=96&d=mm&r=g\",\"caption\":\"Moussa Mo\u00efse K\u00e9ita\"},\"url\":\"https:\/\/guineediversite.com\/index.php\/author\/moussa-moise\/\"}]}<\/script>\n<!-- \/ Yoast SEO plugin. -->","yoast_head_json":{"title":"S\u00e9kou\u00a0Koureissy\u00a0Cond\u00e9 chez\u00a0Cellou Dalein\u00a0Diallo | Guin\u00e9e Diversit\u00e9","robots":{"index":"index","follow":"follow","max-snippet":"max-snippet:-1","max-image-preview":"max-image-preview:large","max-video-preview":"max-video-preview:-1"},"canonical":"https:\/\/guineediversite.com\/index.php\/2018\/11\/08\/sekou-goureissy-conde-chez-cellou-dalein-diallo-nous-avons-atteint-un-niveau-de-violence-extremement-grave\/","og_locale":"fr_FR","og_type":"article","og_title":"S\u00e9kou\u00a0Koureissy\u00a0Cond\u00e9 chez\u00a0Cellou Dalein\u00a0Diallo | Guin\u00e9e Diversit\u00e9","og_description":"Le Directeur ex\u00e9cutif de l\u2019African\u00a0Cris Group \u00e9tait chez le chef de file de l\u2019opposition ce jeudi matin pour un entretien, peu avant le d\u00e9but d\u2019une marche pacifique programm\u00e9e par l\u2019opposition. Apr\u00e8s avoir pass\u00e9 pr\u00e8s d&rsquo;une heure d\u2019\u00e9change avec\u00a0Cellou\u00a0Dalein\u00a0Diallo\u00a0et les autres leaders de l&rsquo;opposition comme\u00a0Faya\u00a0Millimono\u00a0du\u00a0BL\u00a0et Ibrahima\u00a0Sory\u00a0Diallo\u00a0du BOC ainsi que des d\u00e9put\u00e9s de l&rsquo;Union des Forces D\u00e9mocratiques [&hellip;]","og_url":"https:\/\/guineediversite.com\/index.php\/2018\/11\/08\/sekou-goureissy-conde-chez-cellou-dalein-diallo-nous-avons-atteint-un-niveau-de-violence-extremement-grave\/","og_site_name":"Guin\u00e9e Diversit\u00e9","article_publisher":"https:\/\/www.facebook.com\/guineediversite\/","article_published_time":"2018-11-08T14:09:58+00:00","article_modified_time":"2018-11-08T14:33:14+00:00","og_image":[{"width":1365,"height":1024,"url":"https:\/\/guineediversite.com\/wp-content\/uploads\/2018\/11\/45715820_1681297948844430_8706213482850156544_n.jpg","type":"image\/jpeg"}],"author":"Moussa Mo\u00efse K\u00e9ita","twitter_card":"summary_large_image","twitter_creator":"@GuineeDiversite","twitter_site":"@GuineeDiversite","twitter_misc":{"\u00c9crit par":"Moussa Mo\u00efse K\u00e9ita","Dur\u00e9e de lecture estim\u00e9e":"3 minutes"},"schema":{"@context":"https:\/\/schema.org","@graph":[{"@type":"Article","@id":"https:\/\/guineediversite.com\/index.php\/2018\/11\/08\/sekou-goureissy-conde-chez-cellou-dalein-diallo-nous-avons-atteint-un-niveau-de-violence-extremement-grave\/#article","isPartOf":{"@id":"https:\/\/guineediversite.com\/index.php\/2018\/11\/08\/sekou-goureissy-conde-chez-cellou-dalein-diallo-nous-avons-atteint-un-niveau-de-violence-extremement-grave\/"},"author":{"name":"Moussa Mo\u00efse K\u00e9ita","@id":"https:\/\/guineediversite.com\/#\/schema\/person\/079ec347f72d2acde4b56a50a4fd46dc"},"headline":"S\u00e9kou\u00a0Koureissy\u00a0Cond\u00e9 chez\u00a0Cellou Dalein\u00a0Diallo","datePublished":"2018-11-08T14:09:58+00:00","dateModified":"2018-11-08T14:33:14+00:00","mainEntityOfPage":{"@id":"https:\/\/guineediversite.com\/index.php\/2018\/11\/08\/sekou-goureissy-conde-chez-cellou-dalein-diallo-nous-avons-atteint-un-niveau-de-violence-extremement-grave\/"},"wordCount":553,"publisher":{"@id":"https:\/\/guineediversite.com\/#organization"},"image":{"@id":"https:\/\/guineediversite.com\/index.php\/2018\/11\/08\/sekou-goureissy-conde-chez-cellou-dalein-diallo-nous-avons-atteint-un-niveau-de-violence-extremement-grave\/#primaryimage"},"thumbnailUrl":"https:\/\/guineediversite.com\/wp-content\/uploads\/2018\/11\/45715820_1681297948844430_8706213482850156544_n.jpg","articleSection":["Politique"],"inLanguage":"fr-FR"},{"@type":"WebPage","@id":"https:\/\/guineediversite.com\/index.php\/2018\/11\/08\/sekou-goureissy-conde-chez-cellou-dalein-diallo-nous-avons-atteint-un-niveau-de-violence-extremement-grave\/","url":"https:\/\/guineediversite.com\/index.php\/2018\/11\/08\/sekou-goureissy-conde-chez-cellou-dalein-diallo-nous-avons-atteint-un-niveau-de-violence-extremement-grave\/","name":"S\u00e9kou\u00a0Koureissy\u00a0Cond\u00e9 chez\u00a0Cellou Dalein\u00a0Diallo | Guin\u00e9e Diversit\u00e9","isPartOf":{"@id":"https:\/\/guineediversite.com\/#website"},"primaryImageOfPage":{"@id":"https:\/\/guineediversite.com\/index.php\/2018\/11\/08\/sekou-goureissy-conde-chez-cellou-dalein-diallo-nous-avons-atteint-un-niveau-de-violence-extremement-grave\/#primaryimage"},"image":{"@id":"https:\/\/guineediversite.com\/index.php\/2018\/11\/08\/sekou-goureissy-conde-chez-cellou-dalein-diallo-nous-avons-atteint-un-niveau-de-violence-extremement-grave\/#primaryimage"},"thumbnailUrl":"https:\/\/guineediversite.com\/wp-content\/uploads\/2018\/11\/45715820_1681297948844430_8706213482850156544_n.jpg","datePublished":"2018-11-08T14:09:58+00:00","dateModified":"2018-11-08T14:33:14+00:00","breadcrumb":{"@id":"https:\/\/guineediversite.com\/index.php\/2018\/11\/08\/sekou-goureissy-conde-chez-cellou-dalein-diallo-nous-avons-atteint-un-niveau-de-violence-extremement-grave\/#breadcrumb"},"inLanguage":"fr-FR","potentialAction":[{"@type":"ReadAction","target":["https:\/\/guineediversite.com\/index.php\/2018\/11\/08\/sekou-goureissy-conde-chez-cellou-dalein-diallo-nous-avons-atteint-un-niveau-de-violence-extremement-grave\/"]}]},{"@type":"ImageObject","inLanguage":"fr-FR","@id":"https:\/\/guineediversite.com\/index.php\/2018\/11\/08\/sekou-goureissy-conde-chez-cellou-dalein-diallo-nous-avons-atteint-un-niveau-de-violence-extremement-grave\/#primaryimage","url":"https:\/\/guineediversite.com\/wp-content\/uploads\/2018\/11\/45715820_1681297948844430_8706213482850156544_n.jpg","contentUrl":"https:\/\/guineediversite.com\/wp-content\/uploads\/2018\/11\/45715820_1681297948844430_8706213482850156544_n.jpg","width":1365,"height":1024},{"@type":"BreadcrumbList","@id":"https:\/\/guineediversite.com\/index.php\/2018\/11\/08\/sekou-goureissy-conde-chez-cellou-dalein-diallo-nous-avons-atteint-un-niveau-de-violence-extremement-grave\/#breadcrumb","itemListElement":[{"@type":"ListItem","position":1,"name":"Accueil","item":"https:\/\/guineediversite.com\/"},{"@type":"ListItem","position":2,"name":"S\u00e9kou\u00a0Koureissy\u00a0Cond\u00e9 chez\u00a0Cellou Dalein\u00a0Diallo"}]},{"@type":"WebSite","@id":"https:\/\/guineediversite.com\/#website","url":"https:\/\/guineediversite.com\/","name":"Guin\u00e9e Diversit\u00e9","description":"L&#039;Info dans toute sa diversit\u00e9","publisher":{"@id":"https:\/\/guineediversite.com\/#organization"},"potentialAction":[{"@type":"SearchAction","target":{"@type":"EntryPoint","urlTemplate":"https:\/\/guineediversite.com\/?s={search_term_string}"},"query-input":{"@type":"PropertyValueSpecification","valueRequired":true,"valueName":"search_term_string"}}],"inLanguage":"fr-FR"},{"@type":"Organization","@id":"https:\/\/guineediversite.com\/#organization","name":"Guin\u00e9e Diversit\u00e9","url":"https:\/\/guineediversite.com\/","logo":{"@type":"ImageObject","inLanguage":"fr-FR","@id":"https:\/\/guineediversite.com\/#\/schema\/logo\/image\/","url":"https:\/\/guineediversite.com\/wp-content\/uploads\/2017\/04\/cropped-1jojlxEOMkX9Wyqfhe43D6kjPOGqBBKmx3EwWJqZ0cMrFF54yM49.png","contentUrl":"https:\/\/guineediversite.com\/wp-content\/uploads\/2017\/04\/cropped-1jojlxEOMkX9Wyqfhe43D6kjPOGqBBKmx3EwWJqZ0cMrFF54yM49.png","width":186,"height":112,"caption":"Guin\u00e9e Diversit\u00e9"},"image":{"@id":"https:\/\/guineediversite.com\/#\/schema\/logo\/image\/"},"sameAs":["https:\/\/www.facebook.com\/guineediversite\/","https:\/\/x.com\/GuineeDiversite","https:\/\/www.youtube.com\/channel\/UC8sUY16qelG5ge6_D5SB83g"]},{"@type":"Person","@id":"https:\/\/guineediversite.com\/#\/schema\/person\/079ec347f72d2acde4b56a50a4fd46dc","name":"Moussa Mo\u00efse K\u00e9ita","image":{"@type":"ImageObject","inLanguage":"fr-FR","@id":"https:\/\/guineediversite.com\/#\/schema\/person\/image\/","url":"https:\/\/secure.gravatar.com\/avatar\/edf1ea2cc01841e6c0b49384bcb1385b?s=96&d=mm&r=g","contentUrl":"https:\/\/secure.gravatar.com\/avatar\/edf1ea2cc01841e6c0b49384bcb1385b?s=96&d=mm&r=g","caption":"Moussa Mo\u00efse K\u00e9ita"},"url":"https:\/\/guineediversite.com\/index.php\/author\/moussa-moise\/"}]}},"_links":{"self":[{"href":"https:\/\/guineediversite.com\/index.php\/wp-json\/wp\/v2\/posts\/27225"}],"collection":[{"href":"https:\/\/guineediversite.com\/index.php\/wp-json\/wp\/v2\/posts"}],"about":[{"href":"https:\/\/guineediversite.com\/index.php\/wp-json\/wp\/v2\/types\/post"}],"author":[{"embeddable":true,"href":"https:\/\/guineediversite.com\/index.php\/wp-json\/wp\/v2\/users\/16"}],"replies":[{"embeddable":true,"href":"https:\/\/guineediversite.com\/index.php\/wp-json\/wp\/v2\/comments?post=27225"}],"version-history":[{"count":0,"href":"https:\/\/guineediversite.com\/index.php\/wp-json\/wp\/v2\/posts\/27225\/revisions"}],"wp:featuredmedia":[{"embeddable":true,"href":"https:\/\/guineediversite.com\/index.php\/wp-json\/wp\/v2\/media\/27226"}],"wp:attachment":[{"href":"https:\/\/guineediversite.com\/index.php\/wp-json\/wp\/v2\/media?parent=27225"}],"wp:term":[{"taxonomy":"category","embeddable":true,"href":"https:\/\/guineediversite.com\/index.php\/wp-json\/wp\/v2\/categories?post=27225"},{"taxonomy":"post_tag","embeddable":true,"href":"https:\/\/guineediversite.com\/index.php\/wp-json\/wp\/v2\/tags?post=27225"}],"curies":[{"name":"wp","href":"https:\/\/api.w.org\/{rel}","templated":true}]}}